{"id":44192,"date":"2012-11-25T09:25:49","date_gmt":"2012-11-25T08:25:49","guid":{"rendered":"http:\/\/www.bellunopress.it\/?p=44192"},"modified":"2012-11-25T09:25:52","modified_gmt":"2012-11-25T08:25:52","slug":"ddl-diffamazione-la-controparte-sono-i-politici-non-gli-editori-cancelliamo-i-loro-nomi-per-una-settimana-di-michele-partipilo-consigliere-dellordine-nazionale-dei-giornalisti","status":"publish","type":"post","link":"https:\/\/www.bellunopress.it\/fr\/2012\/11\/25\/ddl-diffamazione-la-controparte-sono-i-politici-non-gli-editori-cancelliamo-i-loro-nomi-per-una-settimana-di-michele-partipilo-consigliere-dellordine-nazionale-dei-giornalisti\/","title":{"rendered":"Ddl diffamazione. La controparte sono i politici, non gli editori. Cancelliamo i loro nomi per una settimana  * di Michele Partipilo consigliere dell\u2019Ordine nazionale dei Giornalisti"},"content":{"rendered":"<p><a href=\"http:\/\/www.bellunopress.it\/wp-content\/uploads\/2010\/02\/bavaglio-censura.jpg\"><img loading=\"lazy\" decoding=\"async\" class=\"alignleft size-full wp-image-12060\" title=\"bavaglio-censura\" src=\"http:\/\/www.bellunopress.it\/wp-content\/uploads\/2010\/02\/bavaglio-censura.jpg\" alt=\"\" width=\"150\" height=\"81\" \/><\/a>Il ddl sulla diffamazione sembra porti con s\u00e9 un\u2019oscura maledizione. Chiunque vi abbia a che fare resta confuso, come in una moderna babele. Il Senato, per tentare di salvare Alessandro Sallusti dal carcere, ha approvato una norma tra le pi\u00f9 singolari che mai siano passate da un\u2019aula parlamentare. Avendo gi\u00e0 detto s\u00ec a un anno di carcere per i giornalisti che commettono diffamazione a mezzo stampa (nell\u2019ambito di una riforma tesa proprio a cancellare il carcere) \u00e8 stata creata la solita deroga. I direttori e i vicedirettori pagano una multa (fino a 50mila euro), ma non vanno in prigione.<\/p>\n<p>A voler prendere per buona questa norma, e senza tener conto delle altre amenit\u00e0 introdotte ieri, si potrebbe avere il curioso effetto che dopo la sua entrata in vigore non vengano pi\u00f9 pubblicati articoli firmati, in modo che le eventuali responsabilit\u00e0 ricadano sempre sul direttore. Ma siamo nel campo della fantasia pi\u00f9 sfrenata, perch\u00e9 \u00e8 evidente che un pasticcio come quello nato nel Senato non potr\u00e0 mai diventare legge.<\/p>\n<p>Piuttosto sorprende la reazione del sindacato dei giornalisti che ha proclamato uno sciopero per luned\u00ec. D\u2019accordo che non si pu\u00f2 far passare questa porcheria sotto silenzio, ma perch\u00e9 uno sciopero?<\/p>\n<p>La controparte dei giornalisti in questo caso sono i politici e non gli editori, dunque \u00e8 contro di loro che va realizzata la protesta. In tempi di crisi come questi non \u00e8 neppure salutare rinunciare a una giornata di lavoro. Senza contare che, a causa del mancato preavviso alla Rai, il sindacato dovr\u00e0 accollarsi l\u2019onere di una multa per interruzione di pubblico servizio (50mila euro?) e i colleghi della Rai che aderissero allo sciopero sono passibili di procedimento disciplinare da parte dell\u2019azienda.<\/p>\n<p>Per una maggiore efficacia della protesta, per evitare ogni problema e soprattutto per non ledere il diritto dei cittadini a essere informati, forse si potrebbe ovviare con un\u2019altra forma di protesta. Niente sciopero, ma luned\u00ec &#8211; o a questo punto anche per tutta la settimana &#8211; far scomparire da tutti gli organi d\u2019informazione i nomi e i volti dei politici. Il titolo \u00abAlfano convoca le primarie\u00bb, sar\u00e0 sostituito con \u00abIl segretario del pdl convoca le primarie\u00bb. E se non c\u2019\u00e8 una qualifica, si dir\u00e0 semplicemente un deputato o un senatore del tale partito. In fondo se si vogliono mettere a tacere i giornalisti con un anno di carcere, perch\u00e9 non si pu\u00f2 mettere per qualche ora il silenziatore al presenzialismo di tanti parlamentari?<\/p>\n<p>Michele Partipilo \u00a0* consigliere dell\u2019Ordine nazionale dei Giornalisti<\/p>\n<p>(fonte www.francoabruzzo.it)<\/p>\n<p>&nbsp;<\/p>\n<p>&nbsp;<\/p>","protected":false},"excerpt":{"rendered":"<p>Il ddl sulla diffamazione sembra porti con s\u00e9 un\u2019oscura maledizione. Chiunque vi abbia a che fare resta confuso, come in una moderna babele. Il Senato, per tentare di salvare Alessandro Sallusti dal carcere, ha approvato una norma tra le pi\u00f9 singolari che mai siano passate da un\u2019aula parlamentare. Avendo gi\u00e0 detto s\u00ec a un anno [&hellip;]<\/p>\n","protected":false},"author":2,"featured_media":0,"comment_status":"closed","ping_status":"open","sticky":false,"template":"","format":"standard","meta":{"footnotes":""},"categories":[5,26],"tags":[],"class_list":["post-44192","post","type-post","status-publish","format-standard","category-cronaca","category-prima-pagina"],"yoast_head":"<!-- This site is optimized with the Yoast SEO plugin v28.4 - https:\/\/yoast.com\/product\/yoast-seo-wordpress\/ -->\n<title>Ddl diffamazione. La controparte sono i politici, non gli editori. Cancelliamo i loro nomi per una settimana * di Michele Partipilo consigliere dell\u2019Ordine nazionale dei Giornalisti - Bellunopress - Dolomiti<\/title>\n<meta name=\"robots\" content=\"index, follow, max-snippet:-1, max-image-preview:large, max-video-preview:-1\" \/>\n<link rel=\"canonical\" href=\"https:\/\/www.bellunopress.it\/fr\/2012\/11\/25\/ddl-diffamazione-la-controparte-sono-i-politici-non-gli-editori-cancelliamo-i-loro-nomi-per-una-settimana-di-michele-partipilo-consigliere-dellordine-nazionale-dei-giornalisti\/\" \/>\n<meta property=\"og:locale\" content=\"fr_FR\" \/>\n<meta property=\"og:type\" content=\"article\" \/>\n<meta property=\"og:title\" content=\"Ddl diffamazione. La controparte sono i politici, non gli editori. Cancelliamo i loro nomi per una settimana * di Michele Partipilo consigliere dell\u2019Ordine nazionale dei Giornalisti - Bellunopress - Dolomiti\" \/>\n<meta property=\"og:description\" content=\"Il ddl sulla diffamazione sembra porti con s\u00e9 un\u2019oscura maledizione. Chiunque vi abbia a che fare resta confuso, come in una moderna babele. Il Senato, per tentare di salvare Alessandro Sallusti dal carcere, ha approvato una norma tra le pi\u00f9 singolari che mai siano passate da un\u2019aula parlamentare. Avendo gi\u00e0 detto s\u00ec a un anno [&hellip;]\" \/>\n<meta property=\"og:url\" content=\"https:\/\/www.bellunopress.it\/fr\/2012\/11\/25\/ddl-diffamazione-la-controparte-sono-i-politici-non-gli-editori-cancelliamo-i-loro-nomi-per-una-settimana-di-michele-partipilo-consigliere-dellordine-nazionale-dei-giornalisti\/\" \/>\n<meta property=\"og:site_name\" content=\"Bellunopress - Dolomiti\" \/>\n<meta property=\"article:publisher\" content=\"https:\/\/www.facebook.com\/profile.php?id=100008943462799\" \/>\n<meta property=\"article:published_time\" content=\"2012-11-25T08:25:49+00:00\" \/>\n<meta property=\"article:modified_time\" content=\"2012-11-25T08:25:52+00:00\" \/>\n<meta property=\"og:image\" content=\"http:\/\/www.bellunopress.it\/wp-content\/uploads\/2010\/02\/bavaglio-censura.jpg\" \/>\n<meta name=\"author\" content=\"redazione\" \/>\n<meta name=\"twitter:card\" content=\"summary_large_image\" \/>\n<meta name=\"twitter:creator\" content=\"@bellunopress\" \/>\n<meta name=\"twitter:site\" content=\"@bellunopress\" \/>\n<meta name=\"twitter:label1\" content=\"Written by\" \/>\n\t<meta name=\"twitter:data1\" content=\"redazione\" \/>\n\t<meta name=\"twitter:label2\" content=\"Est. reading time\" \/>\n\t<meta name=\"twitter:data2\" content=\"2 minutes\" \/>\n<script type=\"application\/ld+json\" class=\"yoast-schema-graph\">{\"@context\":\"https:\\\/\\\/schema.org\",\"@graph\":[{\"@type\":\"Article\",\"@id\":\"https:\\\/\\\/www.bellunopress.it\\\/2012\\\/11\\\/25\\\/ddl-diffamazione-la-controparte-sono-i-politici-non-gli-editori-cancelliamo-i-loro-nomi-per-una-settimana-di-michele-partipilo-consigliere-dellordine-nazionale-dei-giornalisti\\\/#article\",\"isPartOf\":{\"@id\":\"https:\\\/\\\/www.bellunopress.it\\\/2012\\\/11\\\/25\\\/ddl-diffamazione-la-controparte-sono-i-politici-non-gli-editori-cancelliamo-i-loro-nomi-per-una-settimana-di-michele-partipilo-consigliere-dellordine-nazionale-dei-giornalisti\\\/\"},\"author\":{\"name\":\"redazione\",\"@id\":\"https:\\\/\\\/www.bellunopress.it\\\/#\\\/schema\\\/person\\\/79bb06722b37ece1c03d3e94beb30d73\"},\"headline\":\"Ddl diffamazione. La controparte sono i politici, non gli editori. Cancelliamo i loro nomi per una settimana * di Michele Partipilo consigliere dell\u2019Ordine nazionale dei Giornalisti\",\"datePublished\":\"2012-11-25T08:25:49+00:00\",\"dateModified\":\"2012-11-25T08:25:52+00:00\",\"mainEntityOfPage\":{\"@id\":\"https:\\\/\\\/www.bellunopress.it\\\/2012\\\/11\\\/25\\\/ddl-diffamazione-la-controparte-sono-i-politici-non-gli-editori-cancelliamo-i-loro-nomi-per-una-settimana-di-michele-partipilo-consigliere-dellordine-nazionale-dei-giornalisti\\\/\"},\"wordCount\":447,\"publisher\":{\"@id\":\"https:\\\/\\\/www.bellunopress.it\\\/#organization\"},\"image\":{\"@id\":\"https:\\\/\\\/www.bellunopress.it\\\/2012\\\/11\\\/25\\\/ddl-diffamazione-la-controparte-sono-i-politici-non-gli-editori-cancelliamo-i-loro-nomi-per-una-settimana-di-michele-partipilo-consigliere-dellordine-nazionale-dei-giornalisti\\\/#primaryimage\"},\"thumbnailUrl\":\"http:\\\/\\\/www.bellunopress.it\\\/wp-content\\\/uploads\\\/2010\\\/02\\\/bavaglio-censura.jpg\",\"articleSection\":[\"Cronaca\\\/Politica\",\"Prima Pagina\"],\"inLanguage\":\"fr-FR\"},{\"@type\":\"WebPage\",\"@id\":\"https:\\\/\\\/www.bellunopress.it\\\/2012\\\/11\\\/25\\\/ddl-diffamazione-la-controparte-sono-i-politici-non-gli-editori-cancelliamo-i-loro-nomi-per-una-settimana-di-michele-partipilo-consigliere-dellordine-nazionale-dei-giornalisti\\\/\",\"url\":\"https:\\\/\\\/www.bellunopress.it\\\/2012\\\/11\\\/25\\\/ddl-diffamazione-la-controparte-sono-i-politici-non-gli-editori-cancelliamo-i-loro-nomi-per-una-settimana-di-michele-partipilo-consigliere-dellordine-nazionale-dei-giornalisti\\\/\",\"name\":\"Ddl diffamazione. La controparte sono i politici, non gli editori. Cancelliamo i loro nomi per una settimana * di Michele Partipilo consigliere dell\u2019Ordine nazionale dei Giornalisti - Bellunopress - Dolomiti\",\"isPartOf\":{\"@id\":\"https:\\\/\\\/www.bellunopress.it\\\/#website\"},\"primaryImageOfPage\":{\"@id\":\"https:\\\/\\\/www.bellunopress.it\\\/2012\\\/11\\\/25\\\/ddl-diffamazione-la-controparte-sono-i-politici-non-gli-editori-cancelliamo-i-loro-nomi-per-una-settimana-di-michele-partipilo-consigliere-dellordine-nazionale-dei-giornalisti\\\/#primaryimage\"},\"image\":{\"@id\":\"https:\\\/\\\/www.bellunopress.it\\\/2012\\\/11\\\/25\\\/ddl-diffamazione-la-controparte-sono-i-politici-non-gli-editori-cancelliamo-i-loro-nomi-per-una-settimana-di-michele-partipilo-consigliere-dellordine-nazionale-dei-giornalisti\\\/#primaryimage\"},\"thumbnailUrl\":\"http:\\\/\\\/www.bellunopress.it\\\/wp-content\\\/uploads\\\/2010\\\/02\\\/bavaglio-censura.jpg\",\"datePublished\":\"2012-11-25T08:25:49+00:00\",\"dateModified\":\"2012-11-25T08:25:52+00:00\",\"breadcrumb\":{\"@id\":\"https:\\\/\\\/www.bellunopress.it\\\/2012\\\/11\\\/25\\\/ddl-diffamazione-la-controparte-sono-i-politici-non-gli-editori-cancelliamo-i-loro-nomi-per-una-settimana-di-michele-partipilo-consigliere-dellordine-nazionale-dei-giornalisti\\\/#breadcrumb\"},\"inLanguage\":\"fr-FR\",\"potentialAction\":[{\"@type\":\"ReadAction\",\"target\":[\"https:\\\/\\\/www.bellunopress.it\\\/2012\\\/11\\\/25\\\/ddl-diffamazione-la-controparte-sono-i-politici-non-gli-editori-cancelliamo-i-loro-nomi-per-una-settimana-di-michele-partipilo-consigliere-dellordine-nazionale-dei-giornalisti\\\/\"]}]},{\"@type\":\"ImageObject\",\"inLanguage\":\"fr-FR\",\"@id\":\"https:\\\/\\\/www.bellunopress.it\\\/2012\\\/11\\\/25\\\/ddl-diffamazione-la-controparte-sono-i-politici-non-gli-editori-cancelliamo-i-loro-nomi-per-una-settimana-di-michele-partipilo-consigliere-dellordine-nazionale-dei-giornalisti\\\/#primaryimage\",\"url\":\"http:\\\/\\\/www.bellunopress.it\\\/wp-content\\\/uploads\\\/2010\\\/02\\\/bavaglio-censura.jpg\",\"contentUrl\":\"http:\\\/\\\/www.bellunopress.it\\\/wp-content\\\/uploads\\\/2010\\\/02\\\/bavaglio-censura.jpg\"},{\"@type\":\"BreadcrumbList\",\"@id\":\"https:\\\/\\\/www.bellunopress.it\\\/2012\\\/11\\\/25\\\/ddl-diffamazione-la-controparte-sono-i-politici-non-gli-editori-cancelliamo-i-loro-nomi-per-una-settimana-di-michele-partipilo-consigliere-dellordine-nazionale-dei-giornalisti\\\/#breadcrumb\",\"itemListElement\":[{\"@type\":\"ListItem\",\"position\":1,\"name\":\"Home\",\"item\":\"https:\\\/\\\/www.bellunopress.it\\\/\"},{\"@type\":\"ListItem\",\"position\":2,\"name\":\"Ddl diffamazione. La controparte sono i politici, non gli editori. Cancelliamo i loro nomi per una settimana * di Michele Partipilo consigliere dell\u2019Ordine nazionale dei Giornalisti\"}]},{\"@type\":\"WebSite\",\"@id\":\"https:\\\/\\\/www.bellunopress.it\\\/#website\",\"url\":\"https:\\\/\\\/www.bellunopress.it\\\/\",\"name\":\"Bellunopress - Dolomiti\",\"description\":\"e-mail: redazione@bellunopress.it\",\"publisher\":{\"@id\":\"https:\\\/\\\/www.bellunopress.it\\\/#organization\"},\"potentialAction\":[{\"@type\":\"SearchAction\",\"target\":{\"@type\":\"EntryPoint\",\"urlTemplate\":\"https:\\\/\\\/www.bellunopress.it\\\/?s={search_term_string}\"},\"query-input\":{\"@type\":\"PropertyValueSpecification\",\"valueRequired\":true,\"valueName\":\"search_term_string\"}}],\"inLanguage\":\"fr-FR\"},{\"@type\":\"Organization\",\"@id\":\"https:\\\/\\\/www.bellunopress.it\\\/#organization\",\"name\":\"Bellunopress\",\"url\":\"https:\\\/\\\/www.bellunopress.it\\\/\",\"logo\":{\"@type\":\"ImageObject\",\"inLanguage\":\"fr-FR\",\"@id\":\"https:\\\/\\\/www.bellunopress.it\\\/#\\\/schema\\\/logo\\\/image\\\/\",\"url\":\"https:\\\/\\\/www.bellunopress.it\\\/wp-content\\\/uploads\\\/2011\\\/05\\\/cropped-logo-bellunopress-.jpg\",\"contentUrl\":\"https:\\\/\\\/www.bellunopress.it\\\/wp-content\\\/uploads\\\/2011\\\/05\\\/cropped-logo-bellunopress-.jpg\",\"width\":512,\"height\":512,\"caption\":\"Bellunopress\"},\"image\":{\"@id\":\"https:\\\/\\\/www.bellunopress.it\\\/#\\\/schema\\\/logo\\\/image\\\/\"},\"sameAs\":[\"https:\\\/\\\/www.facebook.com\\\/profile.php?id=100008943462799\",\"https:\\\/\\\/x.com\\\/bellunopress\",\"https:\\\/\\\/www.linkedin.com\\\/hp\\\/?dnr=JBzUWaJfMUw8vbXJJ2tVW5-I3jZKvC4wsoxE&amp;amp;amp;amp;amp;amp;trk=nav_responsive_tab_home\",\"https:\\\/\\\/www.youtube.com\\\/channel\\\/UCxL0wu1uN0_3_7hGG0306cw\"]},{\"@type\":\"Person\",\"@id\":\"https:\\\/\\\/www.bellunopress.it\\\/#\\\/schema\\\/person\\\/79bb06722b37ece1c03d3e94beb30d73\",\"name\":\"redazione\",\"image\":{\"@type\":\"ImageObject\",\"inLanguage\":\"fr-FR\",\"@id\":\"https:\\\/\\\/secure.gravatar.com\\\/avatar\\\/37d968a2e67a6fd04c169c4bdef102d0bc5d31b2546345219e348575eb80e9a0?s=96&d=mm&r=g\",\"url\":\"https:\\\/\\\/secure.gravatar.com\\\/avatar\\\/37d968a2e67a6fd04c169c4bdef102d0bc5d31b2546345219e348575eb80e9a0?s=96&d=mm&r=g\",\"contentUrl\":\"https:\\\/\\\/secure.gravatar.com\\\/avatar\\\/37d968a2e67a6fd04c169c4bdef102d0bc5d31b2546345219e348575eb80e9a0?s=96&d=mm&r=g\",\"caption\":\"redazione\"},\"sameAs\":[\"http:\\\/\\\/www.bellunopress.it\",\"https:\\\/\\\/x.com\\\/bellunopress\"],\"url\":\"https:\\\/\\\/www.bellunopress.it\\\/fr\\\/author\\\/redazione\\\/\"}]}<\/script>\n<!-- \/ Yoast SEO plugin. -->","yoast_head_json":{"title":"Ddl diffamazione. La controparte sono i politici, non gli editori. Cancelliamo i loro nomi per una settimana * di Michele Partipilo consigliere dell\u2019Ordine nazionale dei Giornalisti - Bellunopress - Dolomiti","robots":{"index":"index","follow":"follow","max-snippet":"max-snippet:-1","max-image-preview":"max-image-preview:large","max-video-preview":"max-video-preview:-1"},"canonical":"https:\/\/www.bellunopress.it\/fr\/2012\/11\/25\/ddl-diffamazione-la-controparte-sono-i-politici-non-gli-editori-cancelliamo-i-loro-nomi-per-una-settimana-di-michele-partipilo-consigliere-dellordine-nazionale-dei-giornalisti\/","og_locale":"fr_FR","og_type":"article","og_title":"Ddl diffamazione. La controparte sono i politici, non gli editori. Cancelliamo i loro nomi per una settimana * di Michele Partipilo consigliere dell\u2019Ordine nazionale dei Giornalisti - Bellunopress - Dolomiti","og_description":"Il ddl sulla diffamazione sembra porti con s\u00e9 un\u2019oscura maledizione. Chiunque vi abbia a che fare resta confuso, come in una moderna babele. Il Senato, per tentare di salvare Alessandro Sallusti dal carcere, ha approvato una norma tra le pi\u00f9 singolari che mai siano passate da un\u2019aula parlamentare. Avendo gi\u00e0 detto s\u00ec a un anno [&hellip;]","og_url":"https:\/\/www.bellunopress.it\/fr\/2012\/11\/25\/ddl-diffamazione-la-controparte-sono-i-politici-non-gli-editori-cancelliamo-i-loro-nomi-per-una-settimana-di-michele-partipilo-consigliere-dellordine-nazionale-dei-giornalisti\/","og_site_name":"Bellunopress - Dolomiti","article_publisher":"https:\/\/www.facebook.com\/profile.php?id=100008943462799","article_published_time":"2012-11-25T08:25:49+00:00","article_modified_time":"2012-11-25T08:25:52+00:00","og_image":[{"url":"http:\/\/www.bellunopress.it\/wp-content\/uploads\/2010\/02\/bavaglio-censura.jpg","type":"","width":"","height":""}],"author":"redazione","twitter_card":"summary_large_image","twitter_creator":"@bellunopress","twitter_site":"@bellunopress","twitter_misc":{"Written by":"redazione","Est. reading time":"2 minutes"},"schema":{"@context":"https:\/\/schema.org","@graph":[{"@type":"Article","@id":"https:\/\/www.bellunopress.it\/2012\/11\/25\/ddl-diffamazione-la-controparte-sono-i-politici-non-gli-editori-cancelliamo-i-loro-nomi-per-una-settimana-di-michele-partipilo-consigliere-dellordine-nazionale-dei-giornalisti\/#article","isPartOf":{"@id":"https:\/\/www.bellunopress.it\/2012\/11\/25\/ddl-diffamazione-la-controparte-sono-i-politici-non-gli-editori-cancelliamo-i-loro-nomi-per-una-settimana-di-michele-partipilo-consigliere-dellordine-nazionale-dei-giornalisti\/"},"author":{"name":"redazione","@id":"https:\/\/www.bellunopress.it\/#\/schema\/person\/79bb06722b37ece1c03d3e94beb30d73"},"headline":"Ddl diffamazione. La controparte sono i politici, non gli editori. Cancelliamo i loro nomi per una settimana * di Michele Partipilo consigliere dell\u2019Ordine nazionale dei Giornalisti","datePublished":"2012-11-25T08:25:49+00:00","dateModified":"2012-11-25T08:25:52+00:00","mainEntityOfPage":{"@id":"https:\/\/www.bellunopress.it\/2012\/11\/25\/ddl-diffamazione-la-controparte-sono-i-politici-non-gli-editori-cancelliamo-i-loro-nomi-per-una-settimana-di-michele-partipilo-consigliere-dellordine-nazionale-dei-giornalisti\/"},"wordCount":447,"publisher":{"@id":"https:\/\/www.bellunopress.it\/#organization"},"image":{"@id":"https:\/\/www.bellunopress.it\/2012\/11\/25\/ddl-diffamazione-la-controparte-sono-i-politici-non-gli-editori-cancelliamo-i-loro-nomi-per-una-settimana-di-michele-partipilo-consigliere-dellordine-nazionale-dei-giornalisti\/#primaryimage"},"thumbnailUrl":"http:\/\/www.bellunopress.it\/wp-content\/uploads\/2010\/02\/bavaglio-censura.jpg","articleSection":["Cronaca\/Politica","Prima Pagina"],"inLanguage":"fr-FR"},{"@type":"WebPage","@id":"https:\/\/www.bellunopress.it\/2012\/11\/25\/ddl-diffamazione-la-controparte-sono-i-politici-non-gli-editori-cancelliamo-i-loro-nomi-per-una-settimana-di-michele-partipilo-consigliere-dellordine-nazionale-dei-giornalisti\/","url":"https:\/\/www.bellunopress.it\/2012\/11\/25\/ddl-diffamazione-la-controparte-sono-i-politici-non-gli-editori-cancelliamo-i-loro-nomi-per-una-settimana-di-michele-partipilo-consigliere-dellordine-nazionale-dei-giornalisti\/","name":"Ddl diffamazione. La controparte sono i politici, non gli editori. Cancelliamo i loro nomi per una settimana * di Michele Partipilo consigliere dell\u2019Ordine nazionale dei Giornalisti - Bellunopress - Dolomiti","isPartOf":{"@id":"https:\/\/www.bellunopress.it\/#website"},"primaryImageOfPage":{"@id":"https:\/\/www.bellunopress.it\/2012\/11\/25\/ddl-diffamazione-la-controparte-sono-i-politici-non-gli-editori-cancelliamo-i-loro-nomi-per-una-settimana-di-michele-partipilo-consigliere-dellordine-nazionale-dei-giornalisti\/#primaryimage"},"image":{"@id":"https:\/\/www.bellunopress.it\/2012\/11\/25\/ddl-diffamazione-la-controparte-sono-i-politici-non-gli-editori-cancelliamo-i-loro-nomi-per-una-settimana-di-michele-partipilo-consigliere-dellordine-nazionale-dei-giornalisti\/#primaryimage"},"thumbnailUrl":"http:\/\/www.bellunopress.it\/wp-content\/uploads\/2010\/02\/bavaglio-censura.jpg","datePublished":"2012-11-25T08:25:49+00:00","dateModified":"2012-11-25T08:25:52+00:00","breadcrumb":{"@id":"https:\/\/www.bellunopress.it\/2012\/11\/25\/ddl-diffamazione-la-controparte-sono-i-politici-non-gli-editori-cancelliamo-i-loro-nomi-per-una-settimana-di-michele-partipilo-consigliere-dellordine-nazionale-dei-giornalisti\/#breadcrumb"},"inLanguage":"fr-FR","potentialAction":[{"@type":"ReadAction","target":["https:\/\/www.bellunopress.it\/2012\/11\/25\/ddl-diffamazione-la-controparte-sono-i-politici-non-gli-editori-cancelliamo-i-loro-nomi-per-una-settimana-di-michele-partipilo-consigliere-dellordine-nazionale-dei-giornalisti\/"]}]},{"@type":"ImageObject","inLanguage":"fr-FR","@id":"https:\/\/www.bellunopress.it\/2012\/11\/25\/ddl-diffamazione-la-controparte-sono-i-politici-non-gli-editori-cancelliamo-i-loro-nomi-per-una-settimana-di-michele-partipilo-consigliere-dellordine-nazionale-dei-giornalisti\/#primaryimage","url":"http:\/\/www.bellunopress.it\/wp-content\/uploads\/2010\/02\/bavaglio-censura.jpg","contentUrl":"http:\/\/www.bellunopress.it\/wp-content\/uploads\/2010\/02\/bavaglio-censura.jpg"},{"@type":"BreadcrumbList","@id":"https:\/\/www.bellunopress.it\/2012\/11\/25\/ddl-diffamazione-la-controparte-sono-i-politici-non-gli-editori-cancelliamo-i-loro-nomi-per-una-settimana-di-michele-partipilo-consigliere-dellordine-nazionale-dei-giornalisti\/#breadcrumb","itemListElement":[{"@type":"ListItem","position":1,"name":"Home","item":"https:\/\/www.bellunopress.it\/"},{"@type":"ListItem","position":2,"name":"Ddl diffamazione. La controparte sono i politici, non gli editori. Cancelliamo i loro nomi per una settimana * di Michele Partipilo consigliere dell\u2019Ordine nazionale dei Giornalisti"}]},{"@type":"WebSite","@id":"https:\/\/www.bellunopress.it\/#website","url":"https:\/\/www.bellunopress.it\/","name":"Bellunopress - Dolomiti","description":"e-mail: redazione@bellunopress.it","publisher":{"@id":"https:\/\/www.bellunopress.it\/#organization"},"potentialAction":[{"@type":"SearchAction","target":{"@type":"EntryPoint","urlTemplate":"https:\/\/www.bellunopress.it\/?s={search_term_string}"},"query-input":{"@type":"PropertyValueSpecification","valueRequired":true,"valueName":"search_term_string"}}],"inLanguage":"fr-FR"},{"@type":"Organization","@id":"https:\/\/www.bellunopress.it\/#organization","name":"Bellunopress","url":"https:\/\/www.bellunopress.it\/","logo":{"@type":"ImageObject","inLanguage":"fr-FR","@id":"https:\/\/www.bellunopress.it\/#\/schema\/logo\/image\/","url":"https:\/\/www.bellunopress.it\/wp-content\/uploads\/2011\/05\/cropped-logo-bellunopress-.jpg","contentUrl":"https:\/\/www.bellunopress.it\/wp-content\/uploads\/2011\/05\/cropped-logo-bellunopress-.jpg","width":512,"height":512,"caption":"Bellunopress"},"image":{"@id":"https:\/\/www.bellunopress.it\/#\/schema\/logo\/image\/"},"sameAs":["https:\/\/www.facebook.com\/profile.php?id=100008943462799","https:\/\/x.com\/bellunopress","https:\/\/www.linkedin.com\/hp\/?dnr=JBzUWaJfMUw8vbXJJ2tVW5-I3jZKvC4wsoxE&amp;amp;amp;amp;amp;amp;trk=nav_responsive_tab_home","https:\/\/www.youtube.com\/channel\/UCxL0wu1uN0_3_7hGG0306cw"]},{"@type":"Person","@id":"https:\/\/www.bellunopress.it\/#\/schema\/person\/79bb06722b37ece1c03d3e94beb30d73","name":"r\u00e9daction","image":{"@type":"ImageObject","inLanguage":"fr-FR","@id":"https:\/\/secure.gravatar.com\/avatar\/37d968a2e67a6fd04c169c4bdef102d0bc5d31b2546345219e348575eb80e9a0?s=96&d=mm&r=g","url":"https:\/\/secure.gravatar.com\/avatar\/37d968a2e67a6fd04c169c4bdef102d0bc5d31b2546345219e348575eb80e9a0?s=96&d=mm&r=g","contentUrl":"https:\/\/secure.gravatar.com\/avatar\/37d968a2e67a6fd04c169c4bdef102d0bc5d31b2546345219e348575eb80e9a0?s=96&d=mm&r=g","caption":"redazione"},"sameAs":["http:\/\/www.bellunopress.it","https:\/\/x.com\/bellunopress"],"url":"https:\/\/www.bellunopress.it\/fr\/author\/redazione\/"}]}},"_links":{"self":[{"href":"https:\/\/www.bellunopress.it\/fr\/wp-json\/wp\/v2\/posts\/44192","targetHints":{"allow":["GET"]}}],"collection":[{"href":"https:\/\/www.bellunopress.it\/fr\/wp-json\/wp\/v2\/posts"}],"about":[{"href":"https:\/\/www.bellunopress.it\/fr\/wp-json\/wp\/v2\/types\/post"}],"author":[{"embeddable":true,"href":"https:\/\/www.bellunopress.it\/fr\/wp-json\/wp\/v2\/users\/2"}],"replies":[{"embeddable":true,"href":"https:\/\/www.bellunopress.it\/fr\/wp-json\/wp\/v2\/comments?post=44192"}],"version-history":[{"count":2,"href":"https:\/\/www.bellunopress.it\/fr\/wp-json\/wp\/v2\/posts\/44192\/revisions"}],"predecessor-version":[{"id":44194,"href":"https:\/\/www.bellunopress.it\/fr\/wp-json\/wp\/v2\/posts\/44192\/revisions\/44194"}],"wp:attachment":[{"href":"https:\/\/www.bellunopress.it\/fr\/wp-json\/wp\/v2\/media?parent=44192"}],"wp:term":[{"taxonomy":"category","embeddable":true,"href":"https:\/\/www.bellunopress.it\/fr\/wp-json\/wp\/v2\/categories?post=44192"},{"taxonomy":"post_tag","embeddable":true,"href":"https:\/\/www.bellunopress.it\/fr\/wp-json\/wp\/v2\/tags?post=44192"}],"curies":[{"name":"wp","href":"https:\/\/api.w.org\/{rel}","templated":true}]}}