{"id":44186,"date":"2012-11-24T21:52:56","date_gmt":"2012-11-24T20:52:56","guid":{"rendered":"http:\/\/www.bellunopress.it\/?p=44186"},"modified":"2012-11-24T21:52:56","modified_gmt":"2012-11-24T20:52:56","slug":"scale-di-primolano-bond-rilanciamo-la-fortificazione-in-vista-del-centenario-della-grande-guerra","status":"publish","type":"post","link":"https:\/\/www.bellunopress.it\/fr\/2012\/11\/24\/scale-di-primolano-bond-rilanciamo-la-fortificazione-in-vista-del-centenario-della-grande-guerra\/","title":{"rendered":"Scale di Primolano. Bond: &#8220;Rilanciamo la fortificazione in vista del centenario della Grande guerra&#8221;"},"content":{"rendered":"<figure id=\"attachment_44187\" aria-describedby=\"caption-attachment-44187\" style=\"width: 276px\" class=\"wp-caption alignleft\"><a href=\"http:\/\/www.bellunopress.it\/wp-content\/uploads\/2012\/11\/scale-primolano-.jpg\"><img loading=\"lazy\" decoding=\"async\" class=\"size-full wp-image-44187\" title=\"scale primolano\" src=\"http:\/\/www.bellunopress.it\/wp-content\/uploads\/2012\/11\/scale-primolano-.jpg\" alt=\"\" width=\"276\" height=\"199\" \/><\/a><figcaption id=\"caption-attachment-44187\" class=\"wp-caption-text\">Scale Primolano (foto Bellunovirtuale)<\/figcaption><\/figure>\n<p>Un patrimonio dal valore storico-architettonico inestimabile da preservare e valorizzare, soprattutto in vista del centenario della Grande Guerra.<\/p>\n<p>Sopralluogo sulle famose &#8220;Scale di Primolano&#8221;, tra le province di Belluno e Vicenza, per il capogruppo del Pdl in Consiglio regionale Dario Bond che questa mattina \u00e8 stato accompagnato alla scoperta della fortificazione da una delegazione di appassionati e volontari del posto che da anni chiedono il rilancio dell&#8217;intera area.<\/p>\n<p>La struttura, definita da pi\u00f9 parti una &#8220;sentinella di pietra&#8221; e oggetto anche di recenti pubblicazioni, risale alla fine dell&#8217;800 e ha una storia affascinante e complessa. Di fatto, si tratta di una delle poche fortificazioni in tutta Italia ancora in buone condizioni, nonostante l&#8217;incuria del tempo e il saccheggio continuo delle pietre, che finiscono regolarmente in giardini e muretti privati.<\/p>\n<p>A fare da Cicerone al consigliere regionale \u00e8 stato l&#8217;ex sindaco di Arsi\u00e8 Dario Dall&#8217;Agnol, convinto che l&#8217;intera area vada rilanciata e resa usufruibile per gli studenti delle scuole di ogni ordine e grado. &#8220;Non ci rendiamo conto del patrimonio che abbiamo a due passi da casa. Una lezione di storia fatta in questa zona ne vale dieci&#8221;, ha ribadito accompagnando Bond nei meandri pi\u00f9 nascosti del forte affacciato sulla Valsugana. &#8220;Un posto strategico tra Veneto e Trentino e per questo anche facilmente raggiungibile&#8221;, ha sottolineato Dall&#8217;Agnol.<\/p>\n<figure id=\"attachment_42521\" aria-describedby=\"caption-attachment-42521\" style=\"width: 123px\" class=\"wp-caption alignleft\"><a href=\"http:\/\/www.bellunopress.it\/wp-content\/uploads\/2012\/09\/bond.jpg\"><img loading=\"lazy\" decoding=\"async\" class=\"size-full wp-image-42521\" title=\"bond\" src=\"http:\/\/www.bellunopress.it\/wp-content\/uploads\/2012\/09\/bond.jpg\" alt=\"\" width=\"123\" height=\"150\" \/><\/a><figcaption id=\"caption-attachment-42521\" class=\"wp-caption-text\">Dario Bond<\/figcaption><\/figure>\n<p>Gi\u00e0 da alcuni anni il Forte \u00e8 stato oggetto di un&#8217;opera di rilancio da parte dell&#8217;associazionismo locale, tra giornate ecologiche, qualche visita guidata e la manifestazione annuale &#8220;la Scala dei Sapori&#8221;, evento cresciuto col tempo.<\/p>\n<p>&#8220;Ora per\u00f2 serve il salto di qualit\u00e0&#8221;, \u00e8 stato detto dai presenti. &#8220;Dobbiamo far conoscere le bellezze di questo forte alle nuove generazioni&#8221;.<\/p>\n<p>Richieste che sono state accolte da Bond. &#8220;Le scale di Primolano sono conosciute da tutti. Prima della costruzione della Galleria tra Cismon e Arsi\u00e8 erano il biglietto da visita del Bellunese. In tanti sono passati, ma in pochi davvero si sono soffermati su questa struttura che \u00e8 davvero unica nel suo genere. Ci sono larghe parti visitabili in sicurezza, senza contare la loro imponenza&#8221;.<\/p>\n<p>Da qui l&#8217;impegno a portare l&#8217;istanza dei volontari e degli appassionati locali a Venezia dove si stanno programmando le iniziative in vista del centenario della Grande Guerra. &#8220;Dobbiamo agganciare il rilancio delle Scale di Primolano a questo grande evento, che porter\u00e0 in Veneto migliaia di appassionati anche dall&#8217;estero&#8221;, ha detto Bond, chiedendo ai presenti di concretizzare al pi\u00f9 presto una proposta concentrandosi prevalentemente sugli aspetti didattici. &#8220;Porter\u00f2 avanti la questione con l&#8217;assessore Elena Donazzan che gi\u00e0 \u00e8 a conoscenza dell&#8217;esigenza di rilanciare questo immenso patrimonio. Le scale di Primolano sono un simbolo e come tale meritano tutto il nostro rispetto&#8221;.<\/p>\n<p>Della delegazione facevano parte Elio Dall&#8217;Agnol, presidente dell&#8217;Associazione 3F, Enzo Spinelli, capogruppo dell&#8217;Ana di Fastro, i cultori di storia locale Giuseppe Dalla Corte, Antonio Turra e Matteo Zancanaro, nonch\u00e8 Milena Zucco, appassionata di storia locale e presidente provinciale della Gilda degli insegnanti. La stessa Zucco si \u00e8 soffermata sulla valenza didattica delle Scale.<\/p>\n<p>&nbsp;<\/p>","protected":false},"excerpt":{"rendered":"<p>Un patrimonio dal valore storico-architettonico inestimabile da preservare e valorizzare, soprattutto in vista del centenario della Grande Guerra. Sopralluogo sulle famose &#8220;Scale di Primolano&#8221;, tra le province di Belluno e Vicenza, per il capogruppo del Pdl in Consiglio regionale Dario Bond che questa mattina \u00e8 stato accompagnato alla scoperta della fortificazione da una delegazione di [&hellip;]<\/p>\n","protected":false},"author":2,"featured_media":0,"comment_status":"closed","ping_status":"open","sticky":false,"template":"","format":"standard","meta":{"footnotes":""},"categories":[5,26],"tags":[],"class_list":["post-44186","post","type-post","status-publish","format-standard","category-cronaca","category-prima-pagina"],"yoast_head":"<!-- This site is optimized with the Yoast SEO plugin v28.4 - https:\/\/yoast.com\/product\/yoast-seo-wordpress\/ -->\n<title>Scale di Primolano. Bond: &quot;Rilanciamo la fortificazione in vista del centenario della Grande guerra&quot; - Bellunopress - Dolomiti<\/title>\n<meta name=\"robots\" content=\"index, follow, max-snippet:-1, max-image-preview:large, max-video-preview:-1\" \/>\n<link rel=\"canonical\" href=\"https:\/\/www.bellunopress.it\/fr\/2012\/11\/24\/scale-di-primolano-bond-rilanciamo-la-fortificazione-in-vista-del-centenario-della-grande-guerra\/\" \/>\n<meta property=\"og:locale\" content=\"fr_FR\" \/>\n<meta property=\"og:type\" content=\"article\" \/>\n<meta property=\"og:title\" content=\"Scale di Primolano. Bond: &quot;Rilanciamo la fortificazione in vista del centenario della Grande guerra&quot; - Bellunopress - Dolomiti\" \/>\n<meta property=\"og:description\" content=\"Un patrimonio dal valore storico-architettonico inestimabile da preservare e valorizzare, soprattutto in vista del centenario della Grande Guerra. Sopralluogo sulle famose &#8220;Scale di Primolano&#8221;, tra le province di Belluno e Vicenza, per il capogruppo del Pdl in Consiglio regionale Dario Bond che questa mattina \u00e8 stato accompagnato alla scoperta della fortificazione da una delegazione di [&hellip;]\" \/>\n<meta property=\"og:url\" content=\"https:\/\/www.bellunopress.it\/fr\/2012\/11\/24\/scale-di-primolano-bond-rilanciamo-la-fortificazione-in-vista-del-centenario-della-grande-guerra\/\" \/>\n<meta property=\"og:site_name\" content=\"Bellunopress - Dolomiti\" \/>\n<meta property=\"article:publisher\" content=\"https:\/\/www.facebook.com\/profile.php?id=100008943462799\" \/>\n<meta property=\"article:published_time\" content=\"2012-11-24T20:52:56+00:00\" \/>\n<meta property=\"og:image\" content=\"http:\/\/www.bellunopress.it\/wp-content\/uploads\/2012\/11\/scale-primolano-.jpg\" \/>\n<meta name=\"author\" content=\"redazione\" \/>\n<meta name=\"twitter:card\" content=\"summary_large_image\" \/>\n<meta name=\"twitter:creator\" content=\"@bellunopress\" \/>\n<meta name=\"twitter:site\" content=\"@bellunopress\" \/>\n<meta name=\"twitter:label1\" content=\"\u00c9crit par\" \/>\n\t<meta name=\"twitter:data1\" content=\"redazione\" \/>\n\t<meta name=\"twitter:label2\" content=\"Dur\u00e9e de lecture estim\u00e9e\" \/>\n\t<meta name=\"twitter:data2\" content=\"3 minutes\" \/>\n<script type=\"application\/ld+json\" class=\"yoast-schema-graph\">{\"@context\":\"https:\\\/\\\/schema.org\",\"@graph\":[{\"@type\":\"Article\",\"@id\":\"https:\\\/\\\/www.bellunopress.it\\\/2012\\\/11\\\/24\\\/scale-di-primolano-bond-rilanciamo-la-fortificazione-in-vista-del-centenario-della-grande-guerra\\\/#article\",\"isPartOf\":{\"@id\":\"https:\\\/\\\/www.bellunopress.it\\\/2012\\\/11\\\/24\\\/scale-di-primolano-bond-rilanciamo-la-fortificazione-in-vista-del-centenario-della-grande-guerra\\\/\"},\"author\":{\"name\":\"redazione\",\"@id\":\"https:\\\/\\\/www.bellunopress.it\\\/#\\\/schema\\\/person\\\/79bb06722b37ece1c03d3e94beb30d73\"},\"headline\":\"Scale di Primolano. Bond: &#8220;Rilanciamo la fortificazione in vista del centenario della Grande guerra&#8221;\",\"datePublished\":\"2012-11-24T20:52:56+00:00\",\"mainEntityOfPage\":{\"@id\":\"https:\\\/\\\/www.bellunopress.it\\\/2012\\\/11\\\/24\\\/scale-di-primolano-bond-rilanciamo-la-fortificazione-in-vista-del-centenario-della-grande-guerra\\\/\"},\"wordCount\":535,\"publisher\":{\"@id\":\"https:\\\/\\\/www.bellunopress.it\\\/#organization\"},\"image\":{\"@id\":\"https:\\\/\\\/www.bellunopress.it\\\/2012\\\/11\\\/24\\\/scale-di-primolano-bond-rilanciamo-la-fortificazione-in-vista-del-centenario-della-grande-guerra\\\/#primaryimage\"},\"thumbnailUrl\":\"http:\\\/\\\/www.bellunopress.it\\\/wp-content\\\/uploads\\\/2012\\\/11\\\/scale-primolano-.jpg\",\"articleSection\":[\"Cronaca\\\/Politica\",\"Prima Pagina\"],\"inLanguage\":\"fr-FR\"},{\"@type\":\"WebPage\",\"@id\":\"https:\\\/\\\/www.bellunopress.it\\\/2012\\\/11\\\/24\\\/scale-di-primolano-bond-rilanciamo-la-fortificazione-in-vista-del-centenario-della-grande-guerra\\\/\",\"url\":\"https:\\\/\\\/www.bellunopress.it\\\/2012\\\/11\\\/24\\\/scale-di-primolano-bond-rilanciamo-la-fortificazione-in-vista-del-centenario-della-grande-guerra\\\/\",\"name\":\"Scale di Primolano. Bond: \\\"Rilanciamo la fortificazione in vista del centenario della Grande guerra\\\" - Bellunopress - Dolomiti\",\"isPartOf\":{\"@id\":\"https:\\\/\\\/www.bellunopress.it\\\/#website\"},\"primaryImageOfPage\":{\"@id\":\"https:\\\/\\\/www.bellunopress.it\\\/2012\\\/11\\\/24\\\/scale-di-primolano-bond-rilanciamo-la-fortificazione-in-vista-del-centenario-della-grande-guerra\\\/#primaryimage\"},\"image\":{\"@id\":\"https:\\\/\\\/www.bellunopress.it\\\/2012\\\/11\\\/24\\\/scale-di-primolano-bond-rilanciamo-la-fortificazione-in-vista-del-centenario-della-grande-guerra\\\/#primaryimage\"},\"thumbnailUrl\":\"http:\\\/\\\/www.bellunopress.it\\\/wp-content\\\/uploads\\\/2012\\\/11\\\/scale-primolano-.jpg\",\"datePublished\":\"2012-11-24T20:52:56+00:00\",\"breadcrumb\":{\"@id\":\"https:\\\/\\\/www.bellunopress.it\\\/2012\\\/11\\\/24\\\/scale-di-primolano-bond-rilanciamo-la-fortificazione-in-vista-del-centenario-della-grande-guerra\\\/#breadcrumb\"},\"inLanguage\":\"fr-FR\",\"potentialAction\":[{\"@type\":\"ReadAction\",\"target\":[\"https:\\\/\\\/www.bellunopress.it\\\/2012\\\/11\\\/24\\\/scale-di-primolano-bond-rilanciamo-la-fortificazione-in-vista-del-centenario-della-grande-guerra\\\/\"]}]},{\"@type\":\"ImageObject\",\"inLanguage\":\"fr-FR\",\"@id\":\"https:\\\/\\\/www.bellunopress.it\\\/2012\\\/11\\\/24\\\/scale-di-primolano-bond-rilanciamo-la-fortificazione-in-vista-del-centenario-della-grande-guerra\\\/#primaryimage\",\"url\":\"http:\\\/\\\/www.bellunopress.it\\\/wp-content\\\/uploads\\\/2012\\\/11\\\/scale-primolano-.jpg\",\"contentUrl\":\"http:\\\/\\\/www.bellunopress.it\\\/wp-content\\\/uploads\\\/2012\\\/11\\\/scale-primolano-.jpg\"},{\"@type\":\"BreadcrumbList\",\"@id\":\"https:\\\/\\\/www.bellunopress.it\\\/2012\\\/11\\\/24\\\/scale-di-primolano-bond-rilanciamo-la-fortificazione-in-vista-del-centenario-della-grande-guerra\\\/#breadcrumb\",\"itemListElement\":[{\"@type\":\"ListItem\",\"position\":1,\"name\":\"Home\",\"item\":\"https:\\\/\\\/www.bellunopress.it\\\/\"},{\"@type\":\"ListItem\",\"position\":2,\"name\":\"Scale di Primolano. Bond: &#8220;Rilanciamo la fortificazione in vista del centenario della Grande guerra&#8221;\"}]},{\"@type\":\"WebSite\",\"@id\":\"https:\\\/\\\/www.bellunopress.it\\\/#website\",\"url\":\"https:\\\/\\\/www.bellunopress.it\\\/\",\"name\":\"Bellunopress - Dolomiti\",\"description\":\"e-mail: redazione@bellunopress.it\",\"publisher\":{\"@id\":\"https:\\\/\\\/www.bellunopress.it\\\/#organization\"},\"potentialAction\":[{\"@type\":\"SearchAction\",\"target\":{\"@type\":\"EntryPoint\",\"urlTemplate\":\"https:\\\/\\\/www.bellunopress.it\\\/?s={search_term_string}\"},\"query-input\":{\"@type\":\"PropertyValueSpecification\",\"valueRequired\":true,\"valueName\":\"search_term_string\"}}],\"inLanguage\":\"fr-FR\"},{\"@type\":\"Organization\",\"@id\":\"https:\\\/\\\/www.bellunopress.it\\\/#organization\",\"name\":\"Bellunopress\",\"url\":\"https:\\\/\\\/www.bellunopress.it\\\/\",\"logo\":{\"@type\":\"ImageObject\",\"inLanguage\":\"fr-FR\",\"@id\":\"https:\\\/\\\/www.bellunopress.it\\\/#\\\/schema\\\/logo\\\/image\\\/\",\"url\":\"https:\\\/\\\/www.bellunopress.it\\\/wp-content\\\/uploads\\\/2011\\\/05\\\/cropped-logo-bellunopress-.jpg\",\"contentUrl\":\"https:\\\/\\\/www.bellunopress.it\\\/wp-content\\\/uploads\\\/2011\\\/05\\\/cropped-logo-bellunopress-.jpg\",\"width\":512,\"height\":512,\"caption\":\"Bellunopress\"},\"image\":{\"@id\":\"https:\\\/\\\/www.bellunopress.it\\\/#\\\/schema\\\/logo\\\/image\\\/\"},\"sameAs\":[\"https:\\\/\\\/www.facebook.com\\\/profile.php?id=100008943462799\",\"https:\\\/\\\/x.com\\\/bellunopress\",\"https:\\\/\\\/www.linkedin.com\\\/hp\\\/?dnr=JBzUWaJfMUw8vbXJJ2tVW5-I3jZKvC4wsoxE&amp;amp;amp;amp;amp;amp;trk=nav_responsive_tab_home\",\"https:\\\/\\\/www.youtube.com\\\/channel\\\/UCxL0wu1uN0_3_7hGG0306cw\"]},{\"@type\":\"Person\",\"@id\":\"https:\\\/\\\/www.bellunopress.it\\\/#\\\/schema\\\/person\\\/79bb06722b37ece1c03d3e94beb30d73\",\"name\":\"redazione\",\"image\":{\"@type\":\"ImageObject\",\"inLanguage\":\"fr-FR\",\"@id\":\"https:\\\/\\\/secure.gravatar.com\\\/avatar\\\/37d968a2e67a6fd04c169c4bdef102d0bc5d31b2546345219e348575eb80e9a0?s=96&d=mm&r=g\",\"url\":\"https:\\\/\\\/secure.gravatar.com\\\/avatar\\\/37d968a2e67a6fd04c169c4bdef102d0bc5d31b2546345219e348575eb80e9a0?s=96&d=mm&r=g\",\"contentUrl\":\"https:\\\/\\\/secure.gravatar.com\\\/avatar\\\/37d968a2e67a6fd04c169c4bdef102d0bc5d31b2546345219e348575eb80e9a0?s=96&d=mm&r=g\",\"caption\":\"redazione\"},\"sameAs\":[\"http:\\\/\\\/www.bellunopress.it\",\"https:\\\/\\\/x.com\\\/bellunopress\"],\"url\":\"https:\\\/\\\/www.bellunopress.it\\\/fr\\\/author\\\/redazione\\\/\"}]}<\/script>\n<!-- \/ Yoast SEO plugin. -->","yoast_head_json":{"title":"Scale di Primolano. Bond: \"Rilanciamo la fortificazione in vista del centenario della Grande guerra\" - Bellunopress - Dolomiti","robots":{"index":"index","follow":"follow","max-snippet":"max-snippet:-1","max-image-preview":"max-image-preview:large","max-video-preview":"max-video-preview:-1"},"canonical":"https:\/\/www.bellunopress.it\/fr\/2012\/11\/24\/scale-di-primolano-bond-rilanciamo-la-fortificazione-in-vista-del-centenario-della-grande-guerra\/","og_locale":"fr_FR","og_type":"article","og_title":"Scale di Primolano. Bond: \"Rilanciamo la fortificazione in vista del centenario della Grande guerra\" - Bellunopress - Dolomiti","og_description":"Un patrimonio dal valore storico-architettonico inestimabile da preservare e valorizzare, soprattutto in vista del centenario della Grande Guerra. Sopralluogo sulle famose &#8220;Scale di Primolano&#8221;, tra le province di Belluno e Vicenza, per il capogruppo del Pdl in Consiglio regionale Dario Bond che questa mattina \u00e8 stato accompagnato alla scoperta della fortificazione da una delegazione di [&hellip;]","og_url":"https:\/\/www.bellunopress.it\/fr\/2012\/11\/24\/scale-di-primolano-bond-rilanciamo-la-fortificazione-in-vista-del-centenario-della-grande-guerra\/","og_site_name":"Bellunopress - Dolomiti","article_publisher":"https:\/\/www.facebook.com\/profile.php?id=100008943462799","article_published_time":"2012-11-24T20:52:56+00:00","og_image":[{"url":"http:\/\/www.bellunopress.it\/wp-content\/uploads\/2012\/11\/scale-primolano-.jpg","type":"","width":"","height":""}],"author":"redazione","twitter_card":"summary_large_image","twitter_creator":"@bellunopress","twitter_site":"@bellunopress","twitter_misc":{"\u00c9crit par":"redazione","Dur\u00e9e de lecture estim\u00e9e":"3 minutes"},"schema":{"@context":"https:\/\/schema.org","@graph":[{"@type":"Article","@id":"https:\/\/www.bellunopress.it\/2012\/11\/24\/scale-di-primolano-bond-rilanciamo-la-fortificazione-in-vista-del-centenario-della-grande-guerra\/#article","isPartOf":{"@id":"https:\/\/www.bellunopress.it\/2012\/11\/24\/scale-di-primolano-bond-rilanciamo-la-fortificazione-in-vista-del-centenario-della-grande-guerra\/"},"author":{"name":"redazione","@id":"https:\/\/www.bellunopress.it\/#\/schema\/person\/79bb06722b37ece1c03d3e94beb30d73"},"headline":"Scale di Primolano. Bond: &#8220;Rilanciamo la fortificazione in vista del centenario della Grande guerra&#8221;","datePublished":"2012-11-24T20:52:56+00:00","mainEntityOfPage":{"@id":"https:\/\/www.bellunopress.it\/2012\/11\/24\/scale-di-primolano-bond-rilanciamo-la-fortificazione-in-vista-del-centenario-della-grande-guerra\/"},"wordCount":535,"publisher":{"@id":"https:\/\/www.bellunopress.it\/#organization"},"image":{"@id":"https:\/\/www.bellunopress.it\/2012\/11\/24\/scale-di-primolano-bond-rilanciamo-la-fortificazione-in-vista-del-centenario-della-grande-guerra\/#primaryimage"},"thumbnailUrl":"http:\/\/www.bellunopress.it\/wp-content\/uploads\/2012\/11\/scale-primolano-.jpg","articleSection":["Cronaca\/Politica","Prima Pagina"],"inLanguage":"fr-FR"},{"@type":"WebPage","@id":"https:\/\/www.bellunopress.it\/2012\/11\/24\/scale-di-primolano-bond-rilanciamo-la-fortificazione-in-vista-del-centenario-della-grande-guerra\/","url":"https:\/\/www.bellunopress.it\/2012\/11\/24\/scale-di-primolano-bond-rilanciamo-la-fortificazione-in-vista-del-centenario-della-grande-guerra\/","name":"Scale di Primolano. Bond: \"Rilanciamo la fortificazione in vista del centenario della Grande guerra\" - Bellunopress - Dolomiti","isPartOf":{"@id":"https:\/\/www.bellunopress.it\/#website"},"primaryImageOfPage":{"@id":"https:\/\/www.bellunopress.it\/2012\/11\/24\/scale-di-primolano-bond-rilanciamo-la-fortificazione-in-vista-del-centenario-della-grande-guerra\/#primaryimage"},"image":{"@id":"https:\/\/www.bellunopress.it\/2012\/11\/24\/scale-di-primolano-bond-rilanciamo-la-fortificazione-in-vista-del-centenario-della-grande-guerra\/#primaryimage"},"thumbnailUrl":"http:\/\/www.bellunopress.it\/wp-content\/uploads\/2012\/11\/scale-primolano-.jpg","datePublished":"2012-11-24T20:52:56+00:00","breadcrumb":{"@id":"https:\/\/www.bellunopress.it\/2012\/11\/24\/scale-di-primolano-bond-rilanciamo-la-fortificazione-in-vista-del-centenario-della-grande-guerra\/#breadcrumb"},"inLanguage":"fr-FR","potentialAction":[{"@type":"ReadAction","target":["https:\/\/www.bellunopress.it\/2012\/11\/24\/scale-di-primolano-bond-rilanciamo-la-fortificazione-in-vista-del-centenario-della-grande-guerra\/"]}]},{"@type":"ImageObject","inLanguage":"fr-FR","@id":"https:\/\/www.bellunopress.it\/2012\/11\/24\/scale-di-primolano-bond-rilanciamo-la-fortificazione-in-vista-del-centenario-della-grande-guerra\/#primaryimage","url":"http:\/\/www.bellunopress.it\/wp-content\/uploads\/2012\/11\/scale-primolano-.jpg","contentUrl":"http:\/\/www.bellunopress.it\/wp-content\/uploads\/2012\/11\/scale-primolano-.jpg"},{"@type":"BreadcrumbList","@id":"https:\/\/www.bellunopress.it\/2012\/11\/24\/scale-di-primolano-bond-rilanciamo-la-fortificazione-in-vista-del-centenario-della-grande-guerra\/#breadcrumb","itemListElement":[{"@type":"ListItem","position":1,"name":"Home","item":"https:\/\/www.bellunopress.it\/"},{"@type":"ListItem","position":2,"name":"Scale di Primolano. Bond: &#8220;Rilanciamo la fortificazione in vista del centenario della Grande guerra&#8221;"}]},{"@type":"WebSite","@id":"https:\/\/www.bellunopress.it\/#website","url":"https:\/\/www.bellunopress.it\/","name":"Bellunopress - Dolomiti","description":"e-mail: redazione@bellunopress.it","publisher":{"@id":"https:\/\/www.bellunopress.it\/#organization"},"potentialAction":[{"@type":"SearchAction","target":{"@type":"EntryPoint","urlTemplate":"https:\/\/www.bellunopress.it\/?s={search_term_string}"},"query-input":{"@type":"PropertyValueSpecification","valueRequired":true,"valueName":"search_term_string"}}],"inLanguage":"fr-FR"},{"@type":"Organization","@id":"https:\/\/www.bellunopress.it\/#organization","name":"Bellunopress","url":"https:\/\/www.bellunopress.it\/","logo":{"@type":"ImageObject","inLanguage":"fr-FR","@id":"https:\/\/www.bellunopress.it\/#\/schema\/logo\/image\/","url":"https:\/\/www.bellunopress.it\/wp-content\/uploads\/2011\/05\/cropped-logo-bellunopress-.jpg","contentUrl":"https:\/\/www.bellunopress.it\/wp-content\/uploads\/2011\/05\/cropped-logo-bellunopress-.jpg","width":512,"height":512,"caption":"Bellunopress"},"image":{"@id":"https:\/\/www.bellunopress.it\/#\/schema\/logo\/image\/"},"sameAs":["https:\/\/www.facebook.com\/profile.php?id=100008943462799","https:\/\/x.com\/bellunopress","https:\/\/www.linkedin.com\/hp\/?dnr=JBzUWaJfMUw8vbXJJ2tVW5-I3jZKvC4wsoxE&amp;amp;amp;amp;amp;amp;trk=nav_responsive_tab_home","https:\/\/www.youtube.com\/channel\/UCxL0wu1uN0_3_7hGG0306cw"]},{"@type":"Person","@id":"https:\/\/www.bellunopress.it\/#\/schema\/person\/79bb06722b37ece1c03d3e94beb30d73","name":"r\u00e9daction","image":{"@type":"ImageObject","inLanguage":"fr-FR","@id":"https:\/\/secure.gravatar.com\/avatar\/37d968a2e67a6fd04c169c4bdef102d0bc5d31b2546345219e348575eb80e9a0?s=96&d=mm&r=g","url":"https:\/\/secure.gravatar.com\/avatar\/37d968a2e67a6fd04c169c4bdef102d0bc5d31b2546345219e348575eb80e9a0?s=96&d=mm&r=g","contentUrl":"https:\/\/secure.gravatar.com\/avatar\/37d968a2e67a6fd04c169c4bdef102d0bc5d31b2546345219e348575eb80e9a0?s=96&d=mm&r=g","caption":"redazione"},"sameAs":["http:\/\/www.bellunopress.it","https:\/\/x.com\/bellunopress"],"url":"https:\/\/www.bellunopress.it\/fr\/author\/redazione\/"}]}},"_links":{"self":[{"href":"https:\/\/www.bellunopress.it\/fr\/wp-json\/wp\/v2\/posts\/44186","targetHints":{"allow":["GET"]}}],"collection":[{"href":"https:\/\/www.bellunopress.it\/fr\/wp-json\/wp\/v2\/posts"}],"about":[{"href":"https:\/\/www.bellunopress.it\/fr\/wp-json\/wp\/v2\/types\/post"}],"author":[{"embeddable":true,"href":"https:\/\/www.bellunopress.it\/fr\/wp-json\/wp\/v2\/users\/2"}],"replies":[{"embeddable":true,"href":"https:\/\/www.bellunopress.it\/fr\/wp-json\/wp\/v2\/comments?post=44186"}],"version-history":[{"count":1,"href":"https:\/\/www.bellunopress.it\/fr\/wp-json\/wp\/v2\/posts\/44186\/revisions"}],"predecessor-version":[{"id":44188,"href":"https:\/\/www.bellunopress.it\/fr\/wp-json\/wp\/v2\/posts\/44186\/revisions\/44188"}],"wp:attachment":[{"href":"https:\/\/www.bellunopress.it\/fr\/wp-json\/wp\/v2\/media?parent=44186"}],"wp:term":[{"taxonomy":"category","embeddable":true,"href":"https:\/\/www.bellunopress.it\/fr\/wp-json\/wp\/v2\/categories?post=44186"},{"taxonomy":"post_tag","embeddable":true,"href":"https:\/\/www.bellunopress.it\/fr\/wp-json\/wp\/v2\/tags?post=44186"}],"curies":[{"name":"wp","href":"https:\/\/api.w.org\/{rel}","templated":true}]}}