{"id":44184,"date":"2012-11-24T21:26:52","date_gmt":"2012-11-24T20:26:52","guid":{"rendered":"http:\/\/www.bellunopress.it\/?p=44184"},"modified":"2012-11-24T21:26:52","modified_gmt":"2012-11-24T20:26:52","slug":"giornata-per-i-diritti-dellinfanzia-e-delladolescenza-lunedi-lincontro-tra-amministrazione-comunale-e-studenti-in-sala-consiliare-di-palazzo-rosso","status":"publish","type":"post","link":"https:\/\/www.bellunopress.it\/fr\/2012\/11\/24\/giornata-per-i-diritti-dellinfanzia-e-delladolescenza-lunedi-lincontro-tra-amministrazione-comunale-e-studenti-in-sala-consiliare-di-palazzo-rosso\/","title":{"rendered":"Giornata per i diritti dell&#8217;infanzia e dell&#8217;adolescenza. Luned\u00ec l&#8217;incontro tra amministrazione comunale e studenti in Sala Consiliare di Palazzo rosso"},"content":{"rendered":"<p>Luned\u00ec 26 novembre, alle ore 9.30, Palazzo rosso ospita un incontro tra l&#8217;amministrazione comunale e una rappresentanza dei ragazzi delle scuole bellunesi.<\/p>\n<figure id=\"attachment_11092\" aria-describedby=\"caption-attachment-11092\" style=\"width: 218px\" class=\"wp-caption alignleft\"><a href=\"http:\/\/www.bellunopress.it\/wp-content\/uploads\/2009\/12\/palazzo-rosso-280x220.jpg\"><img loading=\"lazy\" decoding=\"async\" class=\"size-full wp-image-11092\" title=\"palazzo-rosso-280x220\" src=\"http:\/\/www.bellunopress.it\/wp-content\/uploads\/2009\/12\/palazzo-rosso-280x220.jpg\" alt=\"\" width=\"218\" height=\"290\" \/><\/a><figcaption id=\"caption-attachment-11092\" class=\"wp-caption-text\">Palazzo Rosso, sede del Comune di Belluno<\/figcaption><\/figure>\n<p>L&#8217;appuntamento \u00e8 promosso e organizzato dall&#8217;Unicef, per ricordare l&#8217;anniversario della Convenzione internazionale sui diritti dell&#8217;infanzia e dell&#8217;adolescenza, approvata alle Nazioni Unite il 20 novembre 1989 e ratificata dal governo italiano nel 1991.<\/p>\n<p>Quest&#8217;anno l&#8217;Unicef propone come tema la non discriminazione, la campagna &#8220;Io come tu&#8221;, per affermare l&#8217;uguaglianza dei diritti e l&#8217;eliminazione delle discriminazioni per tutti i bambini e gli adolescenti, a partire da quelli di origine straniera che, a diverso titolo, vivono, crescono e studiano in Italia.<\/p>\n<p>I ragazzi delle scuole elementari porteranno il loro contributo su questo tema, declinando alcuni articoli cardini della Convenzione, il diritto alla vita, alla sopravvivenza e allo sviluppo di ogni bambino; il diritto di ogni bambino all&#8217;ascolto ed alla partecipazione relativamente a qualunque questione lo riguardi; il principio del rispetto del superiore interesse del bambino; il principio di non discriminazione.<\/p>\n<p>Una delegazione delle scuole superiori presenter\u00e0 il Rapporto &#8220;Facce d&#8217;Italia&#8221; sulla condizione e le prospettive dei minorenni di origine straniera.<\/p>\n<p>&nbsp;<\/p>\n<p>Il programma della mattinata:<\/p>\n<p>\u2022 Saluto delle Autorit\u00e0<\/p>\n<p>Valentina Tomasi, Assessore alle Politiche all&#8217;Istruzione del Comune di Belluno<\/p>\n<p>Giuliano Bond, Presidente Unicef Belluno<\/p>\n<p>Giorgio Cor\u00e0, Dirigente Ufficio scolastico di Belluno<\/p>\n<p>\u2022 Interventi degli alunni delle classi V delle scuole primarie del 3\u00b0 Circolo Didattico di Belluno.<\/p>\n<p>\u2022 Interventi degli alunni delle classi prime della scuola secondaria di 1\u00b0 grado \u201cS. Ricci\u201d.<\/p>\n<p>\u2022 Una rappresentanza degli studenti delle scuole superiori in rete per un mondo di pace e della consulta provinciale degli studenti.<\/p>\n<p>Secondo l\u2019Organizzazione Mondiale delle Migrazioni (OIM) attualmente circa 214 milioni di persone nel mondo vivono al di fuori del proprio Paese d\u2019origine. Uomini, donne, bambini, adolescenti, intere famiglie attraversano i confini internazionali per migliorare le proprie condizioni di vita e, in alcuni casi, assicurarsi la sopravvivenza. Le disparit\u00e0 economiche, i mutamenti demografici, le guerre civili e i disastri naturali hanno fatto raddoppiare tra il 1975 e il 2010 il numero dei migranti a livello internazionale. Secondo i dati delle Nazioni Unite nel mondo sono 33 milioni i migranti al di sotto dei 20 anni di et\u00e0. Il fenomeno migratorio riguarda da vicino anche il nostro paese, le nostre citt\u00e0.<\/p>\n<p>L&#8217;UNICEF vuole mantenere alta l&#8217;attenzione sui questi temi coinvolgendo e impegnando le Amministrazioni comunali e tutta la societ\u00e0 civile sul concreto riconoscimento dei diritti sanciti dalla Convenzione.<\/p>\n<p>&nbsp;<\/p>","protected":false},"excerpt":{"rendered":"<p>Luned\u00ec 26 novembre, alle ore 9.30, Palazzo rosso ospita un incontro tra l&#8217;amministrazione comunale e una rappresentanza dei ragazzi delle scuole bellunesi. L&#8217;appuntamento \u00e8 promosso e organizzato dall&#8217;Unicef, per ricordare l&#8217;anniversario della Convenzione internazionale sui diritti dell&#8217;infanzia e dell&#8217;adolescenza, approvata alle Nazioni Unite il 20 novembre 1989 e ratificata dal governo italiano nel 1991. Quest&#8217;anno [&hellip;]<\/p>\n","protected":false},"author":2,"featured_media":0,"comment_status":"closed","ping_status":"open","sticky":false,"template":"","format":"standard","meta":{"footnotes":""},"categories":[27,25,15],"tags":[],"class_list":["post-44184","post","type-post","status-publish","format-standard","category-appuntamenti","category-pausa-caffe","category-scuola"],"yoast_head":"<!-- This site is optimized with the Yoast SEO plugin v28.4 - https:\/\/yoast.com\/product\/yoast-seo-wordpress\/ -->\n<title>Giornata per i diritti dell&#039;infanzia e dell&#039;adolescenza. Luned\u00ec l&#039;incontro tra amministrazione comunale e studenti in Sala Consiliare di Palazzo rosso - Bellunopress - Dolomiti<\/title>\n<meta name=\"robots\" content=\"index, follow, max-snippet:-1, max-image-preview:large, max-video-preview:-1\" \/>\n<link rel=\"canonical\" href=\"https:\/\/www.bellunopress.it\/fr\/2012\/11\/24\/giornata-per-i-diritti-dellinfanzia-e-delladolescenza-lunedi-lincontro-tra-amministrazione-comunale-e-studenti-in-sala-consiliare-di-palazzo-rosso\/\" \/>\n<meta property=\"og:locale\" content=\"fr_FR\" \/>\n<meta property=\"og:type\" content=\"article\" \/>\n<meta property=\"og:title\" content=\"Giornata per i diritti dell&#039;infanzia e dell&#039;adolescenza. Luned\u00ec l&#039;incontro tra amministrazione comunale e studenti in Sala Consiliare di Palazzo rosso - Bellunopress - Dolomiti\" \/>\n<meta property=\"og:description\" content=\"Luned\u00ec 26 novembre, alle ore 9.30, Palazzo rosso ospita un incontro tra l&#8217;amministrazione comunale e una rappresentanza dei ragazzi delle scuole bellunesi. L&#8217;appuntamento \u00e8 promosso e organizzato dall&#8217;Unicef, per ricordare l&#8217;anniversario della Convenzione internazionale sui diritti dell&#8217;infanzia e dell&#8217;adolescenza, approvata alle Nazioni Unite il 20 novembre 1989 e ratificata dal governo italiano nel 1991. Quest&#8217;anno [&hellip;]\" \/>\n<meta property=\"og:url\" content=\"https:\/\/www.bellunopress.it\/fr\/2012\/11\/24\/giornata-per-i-diritti-dellinfanzia-e-delladolescenza-lunedi-lincontro-tra-amministrazione-comunale-e-studenti-in-sala-consiliare-di-palazzo-rosso\/\" \/>\n<meta property=\"og:site_name\" content=\"Bellunopress - Dolomiti\" \/>\n<meta property=\"article:publisher\" content=\"https:\/\/www.facebook.com\/profile.php?id=100008943462799\" \/>\n<meta property=\"article:published_time\" content=\"2012-11-24T20:26:52+00:00\" \/>\n<meta property=\"og:image\" content=\"http:\/\/www.bellunopress.it\/wp-content\/uploads\/2009\/12\/palazzo-rosso-280x220.jpg\" \/>\n<meta name=\"author\" content=\"redazione\" \/>\n<meta name=\"twitter:card\" content=\"summary_large_image\" \/>\n<meta name=\"twitter:creator\" content=\"@bellunopress\" \/>\n<meta name=\"twitter:site\" content=\"@bellunopress\" \/>\n<meta name=\"twitter:label1\" content=\"\u00c9crit par\" \/>\n\t<meta name=\"twitter:data1\" content=\"redazione\" \/>\n\t<meta name=\"twitter:label2\" content=\"Dur\u00e9e de lecture estim\u00e9e\" \/>\n\t<meta name=\"twitter:data2\" content=\"2 minutes\" \/>\n<script type=\"application\/ld+json\" class=\"yoast-schema-graph\">{\"@context\":\"https:\\\/\\\/schema.org\",\"@graph\":[{\"@type\":\"Article\",\"@id\":\"https:\\\/\\\/www.bellunopress.it\\\/2012\\\/11\\\/24\\\/giornata-per-i-diritti-dellinfanzia-e-delladolescenza-lunedi-lincontro-tra-amministrazione-comunale-e-studenti-in-sala-consiliare-di-palazzo-rosso\\\/#article\",\"isPartOf\":{\"@id\":\"https:\\\/\\\/www.bellunopress.it\\\/2012\\\/11\\\/24\\\/giornata-per-i-diritti-dellinfanzia-e-delladolescenza-lunedi-lincontro-tra-amministrazione-comunale-e-studenti-in-sala-consiliare-di-palazzo-rosso\\\/\"},\"author\":{\"name\":\"redazione\",\"@id\":\"https:\\\/\\\/www.bellunopress.it\\\/#\\\/schema\\\/person\\\/79bb06722b37ece1c03d3e94beb30d73\"},\"headline\":\"Giornata per i diritti dell&#8217;infanzia e dell&#8217;adolescenza. Luned\u00ec l&#8217;incontro tra amministrazione comunale e studenti in Sala Consiliare di Palazzo rosso\",\"datePublished\":\"2012-11-24T20:26:52+00:00\",\"mainEntityOfPage\":{\"@id\":\"https:\\\/\\\/www.bellunopress.it\\\/2012\\\/11\\\/24\\\/giornata-per-i-diritti-dellinfanzia-e-delladolescenza-lunedi-lincontro-tra-amministrazione-comunale-e-studenti-in-sala-consiliare-di-palazzo-rosso\\\/\"},\"wordCount\":436,\"publisher\":{\"@id\":\"https:\\\/\\\/www.bellunopress.it\\\/#organization\"},\"image\":{\"@id\":\"https:\\\/\\\/www.bellunopress.it\\\/2012\\\/11\\\/24\\\/giornata-per-i-diritti-dellinfanzia-e-delladolescenza-lunedi-lincontro-tra-amministrazione-comunale-e-studenti-in-sala-consiliare-di-palazzo-rosso\\\/#primaryimage\"},\"thumbnailUrl\":\"http:\\\/\\\/www.bellunopress.it\\\/wp-content\\\/uploads\\\/2009\\\/12\\\/palazzo-rosso-280x220.jpg\",\"articleSection\":[\"Appuntamenti, Eventi\",\"Pausa Caff\u00e8\",\"Scuola\"],\"inLanguage\":\"fr-FR\"},{\"@type\":\"WebPage\",\"@id\":\"https:\\\/\\\/www.bellunopress.it\\\/2012\\\/11\\\/24\\\/giornata-per-i-diritti-dellinfanzia-e-delladolescenza-lunedi-lincontro-tra-amministrazione-comunale-e-studenti-in-sala-consiliare-di-palazzo-rosso\\\/\",\"url\":\"https:\\\/\\\/www.bellunopress.it\\\/2012\\\/11\\\/24\\\/giornata-per-i-diritti-dellinfanzia-e-delladolescenza-lunedi-lincontro-tra-amministrazione-comunale-e-studenti-in-sala-consiliare-di-palazzo-rosso\\\/\",\"name\":\"Giornata per i diritti dell'infanzia e dell'adolescenza. Luned\u00ec l'incontro tra amministrazione comunale e studenti in Sala Consiliare di Palazzo rosso - Bellunopress - Dolomiti\",\"isPartOf\":{\"@id\":\"https:\\\/\\\/www.bellunopress.it\\\/#website\"},\"primaryImageOfPage\":{\"@id\":\"https:\\\/\\\/www.bellunopress.it\\\/2012\\\/11\\\/24\\\/giornata-per-i-diritti-dellinfanzia-e-delladolescenza-lunedi-lincontro-tra-amministrazione-comunale-e-studenti-in-sala-consiliare-di-palazzo-rosso\\\/#primaryimage\"},\"image\":{\"@id\":\"https:\\\/\\\/www.bellunopress.it\\\/2012\\\/11\\\/24\\\/giornata-per-i-diritti-dellinfanzia-e-delladolescenza-lunedi-lincontro-tra-amministrazione-comunale-e-studenti-in-sala-consiliare-di-palazzo-rosso\\\/#primaryimage\"},\"thumbnailUrl\":\"http:\\\/\\\/www.bellunopress.it\\\/wp-content\\\/uploads\\\/2009\\\/12\\\/palazzo-rosso-280x220.jpg\",\"datePublished\":\"2012-11-24T20:26:52+00:00\",\"breadcrumb\":{\"@id\":\"https:\\\/\\\/www.bellunopress.it\\\/2012\\\/11\\\/24\\\/giornata-per-i-diritti-dellinfanzia-e-delladolescenza-lunedi-lincontro-tra-amministrazione-comunale-e-studenti-in-sala-consiliare-di-palazzo-rosso\\\/#breadcrumb\"},\"inLanguage\":\"fr-FR\",\"potentialAction\":[{\"@type\":\"ReadAction\",\"target\":[\"https:\\\/\\\/www.bellunopress.it\\\/2012\\\/11\\\/24\\\/giornata-per-i-diritti-dellinfanzia-e-delladolescenza-lunedi-lincontro-tra-amministrazione-comunale-e-studenti-in-sala-consiliare-di-palazzo-rosso\\\/\"]}]},{\"@type\":\"ImageObject\",\"inLanguage\":\"fr-FR\",\"@id\":\"https:\\\/\\\/www.bellunopress.it\\\/2012\\\/11\\\/24\\\/giornata-per-i-diritti-dellinfanzia-e-delladolescenza-lunedi-lincontro-tra-amministrazione-comunale-e-studenti-in-sala-consiliare-di-palazzo-rosso\\\/#primaryimage\",\"url\":\"http:\\\/\\\/www.bellunopress.it\\\/wp-content\\\/uploads\\\/2009\\\/12\\\/palazzo-rosso-280x220.jpg\",\"contentUrl\":\"http:\\\/\\\/www.bellunopress.it\\\/wp-content\\\/uploads\\\/2009\\\/12\\\/palazzo-rosso-280x220.jpg\"},{\"@type\":\"BreadcrumbList\",\"@id\":\"https:\\\/\\\/www.bellunopress.it\\\/2012\\\/11\\\/24\\\/giornata-per-i-diritti-dellinfanzia-e-delladolescenza-lunedi-lincontro-tra-amministrazione-comunale-e-studenti-in-sala-consiliare-di-palazzo-rosso\\\/#breadcrumb\",\"itemListElement\":[{\"@type\":\"ListItem\",\"position\":1,\"name\":\"Home\",\"item\":\"https:\\\/\\\/www.bellunopress.it\\\/\"},{\"@type\":\"ListItem\",\"position\":2,\"name\":\"Giornata per i diritti dell&#8217;infanzia e dell&#8217;adolescenza. Luned\u00ec l&#8217;incontro tra amministrazione comunale e studenti in Sala Consiliare di Palazzo rosso\"}]},{\"@type\":\"WebSite\",\"@id\":\"https:\\\/\\\/www.bellunopress.it\\\/#website\",\"url\":\"https:\\\/\\\/www.bellunopress.it\\\/\",\"name\":\"Bellunopress - Dolomiti\",\"description\":\"e-mail: redazione@bellunopress.it\",\"publisher\":{\"@id\":\"https:\\\/\\\/www.bellunopress.it\\\/#organization\"},\"potentialAction\":[{\"@type\":\"SearchAction\",\"target\":{\"@type\":\"EntryPoint\",\"urlTemplate\":\"https:\\\/\\\/www.bellunopress.it\\\/?s={search_term_string}\"},\"query-input\":{\"@type\":\"PropertyValueSpecification\",\"valueRequired\":true,\"valueName\":\"search_term_string\"}}],\"inLanguage\":\"fr-FR\"},{\"@type\":\"Organization\",\"@id\":\"https:\\\/\\\/www.bellunopress.it\\\/#organization\",\"name\":\"Bellunopress\",\"url\":\"https:\\\/\\\/www.bellunopress.it\\\/\",\"logo\":{\"@type\":\"ImageObject\",\"inLanguage\":\"fr-FR\",\"@id\":\"https:\\\/\\\/www.bellunopress.it\\\/#\\\/schema\\\/logo\\\/image\\\/\",\"url\":\"https:\\\/\\\/www.bellunopress.it\\\/wp-content\\\/uploads\\\/2011\\\/05\\\/cropped-logo-bellunopress-.jpg\",\"contentUrl\":\"https:\\\/\\\/www.bellunopress.it\\\/wp-content\\\/uploads\\\/2011\\\/05\\\/cropped-logo-bellunopress-.jpg\",\"width\":512,\"height\":512,\"caption\":\"Bellunopress\"},\"image\":{\"@id\":\"https:\\\/\\\/www.bellunopress.it\\\/#\\\/schema\\\/logo\\\/image\\\/\"},\"sameAs\":[\"https:\\\/\\\/www.facebook.com\\\/profile.php?id=100008943462799\",\"https:\\\/\\\/x.com\\\/bellunopress\",\"https:\\\/\\\/www.linkedin.com\\\/hp\\\/?dnr=JBzUWaJfMUw8vbXJJ2tVW5-I3jZKvC4wsoxE&amp;amp;amp;amp;amp;amp;trk=nav_responsive_tab_home\",\"https:\\\/\\\/www.youtube.com\\\/channel\\\/UCxL0wu1uN0_3_7hGG0306cw\"]},{\"@type\":\"Person\",\"@id\":\"https:\\\/\\\/www.bellunopress.it\\\/#\\\/schema\\\/person\\\/79bb06722b37ece1c03d3e94beb30d73\",\"name\":\"redazione\",\"image\":{\"@type\":\"ImageObject\",\"inLanguage\":\"fr-FR\",\"@id\":\"https:\\\/\\\/secure.gravatar.com\\\/avatar\\\/37d968a2e67a6fd04c169c4bdef102d0bc5d31b2546345219e348575eb80e9a0?s=96&d=mm&r=g\",\"url\":\"https:\\\/\\\/secure.gravatar.com\\\/avatar\\\/37d968a2e67a6fd04c169c4bdef102d0bc5d31b2546345219e348575eb80e9a0?s=96&d=mm&r=g\",\"contentUrl\":\"https:\\\/\\\/secure.gravatar.com\\\/avatar\\\/37d968a2e67a6fd04c169c4bdef102d0bc5d31b2546345219e348575eb80e9a0?s=96&d=mm&r=g\",\"caption\":\"redazione\"},\"sameAs\":[\"http:\\\/\\\/www.bellunopress.it\",\"https:\\\/\\\/x.com\\\/bellunopress\"],\"url\":\"https:\\\/\\\/www.bellunopress.it\\\/fr\\\/author\\\/redazione\\\/\"}]}<\/script>\n<!-- \/ Yoast SEO plugin. -->","yoast_head_json":{"title":"Giornata per i diritti dell'infanzia e dell'adolescenza. Luned\u00ec l'incontro tra amministrazione comunale e studenti in Sala Consiliare di Palazzo rosso - Bellunopress - Dolomiti","robots":{"index":"index","follow":"follow","max-snippet":"max-snippet:-1","max-image-preview":"max-image-preview:large","max-video-preview":"max-video-preview:-1"},"canonical":"https:\/\/www.bellunopress.it\/fr\/2012\/11\/24\/giornata-per-i-diritti-dellinfanzia-e-delladolescenza-lunedi-lincontro-tra-amministrazione-comunale-e-studenti-in-sala-consiliare-di-palazzo-rosso\/","og_locale":"fr_FR","og_type":"article","og_title":"Giornata per i diritti dell'infanzia e dell'adolescenza. Luned\u00ec l'incontro tra amministrazione comunale e studenti in Sala Consiliare di Palazzo rosso - Bellunopress - Dolomiti","og_description":"Luned\u00ec 26 novembre, alle ore 9.30, Palazzo rosso ospita un incontro tra l&#8217;amministrazione comunale e una rappresentanza dei ragazzi delle scuole bellunesi. L&#8217;appuntamento \u00e8 promosso e organizzato dall&#8217;Unicef, per ricordare l&#8217;anniversario della Convenzione internazionale sui diritti dell&#8217;infanzia e dell&#8217;adolescenza, approvata alle Nazioni Unite il 20 novembre 1989 e ratificata dal governo italiano nel 1991. Quest&#8217;anno [&hellip;]","og_url":"https:\/\/www.bellunopress.it\/fr\/2012\/11\/24\/giornata-per-i-diritti-dellinfanzia-e-delladolescenza-lunedi-lincontro-tra-amministrazione-comunale-e-studenti-in-sala-consiliare-di-palazzo-rosso\/","og_site_name":"Bellunopress - Dolomiti","article_publisher":"https:\/\/www.facebook.com\/profile.php?id=100008943462799","article_published_time":"2012-11-24T20:26:52+00:00","og_image":[{"url":"http:\/\/www.bellunopress.it\/wp-content\/uploads\/2009\/12\/palazzo-rosso-280x220.jpg","type":"","width":"","height":""}],"author":"redazione","twitter_card":"summary_large_image","twitter_creator":"@bellunopress","twitter_site":"@bellunopress","twitter_misc":{"\u00c9crit par":"redazione","Dur\u00e9e de lecture estim\u00e9e":"2 minutes"},"schema":{"@context":"https:\/\/schema.org","@graph":[{"@type":"Article","@id":"https:\/\/www.bellunopress.it\/2012\/11\/24\/giornata-per-i-diritti-dellinfanzia-e-delladolescenza-lunedi-lincontro-tra-amministrazione-comunale-e-studenti-in-sala-consiliare-di-palazzo-rosso\/#article","isPartOf":{"@id":"https:\/\/www.bellunopress.it\/2012\/11\/24\/giornata-per-i-diritti-dellinfanzia-e-delladolescenza-lunedi-lincontro-tra-amministrazione-comunale-e-studenti-in-sala-consiliare-di-palazzo-rosso\/"},"author":{"name":"redazione","@id":"https:\/\/www.bellunopress.it\/#\/schema\/person\/79bb06722b37ece1c03d3e94beb30d73"},"headline":"Giornata per i diritti dell&#8217;infanzia e dell&#8217;adolescenza. Luned\u00ec l&#8217;incontro tra amministrazione comunale e studenti in Sala Consiliare di Palazzo rosso","datePublished":"2012-11-24T20:26:52+00:00","mainEntityOfPage":{"@id":"https:\/\/www.bellunopress.it\/2012\/11\/24\/giornata-per-i-diritti-dellinfanzia-e-delladolescenza-lunedi-lincontro-tra-amministrazione-comunale-e-studenti-in-sala-consiliare-di-palazzo-rosso\/"},"wordCount":436,"publisher":{"@id":"https:\/\/www.bellunopress.it\/#organization"},"image":{"@id":"https:\/\/www.bellunopress.it\/2012\/11\/24\/giornata-per-i-diritti-dellinfanzia-e-delladolescenza-lunedi-lincontro-tra-amministrazione-comunale-e-studenti-in-sala-consiliare-di-palazzo-rosso\/#primaryimage"},"thumbnailUrl":"http:\/\/www.bellunopress.it\/wp-content\/uploads\/2009\/12\/palazzo-rosso-280x220.jpg","articleSection":["Appuntamenti, Eventi","Pausa Caff\u00e8","Scuola"],"inLanguage":"fr-FR"},{"@type":"WebPage","@id":"https:\/\/www.bellunopress.it\/2012\/11\/24\/giornata-per-i-diritti-dellinfanzia-e-delladolescenza-lunedi-lincontro-tra-amministrazione-comunale-e-studenti-in-sala-consiliare-di-palazzo-rosso\/","url":"https:\/\/www.bellunopress.it\/2012\/11\/24\/giornata-per-i-diritti-dellinfanzia-e-delladolescenza-lunedi-lincontro-tra-amministrazione-comunale-e-studenti-in-sala-consiliare-di-palazzo-rosso\/","name":"Giornata per i diritti dell'infanzia e dell'adolescenza. Luned\u00ec l'incontro tra amministrazione comunale e studenti in Sala Consiliare di Palazzo rosso - Bellunopress - Dolomiti","isPartOf":{"@id":"https:\/\/www.bellunopress.it\/#website"},"primaryImageOfPage":{"@id":"https:\/\/www.bellunopress.it\/2012\/11\/24\/giornata-per-i-diritti-dellinfanzia-e-delladolescenza-lunedi-lincontro-tra-amministrazione-comunale-e-studenti-in-sala-consiliare-di-palazzo-rosso\/#primaryimage"},"image":{"@id":"https:\/\/www.bellunopress.it\/2012\/11\/24\/giornata-per-i-diritti-dellinfanzia-e-delladolescenza-lunedi-lincontro-tra-amministrazione-comunale-e-studenti-in-sala-consiliare-di-palazzo-rosso\/#primaryimage"},"thumbnailUrl":"http:\/\/www.bellunopress.it\/wp-content\/uploads\/2009\/12\/palazzo-rosso-280x220.jpg","datePublished":"2012-11-24T20:26:52+00:00","breadcrumb":{"@id":"https:\/\/www.bellunopress.it\/2012\/11\/24\/giornata-per-i-diritti-dellinfanzia-e-delladolescenza-lunedi-lincontro-tra-amministrazione-comunale-e-studenti-in-sala-consiliare-di-palazzo-rosso\/#breadcrumb"},"inLanguage":"fr-FR","potentialAction":[{"@type":"ReadAction","target":["https:\/\/www.bellunopress.it\/2012\/11\/24\/giornata-per-i-diritti-dellinfanzia-e-delladolescenza-lunedi-lincontro-tra-amministrazione-comunale-e-studenti-in-sala-consiliare-di-palazzo-rosso\/"]}]},{"@type":"ImageObject","inLanguage":"fr-FR","@id":"https:\/\/www.bellunopress.it\/2012\/11\/24\/giornata-per-i-diritti-dellinfanzia-e-delladolescenza-lunedi-lincontro-tra-amministrazione-comunale-e-studenti-in-sala-consiliare-di-palazzo-rosso\/#primaryimage","url":"http:\/\/www.bellunopress.it\/wp-content\/uploads\/2009\/12\/palazzo-rosso-280x220.jpg","contentUrl":"http:\/\/www.bellunopress.it\/wp-content\/uploads\/2009\/12\/palazzo-rosso-280x220.jpg"},{"@type":"BreadcrumbList","@id":"https:\/\/www.bellunopress.it\/2012\/11\/24\/giornata-per-i-diritti-dellinfanzia-e-delladolescenza-lunedi-lincontro-tra-amministrazione-comunale-e-studenti-in-sala-consiliare-di-palazzo-rosso\/#breadcrumb","itemListElement":[{"@type":"ListItem","position":1,"name":"Home","item":"https:\/\/www.bellunopress.it\/"},{"@type":"ListItem","position":2,"name":"Giornata per i diritti dell&#8217;infanzia e dell&#8217;adolescenza. Luned\u00ec l&#8217;incontro tra amministrazione comunale e studenti in Sala Consiliare di Palazzo rosso"}]},{"@type":"WebSite","@id":"https:\/\/www.bellunopress.it\/#website","url":"https:\/\/www.bellunopress.it\/","name":"Bellunopress - Dolomiti","description":"e-mail: redazione@bellunopress.it","publisher":{"@id":"https:\/\/www.bellunopress.it\/#organization"},"potentialAction":[{"@type":"SearchAction","target":{"@type":"EntryPoint","urlTemplate":"https:\/\/www.bellunopress.it\/?s={search_term_string}"},"query-input":{"@type":"PropertyValueSpecification","valueRequired":true,"valueName":"search_term_string"}}],"inLanguage":"fr-FR"},{"@type":"Organization","@id":"https:\/\/www.bellunopress.it\/#organization","name":"Bellunopress","url":"https:\/\/www.bellunopress.it\/","logo":{"@type":"ImageObject","inLanguage":"fr-FR","@id":"https:\/\/www.bellunopress.it\/#\/schema\/logo\/image\/","url":"https:\/\/www.bellunopress.it\/wp-content\/uploads\/2011\/05\/cropped-logo-bellunopress-.jpg","contentUrl":"https:\/\/www.bellunopress.it\/wp-content\/uploads\/2011\/05\/cropped-logo-bellunopress-.jpg","width":512,"height":512,"caption":"Bellunopress"},"image":{"@id":"https:\/\/www.bellunopress.it\/#\/schema\/logo\/image\/"},"sameAs":["https:\/\/www.facebook.com\/profile.php?id=100008943462799","https:\/\/x.com\/bellunopress","https:\/\/www.linkedin.com\/hp\/?dnr=JBzUWaJfMUw8vbXJJ2tVW5-I3jZKvC4wsoxE&amp;amp;amp;amp;amp;amp;trk=nav_responsive_tab_home","https:\/\/www.youtube.com\/channel\/UCxL0wu1uN0_3_7hGG0306cw"]},{"@type":"Person","@id":"https:\/\/www.bellunopress.it\/#\/schema\/person\/79bb06722b37ece1c03d3e94beb30d73","name":"r\u00e9daction","image":{"@type":"ImageObject","inLanguage":"fr-FR","@id":"https:\/\/secure.gravatar.com\/avatar\/37d968a2e67a6fd04c169c4bdef102d0bc5d31b2546345219e348575eb80e9a0?s=96&d=mm&r=g","url":"https:\/\/secure.gravatar.com\/avatar\/37d968a2e67a6fd04c169c4bdef102d0bc5d31b2546345219e348575eb80e9a0?s=96&d=mm&r=g","contentUrl":"https:\/\/secure.gravatar.com\/avatar\/37d968a2e67a6fd04c169c4bdef102d0bc5d31b2546345219e348575eb80e9a0?s=96&d=mm&r=g","caption":"redazione"},"sameAs":["http:\/\/www.bellunopress.it","https:\/\/x.com\/bellunopress"],"url":"https:\/\/www.bellunopress.it\/fr\/author\/redazione\/"}]}},"_links":{"self":[{"href":"https:\/\/www.bellunopress.it\/fr\/wp-json\/wp\/v2\/posts\/44184","targetHints":{"allow":["GET"]}}],"collection":[{"href":"https:\/\/www.bellunopress.it\/fr\/wp-json\/wp\/v2\/posts"}],"about":[{"href":"https:\/\/www.bellunopress.it\/fr\/wp-json\/wp\/v2\/types\/post"}],"author":[{"embeddable":true,"href":"https:\/\/www.bellunopress.it\/fr\/wp-json\/wp\/v2\/users\/2"}],"replies":[{"embeddable":true,"href":"https:\/\/www.bellunopress.it\/fr\/wp-json\/wp\/v2\/comments?post=44184"}],"version-history":[{"count":1,"href":"https:\/\/www.bellunopress.it\/fr\/wp-json\/wp\/v2\/posts\/44184\/revisions"}],"predecessor-version":[{"id":44185,"href":"https:\/\/www.bellunopress.it\/fr\/wp-json\/wp\/v2\/posts\/44184\/revisions\/44185"}],"wp:attachment":[{"href":"https:\/\/www.bellunopress.it\/fr\/wp-json\/wp\/v2\/media?parent=44184"}],"wp:term":[{"taxonomy":"category","embeddable":true,"href":"https:\/\/www.bellunopress.it\/fr\/wp-json\/wp\/v2\/categories?post=44184"},{"taxonomy":"post_tag","embeddable":true,"href":"https:\/\/www.bellunopress.it\/fr\/wp-json\/wp\/v2\/tags?post=44184"}],"curies":[{"name":"wp","href":"https:\/\/api.w.org\/{rel}","templated":true}]}}