{"id":44181,"date":"2012-11-24T21:10:32","date_gmt":"2012-11-24T20:10:32","guid":{"rendered":"http:\/\/www.bellunopress.it\/?p=44181"},"modified":"2012-11-24T21:10:32","modified_gmt":"2012-11-24T20:10:32","slug":"presentato-il-grand-prix-lattebusche","status":"publish","type":"post","link":"https:\/\/www.bellunopress.it\/fr\/2012\/11\/24\/presentato-il-grand-prix-lattebusche\/","title":{"rendered":"Presentato il Grand Prix LatteBusche"},"content":{"rendered":"<p>Il circuito di sci alpino e sci di fondo per Baby e Cuccioli, arrivato alla 35. edizione, \u00e8 stato presentato oggi alla Birreria Pedavena. Due le sedi delle finali: Arabba e Malga Ciapela. Tra le tante conferme, anche l\u2019assegnazione delle borse di studio alla memoria di Ivano Giop, ideatore della manifestazione. Tante le manifestazioni in Veneto nell\u2019inverno 2012-2013.<\/p>\n<p><a href=\"http:\/\/www.bellunopress.it\/wp-content\/uploads\/2009\/11\/fisi.png\"><img loading=\"lazy\" decoding=\"async\" class=\"alignleft size-full wp-image-9470\" title=\"fisi\" src=\"http:\/\/www.bellunopress.it\/wp-content\/uploads\/2009\/11\/fisi.png\" alt=\"\" width=\"72\" height=\"85\" \/><\/a>Belluno, 24 novembre 2012 \u2013 Il Comitato Fisi Veneto \u00e8 pronto per un\u2019altra intensa stagione. Questo fine settimana sono cominciate le prime gare su tutto l\u2019arco alpino per i ragazzi e le ragazze venete ma come tradizione a sancire il via ufficiale dell\u2019annata \u00e8 stata, oggi pomeriggio alla Birreria Pedavena di Pedavena (Belluno), la presentazione del Grand Prix Lattebusche, manifestazione che costituisce uno dei momenti pi\u00f9 qualificanti dell\u2019attivit\u00e0 del comitato: giunto alla 35. edizione, \u00e8 il circuito dello sci alpino e dello sci di fondo riservato ai piccoli, gli sciatori delle categorie Baby e Cuccioli. \u00abPrender\u00e0 il via il 6 gennaio e proporr\u00e0 35 appuntamenti per quanto riguarda lo sci alpino e 12 per lo sci di fondo \u2013 spiega Luigi Giustina, responsabile del circuito -. Le finali nazionali si svolgeranno nel Bellunese il 9 e 10 marzo: ad Arabba, a cura dello Sci club Arabba, per lo sci alpino, a Malga Ciapela di Rocca Pietore, a cura dello Sci nordico Marmolada, per lo sci di fondo. La formula del circuito \u00e8 confermata, con la novit\u00e0 rappresentata dal fatto che le finali dello sci alpino rappresenteranno la prova di qualificazione del nuovo Criterium nazionale giovanile proposto dalla Fisi. Mi piace inoltre sottolineare \u2013 dice ancora Giustina \u2013 come si rinnovi la tradizione dell\u2019assegnazione della borsa di studio che la signora Piera e il figlio Stefano offrono, per ognuna delle due discipline, in memoria di Ivano Giop, l\u2019ideatore della manifestazione\u00bb.<\/p>\n<p>\u00abOrganizzare le finali \u00e8 una bella sfida \u2013 hanno affermato Ivan Petri e Germano Dell\u2019Antone, presidenti rispettivamente dello Sci club Arabba e dello Sci nordico Marmolada \u2013 Grazie a Fisi Veneto che ci ha dato questa possibilit\u00e0: noi stiamo da mesi preparando tutto al meglio perch\u00e9 i due giorni di gara possano essere per i ragazzi davvero un\u2019occasione di divertimento oltre che di confronto\u00bb.<\/p>\n<p>\u00abSiamo pronti a questa nuova annata &#8211; afferma il presidente di Fisi Veneto, Roberto Bortoluzzi \u2013 Un grazie a Lattebusche, che continua a sostenerci, e un grazie a tutti i dirigenti e tecnici dei club che lavorano quotidianamente per fare grande il nostro movimento\u00bb.<\/p>\n<p>\u00abLattebusche \u00e8 da sempre riconoscente verso il territorio nel quale opera e per questo sostiene le manifestazioni che su questo stesso territorio vengono proposte, in particolare quelle per i giovani \u2013 cos\u00ec Antonio Bortoli, direttore generale di Lattebusche \u2013 Al Grand Prix, poi, Lattebusche \u00e8 particolarmente affezionata perch\u00e9 in questi 35 anni \u00e8 cresciuta insieme ad esso, trasformandosi, proprio come il circuito, da realt\u00e0 locale ad azienda operante in tutto il Veneto\u00bb.<\/p>\n<p>&nbsp;<\/p>\n<p>Oltre al Grand Prix Lattebusche, sono state presentate anche le numerose manifestazioni che si svolgeranno in Veneto nel prossimo inverno: tra queste, i Campionati mondiali Master di sci di fondo, in programma ad Asiago dal 14 al 23 febbraio, la Coppa Europa di snowboard il 22 e 23 dicembre a Cortina d\u2019Ampezzo, il Campionato italiano Giovani di sci di fondo a Boscochiesanuova dall\u20198 al 10 febbraio, la finale nazionale del Trofeo delle Regioni, in programma a Falcade il 16 e 17 marzo. Inoltre, ci sar\u00e0 spazio per i tradizionali circuiti dello sci alpino giovanile: il Grand Prix Aviva per Ragazzi e Allievi e la Coppa Veneto \u2013 Energia Pura per la categoria Giovani. A Pedavena c\u2019\u00e8 stato spazio anche per la presentazione delle squadre del Comitato 2012-2013 e per la presentazione dell\u2019agenda-calendario la cui copertina \u00e8 stata realizzata dall\u2019artisti bellunese Sonia Luzzatto.<\/p>\n<p>&nbsp;<\/p>\n<p>&nbsp;<\/p>\n<p>&nbsp;<\/p>","protected":false},"excerpt":{"rendered":"<p>Il circuito di sci alpino e sci di fondo per Baby e Cuccioli, arrivato alla 35. edizione, \u00e8 stato presentato oggi alla Birreria Pedavena. Due le sedi delle finali: Arabba e Malga Ciapela. Tra le tante conferme, anche l\u2019assegnazione delle borse di studio alla memoria di Ivano Giop, ideatore della manifestazione. Tante le manifestazioni in [&hellip;]<\/p>\n","protected":false},"author":2,"featured_media":0,"comment_status":"closed","ping_status":"open","sticky":false,"template":"","format":"standard","meta":{"footnotes":""},"categories":[26,4],"tags":[],"class_list":["post-44181","post","type-post","status-publish","format-standard","category-prima-pagina","category-sport"],"yoast_head":"<!-- This site is optimized with the Yoast SEO plugin v28.4 - https:\/\/yoast.com\/product\/yoast-seo-wordpress\/ -->\n<title>Presentato il Grand Prix LatteBusche - Bellunopress - Dolomiti<\/title>\n<meta name=\"robots\" content=\"index, follow, max-snippet:-1, max-image-preview:large, max-video-preview:-1\" \/>\n<link rel=\"canonical\" href=\"https:\/\/www.bellunopress.it\/fr\/2012\/11\/24\/presentato-il-grand-prix-lattebusche\/\" \/>\n<meta property=\"og:locale\" content=\"fr_FR\" \/>\n<meta property=\"og:type\" content=\"article\" \/>\n<meta property=\"og:title\" content=\"Presentato il Grand Prix LatteBusche - Bellunopress - Dolomiti\" \/>\n<meta property=\"og:description\" content=\"Il circuito di sci alpino e sci di fondo per Baby e Cuccioli, arrivato alla 35. edizione, \u00e8 stato presentato oggi alla Birreria Pedavena. Due le sedi delle finali: Arabba e Malga Ciapela. Tra le tante conferme, anche l\u2019assegnazione delle borse di studio alla memoria di Ivano Giop, ideatore della manifestazione. Tante le manifestazioni in [&hellip;]\" \/>\n<meta property=\"og:url\" content=\"https:\/\/www.bellunopress.it\/fr\/2012\/11\/24\/presentato-il-grand-prix-lattebusche\/\" \/>\n<meta property=\"og:site_name\" content=\"Bellunopress - Dolomiti\" \/>\n<meta property=\"article:publisher\" content=\"https:\/\/www.facebook.com\/profile.php?id=100008943462799\" \/>\n<meta property=\"article:published_time\" content=\"2012-11-24T20:10:32+00:00\" \/>\n<meta property=\"og:image\" content=\"http:\/\/www.bellunopress.it\/wp-content\/uploads\/2009\/11\/fisi.png\" \/>\n<meta name=\"author\" content=\"redazione\" \/>\n<meta name=\"twitter:card\" content=\"summary_large_image\" \/>\n<meta name=\"twitter:creator\" content=\"@bellunopress\" \/>\n<meta name=\"twitter:site\" content=\"@bellunopress\" \/>\n<meta name=\"twitter:label1\" content=\"\u00c9crit par\" \/>\n\t<meta name=\"twitter:data1\" content=\"redazione\" \/>\n\t<meta name=\"twitter:label2\" content=\"Dur\u00e9e de lecture estim\u00e9e\" \/>\n\t<meta name=\"twitter:data2\" content=\"3 minutes\" \/>\n<script type=\"application\/ld+json\" class=\"yoast-schema-graph\">{\"@context\":\"https:\\\/\\\/schema.org\",\"@graph\":[{\"@type\":\"Article\",\"@id\":\"https:\\\/\\\/www.bellunopress.it\\\/2012\\\/11\\\/24\\\/presentato-il-grand-prix-lattebusche\\\/#article\",\"isPartOf\":{\"@id\":\"https:\\\/\\\/www.bellunopress.it\\\/2012\\\/11\\\/24\\\/presentato-il-grand-prix-lattebusche\\\/\"},\"author\":{\"name\":\"redazione\",\"@id\":\"https:\\\/\\\/www.bellunopress.it\\\/#\\\/schema\\\/person\\\/79bb06722b37ece1c03d3e94beb30d73\"},\"headline\":\"Presentato il Grand Prix LatteBusche\",\"datePublished\":\"2012-11-24T20:10:32+00:00\",\"mainEntityOfPage\":{\"@id\":\"https:\\\/\\\/www.bellunopress.it\\\/2012\\\/11\\\/24\\\/presentato-il-grand-prix-lattebusche\\\/\"},\"wordCount\":604,\"publisher\":{\"@id\":\"https:\\\/\\\/www.bellunopress.it\\\/#organization\"},\"image\":{\"@id\":\"https:\\\/\\\/www.bellunopress.it\\\/2012\\\/11\\\/24\\\/presentato-il-grand-prix-lattebusche\\\/#primaryimage\"},\"thumbnailUrl\":\"http:\\\/\\\/www.bellunopress.it\\\/wp-content\\\/uploads\\\/2009\\\/11\\\/fisi.png\",\"articleSection\":[\"Prima Pagina\",\"Sport, tempo libero\"],\"inLanguage\":\"fr-FR\"},{\"@type\":\"WebPage\",\"@id\":\"https:\\\/\\\/www.bellunopress.it\\\/2012\\\/11\\\/24\\\/presentato-il-grand-prix-lattebusche\\\/\",\"url\":\"https:\\\/\\\/www.bellunopress.it\\\/2012\\\/11\\\/24\\\/presentato-il-grand-prix-lattebusche\\\/\",\"name\":\"Presentato il Grand Prix LatteBusche - Bellunopress - Dolomiti\",\"isPartOf\":{\"@id\":\"https:\\\/\\\/www.bellunopress.it\\\/#website\"},\"primaryImageOfPage\":{\"@id\":\"https:\\\/\\\/www.bellunopress.it\\\/2012\\\/11\\\/24\\\/presentato-il-grand-prix-lattebusche\\\/#primaryimage\"},\"image\":{\"@id\":\"https:\\\/\\\/www.bellunopress.it\\\/2012\\\/11\\\/24\\\/presentato-il-grand-prix-lattebusche\\\/#primaryimage\"},\"thumbnailUrl\":\"http:\\\/\\\/www.bellunopress.it\\\/wp-content\\\/uploads\\\/2009\\\/11\\\/fisi.png\",\"datePublished\":\"2012-11-24T20:10:32+00:00\",\"breadcrumb\":{\"@id\":\"https:\\\/\\\/www.bellunopress.it\\\/2012\\\/11\\\/24\\\/presentato-il-grand-prix-lattebusche\\\/#breadcrumb\"},\"inLanguage\":\"fr-FR\",\"potentialAction\":[{\"@type\":\"ReadAction\",\"target\":[\"https:\\\/\\\/www.bellunopress.it\\\/2012\\\/11\\\/24\\\/presentato-il-grand-prix-lattebusche\\\/\"]}]},{\"@type\":\"ImageObject\",\"inLanguage\":\"fr-FR\",\"@id\":\"https:\\\/\\\/www.bellunopress.it\\\/2012\\\/11\\\/24\\\/presentato-il-grand-prix-lattebusche\\\/#primaryimage\",\"url\":\"http:\\\/\\\/www.bellunopress.it\\\/wp-content\\\/uploads\\\/2009\\\/11\\\/fisi.png\",\"contentUrl\":\"http:\\\/\\\/www.bellunopress.it\\\/wp-content\\\/uploads\\\/2009\\\/11\\\/fisi.png\"},{\"@type\":\"BreadcrumbList\",\"@id\":\"https:\\\/\\\/www.bellunopress.it\\\/2012\\\/11\\\/24\\\/presentato-il-grand-prix-lattebusche\\\/#breadcrumb\",\"itemListElement\":[{\"@type\":\"ListItem\",\"position\":1,\"name\":\"Home\",\"item\":\"https:\\\/\\\/www.bellunopress.it\\\/\"},{\"@type\":\"ListItem\",\"position\":2,\"name\":\"Presentato il Grand Prix LatteBusche\"}]},{\"@type\":\"WebSite\",\"@id\":\"https:\\\/\\\/www.bellunopress.it\\\/#website\",\"url\":\"https:\\\/\\\/www.bellunopress.it\\\/\",\"name\":\"Bellunopress - Dolomiti\",\"description\":\"e-mail: redazione@bellunopress.it\",\"publisher\":{\"@id\":\"https:\\\/\\\/www.bellunopress.it\\\/#organization\"},\"potentialAction\":[{\"@type\":\"SearchAction\",\"target\":{\"@type\":\"EntryPoint\",\"urlTemplate\":\"https:\\\/\\\/www.bellunopress.it\\\/?s={search_term_string}\"},\"query-input\":{\"@type\":\"PropertyValueSpecification\",\"valueRequired\":true,\"valueName\":\"search_term_string\"}}],\"inLanguage\":\"fr-FR\"},{\"@type\":\"Organization\",\"@id\":\"https:\\\/\\\/www.bellunopress.it\\\/#organization\",\"name\":\"Bellunopress\",\"url\":\"https:\\\/\\\/www.bellunopress.it\\\/\",\"logo\":{\"@type\":\"ImageObject\",\"inLanguage\":\"fr-FR\",\"@id\":\"https:\\\/\\\/www.bellunopress.it\\\/#\\\/schema\\\/logo\\\/image\\\/\",\"url\":\"https:\\\/\\\/www.bellunopress.it\\\/wp-content\\\/uploads\\\/2011\\\/05\\\/cropped-logo-bellunopress-.jpg\",\"contentUrl\":\"https:\\\/\\\/www.bellunopress.it\\\/wp-content\\\/uploads\\\/2011\\\/05\\\/cropped-logo-bellunopress-.jpg\",\"width\":512,\"height\":512,\"caption\":\"Bellunopress\"},\"image\":{\"@id\":\"https:\\\/\\\/www.bellunopress.it\\\/#\\\/schema\\\/logo\\\/image\\\/\"},\"sameAs\":[\"https:\\\/\\\/www.facebook.com\\\/profile.php?id=100008943462799\",\"https:\\\/\\\/x.com\\\/bellunopress\",\"https:\\\/\\\/www.linkedin.com\\\/hp\\\/?dnr=JBzUWaJfMUw8vbXJJ2tVW5-I3jZKvC4wsoxE&amp;amp;amp;amp;amp;amp;trk=nav_responsive_tab_home\",\"https:\\\/\\\/www.youtube.com\\\/channel\\\/UCxL0wu1uN0_3_7hGG0306cw\"]},{\"@type\":\"Person\",\"@id\":\"https:\\\/\\\/www.bellunopress.it\\\/#\\\/schema\\\/person\\\/79bb06722b37ece1c03d3e94beb30d73\",\"name\":\"redazione\",\"image\":{\"@type\":\"ImageObject\",\"inLanguage\":\"fr-FR\",\"@id\":\"https:\\\/\\\/secure.gravatar.com\\\/avatar\\\/37d968a2e67a6fd04c169c4bdef102d0bc5d31b2546345219e348575eb80e9a0?s=96&d=mm&r=g\",\"url\":\"https:\\\/\\\/secure.gravatar.com\\\/avatar\\\/37d968a2e67a6fd04c169c4bdef102d0bc5d31b2546345219e348575eb80e9a0?s=96&d=mm&r=g\",\"contentUrl\":\"https:\\\/\\\/secure.gravatar.com\\\/avatar\\\/37d968a2e67a6fd04c169c4bdef102d0bc5d31b2546345219e348575eb80e9a0?s=96&d=mm&r=g\",\"caption\":\"redazione\"},\"sameAs\":[\"http:\\\/\\\/www.bellunopress.it\",\"https:\\\/\\\/x.com\\\/bellunopress\"],\"url\":\"https:\\\/\\\/www.bellunopress.it\\\/fr\\\/author\\\/redazione\\\/\"}]}<\/script>\n<!-- \/ Yoast SEO plugin. -->","yoast_head_json":{"title":"Presentato il Grand Prix LatteBusche - Bellunopress - Dolomiti","robots":{"index":"index","follow":"follow","max-snippet":"max-snippet:-1","max-image-preview":"max-image-preview:large","max-video-preview":"max-video-preview:-1"},"canonical":"https:\/\/www.bellunopress.it\/fr\/2012\/11\/24\/presentato-il-grand-prix-lattebusche\/","og_locale":"fr_FR","og_type":"article","og_title":"Presentato il Grand Prix LatteBusche - Bellunopress - Dolomiti","og_description":"Il circuito di sci alpino e sci di fondo per Baby e Cuccioli, arrivato alla 35. edizione, \u00e8 stato presentato oggi alla Birreria Pedavena. Due le sedi delle finali: Arabba e Malga Ciapela. Tra le tante conferme, anche l\u2019assegnazione delle borse di studio alla memoria di Ivano Giop, ideatore della manifestazione. Tante le manifestazioni in [&hellip;]","og_url":"https:\/\/www.bellunopress.it\/fr\/2012\/11\/24\/presentato-il-grand-prix-lattebusche\/","og_site_name":"Bellunopress - Dolomiti","article_publisher":"https:\/\/www.facebook.com\/profile.php?id=100008943462799","article_published_time":"2012-11-24T20:10:32+00:00","og_image":[{"url":"http:\/\/www.bellunopress.it\/wp-content\/uploads\/2009\/11\/fisi.png","type":"","width":"","height":""}],"author":"redazione","twitter_card":"summary_large_image","twitter_creator":"@bellunopress","twitter_site":"@bellunopress","twitter_misc":{"\u00c9crit par":"redazione","Dur\u00e9e de lecture estim\u00e9e":"3 minutes"},"schema":{"@context":"https:\/\/schema.org","@graph":[{"@type":"Article","@id":"https:\/\/www.bellunopress.it\/2012\/11\/24\/presentato-il-grand-prix-lattebusche\/#article","isPartOf":{"@id":"https:\/\/www.bellunopress.it\/2012\/11\/24\/presentato-il-grand-prix-lattebusche\/"},"author":{"name":"redazione","@id":"https:\/\/www.bellunopress.it\/#\/schema\/person\/79bb06722b37ece1c03d3e94beb30d73"},"headline":"Presentato il Grand Prix LatteBusche","datePublished":"2012-11-24T20:10:32+00:00","mainEntityOfPage":{"@id":"https:\/\/www.bellunopress.it\/2012\/11\/24\/presentato-il-grand-prix-lattebusche\/"},"wordCount":604,"publisher":{"@id":"https:\/\/www.bellunopress.it\/#organization"},"image":{"@id":"https:\/\/www.bellunopress.it\/2012\/11\/24\/presentato-il-grand-prix-lattebusche\/#primaryimage"},"thumbnailUrl":"http:\/\/www.bellunopress.it\/wp-content\/uploads\/2009\/11\/fisi.png","articleSection":["Prima Pagina","Sport, tempo libero"],"inLanguage":"fr-FR"},{"@type":"WebPage","@id":"https:\/\/www.bellunopress.it\/2012\/11\/24\/presentato-il-grand-prix-lattebusche\/","url":"https:\/\/www.bellunopress.it\/2012\/11\/24\/presentato-il-grand-prix-lattebusche\/","name":"Presentato il Grand Prix LatteBusche - Bellunopress - Dolomiti","isPartOf":{"@id":"https:\/\/www.bellunopress.it\/#website"},"primaryImageOfPage":{"@id":"https:\/\/www.bellunopress.it\/2012\/11\/24\/presentato-il-grand-prix-lattebusche\/#primaryimage"},"image":{"@id":"https:\/\/www.bellunopress.it\/2012\/11\/24\/presentato-il-grand-prix-lattebusche\/#primaryimage"},"thumbnailUrl":"http:\/\/www.bellunopress.it\/wp-content\/uploads\/2009\/11\/fisi.png","datePublished":"2012-11-24T20:10:32+00:00","breadcrumb":{"@id":"https:\/\/www.bellunopress.it\/2012\/11\/24\/presentato-il-grand-prix-lattebusche\/#breadcrumb"},"inLanguage":"fr-FR","potentialAction":[{"@type":"ReadAction","target":["https:\/\/www.bellunopress.it\/2012\/11\/24\/presentato-il-grand-prix-lattebusche\/"]}]},{"@type":"ImageObject","inLanguage":"fr-FR","@id":"https:\/\/www.bellunopress.it\/2012\/11\/24\/presentato-il-grand-prix-lattebusche\/#primaryimage","url":"http:\/\/www.bellunopress.it\/wp-content\/uploads\/2009\/11\/fisi.png","contentUrl":"http:\/\/www.bellunopress.it\/wp-content\/uploads\/2009\/11\/fisi.png"},{"@type":"BreadcrumbList","@id":"https:\/\/www.bellunopress.it\/2012\/11\/24\/presentato-il-grand-prix-lattebusche\/#breadcrumb","itemListElement":[{"@type":"ListItem","position":1,"name":"Home","item":"https:\/\/www.bellunopress.it\/"},{"@type":"ListItem","position":2,"name":"Presentato il Grand Prix LatteBusche"}]},{"@type":"WebSite","@id":"https:\/\/www.bellunopress.it\/#website","url":"https:\/\/www.bellunopress.it\/","name":"Bellunopress - Dolomiti","description":"e-mail: redazione@bellunopress.it","publisher":{"@id":"https:\/\/www.bellunopress.it\/#organization"},"potentialAction":[{"@type":"SearchAction","target":{"@type":"EntryPoint","urlTemplate":"https:\/\/www.bellunopress.it\/?s={search_term_string}"},"query-input":{"@type":"PropertyValueSpecification","valueRequired":true,"valueName":"search_term_string"}}],"inLanguage":"fr-FR"},{"@type":"Organization","@id":"https:\/\/www.bellunopress.it\/#organization","name":"Bellunopress","url":"https:\/\/www.bellunopress.it\/","logo":{"@type":"ImageObject","inLanguage":"fr-FR","@id":"https:\/\/www.bellunopress.it\/#\/schema\/logo\/image\/","url":"https:\/\/www.bellunopress.it\/wp-content\/uploads\/2011\/05\/cropped-logo-bellunopress-.jpg","contentUrl":"https:\/\/www.bellunopress.it\/wp-content\/uploads\/2011\/05\/cropped-logo-bellunopress-.jpg","width":512,"height":512,"caption":"Bellunopress"},"image":{"@id":"https:\/\/www.bellunopress.it\/#\/schema\/logo\/image\/"},"sameAs":["https:\/\/www.facebook.com\/profile.php?id=100008943462799","https:\/\/x.com\/bellunopress","https:\/\/www.linkedin.com\/hp\/?dnr=JBzUWaJfMUw8vbXJJ2tVW5-I3jZKvC4wsoxE&amp;amp;amp;amp;amp;amp;trk=nav_responsive_tab_home","https:\/\/www.youtube.com\/channel\/UCxL0wu1uN0_3_7hGG0306cw"]},{"@type":"Person","@id":"https:\/\/www.bellunopress.it\/#\/schema\/person\/79bb06722b37ece1c03d3e94beb30d73","name":"r\u00e9daction","image":{"@type":"ImageObject","inLanguage":"fr-FR","@id":"https:\/\/secure.gravatar.com\/avatar\/37d968a2e67a6fd04c169c4bdef102d0bc5d31b2546345219e348575eb80e9a0?s=96&d=mm&r=g","url":"https:\/\/secure.gravatar.com\/avatar\/37d968a2e67a6fd04c169c4bdef102d0bc5d31b2546345219e348575eb80e9a0?s=96&d=mm&r=g","contentUrl":"https:\/\/secure.gravatar.com\/avatar\/37d968a2e67a6fd04c169c4bdef102d0bc5d31b2546345219e348575eb80e9a0?s=96&d=mm&r=g","caption":"redazione"},"sameAs":["http:\/\/www.bellunopress.it","https:\/\/x.com\/bellunopress"],"url":"https:\/\/www.bellunopress.it\/fr\/author\/redazione\/"}]}},"_links":{"self":[{"href":"https:\/\/www.bellunopress.it\/fr\/wp-json\/wp\/v2\/posts\/44181","targetHints":{"allow":["GET"]}}],"collection":[{"href":"https:\/\/www.bellunopress.it\/fr\/wp-json\/wp\/v2\/posts"}],"about":[{"href":"https:\/\/www.bellunopress.it\/fr\/wp-json\/wp\/v2\/types\/post"}],"author":[{"embeddable":true,"href":"https:\/\/www.bellunopress.it\/fr\/wp-json\/wp\/v2\/users\/2"}],"replies":[{"embeddable":true,"href":"https:\/\/www.bellunopress.it\/fr\/wp-json\/wp\/v2\/comments?post=44181"}],"version-history":[{"count":2,"href":"https:\/\/www.bellunopress.it\/fr\/wp-json\/wp\/v2\/posts\/44181\/revisions"}],"predecessor-version":[{"id":44183,"href":"https:\/\/www.bellunopress.it\/fr\/wp-json\/wp\/v2\/posts\/44181\/revisions\/44183"}],"wp:attachment":[{"href":"https:\/\/www.bellunopress.it\/fr\/wp-json\/wp\/v2\/media?parent=44181"}],"wp:term":[{"taxonomy":"category","embeddable":true,"href":"https:\/\/www.bellunopress.it\/fr\/wp-json\/wp\/v2\/categories?post=44181"},{"taxonomy":"post_tag","embeddable":true,"href":"https:\/\/www.bellunopress.it\/fr\/wp-json\/wp\/v2\/tags?post=44181"}],"curies":[{"name":"wp","href":"https:\/\/api.w.org\/{rel}","templated":true}]}}