{"id":44169,"date":"2012-11-24T13:47:18","date_gmt":"2012-11-24T12:47:18","guid":{"rendered":"http:\/\/www.bellunopress.it\/?p=44169"},"modified":"2012-11-24T13:47:18","modified_gmt":"2012-11-24T12:47:18","slug":"il-16-dicembre-ritornano-i-mercatini-di-zorzoi","status":"publish","type":"post","link":"https:\/\/www.bellunopress.it\/fr\/2012\/11\/24\/il-16-dicembre-ritornano-i-mercatini-di-zorzoi\/","title":{"rendered":"Il 16 dicembre ritornano i mercatini di Zorzoi"},"content":{"rendered":"<p>Domenica 16 dicembre ritornano i Mercatini di Natale a Zorzoi che quest&#8217;anno sono giunti alla 7\u00b0edizione.<\/p>\n<p><a href=\"http:\/\/www.bellunopress.it\/wp-content\/uploads\/2011\/12\/zorzoi-cavallo.jpg\"><img loading=\"lazy\" decoding=\"async\" class=\"alignleft size-full wp-image-32977\" title=\"zorzoi cavallo\" src=\"http:\/\/www.bellunopress.it\/wp-content\/uploads\/2011\/12\/zorzoi-cavallo.jpg\" alt=\"\" width=\"240\" height=\"216\" \/><\/a>Partiti quasi in sordina nel 2006 con un pubblico di circa 600 visitatori, la passata edizione (2011) ha avuto un incremento di presenze raggiungendo quota 10000 .<\/p>\n<p>Molte le novit\u00e0 2012: in primis la partecipazione di Mirco della Vecchia maestro cioccolataio bellunese che creer\u00e0 per noi una scultura di cioccolato.Concorso amatoriale su Facebook &#8220;Scrivi la frase pi\u00f9 cioccolatosa&#8221; info su: <a href=\"https:\/\/www.facebook.com\/#!\/pages\/Mercatini-di-Natale-a-Zorzoi\/155165634572700u\">https:\/\/www.facebook.com\/#!\/pages\/Mercatini-di-Natale-a-Zorzoi\/155165634572700u<\/a>:<\/p>\n<p>Musica natalizia dal vivo con la tromba di Francesco Fent<\/p>\n<p>Nuova carrozza e nuovo percorso pomeridiano<\/p>\n<p>3 sale riscaldate dove si potranno gustare vari manicaretti locali<\/p>\n<p>La bottega degli scalpellini di Castellavazzo<\/p>\n<p>Si amplia la fattoria degli animali<\/p>\n<p>Il folletto contastorie<\/p>\n<p>Alle ore 10:00 -Inaugurazione 7\u00b0edizione de i &#8220;Mercatini di Natale a Zorzoi &#8220;alla presenza di importanti autorit\u00e0<\/p>\n<p>10:30- Parte la carrozza con i cavalli<\/p>\n<p>11:00-Apertura stand gastronomici<\/p>\n<p>14:00-Esibizione del maestro cioccolataio Mirco Della Vecchia<\/p>\n<p>14:30-Sfilata gruppo folkloristico di Cesiomaggiore<\/p>\n<p>15:30-Arriva Babbo Natale (quello vero!) con un sacco di dolci e di favole&#8230;.<\/p>\n<p>17:30-Concerto del coro veneziano &#8220;La Spineta&#8221; .Una settantina di cantori che si esibiranno presso la chiesa di Pompei<\/p>\n<p>Da non perdere: i presepi alle finestre e nelle nicchie lungo le vie di Zorzoi, il giro del paese in carrozza, i numerosissimi espositori artigiani che espongono la loro merce all&#8217;interno delle cantine, stalle, fienili,grotte&#8230;&#8230;.<\/p>\n<p>&nbsp;<\/p>","protected":false},"excerpt":{"rendered":"<p>Domenica 16 dicembre ritornano i Mercatini di Natale a Zorzoi che quest&#8217;anno sono giunti alla 7\u00b0edizione. Partiti quasi in sordina nel 2006 con un pubblico di circa 600 visitatori, la passata edizione (2011) ha avuto un incremento di presenze raggiungendo quota 10000 . Molte le novit\u00e0 2012: in primis la partecipazione di Mirco della Vecchia [&hellip;]<\/p>\n","protected":false},"author":2,"featured_media":0,"comment_status":"closed","ping_status":"open","sticky":false,"template":"","format":"standard","meta":{"footnotes":""},"categories":[27,25,8],"tags":[],"class_list":["post-44169","post","type-post","status-publish","format-standard","category-appuntamenti","category-pausa-caffe","category-societa-istituzioni"],"yoast_head":"<!-- This site is optimized with the Yoast SEO plugin v28.4 - https:\/\/yoast.com\/product\/yoast-seo-wordpress\/ -->\n<title>Il 16 dicembre ritornano i mercatini di Zorzoi - Bellunopress - Dolomiti<\/title>\n<meta name=\"robots\" content=\"index, follow, max-snippet:-1, max-image-preview:large, max-video-preview:-1\" \/>\n<link rel=\"canonical\" href=\"https:\/\/www.bellunopress.it\/fr\/2012\/11\/24\/il-16-dicembre-ritornano-i-mercatini-di-zorzoi\/\" \/>\n<meta property=\"og:locale\" content=\"fr_FR\" \/>\n<meta property=\"og:type\" content=\"article\" \/>\n<meta property=\"og:title\" content=\"Il 16 dicembre ritornano i mercatini di Zorzoi - Bellunopress - Dolomiti\" \/>\n<meta property=\"og:description\" content=\"Domenica 16 dicembre ritornano i Mercatini di Natale a Zorzoi che quest&#8217;anno sono giunti alla 7\u00b0edizione. Partiti quasi in sordina nel 2006 con un pubblico di circa 600 visitatori, la passata edizione (2011) ha avuto un incremento di presenze raggiungendo quota 10000 . Molte le novit\u00e0 2012: in primis la partecipazione di Mirco della Vecchia [&hellip;]\" \/>\n<meta property=\"og:url\" content=\"https:\/\/www.bellunopress.it\/fr\/2012\/11\/24\/il-16-dicembre-ritornano-i-mercatini-di-zorzoi\/\" \/>\n<meta property=\"og:site_name\" content=\"Bellunopress - Dolomiti\" \/>\n<meta property=\"article:publisher\" content=\"https:\/\/www.facebook.com\/profile.php?id=100008943462799\" \/>\n<meta property=\"article:published_time\" content=\"2012-11-24T12:47:18+00:00\" \/>\n<meta property=\"og:image\" content=\"http:\/\/www.bellunopress.it\/wp-content\/uploads\/2011\/12\/zorzoi-cavallo.jpg\" \/>\n<meta name=\"author\" content=\"redazione\" \/>\n<meta name=\"twitter:card\" content=\"summary_large_image\" \/>\n<meta name=\"twitter:creator\" content=\"@bellunopress\" \/>\n<meta name=\"twitter:site\" content=\"@bellunopress\" \/>\n<meta name=\"twitter:label1\" content=\"Written by\" \/>\n\t<meta name=\"twitter:data1\" content=\"redazione\" \/>\n\t<meta name=\"twitter:label2\" content=\"Est. reading time\" \/>\n\t<meta name=\"twitter:data2\" content=\"1 minute\" \/>\n<script type=\"application\/ld+json\" class=\"yoast-schema-graph\">{\"@context\":\"https:\\\/\\\/schema.org\",\"@graph\":[{\"@type\":\"Article\",\"@id\":\"https:\\\/\\\/www.bellunopress.it\\\/2012\\\/11\\\/24\\\/il-16-dicembre-ritornano-i-mercatini-di-zorzoi\\\/#article\",\"isPartOf\":{\"@id\":\"https:\\\/\\\/www.bellunopress.it\\\/2012\\\/11\\\/24\\\/il-16-dicembre-ritornano-i-mercatini-di-zorzoi\\\/\"},\"author\":{\"name\":\"redazione\",\"@id\":\"https:\\\/\\\/www.bellunopress.it\\\/#\\\/schema\\\/person\\\/79bb06722b37ece1c03d3e94beb30d73\"},\"headline\":\"Il 16 dicembre ritornano i mercatini di Zorzoi\",\"datePublished\":\"2012-11-24T12:47:18+00:00\",\"mainEntityOfPage\":{\"@id\":\"https:\\\/\\\/www.bellunopress.it\\\/2012\\\/11\\\/24\\\/il-16-dicembre-ritornano-i-mercatini-di-zorzoi\\\/\"},\"wordCount\":232,\"publisher\":{\"@id\":\"https:\\\/\\\/www.bellunopress.it\\\/#organization\"},\"image\":{\"@id\":\"https:\\\/\\\/www.bellunopress.it\\\/2012\\\/11\\\/24\\\/il-16-dicembre-ritornano-i-mercatini-di-zorzoi\\\/#primaryimage\"},\"thumbnailUrl\":\"http:\\\/\\\/www.bellunopress.it\\\/wp-content\\\/uploads\\\/2011\\\/12\\\/zorzoi-cavallo.jpg\",\"articleSection\":[\"Appuntamenti, Eventi\",\"Pausa Caff\u00e8\",\"Societ\u00e0, Associazioni, Istituzioni\"],\"inLanguage\":\"fr-FR\"},{\"@type\":\"WebPage\",\"@id\":\"https:\\\/\\\/www.bellunopress.it\\\/2012\\\/11\\\/24\\\/il-16-dicembre-ritornano-i-mercatini-di-zorzoi\\\/\",\"url\":\"https:\\\/\\\/www.bellunopress.it\\\/2012\\\/11\\\/24\\\/il-16-dicembre-ritornano-i-mercatini-di-zorzoi\\\/\",\"name\":\"Il 16 dicembre ritornano i mercatini di Zorzoi - Bellunopress - Dolomiti\",\"isPartOf\":{\"@id\":\"https:\\\/\\\/www.bellunopress.it\\\/#website\"},\"primaryImageOfPage\":{\"@id\":\"https:\\\/\\\/www.bellunopress.it\\\/2012\\\/11\\\/24\\\/il-16-dicembre-ritornano-i-mercatini-di-zorzoi\\\/#primaryimage\"},\"image\":{\"@id\":\"https:\\\/\\\/www.bellunopress.it\\\/2012\\\/11\\\/24\\\/il-16-dicembre-ritornano-i-mercatini-di-zorzoi\\\/#primaryimage\"},\"thumbnailUrl\":\"http:\\\/\\\/www.bellunopress.it\\\/wp-content\\\/uploads\\\/2011\\\/12\\\/zorzoi-cavallo.jpg\",\"datePublished\":\"2012-11-24T12:47:18+00:00\",\"breadcrumb\":{\"@id\":\"https:\\\/\\\/www.bellunopress.it\\\/2012\\\/11\\\/24\\\/il-16-dicembre-ritornano-i-mercatini-di-zorzoi\\\/#breadcrumb\"},\"inLanguage\":\"fr-FR\",\"potentialAction\":[{\"@type\":\"ReadAction\",\"target\":[\"https:\\\/\\\/www.bellunopress.it\\\/2012\\\/11\\\/24\\\/il-16-dicembre-ritornano-i-mercatini-di-zorzoi\\\/\"]}]},{\"@type\":\"ImageObject\",\"inLanguage\":\"fr-FR\",\"@id\":\"https:\\\/\\\/www.bellunopress.it\\\/2012\\\/11\\\/24\\\/il-16-dicembre-ritornano-i-mercatini-di-zorzoi\\\/#primaryimage\",\"url\":\"http:\\\/\\\/www.bellunopress.it\\\/wp-content\\\/uploads\\\/2011\\\/12\\\/zorzoi-cavallo.jpg\",\"contentUrl\":\"http:\\\/\\\/www.bellunopress.it\\\/wp-content\\\/uploads\\\/2011\\\/12\\\/zorzoi-cavallo.jpg\"},{\"@type\":\"BreadcrumbList\",\"@id\":\"https:\\\/\\\/www.bellunopress.it\\\/2012\\\/11\\\/24\\\/il-16-dicembre-ritornano-i-mercatini-di-zorzoi\\\/#breadcrumb\",\"itemListElement\":[{\"@type\":\"ListItem\",\"position\":1,\"name\":\"Home\",\"item\":\"https:\\\/\\\/www.bellunopress.it\\\/\"},{\"@type\":\"ListItem\",\"position\":2,\"name\":\"Il 16 dicembre ritornano i mercatini di Zorzoi\"}]},{\"@type\":\"WebSite\",\"@id\":\"https:\\\/\\\/www.bellunopress.it\\\/#website\",\"url\":\"https:\\\/\\\/www.bellunopress.it\\\/\",\"name\":\"Bellunopress - Dolomiti\",\"description\":\"e-mail: redazione@bellunopress.it\",\"publisher\":{\"@id\":\"https:\\\/\\\/www.bellunopress.it\\\/#organization\"},\"potentialAction\":[{\"@type\":\"SearchAction\",\"target\":{\"@type\":\"EntryPoint\",\"urlTemplate\":\"https:\\\/\\\/www.bellunopress.it\\\/?s={search_term_string}\"},\"query-input\":{\"@type\":\"PropertyValueSpecification\",\"valueRequired\":true,\"valueName\":\"search_term_string\"}}],\"inLanguage\":\"fr-FR\"},{\"@type\":\"Organization\",\"@id\":\"https:\\\/\\\/www.bellunopress.it\\\/#organization\",\"name\":\"Bellunopress\",\"url\":\"https:\\\/\\\/www.bellunopress.it\\\/\",\"logo\":{\"@type\":\"ImageObject\",\"inLanguage\":\"fr-FR\",\"@id\":\"https:\\\/\\\/www.bellunopress.it\\\/#\\\/schema\\\/logo\\\/image\\\/\",\"url\":\"https:\\\/\\\/www.bellunopress.it\\\/wp-content\\\/uploads\\\/2011\\\/05\\\/cropped-logo-bellunopress-.jpg\",\"contentUrl\":\"https:\\\/\\\/www.bellunopress.it\\\/wp-content\\\/uploads\\\/2011\\\/05\\\/cropped-logo-bellunopress-.jpg\",\"width\":512,\"height\":512,\"caption\":\"Bellunopress\"},\"image\":{\"@id\":\"https:\\\/\\\/www.bellunopress.it\\\/#\\\/schema\\\/logo\\\/image\\\/\"},\"sameAs\":[\"https:\\\/\\\/www.facebook.com\\\/profile.php?id=100008943462799\",\"https:\\\/\\\/x.com\\\/bellunopress\",\"https:\\\/\\\/www.linkedin.com\\\/hp\\\/?dnr=JBzUWaJfMUw8vbXJJ2tVW5-I3jZKvC4wsoxE&amp;amp;amp;amp;amp;amp;trk=nav_responsive_tab_home\",\"https:\\\/\\\/www.youtube.com\\\/channel\\\/UCxL0wu1uN0_3_7hGG0306cw\"]},{\"@type\":\"Person\",\"@id\":\"https:\\\/\\\/www.bellunopress.it\\\/#\\\/schema\\\/person\\\/79bb06722b37ece1c03d3e94beb30d73\",\"name\":\"redazione\",\"image\":{\"@type\":\"ImageObject\",\"inLanguage\":\"fr-FR\",\"@id\":\"https:\\\/\\\/secure.gravatar.com\\\/avatar\\\/37d968a2e67a6fd04c169c4bdef102d0bc5d31b2546345219e348575eb80e9a0?s=96&d=mm&r=g\",\"url\":\"https:\\\/\\\/secure.gravatar.com\\\/avatar\\\/37d968a2e67a6fd04c169c4bdef102d0bc5d31b2546345219e348575eb80e9a0?s=96&d=mm&r=g\",\"contentUrl\":\"https:\\\/\\\/secure.gravatar.com\\\/avatar\\\/37d968a2e67a6fd04c169c4bdef102d0bc5d31b2546345219e348575eb80e9a0?s=96&d=mm&r=g\",\"caption\":\"redazione\"},\"sameAs\":[\"http:\\\/\\\/www.bellunopress.it\",\"https:\\\/\\\/x.com\\\/bellunopress\"],\"url\":\"https:\\\/\\\/www.bellunopress.it\\\/fr\\\/author\\\/redazione\\\/\"}]}<\/script>\n<!-- \/ Yoast SEO plugin. -->","yoast_head_json":{"title":"Il 16 dicembre ritornano i mercatini di Zorzoi - Bellunopress - Dolomiti","robots":{"index":"index","follow":"follow","max-snippet":"max-snippet:-1","max-image-preview":"max-image-preview:large","max-video-preview":"max-video-preview:-1"},"canonical":"https:\/\/www.bellunopress.it\/fr\/2012\/11\/24\/il-16-dicembre-ritornano-i-mercatini-di-zorzoi\/","og_locale":"fr_FR","og_type":"article","og_title":"Il 16 dicembre ritornano i mercatini di Zorzoi - Bellunopress - Dolomiti","og_description":"Domenica 16 dicembre ritornano i Mercatini di Natale a Zorzoi che quest&#8217;anno sono giunti alla 7\u00b0edizione. Partiti quasi in sordina nel 2006 con un pubblico di circa 600 visitatori, la passata edizione (2011) ha avuto un incremento di presenze raggiungendo quota 10000 . Molte le novit\u00e0 2012: in primis la partecipazione di Mirco della Vecchia [&hellip;]","og_url":"https:\/\/www.bellunopress.it\/fr\/2012\/11\/24\/il-16-dicembre-ritornano-i-mercatini-di-zorzoi\/","og_site_name":"Bellunopress - Dolomiti","article_publisher":"https:\/\/www.facebook.com\/profile.php?id=100008943462799","article_published_time":"2012-11-24T12:47:18+00:00","og_image":[{"url":"http:\/\/www.bellunopress.it\/wp-content\/uploads\/2011\/12\/zorzoi-cavallo.jpg","type":"","width":"","height":""}],"author":"redazione","twitter_card":"summary_large_image","twitter_creator":"@bellunopress","twitter_site":"@bellunopress","twitter_misc":{"Written by":"redazione","Est. reading time":"1 minute"},"schema":{"@context":"https:\/\/schema.org","@graph":[{"@type":"Article","@id":"https:\/\/www.bellunopress.it\/2012\/11\/24\/il-16-dicembre-ritornano-i-mercatini-di-zorzoi\/#article","isPartOf":{"@id":"https:\/\/www.bellunopress.it\/2012\/11\/24\/il-16-dicembre-ritornano-i-mercatini-di-zorzoi\/"},"author":{"name":"redazione","@id":"https:\/\/www.bellunopress.it\/#\/schema\/person\/79bb06722b37ece1c03d3e94beb30d73"},"headline":"Il 16 dicembre ritornano i mercatini di Zorzoi","datePublished":"2012-11-24T12:47:18+00:00","mainEntityOfPage":{"@id":"https:\/\/www.bellunopress.it\/2012\/11\/24\/il-16-dicembre-ritornano-i-mercatini-di-zorzoi\/"},"wordCount":232,"publisher":{"@id":"https:\/\/www.bellunopress.it\/#organization"},"image":{"@id":"https:\/\/www.bellunopress.it\/2012\/11\/24\/il-16-dicembre-ritornano-i-mercatini-di-zorzoi\/#primaryimage"},"thumbnailUrl":"http:\/\/www.bellunopress.it\/wp-content\/uploads\/2011\/12\/zorzoi-cavallo.jpg","articleSection":["Appuntamenti, Eventi","Pausa Caff\u00e8","Societ\u00e0, Associazioni, Istituzioni"],"inLanguage":"fr-FR"},{"@type":"WebPage","@id":"https:\/\/www.bellunopress.it\/2012\/11\/24\/il-16-dicembre-ritornano-i-mercatini-di-zorzoi\/","url":"https:\/\/www.bellunopress.it\/2012\/11\/24\/il-16-dicembre-ritornano-i-mercatini-di-zorzoi\/","name":"Il 16 dicembre ritornano i mercatini di Zorzoi - Bellunopress - Dolomiti","isPartOf":{"@id":"https:\/\/www.bellunopress.it\/#website"},"primaryImageOfPage":{"@id":"https:\/\/www.bellunopress.it\/2012\/11\/24\/il-16-dicembre-ritornano-i-mercatini-di-zorzoi\/#primaryimage"},"image":{"@id":"https:\/\/www.bellunopress.it\/2012\/11\/24\/il-16-dicembre-ritornano-i-mercatini-di-zorzoi\/#primaryimage"},"thumbnailUrl":"http:\/\/www.bellunopress.it\/wp-content\/uploads\/2011\/12\/zorzoi-cavallo.jpg","datePublished":"2012-11-24T12:47:18+00:00","breadcrumb":{"@id":"https:\/\/www.bellunopress.it\/2012\/11\/24\/il-16-dicembre-ritornano-i-mercatini-di-zorzoi\/#breadcrumb"},"inLanguage":"fr-FR","potentialAction":[{"@type":"ReadAction","target":["https:\/\/www.bellunopress.it\/2012\/11\/24\/il-16-dicembre-ritornano-i-mercatini-di-zorzoi\/"]}]},{"@type":"ImageObject","inLanguage":"fr-FR","@id":"https:\/\/www.bellunopress.it\/2012\/11\/24\/il-16-dicembre-ritornano-i-mercatini-di-zorzoi\/#primaryimage","url":"http:\/\/www.bellunopress.it\/wp-content\/uploads\/2011\/12\/zorzoi-cavallo.jpg","contentUrl":"http:\/\/www.bellunopress.it\/wp-content\/uploads\/2011\/12\/zorzoi-cavallo.jpg"},{"@type":"BreadcrumbList","@id":"https:\/\/www.bellunopress.it\/2012\/11\/24\/il-16-dicembre-ritornano-i-mercatini-di-zorzoi\/#breadcrumb","itemListElement":[{"@type":"ListItem","position":1,"name":"Home","item":"https:\/\/www.bellunopress.it\/"},{"@type":"ListItem","position":2,"name":"Il 16 dicembre ritornano i mercatini di Zorzoi"}]},{"@type":"WebSite","@id":"https:\/\/www.bellunopress.it\/#website","url":"https:\/\/www.bellunopress.it\/","name":"Bellunopress - Dolomiti","description":"e-mail: redazione@bellunopress.it","publisher":{"@id":"https:\/\/www.bellunopress.it\/#organization"},"potentialAction":[{"@type":"SearchAction","target":{"@type":"EntryPoint","urlTemplate":"https:\/\/www.bellunopress.it\/?s={search_term_string}"},"query-input":{"@type":"PropertyValueSpecification","valueRequired":true,"valueName":"search_term_string"}}],"inLanguage":"fr-FR"},{"@type":"Organization","@id":"https:\/\/www.bellunopress.it\/#organization","name":"Bellunopress","url":"https:\/\/www.bellunopress.it\/","logo":{"@type":"ImageObject","inLanguage":"fr-FR","@id":"https:\/\/www.bellunopress.it\/#\/schema\/logo\/image\/","url":"https:\/\/www.bellunopress.it\/wp-content\/uploads\/2011\/05\/cropped-logo-bellunopress-.jpg","contentUrl":"https:\/\/www.bellunopress.it\/wp-content\/uploads\/2011\/05\/cropped-logo-bellunopress-.jpg","width":512,"height":512,"caption":"Bellunopress"},"image":{"@id":"https:\/\/www.bellunopress.it\/#\/schema\/logo\/image\/"},"sameAs":["https:\/\/www.facebook.com\/profile.php?id=100008943462799","https:\/\/x.com\/bellunopress","https:\/\/www.linkedin.com\/hp\/?dnr=JBzUWaJfMUw8vbXJJ2tVW5-I3jZKvC4wsoxE&amp;amp;amp;amp;amp;amp;trk=nav_responsive_tab_home","https:\/\/www.youtube.com\/channel\/UCxL0wu1uN0_3_7hGG0306cw"]},{"@type":"Person","@id":"https:\/\/www.bellunopress.it\/#\/schema\/person\/79bb06722b37ece1c03d3e94beb30d73","name":"r\u00e9daction","image":{"@type":"ImageObject","inLanguage":"fr-FR","@id":"https:\/\/secure.gravatar.com\/avatar\/37d968a2e67a6fd04c169c4bdef102d0bc5d31b2546345219e348575eb80e9a0?s=96&d=mm&r=g","url":"https:\/\/secure.gravatar.com\/avatar\/37d968a2e67a6fd04c169c4bdef102d0bc5d31b2546345219e348575eb80e9a0?s=96&d=mm&r=g","contentUrl":"https:\/\/secure.gravatar.com\/avatar\/37d968a2e67a6fd04c169c4bdef102d0bc5d31b2546345219e348575eb80e9a0?s=96&d=mm&r=g","caption":"redazione"},"sameAs":["http:\/\/www.bellunopress.it","https:\/\/x.com\/bellunopress"],"url":"https:\/\/www.bellunopress.it\/fr\/author\/redazione\/"}]}},"_links":{"self":[{"href":"https:\/\/www.bellunopress.it\/fr\/wp-json\/wp\/v2\/posts\/44169","targetHints":{"allow":["GET"]}}],"collection":[{"href":"https:\/\/www.bellunopress.it\/fr\/wp-json\/wp\/v2\/posts"}],"about":[{"href":"https:\/\/www.bellunopress.it\/fr\/wp-json\/wp\/v2\/types\/post"}],"author":[{"embeddable":true,"href":"https:\/\/www.bellunopress.it\/fr\/wp-json\/wp\/v2\/users\/2"}],"replies":[{"embeddable":true,"href":"https:\/\/www.bellunopress.it\/fr\/wp-json\/wp\/v2\/comments?post=44169"}],"version-history":[{"count":1,"href":"https:\/\/www.bellunopress.it\/fr\/wp-json\/wp\/v2\/posts\/44169\/revisions"}],"predecessor-version":[{"id":44170,"href":"https:\/\/www.bellunopress.it\/fr\/wp-json\/wp\/v2\/posts\/44169\/revisions\/44170"}],"wp:attachment":[{"href":"https:\/\/www.bellunopress.it\/fr\/wp-json\/wp\/v2\/media?parent=44169"}],"wp:term":[{"taxonomy":"category","embeddable":true,"href":"https:\/\/www.bellunopress.it\/fr\/wp-json\/wp\/v2\/categories?post=44169"},{"taxonomy":"post_tag","embeddable":true,"href":"https:\/\/www.bellunopress.it\/fr\/wp-json\/wp\/v2\/tags?post=44169"}],"curies":[{"name":"wp","href":"https:\/\/api.w.org\/{rel}","templated":true}]}}