{"id":44166,"date":"2012-11-24T13:33:14","date_gmt":"2012-11-24T12:33:14","guid":{"rendered":"http:\/\/www.bellunopress.it\/?p=44166"},"modified":"2012-11-24T13:33:14","modified_gmt":"2012-11-24T12:33:14","slug":"invasione-di-campo-del-6-maggio-notificato-il-divieto-di-accesso-a-manifestazioni-sportive-per-20-tifosi-veneziani-e-trevigiani","status":"publish","type":"post","link":"https:\/\/www.bellunopress.it\/fr\/2012\/11\/24\/invasione-di-campo-del-6-maggio-notificato-il-divieto-di-accesso-a-manifestazioni-sportive-per-20-tifosi-veneziani-e-trevigiani\/","title":{"rendered":"Invasione di campo del 6 maggio. Notificato il divieto di accesso a manifestazioni sportive per 20 tifosi veneziani e trevigiani"},"content":{"rendered":"<figure id=\"attachment_13634\" aria-describedby=\"caption-attachment-13634\" style=\"width: 280px\" class=\"wp-caption alignleft\"><a href=\"http:\/\/www.bellunopress.it\/wp-content\/uploads\/2010\/03\/questura.jpg\"><img loading=\"lazy\" decoding=\"async\" class=\"size-full wp-image-13634\" title=\"questura\" src=\"http:\/\/www.bellunopress.it\/wp-content\/uploads\/2010\/03\/questura.jpg\" alt=\"\" width=\"280\" height=\"210\" \/><\/a><figcaption id=\"caption-attachment-13634\" class=\"wp-caption-text\">Questura di Belluno<\/figcaption><\/figure>\n<p>Lo scorso 06 maggio 2012, presso il locale Polisportivo si svolgeva l\u2019incontro di calcio valevole per il campionato nazionale di serie \u201cD\u201d, tra le formazioni del Belluno e dell\u2019Unione Venezia.<\/p>\n<p>Al 43\u00b0 minuto del secondo tempo l\u2019incontro veniva sospeso dall\u2019arbitro poich\u00e9 dei tifosi del Venezia entravano nell\u2019area di gioco dopo aver scavalcato la recinzione; lo stesso riprendeva a breve distanza dopo che gli invasori erano rientrati al loro posto nella tribuna destinata agli ospiti.<\/p>\n<p>Con le immagini e foto raccolte nell\u2019occasione da personale del Gabinetto di Polizia Scientifica, la DIGOS della Questura di Belluno, riusciva ad identificare i responsabili dell\u2019invasione di campo e della relativa sospensione del gioco denuncia doli all\u2019A.G. per il reato di cui all\u2019art. 6 bis 2\u00b0 comma della legge nr.401 del 13 ottobre 1989 (invasione di campo in occasione di manifestazioni sportive).<\/p>\n<p>Il Questore di Belluno, a seguito dell\u2019identificazione dei 20 giovani, tutti di sesso maschile, di et\u00e0 compresa tra i 20 e 40 anni, residenti nell\u2019area veneziana e bassa trevigiana, notificava loro il provvedimento che ordina il divieto di accesso a tutti i luoghi del Territorio Nazionale ed esteeneziani e trevigiani che avevano invaso il camporo dove si svolgono manifestazioni sportive calcistiche relative a campionati nazioni serie A,B, Pro 1^ e 2^ divisione, D, Eccellenza, tornei internazionali (Mondiali Calcio, Chapions Leaghe, Europa Leaghe), Coppa Italia e partite della nazionale italiana di calcio comprese le amichevoli, inoltre, agli incontri di bascket di ogni categoria e ordine per il periodo di un anno a 14 di questi, e un anno e sei mesi ai rimanenti 6 giovani.<\/p>\n<p>&nbsp;<\/p>\n<p>&nbsp;<\/p>","protected":false},"excerpt":{"rendered":"<p>Lo scorso 06 maggio 2012, presso il locale Polisportivo si svolgeva l\u2019incontro di calcio valevole per il campionato nazionale di serie \u201cD\u201d, tra le formazioni del Belluno e dell\u2019Unione Venezia. Al 43\u00b0 minuto del secondo tempo l\u2019incontro veniva sospeso dall\u2019arbitro poich\u00e9 dei tifosi del Venezia entravano nell\u2019area di gioco dopo aver scavalcato la recinzione; lo [&hellip;]<\/p>\n","protected":false},"author":2,"featured_media":0,"comment_status":"closed","ping_status":"open","sticky":false,"template":"","format":"standard","meta":{"footnotes":""},"categories":[1],"tags":[],"class_list":["post-44166","post","type-post","status-publish","format-standard","category-leo"],"yoast_head":"<!-- This site is optimized with the Yoast SEO plugin v28.4 - https:\/\/yoast.com\/product\/yoast-seo-wordpress\/ -->\n<title>Invasione di campo del 6 maggio. Notificato il divieto di accesso a manifestazioni sportive per 20 tifosi veneziani e trevigiani  - Bellunopress - Dolomiti<\/title>\n<meta name=\"robots\" content=\"index, follow, max-snippet:-1, max-image-preview:large, max-video-preview:-1\" \/>\n<link rel=\"canonical\" href=\"https:\/\/www.bellunopress.it\/fr\/2012\/11\/24\/invasione-di-campo-del-6-maggio-notificato-il-divieto-di-accesso-a-manifestazioni-sportive-per-20-tifosi-veneziani-e-trevigiani\/\" \/>\n<meta property=\"og:locale\" content=\"fr_FR\" \/>\n<meta property=\"og:type\" content=\"article\" \/>\n<meta property=\"og:title\" content=\"Invasione di campo del 6 maggio. Notificato il divieto di accesso a manifestazioni sportive per 20 tifosi veneziani e trevigiani  - Bellunopress - Dolomiti\" \/>\n<meta property=\"og:description\" content=\"Lo scorso 06 maggio 2012, presso il locale Polisportivo si svolgeva l\u2019incontro di calcio valevole per il campionato nazionale di serie \u201cD\u201d, tra le formazioni del Belluno e dell\u2019Unione Venezia. Al 43\u00b0 minuto del secondo tempo l\u2019incontro veniva sospeso dall\u2019arbitro poich\u00e9 dei tifosi del Venezia entravano nell\u2019area di gioco dopo aver scavalcato la recinzione; lo [&hellip;]\" \/>\n<meta property=\"og:url\" content=\"https:\/\/www.bellunopress.it\/fr\/2012\/11\/24\/invasione-di-campo-del-6-maggio-notificato-il-divieto-di-accesso-a-manifestazioni-sportive-per-20-tifosi-veneziani-e-trevigiani\/\" \/>\n<meta property=\"og:site_name\" content=\"Bellunopress - Dolomiti\" \/>\n<meta property=\"article:publisher\" content=\"https:\/\/www.facebook.com\/profile.php?id=100008943462799\" \/>\n<meta property=\"article:published_time\" content=\"2012-11-24T12:33:14+00:00\" \/>\n<meta property=\"og:image\" content=\"http:\/\/www.bellunopress.it\/wp-content\/uploads\/2010\/03\/questura.jpg\" \/>\n<meta name=\"author\" content=\"redazione\" \/>\n<meta name=\"twitter:card\" content=\"summary_large_image\" \/>\n<meta name=\"twitter:creator\" content=\"@bellunopress\" \/>\n<meta name=\"twitter:site\" content=\"@bellunopress\" \/>\n<meta name=\"twitter:label1\" content=\"\u00c9crit par\" \/>\n\t<meta name=\"twitter:data1\" content=\"redazione\" \/>\n\t<meta name=\"twitter:label2\" content=\"Dur\u00e9e de lecture estim\u00e9e\" \/>\n\t<meta name=\"twitter:data2\" content=\"1 minute\" \/>\n<script type=\"application\/ld+json\" class=\"yoast-schema-graph\">{\"@context\":\"https:\\\/\\\/schema.org\",\"@graph\":[{\"@type\":\"Article\",\"@id\":\"https:\\\/\\\/www.bellunopress.it\\\/2012\\\/11\\\/24\\\/invasione-di-campo-del-6-maggio-notificato-il-divieto-di-accesso-a-manifestazioni-sportive-per-20-tifosi-veneziani-e-trevigiani\\\/#article\",\"isPartOf\":{\"@id\":\"https:\\\/\\\/www.bellunopress.it\\\/2012\\\/11\\\/24\\\/invasione-di-campo-del-6-maggio-notificato-il-divieto-di-accesso-a-manifestazioni-sportive-per-20-tifosi-veneziani-e-trevigiani\\\/\"},\"author\":{\"name\":\"redazione\",\"@id\":\"https:\\\/\\\/www.bellunopress.it\\\/#\\\/schema\\\/person\\\/79bb06722b37ece1c03d3e94beb30d73\"},\"headline\":\"Invasione di campo del 6 maggio. Notificato il divieto di accesso a manifestazioni sportive per 20 tifosi veneziani e trevigiani\",\"datePublished\":\"2012-11-24T12:33:14+00:00\",\"mainEntityOfPage\":{\"@id\":\"https:\\\/\\\/www.bellunopress.it\\\/2012\\\/11\\\/24\\\/invasione-di-campo-del-6-maggio-notificato-il-divieto-di-accesso-a-manifestazioni-sportive-per-20-tifosi-veneziani-e-trevigiani\\\/\"},\"wordCount\":289,\"publisher\":{\"@id\":\"https:\\\/\\\/www.bellunopress.it\\\/#organization\"},\"image\":{\"@id\":\"https:\\\/\\\/www.bellunopress.it\\\/2012\\\/11\\\/24\\\/invasione-di-campo-del-6-maggio-notificato-il-divieto-di-accesso-a-manifestazioni-sportive-per-20-tifosi-veneziani-e-trevigiani\\\/#primaryimage\"},\"thumbnailUrl\":\"http:\\\/\\\/www.bellunopress.it\\\/wp-content\\\/uploads\\\/2010\\\/03\\\/questura.jpg\",\"articleSection\":[\"Lettere Opinioni\"],\"inLanguage\":\"fr-FR\"},{\"@type\":\"WebPage\",\"@id\":\"https:\\\/\\\/www.bellunopress.it\\\/2012\\\/11\\\/24\\\/invasione-di-campo-del-6-maggio-notificato-il-divieto-di-accesso-a-manifestazioni-sportive-per-20-tifosi-veneziani-e-trevigiani\\\/\",\"url\":\"https:\\\/\\\/www.bellunopress.it\\\/2012\\\/11\\\/24\\\/invasione-di-campo-del-6-maggio-notificato-il-divieto-di-accesso-a-manifestazioni-sportive-per-20-tifosi-veneziani-e-trevigiani\\\/\",\"name\":\"Invasione di campo del 6 maggio. Notificato il divieto di accesso a manifestazioni sportive per 20 tifosi veneziani e trevigiani - Bellunopress - Dolomiti\",\"isPartOf\":{\"@id\":\"https:\\\/\\\/www.bellunopress.it\\\/#website\"},\"primaryImageOfPage\":{\"@id\":\"https:\\\/\\\/www.bellunopress.it\\\/2012\\\/11\\\/24\\\/invasione-di-campo-del-6-maggio-notificato-il-divieto-di-accesso-a-manifestazioni-sportive-per-20-tifosi-veneziani-e-trevigiani\\\/#primaryimage\"},\"image\":{\"@id\":\"https:\\\/\\\/www.bellunopress.it\\\/2012\\\/11\\\/24\\\/invasione-di-campo-del-6-maggio-notificato-il-divieto-di-accesso-a-manifestazioni-sportive-per-20-tifosi-veneziani-e-trevigiani\\\/#primaryimage\"},\"thumbnailUrl\":\"http:\\\/\\\/www.bellunopress.it\\\/wp-content\\\/uploads\\\/2010\\\/03\\\/questura.jpg\",\"datePublished\":\"2012-11-24T12:33:14+00:00\",\"breadcrumb\":{\"@id\":\"https:\\\/\\\/www.bellunopress.it\\\/2012\\\/11\\\/24\\\/invasione-di-campo-del-6-maggio-notificato-il-divieto-di-accesso-a-manifestazioni-sportive-per-20-tifosi-veneziani-e-trevigiani\\\/#breadcrumb\"},\"inLanguage\":\"fr-FR\",\"potentialAction\":[{\"@type\":\"ReadAction\",\"target\":[\"https:\\\/\\\/www.bellunopress.it\\\/2012\\\/11\\\/24\\\/invasione-di-campo-del-6-maggio-notificato-il-divieto-di-accesso-a-manifestazioni-sportive-per-20-tifosi-veneziani-e-trevigiani\\\/\"]}]},{\"@type\":\"ImageObject\",\"inLanguage\":\"fr-FR\",\"@id\":\"https:\\\/\\\/www.bellunopress.it\\\/2012\\\/11\\\/24\\\/invasione-di-campo-del-6-maggio-notificato-il-divieto-di-accesso-a-manifestazioni-sportive-per-20-tifosi-veneziani-e-trevigiani\\\/#primaryimage\",\"url\":\"http:\\\/\\\/www.bellunopress.it\\\/wp-content\\\/uploads\\\/2010\\\/03\\\/questura.jpg\",\"contentUrl\":\"http:\\\/\\\/www.bellunopress.it\\\/wp-content\\\/uploads\\\/2010\\\/03\\\/questura.jpg\"},{\"@type\":\"BreadcrumbList\",\"@id\":\"https:\\\/\\\/www.bellunopress.it\\\/2012\\\/11\\\/24\\\/invasione-di-campo-del-6-maggio-notificato-il-divieto-di-accesso-a-manifestazioni-sportive-per-20-tifosi-veneziani-e-trevigiani\\\/#breadcrumb\",\"itemListElement\":[{\"@type\":\"ListItem\",\"position\":1,\"name\":\"Home\",\"item\":\"https:\\\/\\\/www.bellunopress.it\\\/\"},{\"@type\":\"ListItem\",\"position\":2,\"name\":\"Invasione di campo del 6 maggio. Notificato il divieto di accesso a manifestazioni sportive per 20 tifosi veneziani e trevigiani\"}]},{\"@type\":\"WebSite\",\"@id\":\"https:\\\/\\\/www.bellunopress.it\\\/#website\",\"url\":\"https:\\\/\\\/www.bellunopress.it\\\/\",\"name\":\"Bellunopress - Dolomiti\",\"description\":\"e-mail: redazione@bellunopress.it\",\"publisher\":{\"@id\":\"https:\\\/\\\/www.bellunopress.it\\\/#organization\"},\"potentialAction\":[{\"@type\":\"SearchAction\",\"target\":{\"@type\":\"EntryPoint\",\"urlTemplate\":\"https:\\\/\\\/www.bellunopress.it\\\/?s={search_term_string}\"},\"query-input\":{\"@type\":\"PropertyValueSpecification\",\"valueRequired\":true,\"valueName\":\"search_term_string\"}}],\"inLanguage\":\"fr-FR\"},{\"@type\":\"Organization\",\"@id\":\"https:\\\/\\\/www.bellunopress.it\\\/#organization\",\"name\":\"Bellunopress\",\"url\":\"https:\\\/\\\/www.bellunopress.it\\\/\",\"logo\":{\"@type\":\"ImageObject\",\"inLanguage\":\"fr-FR\",\"@id\":\"https:\\\/\\\/www.bellunopress.it\\\/#\\\/schema\\\/logo\\\/image\\\/\",\"url\":\"https:\\\/\\\/www.bellunopress.it\\\/wp-content\\\/uploads\\\/2011\\\/05\\\/cropped-logo-bellunopress-.jpg\",\"contentUrl\":\"https:\\\/\\\/www.bellunopress.it\\\/wp-content\\\/uploads\\\/2011\\\/05\\\/cropped-logo-bellunopress-.jpg\",\"width\":512,\"height\":512,\"caption\":\"Bellunopress\"},\"image\":{\"@id\":\"https:\\\/\\\/www.bellunopress.it\\\/#\\\/schema\\\/logo\\\/image\\\/\"},\"sameAs\":[\"https:\\\/\\\/www.facebook.com\\\/profile.php?id=100008943462799\",\"https:\\\/\\\/x.com\\\/bellunopress\",\"https:\\\/\\\/www.linkedin.com\\\/hp\\\/?dnr=JBzUWaJfMUw8vbXJJ2tVW5-I3jZKvC4wsoxE&amp;amp;amp;amp;amp;amp;trk=nav_responsive_tab_home\",\"https:\\\/\\\/www.youtube.com\\\/channel\\\/UCxL0wu1uN0_3_7hGG0306cw\"]},{\"@type\":\"Person\",\"@id\":\"https:\\\/\\\/www.bellunopress.it\\\/#\\\/schema\\\/person\\\/79bb06722b37ece1c03d3e94beb30d73\",\"name\":\"redazione\",\"image\":{\"@type\":\"ImageObject\",\"inLanguage\":\"fr-FR\",\"@id\":\"https:\\\/\\\/secure.gravatar.com\\\/avatar\\\/37d968a2e67a6fd04c169c4bdef102d0bc5d31b2546345219e348575eb80e9a0?s=96&d=mm&r=g\",\"url\":\"https:\\\/\\\/secure.gravatar.com\\\/avatar\\\/37d968a2e67a6fd04c169c4bdef102d0bc5d31b2546345219e348575eb80e9a0?s=96&d=mm&r=g\",\"contentUrl\":\"https:\\\/\\\/secure.gravatar.com\\\/avatar\\\/37d968a2e67a6fd04c169c4bdef102d0bc5d31b2546345219e348575eb80e9a0?s=96&d=mm&r=g\",\"caption\":\"redazione\"},\"sameAs\":[\"http:\\\/\\\/www.bellunopress.it\",\"https:\\\/\\\/x.com\\\/bellunopress\"],\"url\":\"https:\\\/\\\/www.bellunopress.it\\\/fr\\\/author\\\/redazione\\\/\"}]}<\/script>\n<!-- \/ Yoast SEO plugin. -->","yoast_head_json":{"title":"Invasione di campo del 6 maggio. Notificato il divieto di accesso a manifestazioni sportive per 20 tifosi veneziani e trevigiani  - Bellunopress - Dolomiti","robots":{"index":"index","follow":"follow","max-snippet":"max-snippet:-1","max-image-preview":"max-image-preview:large","max-video-preview":"max-video-preview:-1"},"canonical":"https:\/\/www.bellunopress.it\/fr\/2012\/11\/24\/invasione-di-campo-del-6-maggio-notificato-il-divieto-di-accesso-a-manifestazioni-sportive-per-20-tifosi-veneziani-e-trevigiani\/","og_locale":"fr_FR","og_type":"article","og_title":"Invasione di campo del 6 maggio. Notificato il divieto di accesso a manifestazioni sportive per 20 tifosi veneziani e trevigiani  - Bellunopress - Dolomiti","og_description":"Lo scorso 06 maggio 2012, presso il locale Polisportivo si svolgeva l\u2019incontro di calcio valevole per il campionato nazionale di serie \u201cD\u201d, tra le formazioni del Belluno e dell\u2019Unione Venezia. Al 43\u00b0 minuto del secondo tempo l\u2019incontro veniva sospeso dall\u2019arbitro poich\u00e9 dei tifosi del Venezia entravano nell\u2019area di gioco dopo aver scavalcato la recinzione; lo [&hellip;]","og_url":"https:\/\/www.bellunopress.it\/fr\/2012\/11\/24\/invasione-di-campo-del-6-maggio-notificato-il-divieto-di-accesso-a-manifestazioni-sportive-per-20-tifosi-veneziani-e-trevigiani\/","og_site_name":"Bellunopress - Dolomiti","article_publisher":"https:\/\/www.facebook.com\/profile.php?id=100008943462799","article_published_time":"2012-11-24T12:33:14+00:00","og_image":[{"url":"http:\/\/www.bellunopress.it\/wp-content\/uploads\/2010\/03\/questura.jpg","type":"","width":"","height":""}],"author":"redazione","twitter_card":"summary_large_image","twitter_creator":"@bellunopress","twitter_site":"@bellunopress","twitter_misc":{"\u00c9crit par":"redazione","Dur\u00e9e de lecture estim\u00e9e":"1 minute"},"schema":{"@context":"https:\/\/schema.org","@graph":[{"@type":"Article","@id":"https:\/\/www.bellunopress.it\/2012\/11\/24\/invasione-di-campo-del-6-maggio-notificato-il-divieto-di-accesso-a-manifestazioni-sportive-per-20-tifosi-veneziani-e-trevigiani\/#article","isPartOf":{"@id":"https:\/\/www.bellunopress.it\/2012\/11\/24\/invasione-di-campo-del-6-maggio-notificato-il-divieto-di-accesso-a-manifestazioni-sportive-per-20-tifosi-veneziani-e-trevigiani\/"},"author":{"name":"redazione","@id":"https:\/\/www.bellunopress.it\/#\/schema\/person\/79bb06722b37ece1c03d3e94beb30d73"},"headline":"Invasione di campo del 6 maggio. Notificato il divieto di accesso a manifestazioni sportive per 20 tifosi veneziani e trevigiani","datePublished":"2012-11-24T12:33:14+00:00","mainEntityOfPage":{"@id":"https:\/\/www.bellunopress.it\/2012\/11\/24\/invasione-di-campo-del-6-maggio-notificato-il-divieto-di-accesso-a-manifestazioni-sportive-per-20-tifosi-veneziani-e-trevigiani\/"},"wordCount":289,"publisher":{"@id":"https:\/\/www.bellunopress.it\/#organization"},"image":{"@id":"https:\/\/www.bellunopress.it\/2012\/11\/24\/invasione-di-campo-del-6-maggio-notificato-il-divieto-di-accesso-a-manifestazioni-sportive-per-20-tifosi-veneziani-e-trevigiani\/#primaryimage"},"thumbnailUrl":"http:\/\/www.bellunopress.it\/wp-content\/uploads\/2010\/03\/questura.jpg","articleSection":["Lettere Opinioni"],"inLanguage":"fr-FR"},{"@type":"WebPage","@id":"https:\/\/www.bellunopress.it\/2012\/11\/24\/invasione-di-campo-del-6-maggio-notificato-il-divieto-di-accesso-a-manifestazioni-sportive-per-20-tifosi-veneziani-e-trevigiani\/","url":"https:\/\/www.bellunopress.it\/2012\/11\/24\/invasione-di-campo-del-6-maggio-notificato-il-divieto-di-accesso-a-manifestazioni-sportive-per-20-tifosi-veneziani-e-trevigiani\/","name":"Invasione di campo del 6 maggio. Notificato il divieto di accesso a manifestazioni sportive per 20 tifosi veneziani e trevigiani - Bellunopress - Dolomiti","isPartOf":{"@id":"https:\/\/www.bellunopress.it\/#website"},"primaryImageOfPage":{"@id":"https:\/\/www.bellunopress.it\/2012\/11\/24\/invasione-di-campo-del-6-maggio-notificato-il-divieto-di-accesso-a-manifestazioni-sportive-per-20-tifosi-veneziani-e-trevigiani\/#primaryimage"},"image":{"@id":"https:\/\/www.bellunopress.it\/2012\/11\/24\/invasione-di-campo-del-6-maggio-notificato-il-divieto-di-accesso-a-manifestazioni-sportive-per-20-tifosi-veneziani-e-trevigiani\/#primaryimage"},"thumbnailUrl":"http:\/\/www.bellunopress.it\/wp-content\/uploads\/2010\/03\/questura.jpg","datePublished":"2012-11-24T12:33:14+00:00","breadcrumb":{"@id":"https:\/\/www.bellunopress.it\/2012\/11\/24\/invasione-di-campo-del-6-maggio-notificato-il-divieto-di-accesso-a-manifestazioni-sportive-per-20-tifosi-veneziani-e-trevigiani\/#breadcrumb"},"inLanguage":"fr-FR","potentialAction":[{"@type":"ReadAction","target":["https:\/\/www.bellunopress.it\/2012\/11\/24\/invasione-di-campo-del-6-maggio-notificato-il-divieto-di-accesso-a-manifestazioni-sportive-per-20-tifosi-veneziani-e-trevigiani\/"]}]},{"@type":"ImageObject","inLanguage":"fr-FR","@id":"https:\/\/www.bellunopress.it\/2012\/11\/24\/invasione-di-campo-del-6-maggio-notificato-il-divieto-di-accesso-a-manifestazioni-sportive-per-20-tifosi-veneziani-e-trevigiani\/#primaryimage","url":"http:\/\/www.bellunopress.it\/wp-content\/uploads\/2010\/03\/questura.jpg","contentUrl":"http:\/\/www.bellunopress.it\/wp-content\/uploads\/2010\/03\/questura.jpg"},{"@type":"BreadcrumbList","@id":"https:\/\/www.bellunopress.it\/2012\/11\/24\/invasione-di-campo-del-6-maggio-notificato-il-divieto-di-accesso-a-manifestazioni-sportive-per-20-tifosi-veneziani-e-trevigiani\/#breadcrumb","itemListElement":[{"@type":"ListItem","position":1,"name":"Home","item":"https:\/\/www.bellunopress.it\/"},{"@type":"ListItem","position":2,"name":"Invasione di campo del 6 maggio. Notificato il divieto di accesso a manifestazioni sportive per 20 tifosi veneziani e trevigiani"}]},{"@type":"WebSite","@id":"https:\/\/www.bellunopress.it\/#website","url":"https:\/\/www.bellunopress.it\/","name":"Bellunopress - Dolomiti","description":"e-mail: redazione@bellunopress.it","publisher":{"@id":"https:\/\/www.bellunopress.it\/#organization"},"potentialAction":[{"@type":"SearchAction","target":{"@type":"EntryPoint","urlTemplate":"https:\/\/www.bellunopress.it\/?s={search_term_string}"},"query-input":{"@type":"PropertyValueSpecification","valueRequired":true,"valueName":"search_term_string"}}],"inLanguage":"fr-FR"},{"@type":"Organization","@id":"https:\/\/www.bellunopress.it\/#organization","name":"Bellunopress","url":"https:\/\/www.bellunopress.it\/","logo":{"@type":"ImageObject","inLanguage":"fr-FR","@id":"https:\/\/www.bellunopress.it\/#\/schema\/logo\/image\/","url":"https:\/\/www.bellunopress.it\/wp-content\/uploads\/2011\/05\/cropped-logo-bellunopress-.jpg","contentUrl":"https:\/\/www.bellunopress.it\/wp-content\/uploads\/2011\/05\/cropped-logo-bellunopress-.jpg","width":512,"height":512,"caption":"Bellunopress"},"image":{"@id":"https:\/\/www.bellunopress.it\/#\/schema\/logo\/image\/"},"sameAs":["https:\/\/www.facebook.com\/profile.php?id=100008943462799","https:\/\/x.com\/bellunopress","https:\/\/www.linkedin.com\/hp\/?dnr=JBzUWaJfMUw8vbXJJ2tVW5-I3jZKvC4wsoxE&amp;amp;amp;amp;amp;amp;trk=nav_responsive_tab_home","https:\/\/www.youtube.com\/channel\/UCxL0wu1uN0_3_7hGG0306cw"]},{"@type":"Person","@id":"https:\/\/www.bellunopress.it\/#\/schema\/person\/79bb06722b37ece1c03d3e94beb30d73","name":"r\u00e9daction","image":{"@type":"ImageObject","inLanguage":"fr-FR","@id":"https:\/\/secure.gravatar.com\/avatar\/37d968a2e67a6fd04c169c4bdef102d0bc5d31b2546345219e348575eb80e9a0?s=96&d=mm&r=g","url":"https:\/\/secure.gravatar.com\/avatar\/37d968a2e67a6fd04c169c4bdef102d0bc5d31b2546345219e348575eb80e9a0?s=96&d=mm&r=g","contentUrl":"https:\/\/secure.gravatar.com\/avatar\/37d968a2e67a6fd04c169c4bdef102d0bc5d31b2546345219e348575eb80e9a0?s=96&d=mm&r=g","caption":"redazione"},"sameAs":["http:\/\/www.bellunopress.it","https:\/\/x.com\/bellunopress"],"url":"https:\/\/www.bellunopress.it\/fr\/author\/redazione\/"}]}},"_links":{"self":[{"href":"https:\/\/www.bellunopress.it\/fr\/wp-json\/wp\/v2\/posts\/44166","targetHints":{"allow":["GET"]}}],"collection":[{"href":"https:\/\/www.bellunopress.it\/fr\/wp-json\/wp\/v2\/posts"}],"about":[{"href":"https:\/\/www.bellunopress.it\/fr\/wp-json\/wp\/v2\/types\/post"}],"author":[{"embeddable":true,"href":"https:\/\/www.bellunopress.it\/fr\/wp-json\/wp\/v2\/users\/2"}],"replies":[{"embeddable":true,"href":"https:\/\/www.bellunopress.it\/fr\/wp-json\/wp\/v2\/comments?post=44166"}],"version-history":[{"count":1,"href":"https:\/\/www.bellunopress.it\/fr\/wp-json\/wp\/v2\/posts\/44166\/revisions"}],"predecessor-version":[{"id":44167,"href":"https:\/\/www.bellunopress.it\/fr\/wp-json\/wp\/v2\/posts\/44166\/revisions\/44167"}],"wp:attachment":[{"href":"https:\/\/www.bellunopress.it\/fr\/wp-json\/wp\/v2\/media?parent=44166"}],"wp:term":[{"taxonomy":"category","embeddable":true,"href":"https:\/\/www.bellunopress.it\/fr\/wp-json\/wp\/v2\/categories?post=44166"},{"taxonomy":"post_tag","embeddable":true,"href":"https:\/\/www.bellunopress.it\/fr\/wp-json\/wp\/v2\/tags?post=44166"}],"curies":[{"name":"wp","href":"https:\/\/api.w.org\/{rel}","templated":true}]}}