{"id":44160,"date":"2012-11-23T20:15:21","date_gmt":"2012-11-23T19:15:21","guid":{"rendered":"http:\/\/www.bellunopress.it\/?p=44160"},"modified":"2012-11-23T20:15:21","modified_gmt":"2012-11-23T19:15:21","slug":"il-punto-di-anso-sul-ddl-diffamazione","status":"publish","type":"post","link":"https:\/\/www.bellunopress.it\/fr\/2012\/11\/23\/il-punto-di-anso-sul-ddl-diffamazione\/","title":{"rendered":"Il punto di Anso sul Ddl diffamazione"},"content":{"rendered":"<p><a href=\"http:\/\/www.bellunopress.it\/wp-content\/uploads\/2012\/10\/anso-associazione-stampa-on-line.png\"><img loading=\"lazy\" decoding=\"async\" class=\"alignleft size-full wp-image-43260\" title=\"anso  associazione stampa on line\" src=\"http:\/\/www.bellunopress.it\/wp-content\/uploads\/2012\/10\/anso-associazione-stampa-on-line.png\" alt=\"\" width=\"283\" height=\"83\" \/><\/a>Tutto cambia affinch\u00e9 nulla cambi. La celebre frase gattopardesca oramai \u00e8 superata.<\/p>\n<p>Per mantenere sotto scacco editori e giornalisti, la politica oggi sceglie di cambiare in parte per peggiorare il tutto. E soprattutto senza ascoltare nessuno. Senza coinvolgere nessuna delle parti in causa. Assurdo.<\/p>\n<p>ANSO comprende le ragioni dello sciopero proclamato dalla FNSI e condivide le preoccupazioni di molti in merito al futuro dell\u2019informazione in Italia. Per questo si augura che luned\u00ec in Senato il ddl venga definitivamente abbandonato e auspica che il voto segreto richiesto dal PD abbia questo obiettivo.<\/p>\n<p>La cosa migliore \u00e8 azzerare tutto, evitando il rischio di danni maggiori, ricominciando da capo per studiare un testo di legge degno di questo nome e che sia condiviso da tutti gli attori in causa. E il rischio incombente per la libert\u00e0 di stampa e la democrazia \u00e8 stato rilevato a ragione anche dall\u2019Unione Europea.<\/p>\n<p>In queste settimane ANSO si \u00e8 prodigata per sensibilizzare in questo senso diversi membri del Senato e l\u2019attivit\u00e0 continua assidua in queste ore: affinch\u00e9 non vada in porto un\u2019operazione che metterebbe a rischio la libert\u00e0 di stampa e, nel caso dell\u2019informazione digitale, il futuro stesso di numerose testate locali.<\/p>\n<p>Si vuole abolire la detenzione per i direttori responsabili &#8211; che sono in primis giornalisti, non dimentichiamolo, mentre nulla viene fatto per tutelare i \u2018giornalisti di fanteria\u2019, che scrivono l\u2019articolo.<\/p>\n<p>Il ddl \u201cSalva Sallusti\u201d fin dall\u2019inizio ha presentato gravi lacune e, soprattutto, appare figlio dell\u2019ossessione di proteggere i poteri forti dalle incursioni giornalistiche.<\/p>\n<p>Ora l\u2019emendamento \u2018salva direttori\u2019 sembra l\u2019ennesimo elemento di iniquit\u00e0 di un testo che non ha neppure ragione di essere votato. Se devono essere salvi dal carcere i direttori ci\u00f2 deve valere anche per i giornalisti.<\/p>\n<p>La diffamazione \u00e8 un reato, nessuno obietta questo. Ma la legge deve essere giusta, equilibrata e deve tutelare tutte le parti. Le sanzioni previste sono fuori da ogni logica e lontane dalle possibilit\u00e0 economiche reali di chi lavora nel settore dell\u2019informazione.<\/p>\n<p>Fatti salvi i grandi editori o le grandi firme del giornalismo.<\/p>\n<p>Ma soprattutto: chi difende il querelato a fronte di un\u2019ingiusta querela, quando quest\u2019ultima viene fatta a fini intimidatori? La querela facile mette sotto scacco il giornalista che deve riflettere due volte &#8211; chi non pensa alle sanzioni esorbitanti e al rischio della galera &#8211; prima di scrivere ci\u00f2 che ha scoperto, o semplicemente nel fare il suo mestiere di cronista.<\/p>\n<p>ANSO ritiene corretta una soluzione che veda inserito nel disegno di legge un emendamento per sanzionare &#8211; con la stessa cifra richiesta da chi ha sporto querela &#8211; anche colui che usa la querela come strumento di minaccia o di ricatto. D\u2019altronde, se il motivo della querela non sussiste, sembra giusto che il querelante paghi le spese processuali e si faccia carico dei danni arrecati al giornalista querelato ma dichiarato innocente: anche lui ha subito un torto, ha speso tempo e soldi per difendersi da un\u2019accusa inesistente, ha subito pressioni psicologiche non indifferenti.<\/p>\n<p>Nessuno nega che il reato di diffamazione debba essere punito, ma sarebbe a nostro parere opportuno prevedere un deterrente, affinch\u00e9 la querela non sia sistematicamente utilizzata come arma di ricatto.<\/p>\n<p>&nbsp;<\/p>","protected":false},"excerpt":{"rendered":"<p>Tutto cambia affinch\u00e9 nulla cambi. La celebre frase gattopardesca oramai \u00e8 superata. Per mantenere sotto scacco editori e giornalisti, la politica oggi sceglie di cambiare in parte per peggiorare il tutto. E soprattutto senza ascoltare nessuno. Senza coinvolgere nessuna delle parti in causa. Assurdo. ANSO comprende le ragioni dello sciopero proclamato dalla FNSI e condivide [&hellip;]<\/p>\n","protected":false},"author":2,"featured_media":0,"comment_status":"closed","ping_status":"open","sticky":false,"template":"","format":"standard","meta":{"footnotes":""},"categories":[5,26],"tags":[],"class_list":["post-44160","post","type-post","status-publish","format-standard","category-cronaca","category-prima-pagina"],"yoast_head":"<!-- This site is optimized with the Yoast SEO plugin v28.4 - https:\/\/yoast.com\/product\/yoast-seo-wordpress\/ -->\n<title>Il punto di Anso sul Ddl diffamazione - Bellunopress - Dolomiti<\/title>\n<meta name=\"robots\" content=\"index, follow, max-snippet:-1, max-image-preview:large, max-video-preview:-1\" \/>\n<link rel=\"canonical\" href=\"https:\/\/www.bellunopress.it\/fr\/2012\/11\/23\/il-punto-di-anso-sul-ddl-diffamazione\/\" \/>\n<meta property=\"og:locale\" content=\"fr_FR\" \/>\n<meta property=\"og:type\" content=\"article\" \/>\n<meta property=\"og:title\" content=\"Il punto di Anso sul Ddl diffamazione - Bellunopress - Dolomiti\" \/>\n<meta property=\"og:description\" content=\"Tutto cambia affinch\u00e9 nulla cambi. La celebre frase gattopardesca oramai \u00e8 superata. Per mantenere sotto scacco editori e giornalisti, la politica oggi sceglie di cambiare in parte per peggiorare il tutto. E soprattutto senza ascoltare nessuno. Senza coinvolgere nessuna delle parti in causa. Assurdo. ANSO comprende le ragioni dello sciopero proclamato dalla FNSI e condivide [&hellip;]\" \/>\n<meta property=\"og:url\" content=\"https:\/\/www.bellunopress.it\/fr\/2012\/11\/23\/il-punto-di-anso-sul-ddl-diffamazione\/\" \/>\n<meta property=\"og:site_name\" content=\"Bellunopress - Dolomiti\" \/>\n<meta property=\"article:publisher\" content=\"https:\/\/www.facebook.com\/profile.php?id=100008943462799\" \/>\n<meta property=\"article:published_time\" content=\"2012-11-23T19:15:21+00:00\" \/>\n<meta property=\"og:image\" content=\"http:\/\/www.bellunopress.it\/wp-content\/uploads\/2012\/10\/anso-associazione-stampa-on-line.png\" \/>\n<meta name=\"author\" content=\"redazione\" \/>\n<meta name=\"twitter:card\" content=\"summary_large_image\" \/>\n<meta name=\"twitter:creator\" content=\"@bellunopress\" \/>\n<meta name=\"twitter:site\" content=\"@bellunopress\" \/>\n<meta name=\"twitter:label1\" content=\"\u00c9crit par\" \/>\n\t<meta name=\"twitter:data1\" content=\"redazione\" \/>\n\t<meta name=\"twitter:label2\" content=\"Dur\u00e9e de lecture estim\u00e9e\" \/>\n\t<meta name=\"twitter:data2\" content=\"3 minutes\" \/>\n<script type=\"application\/ld+json\" class=\"yoast-schema-graph\">{\"@context\":\"https:\\\/\\\/schema.org\",\"@graph\":[{\"@type\":\"Article\",\"@id\":\"https:\\\/\\\/www.bellunopress.it\\\/2012\\\/11\\\/23\\\/il-punto-di-anso-sul-ddl-diffamazione\\\/#article\",\"isPartOf\":{\"@id\":\"https:\\\/\\\/www.bellunopress.it\\\/2012\\\/11\\\/23\\\/il-punto-di-anso-sul-ddl-diffamazione\\\/\"},\"author\":{\"name\":\"redazione\",\"@id\":\"https:\\\/\\\/www.bellunopress.it\\\/#\\\/schema\\\/person\\\/79bb06722b37ece1c03d3e94beb30d73\"},\"headline\":\"Il punto di Anso sul Ddl diffamazione\",\"datePublished\":\"2012-11-23T19:15:21+00:00\",\"mainEntityOfPage\":{\"@id\":\"https:\\\/\\\/www.bellunopress.it\\\/2012\\\/11\\\/23\\\/il-punto-di-anso-sul-ddl-diffamazione\\\/\"},\"wordCount\":536,\"publisher\":{\"@id\":\"https:\\\/\\\/www.bellunopress.it\\\/#organization\"},\"image\":{\"@id\":\"https:\\\/\\\/www.bellunopress.it\\\/2012\\\/11\\\/23\\\/il-punto-di-anso-sul-ddl-diffamazione\\\/#primaryimage\"},\"thumbnailUrl\":\"http:\\\/\\\/www.bellunopress.it\\\/wp-content\\\/uploads\\\/2012\\\/10\\\/anso-associazione-stampa-on-line.png\",\"articleSection\":[\"Cronaca\\\/Politica\",\"Prima Pagina\"],\"inLanguage\":\"fr-FR\"},{\"@type\":\"WebPage\",\"@id\":\"https:\\\/\\\/www.bellunopress.it\\\/2012\\\/11\\\/23\\\/il-punto-di-anso-sul-ddl-diffamazione\\\/\",\"url\":\"https:\\\/\\\/www.bellunopress.it\\\/2012\\\/11\\\/23\\\/il-punto-di-anso-sul-ddl-diffamazione\\\/\",\"name\":\"Il punto di Anso sul Ddl diffamazione - Bellunopress - Dolomiti\",\"isPartOf\":{\"@id\":\"https:\\\/\\\/www.bellunopress.it\\\/#website\"},\"primaryImageOfPage\":{\"@id\":\"https:\\\/\\\/www.bellunopress.it\\\/2012\\\/11\\\/23\\\/il-punto-di-anso-sul-ddl-diffamazione\\\/#primaryimage\"},\"image\":{\"@id\":\"https:\\\/\\\/www.bellunopress.it\\\/2012\\\/11\\\/23\\\/il-punto-di-anso-sul-ddl-diffamazione\\\/#primaryimage\"},\"thumbnailUrl\":\"http:\\\/\\\/www.bellunopress.it\\\/wp-content\\\/uploads\\\/2012\\\/10\\\/anso-associazione-stampa-on-line.png\",\"datePublished\":\"2012-11-23T19:15:21+00:00\",\"breadcrumb\":{\"@id\":\"https:\\\/\\\/www.bellunopress.it\\\/2012\\\/11\\\/23\\\/il-punto-di-anso-sul-ddl-diffamazione\\\/#breadcrumb\"},\"inLanguage\":\"fr-FR\",\"potentialAction\":[{\"@type\":\"ReadAction\",\"target\":[\"https:\\\/\\\/www.bellunopress.it\\\/2012\\\/11\\\/23\\\/il-punto-di-anso-sul-ddl-diffamazione\\\/\"]}]},{\"@type\":\"ImageObject\",\"inLanguage\":\"fr-FR\",\"@id\":\"https:\\\/\\\/www.bellunopress.it\\\/2012\\\/11\\\/23\\\/il-punto-di-anso-sul-ddl-diffamazione\\\/#primaryimage\",\"url\":\"http:\\\/\\\/www.bellunopress.it\\\/wp-content\\\/uploads\\\/2012\\\/10\\\/anso-associazione-stampa-on-line.png\",\"contentUrl\":\"http:\\\/\\\/www.bellunopress.it\\\/wp-content\\\/uploads\\\/2012\\\/10\\\/anso-associazione-stampa-on-line.png\"},{\"@type\":\"BreadcrumbList\",\"@id\":\"https:\\\/\\\/www.bellunopress.it\\\/2012\\\/11\\\/23\\\/il-punto-di-anso-sul-ddl-diffamazione\\\/#breadcrumb\",\"itemListElement\":[{\"@type\":\"ListItem\",\"position\":1,\"name\":\"Home\",\"item\":\"https:\\\/\\\/www.bellunopress.it\\\/\"},{\"@type\":\"ListItem\",\"position\":2,\"name\":\"Il punto di Anso sul Ddl diffamazione\"}]},{\"@type\":\"WebSite\",\"@id\":\"https:\\\/\\\/www.bellunopress.it\\\/#website\",\"url\":\"https:\\\/\\\/www.bellunopress.it\\\/\",\"name\":\"Bellunopress - Dolomiti\",\"description\":\"e-mail: redazione@bellunopress.it\",\"publisher\":{\"@id\":\"https:\\\/\\\/www.bellunopress.it\\\/#organization\"},\"potentialAction\":[{\"@type\":\"SearchAction\",\"target\":{\"@type\":\"EntryPoint\",\"urlTemplate\":\"https:\\\/\\\/www.bellunopress.it\\\/?s={search_term_string}\"},\"query-input\":{\"@type\":\"PropertyValueSpecification\",\"valueRequired\":true,\"valueName\":\"search_term_string\"}}],\"inLanguage\":\"fr-FR\"},{\"@type\":\"Organization\",\"@id\":\"https:\\\/\\\/www.bellunopress.it\\\/#organization\",\"name\":\"Bellunopress\",\"url\":\"https:\\\/\\\/www.bellunopress.it\\\/\",\"logo\":{\"@type\":\"ImageObject\",\"inLanguage\":\"fr-FR\",\"@id\":\"https:\\\/\\\/www.bellunopress.it\\\/#\\\/schema\\\/logo\\\/image\\\/\",\"url\":\"https:\\\/\\\/www.bellunopress.it\\\/wp-content\\\/uploads\\\/2011\\\/05\\\/cropped-logo-bellunopress-.jpg\",\"contentUrl\":\"https:\\\/\\\/www.bellunopress.it\\\/wp-content\\\/uploads\\\/2011\\\/05\\\/cropped-logo-bellunopress-.jpg\",\"width\":512,\"height\":512,\"caption\":\"Bellunopress\"},\"image\":{\"@id\":\"https:\\\/\\\/www.bellunopress.it\\\/#\\\/schema\\\/logo\\\/image\\\/\"},\"sameAs\":[\"https:\\\/\\\/www.facebook.com\\\/profile.php?id=100008943462799\",\"https:\\\/\\\/x.com\\\/bellunopress\",\"https:\\\/\\\/www.linkedin.com\\\/hp\\\/?dnr=JBzUWaJfMUw8vbXJJ2tVW5-I3jZKvC4wsoxE&amp;amp;amp;amp;amp;amp;trk=nav_responsive_tab_home\",\"https:\\\/\\\/www.youtube.com\\\/channel\\\/UCxL0wu1uN0_3_7hGG0306cw\"]},{\"@type\":\"Person\",\"@id\":\"https:\\\/\\\/www.bellunopress.it\\\/#\\\/schema\\\/person\\\/79bb06722b37ece1c03d3e94beb30d73\",\"name\":\"redazione\",\"image\":{\"@type\":\"ImageObject\",\"inLanguage\":\"fr-FR\",\"@id\":\"https:\\\/\\\/secure.gravatar.com\\\/avatar\\\/37d968a2e67a6fd04c169c4bdef102d0bc5d31b2546345219e348575eb80e9a0?s=96&d=mm&r=g\",\"url\":\"https:\\\/\\\/secure.gravatar.com\\\/avatar\\\/37d968a2e67a6fd04c169c4bdef102d0bc5d31b2546345219e348575eb80e9a0?s=96&d=mm&r=g\",\"contentUrl\":\"https:\\\/\\\/secure.gravatar.com\\\/avatar\\\/37d968a2e67a6fd04c169c4bdef102d0bc5d31b2546345219e348575eb80e9a0?s=96&d=mm&r=g\",\"caption\":\"redazione\"},\"sameAs\":[\"http:\\\/\\\/www.bellunopress.it\",\"https:\\\/\\\/x.com\\\/bellunopress\"],\"url\":\"https:\\\/\\\/www.bellunopress.it\\\/fr\\\/author\\\/redazione\\\/\"}]}<\/script>\n<!-- \/ Yoast SEO plugin. -->","yoast_head_json":{"title":"Il punto di Anso sul Ddl diffamazione - Bellunopress - Dolomiti","robots":{"index":"index","follow":"follow","max-snippet":"max-snippet:-1","max-image-preview":"max-image-preview:large","max-video-preview":"max-video-preview:-1"},"canonical":"https:\/\/www.bellunopress.it\/fr\/2012\/11\/23\/il-punto-di-anso-sul-ddl-diffamazione\/","og_locale":"fr_FR","og_type":"article","og_title":"Il punto di Anso sul Ddl diffamazione - Bellunopress - Dolomiti","og_description":"Tutto cambia affinch\u00e9 nulla cambi. La celebre frase gattopardesca oramai \u00e8 superata. Per mantenere sotto scacco editori e giornalisti, la politica oggi sceglie di cambiare in parte per peggiorare il tutto. E soprattutto senza ascoltare nessuno. Senza coinvolgere nessuna delle parti in causa. Assurdo. ANSO comprende le ragioni dello sciopero proclamato dalla FNSI e condivide [&hellip;]","og_url":"https:\/\/www.bellunopress.it\/fr\/2012\/11\/23\/il-punto-di-anso-sul-ddl-diffamazione\/","og_site_name":"Bellunopress - Dolomiti","article_publisher":"https:\/\/www.facebook.com\/profile.php?id=100008943462799","article_published_time":"2012-11-23T19:15:21+00:00","og_image":[{"url":"http:\/\/www.bellunopress.it\/wp-content\/uploads\/2012\/10\/anso-associazione-stampa-on-line.png","type":"","width":"","height":""}],"author":"redazione","twitter_card":"summary_large_image","twitter_creator":"@bellunopress","twitter_site":"@bellunopress","twitter_misc":{"\u00c9crit par":"redazione","Dur\u00e9e de lecture estim\u00e9e":"3 minutes"},"schema":{"@context":"https:\/\/schema.org","@graph":[{"@type":"Article","@id":"https:\/\/www.bellunopress.it\/2012\/11\/23\/il-punto-di-anso-sul-ddl-diffamazione\/#article","isPartOf":{"@id":"https:\/\/www.bellunopress.it\/2012\/11\/23\/il-punto-di-anso-sul-ddl-diffamazione\/"},"author":{"name":"redazione","@id":"https:\/\/www.bellunopress.it\/#\/schema\/person\/79bb06722b37ece1c03d3e94beb30d73"},"headline":"Il punto di Anso sul Ddl diffamazione","datePublished":"2012-11-23T19:15:21+00:00","mainEntityOfPage":{"@id":"https:\/\/www.bellunopress.it\/2012\/11\/23\/il-punto-di-anso-sul-ddl-diffamazione\/"},"wordCount":536,"publisher":{"@id":"https:\/\/www.bellunopress.it\/#organization"},"image":{"@id":"https:\/\/www.bellunopress.it\/2012\/11\/23\/il-punto-di-anso-sul-ddl-diffamazione\/#primaryimage"},"thumbnailUrl":"http:\/\/www.bellunopress.it\/wp-content\/uploads\/2012\/10\/anso-associazione-stampa-on-line.png","articleSection":["Cronaca\/Politica","Prima Pagina"],"inLanguage":"fr-FR"},{"@type":"WebPage","@id":"https:\/\/www.bellunopress.it\/2012\/11\/23\/il-punto-di-anso-sul-ddl-diffamazione\/","url":"https:\/\/www.bellunopress.it\/2012\/11\/23\/il-punto-di-anso-sul-ddl-diffamazione\/","name":"Il punto di Anso sul Ddl diffamazione - Bellunopress - Dolomiti","isPartOf":{"@id":"https:\/\/www.bellunopress.it\/#website"},"primaryImageOfPage":{"@id":"https:\/\/www.bellunopress.it\/2012\/11\/23\/il-punto-di-anso-sul-ddl-diffamazione\/#primaryimage"},"image":{"@id":"https:\/\/www.bellunopress.it\/2012\/11\/23\/il-punto-di-anso-sul-ddl-diffamazione\/#primaryimage"},"thumbnailUrl":"http:\/\/www.bellunopress.it\/wp-content\/uploads\/2012\/10\/anso-associazione-stampa-on-line.png","datePublished":"2012-11-23T19:15:21+00:00","breadcrumb":{"@id":"https:\/\/www.bellunopress.it\/2012\/11\/23\/il-punto-di-anso-sul-ddl-diffamazione\/#breadcrumb"},"inLanguage":"fr-FR","potentialAction":[{"@type":"ReadAction","target":["https:\/\/www.bellunopress.it\/2012\/11\/23\/il-punto-di-anso-sul-ddl-diffamazione\/"]}]},{"@type":"ImageObject","inLanguage":"fr-FR","@id":"https:\/\/www.bellunopress.it\/2012\/11\/23\/il-punto-di-anso-sul-ddl-diffamazione\/#primaryimage","url":"http:\/\/www.bellunopress.it\/wp-content\/uploads\/2012\/10\/anso-associazione-stampa-on-line.png","contentUrl":"http:\/\/www.bellunopress.it\/wp-content\/uploads\/2012\/10\/anso-associazione-stampa-on-line.png"},{"@type":"BreadcrumbList","@id":"https:\/\/www.bellunopress.it\/2012\/11\/23\/il-punto-di-anso-sul-ddl-diffamazione\/#breadcrumb","itemListElement":[{"@type":"ListItem","position":1,"name":"Home","item":"https:\/\/www.bellunopress.it\/"},{"@type":"ListItem","position":2,"name":"Il punto di Anso sul Ddl diffamazione"}]},{"@type":"WebSite","@id":"https:\/\/www.bellunopress.it\/#website","url":"https:\/\/www.bellunopress.it\/","name":"Bellunopress - Dolomiti","description":"e-mail: redazione@bellunopress.it","publisher":{"@id":"https:\/\/www.bellunopress.it\/#organization"},"potentialAction":[{"@type":"SearchAction","target":{"@type":"EntryPoint","urlTemplate":"https:\/\/www.bellunopress.it\/?s={search_term_string}"},"query-input":{"@type":"PropertyValueSpecification","valueRequired":true,"valueName":"search_term_string"}}],"inLanguage":"fr-FR"},{"@type":"Organization","@id":"https:\/\/www.bellunopress.it\/#organization","name":"Bellunopress","url":"https:\/\/www.bellunopress.it\/","logo":{"@type":"ImageObject","inLanguage":"fr-FR","@id":"https:\/\/www.bellunopress.it\/#\/schema\/logo\/image\/","url":"https:\/\/www.bellunopress.it\/wp-content\/uploads\/2011\/05\/cropped-logo-bellunopress-.jpg","contentUrl":"https:\/\/www.bellunopress.it\/wp-content\/uploads\/2011\/05\/cropped-logo-bellunopress-.jpg","width":512,"height":512,"caption":"Bellunopress"},"image":{"@id":"https:\/\/www.bellunopress.it\/#\/schema\/logo\/image\/"},"sameAs":["https:\/\/www.facebook.com\/profile.php?id=100008943462799","https:\/\/x.com\/bellunopress","https:\/\/www.linkedin.com\/hp\/?dnr=JBzUWaJfMUw8vbXJJ2tVW5-I3jZKvC4wsoxE&amp;amp;amp;amp;amp;amp;trk=nav_responsive_tab_home","https:\/\/www.youtube.com\/channel\/UCxL0wu1uN0_3_7hGG0306cw"]},{"@type":"Person","@id":"https:\/\/www.bellunopress.it\/#\/schema\/person\/79bb06722b37ece1c03d3e94beb30d73","name":"r\u00e9daction","image":{"@type":"ImageObject","inLanguage":"fr-FR","@id":"https:\/\/secure.gravatar.com\/avatar\/37d968a2e67a6fd04c169c4bdef102d0bc5d31b2546345219e348575eb80e9a0?s=96&d=mm&r=g","url":"https:\/\/secure.gravatar.com\/avatar\/37d968a2e67a6fd04c169c4bdef102d0bc5d31b2546345219e348575eb80e9a0?s=96&d=mm&r=g","contentUrl":"https:\/\/secure.gravatar.com\/avatar\/37d968a2e67a6fd04c169c4bdef102d0bc5d31b2546345219e348575eb80e9a0?s=96&d=mm&r=g","caption":"redazione"},"sameAs":["http:\/\/www.bellunopress.it","https:\/\/x.com\/bellunopress"],"url":"https:\/\/www.bellunopress.it\/fr\/author\/redazione\/"}]}},"_links":{"self":[{"href":"https:\/\/www.bellunopress.it\/fr\/wp-json\/wp\/v2\/posts\/44160","targetHints":{"allow":["GET"]}}],"collection":[{"href":"https:\/\/www.bellunopress.it\/fr\/wp-json\/wp\/v2\/posts"}],"about":[{"href":"https:\/\/www.bellunopress.it\/fr\/wp-json\/wp\/v2\/types\/post"}],"author":[{"embeddable":true,"href":"https:\/\/www.bellunopress.it\/fr\/wp-json\/wp\/v2\/users\/2"}],"replies":[{"embeddable":true,"href":"https:\/\/www.bellunopress.it\/fr\/wp-json\/wp\/v2\/comments?post=44160"}],"version-history":[{"count":1,"href":"https:\/\/www.bellunopress.it\/fr\/wp-json\/wp\/v2\/posts\/44160\/revisions"}],"predecessor-version":[{"id":44161,"href":"https:\/\/www.bellunopress.it\/fr\/wp-json\/wp\/v2\/posts\/44160\/revisions\/44161"}],"wp:attachment":[{"href":"https:\/\/www.bellunopress.it\/fr\/wp-json\/wp\/v2\/media?parent=44160"}],"wp:term":[{"taxonomy":"category","embeddable":true,"href":"https:\/\/www.bellunopress.it\/fr\/wp-json\/wp\/v2\/categories?post=44160"},{"taxonomy":"post_tag","embeddable":true,"href":"https:\/\/www.bellunopress.it\/fr\/wp-json\/wp\/v2\/tags?post=44160"}],"curies":[{"name":"wp","href":"https:\/\/api.w.org\/{rel}","templated":true}]}}