{"id":44157,"date":"2012-11-23T19:55:53","date_gmt":"2012-11-23T18:55:53","guid":{"rendered":"http:\/\/www.bellunopress.it\/?p=44157"},"modified":"2012-11-30T13:24:20","modified_gmt":"2012-11-30T12:24:20","slug":"da-sabato-24-novembre-per-tre-week-end-lo-stand-delladsa-al-centro-commerciale-veneggia","status":"publish","type":"post","link":"https:\/\/www.bellunopress.it\/fr\/2012\/11\/23\/da-sabato-24-novembre-per-tre-week-end-lo-stand-delladsa-al-centro-commerciale-veneggia\/","title":{"rendered":"Da sabato 24 novembre, per tre week-end, lo stand dell&#8217;ADSA al centro commerciale \u201cVeneggia\u201d"},"content":{"rendered":"<p><a href=\"http:\/\/www.bellunopress.it\/wp-content\/uploads\/2012\/11\/Adsa.jpg\"><img loading=\"lazy\" decoding=\"async\" class=\"alignleft size-full wp-image-44158\" title=\"Adsa\" src=\"http:\/\/www.bellunopress.it\/wp-content\/uploads\/2012\/11\/Adsa.jpg\" alt=\"\" width=\"147\" height=\"147\" \/><\/a>Sabato 24 e domenica 25 novembre, presso il centro commerciale \u201cVeneggia\u201d, sar\u00e0\u00a0collocato uno stand dell&#8217;ADSA con la presenza dei volontari, a disposizione di tutti coloro che desiderano conoscere il non facile mondo dei ragazzi affetti da disturbi specifici dell&#8217;apprendimento.<\/p>\n<p>L&#8217;iniziativa, che si ripeter\u00e0 anche nei due week-end successivi, quindi fino al 9 dicembre, consentir\u00e0 di far conoscere l&#8217;associazione, oltre a raccogliere fondi per le prossime attivit\u00e0. Quello dei disturbi specifici dell&#8217;apprendimento \u00e8 un fenomeno in continua crescita, eppure, ancora troppo poco conosciuto. Sviluppare una\u00a0consapevolezza del problema e fornire strumenti concreti ed efficaci per la prevenzione del disagio sono gli obiettivi principali dell&#8217;associazione nata a Belluno nel 2010. Una questione importante, dunque, per la quale l&#8217;ADSA chiede il supporto dei cittadini.<\/p>\n<p>L&#8217;associazione desidera inoltre ricordare che nel pomeriggio di sabato 24 novembre, nell&#8217;ambito della manifestazione organizzata da Telefono Azzurro in collaborazione con l&#8217;ADSA e con l&#8217;AC Belluno, verr\u00e0 allestito un punto informativo presso lo stadio comunale di Belluo.<\/p>\n<p>Per informazioni \u00e8 possibile telefonare al numero 339 6554082 o inviare un\u00a0messaggio di posta elettronica all&#8217;indirizzo adsa-bl@libero.it.<\/p>","protected":false},"excerpt":{"rendered":"<p>Sabato 24 e domenica 25 novembre, presso il centro commerciale \u201cVeneggia\u201d, sar\u00e0\u00a0collocato uno stand dell&#8217;ADSA con la presenza dei volontari, a disposizione di tutti coloro che desiderano conoscere il non facile mondo dei ragazzi affetti da disturbi specifici dell&#8217;apprendimento. L&#8217;iniziativa, che si ripeter\u00e0 anche nei due week-end successivi, quindi fino al 9 dicembre, consentir\u00e0 di [&hellip;]<\/p>\n","protected":false},"author":2,"featured_media":0,"comment_status":"closed","ping_status":"open","sticky":false,"template":"","format":"standard","meta":{"footnotes":""},"categories":[27,26,8],"tags":[],"class_list":["post-44157","post","type-post","status-publish","format-standard","category-appuntamenti","category-prima-pagina","category-societa-istituzioni"],"yoast_head":"<!-- This site is optimized with the Yoast SEO plugin v28.4 - https:\/\/yoast.com\/product\/yoast-seo-wordpress\/ -->\n<title>Da sabato 24 novembre, per tre week-end, lo stand dell&#039;ADSA al centro commerciale \u201cVeneggia\u201d - Bellunopress - Dolomiti<\/title>\n<meta name=\"robots\" content=\"index, follow, max-snippet:-1, max-image-preview:large, max-video-preview:-1\" \/>\n<link rel=\"canonical\" href=\"https:\/\/www.bellunopress.it\/fr\/2012\/11\/23\/da-sabato-24-novembre-per-tre-week-end-lo-stand-delladsa-al-centro-commerciale-veneggia\/\" \/>\n<meta property=\"og:locale\" content=\"fr_FR\" \/>\n<meta property=\"og:type\" content=\"article\" \/>\n<meta property=\"og:title\" content=\"Da sabato 24 novembre, per tre week-end, lo stand dell&#039;ADSA al centro commerciale \u201cVeneggia\u201d - Bellunopress - Dolomiti\" \/>\n<meta property=\"og:description\" content=\"Sabato 24 e domenica 25 novembre, presso il centro commerciale \u201cVeneggia\u201d, sar\u00e0\u00a0collocato uno stand dell&#8217;ADSA con la presenza dei volontari, a disposizione di tutti coloro che desiderano conoscere il non facile mondo dei ragazzi affetti da disturbi specifici dell&#8217;apprendimento. L&#8217;iniziativa, che si ripeter\u00e0 anche nei due week-end successivi, quindi fino al 9 dicembre, consentir\u00e0 di [&hellip;]\" \/>\n<meta property=\"og:url\" content=\"https:\/\/www.bellunopress.it\/fr\/2012\/11\/23\/da-sabato-24-novembre-per-tre-week-end-lo-stand-delladsa-al-centro-commerciale-veneggia\/\" \/>\n<meta property=\"og:site_name\" content=\"Bellunopress - Dolomiti\" \/>\n<meta property=\"article:publisher\" content=\"https:\/\/www.facebook.com\/profile.php?id=100008943462799\" \/>\n<meta property=\"article:published_time\" content=\"2012-11-23T18:55:53+00:00\" \/>\n<meta property=\"article:modified_time\" content=\"2012-11-30T12:24:20+00:00\" \/>\n<meta property=\"og:image\" content=\"http:\/\/www.bellunopress.it\/wp-content\/uploads\/2012\/11\/Adsa.jpg\" \/>\n<meta name=\"author\" content=\"redazione\" \/>\n<meta name=\"twitter:card\" content=\"summary_large_image\" \/>\n<meta name=\"twitter:creator\" content=\"@bellunopress\" \/>\n<meta name=\"twitter:site\" content=\"@bellunopress\" \/>\n<meta name=\"twitter:label1\" content=\"Written by\" \/>\n\t<meta name=\"twitter:data1\" content=\"redazione\" \/>\n\t<meta name=\"twitter:label2\" content=\"Est. reading time\" \/>\n\t<meta name=\"twitter:data2\" content=\"1 minute\" \/>\n<script type=\"application\/ld+json\" class=\"yoast-schema-graph\">{\"@context\":\"https:\\\/\\\/schema.org\",\"@graph\":[{\"@type\":\"Article\",\"@id\":\"https:\\\/\\\/www.bellunopress.it\\\/2012\\\/11\\\/23\\\/da-sabato-24-novembre-per-tre-week-end-lo-stand-delladsa-al-centro-commerciale-veneggia\\\/#article\",\"isPartOf\":{\"@id\":\"https:\\\/\\\/www.bellunopress.it\\\/2012\\\/11\\\/23\\\/da-sabato-24-novembre-per-tre-week-end-lo-stand-delladsa-al-centro-commerciale-veneggia\\\/\"},\"author\":{\"name\":\"redazione\",\"@id\":\"https:\\\/\\\/www.bellunopress.it\\\/#\\\/schema\\\/person\\\/79bb06722b37ece1c03d3e94beb30d73\"},\"headline\":\"Da sabato 24 novembre, per tre week-end, lo stand dell&#8217;ADSA al centro commerciale \u201cVeneggia\u201d\",\"datePublished\":\"2012-11-23T18:55:53+00:00\",\"dateModified\":\"2012-11-30T12:24:20+00:00\",\"mainEntityOfPage\":{\"@id\":\"https:\\\/\\\/www.bellunopress.it\\\/2012\\\/11\\\/23\\\/da-sabato-24-novembre-per-tre-week-end-lo-stand-delladsa-al-centro-commerciale-veneggia\\\/\"},\"wordCount\":196,\"publisher\":{\"@id\":\"https:\\\/\\\/www.bellunopress.it\\\/#organization\"},\"image\":{\"@id\":\"https:\\\/\\\/www.bellunopress.it\\\/2012\\\/11\\\/23\\\/da-sabato-24-novembre-per-tre-week-end-lo-stand-delladsa-al-centro-commerciale-veneggia\\\/#primaryimage\"},\"thumbnailUrl\":\"http:\\\/\\\/www.bellunopress.it\\\/wp-content\\\/uploads\\\/2012\\\/11\\\/Adsa.jpg\",\"articleSection\":[\"Appuntamenti, Eventi\",\"Prima Pagina\",\"Societ\u00e0, Associazioni, Istituzioni\"],\"inLanguage\":\"fr-FR\"},{\"@type\":\"WebPage\",\"@id\":\"https:\\\/\\\/www.bellunopress.it\\\/2012\\\/11\\\/23\\\/da-sabato-24-novembre-per-tre-week-end-lo-stand-delladsa-al-centro-commerciale-veneggia\\\/\",\"url\":\"https:\\\/\\\/www.bellunopress.it\\\/2012\\\/11\\\/23\\\/da-sabato-24-novembre-per-tre-week-end-lo-stand-delladsa-al-centro-commerciale-veneggia\\\/\",\"name\":\"Da sabato 24 novembre, per tre week-end, lo stand dell'ADSA al centro commerciale \u201cVeneggia\u201d - Bellunopress - Dolomiti\",\"isPartOf\":{\"@id\":\"https:\\\/\\\/www.bellunopress.it\\\/#website\"},\"primaryImageOfPage\":{\"@id\":\"https:\\\/\\\/www.bellunopress.it\\\/2012\\\/11\\\/23\\\/da-sabato-24-novembre-per-tre-week-end-lo-stand-delladsa-al-centro-commerciale-veneggia\\\/#primaryimage\"},\"image\":{\"@id\":\"https:\\\/\\\/www.bellunopress.it\\\/2012\\\/11\\\/23\\\/da-sabato-24-novembre-per-tre-week-end-lo-stand-delladsa-al-centro-commerciale-veneggia\\\/#primaryimage\"},\"thumbnailUrl\":\"http:\\\/\\\/www.bellunopress.it\\\/wp-content\\\/uploads\\\/2012\\\/11\\\/Adsa.jpg\",\"datePublished\":\"2012-11-23T18:55:53+00:00\",\"dateModified\":\"2012-11-30T12:24:20+00:00\",\"breadcrumb\":{\"@id\":\"https:\\\/\\\/www.bellunopress.it\\\/2012\\\/11\\\/23\\\/da-sabato-24-novembre-per-tre-week-end-lo-stand-delladsa-al-centro-commerciale-veneggia\\\/#breadcrumb\"},\"inLanguage\":\"fr-FR\",\"potentialAction\":[{\"@type\":\"ReadAction\",\"target\":[\"https:\\\/\\\/www.bellunopress.it\\\/2012\\\/11\\\/23\\\/da-sabato-24-novembre-per-tre-week-end-lo-stand-delladsa-al-centro-commerciale-veneggia\\\/\"]}]},{\"@type\":\"ImageObject\",\"inLanguage\":\"fr-FR\",\"@id\":\"https:\\\/\\\/www.bellunopress.it\\\/2012\\\/11\\\/23\\\/da-sabato-24-novembre-per-tre-week-end-lo-stand-delladsa-al-centro-commerciale-veneggia\\\/#primaryimage\",\"url\":\"http:\\\/\\\/www.bellunopress.it\\\/wp-content\\\/uploads\\\/2012\\\/11\\\/Adsa.jpg\",\"contentUrl\":\"http:\\\/\\\/www.bellunopress.it\\\/wp-content\\\/uploads\\\/2012\\\/11\\\/Adsa.jpg\"},{\"@type\":\"BreadcrumbList\",\"@id\":\"https:\\\/\\\/www.bellunopress.it\\\/2012\\\/11\\\/23\\\/da-sabato-24-novembre-per-tre-week-end-lo-stand-delladsa-al-centro-commerciale-veneggia\\\/#breadcrumb\",\"itemListElement\":[{\"@type\":\"ListItem\",\"position\":1,\"name\":\"Home\",\"item\":\"https:\\\/\\\/www.bellunopress.it\\\/\"},{\"@type\":\"ListItem\",\"position\":2,\"name\":\"Da sabato 24 novembre, per tre week-end, lo stand dell&#8217;ADSA al centro commerciale \u201cVeneggia\u201d\"}]},{\"@type\":\"WebSite\",\"@id\":\"https:\\\/\\\/www.bellunopress.it\\\/#website\",\"url\":\"https:\\\/\\\/www.bellunopress.it\\\/\",\"name\":\"Bellunopress - Dolomiti\",\"description\":\"e-mail: redazione@bellunopress.it\",\"publisher\":{\"@id\":\"https:\\\/\\\/www.bellunopress.it\\\/#organization\"},\"potentialAction\":[{\"@type\":\"SearchAction\",\"target\":{\"@type\":\"EntryPoint\",\"urlTemplate\":\"https:\\\/\\\/www.bellunopress.it\\\/?s={search_term_string}\"},\"query-input\":{\"@type\":\"PropertyValueSpecification\",\"valueRequired\":true,\"valueName\":\"search_term_string\"}}],\"inLanguage\":\"fr-FR\"},{\"@type\":\"Organization\",\"@id\":\"https:\\\/\\\/www.bellunopress.it\\\/#organization\",\"name\":\"Bellunopress\",\"url\":\"https:\\\/\\\/www.bellunopress.it\\\/\",\"logo\":{\"@type\":\"ImageObject\",\"inLanguage\":\"fr-FR\",\"@id\":\"https:\\\/\\\/www.bellunopress.it\\\/#\\\/schema\\\/logo\\\/image\\\/\",\"url\":\"https:\\\/\\\/www.bellunopress.it\\\/wp-content\\\/uploads\\\/2011\\\/05\\\/cropped-logo-bellunopress-.jpg\",\"contentUrl\":\"https:\\\/\\\/www.bellunopress.it\\\/wp-content\\\/uploads\\\/2011\\\/05\\\/cropped-logo-bellunopress-.jpg\",\"width\":512,\"height\":512,\"caption\":\"Bellunopress\"},\"image\":{\"@id\":\"https:\\\/\\\/www.bellunopress.it\\\/#\\\/schema\\\/logo\\\/image\\\/\"},\"sameAs\":[\"https:\\\/\\\/www.facebook.com\\\/profile.php?id=100008943462799\",\"https:\\\/\\\/x.com\\\/bellunopress\",\"https:\\\/\\\/www.linkedin.com\\\/hp\\\/?dnr=JBzUWaJfMUw8vbXJJ2tVW5-I3jZKvC4wsoxE&amp;amp;amp;amp;amp;amp;trk=nav_responsive_tab_home\",\"https:\\\/\\\/www.youtube.com\\\/channel\\\/UCxL0wu1uN0_3_7hGG0306cw\"]},{\"@type\":\"Person\",\"@id\":\"https:\\\/\\\/www.bellunopress.it\\\/#\\\/schema\\\/person\\\/79bb06722b37ece1c03d3e94beb30d73\",\"name\":\"redazione\",\"image\":{\"@type\":\"ImageObject\",\"inLanguage\":\"fr-FR\",\"@id\":\"https:\\\/\\\/secure.gravatar.com\\\/avatar\\\/37d968a2e67a6fd04c169c4bdef102d0bc5d31b2546345219e348575eb80e9a0?s=96&d=mm&r=g\",\"url\":\"https:\\\/\\\/secure.gravatar.com\\\/avatar\\\/37d968a2e67a6fd04c169c4bdef102d0bc5d31b2546345219e348575eb80e9a0?s=96&d=mm&r=g\",\"contentUrl\":\"https:\\\/\\\/secure.gravatar.com\\\/avatar\\\/37d968a2e67a6fd04c169c4bdef102d0bc5d31b2546345219e348575eb80e9a0?s=96&d=mm&r=g\",\"caption\":\"redazione\"},\"sameAs\":[\"http:\\\/\\\/www.bellunopress.it\",\"https:\\\/\\\/x.com\\\/bellunopress\"],\"url\":\"https:\\\/\\\/www.bellunopress.it\\\/fr\\\/author\\\/redazione\\\/\"}]}<\/script>\n<!-- \/ Yoast SEO plugin. -->","yoast_head_json":{"title":"Da sabato 24 novembre, per tre week-end, lo stand dell'ADSA al centro commerciale \u201cVeneggia\u201d - Bellunopress - Dolomiti","robots":{"index":"index","follow":"follow","max-snippet":"max-snippet:-1","max-image-preview":"max-image-preview:large","max-video-preview":"max-video-preview:-1"},"canonical":"https:\/\/www.bellunopress.it\/fr\/2012\/11\/23\/da-sabato-24-novembre-per-tre-week-end-lo-stand-delladsa-al-centro-commerciale-veneggia\/","og_locale":"fr_FR","og_type":"article","og_title":"Da sabato 24 novembre, per tre week-end, lo stand dell'ADSA al centro commerciale \u201cVeneggia\u201d - Bellunopress - Dolomiti","og_description":"Sabato 24 e domenica 25 novembre, presso il centro commerciale \u201cVeneggia\u201d, sar\u00e0\u00a0collocato uno stand dell&#8217;ADSA con la presenza dei volontari, a disposizione di tutti coloro che desiderano conoscere il non facile mondo dei ragazzi affetti da disturbi specifici dell&#8217;apprendimento. L&#8217;iniziativa, che si ripeter\u00e0 anche nei due week-end successivi, quindi fino al 9 dicembre, consentir\u00e0 di [&hellip;]","og_url":"https:\/\/www.bellunopress.it\/fr\/2012\/11\/23\/da-sabato-24-novembre-per-tre-week-end-lo-stand-delladsa-al-centro-commerciale-veneggia\/","og_site_name":"Bellunopress - Dolomiti","article_publisher":"https:\/\/www.facebook.com\/profile.php?id=100008943462799","article_published_time":"2012-11-23T18:55:53+00:00","article_modified_time":"2012-11-30T12:24:20+00:00","og_image":[{"url":"http:\/\/www.bellunopress.it\/wp-content\/uploads\/2012\/11\/Adsa.jpg","type":"","width":"","height":""}],"author":"redazione","twitter_card":"summary_large_image","twitter_creator":"@bellunopress","twitter_site":"@bellunopress","twitter_misc":{"Written by":"redazione","Est. reading time":"1 minute"},"schema":{"@context":"https:\/\/schema.org","@graph":[{"@type":"Article","@id":"https:\/\/www.bellunopress.it\/2012\/11\/23\/da-sabato-24-novembre-per-tre-week-end-lo-stand-delladsa-al-centro-commerciale-veneggia\/#article","isPartOf":{"@id":"https:\/\/www.bellunopress.it\/2012\/11\/23\/da-sabato-24-novembre-per-tre-week-end-lo-stand-delladsa-al-centro-commerciale-veneggia\/"},"author":{"name":"redazione","@id":"https:\/\/www.bellunopress.it\/#\/schema\/person\/79bb06722b37ece1c03d3e94beb30d73"},"headline":"Da sabato 24 novembre, per tre week-end, lo stand dell&#8217;ADSA al centro commerciale \u201cVeneggia\u201d","datePublished":"2012-11-23T18:55:53+00:00","dateModified":"2012-11-30T12:24:20+00:00","mainEntityOfPage":{"@id":"https:\/\/www.bellunopress.it\/2012\/11\/23\/da-sabato-24-novembre-per-tre-week-end-lo-stand-delladsa-al-centro-commerciale-veneggia\/"},"wordCount":196,"publisher":{"@id":"https:\/\/www.bellunopress.it\/#organization"},"image":{"@id":"https:\/\/www.bellunopress.it\/2012\/11\/23\/da-sabato-24-novembre-per-tre-week-end-lo-stand-delladsa-al-centro-commerciale-veneggia\/#primaryimage"},"thumbnailUrl":"http:\/\/www.bellunopress.it\/wp-content\/uploads\/2012\/11\/Adsa.jpg","articleSection":["Appuntamenti, Eventi","Prima Pagina","Societ\u00e0, Associazioni, Istituzioni"],"inLanguage":"fr-FR"},{"@type":"WebPage","@id":"https:\/\/www.bellunopress.it\/2012\/11\/23\/da-sabato-24-novembre-per-tre-week-end-lo-stand-delladsa-al-centro-commerciale-veneggia\/","url":"https:\/\/www.bellunopress.it\/2012\/11\/23\/da-sabato-24-novembre-per-tre-week-end-lo-stand-delladsa-al-centro-commerciale-veneggia\/","name":"Da sabato 24 novembre, per tre week-end, lo stand dell'ADSA al centro commerciale \u201cVeneggia\u201d - Bellunopress - Dolomiti","isPartOf":{"@id":"https:\/\/www.bellunopress.it\/#website"},"primaryImageOfPage":{"@id":"https:\/\/www.bellunopress.it\/2012\/11\/23\/da-sabato-24-novembre-per-tre-week-end-lo-stand-delladsa-al-centro-commerciale-veneggia\/#primaryimage"},"image":{"@id":"https:\/\/www.bellunopress.it\/2012\/11\/23\/da-sabato-24-novembre-per-tre-week-end-lo-stand-delladsa-al-centro-commerciale-veneggia\/#primaryimage"},"thumbnailUrl":"http:\/\/www.bellunopress.it\/wp-content\/uploads\/2012\/11\/Adsa.jpg","datePublished":"2012-11-23T18:55:53+00:00","dateModified":"2012-11-30T12:24:20+00:00","breadcrumb":{"@id":"https:\/\/www.bellunopress.it\/2012\/11\/23\/da-sabato-24-novembre-per-tre-week-end-lo-stand-delladsa-al-centro-commerciale-veneggia\/#breadcrumb"},"inLanguage":"fr-FR","potentialAction":[{"@type":"ReadAction","target":["https:\/\/www.bellunopress.it\/2012\/11\/23\/da-sabato-24-novembre-per-tre-week-end-lo-stand-delladsa-al-centro-commerciale-veneggia\/"]}]},{"@type":"ImageObject","inLanguage":"fr-FR","@id":"https:\/\/www.bellunopress.it\/2012\/11\/23\/da-sabato-24-novembre-per-tre-week-end-lo-stand-delladsa-al-centro-commerciale-veneggia\/#primaryimage","url":"http:\/\/www.bellunopress.it\/wp-content\/uploads\/2012\/11\/Adsa.jpg","contentUrl":"http:\/\/www.bellunopress.it\/wp-content\/uploads\/2012\/11\/Adsa.jpg"},{"@type":"BreadcrumbList","@id":"https:\/\/www.bellunopress.it\/2012\/11\/23\/da-sabato-24-novembre-per-tre-week-end-lo-stand-delladsa-al-centro-commerciale-veneggia\/#breadcrumb","itemListElement":[{"@type":"ListItem","position":1,"name":"Home","item":"https:\/\/www.bellunopress.it\/"},{"@type":"ListItem","position":2,"name":"Da sabato 24 novembre, per tre week-end, lo stand dell&#8217;ADSA al centro commerciale \u201cVeneggia\u201d"}]},{"@type":"WebSite","@id":"https:\/\/www.bellunopress.it\/#website","url":"https:\/\/www.bellunopress.it\/","name":"Bellunopress - Dolomiti","description":"e-mail: redazione@bellunopress.it","publisher":{"@id":"https:\/\/www.bellunopress.it\/#organization"},"potentialAction":[{"@type":"SearchAction","target":{"@type":"EntryPoint","urlTemplate":"https:\/\/www.bellunopress.it\/?s={search_term_string}"},"query-input":{"@type":"PropertyValueSpecification","valueRequired":true,"valueName":"search_term_string"}}],"inLanguage":"fr-FR"},{"@type":"Organization","@id":"https:\/\/www.bellunopress.it\/#organization","name":"Bellunopress","url":"https:\/\/www.bellunopress.it\/","logo":{"@type":"ImageObject","inLanguage":"fr-FR","@id":"https:\/\/www.bellunopress.it\/#\/schema\/logo\/image\/","url":"https:\/\/www.bellunopress.it\/wp-content\/uploads\/2011\/05\/cropped-logo-bellunopress-.jpg","contentUrl":"https:\/\/www.bellunopress.it\/wp-content\/uploads\/2011\/05\/cropped-logo-bellunopress-.jpg","width":512,"height":512,"caption":"Bellunopress"},"image":{"@id":"https:\/\/www.bellunopress.it\/#\/schema\/logo\/image\/"},"sameAs":["https:\/\/www.facebook.com\/profile.php?id=100008943462799","https:\/\/x.com\/bellunopress","https:\/\/www.linkedin.com\/hp\/?dnr=JBzUWaJfMUw8vbXJJ2tVW5-I3jZKvC4wsoxE&amp;amp;amp;amp;amp;amp;trk=nav_responsive_tab_home","https:\/\/www.youtube.com\/channel\/UCxL0wu1uN0_3_7hGG0306cw"]},{"@type":"Person","@id":"https:\/\/www.bellunopress.it\/#\/schema\/person\/79bb06722b37ece1c03d3e94beb30d73","name":"r\u00e9daction","image":{"@type":"ImageObject","inLanguage":"fr-FR","@id":"https:\/\/secure.gravatar.com\/avatar\/37d968a2e67a6fd04c169c4bdef102d0bc5d31b2546345219e348575eb80e9a0?s=96&d=mm&r=g","url":"https:\/\/secure.gravatar.com\/avatar\/37d968a2e67a6fd04c169c4bdef102d0bc5d31b2546345219e348575eb80e9a0?s=96&d=mm&r=g","contentUrl":"https:\/\/secure.gravatar.com\/avatar\/37d968a2e67a6fd04c169c4bdef102d0bc5d31b2546345219e348575eb80e9a0?s=96&d=mm&r=g","caption":"redazione"},"sameAs":["http:\/\/www.bellunopress.it","https:\/\/x.com\/bellunopress"],"url":"https:\/\/www.bellunopress.it\/fr\/author\/redazione\/"}]}},"_links":{"self":[{"href":"https:\/\/www.bellunopress.it\/fr\/wp-json\/wp\/v2\/posts\/44157","targetHints":{"allow":["GET"]}}],"collection":[{"href":"https:\/\/www.bellunopress.it\/fr\/wp-json\/wp\/v2\/posts"}],"about":[{"href":"https:\/\/www.bellunopress.it\/fr\/wp-json\/wp\/v2\/types\/post"}],"author":[{"embeddable":true,"href":"https:\/\/www.bellunopress.it\/fr\/wp-json\/wp\/v2\/users\/2"}],"replies":[{"embeddable":true,"href":"https:\/\/www.bellunopress.it\/fr\/wp-json\/wp\/v2\/comments?post=44157"}],"version-history":[{"count":2,"href":"https:\/\/www.bellunopress.it\/fr\/wp-json\/wp\/v2\/posts\/44157\/revisions"}],"predecessor-version":[{"id":44343,"href":"https:\/\/www.bellunopress.it\/fr\/wp-json\/wp\/v2\/posts\/44157\/revisions\/44343"}],"wp:attachment":[{"href":"https:\/\/www.bellunopress.it\/fr\/wp-json\/wp\/v2\/media?parent=44157"}],"wp:term":[{"taxonomy":"category","embeddable":true,"href":"https:\/\/www.bellunopress.it\/fr\/wp-json\/wp\/v2\/categories?post=44157"},{"taxonomy":"post_tag","embeddable":true,"href":"https:\/\/www.bellunopress.it\/fr\/wp-json\/wp\/v2\/tags?post=44157"}],"curies":[{"name":"wp","href":"https:\/\/api.w.org\/{rel}","templated":true}]}}