{"id":44153,"date":"2012-11-23T19:43:46","date_gmt":"2012-11-23T18:43:46","guid":{"rendered":"http:\/\/www.bellunopress.it\/?p=44153"},"modified":"2012-11-23T19:43:46","modified_gmt":"2012-11-23T18:43:46","slug":"sabato-24-novembre-primo-appuntamento-con-la-scuola-aperta-al-segato-e-al-brustolon-di-belluno","status":"publish","type":"post","link":"https:\/\/www.bellunopress.it\/fr\/2012\/11\/23\/sabato-24-novembre-primo-appuntamento-con-la-scuola-aperta-al-segato-e-al-brustolon-di-belluno\/","title":{"rendered":"Sabato 24 novembre primo appuntamento con la \u201cScuola aperta\u201d al Segato e al Brustolon di Belluno"},"content":{"rendered":"<p><a href=\"http:\/\/www.bellunopress.it\/wp-content\/uploads\/2010\/05\/istituto-tecnico-industriale.jpg\"><img loading=\"lazy\" decoding=\"async\" class=\"alignleft size-full wp-image-15754\" title=\"istituto-tecnico-industriale\" src=\"http:\/\/www.bellunopress.it\/wp-content\/uploads\/2010\/05\/istituto-tecnico-industriale.jpg\" alt=\"\" width=\"280\" height=\"280\" srcset=\"https:\/\/www.bellunopress.it\/wp-content\/uploads\/2010\/05\/istituto-tecnico-industriale.jpg 280w, https:\/\/www.bellunopress.it\/wp-content\/uploads\/2010\/05\/istituto-tecnico-industriale-150x150.jpg 150w\" sizes=\"auto, (max-width: 280px) 100vw, 280px\" \/><\/a>Scuola aperta, sabato 24 novembre 2012, all&#8217;ITI \u201cSegato\u201d e all&#8217;IPSIA \u201cBrustolon\u201d di Belluno. L&#8217;iniziativa consentir\u00e0 agli alunni di terza media e ai loro genitori di visitare le strutture e i laboratori delle due scuole con la guida degli insegnanti. A ragazzi e adulti saranno date tutte le informazioni sui corsi di studio disponibili e sulle altre numerose iniziative organizzate, dagli stage alle attivit\u00e0 sportive, fino alla Patente Europea del Computer. Chi si iscriver\u00e0 al Segato potr\u00e0 scegliere tra diversi indirizzi: \u201cCostruzioni, ambiente e territorio\u201d, \u201cElettronica ed elettrotecnica\u201d, \u201cInformatica e telecomunicazioni\u201d, \u201cMeccanica, meccatronica, tecnologia dell&#8217;occhiale ed energia\u201d, \u201cGrafica e comunicazione\u201d. Gli iscritti al Brustolon sceglieranno invece tra il corso \u201cManutenzione e assistenza tecnica\u201d, che\u00a0consente di studiare elettronica, elettrotecnica e meccanica, e il corso \u201cProduzioni industriali e artigianali\u201d che forma operatori della moda.<\/p>\n<p>L&#8217;ITI \u201cSegato\u201d si trova in via Tasso 11, mentre l&#8217;IPSIA Brustolon \u00e8 ubicato in via San Lorenzo 19. Entrambe le scuole saranno aperte dalle ore 15 alle ore 18. I successivi appuntamenti sono previsti per il 1 e il 15 dicembre e per il 12 e 26 gennaio, con il medesimo orario.<\/p>\n<p>Per informazioni telefonare al n. 0437-940159<\/p>","protected":false},"excerpt":{"rendered":"<p>Scuola aperta, sabato 24 novembre 2012, all&#8217;ITI \u201cSegato\u201d e all&#8217;IPSIA \u201cBrustolon\u201d di Belluno. L&#8217;iniziativa consentir\u00e0 agli alunni di terza media e ai loro genitori di visitare le strutture e i laboratori delle due scuole con la guida degli insegnanti. A ragazzi e adulti saranno date tutte le informazioni sui corsi di studio disponibili e sulle [&hellip;]<\/p>\n","protected":false},"author":2,"featured_media":0,"comment_status":"closed","ping_status":"open","sticky":false,"template":"","format":"standard","meta":{"footnotes":""},"categories":[26,15],"tags":[],"class_list":["post-44153","post","type-post","status-publish","format-standard","category-prima-pagina","category-scuola"],"yoast_head":"<!-- This site is optimized with the Yoast SEO plugin v28.4 - https:\/\/yoast.com\/product\/yoast-seo-wordpress\/ -->\n<title>Sabato 24 novembre primo appuntamento con la \u201cScuola aperta\u201d al Segato e al Brustolon di Belluno - Bellunopress - Dolomiti<\/title>\n<meta name=\"robots\" content=\"index, follow, max-snippet:-1, max-image-preview:large, max-video-preview:-1\" \/>\n<link rel=\"canonical\" href=\"https:\/\/www.bellunopress.it\/fr\/2012\/11\/23\/sabato-24-novembre-primo-appuntamento-con-la-scuola-aperta-al-segato-e-al-brustolon-di-belluno\/\" \/>\n<meta property=\"og:locale\" content=\"fr_FR\" \/>\n<meta property=\"og:type\" content=\"article\" \/>\n<meta property=\"og:title\" content=\"Sabato 24 novembre primo appuntamento con la \u201cScuola aperta\u201d al Segato e al Brustolon di Belluno - Bellunopress - Dolomiti\" \/>\n<meta property=\"og:description\" content=\"Scuola aperta, sabato 24 novembre 2012, all&#8217;ITI \u201cSegato\u201d e all&#8217;IPSIA \u201cBrustolon\u201d di Belluno. L&#8217;iniziativa consentir\u00e0 agli alunni di terza media e ai loro genitori di visitare le strutture e i laboratori delle due scuole con la guida degli insegnanti. A ragazzi e adulti saranno date tutte le informazioni sui corsi di studio disponibili e sulle [&hellip;]\" \/>\n<meta property=\"og:url\" content=\"https:\/\/www.bellunopress.it\/fr\/2012\/11\/23\/sabato-24-novembre-primo-appuntamento-con-la-scuola-aperta-al-segato-e-al-brustolon-di-belluno\/\" \/>\n<meta property=\"og:site_name\" content=\"Bellunopress - Dolomiti\" \/>\n<meta property=\"article:publisher\" content=\"https:\/\/www.facebook.com\/profile.php?id=100008943462799\" \/>\n<meta property=\"article:published_time\" content=\"2012-11-23T18:43:46+00:00\" \/>\n<meta property=\"og:image\" content=\"http:\/\/www.bellunopress.it\/wp-content\/uploads\/2010\/05\/istituto-tecnico-industriale.jpg\" \/>\n<meta name=\"author\" content=\"redazione\" \/>\n<meta name=\"twitter:card\" content=\"summary_large_image\" \/>\n<meta name=\"twitter:creator\" content=\"@bellunopress\" \/>\n<meta name=\"twitter:site\" content=\"@bellunopress\" \/>\n<meta name=\"twitter:label1\" content=\"Written by\" \/>\n\t<meta name=\"twitter:data1\" content=\"redazione\" \/>\n\t<meta name=\"twitter:label2\" content=\"Est. reading time\" \/>\n\t<meta name=\"twitter:data2\" content=\"1 minute\" \/>\n<script type=\"application\/ld+json\" class=\"yoast-schema-graph\">{\"@context\":\"https:\\\/\\\/schema.org\",\"@graph\":[{\"@type\":\"Article\",\"@id\":\"https:\\\/\\\/www.bellunopress.it\\\/2012\\\/11\\\/23\\\/sabato-24-novembre-primo-appuntamento-con-la-scuola-aperta-al-segato-e-al-brustolon-di-belluno\\\/#article\",\"isPartOf\":{\"@id\":\"https:\\\/\\\/www.bellunopress.it\\\/2012\\\/11\\\/23\\\/sabato-24-novembre-primo-appuntamento-con-la-scuola-aperta-al-segato-e-al-brustolon-di-belluno\\\/\"},\"author\":{\"name\":\"redazione\",\"@id\":\"https:\\\/\\\/www.bellunopress.it\\\/#\\\/schema\\\/person\\\/79bb06722b37ece1c03d3e94beb30d73\"},\"headline\":\"Sabato 24 novembre primo appuntamento con la \u201cScuola aperta\u201d al Segato e al Brustolon di Belluno\",\"datePublished\":\"2012-11-23T18:43:46+00:00\",\"mainEntityOfPage\":{\"@id\":\"https:\\\/\\\/www.bellunopress.it\\\/2012\\\/11\\\/23\\\/sabato-24-novembre-primo-appuntamento-con-la-scuola-aperta-al-segato-e-al-brustolon-di-belluno\\\/\"},\"wordCount\":200,\"publisher\":{\"@id\":\"https:\\\/\\\/www.bellunopress.it\\\/#organization\"},\"image\":{\"@id\":\"https:\\\/\\\/www.bellunopress.it\\\/2012\\\/11\\\/23\\\/sabato-24-novembre-primo-appuntamento-con-la-scuola-aperta-al-segato-e-al-brustolon-di-belluno\\\/#primaryimage\"},\"thumbnailUrl\":\"http:\\\/\\\/www.bellunopress.it\\\/wp-content\\\/uploads\\\/2010\\\/05\\\/istituto-tecnico-industriale.jpg\",\"articleSection\":[\"Prima Pagina\",\"Scuola\"],\"inLanguage\":\"fr-FR\"},{\"@type\":\"WebPage\",\"@id\":\"https:\\\/\\\/www.bellunopress.it\\\/2012\\\/11\\\/23\\\/sabato-24-novembre-primo-appuntamento-con-la-scuola-aperta-al-segato-e-al-brustolon-di-belluno\\\/\",\"url\":\"https:\\\/\\\/www.bellunopress.it\\\/2012\\\/11\\\/23\\\/sabato-24-novembre-primo-appuntamento-con-la-scuola-aperta-al-segato-e-al-brustolon-di-belluno\\\/\",\"name\":\"Sabato 24 novembre primo appuntamento con la \u201cScuola aperta\u201d al Segato e al Brustolon di Belluno - Bellunopress - Dolomiti\",\"isPartOf\":{\"@id\":\"https:\\\/\\\/www.bellunopress.it\\\/#website\"},\"primaryImageOfPage\":{\"@id\":\"https:\\\/\\\/www.bellunopress.it\\\/2012\\\/11\\\/23\\\/sabato-24-novembre-primo-appuntamento-con-la-scuola-aperta-al-segato-e-al-brustolon-di-belluno\\\/#primaryimage\"},\"image\":{\"@id\":\"https:\\\/\\\/www.bellunopress.it\\\/2012\\\/11\\\/23\\\/sabato-24-novembre-primo-appuntamento-con-la-scuola-aperta-al-segato-e-al-brustolon-di-belluno\\\/#primaryimage\"},\"thumbnailUrl\":\"http:\\\/\\\/www.bellunopress.it\\\/wp-content\\\/uploads\\\/2010\\\/05\\\/istituto-tecnico-industriale.jpg\",\"datePublished\":\"2012-11-23T18:43:46+00:00\",\"breadcrumb\":{\"@id\":\"https:\\\/\\\/www.bellunopress.it\\\/2012\\\/11\\\/23\\\/sabato-24-novembre-primo-appuntamento-con-la-scuola-aperta-al-segato-e-al-brustolon-di-belluno\\\/#breadcrumb\"},\"inLanguage\":\"fr-FR\",\"potentialAction\":[{\"@type\":\"ReadAction\",\"target\":[\"https:\\\/\\\/www.bellunopress.it\\\/2012\\\/11\\\/23\\\/sabato-24-novembre-primo-appuntamento-con-la-scuola-aperta-al-segato-e-al-brustolon-di-belluno\\\/\"]}]},{\"@type\":\"ImageObject\",\"inLanguage\":\"fr-FR\",\"@id\":\"https:\\\/\\\/www.bellunopress.it\\\/2012\\\/11\\\/23\\\/sabato-24-novembre-primo-appuntamento-con-la-scuola-aperta-al-segato-e-al-brustolon-di-belluno\\\/#primaryimage\",\"url\":\"http:\\\/\\\/www.bellunopress.it\\\/wp-content\\\/uploads\\\/2010\\\/05\\\/istituto-tecnico-industriale.jpg\",\"contentUrl\":\"http:\\\/\\\/www.bellunopress.it\\\/wp-content\\\/uploads\\\/2010\\\/05\\\/istituto-tecnico-industriale.jpg\"},{\"@type\":\"BreadcrumbList\",\"@id\":\"https:\\\/\\\/www.bellunopress.it\\\/2012\\\/11\\\/23\\\/sabato-24-novembre-primo-appuntamento-con-la-scuola-aperta-al-segato-e-al-brustolon-di-belluno\\\/#breadcrumb\",\"itemListElement\":[{\"@type\":\"ListItem\",\"position\":1,\"name\":\"Home\",\"item\":\"https:\\\/\\\/www.bellunopress.it\\\/\"},{\"@type\":\"ListItem\",\"position\":2,\"name\":\"Sabato 24 novembre primo appuntamento con la \u201cScuola aperta\u201d al Segato e al Brustolon di Belluno\"}]},{\"@type\":\"WebSite\",\"@id\":\"https:\\\/\\\/www.bellunopress.it\\\/#website\",\"url\":\"https:\\\/\\\/www.bellunopress.it\\\/\",\"name\":\"Bellunopress - Dolomiti\",\"description\":\"e-mail: redazione@bellunopress.it\",\"publisher\":{\"@id\":\"https:\\\/\\\/www.bellunopress.it\\\/#organization\"},\"potentialAction\":[{\"@type\":\"SearchAction\",\"target\":{\"@type\":\"EntryPoint\",\"urlTemplate\":\"https:\\\/\\\/www.bellunopress.it\\\/?s={search_term_string}\"},\"query-input\":{\"@type\":\"PropertyValueSpecification\",\"valueRequired\":true,\"valueName\":\"search_term_string\"}}],\"inLanguage\":\"fr-FR\"},{\"@type\":\"Organization\",\"@id\":\"https:\\\/\\\/www.bellunopress.it\\\/#organization\",\"name\":\"Bellunopress\",\"url\":\"https:\\\/\\\/www.bellunopress.it\\\/\",\"logo\":{\"@type\":\"ImageObject\",\"inLanguage\":\"fr-FR\",\"@id\":\"https:\\\/\\\/www.bellunopress.it\\\/#\\\/schema\\\/logo\\\/image\\\/\",\"url\":\"https:\\\/\\\/www.bellunopress.it\\\/wp-content\\\/uploads\\\/2011\\\/05\\\/cropped-logo-bellunopress-.jpg\",\"contentUrl\":\"https:\\\/\\\/www.bellunopress.it\\\/wp-content\\\/uploads\\\/2011\\\/05\\\/cropped-logo-bellunopress-.jpg\",\"width\":512,\"height\":512,\"caption\":\"Bellunopress\"},\"image\":{\"@id\":\"https:\\\/\\\/www.bellunopress.it\\\/#\\\/schema\\\/logo\\\/image\\\/\"},\"sameAs\":[\"https:\\\/\\\/www.facebook.com\\\/profile.php?id=100008943462799\",\"https:\\\/\\\/x.com\\\/bellunopress\",\"https:\\\/\\\/www.linkedin.com\\\/hp\\\/?dnr=JBzUWaJfMUw8vbXJJ2tVW5-I3jZKvC4wsoxE&amp;amp;amp;amp;amp;amp;trk=nav_responsive_tab_home\",\"https:\\\/\\\/www.youtube.com\\\/channel\\\/UCxL0wu1uN0_3_7hGG0306cw\"]},{\"@type\":\"Person\",\"@id\":\"https:\\\/\\\/www.bellunopress.it\\\/#\\\/schema\\\/person\\\/79bb06722b37ece1c03d3e94beb30d73\",\"name\":\"redazione\",\"image\":{\"@type\":\"ImageObject\",\"inLanguage\":\"fr-FR\",\"@id\":\"https:\\\/\\\/secure.gravatar.com\\\/avatar\\\/37d968a2e67a6fd04c169c4bdef102d0bc5d31b2546345219e348575eb80e9a0?s=96&d=mm&r=g\",\"url\":\"https:\\\/\\\/secure.gravatar.com\\\/avatar\\\/37d968a2e67a6fd04c169c4bdef102d0bc5d31b2546345219e348575eb80e9a0?s=96&d=mm&r=g\",\"contentUrl\":\"https:\\\/\\\/secure.gravatar.com\\\/avatar\\\/37d968a2e67a6fd04c169c4bdef102d0bc5d31b2546345219e348575eb80e9a0?s=96&d=mm&r=g\",\"caption\":\"redazione\"},\"sameAs\":[\"http:\\\/\\\/www.bellunopress.it\",\"https:\\\/\\\/x.com\\\/bellunopress\"],\"url\":\"https:\\\/\\\/www.bellunopress.it\\\/fr\\\/author\\\/redazione\\\/\"}]}<\/script>\n<!-- \/ Yoast SEO plugin. -->","yoast_head_json":{"title":"Sabato 24 novembre primo appuntamento con la \u201cScuola aperta\u201d al Segato e al Brustolon di Belluno - Bellunopress - Dolomiti","robots":{"index":"index","follow":"follow","max-snippet":"max-snippet:-1","max-image-preview":"max-image-preview:large","max-video-preview":"max-video-preview:-1"},"canonical":"https:\/\/www.bellunopress.it\/fr\/2012\/11\/23\/sabato-24-novembre-primo-appuntamento-con-la-scuola-aperta-al-segato-e-al-brustolon-di-belluno\/","og_locale":"fr_FR","og_type":"article","og_title":"Sabato 24 novembre primo appuntamento con la \u201cScuola aperta\u201d al Segato e al Brustolon di Belluno - Bellunopress - Dolomiti","og_description":"Scuola aperta, sabato 24 novembre 2012, all&#8217;ITI \u201cSegato\u201d e all&#8217;IPSIA \u201cBrustolon\u201d di Belluno. L&#8217;iniziativa consentir\u00e0 agli alunni di terza media e ai loro genitori di visitare le strutture e i laboratori delle due scuole con la guida degli insegnanti. A ragazzi e adulti saranno date tutte le informazioni sui corsi di studio disponibili e sulle [&hellip;]","og_url":"https:\/\/www.bellunopress.it\/fr\/2012\/11\/23\/sabato-24-novembre-primo-appuntamento-con-la-scuola-aperta-al-segato-e-al-brustolon-di-belluno\/","og_site_name":"Bellunopress - Dolomiti","article_publisher":"https:\/\/www.facebook.com\/profile.php?id=100008943462799","article_published_time":"2012-11-23T18:43:46+00:00","og_image":[{"url":"http:\/\/www.bellunopress.it\/wp-content\/uploads\/2010\/05\/istituto-tecnico-industriale.jpg","type":"","width":"","height":""}],"author":"redazione","twitter_card":"summary_large_image","twitter_creator":"@bellunopress","twitter_site":"@bellunopress","twitter_misc":{"Written by":"redazione","Est. reading time":"1 minute"},"schema":{"@context":"https:\/\/schema.org","@graph":[{"@type":"Article","@id":"https:\/\/www.bellunopress.it\/2012\/11\/23\/sabato-24-novembre-primo-appuntamento-con-la-scuola-aperta-al-segato-e-al-brustolon-di-belluno\/#article","isPartOf":{"@id":"https:\/\/www.bellunopress.it\/2012\/11\/23\/sabato-24-novembre-primo-appuntamento-con-la-scuola-aperta-al-segato-e-al-brustolon-di-belluno\/"},"author":{"name":"redazione","@id":"https:\/\/www.bellunopress.it\/#\/schema\/person\/79bb06722b37ece1c03d3e94beb30d73"},"headline":"Sabato 24 novembre primo appuntamento con la \u201cScuola aperta\u201d al Segato e al Brustolon di Belluno","datePublished":"2012-11-23T18:43:46+00:00","mainEntityOfPage":{"@id":"https:\/\/www.bellunopress.it\/2012\/11\/23\/sabato-24-novembre-primo-appuntamento-con-la-scuola-aperta-al-segato-e-al-brustolon-di-belluno\/"},"wordCount":200,"publisher":{"@id":"https:\/\/www.bellunopress.it\/#organization"},"image":{"@id":"https:\/\/www.bellunopress.it\/2012\/11\/23\/sabato-24-novembre-primo-appuntamento-con-la-scuola-aperta-al-segato-e-al-brustolon-di-belluno\/#primaryimage"},"thumbnailUrl":"http:\/\/www.bellunopress.it\/wp-content\/uploads\/2010\/05\/istituto-tecnico-industriale.jpg","articleSection":["Prima Pagina","Scuola"],"inLanguage":"fr-FR"},{"@type":"WebPage","@id":"https:\/\/www.bellunopress.it\/2012\/11\/23\/sabato-24-novembre-primo-appuntamento-con-la-scuola-aperta-al-segato-e-al-brustolon-di-belluno\/","url":"https:\/\/www.bellunopress.it\/2012\/11\/23\/sabato-24-novembre-primo-appuntamento-con-la-scuola-aperta-al-segato-e-al-brustolon-di-belluno\/","name":"Sabato 24 novembre primo appuntamento con la \u201cScuola aperta\u201d al Segato e al Brustolon di Belluno - Bellunopress - Dolomiti","isPartOf":{"@id":"https:\/\/www.bellunopress.it\/#website"},"primaryImageOfPage":{"@id":"https:\/\/www.bellunopress.it\/2012\/11\/23\/sabato-24-novembre-primo-appuntamento-con-la-scuola-aperta-al-segato-e-al-brustolon-di-belluno\/#primaryimage"},"image":{"@id":"https:\/\/www.bellunopress.it\/2012\/11\/23\/sabato-24-novembre-primo-appuntamento-con-la-scuola-aperta-al-segato-e-al-brustolon-di-belluno\/#primaryimage"},"thumbnailUrl":"http:\/\/www.bellunopress.it\/wp-content\/uploads\/2010\/05\/istituto-tecnico-industriale.jpg","datePublished":"2012-11-23T18:43:46+00:00","breadcrumb":{"@id":"https:\/\/www.bellunopress.it\/2012\/11\/23\/sabato-24-novembre-primo-appuntamento-con-la-scuola-aperta-al-segato-e-al-brustolon-di-belluno\/#breadcrumb"},"inLanguage":"fr-FR","potentialAction":[{"@type":"ReadAction","target":["https:\/\/www.bellunopress.it\/2012\/11\/23\/sabato-24-novembre-primo-appuntamento-con-la-scuola-aperta-al-segato-e-al-brustolon-di-belluno\/"]}]},{"@type":"ImageObject","inLanguage":"fr-FR","@id":"https:\/\/www.bellunopress.it\/2012\/11\/23\/sabato-24-novembre-primo-appuntamento-con-la-scuola-aperta-al-segato-e-al-brustolon-di-belluno\/#primaryimage","url":"http:\/\/www.bellunopress.it\/wp-content\/uploads\/2010\/05\/istituto-tecnico-industriale.jpg","contentUrl":"http:\/\/www.bellunopress.it\/wp-content\/uploads\/2010\/05\/istituto-tecnico-industriale.jpg"},{"@type":"BreadcrumbList","@id":"https:\/\/www.bellunopress.it\/2012\/11\/23\/sabato-24-novembre-primo-appuntamento-con-la-scuola-aperta-al-segato-e-al-brustolon-di-belluno\/#breadcrumb","itemListElement":[{"@type":"ListItem","position":1,"name":"Home","item":"https:\/\/www.bellunopress.it\/"},{"@type":"ListItem","position":2,"name":"Sabato 24 novembre primo appuntamento con la \u201cScuola aperta\u201d al Segato e al Brustolon di Belluno"}]},{"@type":"WebSite","@id":"https:\/\/www.bellunopress.it\/#website","url":"https:\/\/www.bellunopress.it\/","name":"Bellunopress - Dolomiti","description":"e-mail: redazione@bellunopress.it","publisher":{"@id":"https:\/\/www.bellunopress.it\/#organization"},"potentialAction":[{"@type":"SearchAction","target":{"@type":"EntryPoint","urlTemplate":"https:\/\/www.bellunopress.it\/?s={search_term_string}"},"query-input":{"@type":"PropertyValueSpecification","valueRequired":true,"valueName":"search_term_string"}}],"inLanguage":"fr-FR"},{"@type":"Organization","@id":"https:\/\/www.bellunopress.it\/#organization","name":"Bellunopress","url":"https:\/\/www.bellunopress.it\/","logo":{"@type":"ImageObject","inLanguage":"fr-FR","@id":"https:\/\/www.bellunopress.it\/#\/schema\/logo\/image\/","url":"https:\/\/www.bellunopress.it\/wp-content\/uploads\/2011\/05\/cropped-logo-bellunopress-.jpg","contentUrl":"https:\/\/www.bellunopress.it\/wp-content\/uploads\/2011\/05\/cropped-logo-bellunopress-.jpg","width":512,"height":512,"caption":"Bellunopress"},"image":{"@id":"https:\/\/www.bellunopress.it\/#\/schema\/logo\/image\/"},"sameAs":["https:\/\/www.facebook.com\/profile.php?id=100008943462799","https:\/\/x.com\/bellunopress","https:\/\/www.linkedin.com\/hp\/?dnr=JBzUWaJfMUw8vbXJJ2tVW5-I3jZKvC4wsoxE&amp;amp;amp;amp;amp;amp;trk=nav_responsive_tab_home","https:\/\/www.youtube.com\/channel\/UCxL0wu1uN0_3_7hGG0306cw"]},{"@type":"Person","@id":"https:\/\/www.bellunopress.it\/#\/schema\/person\/79bb06722b37ece1c03d3e94beb30d73","name":"r\u00e9daction","image":{"@type":"ImageObject","inLanguage":"fr-FR","@id":"https:\/\/secure.gravatar.com\/avatar\/37d968a2e67a6fd04c169c4bdef102d0bc5d31b2546345219e348575eb80e9a0?s=96&d=mm&r=g","url":"https:\/\/secure.gravatar.com\/avatar\/37d968a2e67a6fd04c169c4bdef102d0bc5d31b2546345219e348575eb80e9a0?s=96&d=mm&r=g","contentUrl":"https:\/\/secure.gravatar.com\/avatar\/37d968a2e67a6fd04c169c4bdef102d0bc5d31b2546345219e348575eb80e9a0?s=96&d=mm&r=g","caption":"redazione"},"sameAs":["http:\/\/www.bellunopress.it","https:\/\/x.com\/bellunopress"],"url":"https:\/\/www.bellunopress.it\/fr\/author\/redazione\/"}]}},"_links":{"self":[{"href":"https:\/\/www.bellunopress.it\/fr\/wp-json\/wp\/v2\/posts\/44153","targetHints":{"allow":["GET"]}}],"collection":[{"href":"https:\/\/www.bellunopress.it\/fr\/wp-json\/wp\/v2\/posts"}],"about":[{"href":"https:\/\/www.bellunopress.it\/fr\/wp-json\/wp\/v2\/types\/post"}],"author":[{"embeddable":true,"href":"https:\/\/www.bellunopress.it\/fr\/wp-json\/wp\/v2\/users\/2"}],"replies":[{"embeddable":true,"href":"https:\/\/www.bellunopress.it\/fr\/wp-json\/wp\/v2\/comments?post=44153"}],"version-history":[{"count":2,"href":"https:\/\/www.bellunopress.it\/fr\/wp-json\/wp\/v2\/posts\/44153\/revisions"}],"predecessor-version":[{"id":44155,"href":"https:\/\/www.bellunopress.it\/fr\/wp-json\/wp\/v2\/posts\/44153\/revisions\/44155"}],"wp:attachment":[{"href":"https:\/\/www.bellunopress.it\/fr\/wp-json\/wp\/v2\/media?parent=44153"}],"wp:term":[{"taxonomy":"category","embeddable":true,"href":"https:\/\/www.bellunopress.it\/fr\/wp-json\/wp\/v2\/categories?post=44153"},{"taxonomy":"post_tag","embeddable":true,"href":"https:\/\/www.bellunopress.it\/fr\/wp-json\/wp\/v2\/tags?post=44153"}],"curies":[{"name":"wp","href":"https:\/\/api.w.org\/{rel}","templated":true}]}}