{"id":44151,"date":"2012-11-23T19:31:38","date_gmt":"2012-11-23T18:31:38","guid":{"rendered":"http:\/\/www.bellunopress.it\/?p=44151"},"modified":"2012-11-23T19:31:38","modified_gmt":"2012-11-23T18:31:38","slug":"sovramonte-domenica-si-vota-per-le-primarie-del-centrosinistra-al-casel-di-sorriva","status":"publish","type":"post","link":"https:\/\/www.bellunopress.it\/fr\/2012\/11\/23\/sovramonte-domenica-si-vota-per-le-primarie-del-centrosinistra-al-casel-di-sorriva\/","title":{"rendered":"Sovramonte: domenica si vota per le primarie del centrosinistra al Casel di Sorriva"},"content":{"rendered":"<p><a href=\"http:\/\/www.bellunopress.it\/wp-content\/uploads\/2009\/06\/urna-elettorale-leggerissima.jpg\"><img loading=\"lazy\" decoding=\"async\" class=\"alignleft size-full wp-image-4579\" title=\"urna-elettorale-leggerissima\" src=\"http:\/\/www.bellunopress.it\/wp-content\/uploads\/2009\/06\/urna-elettorale-leggerissima.jpg\" alt=\"\" width=\"100\" height=\"78\" \/><\/a>Il circolo di Sovramonte avvisa gli elettori inscritti alle liste del Comune di Sovramonte, della possibilit\u00e0 di votare per le primarie del centro sinistra presso il Casel di Sorriva. Infatti domenica 25 novembre da partire dalle 8.00 sar\u00e0 possibile dare la propria preferenza per i candidati in lista: BERSANI, RENZI, PUPPATO, VENDOLA, TABACCI. Vi sar\u00e0 la possibilit\u00e0 di iscrizione ai sostenitori del Centro sinistra al momento del voto. L&#8217;invito del circolo \u00e8 di partecipare alle primarie per dare un segnale importante alla politica che si pu\u00f2 cambiare solamente con la partecipazione attiva.<\/p>","protected":false},"excerpt":{"rendered":"<p>Il circolo di Sovramonte avvisa gli elettori inscritti alle liste del Comune di Sovramonte, della possibilit\u00e0 di votare per le primarie del centro sinistra presso il Casel di Sorriva. Infatti domenica 25 novembre da partire dalle 8.00 sar\u00e0 possibile dare la propria preferenza per i candidati in lista: BERSANI, RENZI, PUPPATO, VENDOLA, TABACCI. Vi sar\u00e0 [&hellip;]<\/p>\n","protected":false},"author":2,"featured_media":0,"comment_status":"closed","ping_status":"open","sticky":false,"template":"","format":"standard","meta":{"footnotes":""},"categories":[26,8],"tags":[],"class_list":["post-44151","post","type-post","status-publish","format-standard","category-prima-pagina","category-societa-istituzioni"],"yoast_head":"<!-- This site is optimized with the Yoast SEO plugin v28.4 - https:\/\/yoast.com\/product\/yoast-seo-wordpress\/ -->\n<title>Sovramonte: domenica si vota per le primarie del centrosinistra al Casel di Sorriva - Bellunopress - Dolomiti<\/title>\n<meta name=\"robots\" content=\"index, follow, max-snippet:-1, max-image-preview:large, max-video-preview:-1\" \/>\n<link rel=\"canonical\" href=\"https:\/\/www.bellunopress.it\/fr\/2012\/11\/23\/sovramonte-domenica-si-vota-per-le-primarie-del-centrosinistra-al-casel-di-sorriva\/\" \/>\n<meta property=\"og:locale\" content=\"fr_FR\" \/>\n<meta property=\"og:type\" content=\"article\" \/>\n<meta property=\"og:title\" content=\"Sovramonte: domenica si vota per le primarie del centrosinistra al Casel di Sorriva - Bellunopress - Dolomiti\" \/>\n<meta property=\"og:description\" content=\"Il circolo di Sovramonte avvisa gli elettori inscritti alle liste del Comune di Sovramonte, della possibilit\u00e0 di votare per le primarie del centro sinistra presso il Casel di Sorriva. Infatti domenica 25 novembre da partire dalle 8.00 sar\u00e0 possibile dare la propria preferenza per i candidati in lista: BERSANI, RENZI, PUPPATO, VENDOLA, TABACCI. Vi sar\u00e0 [&hellip;]\" \/>\n<meta property=\"og:url\" content=\"https:\/\/www.bellunopress.it\/fr\/2012\/11\/23\/sovramonte-domenica-si-vota-per-le-primarie-del-centrosinistra-al-casel-di-sorriva\/\" \/>\n<meta property=\"og:site_name\" content=\"Bellunopress - Dolomiti\" \/>\n<meta property=\"article:publisher\" content=\"https:\/\/www.facebook.com\/profile.php?id=100008943462799\" \/>\n<meta property=\"article:published_time\" content=\"2012-11-23T18:31:38+00:00\" \/>\n<meta property=\"og:image\" content=\"http:\/\/www.bellunopress.it\/wp-content\/uploads\/2009\/06\/urna-elettorale-leggerissima.jpg\" \/>\n<meta name=\"author\" content=\"redazione\" \/>\n<meta name=\"twitter:card\" content=\"summary_large_image\" \/>\n<meta name=\"twitter:creator\" content=\"@bellunopress\" \/>\n<meta name=\"twitter:site\" content=\"@bellunopress\" \/>\n<meta name=\"twitter:label1\" content=\"\u00c9crit par\" \/>\n\t<meta name=\"twitter:data1\" content=\"redazione\" \/>\n<script type=\"application\/ld+json\" class=\"yoast-schema-graph\">{\"@context\":\"https:\\\/\\\/schema.org\",\"@graph\":[{\"@type\":\"Article\",\"@id\":\"https:\\\/\\\/www.bellunopress.it\\\/2012\\\/11\\\/23\\\/sovramonte-domenica-si-vota-per-le-primarie-del-centrosinistra-al-casel-di-sorriva\\\/#article\",\"isPartOf\":{\"@id\":\"https:\\\/\\\/www.bellunopress.it\\\/2012\\\/11\\\/23\\\/sovramonte-domenica-si-vota-per-le-primarie-del-centrosinistra-al-casel-di-sorriva\\\/\"},\"author\":{\"name\":\"redazione\",\"@id\":\"https:\\\/\\\/www.bellunopress.it\\\/#\\\/schema\\\/person\\\/79bb06722b37ece1c03d3e94beb30d73\"},\"headline\":\"Sovramonte: domenica si vota per le primarie del centrosinistra al Casel di Sorriva\",\"datePublished\":\"2012-11-23T18:31:38+00:00\",\"mainEntityOfPage\":{\"@id\":\"https:\\\/\\\/www.bellunopress.it\\\/2012\\\/11\\\/23\\\/sovramonte-domenica-si-vota-per-le-primarie-del-centrosinistra-al-casel-di-sorriva\\\/\"},\"wordCount\":103,\"publisher\":{\"@id\":\"https:\\\/\\\/www.bellunopress.it\\\/#organization\"},\"image\":{\"@id\":\"https:\\\/\\\/www.bellunopress.it\\\/2012\\\/11\\\/23\\\/sovramonte-domenica-si-vota-per-le-primarie-del-centrosinistra-al-casel-di-sorriva\\\/#primaryimage\"},\"thumbnailUrl\":\"http:\\\/\\\/www.bellunopress.it\\\/wp-content\\\/uploads\\\/2009\\\/06\\\/urna-elettorale-leggerissima.jpg\",\"articleSection\":[\"Prima Pagina\",\"Societ\u00e0, Associazioni, Istituzioni\"],\"inLanguage\":\"fr-FR\"},{\"@type\":\"WebPage\",\"@id\":\"https:\\\/\\\/www.bellunopress.it\\\/2012\\\/11\\\/23\\\/sovramonte-domenica-si-vota-per-le-primarie-del-centrosinistra-al-casel-di-sorriva\\\/\",\"url\":\"https:\\\/\\\/www.bellunopress.it\\\/2012\\\/11\\\/23\\\/sovramonte-domenica-si-vota-per-le-primarie-del-centrosinistra-al-casel-di-sorriva\\\/\",\"name\":\"Sovramonte: domenica si vota per le primarie del centrosinistra al Casel di Sorriva - Bellunopress - Dolomiti\",\"isPartOf\":{\"@id\":\"https:\\\/\\\/www.bellunopress.it\\\/#website\"},\"primaryImageOfPage\":{\"@id\":\"https:\\\/\\\/www.bellunopress.it\\\/2012\\\/11\\\/23\\\/sovramonte-domenica-si-vota-per-le-primarie-del-centrosinistra-al-casel-di-sorriva\\\/#primaryimage\"},\"image\":{\"@id\":\"https:\\\/\\\/www.bellunopress.it\\\/2012\\\/11\\\/23\\\/sovramonte-domenica-si-vota-per-le-primarie-del-centrosinistra-al-casel-di-sorriva\\\/#primaryimage\"},\"thumbnailUrl\":\"http:\\\/\\\/www.bellunopress.it\\\/wp-content\\\/uploads\\\/2009\\\/06\\\/urna-elettorale-leggerissima.jpg\",\"datePublished\":\"2012-11-23T18:31:38+00:00\",\"breadcrumb\":{\"@id\":\"https:\\\/\\\/www.bellunopress.it\\\/2012\\\/11\\\/23\\\/sovramonte-domenica-si-vota-per-le-primarie-del-centrosinistra-al-casel-di-sorriva\\\/#breadcrumb\"},\"inLanguage\":\"fr-FR\",\"potentialAction\":[{\"@type\":\"ReadAction\",\"target\":[\"https:\\\/\\\/www.bellunopress.it\\\/2012\\\/11\\\/23\\\/sovramonte-domenica-si-vota-per-le-primarie-del-centrosinistra-al-casel-di-sorriva\\\/\"]}]},{\"@type\":\"ImageObject\",\"inLanguage\":\"fr-FR\",\"@id\":\"https:\\\/\\\/www.bellunopress.it\\\/2012\\\/11\\\/23\\\/sovramonte-domenica-si-vota-per-le-primarie-del-centrosinistra-al-casel-di-sorriva\\\/#primaryimage\",\"url\":\"http:\\\/\\\/www.bellunopress.it\\\/wp-content\\\/uploads\\\/2009\\\/06\\\/urna-elettorale-leggerissima.jpg\",\"contentUrl\":\"http:\\\/\\\/www.bellunopress.it\\\/wp-content\\\/uploads\\\/2009\\\/06\\\/urna-elettorale-leggerissima.jpg\"},{\"@type\":\"BreadcrumbList\",\"@id\":\"https:\\\/\\\/www.bellunopress.it\\\/2012\\\/11\\\/23\\\/sovramonte-domenica-si-vota-per-le-primarie-del-centrosinistra-al-casel-di-sorriva\\\/#breadcrumb\",\"itemListElement\":[{\"@type\":\"ListItem\",\"position\":1,\"name\":\"Home\",\"item\":\"https:\\\/\\\/www.bellunopress.it\\\/\"},{\"@type\":\"ListItem\",\"position\":2,\"name\":\"Sovramonte: domenica si vota per le primarie del centrosinistra al Casel di Sorriva\"}]},{\"@type\":\"WebSite\",\"@id\":\"https:\\\/\\\/www.bellunopress.it\\\/#website\",\"url\":\"https:\\\/\\\/www.bellunopress.it\\\/\",\"name\":\"Bellunopress - Dolomiti\",\"description\":\"e-mail: redazione@bellunopress.it\",\"publisher\":{\"@id\":\"https:\\\/\\\/www.bellunopress.it\\\/#organization\"},\"potentialAction\":[{\"@type\":\"SearchAction\",\"target\":{\"@type\":\"EntryPoint\",\"urlTemplate\":\"https:\\\/\\\/www.bellunopress.it\\\/?s={search_term_string}\"},\"query-input\":{\"@type\":\"PropertyValueSpecification\",\"valueRequired\":true,\"valueName\":\"search_term_string\"}}],\"inLanguage\":\"fr-FR\"},{\"@type\":\"Organization\",\"@id\":\"https:\\\/\\\/www.bellunopress.it\\\/#organization\",\"name\":\"Bellunopress\",\"url\":\"https:\\\/\\\/www.bellunopress.it\\\/\",\"logo\":{\"@type\":\"ImageObject\",\"inLanguage\":\"fr-FR\",\"@id\":\"https:\\\/\\\/www.bellunopress.it\\\/#\\\/schema\\\/logo\\\/image\\\/\",\"url\":\"https:\\\/\\\/www.bellunopress.it\\\/wp-content\\\/uploads\\\/2011\\\/05\\\/cropped-logo-bellunopress-.jpg\",\"contentUrl\":\"https:\\\/\\\/www.bellunopress.it\\\/wp-content\\\/uploads\\\/2011\\\/05\\\/cropped-logo-bellunopress-.jpg\",\"width\":512,\"height\":512,\"caption\":\"Bellunopress\"},\"image\":{\"@id\":\"https:\\\/\\\/www.bellunopress.it\\\/#\\\/schema\\\/logo\\\/image\\\/\"},\"sameAs\":[\"https:\\\/\\\/www.facebook.com\\\/profile.php?id=100008943462799\",\"https:\\\/\\\/x.com\\\/bellunopress\",\"https:\\\/\\\/www.linkedin.com\\\/hp\\\/?dnr=JBzUWaJfMUw8vbXJJ2tVW5-I3jZKvC4wsoxE&amp;amp;amp;amp;amp;amp;trk=nav_responsive_tab_home\",\"https:\\\/\\\/www.youtube.com\\\/channel\\\/UCxL0wu1uN0_3_7hGG0306cw\"]},{\"@type\":\"Person\",\"@id\":\"https:\\\/\\\/www.bellunopress.it\\\/#\\\/schema\\\/person\\\/79bb06722b37ece1c03d3e94beb30d73\",\"name\":\"redazione\",\"image\":{\"@type\":\"ImageObject\",\"inLanguage\":\"fr-FR\",\"@id\":\"https:\\\/\\\/secure.gravatar.com\\\/avatar\\\/37d968a2e67a6fd04c169c4bdef102d0bc5d31b2546345219e348575eb80e9a0?s=96&d=mm&r=g\",\"url\":\"https:\\\/\\\/secure.gravatar.com\\\/avatar\\\/37d968a2e67a6fd04c169c4bdef102d0bc5d31b2546345219e348575eb80e9a0?s=96&d=mm&r=g\",\"contentUrl\":\"https:\\\/\\\/secure.gravatar.com\\\/avatar\\\/37d968a2e67a6fd04c169c4bdef102d0bc5d31b2546345219e348575eb80e9a0?s=96&d=mm&r=g\",\"caption\":\"redazione\"},\"sameAs\":[\"http:\\\/\\\/www.bellunopress.it\",\"https:\\\/\\\/x.com\\\/bellunopress\"],\"url\":\"https:\\\/\\\/www.bellunopress.it\\\/fr\\\/author\\\/redazione\\\/\"}]}<\/script>\n<!-- \/ Yoast SEO plugin. -->","yoast_head_json":{"title":"Sovramonte: domenica si vota per le primarie del centrosinistra al Casel di Sorriva - Bellunopress - Dolomiti","robots":{"index":"index","follow":"follow","max-snippet":"max-snippet:-1","max-image-preview":"max-image-preview:large","max-video-preview":"max-video-preview:-1"},"canonical":"https:\/\/www.bellunopress.it\/fr\/2012\/11\/23\/sovramonte-domenica-si-vota-per-le-primarie-del-centrosinistra-al-casel-di-sorriva\/","og_locale":"fr_FR","og_type":"article","og_title":"Sovramonte: domenica si vota per le primarie del centrosinistra al Casel di Sorriva - Bellunopress - Dolomiti","og_description":"Il circolo di Sovramonte avvisa gli elettori inscritti alle liste del Comune di Sovramonte, della possibilit\u00e0 di votare per le primarie del centro sinistra presso il Casel di Sorriva. Infatti domenica 25 novembre da partire dalle 8.00 sar\u00e0 possibile dare la propria preferenza per i candidati in lista: BERSANI, RENZI, PUPPATO, VENDOLA, TABACCI. Vi sar\u00e0 [&hellip;]","og_url":"https:\/\/www.bellunopress.it\/fr\/2012\/11\/23\/sovramonte-domenica-si-vota-per-le-primarie-del-centrosinistra-al-casel-di-sorriva\/","og_site_name":"Bellunopress - Dolomiti","article_publisher":"https:\/\/www.facebook.com\/profile.php?id=100008943462799","article_published_time":"2012-11-23T18:31:38+00:00","og_image":[{"url":"http:\/\/www.bellunopress.it\/wp-content\/uploads\/2009\/06\/urna-elettorale-leggerissima.jpg","type":"","width":"","height":""}],"author":"redazione","twitter_card":"summary_large_image","twitter_creator":"@bellunopress","twitter_site":"@bellunopress","twitter_misc":{"\u00c9crit par":"redazione"},"schema":{"@context":"https:\/\/schema.org","@graph":[{"@type":"Article","@id":"https:\/\/www.bellunopress.it\/2012\/11\/23\/sovramonte-domenica-si-vota-per-le-primarie-del-centrosinistra-al-casel-di-sorriva\/#article","isPartOf":{"@id":"https:\/\/www.bellunopress.it\/2012\/11\/23\/sovramonte-domenica-si-vota-per-le-primarie-del-centrosinistra-al-casel-di-sorriva\/"},"author":{"name":"redazione","@id":"https:\/\/www.bellunopress.it\/#\/schema\/person\/79bb06722b37ece1c03d3e94beb30d73"},"headline":"Sovramonte: domenica si vota per le primarie del centrosinistra al Casel di Sorriva","datePublished":"2012-11-23T18:31:38+00:00","mainEntityOfPage":{"@id":"https:\/\/www.bellunopress.it\/2012\/11\/23\/sovramonte-domenica-si-vota-per-le-primarie-del-centrosinistra-al-casel-di-sorriva\/"},"wordCount":103,"publisher":{"@id":"https:\/\/www.bellunopress.it\/#organization"},"image":{"@id":"https:\/\/www.bellunopress.it\/2012\/11\/23\/sovramonte-domenica-si-vota-per-le-primarie-del-centrosinistra-al-casel-di-sorriva\/#primaryimage"},"thumbnailUrl":"http:\/\/www.bellunopress.it\/wp-content\/uploads\/2009\/06\/urna-elettorale-leggerissima.jpg","articleSection":["Prima Pagina","Societ\u00e0, Associazioni, Istituzioni"],"inLanguage":"fr-FR"},{"@type":"WebPage","@id":"https:\/\/www.bellunopress.it\/2012\/11\/23\/sovramonte-domenica-si-vota-per-le-primarie-del-centrosinistra-al-casel-di-sorriva\/","url":"https:\/\/www.bellunopress.it\/2012\/11\/23\/sovramonte-domenica-si-vota-per-le-primarie-del-centrosinistra-al-casel-di-sorriva\/","name":"Sovramonte: domenica si vota per le primarie del centrosinistra al Casel di Sorriva - Bellunopress - Dolomiti","isPartOf":{"@id":"https:\/\/www.bellunopress.it\/#website"},"primaryImageOfPage":{"@id":"https:\/\/www.bellunopress.it\/2012\/11\/23\/sovramonte-domenica-si-vota-per-le-primarie-del-centrosinistra-al-casel-di-sorriva\/#primaryimage"},"image":{"@id":"https:\/\/www.bellunopress.it\/2012\/11\/23\/sovramonte-domenica-si-vota-per-le-primarie-del-centrosinistra-al-casel-di-sorriva\/#primaryimage"},"thumbnailUrl":"http:\/\/www.bellunopress.it\/wp-content\/uploads\/2009\/06\/urna-elettorale-leggerissima.jpg","datePublished":"2012-11-23T18:31:38+00:00","breadcrumb":{"@id":"https:\/\/www.bellunopress.it\/2012\/11\/23\/sovramonte-domenica-si-vota-per-le-primarie-del-centrosinistra-al-casel-di-sorriva\/#breadcrumb"},"inLanguage":"fr-FR","potentialAction":[{"@type":"ReadAction","target":["https:\/\/www.bellunopress.it\/2012\/11\/23\/sovramonte-domenica-si-vota-per-le-primarie-del-centrosinistra-al-casel-di-sorriva\/"]}]},{"@type":"ImageObject","inLanguage":"fr-FR","@id":"https:\/\/www.bellunopress.it\/2012\/11\/23\/sovramonte-domenica-si-vota-per-le-primarie-del-centrosinistra-al-casel-di-sorriva\/#primaryimage","url":"http:\/\/www.bellunopress.it\/wp-content\/uploads\/2009\/06\/urna-elettorale-leggerissima.jpg","contentUrl":"http:\/\/www.bellunopress.it\/wp-content\/uploads\/2009\/06\/urna-elettorale-leggerissima.jpg"},{"@type":"BreadcrumbList","@id":"https:\/\/www.bellunopress.it\/2012\/11\/23\/sovramonte-domenica-si-vota-per-le-primarie-del-centrosinistra-al-casel-di-sorriva\/#breadcrumb","itemListElement":[{"@type":"ListItem","position":1,"name":"Home","item":"https:\/\/www.bellunopress.it\/"},{"@type":"ListItem","position":2,"name":"Sovramonte: domenica si vota per le primarie del centrosinistra al Casel di Sorriva"}]},{"@type":"WebSite","@id":"https:\/\/www.bellunopress.it\/#website","url":"https:\/\/www.bellunopress.it\/","name":"Bellunopress - Dolomiti","description":"e-mail: redazione@bellunopress.it","publisher":{"@id":"https:\/\/www.bellunopress.it\/#organization"},"potentialAction":[{"@type":"SearchAction","target":{"@type":"EntryPoint","urlTemplate":"https:\/\/www.bellunopress.it\/?s={search_term_string}"},"query-input":{"@type":"PropertyValueSpecification","valueRequired":true,"valueName":"search_term_string"}}],"inLanguage":"fr-FR"},{"@type":"Organization","@id":"https:\/\/www.bellunopress.it\/#organization","name":"Bellunopress","url":"https:\/\/www.bellunopress.it\/","logo":{"@type":"ImageObject","inLanguage":"fr-FR","@id":"https:\/\/www.bellunopress.it\/#\/schema\/logo\/image\/","url":"https:\/\/www.bellunopress.it\/wp-content\/uploads\/2011\/05\/cropped-logo-bellunopress-.jpg","contentUrl":"https:\/\/www.bellunopress.it\/wp-content\/uploads\/2011\/05\/cropped-logo-bellunopress-.jpg","width":512,"height":512,"caption":"Bellunopress"},"image":{"@id":"https:\/\/www.bellunopress.it\/#\/schema\/logo\/image\/"},"sameAs":["https:\/\/www.facebook.com\/profile.php?id=100008943462799","https:\/\/x.com\/bellunopress","https:\/\/www.linkedin.com\/hp\/?dnr=JBzUWaJfMUw8vbXJJ2tVW5-I3jZKvC4wsoxE&amp;amp;amp;amp;amp;amp;trk=nav_responsive_tab_home","https:\/\/www.youtube.com\/channel\/UCxL0wu1uN0_3_7hGG0306cw"]},{"@type":"Person","@id":"https:\/\/www.bellunopress.it\/#\/schema\/person\/79bb06722b37ece1c03d3e94beb30d73","name":"r\u00e9daction","image":{"@type":"ImageObject","inLanguage":"fr-FR","@id":"https:\/\/secure.gravatar.com\/avatar\/37d968a2e67a6fd04c169c4bdef102d0bc5d31b2546345219e348575eb80e9a0?s=96&d=mm&r=g","url":"https:\/\/secure.gravatar.com\/avatar\/37d968a2e67a6fd04c169c4bdef102d0bc5d31b2546345219e348575eb80e9a0?s=96&d=mm&r=g","contentUrl":"https:\/\/secure.gravatar.com\/avatar\/37d968a2e67a6fd04c169c4bdef102d0bc5d31b2546345219e348575eb80e9a0?s=96&d=mm&r=g","caption":"redazione"},"sameAs":["http:\/\/www.bellunopress.it","https:\/\/x.com\/bellunopress"],"url":"https:\/\/www.bellunopress.it\/fr\/author\/redazione\/"}]}},"_links":{"self":[{"href":"https:\/\/www.bellunopress.it\/fr\/wp-json\/wp\/v2\/posts\/44151","targetHints":{"allow":["GET"]}}],"collection":[{"href":"https:\/\/www.bellunopress.it\/fr\/wp-json\/wp\/v2\/posts"}],"about":[{"href":"https:\/\/www.bellunopress.it\/fr\/wp-json\/wp\/v2\/types\/post"}],"author":[{"embeddable":true,"href":"https:\/\/www.bellunopress.it\/fr\/wp-json\/wp\/v2\/users\/2"}],"replies":[{"embeddable":true,"href":"https:\/\/www.bellunopress.it\/fr\/wp-json\/wp\/v2\/comments?post=44151"}],"version-history":[{"count":1,"href":"https:\/\/www.bellunopress.it\/fr\/wp-json\/wp\/v2\/posts\/44151\/revisions"}],"predecessor-version":[{"id":44152,"href":"https:\/\/www.bellunopress.it\/fr\/wp-json\/wp\/v2\/posts\/44151\/revisions\/44152"}],"wp:attachment":[{"href":"https:\/\/www.bellunopress.it\/fr\/wp-json\/wp\/v2\/media?parent=44151"}],"wp:term":[{"taxonomy":"category","embeddable":true,"href":"https:\/\/www.bellunopress.it\/fr\/wp-json\/wp\/v2\/categories?post=44151"},{"taxonomy":"post_tag","embeddable":true,"href":"https:\/\/www.bellunopress.it\/fr\/wp-json\/wp\/v2\/tags?post=44151"}],"curies":[{"name":"wp","href":"https:\/\/api.w.org\/{rel}","templated":true}]}}