{"id":44136,"date":"2012-11-24T06:44:35","date_gmt":"2012-11-24T05:44:35","guid":{"rendered":"http:\/\/www.bellunopress.it\/?p=44136"},"modified":"2012-11-22T20:51:22","modified_gmt":"2012-11-22T19:51:22","slug":"donne-in-rete-contro-la-violenza","status":"publish","type":"post","link":"https:\/\/www.bellunopress.it\/fr\/2012\/11\/24\/donne-in-rete-contro-la-violenza\/","title":{"rendered":"Donne in rete contro la violenza"},"content":{"rendered":"<p><a href=\"http:\/\/www.bellunopress.it\/wp-content\/uploads\/2009\/03\/violenza-donne-leggera.jpg\"><img loading=\"lazy\" decoding=\"async\" class=\"alignleft size-full wp-image-1969\" title=\"violenza-donne-leggera\" src=\"http:\/\/www.bellunopress.it\/wp-content\/uploads\/2009\/03\/violenza-donne-leggera.jpg\" alt=\"\" width=\"290\" height=\"212\" \/><\/a>Potenziare i Centri antiviolenza, Rafforzare le donne: lo spot contro la violenza sulle donne dell\u2019associazione nazionale D.i.Re \u2013 Donne in Rete contro la violenza, sar\u00e0 presentato a Palermo il 24 novembre, alla vigilia della Giornata Internazionale contro la violenza sulle donne.<\/p>\n<p>Sabato 24 novembre a Palermo nella sede dell\u2019Archivio storico comunale, alle ore 18, Serena Dandini presenter\u00e0 lo spot Potenziare i centri, Rafforzare le donne realizzato dall\u2019associazione nazionale D.i.Re \u2013 Donne in Rete contro la violenza nell\u2019ambito del progetto Ravona finanziato dall\u2019Avon.<\/p>\n<p>Sar\u00e0 presente Titti Carrano, presidente D.i.Re e il centro antiviolenza Le Onde di Palermo. Nella stessa giornata, i centri antiviolenza aderenti a D.i.Re invieranno lo spot ai cinema, ai siti web ed alle emittenti radiofoniche. Sar\u00e0 disponibile in due versioni video di differente durata: 3 minuti e mezzo e 1 minuto, un\u2019altra versione di 40 secondi, sar\u00e0 destinata alle emittenti radiofoniche.<\/p>\n<p>Il progetto Ravona dal mese di giugno, ha coinvolto undici centri antiviolenza con eventi di sensibilizzazione sul problema della violenza. Il 24 novembre a Palermo si svolgeranno le iniziative di Le Onde e proprio in occasione della vigilia della giornata internazionale contro la violenza sulle donne, che ricorre il 25 novembre, D.i.Re ha scelto di divulgare lo spot.<\/p>\n<p>Attraverso le sequenze di Potenziare i centri, Rafforzare le donne, l\u2019associazione nazionale D.i.Re si \u00e8 posta l\u2019obiettivo di far conoscere la realt\u00e0 della violenza sulle donne e promuovere i\u00a0centri antiviolenza che da pi\u00f9 di vent\u2019anni offrono sostegno alle donne. La breve storia della protagonista dello spot, comunica un messaggio positivo perch\u00e9 non mostra una donna bloccata nel ruolo di vittima e non spettacolarizza il tema della violenza.<\/p>\n<p>La storia di una donna che fugge dalla violenza familiare \u00e8 narrata in maniera fluida attraverso i pensieri, le emozioni e le paure iniziali e dopo l\u2019incontro con le operatrici del centro antiviolenza la speranza del cambiamento e la conclusione con la riconquista della propria forza .<\/p>\n<p>Nello spot realizzato con la collaborazione delle operatrici dei centri antiviolenza \u00e8 narrato solo uno dei possibili percorsi di uscita dalla violenza, come una delle molte esperienze positive che migliaia di donne ogni giorno vivono, in Italia, col sostegno dei centri: perch\u00e9 uscire dalla violenza \u00e8 possibile!<\/p>\n<p>Scheda Tecnica del Video realizzato da D.i.Re \u2013 Donne in Rete contro la violenza all\u2019interno del progetto Ravona in collaborazione con Avon:<\/p>\n<p>Regia- Luca Tommasini<\/p>\n<p>Con &#8211; Tiziana Scrocca<\/p>\n<p>Musiche di &#8211; Thomas Corvaglia<\/p>\n<p>Durata: 3 min.<\/p>\n<p>Versione Spot: 70 sec.<\/p>\n<p>Spot radiofonico: 45 sec.<\/p>\n<p>Web-banner-animato<\/p>\n<p>&nbsp;<\/p>","protected":false},"excerpt":{"rendered":"<p>Potenziare i Centri antiviolenza, Rafforzare le donne: lo spot contro la violenza sulle donne dell\u2019associazione nazionale D.i.Re \u2013 Donne in Rete contro la violenza, sar\u00e0 presentato a Palermo il 24 novembre, alla vigilia della Giornata Internazionale contro la violenza sulle donne. Sabato 24 novembre a Palermo nella sede dell\u2019Archivio storico comunale, alle ore 18, Serena [&hellip;]<\/p>\n","protected":false},"author":2,"featured_media":0,"comment_status":"closed","ping_status":"open","sticky":false,"template":"","format":"standard","meta":{"footnotes":""},"categories":[26,8],"tags":[],"class_list":["post-44136","post","type-post","status-publish","format-standard","category-prima-pagina","category-societa-istituzioni"],"yoast_head":"<!-- This site is optimized with the Yoast SEO plugin v28.4 - https:\/\/yoast.com\/product\/yoast-seo-wordpress\/ -->\n<title>Donne in rete contro la violenza - Bellunopress - Dolomiti<\/title>\n<meta name=\"robots\" content=\"index, follow, max-snippet:-1, max-image-preview:large, max-video-preview:-1\" \/>\n<link rel=\"canonical\" href=\"https:\/\/www.bellunopress.it\/fr\/2012\/11\/24\/donne-in-rete-contro-la-violenza\/\" \/>\n<meta property=\"og:locale\" content=\"fr_FR\" \/>\n<meta property=\"og:type\" content=\"article\" \/>\n<meta property=\"og:title\" content=\"Donne in rete contro la violenza - Bellunopress - Dolomiti\" \/>\n<meta property=\"og:description\" content=\"Potenziare i Centri antiviolenza, Rafforzare le donne: lo spot contro la violenza sulle donne dell\u2019associazione nazionale D.i.Re \u2013 Donne in Rete contro la violenza, sar\u00e0 presentato a Palermo il 24 novembre, alla vigilia della Giornata Internazionale contro la violenza sulle donne. Sabato 24 novembre a Palermo nella sede dell\u2019Archivio storico comunale, alle ore 18, Serena [&hellip;]\" \/>\n<meta property=\"og:url\" content=\"https:\/\/www.bellunopress.it\/fr\/2012\/11\/24\/donne-in-rete-contro-la-violenza\/\" \/>\n<meta property=\"og:site_name\" content=\"Bellunopress - Dolomiti\" \/>\n<meta property=\"article:publisher\" content=\"https:\/\/www.facebook.com\/profile.php?id=100008943462799\" \/>\n<meta property=\"article:published_time\" content=\"2012-11-24T05:44:35+00:00\" \/>\n<meta property=\"og:image\" content=\"http:\/\/www.bellunopress.it\/wp-content\/uploads\/2009\/03\/violenza-donne-leggera.jpg\" \/>\n<meta name=\"author\" content=\"redazione\" \/>\n<meta name=\"twitter:card\" content=\"summary_large_image\" \/>\n<meta name=\"twitter:creator\" content=\"@bellunopress\" \/>\n<meta name=\"twitter:site\" content=\"@bellunopress\" \/>\n<meta name=\"twitter:label1\" content=\"\u00c9crit par\" \/>\n\t<meta name=\"twitter:data1\" content=\"redazione\" \/>\n\t<meta name=\"twitter:label2\" content=\"Dur\u00e9e de lecture estim\u00e9e\" \/>\n\t<meta name=\"twitter:data2\" content=\"2 minutes\" \/>\n<script type=\"application\/ld+json\" class=\"yoast-schema-graph\">{\"@context\":\"https:\\\/\\\/schema.org\",\"@graph\":[{\"@type\":\"Article\",\"@id\":\"https:\\\/\\\/www.bellunopress.it\\\/2012\\\/11\\\/24\\\/donne-in-rete-contro-la-violenza\\\/#article\",\"isPartOf\":{\"@id\":\"https:\\\/\\\/www.bellunopress.it\\\/2012\\\/11\\\/24\\\/donne-in-rete-contro-la-violenza\\\/\"},\"author\":{\"name\":\"redazione\",\"@id\":\"https:\\\/\\\/www.bellunopress.it\\\/#\\\/schema\\\/person\\\/79bb06722b37ece1c03d3e94beb30d73\"},\"headline\":\"Donne in rete contro la violenza\",\"datePublished\":\"2012-11-24T05:44:35+00:00\",\"mainEntityOfPage\":{\"@id\":\"https:\\\/\\\/www.bellunopress.it\\\/2012\\\/11\\\/24\\\/donne-in-rete-contro-la-violenza\\\/\"},\"wordCount\":422,\"publisher\":{\"@id\":\"https:\\\/\\\/www.bellunopress.it\\\/#organization\"},\"image\":{\"@id\":\"https:\\\/\\\/www.bellunopress.it\\\/2012\\\/11\\\/24\\\/donne-in-rete-contro-la-violenza\\\/#primaryimage\"},\"thumbnailUrl\":\"http:\\\/\\\/www.bellunopress.it\\\/wp-content\\\/uploads\\\/2009\\\/03\\\/violenza-donne-leggera.jpg\",\"articleSection\":[\"Prima Pagina\",\"Societ\u00e0, Associazioni, Istituzioni\"],\"inLanguage\":\"fr-FR\"},{\"@type\":\"WebPage\",\"@id\":\"https:\\\/\\\/www.bellunopress.it\\\/2012\\\/11\\\/24\\\/donne-in-rete-contro-la-violenza\\\/\",\"url\":\"https:\\\/\\\/www.bellunopress.it\\\/2012\\\/11\\\/24\\\/donne-in-rete-contro-la-violenza\\\/\",\"name\":\"Donne in rete contro la violenza - Bellunopress - Dolomiti\",\"isPartOf\":{\"@id\":\"https:\\\/\\\/www.bellunopress.it\\\/#website\"},\"primaryImageOfPage\":{\"@id\":\"https:\\\/\\\/www.bellunopress.it\\\/2012\\\/11\\\/24\\\/donne-in-rete-contro-la-violenza\\\/#primaryimage\"},\"image\":{\"@id\":\"https:\\\/\\\/www.bellunopress.it\\\/2012\\\/11\\\/24\\\/donne-in-rete-contro-la-violenza\\\/#primaryimage\"},\"thumbnailUrl\":\"http:\\\/\\\/www.bellunopress.it\\\/wp-content\\\/uploads\\\/2009\\\/03\\\/violenza-donne-leggera.jpg\",\"datePublished\":\"2012-11-24T05:44:35+00:00\",\"breadcrumb\":{\"@id\":\"https:\\\/\\\/www.bellunopress.it\\\/2012\\\/11\\\/24\\\/donne-in-rete-contro-la-violenza\\\/#breadcrumb\"},\"inLanguage\":\"fr-FR\",\"potentialAction\":[{\"@type\":\"ReadAction\",\"target\":[\"https:\\\/\\\/www.bellunopress.it\\\/2012\\\/11\\\/24\\\/donne-in-rete-contro-la-violenza\\\/\"]}]},{\"@type\":\"ImageObject\",\"inLanguage\":\"fr-FR\",\"@id\":\"https:\\\/\\\/www.bellunopress.it\\\/2012\\\/11\\\/24\\\/donne-in-rete-contro-la-violenza\\\/#primaryimage\",\"url\":\"http:\\\/\\\/www.bellunopress.it\\\/wp-content\\\/uploads\\\/2009\\\/03\\\/violenza-donne-leggera.jpg\",\"contentUrl\":\"http:\\\/\\\/www.bellunopress.it\\\/wp-content\\\/uploads\\\/2009\\\/03\\\/violenza-donne-leggera.jpg\"},{\"@type\":\"BreadcrumbList\",\"@id\":\"https:\\\/\\\/www.bellunopress.it\\\/2012\\\/11\\\/24\\\/donne-in-rete-contro-la-violenza\\\/#breadcrumb\",\"itemListElement\":[{\"@type\":\"ListItem\",\"position\":1,\"name\":\"Home\",\"item\":\"https:\\\/\\\/www.bellunopress.it\\\/\"},{\"@type\":\"ListItem\",\"position\":2,\"name\":\"Donne in rete contro la violenza\"}]},{\"@type\":\"WebSite\",\"@id\":\"https:\\\/\\\/www.bellunopress.it\\\/#website\",\"url\":\"https:\\\/\\\/www.bellunopress.it\\\/\",\"name\":\"Bellunopress - Dolomiti\",\"description\":\"e-mail: redazione@bellunopress.it\",\"publisher\":{\"@id\":\"https:\\\/\\\/www.bellunopress.it\\\/#organization\"},\"potentialAction\":[{\"@type\":\"SearchAction\",\"target\":{\"@type\":\"EntryPoint\",\"urlTemplate\":\"https:\\\/\\\/www.bellunopress.it\\\/?s={search_term_string}\"},\"query-input\":{\"@type\":\"PropertyValueSpecification\",\"valueRequired\":true,\"valueName\":\"search_term_string\"}}],\"inLanguage\":\"fr-FR\"},{\"@type\":\"Organization\",\"@id\":\"https:\\\/\\\/www.bellunopress.it\\\/#organization\",\"name\":\"Bellunopress\",\"url\":\"https:\\\/\\\/www.bellunopress.it\\\/\",\"logo\":{\"@type\":\"ImageObject\",\"inLanguage\":\"fr-FR\",\"@id\":\"https:\\\/\\\/www.bellunopress.it\\\/#\\\/schema\\\/logo\\\/image\\\/\",\"url\":\"https:\\\/\\\/www.bellunopress.it\\\/wp-content\\\/uploads\\\/2011\\\/05\\\/cropped-logo-bellunopress-.jpg\",\"contentUrl\":\"https:\\\/\\\/www.bellunopress.it\\\/wp-content\\\/uploads\\\/2011\\\/05\\\/cropped-logo-bellunopress-.jpg\",\"width\":512,\"height\":512,\"caption\":\"Bellunopress\"},\"image\":{\"@id\":\"https:\\\/\\\/www.bellunopress.it\\\/#\\\/schema\\\/logo\\\/image\\\/\"},\"sameAs\":[\"https:\\\/\\\/www.facebook.com\\\/profile.php?id=100008943462799\",\"https:\\\/\\\/x.com\\\/bellunopress\",\"https:\\\/\\\/www.linkedin.com\\\/hp\\\/?dnr=JBzUWaJfMUw8vbXJJ2tVW5-I3jZKvC4wsoxE&amp;amp;amp;amp;amp;amp;trk=nav_responsive_tab_home\",\"https:\\\/\\\/www.youtube.com\\\/channel\\\/UCxL0wu1uN0_3_7hGG0306cw\"]},{\"@type\":\"Person\",\"@id\":\"https:\\\/\\\/www.bellunopress.it\\\/#\\\/schema\\\/person\\\/79bb06722b37ece1c03d3e94beb30d73\",\"name\":\"redazione\",\"image\":{\"@type\":\"ImageObject\",\"inLanguage\":\"fr-FR\",\"@id\":\"https:\\\/\\\/secure.gravatar.com\\\/avatar\\\/37d968a2e67a6fd04c169c4bdef102d0bc5d31b2546345219e348575eb80e9a0?s=96&d=mm&r=g\",\"url\":\"https:\\\/\\\/secure.gravatar.com\\\/avatar\\\/37d968a2e67a6fd04c169c4bdef102d0bc5d31b2546345219e348575eb80e9a0?s=96&d=mm&r=g\",\"contentUrl\":\"https:\\\/\\\/secure.gravatar.com\\\/avatar\\\/37d968a2e67a6fd04c169c4bdef102d0bc5d31b2546345219e348575eb80e9a0?s=96&d=mm&r=g\",\"caption\":\"redazione\"},\"sameAs\":[\"http:\\\/\\\/www.bellunopress.it\",\"https:\\\/\\\/x.com\\\/bellunopress\"],\"url\":\"https:\\\/\\\/www.bellunopress.it\\\/fr\\\/author\\\/redazione\\\/\"}]}<\/script>\n<!-- \/ Yoast SEO plugin. -->","yoast_head_json":{"title":"Donne in rete contro la violenza - Bellunopress - Dolomiti","robots":{"index":"index","follow":"follow","max-snippet":"max-snippet:-1","max-image-preview":"max-image-preview:large","max-video-preview":"max-video-preview:-1"},"canonical":"https:\/\/www.bellunopress.it\/fr\/2012\/11\/24\/donne-in-rete-contro-la-violenza\/","og_locale":"fr_FR","og_type":"article","og_title":"Donne in rete contro la violenza - Bellunopress - Dolomiti","og_description":"Potenziare i Centri antiviolenza, Rafforzare le donne: lo spot contro la violenza sulle donne dell\u2019associazione nazionale D.i.Re \u2013 Donne in Rete contro la violenza, sar\u00e0 presentato a Palermo il 24 novembre, alla vigilia della Giornata Internazionale contro la violenza sulle donne. Sabato 24 novembre a Palermo nella sede dell\u2019Archivio storico comunale, alle ore 18, Serena [&hellip;]","og_url":"https:\/\/www.bellunopress.it\/fr\/2012\/11\/24\/donne-in-rete-contro-la-violenza\/","og_site_name":"Bellunopress - Dolomiti","article_publisher":"https:\/\/www.facebook.com\/profile.php?id=100008943462799","article_published_time":"2012-11-24T05:44:35+00:00","og_image":[{"url":"http:\/\/www.bellunopress.it\/wp-content\/uploads\/2009\/03\/violenza-donne-leggera.jpg","type":"","width":"","height":""}],"author":"redazione","twitter_card":"summary_large_image","twitter_creator":"@bellunopress","twitter_site":"@bellunopress","twitter_misc":{"\u00c9crit par":"redazione","Dur\u00e9e de lecture estim\u00e9e":"2 minutes"},"schema":{"@context":"https:\/\/schema.org","@graph":[{"@type":"Article","@id":"https:\/\/www.bellunopress.it\/2012\/11\/24\/donne-in-rete-contro-la-violenza\/#article","isPartOf":{"@id":"https:\/\/www.bellunopress.it\/2012\/11\/24\/donne-in-rete-contro-la-violenza\/"},"author":{"name":"redazione","@id":"https:\/\/www.bellunopress.it\/#\/schema\/person\/79bb06722b37ece1c03d3e94beb30d73"},"headline":"Donne in rete contro la violenza","datePublished":"2012-11-24T05:44:35+00:00","mainEntityOfPage":{"@id":"https:\/\/www.bellunopress.it\/2012\/11\/24\/donne-in-rete-contro-la-violenza\/"},"wordCount":422,"publisher":{"@id":"https:\/\/www.bellunopress.it\/#organization"},"image":{"@id":"https:\/\/www.bellunopress.it\/2012\/11\/24\/donne-in-rete-contro-la-violenza\/#primaryimage"},"thumbnailUrl":"http:\/\/www.bellunopress.it\/wp-content\/uploads\/2009\/03\/violenza-donne-leggera.jpg","articleSection":["Prima Pagina","Societ\u00e0, Associazioni, Istituzioni"],"inLanguage":"fr-FR"},{"@type":"WebPage","@id":"https:\/\/www.bellunopress.it\/2012\/11\/24\/donne-in-rete-contro-la-violenza\/","url":"https:\/\/www.bellunopress.it\/2012\/11\/24\/donne-in-rete-contro-la-violenza\/","name":"Donne in rete contro la violenza - Bellunopress - Dolomiti","isPartOf":{"@id":"https:\/\/www.bellunopress.it\/#website"},"primaryImageOfPage":{"@id":"https:\/\/www.bellunopress.it\/2012\/11\/24\/donne-in-rete-contro-la-violenza\/#primaryimage"},"image":{"@id":"https:\/\/www.bellunopress.it\/2012\/11\/24\/donne-in-rete-contro-la-violenza\/#primaryimage"},"thumbnailUrl":"http:\/\/www.bellunopress.it\/wp-content\/uploads\/2009\/03\/violenza-donne-leggera.jpg","datePublished":"2012-11-24T05:44:35+00:00","breadcrumb":{"@id":"https:\/\/www.bellunopress.it\/2012\/11\/24\/donne-in-rete-contro-la-violenza\/#breadcrumb"},"inLanguage":"fr-FR","potentialAction":[{"@type":"ReadAction","target":["https:\/\/www.bellunopress.it\/2012\/11\/24\/donne-in-rete-contro-la-violenza\/"]}]},{"@type":"ImageObject","inLanguage":"fr-FR","@id":"https:\/\/www.bellunopress.it\/2012\/11\/24\/donne-in-rete-contro-la-violenza\/#primaryimage","url":"http:\/\/www.bellunopress.it\/wp-content\/uploads\/2009\/03\/violenza-donne-leggera.jpg","contentUrl":"http:\/\/www.bellunopress.it\/wp-content\/uploads\/2009\/03\/violenza-donne-leggera.jpg"},{"@type":"BreadcrumbList","@id":"https:\/\/www.bellunopress.it\/2012\/11\/24\/donne-in-rete-contro-la-violenza\/#breadcrumb","itemListElement":[{"@type":"ListItem","position":1,"name":"Home","item":"https:\/\/www.bellunopress.it\/"},{"@type":"ListItem","position":2,"name":"Donne in rete contro la violenza"}]},{"@type":"WebSite","@id":"https:\/\/www.bellunopress.it\/#website","url":"https:\/\/www.bellunopress.it\/","name":"Bellunopress - Dolomiti","description":"e-mail: redazione@bellunopress.it","publisher":{"@id":"https:\/\/www.bellunopress.it\/#organization"},"potentialAction":[{"@type":"SearchAction","target":{"@type":"EntryPoint","urlTemplate":"https:\/\/www.bellunopress.it\/?s={search_term_string}"},"query-input":{"@type":"PropertyValueSpecification","valueRequired":true,"valueName":"search_term_string"}}],"inLanguage":"fr-FR"},{"@type":"Organization","@id":"https:\/\/www.bellunopress.it\/#organization","name":"Bellunopress","url":"https:\/\/www.bellunopress.it\/","logo":{"@type":"ImageObject","inLanguage":"fr-FR","@id":"https:\/\/www.bellunopress.it\/#\/schema\/logo\/image\/","url":"https:\/\/www.bellunopress.it\/wp-content\/uploads\/2011\/05\/cropped-logo-bellunopress-.jpg","contentUrl":"https:\/\/www.bellunopress.it\/wp-content\/uploads\/2011\/05\/cropped-logo-bellunopress-.jpg","width":512,"height":512,"caption":"Bellunopress"},"image":{"@id":"https:\/\/www.bellunopress.it\/#\/schema\/logo\/image\/"},"sameAs":["https:\/\/www.facebook.com\/profile.php?id=100008943462799","https:\/\/x.com\/bellunopress","https:\/\/www.linkedin.com\/hp\/?dnr=JBzUWaJfMUw8vbXJJ2tVW5-I3jZKvC4wsoxE&amp;amp;amp;amp;amp;amp;trk=nav_responsive_tab_home","https:\/\/www.youtube.com\/channel\/UCxL0wu1uN0_3_7hGG0306cw"]},{"@type":"Person","@id":"https:\/\/www.bellunopress.it\/#\/schema\/person\/79bb06722b37ece1c03d3e94beb30d73","name":"r\u00e9daction","image":{"@type":"ImageObject","inLanguage":"fr-FR","@id":"https:\/\/secure.gravatar.com\/avatar\/37d968a2e67a6fd04c169c4bdef102d0bc5d31b2546345219e348575eb80e9a0?s=96&d=mm&r=g","url":"https:\/\/secure.gravatar.com\/avatar\/37d968a2e67a6fd04c169c4bdef102d0bc5d31b2546345219e348575eb80e9a0?s=96&d=mm&r=g","contentUrl":"https:\/\/secure.gravatar.com\/avatar\/37d968a2e67a6fd04c169c4bdef102d0bc5d31b2546345219e348575eb80e9a0?s=96&d=mm&r=g","caption":"redazione"},"sameAs":["http:\/\/www.bellunopress.it","https:\/\/x.com\/bellunopress"],"url":"https:\/\/www.bellunopress.it\/fr\/author\/redazione\/"}]}},"_links":{"self":[{"href":"https:\/\/www.bellunopress.it\/fr\/wp-json\/wp\/v2\/posts\/44136","targetHints":{"allow":["GET"]}}],"collection":[{"href":"https:\/\/www.bellunopress.it\/fr\/wp-json\/wp\/v2\/posts"}],"about":[{"href":"https:\/\/www.bellunopress.it\/fr\/wp-json\/wp\/v2\/types\/post"}],"author":[{"embeddable":true,"href":"https:\/\/www.bellunopress.it\/fr\/wp-json\/wp\/v2\/users\/2"}],"replies":[{"embeddable":true,"href":"https:\/\/www.bellunopress.it\/fr\/wp-json\/wp\/v2\/comments?post=44136"}],"version-history":[{"count":1,"href":"https:\/\/www.bellunopress.it\/fr\/wp-json\/wp\/v2\/posts\/44136\/revisions"}],"predecessor-version":[{"id":44137,"href":"https:\/\/www.bellunopress.it\/fr\/wp-json\/wp\/v2\/posts\/44136\/revisions\/44137"}],"wp:attachment":[{"href":"https:\/\/www.bellunopress.it\/fr\/wp-json\/wp\/v2\/media?parent=44136"}],"wp:term":[{"taxonomy":"category","embeddable":true,"href":"https:\/\/www.bellunopress.it\/fr\/wp-json\/wp\/v2\/categories?post=44136"},{"taxonomy":"post_tag","embeddable":true,"href":"https:\/\/www.bellunopress.it\/fr\/wp-json\/wp\/v2\/tags?post=44136"}],"curies":[{"name":"wp","href":"https:\/\/api.w.org\/{rel}","templated":true}]}}