{"id":44092,"date":"2012-11-21T14:32:45","date_gmt":"2012-11-21T13:32:45","guid":{"rendered":"http:\/\/www.bellunopress.it\/?p=44092"},"modified":"2012-11-21T14:32:45","modified_gmt":"2012-11-21T13:32:45","slug":"sabato-in-birreria-pedavena-la-festa-dei-30-anni-di-grizzly-viaggi","status":"publish","type":"post","link":"https:\/\/www.bellunopress.it\/fr\/2012\/11\/21\/sabato-in-birreria-pedavena-la-festa-dei-30-anni-di-grizzly-viaggi\/","title":{"rendered":"Sabato in Birreria Pedavena la festa dei 30 anni di Grizzly Viaggi"},"content":{"rendered":"<p>&nbsp;<\/p>\n<figure id=\"attachment_41205\" aria-describedby=\"caption-attachment-41205\" style=\"width: 290px\" class=\"wp-caption alignleft\"><a href=\"http:\/\/www.bellunopress.it\/wp-content\/uploads\/2012\/08\/Birreria-Pedavena.jpg\"><img loading=\"lazy\" decoding=\"async\" class=\"size-full wp-image-41205\" title=\"Birreria Pedavena\" src=\"http:\/\/www.bellunopress.it\/wp-content\/uploads\/2012\/08\/Birreria-Pedavena.jpg\" alt=\"\" width=\"290\" height=\"218\" \/><\/a><figcaption id=\"caption-attachment-41205\" class=\"wp-caption-text\">Birreria Pedavena<\/figcaption><\/figure>\n<p><span style=\"color: #000000;\"><span style=\"font-family: Helvetica, serif;\"><span style=\"font-size: medium;\"><span style=\"font-family: Times, serif;\">Sabato 24 novembre alla Birreria di Pedavena (BL) ci sar\u00e0 una festa un po&#8217; speciale, quella della Grizzly Viaggi. Un Tour Operator nato in provincia di Belluno dalla CGIL, con il nome di ETLI (Ente Turistico Lavoratori Italiani). <\/span><\/span><\/span><\/span><\/p>\n<p><span style=\"color: #000000;\"><span style=\"font-family: Helvetica, serif;\"><span style=\"font-size: medium;\"><span style=\"font-family: Times, serif;\">Fondata e diretta da Carlo Mezzomo, prima operaio dell&#8217;Enel e poi sindacalista, la Grizzly Viaggi Srl oggi ha sede centrale a Feltre ed agenzie ad Agordo e Ponte nelle Alpi nel Bellunese, Pergine in Trentino, Mogliano e Conegliano nel Trevigiano.<\/span><\/span><\/span><\/span><\/p>\n<p><span style=\"color: #000000;\"><span style=\"font-family: Helvetica, serif;\"><span style=\"font-size: medium;\"><span style=\"font-family: Times, serif;\">Un&#8217;azienda che ha sempre lavorato per organizzare i viaggi con partenze &#8220;da casa&#8221;, assistendo le persone, clienti che sono diventati spesso amici, per accompagnarli sulle vie del mondo.<\/span><\/span><\/span><\/span><\/p>\n<p><span style=\"color: #000000;\"><span style=\"font-family: Helvetica, serif;\"><span style=\"font-size: medium;\"><span style=\"font-family: Times, serif;\"><a href=\"http:\/\/www.bellunopress.it\/wp-content\/uploads\/2012\/11\/Grizzly-Viaggi.gif\"><img loading=\"lazy\" decoding=\"async\" class=\"alignleft size-full wp-image-44093\" title=\"Grizzly Viaggi\" src=\"http:\/\/www.bellunopress.it\/wp-content\/uploads\/2012\/11\/Grizzly-Viaggi.gif\" alt=\"\" width=\"185\" height=\"57\" \/><\/a>La Grizzly Viaggi ha sempre avuto una particolarit\u00e0: andare alla scoperta di luoghi nuovi, oggetto dell&#8217;immaginario, sogni e leggende, pi\u00f9 che mete turistiche di massa. Ed ecco quindi progetti culturali veri e propri e non solo semplici vacanze. Come l\u2019 Autocolonna della Pace\u2019 che port\u00f2 40 camper via Filnadia a Leningrado, Mosca, Kiev ed Odessa per rientrare attraverso la Romania e la Jugoslavia in 26 giorni, ed era il lontano 1987 quando i Muri della Guerra Fredda non erano ancora crollati.<\/span><\/span><\/span><\/span><\/p>\n<p><span style=\"color: #000000;\"><span style=\"font-family: Helvetica, serif;\"><span style=\"font-size: medium;\"><span style=\"font-family: Times, serif;\">Per non parlare della scoperta di mete lontanissime quali la Siberia o la Kamchatka, oppure l&#8217;Eritrea e lo Sri Lanka, oppure la vicina ma lontanissima Albania di Enver Oxa. Vere e proprie avventure alla scoperta degli altri, di culture diverse da noi, vite, sogni e opere.<\/span><\/span><\/span><\/span><\/p>\n<p><span style=\"color: #000000;\"><span style=\"font-family: Helvetica, serif;\"><span style=\"font-size: medium;\"><span style=\"font-family: Times, serif;\">Oggi lavorano alla Grizzly Viaggi una quindicina di persone, tutte di grande professionalit\u00e0 e passione per il mondo dei viaggi e del turismo, che tutt\u2019ora si pongono nuovi traguardi per continuare a crescere.<\/span><\/span><\/span><\/span><\/p>\n<p><span style=\"color: #000000;\"><span style=\"font-family: Helvetica, serif;\"><span style=\"font-size: medium;\"><span style=\"font-family: Times, serif;\">Dal 2013, infatti, partono progetti innovativi per combattere la crisi e la mancanza di fiducia che attanaglia tanti italiani e il mondo del turismo: si parte con un grande rafforzamento della visibilit\u00e0 sul web, puntando a fare di internet una vera e propria agenzia virtuale, senza per\u00f2 rinunciare al contatto con la gente, al passa parola, all&#8217;accompagnatore conosciuto ed apprezzato, che sono la forza e l&#8217;originalit\u00e0 della formula dei viaggi organizzati &#8220;dal basso&#8221;.<\/span><\/span><\/span><\/span><\/p>\n<p><span style=\"color: #000000;\"><span style=\"font-family: Helvetica, serif;\"><span style=\"font-size: medium;\"><span style=\"font-family: Times, serif;\">Nuovi itinerari e nuove mete ci aspettano, in natura, con la bici, per piccoli gruppi, oppure su richiesta da parte di varie associazioni, perch\u00e9 la Grizzly Viaggi \u00e8 sempre alla ricerca di nuovi stimoli e di nuove mete.<\/span><\/span><\/span><\/span><\/p>\n<p><span style=\"color: #000000;\"><span style=\"font-family: Helvetica, serif;\"><span style=\"font-size: medium;\"><span style=\"font-family: Times, serif;\">Carlo Mezzomo, amministratore unico e fondatore della Grizzly Viaggi ha dichiarato: &#8220;grazie di cuore alle 350 persone che hanno voluto festeggiare con noi questi 30 anni. Questa \u00e8 la migliore speranza per il futuro! Il nostro lavoro si fa solo se si ha passione. Perch\u00e9 lavorare nel turismo \u00e8 entusiasmante ma richiede anche dedizione e sacrificio. Non si pu\u00f2 timbrare il cartellino. Nessuna richiesta \u00e8 mai uguale all&#8217;altra. Ma la gente che ci ha accompagnato in questa lunga avventura, i tanti che con noi hanno viaggiato, coloro che hanno lavorato per costruire questa azienda, sono la miglior ricompensa per il nostro lavoro, e un buon auspicio per un futuro insieme&#8221;.<\/span><\/span><\/span><\/span><\/p>\n<p><span style=\"color: #000000;\"><span style=\"font-family: Helvetica, serif;\"><span style=\"font-size: medium;\"><a href=\"http:\/\/www.grizzlyviaggi.com\/\"><span style=\"color: #000099;\"><span style=\"font-family: Times, serif;\"><span style=\"text-decoration: underline;\">www.grizzlyviaggi.com<\/span><\/span><\/span><\/a><\/span><\/span><\/span><\/p>\n<p lang=\"it-IT\">\u00a0<\/p>\n<p>&nbsp;<\/p>","protected":false},"excerpt":{"rendered":"<p>&nbsp; Sabato 24 novembre alla Birreria di Pedavena (BL) ci sar\u00e0 una festa un po&#8217; speciale, quella della Grizzly Viaggi. Un Tour Operator nato in provincia di Belluno dalla CGIL, con il nome di ETLI (Ente Turistico Lavoratori Italiani). Fondata e diretta da Carlo Mezzomo, prima operaio dell&#8217;Enel e poi sindacalista, la Grizzly Viaggi Srl [&hellip;]<\/p>\n","protected":false},"author":2,"featured_media":0,"comment_status":"closed","ping_status":"open","sticky":false,"template":"","format":"standard","meta":{"footnotes":""},"categories":[27,26,8],"tags":[],"class_list":["post-44092","post","type-post","status-publish","format-standard","category-appuntamenti","category-prima-pagina","category-societa-istituzioni"],"yoast_head":"<!-- This site is optimized with the Yoast SEO plugin v28.4 - https:\/\/yoast.com\/product\/yoast-seo-wordpress\/ -->\n<title>Sabato in Birreria Pedavena la festa dei 30 anni di Grizzly Viaggi - Bellunopress - Dolomiti<\/title>\n<meta name=\"robots\" content=\"index, follow, max-snippet:-1, max-image-preview:large, max-video-preview:-1\" \/>\n<link rel=\"canonical\" href=\"https:\/\/www.bellunopress.it\/fr\/2012\/11\/21\/sabato-in-birreria-pedavena-la-festa-dei-30-anni-di-grizzly-viaggi\/\" \/>\n<meta property=\"og:locale\" content=\"fr_FR\" \/>\n<meta property=\"og:type\" content=\"article\" \/>\n<meta property=\"og:title\" content=\"Sabato in Birreria Pedavena la festa dei 30 anni di Grizzly Viaggi - Bellunopress - Dolomiti\" \/>\n<meta property=\"og:description\" content=\"&nbsp; Sabato 24 novembre alla Birreria di Pedavena (BL) ci sar\u00e0 una festa un po&#8217; speciale, quella della Grizzly Viaggi. Un Tour Operator nato in provincia di Belluno dalla CGIL, con il nome di ETLI (Ente Turistico Lavoratori Italiani). Fondata e diretta da Carlo Mezzomo, prima operaio dell&#8217;Enel e poi sindacalista, la Grizzly Viaggi Srl [&hellip;]\" \/>\n<meta property=\"og:url\" content=\"https:\/\/www.bellunopress.it\/fr\/2012\/11\/21\/sabato-in-birreria-pedavena-la-festa-dei-30-anni-di-grizzly-viaggi\/\" \/>\n<meta property=\"og:site_name\" content=\"Bellunopress - Dolomiti\" \/>\n<meta property=\"article:publisher\" content=\"https:\/\/www.facebook.com\/profile.php?id=100008943462799\" \/>\n<meta property=\"article:published_time\" content=\"2012-11-21T13:32:45+00:00\" \/>\n<meta property=\"og:image\" content=\"http:\/\/www.bellunopress.it\/wp-content\/uploads\/2012\/08\/Birreria-Pedavena.jpg\" \/>\n<meta name=\"author\" content=\"redazione\" \/>\n<meta name=\"twitter:card\" content=\"summary_large_image\" \/>\n<meta name=\"twitter:creator\" content=\"@bellunopress\" \/>\n<meta name=\"twitter:site\" content=\"@bellunopress\" \/>\n<meta name=\"twitter:label1\" content=\"\u00c9crit par\" \/>\n\t<meta name=\"twitter:data1\" content=\"redazione\" \/>\n\t<meta name=\"twitter:label2\" content=\"Dur\u00e9e de lecture estim\u00e9e\" \/>\n\t<meta name=\"twitter:data2\" content=\"2 minutes\" \/>\n<script type=\"application\/ld+json\" class=\"yoast-schema-graph\">{\"@context\":\"https:\\\/\\\/schema.org\",\"@graph\":[{\"@type\":\"Article\",\"@id\":\"https:\\\/\\\/www.bellunopress.it\\\/2012\\\/11\\\/21\\\/sabato-in-birreria-pedavena-la-festa-dei-30-anni-di-grizzly-viaggi\\\/#article\",\"isPartOf\":{\"@id\":\"https:\\\/\\\/www.bellunopress.it\\\/2012\\\/11\\\/21\\\/sabato-in-birreria-pedavena-la-festa-dei-30-anni-di-grizzly-viaggi\\\/\"},\"author\":{\"name\":\"redazione\",\"@id\":\"https:\\\/\\\/www.bellunopress.it\\\/#\\\/schema\\\/person\\\/79bb06722b37ece1c03d3e94beb30d73\"},\"headline\":\"Sabato in Birreria Pedavena la festa dei 30 anni di Grizzly Viaggi\",\"datePublished\":\"2012-11-21T13:32:45+00:00\",\"mainEntityOfPage\":{\"@id\":\"https:\\\/\\\/www.bellunopress.it\\\/2012\\\/11\\\/21\\\/sabato-in-birreria-pedavena-la-festa-dei-30-anni-di-grizzly-viaggi\\\/\"},\"wordCount\":509,\"publisher\":{\"@id\":\"https:\\\/\\\/www.bellunopress.it\\\/#organization\"},\"image\":{\"@id\":\"https:\\\/\\\/www.bellunopress.it\\\/2012\\\/11\\\/21\\\/sabato-in-birreria-pedavena-la-festa-dei-30-anni-di-grizzly-viaggi\\\/#primaryimage\"},\"thumbnailUrl\":\"http:\\\/\\\/www.bellunopress.it\\\/wp-content\\\/uploads\\\/2012\\\/08\\\/Birreria-Pedavena.jpg\",\"articleSection\":[\"Appuntamenti, Eventi\",\"Prima Pagina\",\"Societ\u00e0, Associazioni, Istituzioni\"],\"inLanguage\":\"fr-FR\"},{\"@type\":\"WebPage\",\"@id\":\"https:\\\/\\\/www.bellunopress.it\\\/2012\\\/11\\\/21\\\/sabato-in-birreria-pedavena-la-festa-dei-30-anni-di-grizzly-viaggi\\\/\",\"url\":\"https:\\\/\\\/www.bellunopress.it\\\/2012\\\/11\\\/21\\\/sabato-in-birreria-pedavena-la-festa-dei-30-anni-di-grizzly-viaggi\\\/\",\"name\":\"Sabato in Birreria Pedavena la festa dei 30 anni di Grizzly Viaggi - Bellunopress - Dolomiti\",\"isPartOf\":{\"@id\":\"https:\\\/\\\/www.bellunopress.it\\\/#website\"},\"primaryImageOfPage\":{\"@id\":\"https:\\\/\\\/www.bellunopress.it\\\/2012\\\/11\\\/21\\\/sabato-in-birreria-pedavena-la-festa-dei-30-anni-di-grizzly-viaggi\\\/#primaryimage\"},\"image\":{\"@id\":\"https:\\\/\\\/www.bellunopress.it\\\/2012\\\/11\\\/21\\\/sabato-in-birreria-pedavena-la-festa-dei-30-anni-di-grizzly-viaggi\\\/#primaryimage\"},\"thumbnailUrl\":\"http:\\\/\\\/www.bellunopress.it\\\/wp-content\\\/uploads\\\/2012\\\/08\\\/Birreria-Pedavena.jpg\",\"datePublished\":\"2012-11-21T13:32:45+00:00\",\"breadcrumb\":{\"@id\":\"https:\\\/\\\/www.bellunopress.it\\\/2012\\\/11\\\/21\\\/sabato-in-birreria-pedavena-la-festa-dei-30-anni-di-grizzly-viaggi\\\/#breadcrumb\"},\"inLanguage\":\"fr-FR\",\"potentialAction\":[{\"@type\":\"ReadAction\",\"target\":[\"https:\\\/\\\/www.bellunopress.it\\\/2012\\\/11\\\/21\\\/sabato-in-birreria-pedavena-la-festa-dei-30-anni-di-grizzly-viaggi\\\/\"]}]},{\"@type\":\"ImageObject\",\"inLanguage\":\"fr-FR\",\"@id\":\"https:\\\/\\\/www.bellunopress.it\\\/2012\\\/11\\\/21\\\/sabato-in-birreria-pedavena-la-festa-dei-30-anni-di-grizzly-viaggi\\\/#primaryimage\",\"url\":\"http:\\\/\\\/www.bellunopress.it\\\/wp-content\\\/uploads\\\/2012\\\/08\\\/Birreria-Pedavena.jpg\",\"contentUrl\":\"http:\\\/\\\/www.bellunopress.it\\\/wp-content\\\/uploads\\\/2012\\\/08\\\/Birreria-Pedavena.jpg\"},{\"@type\":\"BreadcrumbList\",\"@id\":\"https:\\\/\\\/www.bellunopress.it\\\/2012\\\/11\\\/21\\\/sabato-in-birreria-pedavena-la-festa-dei-30-anni-di-grizzly-viaggi\\\/#breadcrumb\",\"itemListElement\":[{\"@type\":\"ListItem\",\"position\":1,\"name\":\"Home\",\"item\":\"https:\\\/\\\/www.bellunopress.it\\\/\"},{\"@type\":\"ListItem\",\"position\":2,\"name\":\"Sabato in Birreria Pedavena la festa dei 30 anni di Grizzly Viaggi\"}]},{\"@type\":\"WebSite\",\"@id\":\"https:\\\/\\\/www.bellunopress.it\\\/#website\",\"url\":\"https:\\\/\\\/www.bellunopress.it\\\/\",\"name\":\"Bellunopress - Dolomiti\",\"description\":\"e-mail: redazione@bellunopress.it\",\"publisher\":{\"@id\":\"https:\\\/\\\/www.bellunopress.it\\\/#organization\"},\"potentialAction\":[{\"@type\":\"SearchAction\",\"target\":{\"@type\":\"EntryPoint\",\"urlTemplate\":\"https:\\\/\\\/www.bellunopress.it\\\/?s={search_term_string}\"},\"query-input\":{\"@type\":\"PropertyValueSpecification\",\"valueRequired\":true,\"valueName\":\"search_term_string\"}}],\"inLanguage\":\"fr-FR\"},{\"@type\":\"Organization\",\"@id\":\"https:\\\/\\\/www.bellunopress.it\\\/#organization\",\"name\":\"Bellunopress\",\"url\":\"https:\\\/\\\/www.bellunopress.it\\\/\",\"logo\":{\"@type\":\"ImageObject\",\"inLanguage\":\"fr-FR\",\"@id\":\"https:\\\/\\\/www.bellunopress.it\\\/#\\\/schema\\\/logo\\\/image\\\/\",\"url\":\"https:\\\/\\\/www.bellunopress.it\\\/wp-content\\\/uploads\\\/2011\\\/05\\\/cropped-logo-bellunopress-.jpg\",\"contentUrl\":\"https:\\\/\\\/www.bellunopress.it\\\/wp-content\\\/uploads\\\/2011\\\/05\\\/cropped-logo-bellunopress-.jpg\",\"width\":512,\"height\":512,\"caption\":\"Bellunopress\"},\"image\":{\"@id\":\"https:\\\/\\\/www.bellunopress.it\\\/#\\\/schema\\\/logo\\\/image\\\/\"},\"sameAs\":[\"https:\\\/\\\/www.facebook.com\\\/profile.php?id=100008943462799\",\"https:\\\/\\\/x.com\\\/bellunopress\",\"https:\\\/\\\/www.linkedin.com\\\/hp\\\/?dnr=JBzUWaJfMUw8vbXJJ2tVW5-I3jZKvC4wsoxE&amp;amp;amp;amp;amp;amp;trk=nav_responsive_tab_home\",\"https:\\\/\\\/www.youtube.com\\\/channel\\\/UCxL0wu1uN0_3_7hGG0306cw\"]},{\"@type\":\"Person\",\"@id\":\"https:\\\/\\\/www.bellunopress.it\\\/#\\\/schema\\\/person\\\/79bb06722b37ece1c03d3e94beb30d73\",\"name\":\"redazione\",\"image\":{\"@type\":\"ImageObject\",\"inLanguage\":\"fr-FR\",\"@id\":\"https:\\\/\\\/secure.gravatar.com\\\/avatar\\\/37d968a2e67a6fd04c169c4bdef102d0bc5d31b2546345219e348575eb80e9a0?s=96&d=mm&r=g\",\"url\":\"https:\\\/\\\/secure.gravatar.com\\\/avatar\\\/37d968a2e67a6fd04c169c4bdef102d0bc5d31b2546345219e348575eb80e9a0?s=96&d=mm&r=g\",\"contentUrl\":\"https:\\\/\\\/secure.gravatar.com\\\/avatar\\\/37d968a2e67a6fd04c169c4bdef102d0bc5d31b2546345219e348575eb80e9a0?s=96&d=mm&r=g\",\"caption\":\"redazione\"},\"sameAs\":[\"http:\\\/\\\/www.bellunopress.it\",\"https:\\\/\\\/x.com\\\/bellunopress\"],\"url\":\"https:\\\/\\\/www.bellunopress.it\\\/fr\\\/author\\\/redazione\\\/\"}]}<\/script>\n<!-- \/ Yoast SEO plugin. -->","yoast_head_json":{"title":"Sabato in Birreria Pedavena la festa dei 30 anni di Grizzly Viaggi - Bellunopress - Dolomiti","robots":{"index":"index","follow":"follow","max-snippet":"max-snippet:-1","max-image-preview":"max-image-preview:large","max-video-preview":"max-video-preview:-1"},"canonical":"https:\/\/www.bellunopress.it\/fr\/2012\/11\/21\/sabato-in-birreria-pedavena-la-festa-dei-30-anni-di-grizzly-viaggi\/","og_locale":"fr_FR","og_type":"article","og_title":"Sabato in Birreria Pedavena la festa dei 30 anni di Grizzly Viaggi - Bellunopress - Dolomiti","og_description":"&nbsp; Sabato 24 novembre alla Birreria di Pedavena (BL) ci sar\u00e0 una festa un po&#8217; speciale, quella della Grizzly Viaggi. Un Tour Operator nato in provincia di Belluno dalla CGIL, con il nome di ETLI (Ente Turistico Lavoratori Italiani). Fondata e diretta da Carlo Mezzomo, prima operaio dell&#8217;Enel e poi sindacalista, la Grizzly Viaggi Srl [&hellip;]","og_url":"https:\/\/www.bellunopress.it\/fr\/2012\/11\/21\/sabato-in-birreria-pedavena-la-festa-dei-30-anni-di-grizzly-viaggi\/","og_site_name":"Bellunopress - Dolomiti","article_publisher":"https:\/\/www.facebook.com\/profile.php?id=100008943462799","article_published_time":"2012-11-21T13:32:45+00:00","og_image":[{"url":"http:\/\/www.bellunopress.it\/wp-content\/uploads\/2012\/08\/Birreria-Pedavena.jpg","type":"","width":"","height":""}],"author":"redazione","twitter_card":"summary_large_image","twitter_creator":"@bellunopress","twitter_site":"@bellunopress","twitter_misc":{"\u00c9crit par":"redazione","Dur\u00e9e de lecture estim\u00e9e":"2 minutes"},"schema":{"@context":"https:\/\/schema.org","@graph":[{"@type":"Article","@id":"https:\/\/www.bellunopress.it\/2012\/11\/21\/sabato-in-birreria-pedavena-la-festa-dei-30-anni-di-grizzly-viaggi\/#article","isPartOf":{"@id":"https:\/\/www.bellunopress.it\/2012\/11\/21\/sabato-in-birreria-pedavena-la-festa-dei-30-anni-di-grizzly-viaggi\/"},"author":{"name":"redazione","@id":"https:\/\/www.bellunopress.it\/#\/schema\/person\/79bb06722b37ece1c03d3e94beb30d73"},"headline":"Sabato in Birreria Pedavena la festa dei 30 anni di Grizzly Viaggi","datePublished":"2012-11-21T13:32:45+00:00","mainEntityOfPage":{"@id":"https:\/\/www.bellunopress.it\/2012\/11\/21\/sabato-in-birreria-pedavena-la-festa-dei-30-anni-di-grizzly-viaggi\/"},"wordCount":509,"publisher":{"@id":"https:\/\/www.bellunopress.it\/#organization"},"image":{"@id":"https:\/\/www.bellunopress.it\/2012\/11\/21\/sabato-in-birreria-pedavena-la-festa-dei-30-anni-di-grizzly-viaggi\/#primaryimage"},"thumbnailUrl":"http:\/\/www.bellunopress.it\/wp-content\/uploads\/2012\/08\/Birreria-Pedavena.jpg","articleSection":["Appuntamenti, Eventi","Prima Pagina","Societ\u00e0, Associazioni, Istituzioni"],"inLanguage":"fr-FR"},{"@type":"WebPage","@id":"https:\/\/www.bellunopress.it\/2012\/11\/21\/sabato-in-birreria-pedavena-la-festa-dei-30-anni-di-grizzly-viaggi\/","url":"https:\/\/www.bellunopress.it\/2012\/11\/21\/sabato-in-birreria-pedavena-la-festa-dei-30-anni-di-grizzly-viaggi\/","name":"Sabato in Birreria Pedavena la festa dei 30 anni di Grizzly Viaggi - Bellunopress - Dolomiti","isPartOf":{"@id":"https:\/\/www.bellunopress.it\/#website"},"primaryImageOfPage":{"@id":"https:\/\/www.bellunopress.it\/2012\/11\/21\/sabato-in-birreria-pedavena-la-festa-dei-30-anni-di-grizzly-viaggi\/#primaryimage"},"image":{"@id":"https:\/\/www.bellunopress.it\/2012\/11\/21\/sabato-in-birreria-pedavena-la-festa-dei-30-anni-di-grizzly-viaggi\/#primaryimage"},"thumbnailUrl":"http:\/\/www.bellunopress.it\/wp-content\/uploads\/2012\/08\/Birreria-Pedavena.jpg","datePublished":"2012-11-21T13:32:45+00:00","breadcrumb":{"@id":"https:\/\/www.bellunopress.it\/2012\/11\/21\/sabato-in-birreria-pedavena-la-festa-dei-30-anni-di-grizzly-viaggi\/#breadcrumb"},"inLanguage":"fr-FR","potentialAction":[{"@type":"ReadAction","target":["https:\/\/www.bellunopress.it\/2012\/11\/21\/sabato-in-birreria-pedavena-la-festa-dei-30-anni-di-grizzly-viaggi\/"]}]},{"@type":"ImageObject","inLanguage":"fr-FR","@id":"https:\/\/www.bellunopress.it\/2012\/11\/21\/sabato-in-birreria-pedavena-la-festa-dei-30-anni-di-grizzly-viaggi\/#primaryimage","url":"http:\/\/www.bellunopress.it\/wp-content\/uploads\/2012\/08\/Birreria-Pedavena.jpg","contentUrl":"http:\/\/www.bellunopress.it\/wp-content\/uploads\/2012\/08\/Birreria-Pedavena.jpg"},{"@type":"BreadcrumbList","@id":"https:\/\/www.bellunopress.it\/2012\/11\/21\/sabato-in-birreria-pedavena-la-festa-dei-30-anni-di-grizzly-viaggi\/#breadcrumb","itemListElement":[{"@type":"ListItem","position":1,"name":"Home","item":"https:\/\/www.bellunopress.it\/"},{"@type":"ListItem","position":2,"name":"Sabato in Birreria Pedavena la festa dei 30 anni di Grizzly Viaggi"}]},{"@type":"WebSite","@id":"https:\/\/www.bellunopress.it\/#website","url":"https:\/\/www.bellunopress.it\/","name":"Bellunopress - Dolomiti","description":"e-mail: redazione@bellunopress.it","publisher":{"@id":"https:\/\/www.bellunopress.it\/#organization"},"potentialAction":[{"@type":"SearchAction","target":{"@type":"EntryPoint","urlTemplate":"https:\/\/www.bellunopress.it\/?s={search_term_string}"},"query-input":{"@type":"PropertyValueSpecification","valueRequired":true,"valueName":"search_term_string"}}],"inLanguage":"fr-FR"},{"@type":"Organization","@id":"https:\/\/www.bellunopress.it\/#organization","name":"Bellunopress","url":"https:\/\/www.bellunopress.it\/","logo":{"@type":"ImageObject","inLanguage":"fr-FR","@id":"https:\/\/www.bellunopress.it\/#\/schema\/logo\/image\/","url":"https:\/\/www.bellunopress.it\/wp-content\/uploads\/2011\/05\/cropped-logo-bellunopress-.jpg","contentUrl":"https:\/\/www.bellunopress.it\/wp-content\/uploads\/2011\/05\/cropped-logo-bellunopress-.jpg","width":512,"height":512,"caption":"Bellunopress"},"image":{"@id":"https:\/\/www.bellunopress.it\/#\/schema\/logo\/image\/"},"sameAs":["https:\/\/www.facebook.com\/profile.php?id=100008943462799","https:\/\/x.com\/bellunopress","https:\/\/www.linkedin.com\/hp\/?dnr=JBzUWaJfMUw8vbXJJ2tVW5-I3jZKvC4wsoxE&amp;amp;amp;amp;amp;amp;trk=nav_responsive_tab_home","https:\/\/www.youtube.com\/channel\/UCxL0wu1uN0_3_7hGG0306cw"]},{"@type":"Person","@id":"https:\/\/www.bellunopress.it\/#\/schema\/person\/79bb06722b37ece1c03d3e94beb30d73","name":"r\u00e9daction","image":{"@type":"ImageObject","inLanguage":"fr-FR","@id":"https:\/\/secure.gravatar.com\/avatar\/37d968a2e67a6fd04c169c4bdef102d0bc5d31b2546345219e348575eb80e9a0?s=96&d=mm&r=g","url":"https:\/\/secure.gravatar.com\/avatar\/37d968a2e67a6fd04c169c4bdef102d0bc5d31b2546345219e348575eb80e9a0?s=96&d=mm&r=g","contentUrl":"https:\/\/secure.gravatar.com\/avatar\/37d968a2e67a6fd04c169c4bdef102d0bc5d31b2546345219e348575eb80e9a0?s=96&d=mm&r=g","caption":"redazione"},"sameAs":["http:\/\/www.bellunopress.it","https:\/\/x.com\/bellunopress"],"url":"https:\/\/www.bellunopress.it\/fr\/author\/redazione\/"}]}},"_links":{"self":[{"href":"https:\/\/www.bellunopress.it\/fr\/wp-json\/wp\/v2\/posts\/44092","targetHints":{"allow":["GET"]}}],"collection":[{"href":"https:\/\/www.bellunopress.it\/fr\/wp-json\/wp\/v2\/posts"}],"about":[{"href":"https:\/\/www.bellunopress.it\/fr\/wp-json\/wp\/v2\/types\/post"}],"author":[{"embeddable":true,"href":"https:\/\/www.bellunopress.it\/fr\/wp-json\/wp\/v2\/users\/2"}],"replies":[{"embeddable":true,"href":"https:\/\/www.bellunopress.it\/fr\/wp-json\/wp\/v2\/comments?post=44092"}],"version-history":[{"count":1,"href":"https:\/\/www.bellunopress.it\/fr\/wp-json\/wp\/v2\/posts\/44092\/revisions"}],"predecessor-version":[{"id":44094,"href":"https:\/\/www.bellunopress.it\/fr\/wp-json\/wp\/v2\/posts\/44092\/revisions\/44094"}],"wp:attachment":[{"href":"https:\/\/www.bellunopress.it\/fr\/wp-json\/wp\/v2\/media?parent=44092"}],"wp:term":[{"taxonomy":"category","embeddable":true,"href":"https:\/\/www.bellunopress.it\/fr\/wp-json\/wp\/v2\/categories?post=44092"},{"taxonomy":"post_tag","embeddable":true,"href":"https:\/\/www.bellunopress.it\/fr\/wp-json\/wp\/v2\/tags?post=44092"}],"curies":[{"name":"wp","href":"https:\/\/api.w.org\/{rel}","templated":true}]}}