{"id":44085,"date":"2012-11-21T12:46:20","date_gmt":"2012-11-21T11:46:20","guid":{"rendered":"http:\/\/www.bellunopress.it\/?p=44085"},"modified":"2012-11-21T18:37:42","modified_gmt":"2012-11-21T17:37:42","slug":"lei-dunque-capira-venerdi-e-sabato-al-teatro-comunale-claudio-magris-con-un-testo-autobiografico-racconta-lamore-con-gli-occhi-di-lei","status":"publish","type":"post","link":"https:\/\/www.bellunopress.it\/fr\/2012\/11\/21\/lei-dunque-capira-venerdi-e-sabato-al-teatro-comunale-claudio-magris-con-un-testo-autobiografico-racconta-lamore-con-gli-occhi-di-lei\/","title":{"rendered":"&#8220;Lei dunque capir\u00e0&#8221;, venerd\u00ec e sabato al Teatro Comunale Claudio Magris con un testo autobiografico racconta l&#8217;amore con gli occhi di lei"},"content":{"rendered":"<p>Per la Stagione di Prosa 2012-2013 del Teatro Comunale di Belluno, dopo l&#8217;esteso successo dello spettacolo d&#8217;esordio Eva contro Eva, andr\u00e0 in scena venerd\u00ec 23 (Turno A) e sabato 24 (Turno B) il capolavoro di Claudio Magris Lei dunque capir\u00e0.<\/p>\n<figure id=\"attachment_25958\" aria-describedby=\"caption-attachment-25958\" style=\"width: 280px\" class=\"wp-caption alignleft\"><a href=\"http:\/\/www.bellunopress.it\/wp-content\/uploads\/2011\/04\/teatro-comunale-280x198.jpg\"><img loading=\"lazy\" decoding=\"async\" class=\"size-full wp-image-25958\" title=\"teatro comunale 280x198\" src=\"http:\/\/www.bellunopress.it\/wp-content\/uploads\/2011\/04\/teatro-comunale-280x198.jpg\" alt=\"\" width=\"280\" height=\"198\" \/><\/a><figcaption id=\"caption-attachment-25958\" class=\"wp-caption-text\">Teatro Comunale di Belluno<\/figcaption><\/figure>\n<p>Un gioiello drammaturgico in cui la limpida prosa di Magris ripercorre, con tratti di intima partecipazione, il mito di Orfeo ed Euridice. Lo spettacolo, pluripremiato successo internazionale, lo scorso anno a New York, e a lungo in scena in Italia e nei maggiori teatri esteri, \u00e8 affidato all&#8217;intensa interpretazione di Daniela Giovanetti che disegna una moderna Euridice, testimone sensibile e delicata di un amore il cui eco si ripete oltre il tempo. Del mito Magris restituisce il senso profondo, arricchendolo di un vortice di frammenti quotidiani, anche autobiografici, che lo avvicinano al comune sentire senza rinunciare ad accenti di un universo poetico struggente. I suoi Orfeo ed Euridice sono attuali nelle loro fragilit\u00e0 e contraddizioni. Attraverso le parole della donna, prigioniera dell&#8217;Ade &#8211; qui una inquietante casa di riposo, magistralmente sintetizzata dalla meravigliosa scenografia di Pier Paolo Bisleri, in cui si incastona superba e scarna la mitica porta dell&#8217;incontro e della separazione &#8211; conosciamo ogni vibrazione del loro animo: la reciproca nostalgia, i sogni, la forza di Euridice, le paure, la solitudine di Orfeo, i sensi di colpa, l&#8217;estremo sacrificio&#8230; tra il disincanto di un aldil\u00e0, assai simile al mondo dei vivi e l&#8217;incanto di un sentimento totale, assoluto, coinvolgente.<\/p>\n<p>Un trascolorare di sensazioni che raccontano l&#8217;amore nelle sue tante sfaccettature: felicit\u00e0, vuoto, insostenibile pienezza dello stare insieme. La regia di Antonio Calenda asseconda la scrittura del mito, sottolineandone fin dall&#8217;intento e dalla genesi la sua contemporaneit\u00e0. Un qui e ora che lascia un segno profondo, emoziona, si riflette nelle intime assenze di ognuno.<\/p>\n<p>PRENOTAZIONI BIGLIETTI: Tib Teatro 0437 943303 \u00e8 possibile prenotare per tutti gli spettacoli della stagione<\/p>\n<p>VENDITA BIGLIETTI: 23 e 24 novembre ore 11-13 e dalle 17- 20 Teatro Comunale 0437940349<\/p>\n<p>MORMORII (cicchetti prima del Buio in sala) e dopo Teatro: PIATTO INNAMORATO PRENOTAZIONI Ristorante La Nicchia, via Matteotti 17\/B : 3271750911<\/p>","protected":false},"excerpt":{"rendered":"<p>Per la Stagione di Prosa 2012-2013 del Teatro Comunale di Belluno, dopo l&#8217;esteso successo dello spettacolo d&#8217;esordio Eva contro Eva, andr\u00e0 in scena venerd\u00ec 23 (Turno A) e sabato 24 (Turno B) il capolavoro di Claudio Magris Lei dunque capir\u00e0. Un gioiello drammaturgico in cui la limpida prosa di Magris ripercorre, con tratti di intima [&hellip;]<\/p>\n","protected":false},"author":2,"featured_media":0,"comment_status":"closed","ping_status":"open","sticky":false,"template":"","format":"standard","meta":{"footnotes":""},"categories":[27,3,25],"tags":[],"class_list":["post-44085","post","type-post","status-publish","format-standard","category-appuntamenti","category-arte-cultura-spettacoli-scienza-archivi","category-pausa-caffe"],"yoast_head":"<!-- This site is optimized with the Yoast SEO plugin v28.4 - https:\/\/yoast.com\/product\/yoast-seo-wordpress\/ -->\n<title>&quot;Lei dunque capir\u00e0&quot;, venerd\u00ec e sabato al Teatro Comunale Claudio Magris con un testo autobiografico racconta l&#039;amore con gli occhi di lei - Bellunopress - Dolomiti<\/title>\n<meta name=\"robots\" content=\"index, follow, max-snippet:-1, max-image-preview:large, max-video-preview:-1\" \/>\n<link rel=\"canonical\" href=\"https:\/\/www.bellunopress.it\/fr\/2012\/11\/21\/lei-dunque-capira-venerdi-e-sabato-al-teatro-comunale-claudio-magris-con-un-testo-autobiografico-racconta-lamore-con-gli-occhi-di-lei\/\" \/>\n<meta property=\"og:locale\" content=\"fr_FR\" \/>\n<meta property=\"og:type\" content=\"article\" \/>\n<meta property=\"og:title\" content=\"&quot;Lei dunque capir\u00e0&quot;, venerd\u00ec e sabato al Teatro Comunale Claudio Magris con un testo autobiografico racconta l&#039;amore con gli occhi di lei - Bellunopress - Dolomiti\" \/>\n<meta property=\"og:description\" content=\"Per la Stagione di Prosa 2012-2013 del Teatro Comunale di Belluno, dopo l&#8217;esteso successo dello spettacolo d&#8217;esordio Eva contro Eva, andr\u00e0 in scena venerd\u00ec 23 (Turno A) e sabato 24 (Turno B) il capolavoro di Claudio Magris Lei dunque capir\u00e0. Un gioiello drammaturgico in cui la limpida prosa di Magris ripercorre, con tratti di intima [&hellip;]\" \/>\n<meta property=\"og:url\" content=\"https:\/\/www.bellunopress.it\/fr\/2012\/11\/21\/lei-dunque-capira-venerdi-e-sabato-al-teatro-comunale-claudio-magris-con-un-testo-autobiografico-racconta-lamore-con-gli-occhi-di-lei\/\" \/>\n<meta property=\"og:site_name\" content=\"Bellunopress - Dolomiti\" \/>\n<meta property=\"article:publisher\" content=\"https:\/\/www.facebook.com\/profile.php?id=100008943462799\" \/>\n<meta property=\"article:published_time\" content=\"2012-11-21T11:46:20+00:00\" \/>\n<meta property=\"article:modified_time\" content=\"2012-11-21T17:37:42+00:00\" \/>\n<meta property=\"og:image\" content=\"http:\/\/www.bellunopress.it\/wp-content\/uploads\/2011\/04\/teatro-comunale-280x198.jpg\" \/>\n<meta name=\"author\" content=\"redazione\" \/>\n<meta name=\"twitter:card\" content=\"summary_large_image\" \/>\n<meta name=\"twitter:creator\" content=\"@bellunopress\" \/>\n<meta name=\"twitter:site\" content=\"@bellunopress\" \/>\n<meta name=\"twitter:label1\" content=\"\u00c9crit par\" \/>\n\t<meta name=\"twitter:data1\" content=\"redazione\" \/>\n\t<meta name=\"twitter:label2\" content=\"Dur\u00e9e de lecture estim\u00e9e\" \/>\n\t<meta name=\"twitter:data2\" content=\"2 minutes\" \/>\n<script type=\"application\/ld+json\" class=\"yoast-schema-graph\">{\"@context\":\"https:\\\/\\\/schema.org\",\"@graph\":[{\"@type\":\"Article\",\"@id\":\"https:\\\/\\\/www.bellunopress.it\\\/2012\\\/11\\\/21\\\/lei-dunque-capira-venerdi-e-sabato-al-teatro-comunale-claudio-magris-con-un-testo-autobiografico-racconta-lamore-con-gli-occhi-di-lei\\\/#article\",\"isPartOf\":{\"@id\":\"https:\\\/\\\/www.bellunopress.it\\\/2012\\\/11\\\/21\\\/lei-dunque-capira-venerdi-e-sabato-al-teatro-comunale-claudio-magris-con-un-testo-autobiografico-racconta-lamore-con-gli-occhi-di-lei\\\/\"},\"author\":{\"name\":\"redazione\",\"@id\":\"https:\\\/\\\/www.bellunopress.it\\\/#\\\/schema\\\/person\\\/79bb06722b37ece1c03d3e94beb30d73\"},\"headline\":\"&#8220;Lei dunque capir\u00e0&#8221;, venerd\u00ec e sabato al Teatro Comunale Claudio Magris con un testo autobiografico racconta l&#8217;amore con gli occhi di lei\",\"datePublished\":\"2012-11-21T11:46:20+00:00\",\"dateModified\":\"2012-11-21T17:37:42+00:00\",\"mainEntityOfPage\":{\"@id\":\"https:\\\/\\\/www.bellunopress.it\\\/2012\\\/11\\\/21\\\/lei-dunque-capira-venerdi-e-sabato-al-teatro-comunale-claudio-magris-con-un-testo-autobiografico-racconta-lamore-con-gli-occhi-di-lei\\\/\"},\"wordCount\":376,\"publisher\":{\"@id\":\"https:\\\/\\\/www.bellunopress.it\\\/#organization\"},\"image\":{\"@id\":\"https:\\\/\\\/www.bellunopress.it\\\/2012\\\/11\\\/21\\\/lei-dunque-capira-venerdi-e-sabato-al-teatro-comunale-claudio-magris-con-un-testo-autobiografico-racconta-lamore-con-gli-occhi-di-lei\\\/#primaryimage\"},\"thumbnailUrl\":\"http:\\\/\\\/www.bellunopress.it\\\/wp-content\\\/uploads\\\/2011\\\/04\\\/teatro-comunale-280x198.jpg\",\"articleSection\":[\"Appuntamenti, Eventi\",\"Arte, Cultura, Spettacoli, Scienza\",\"Pausa Caff\u00e8\"],\"inLanguage\":\"fr-FR\"},{\"@type\":\"WebPage\",\"@id\":\"https:\\\/\\\/www.bellunopress.it\\\/2012\\\/11\\\/21\\\/lei-dunque-capira-venerdi-e-sabato-al-teatro-comunale-claudio-magris-con-un-testo-autobiografico-racconta-lamore-con-gli-occhi-di-lei\\\/\",\"url\":\"https:\\\/\\\/www.bellunopress.it\\\/2012\\\/11\\\/21\\\/lei-dunque-capira-venerdi-e-sabato-al-teatro-comunale-claudio-magris-con-un-testo-autobiografico-racconta-lamore-con-gli-occhi-di-lei\\\/\",\"name\":\"\\\"Lei dunque capir\u00e0\\\", venerd\u00ec e sabato al Teatro Comunale Claudio Magris con un testo autobiografico racconta l'amore con gli occhi di lei - Bellunopress - Dolomiti\",\"isPartOf\":{\"@id\":\"https:\\\/\\\/www.bellunopress.it\\\/#website\"},\"primaryImageOfPage\":{\"@id\":\"https:\\\/\\\/www.bellunopress.it\\\/2012\\\/11\\\/21\\\/lei-dunque-capira-venerdi-e-sabato-al-teatro-comunale-claudio-magris-con-un-testo-autobiografico-racconta-lamore-con-gli-occhi-di-lei\\\/#primaryimage\"},\"image\":{\"@id\":\"https:\\\/\\\/www.bellunopress.it\\\/2012\\\/11\\\/21\\\/lei-dunque-capira-venerdi-e-sabato-al-teatro-comunale-claudio-magris-con-un-testo-autobiografico-racconta-lamore-con-gli-occhi-di-lei\\\/#primaryimage\"},\"thumbnailUrl\":\"http:\\\/\\\/www.bellunopress.it\\\/wp-content\\\/uploads\\\/2011\\\/04\\\/teatro-comunale-280x198.jpg\",\"datePublished\":\"2012-11-21T11:46:20+00:00\",\"dateModified\":\"2012-11-21T17:37:42+00:00\",\"breadcrumb\":{\"@id\":\"https:\\\/\\\/www.bellunopress.it\\\/2012\\\/11\\\/21\\\/lei-dunque-capira-venerdi-e-sabato-al-teatro-comunale-claudio-magris-con-un-testo-autobiografico-racconta-lamore-con-gli-occhi-di-lei\\\/#breadcrumb\"},\"inLanguage\":\"fr-FR\",\"potentialAction\":[{\"@type\":\"ReadAction\",\"target\":[\"https:\\\/\\\/www.bellunopress.it\\\/2012\\\/11\\\/21\\\/lei-dunque-capira-venerdi-e-sabato-al-teatro-comunale-claudio-magris-con-un-testo-autobiografico-racconta-lamore-con-gli-occhi-di-lei\\\/\"]}]},{\"@type\":\"ImageObject\",\"inLanguage\":\"fr-FR\",\"@id\":\"https:\\\/\\\/www.bellunopress.it\\\/2012\\\/11\\\/21\\\/lei-dunque-capira-venerdi-e-sabato-al-teatro-comunale-claudio-magris-con-un-testo-autobiografico-racconta-lamore-con-gli-occhi-di-lei\\\/#primaryimage\",\"url\":\"http:\\\/\\\/www.bellunopress.it\\\/wp-content\\\/uploads\\\/2011\\\/04\\\/teatro-comunale-280x198.jpg\",\"contentUrl\":\"http:\\\/\\\/www.bellunopress.it\\\/wp-content\\\/uploads\\\/2011\\\/04\\\/teatro-comunale-280x198.jpg\"},{\"@type\":\"BreadcrumbList\",\"@id\":\"https:\\\/\\\/www.bellunopress.it\\\/2012\\\/11\\\/21\\\/lei-dunque-capira-venerdi-e-sabato-al-teatro-comunale-claudio-magris-con-un-testo-autobiografico-racconta-lamore-con-gli-occhi-di-lei\\\/#breadcrumb\",\"itemListElement\":[{\"@type\":\"ListItem\",\"position\":1,\"name\":\"Home\",\"item\":\"https:\\\/\\\/www.bellunopress.it\\\/\"},{\"@type\":\"ListItem\",\"position\":2,\"name\":\"&#8220;Lei dunque capir\u00e0&#8221;, venerd\u00ec e sabato al Teatro Comunale Claudio Magris con un testo autobiografico racconta l&#8217;amore con gli occhi di lei\"}]},{\"@type\":\"WebSite\",\"@id\":\"https:\\\/\\\/www.bellunopress.it\\\/#website\",\"url\":\"https:\\\/\\\/www.bellunopress.it\\\/\",\"name\":\"Bellunopress - Dolomiti\",\"description\":\"e-mail: redazione@bellunopress.it\",\"publisher\":{\"@id\":\"https:\\\/\\\/www.bellunopress.it\\\/#organization\"},\"potentialAction\":[{\"@type\":\"SearchAction\",\"target\":{\"@type\":\"EntryPoint\",\"urlTemplate\":\"https:\\\/\\\/www.bellunopress.it\\\/?s={search_term_string}\"},\"query-input\":{\"@type\":\"PropertyValueSpecification\",\"valueRequired\":true,\"valueName\":\"search_term_string\"}}],\"inLanguage\":\"fr-FR\"},{\"@type\":\"Organization\",\"@id\":\"https:\\\/\\\/www.bellunopress.it\\\/#organization\",\"name\":\"Bellunopress\",\"url\":\"https:\\\/\\\/www.bellunopress.it\\\/\",\"logo\":{\"@type\":\"ImageObject\",\"inLanguage\":\"fr-FR\",\"@id\":\"https:\\\/\\\/www.bellunopress.it\\\/#\\\/schema\\\/logo\\\/image\\\/\",\"url\":\"https:\\\/\\\/www.bellunopress.it\\\/wp-content\\\/uploads\\\/2011\\\/05\\\/cropped-logo-bellunopress-.jpg\",\"contentUrl\":\"https:\\\/\\\/www.bellunopress.it\\\/wp-content\\\/uploads\\\/2011\\\/05\\\/cropped-logo-bellunopress-.jpg\",\"width\":512,\"height\":512,\"caption\":\"Bellunopress\"},\"image\":{\"@id\":\"https:\\\/\\\/www.bellunopress.it\\\/#\\\/schema\\\/logo\\\/image\\\/\"},\"sameAs\":[\"https:\\\/\\\/www.facebook.com\\\/profile.php?id=100008943462799\",\"https:\\\/\\\/x.com\\\/bellunopress\",\"https:\\\/\\\/www.linkedin.com\\\/hp\\\/?dnr=JBzUWaJfMUw8vbXJJ2tVW5-I3jZKvC4wsoxE&amp;amp;amp;amp;amp;amp;trk=nav_responsive_tab_home\",\"https:\\\/\\\/www.youtube.com\\\/channel\\\/UCxL0wu1uN0_3_7hGG0306cw\"]},{\"@type\":\"Person\",\"@id\":\"https:\\\/\\\/www.bellunopress.it\\\/#\\\/schema\\\/person\\\/79bb06722b37ece1c03d3e94beb30d73\",\"name\":\"redazione\",\"image\":{\"@type\":\"ImageObject\",\"inLanguage\":\"fr-FR\",\"@id\":\"https:\\\/\\\/secure.gravatar.com\\\/avatar\\\/37d968a2e67a6fd04c169c4bdef102d0bc5d31b2546345219e348575eb80e9a0?s=96&d=mm&r=g\",\"url\":\"https:\\\/\\\/secure.gravatar.com\\\/avatar\\\/37d968a2e67a6fd04c169c4bdef102d0bc5d31b2546345219e348575eb80e9a0?s=96&d=mm&r=g\",\"contentUrl\":\"https:\\\/\\\/secure.gravatar.com\\\/avatar\\\/37d968a2e67a6fd04c169c4bdef102d0bc5d31b2546345219e348575eb80e9a0?s=96&d=mm&r=g\",\"caption\":\"redazione\"},\"sameAs\":[\"http:\\\/\\\/www.bellunopress.it\",\"https:\\\/\\\/x.com\\\/bellunopress\"],\"url\":\"https:\\\/\\\/www.bellunopress.it\\\/fr\\\/author\\\/redazione\\\/\"}]}<\/script>\n<!-- \/ Yoast SEO plugin. -->","yoast_head_json":{"title":"\"Lei dunque capir\u00e0\", venerd\u00ec e sabato al Teatro Comunale Claudio Magris con un testo autobiografico racconta l'amore con gli occhi di lei - Bellunopress - Dolomiti","robots":{"index":"index","follow":"follow","max-snippet":"max-snippet:-1","max-image-preview":"max-image-preview:large","max-video-preview":"max-video-preview:-1"},"canonical":"https:\/\/www.bellunopress.it\/fr\/2012\/11\/21\/lei-dunque-capira-venerdi-e-sabato-al-teatro-comunale-claudio-magris-con-un-testo-autobiografico-racconta-lamore-con-gli-occhi-di-lei\/","og_locale":"fr_FR","og_type":"article","og_title":"\"Lei dunque capir\u00e0\", venerd\u00ec e sabato al Teatro Comunale Claudio Magris con un testo autobiografico racconta l'amore con gli occhi di lei - Bellunopress - Dolomiti","og_description":"Per la Stagione di Prosa 2012-2013 del Teatro Comunale di Belluno, dopo l&#8217;esteso successo dello spettacolo d&#8217;esordio Eva contro Eva, andr\u00e0 in scena venerd\u00ec 23 (Turno A) e sabato 24 (Turno B) il capolavoro di Claudio Magris Lei dunque capir\u00e0. Un gioiello drammaturgico in cui la limpida prosa di Magris ripercorre, con tratti di intima [&hellip;]","og_url":"https:\/\/www.bellunopress.it\/fr\/2012\/11\/21\/lei-dunque-capira-venerdi-e-sabato-al-teatro-comunale-claudio-magris-con-un-testo-autobiografico-racconta-lamore-con-gli-occhi-di-lei\/","og_site_name":"Bellunopress - Dolomiti","article_publisher":"https:\/\/www.facebook.com\/profile.php?id=100008943462799","article_published_time":"2012-11-21T11:46:20+00:00","article_modified_time":"2012-11-21T17:37:42+00:00","og_image":[{"url":"http:\/\/www.bellunopress.it\/wp-content\/uploads\/2011\/04\/teatro-comunale-280x198.jpg","type":"","width":"","height":""}],"author":"redazione","twitter_card":"summary_large_image","twitter_creator":"@bellunopress","twitter_site":"@bellunopress","twitter_misc":{"\u00c9crit par":"redazione","Dur\u00e9e de lecture estim\u00e9e":"2 minutes"},"schema":{"@context":"https:\/\/schema.org","@graph":[{"@type":"Article","@id":"https:\/\/www.bellunopress.it\/2012\/11\/21\/lei-dunque-capira-venerdi-e-sabato-al-teatro-comunale-claudio-magris-con-un-testo-autobiografico-racconta-lamore-con-gli-occhi-di-lei\/#article","isPartOf":{"@id":"https:\/\/www.bellunopress.it\/2012\/11\/21\/lei-dunque-capira-venerdi-e-sabato-al-teatro-comunale-claudio-magris-con-un-testo-autobiografico-racconta-lamore-con-gli-occhi-di-lei\/"},"author":{"name":"redazione","@id":"https:\/\/www.bellunopress.it\/#\/schema\/person\/79bb06722b37ece1c03d3e94beb30d73"},"headline":"&#8220;Lei dunque capir\u00e0&#8221;, venerd\u00ec e sabato al Teatro Comunale Claudio Magris con un testo autobiografico racconta l&#8217;amore con gli occhi di lei","datePublished":"2012-11-21T11:46:20+00:00","dateModified":"2012-11-21T17:37:42+00:00","mainEntityOfPage":{"@id":"https:\/\/www.bellunopress.it\/2012\/11\/21\/lei-dunque-capira-venerdi-e-sabato-al-teatro-comunale-claudio-magris-con-un-testo-autobiografico-racconta-lamore-con-gli-occhi-di-lei\/"},"wordCount":376,"publisher":{"@id":"https:\/\/www.bellunopress.it\/#organization"},"image":{"@id":"https:\/\/www.bellunopress.it\/2012\/11\/21\/lei-dunque-capira-venerdi-e-sabato-al-teatro-comunale-claudio-magris-con-un-testo-autobiografico-racconta-lamore-con-gli-occhi-di-lei\/#primaryimage"},"thumbnailUrl":"http:\/\/www.bellunopress.it\/wp-content\/uploads\/2011\/04\/teatro-comunale-280x198.jpg","articleSection":["Appuntamenti, Eventi","Arte, Cultura, Spettacoli, Scienza","Pausa Caff\u00e8"],"inLanguage":"fr-FR"},{"@type":"WebPage","@id":"https:\/\/www.bellunopress.it\/2012\/11\/21\/lei-dunque-capira-venerdi-e-sabato-al-teatro-comunale-claudio-magris-con-un-testo-autobiografico-racconta-lamore-con-gli-occhi-di-lei\/","url":"https:\/\/www.bellunopress.it\/2012\/11\/21\/lei-dunque-capira-venerdi-e-sabato-al-teatro-comunale-claudio-magris-con-un-testo-autobiografico-racconta-lamore-con-gli-occhi-di-lei\/","name":"\"Lei dunque capir\u00e0\", venerd\u00ec e sabato al Teatro Comunale Claudio Magris con un testo autobiografico racconta l'amore con gli occhi di lei - Bellunopress - Dolomiti","isPartOf":{"@id":"https:\/\/www.bellunopress.it\/#website"},"primaryImageOfPage":{"@id":"https:\/\/www.bellunopress.it\/2012\/11\/21\/lei-dunque-capira-venerdi-e-sabato-al-teatro-comunale-claudio-magris-con-un-testo-autobiografico-racconta-lamore-con-gli-occhi-di-lei\/#primaryimage"},"image":{"@id":"https:\/\/www.bellunopress.it\/2012\/11\/21\/lei-dunque-capira-venerdi-e-sabato-al-teatro-comunale-claudio-magris-con-un-testo-autobiografico-racconta-lamore-con-gli-occhi-di-lei\/#primaryimage"},"thumbnailUrl":"http:\/\/www.bellunopress.it\/wp-content\/uploads\/2011\/04\/teatro-comunale-280x198.jpg","datePublished":"2012-11-21T11:46:20+00:00","dateModified":"2012-11-21T17:37:42+00:00","breadcrumb":{"@id":"https:\/\/www.bellunopress.it\/2012\/11\/21\/lei-dunque-capira-venerdi-e-sabato-al-teatro-comunale-claudio-magris-con-un-testo-autobiografico-racconta-lamore-con-gli-occhi-di-lei\/#breadcrumb"},"inLanguage":"fr-FR","potentialAction":[{"@type":"ReadAction","target":["https:\/\/www.bellunopress.it\/2012\/11\/21\/lei-dunque-capira-venerdi-e-sabato-al-teatro-comunale-claudio-magris-con-un-testo-autobiografico-racconta-lamore-con-gli-occhi-di-lei\/"]}]},{"@type":"ImageObject","inLanguage":"fr-FR","@id":"https:\/\/www.bellunopress.it\/2012\/11\/21\/lei-dunque-capira-venerdi-e-sabato-al-teatro-comunale-claudio-magris-con-un-testo-autobiografico-racconta-lamore-con-gli-occhi-di-lei\/#primaryimage","url":"http:\/\/www.bellunopress.it\/wp-content\/uploads\/2011\/04\/teatro-comunale-280x198.jpg","contentUrl":"http:\/\/www.bellunopress.it\/wp-content\/uploads\/2011\/04\/teatro-comunale-280x198.jpg"},{"@type":"BreadcrumbList","@id":"https:\/\/www.bellunopress.it\/2012\/11\/21\/lei-dunque-capira-venerdi-e-sabato-al-teatro-comunale-claudio-magris-con-un-testo-autobiografico-racconta-lamore-con-gli-occhi-di-lei\/#breadcrumb","itemListElement":[{"@type":"ListItem","position":1,"name":"Home","item":"https:\/\/www.bellunopress.it\/"},{"@type":"ListItem","position":2,"name":"&#8220;Lei dunque capir\u00e0&#8221;, venerd\u00ec e sabato al Teatro Comunale Claudio Magris con un testo autobiografico racconta l&#8217;amore con gli occhi di lei"}]},{"@type":"WebSite","@id":"https:\/\/www.bellunopress.it\/#website","url":"https:\/\/www.bellunopress.it\/","name":"Bellunopress - Dolomiti","description":"e-mail: redazione@bellunopress.it","publisher":{"@id":"https:\/\/www.bellunopress.it\/#organization"},"potentialAction":[{"@type":"SearchAction","target":{"@type":"EntryPoint","urlTemplate":"https:\/\/www.bellunopress.it\/?s={search_term_string}"},"query-input":{"@type":"PropertyValueSpecification","valueRequired":true,"valueName":"search_term_string"}}],"inLanguage":"fr-FR"},{"@type":"Organization","@id":"https:\/\/www.bellunopress.it\/#organization","name":"Bellunopress","url":"https:\/\/www.bellunopress.it\/","logo":{"@type":"ImageObject","inLanguage":"fr-FR","@id":"https:\/\/www.bellunopress.it\/#\/schema\/logo\/image\/","url":"https:\/\/www.bellunopress.it\/wp-content\/uploads\/2011\/05\/cropped-logo-bellunopress-.jpg","contentUrl":"https:\/\/www.bellunopress.it\/wp-content\/uploads\/2011\/05\/cropped-logo-bellunopress-.jpg","width":512,"height":512,"caption":"Bellunopress"},"image":{"@id":"https:\/\/www.bellunopress.it\/#\/schema\/logo\/image\/"},"sameAs":["https:\/\/www.facebook.com\/profile.php?id=100008943462799","https:\/\/x.com\/bellunopress","https:\/\/www.linkedin.com\/hp\/?dnr=JBzUWaJfMUw8vbXJJ2tVW5-I3jZKvC4wsoxE&amp;amp;amp;amp;amp;amp;trk=nav_responsive_tab_home","https:\/\/www.youtube.com\/channel\/UCxL0wu1uN0_3_7hGG0306cw"]},{"@type":"Person","@id":"https:\/\/www.bellunopress.it\/#\/schema\/person\/79bb06722b37ece1c03d3e94beb30d73","name":"r\u00e9daction","image":{"@type":"ImageObject","inLanguage":"fr-FR","@id":"https:\/\/secure.gravatar.com\/avatar\/37d968a2e67a6fd04c169c4bdef102d0bc5d31b2546345219e348575eb80e9a0?s=96&d=mm&r=g","url":"https:\/\/secure.gravatar.com\/avatar\/37d968a2e67a6fd04c169c4bdef102d0bc5d31b2546345219e348575eb80e9a0?s=96&d=mm&r=g","contentUrl":"https:\/\/secure.gravatar.com\/avatar\/37d968a2e67a6fd04c169c4bdef102d0bc5d31b2546345219e348575eb80e9a0?s=96&d=mm&r=g","caption":"redazione"},"sameAs":["http:\/\/www.bellunopress.it","https:\/\/x.com\/bellunopress"],"url":"https:\/\/www.bellunopress.it\/fr\/author\/redazione\/"}]}},"_links":{"self":[{"href":"https:\/\/www.bellunopress.it\/fr\/wp-json\/wp\/v2\/posts\/44085","targetHints":{"allow":["GET"]}}],"collection":[{"href":"https:\/\/www.bellunopress.it\/fr\/wp-json\/wp\/v2\/posts"}],"about":[{"href":"https:\/\/www.bellunopress.it\/fr\/wp-json\/wp\/v2\/types\/post"}],"author":[{"embeddable":true,"href":"https:\/\/www.bellunopress.it\/fr\/wp-json\/wp\/v2\/users\/2"}],"replies":[{"embeddable":true,"href":"https:\/\/www.bellunopress.it\/fr\/wp-json\/wp\/v2\/comments?post=44085"}],"version-history":[{"count":2,"href":"https:\/\/www.bellunopress.it\/fr\/wp-json\/wp\/v2\/posts\/44085\/revisions"}],"predecessor-version":[{"id":44102,"href":"https:\/\/www.bellunopress.it\/fr\/wp-json\/wp\/v2\/posts\/44085\/revisions\/44102"}],"wp:attachment":[{"href":"https:\/\/www.bellunopress.it\/fr\/wp-json\/wp\/v2\/media?parent=44085"}],"wp:term":[{"taxonomy":"category","embeddable":true,"href":"https:\/\/www.bellunopress.it\/fr\/wp-json\/wp\/v2\/categories?post=44085"},{"taxonomy":"post_tag","embeddable":true,"href":"https:\/\/www.bellunopress.it\/fr\/wp-json\/wp\/v2\/tags?post=44085"}],"curies":[{"name":"wp","href":"https:\/\/api.w.org\/{rel}","templated":true}]}}