{"id":44074,"date":"2012-11-21T08:05:09","date_gmt":"2012-11-21T07:05:09","guid":{"rendered":"http:\/\/www.bellunopress.it\/?p=44074"},"modified":"2012-11-21T08:05:09","modified_gmt":"2012-11-21T07:05:09","slug":"malati-sla-la-regione-stanzia-2-milioni-alle-ulss-venete","status":"publish","type":"post","link":"https:\/\/www.bellunopress.it\/fr\/2012\/11\/21\/malati-sla-la-regione-stanzia-2-milioni-alle-ulss-venete\/","title":{"rendered":"Malati Sla: la Regione stanzia 2 milioni alle Ulss venete"},"content":{"rendered":"<p><a href=\"http:\/\/www.bellunopress.it\/wp-content\/uploads\/2010\/11\/regione-veneto.bmp\"><img decoding=\"async\" class=\"alignleft size-full wp-image-21561\" title=\"regione-veneto\" src=\"http:\/\/www.bellunopress.it\/wp-content\/uploads\/2010\/11\/regione-veneto.bmp\" alt=\"\" \/><\/a>La Giunta veneta, su proposta dell\u2019Assessore regionale ai servizi sociali Remo Sernagiotto di concerto con il collega alla sanit\u00e0 Luca Coletto, ha deliberato di assegnare alle Aziende Ullss del Veneto 2 milioni di euro per interventi e contributi a favore delle persone con SLA (sclerosi laterale amiotrofica).<\/p>\n<p>\u201cIl provvedimento \u2013 afferma Sernagiotto &#8211; sar\u00e0 formalizzato con specifico decreto del dirigente regionale della direzione servizi sociali, ed \u00e8 inserito nel documento \u201cAtti di indirizzo applicativo\u201d per il trasferimento e l\u2019utilizzo delle risorse destinate al finanziamento del programma di attuazione degli interventi della Regione Veneto a favore di questi malati, come previsto dalla deliberazione regionale del dicembre 2011 e dal decreto del dirigente regionale del giugno 2012. Contestualmente \u00e8 stato approvata la scheda specifica \u2018sperimentale\u2019 per la valutazione della persona con SLA (supporto rete sociale, autonomia funzionale, classi di gravit\u00e0, fasce ISEE individuate) per l\u2019erogazione del contributo e le relative istruzioni per determinare l\u2019importo mensile da riconoscere al sostegno della persona e della famiglia\u201d.<\/p>","protected":false},"excerpt":{"rendered":"<p>La Giunta veneta, su proposta dell\u2019Assessore regionale ai servizi sociali Remo Sernagiotto di concerto con il collega alla sanit\u00e0 Luca Coletto, ha deliberato di assegnare alle Aziende Ullss del Veneto 2 milioni di euro per interventi e contributi a favore delle persone con SLA (sclerosi laterale amiotrofica). \u201cIl provvedimento \u2013 afferma Sernagiotto &#8211; sar\u00e0 formalizzato [&hellip;]<\/p>\n","protected":false},"author":2,"featured_media":0,"comment_status":"closed","ping_status":"open","sticky":false,"template":"","format":"standard","meta":{"footnotes":""},"categories":[26,17],"tags":[],"class_list":["post-44074","post","type-post","status-publish","format-standard","category-prima-pagina","category-sanita"],"yoast_head":"<!-- This site is optimized with the Yoast SEO plugin v28.4 - https:\/\/yoast.com\/product\/yoast-seo-wordpress\/ -->\n<title>Malati Sla: la Regione stanzia 2 milioni alle Ulss venete - Bellunopress - Dolomiti<\/title>\n<meta name=\"robots\" content=\"index, follow, max-snippet:-1, max-image-preview:large, max-video-preview:-1\" \/>\n<link rel=\"canonical\" href=\"https:\/\/www.bellunopress.it\/fr\/2012\/11\/21\/malati-sla-la-regione-stanzia-2-milioni-alle-ulss-venete\/\" \/>\n<meta property=\"og:locale\" content=\"fr_FR\" \/>\n<meta property=\"og:type\" content=\"article\" \/>\n<meta property=\"og:title\" content=\"Malati Sla: la Regione stanzia 2 milioni alle Ulss venete - Bellunopress - Dolomiti\" \/>\n<meta property=\"og:description\" content=\"La Giunta veneta, su proposta dell\u2019Assessore regionale ai servizi sociali Remo Sernagiotto di concerto con il collega alla sanit\u00e0 Luca Coletto, ha deliberato di assegnare alle Aziende Ullss del Veneto 2 milioni di euro per interventi e contributi a favore delle persone con SLA (sclerosi laterale amiotrofica). \u201cIl provvedimento \u2013 afferma Sernagiotto &#8211; sar\u00e0 formalizzato [&hellip;]\" \/>\n<meta property=\"og:url\" content=\"https:\/\/www.bellunopress.it\/fr\/2012\/11\/21\/malati-sla-la-regione-stanzia-2-milioni-alle-ulss-venete\/\" \/>\n<meta property=\"og:site_name\" content=\"Bellunopress - Dolomiti\" \/>\n<meta property=\"article:publisher\" content=\"https:\/\/www.facebook.com\/profile.php?id=100008943462799\" \/>\n<meta property=\"article:published_time\" content=\"2012-11-21T07:05:09+00:00\" \/>\n<meta property=\"og:image\" content=\"http:\/\/www.bellunopress.it\/wp-content\/uploads\/2010\/11\/regione-veneto.bmp\" \/>\n<meta name=\"author\" content=\"redazione\" \/>\n<meta name=\"twitter:card\" content=\"summary_large_image\" \/>\n<meta name=\"twitter:creator\" content=\"@bellunopress\" \/>\n<meta name=\"twitter:site\" content=\"@bellunopress\" \/>\n<meta name=\"twitter:label1\" content=\"\u00c9crit par\" \/>\n\t<meta name=\"twitter:data1\" content=\"redazione\" \/>\n\t<meta name=\"twitter:label2\" content=\"Dur\u00e9e de lecture estim\u00e9e\" \/>\n\t<meta name=\"twitter:data2\" content=\"1 minute\" \/>\n<script type=\"application\/ld+json\" class=\"yoast-schema-graph\">{\"@context\":\"https:\\\/\\\/schema.org\",\"@graph\":[{\"@type\":\"Article\",\"@id\":\"https:\\\/\\\/www.bellunopress.it\\\/2012\\\/11\\\/21\\\/malati-sla-la-regione-stanzia-2-milioni-alle-ulss-venete\\\/#article\",\"isPartOf\":{\"@id\":\"https:\\\/\\\/www.bellunopress.it\\\/2012\\\/11\\\/21\\\/malati-sla-la-regione-stanzia-2-milioni-alle-ulss-venete\\\/\"},\"author\":{\"name\":\"redazione\",\"@id\":\"https:\\\/\\\/www.bellunopress.it\\\/#\\\/schema\\\/person\\\/79bb06722b37ece1c03d3e94beb30d73\"},\"headline\":\"Malati Sla: la Regione stanzia 2 milioni alle Ulss venete\",\"datePublished\":\"2012-11-21T07:05:09+00:00\",\"mainEntityOfPage\":{\"@id\":\"https:\\\/\\\/www.bellunopress.it\\\/2012\\\/11\\\/21\\\/malati-sla-la-regione-stanzia-2-milioni-alle-ulss-venete\\\/\"},\"wordCount\":169,\"publisher\":{\"@id\":\"https:\\\/\\\/www.bellunopress.it\\\/#organization\"},\"image\":{\"@id\":\"https:\\\/\\\/www.bellunopress.it\\\/2012\\\/11\\\/21\\\/malati-sla-la-regione-stanzia-2-milioni-alle-ulss-venete\\\/#primaryimage\"},\"thumbnailUrl\":\"http:\\\/\\\/www.bellunopress.it\\\/wp-content\\\/uploads\\\/2010\\\/11\\\/regione-veneto.bmp\",\"articleSection\":[\"Prima Pagina\",\"Sanit\u00e0 Medicina\"],\"inLanguage\":\"fr-FR\"},{\"@type\":\"WebPage\",\"@id\":\"https:\\\/\\\/www.bellunopress.it\\\/2012\\\/11\\\/21\\\/malati-sla-la-regione-stanzia-2-milioni-alle-ulss-venete\\\/\",\"url\":\"https:\\\/\\\/www.bellunopress.it\\\/2012\\\/11\\\/21\\\/malati-sla-la-regione-stanzia-2-milioni-alle-ulss-venete\\\/\",\"name\":\"Malati Sla: la Regione stanzia 2 milioni alle Ulss venete - Bellunopress - Dolomiti\",\"isPartOf\":{\"@id\":\"https:\\\/\\\/www.bellunopress.it\\\/#website\"},\"primaryImageOfPage\":{\"@id\":\"https:\\\/\\\/www.bellunopress.it\\\/2012\\\/11\\\/21\\\/malati-sla-la-regione-stanzia-2-milioni-alle-ulss-venete\\\/#primaryimage\"},\"image\":{\"@id\":\"https:\\\/\\\/www.bellunopress.it\\\/2012\\\/11\\\/21\\\/malati-sla-la-regione-stanzia-2-milioni-alle-ulss-venete\\\/#primaryimage\"},\"thumbnailUrl\":\"http:\\\/\\\/www.bellunopress.it\\\/wp-content\\\/uploads\\\/2010\\\/11\\\/regione-veneto.bmp\",\"datePublished\":\"2012-11-21T07:05:09+00:00\",\"breadcrumb\":{\"@id\":\"https:\\\/\\\/www.bellunopress.it\\\/2012\\\/11\\\/21\\\/malati-sla-la-regione-stanzia-2-milioni-alle-ulss-venete\\\/#breadcrumb\"},\"inLanguage\":\"fr-FR\",\"potentialAction\":[{\"@type\":\"ReadAction\",\"target\":[\"https:\\\/\\\/www.bellunopress.it\\\/2012\\\/11\\\/21\\\/malati-sla-la-regione-stanzia-2-milioni-alle-ulss-venete\\\/\"]}]},{\"@type\":\"ImageObject\",\"inLanguage\":\"fr-FR\",\"@id\":\"https:\\\/\\\/www.bellunopress.it\\\/2012\\\/11\\\/21\\\/malati-sla-la-regione-stanzia-2-milioni-alle-ulss-venete\\\/#primaryimage\",\"url\":\"http:\\\/\\\/www.bellunopress.it\\\/wp-content\\\/uploads\\\/2010\\\/11\\\/regione-veneto.bmp\",\"contentUrl\":\"http:\\\/\\\/www.bellunopress.it\\\/wp-content\\\/uploads\\\/2010\\\/11\\\/regione-veneto.bmp\"},{\"@type\":\"BreadcrumbList\",\"@id\":\"https:\\\/\\\/www.bellunopress.it\\\/2012\\\/11\\\/21\\\/malati-sla-la-regione-stanzia-2-milioni-alle-ulss-venete\\\/#breadcrumb\",\"itemListElement\":[{\"@type\":\"ListItem\",\"position\":1,\"name\":\"Home\",\"item\":\"https:\\\/\\\/www.bellunopress.it\\\/\"},{\"@type\":\"ListItem\",\"position\":2,\"name\":\"Malati Sla: la Regione stanzia 2 milioni alle Ulss venete\"}]},{\"@type\":\"WebSite\",\"@id\":\"https:\\\/\\\/www.bellunopress.it\\\/#website\",\"url\":\"https:\\\/\\\/www.bellunopress.it\\\/\",\"name\":\"Bellunopress - Dolomiti\",\"description\":\"e-mail: redazione@bellunopress.it\",\"publisher\":{\"@id\":\"https:\\\/\\\/www.bellunopress.it\\\/#organization\"},\"potentialAction\":[{\"@type\":\"SearchAction\",\"target\":{\"@type\":\"EntryPoint\",\"urlTemplate\":\"https:\\\/\\\/www.bellunopress.it\\\/?s={search_term_string}\"},\"query-input\":{\"@type\":\"PropertyValueSpecification\",\"valueRequired\":true,\"valueName\":\"search_term_string\"}}],\"inLanguage\":\"fr-FR\"},{\"@type\":\"Organization\",\"@id\":\"https:\\\/\\\/www.bellunopress.it\\\/#organization\",\"name\":\"Bellunopress\",\"url\":\"https:\\\/\\\/www.bellunopress.it\\\/\",\"logo\":{\"@type\":\"ImageObject\",\"inLanguage\":\"fr-FR\",\"@id\":\"https:\\\/\\\/www.bellunopress.it\\\/#\\\/schema\\\/logo\\\/image\\\/\",\"url\":\"https:\\\/\\\/www.bellunopress.it\\\/wp-content\\\/uploads\\\/2011\\\/05\\\/cropped-logo-bellunopress-.jpg\",\"contentUrl\":\"https:\\\/\\\/www.bellunopress.it\\\/wp-content\\\/uploads\\\/2011\\\/05\\\/cropped-logo-bellunopress-.jpg\",\"width\":512,\"height\":512,\"caption\":\"Bellunopress\"},\"image\":{\"@id\":\"https:\\\/\\\/www.bellunopress.it\\\/#\\\/schema\\\/logo\\\/image\\\/\"},\"sameAs\":[\"https:\\\/\\\/www.facebook.com\\\/profile.php?id=100008943462799\",\"https:\\\/\\\/x.com\\\/bellunopress\",\"https:\\\/\\\/www.linkedin.com\\\/hp\\\/?dnr=JBzUWaJfMUw8vbXJJ2tVW5-I3jZKvC4wsoxE&amp;amp;amp;amp;amp;amp;trk=nav_responsive_tab_home\",\"https:\\\/\\\/www.youtube.com\\\/channel\\\/UCxL0wu1uN0_3_7hGG0306cw\"]},{\"@type\":\"Person\",\"@id\":\"https:\\\/\\\/www.bellunopress.it\\\/#\\\/schema\\\/person\\\/79bb06722b37ece1c03d3e94beb30d73\",\"name\":\"redazione\",\"image\":{\"@type\":\"ImageObject\",\"inLanguage\":\"fr-FR\",\"@id\":\"https:\\\/\\\/secure.gravatar.com\\\/avatar\\\/37d968a2e67a6fd04c169c4bdef102d0bc5d31b2546345219e348575eb80e9a0?s=96&d=mm&r=g\",\"url\":\"https:\\\/\\\/secure.gravatar.com\\\/avatar\\\/37d968a2e67a6fd04c169c4bdef102d0bc5d31b2546345219e348575eb80e9a0?s=96&d=mm&r=g\",\"contentUrl\":\"https:\\\/\\\/secure.gravatar.com\\\/avatar\\\/37d968a2e67a6fd04c169c4bdef102d0bc5d31b2546345219e348575eb80e9a0?s=96&d=mm&r=g\",\"caption\":\"redazione\"},\"sameAs\":[\"http:\\\/\\\/www.bellunopress.it\",\"https:\\\/\\\/x.com\\\/bellunopress\"],\"url\":\"https:\\\/\\\/www.bellunopress.it\\\/fr\\\/author\\\/redazione\\\/\"}]}<\/script>\n<!-- \/ Yoast SEO plugin. -->","yoast_head_json":{"title":"Malati Sla: la Regione stanzia 2 milioni alle Ulss venete - Bellunopress - Dolomiti","robots":{"index":"index","follow":"follow","max-snippet":"max-snippet:-1","max-image-preview":"max-image-preview:large","max-video-preview":"max-video-preview:-1"},"canonical":"https:\/\/www.bellunopress.it\/fr\/2012\/11\/21\/malati-sla-la-regione-stanzia-2-milioni-alle-ulss-venete\/","og_locale":"fr_FR","og_type":"article","og_title":"Malati Sla: la Regione stanzia 2 milioni alle Ulss venete - Bellunopress - Dolomiti","og_description":"La Giunta veneta, su proposta dell\u2019Assessore regionale ai servizi sociali Remo Sernagiotto di concerto con il collega alla sanit\u00e0 Luca Coletto, ha deliberato di assegnare alle Aziende Ullss del Veneto 2 milioni di euro per interventi e contributi a favore delle persone con SLA (sclerosi laterale amiotrofica). \u201cIl provvedimento \u2013 afferma Sernagiotto &#8211; sar\u00e0 formalizzato [&hellip;]","og_url":"https:\/\/www.bellunopress.it\/fr\/2012\/11\/21\/malati-sla-la-regione-stanzia-2-milioni-alle-ulss-venete\/","og_site_name":"Bellunopress - Dolomiti","article_publisher":"https:\/\/www.facebook.com\/profile.php?id=100008943462799","article_published_time":"2012-11-21T07:05:09+00:00","og_image":[{"url":"http:\/\/www.bellunopress.it\/wp-content\/uploads\/2010\/11\/regione-veneto.bmp","type":"","width":"","height":""}],"author":"redazione","twitter_card":"summary_large_image","twitter_creator":"@bellunopress","twitter_site":"@bellunopress","twitter_misc":{"\u00c9crit par":"redazione","Dur\u00e9e de lecture estim\u00e9e":"1 minute"},"schema":{"@context":"https:\/\/schema.org","@graph":[{"@type":"Article","@id":"https:\/\/www.bellunopress.it\/2012\/11\/21\/malati-sla-la-regione-stanzia-2-milioni-alle-ulss-venete\/#article","isPartOf":{"@id":"https:\/\/www.bellunopress.it\/2012\/11\/21\/malati-sla-la-regione-stanzia-2-milioni-alle-ulss-venete\/"},"author":{"name":"redazione","@id":"https:\/\/www.bellunopress.it\/#\/schema\/person\/79bb06722b37ece1c03d3e94beb30d73"},"headline":"Malati Sla: la Regione stanzia 2 milioni alle Ulss venete","datePublished":"2012-11-21T07:05:09+00:00","mainEntityOfPage":{"@id":"https:\/\/www.bellunopress.it\/2012\/11\/21\/malati-sla-la-regione-stanzia-2-milioni-alle-ulss-venete\/"},"wordCount":169,"publisher":{"@id":"https:\/\/www.bellunopress.it\/#organization"},"image":{"@id":"https:\/\/www.bellunopress.it\/2012\/11\/21\/malati-sla-la-regione-stanzia-2-milioni-alle-ulss-venete\/#primaryimage"},"thumbnailUrl":"http:\/\/www.bellunopress.it\/wp-content\/uploads\/2010\/11\/regione-veneto.bmp","articleSection":["Prima Pagina","Sanit\u00e0 Medicina"],"inLanguage":"fr-FR"},{"@type":"WebPage","@id":"https:\/\/www.bellunopress.it\/2012\/11\/21\/malati-sla-la-regione-stanzia-2-milioni-alle-ulss-venete\/","url":"https:\/\/www.bellunopress.it\/2012\/11\/21\/malati-sla-la-regione-stanzia-2-milioni-alle-ulss-venete\/","name":"Malati Sla: la Regione stanzia 2 milioni alle Ulss venete - Bellunopress - Dolomiti","isPartOf":{"@id":"https:\/\/www.bellunopress.it\/#website"},"primaryImageOfPage":{"@id":"https:\/\/www.bellunopress.it\/2012\/11\/21\/malati-sla-la-regione-stanzia-2-milioni-alle-ulss-venete\/#primaryimage"},"image":{"@id":"https:\/\/www.bellunopress.it\/2012\/11\/21\/malati-sla-la-regione-stanzia-2-milioni-alle-ulss-venete\/#primaryimage"},"thumbnailUrl":"http:\/\/www.bellunopress.it\/wp-content\/uploads\/2010\/11\/regione-veneto.bmp","datePublished":"2012-11-21T07:05:09+00:00","breadcrumb":{"@id":"https:\/\/www.bellunopress.it\/2012\/11\/21\/malati-sla-la-regione-stanzia-2-milioni-alle-ulss-venete\/#breadcrumb"},"inLanguage":"fr-FR","potentialAction":[{"@type":"ReadAction","target":["https:\/\/www.bellunopress.it\/2012\/11\/21\/malati-sla-la-regione-stanzia-2-milioni-alle-ulss-venete\/"]}]},{"@type":"ImageObject","inLanguage":"fr-FR","@id":"https:\/\/www.bellunopress.it\/2012\/11\/21\/malati-sla-la-regione-stanzia-2-milioni-alle-ulss-venete\/#primaryimage","url":"http:\/\/www.bellunopress.it\/wp-content\/uploads\/2010\/11\/regione-veneto.bmp","contentUrl":"http:\/\/www.bellunopress.it\/wp-content\/uploads\/2010\/11\/regione-veneto.bmp"},{"@type":"BreadcrumbList","@id":"https:\/\/www.bellunopress.it\/2012\/11\/21\/malati-sla-la-regione-stanzia-2-milioni-alle-ulss-venete\/#breadcrumb","itemListElement":[{"@type":"ListItem","position":1,"name":"Home","item":"https:\/\/www.bellunopress.it\/"},{"@type":"ListItem","position":2,"name":"Malati Sla: la Regione stanzia 2 milioni alle Ulss venete"}]},{"@type":"WebSite","@id":"https:\/\/www.bellunopress.it\/#website","url":"https:\/\/www.bellunopress.it\/","name":"Bellunopress - Dolomiti","description":"e-mail: redazione@bellunopress.it","publisher":{"@id":"https:\/\/www.bellunopress.it\/#organization"},"potentialAction":[{"@type":"SearchAction","target":{"@type":"EntryPoint","urlTemplate":"https:\/\/www.bellunopress.it\/?s={search_term_string}"},"query-input":{"@type":"PropertyValueSpecification","valueRequired":true,"valueName":"search_term_string"}}],"inLanguage":"fr-FR"},{"@type":"Organization","@id":"https:\/\/www.bellunopress.it\/#organization","name":"Bellunopress","url":"https:\/\/www.bellunopress.it\/","logo":{"@type":"ImageObject","inLanguage":"fr-FR","@id":"https:\/\/www.bellunopress.it\/#\/schema\/logo\/image\/","url":"https:\/\/www.bellunopress.it\/wp-content\/uploads\/2011\/05\/cropped-logo-bellunopress-.jpg","contentUrl":"https:\/\/www.bellunopress.it\/wp-content\/uploads\/2011\/05\/cropped-logo-bellunopress-.jpg","width":512,"height":512,"caption":"Bellunopress"},"image":{"@id":"https:\/\/www.bellunopress.it\/#\/schema\/logo\/image\/"},"sameAs":["https:\/\/www.facebook.com\/profile.php?id=100008943462799","https:\/\/x.com\/bellunopress","https:\/\/www.linkedin.com\/hp\/?dnr=JBzUWaJfMUw8vbXJJ2tVW5-I3jZKvC4wsoxE&amp;amp;amp;amp;amp;amp;trk=nav_responsive_tab_home","https:\/\/www.youtube.com\/channel\/UCxL0wu1uN0_3_7hGG0306cw"]},{"@type":"Person","@id":"https:\/\/www.bellunopress.it\/#\/schema\/person\/79bb06722b37ece1c03d3e94beb30d73","name":"r\u00e9daction","image":{"@type":"ImageObject","inLanguage":"fr-FR","@id":"https:\/\/secure.gravatar.com\/avatar\/37d968a2e67a6fd04c169c4bdef102d0bc5d31b2546345219e348575eb80e9a0?s=96&d=mm&r=g","url":"https:\/\/secure.gravatar.com\/avatar\/37d968a2e67a6fd04c169c4bdef102d0bc5d31b2546345219e348575eb80e9a0?s=96&d=mm&r=g","contentUrl":"https:\/\/secure.gravatar.com\/avatar\/37d968a2e67a6fd04c169c4bdef102d0bc5d31b2546345219e348575eb80e9a0?s=96&d=mm&r=g","caption":"redazione"},"sameAs":["http:\/\/www.bellunopress.it","https:\/\/x.com\/bellunopress"],"url":"https:\/\/www.bellunopress.it\/fr\/author\/redazione\/"}]}},"_links":{"self":[{"href":"https:\/\/www.bellunopress.it\/fr\/wp-json\/wp\/v2\/posts\/44074","targetHints":{"allow":["GET"]}}],"collection":[{"href":"https:\/\/www.bellunopress.it\/fr\/wp-json\/wp\/v2\/posts"}],"about":[{"href":"https:\/\/www.bellunopress.it\/fr\/wp-json\/wp\/v2\/types\/post"}],"author":[{"embeddable":true,"href":"https:\/\/www.bellunopress.it\/fr\/wp-json\/wp\/v2\/users\/2"}],"replies":[{"embeddable":true,"href":"https:\/\/www.bellunopress.it\/fr\/wp-json\/wp\/v2\/comments?post=44074"}],"version-history":[{"count":1,"href":"https:\/\/www.bellunopress.it\/fr\/wp-json\/wp\/v2\/posts\/44074\/revisions"}],"predecessor-version":[{"id":44075,"href":"https:\/\/www.bellunopress.it\/fr\/wp-json\/wp\/v2\/posts\/44074\/revisions\/44075"}],"wp:attachment":[{"href":"https:\/\/www.bellunopress.it\/fr\/wp-json\/wp\/v2\/media?parent=44074"}],"wp:term":[{"taxonomy":"category","embeddable":true,"href":"https:\/\/www.bellunopress.it\/fr\/wp-json\/wp\/v2\/categories?post=44074"},{"taxonomy":"post_tag","embeddable":true,"href":"https:\/\/www.bellunopress.it\/fr\/wp-json\/wp\/v2\/tags?post=44074"}],"curies":[{"name":"wp","href":"https:\/\/api.w.org\/{rel}","templated":true}]}}