{"id":44072,"date":"2012-11-20T21:41:52","date_gmt":"2012-11-20T20:41:52","guid":{"rendered":"http:\/\/www.bellunopress.it\/?p=44072"},"modified":"2012-11-20T21:41:52","modified_gmt":"2012-11-20T20:41:52","slug":"cerco-lavoro-117","status":"publish","type":"post","link":"https:\/\/www.bellunopress.it\/fr\/2012\/11\/20\/cerco-lavoro-117\/","title":{"rendered":"Cerco lavoro"},"content":{"rendered":"<p><a href=\"http:\/\/www.bellunopress.it\/wp-content\/uploads\/2010\/12\/informagiovani.gif\"><img loading=\"lazy\" decoding=\"async\" class=\"alignleft size-full wp-image-22271\" title=\"informagiovani\" src=\"http:\/\/www.bellunopress.it\/wp-content\/uploads\/2010\/12\/informagiovani.gif\" alt=\"\" width=\"150\" height=\"120\" \/><\/a>In collaborazione con l&#8217;ufficio Informagiovani del Comune di Belluno, pubblichiamo l&#8217;aggiornamento settimanale dei concorsi pubblici e dei bandi di mobilit\u00e0.<\/p>\n<p>COMUNIT\u00c0 MONTANA FELTRINA (COMUNE DI QUERO)<\/p>\n<p>Bando di concorso pubblico per la costituzione di un rapporto di lavoro a tempo indeterminato a tempo pieno, profilo: Istruttore tecnico &#8211; categoria C1 da assegnare al Servizio Tecnico Lavori Pubblici presso il comune di Quero (BL).<\/p>\n<p>Requisiti specifici: diploma di geometra o perito edile, o titolo equipollente. Sono considerati titoli assorbenti il diploma richiesto e in quanto tali titoli validi per l&#8217;ammissione: laurea in ingegneria o laurea in architettura; patente di guida cat. B.<\/p>\n<p>Scadenza: entro le ore 12 del 26 novembre 2012.<\/p>\n<p>&nbsp;<\/p>\n<p>COMUNE DI AURONZO DI CADORE (BL)<\/p>\n<p>Avviso per il conferimento del posto di Responsabile del Settore Tecnico \u2013 cat. D \u2013 pos. economica D3 con rapporto di lavoro a tempo determinato della durata di cinque anni.<\/p>\n<p>Requisiti specifici: possesso del diploma di laurea di ingegneria civile o architettura e abilitazione professionale.<\/p>\n<p>Scadenza: entro le ore 12.30 del 10 dicembre 2012.<\/p>\n<p>&nbsp;<\/p>\n<p>COMUNE DI CASTELLAVAZZO (BL)<\/p>\n<p>Avviso pubblico per la selezione, per titoli e capacit\u00e0 professionale, di un professionista da incaricare per l&#8217;avvio del progetto &#8220;Mini Rete Museale PM&#8221;<\/p>\n<p>Requisiti specifici:<\/p>\n<p>&nbsp;<\/p>\n<p>COMUNE DI FELTRE (BL)<\/p>\n<p>1) Avviso per il conferimento del posto di Dirigente dell&#8217;Unita&#8217; di progetto &#8220;Pianificazione del territorio&#8221; \u2013 con rapporto di lavoro di diritto pubblico ed a tempo determinato.<\/p>\n<p>Requisiti specifici: laurea del vecchio ordinamento in Ingegneria civile, in Ingegneria edile, in Architettura, in Pianificazione territoriale, urbanistica e ambientale (ordinamento previgente al DM 509\/99); &#8211; laurea specialistica delle classi: 28\/S &#8220;Ingegneria civile&#8221; \u2013 4\/S &#8220;Architettura e ingegneria edile&#8221;- 54\/S &#8220;Pianificazione territoriale urbanistica e ambientale&#8221; &#8211; 3\/S Architettura del paesaggio (ordinamento DM 509\/99); &#8211; laurea magistrale delle classi: LM-23 &#8220;Ingegneria civile&#8221; \u2013 LM-24 &#8220;Ingegneria dei sistemi edilizi&#8221; \u2013 LM-26 &#8220;Ingegneria della sicurezza&#8221; \u2013 LM-4 &#8220;Architettura e ingegneria edile &#8211; architettura&#8221; \u2013 LM-48 &#8220;Pianificazione territoriale urbanistica e ambientale&#8221; &#8211; LM 3 Architettura del paesaggio (ordinamento DM 270\/2004). Si veda il decreto interministeriale del 09\/07\/2009 di equiparazione tra lauree di vecchio Servizio ordinamento, lauree specialistiche e lauree magistrali ai fini della partecipazione ai concorsi pubblici). Non sono ammessi titoli equipollenti e le lauree triennali. Il possesso dell&#8217;abilitazione professionale; c) il possesso di comprovata qualificazione personale, risultante da curriculum e in particolare: &#8211; aver svolto attivit\u00e0 in Enti pubblici o privati, o aziende pubbliche o private con esperienza<\/p>\n<p>acquisita per almeno 5 anni in funzioni corrispondenti per contenuto alla categoria D;<\/p>\n<p>&#8211; oppure aver maturato esperienza professionale, in quanto gi\u00e0 dirigente di ente pubblico o azienda privata da almeno 3 anni; &#8211; oppure aver conseguito una particolare specializzazione professionale, culturale, scientifica desumibile dalla formazione universitaria e post universitaria da pubblicazioni scientifiche; &#8211; oppure 5 anni di esercizio professionale con iscrizione ai relativi albi professionali.<\/p>\n<p>Scadenza: entro il 26 novembre 2012.<\/p>\n<p>&nbsp;<\/p>\n<p>AVVISI DI MOBILITA&#8217;<\/p>\n<p>&nbsp;<\/p>\n<p>COMUNE DI ALANO DI PIAVE (BL)<\/p>\n<p>Avviso di mobilita&#8217; esterna per la copertura di n. 1 posto a tempo pieno e indeterminato di Collaboratore Professionale &#8211; Operaio generico &#8211; Area Tecnica, categoria B &#8211; del c.c.n.l. comparto regioni &#8211; enti locali.<\/p>\n<p>Requisiti specifici: diploma di scuola secondaria di secondo grado con diploma di qualifica triennale o quinquennale e la patente di tipo C.<\/p>\n<p>&nbsp;<\/p>\n<p>COMUNE DI FELTRE (BL)<\/p>\n<p>Avviso di mobilita&#8217; esterna per la copertura di n. 1 posto di Istruttore Amministrativo\/Contabile \u2013 Cat. C \u2013 posizione economica C1 \u2013 CCNL Regioni ed Autonomie Locali &#8211; (da assegnare al Settore Economico Finanziario \u2013 Unit\u00e0 Organizzativa Tributi), ai sensi dell&#8217;art. 30 &#8211; comma 2\/bis del D.Lgs. 165\/2001.<\/p>\n<p>Requisiti specifici, oltre all&#8217;inquadramento nel medesimo profilo professionale in un ente pubblico: diploma di istruzione di scuola media superiore (diploma di maturit\u00e0) con corso di studi quinquennale.<\/p>\n<p>Scadenza: 24 novembre 2012<\/p>\n<p>&nbsp;<\/p>","protected":false},"excerpt":{"rendered":"<p>In collaborazione con l&#8217;ufficio Informagiovani del Comune di Belluno, pubblichiamo l&#8217;aggiornamento settimanale dei concorsi pubblici e dei bandi di mobilit\u00e0. COMUNIT\u00c0 MONTANA FELTRINA (COMUNE DI QUERO) Bando di concorso pubblico per la costituzione di un rapporto di lavoro a tempo indeterminato a tempo pieno, profilo: Istruttore tecnico &#8211; categoria C1 da assegnare al Servizio Tecnico [&hellip;]<\/p>\n","protected":false},"author":2,"featured_media":0,"comment_status":"closed","ping_status":"open","sticky":false,"template":"","format":"standard","meta":{"footnotes":""},"categories":[36,26],"tags":[],"class_list":["post-44072","post","type-post","status-publish","format-standard","category-lavoro-economia","category-prima-pagina"],"yoast_head":"<!-- This site is optimized with the Yoast SEO plugin v28.4 - https:\/\/yoast.com\/product\/yoast-seo-wordpress\/ -->\n<title>Cerco lavoro - Bellunopress - Dolomiti<\/title>\n<meta name=\"robots\" content=\"index, follow, max-snippet:-1, max-image-preview:large, max-video-preview:-1\" \/>\n<link rel=\"canonical\" href=\"https:\/\/www.bellunopress.it\/fr\/2012\/11\/20\/cerco-lavoro-117\/\" \/>\n<meta property=\"og:locale\" content=\"fr_FR\" \/>\n<meta property=\"og:type\" content=\"article\" \/>\n<meta property=\"og:title\" content=\"Cerco lavoro - Bellunopress - Dolomiti\" \/>\n<meta property=\"og:description\" content=\"In collaborazione con l&#8217;ufficio Informagiovani del Comune di Belluno, pubblichiamo l&#8217;aggiornamento settimanale dei concorsi pubblici e dei bandi di mobilit\u00e0. COMUNIT\u00c0 MONTANA FELTRINA (COMUNE DI QUERO) Bando di concorso pubblico per la costituzione di un rapporto di lavoro a tempo indeterminato a tempo pieno, profilo: Istruttore tecnico &#8211; categoria C1 da assegnare al Servizio Tecnico [&hellip;]\" \/>\n<meta property=\"og:url\" content=\"https:\/\/www.bellunopress.it\/fr\/2012\/11\/20\/cerco-lavoro-117\/\" \/>\n<meta property=\"og:site_name\" content=\"Bellunopress - Dolomiti\" \/>\n<meta property=\"article:publisher\" content=\"https:\/\/www.facebook.com\/profile.php?id=100008943462799\" \/>\n<meta property=\"article:published_time\" content=\"2012-11-20T20:41:52+00:00\" \/>\n<meta property=\"og:image\" content=\"http:\/\/www.bellunopress.it\/wp-content\/uploads\/2010\/12\/informagiovani.gif\" \/>\n<meta name=\"author\" content=\"redazione\" \/>\n<meta name=\"twitter:card\" content=\"summary_large_image\" \/>\n<meta name=\"twitter:creator\" content=\"@bellunopress\" \/>\n<meta name=\"twitter:site\" content=\"@bellunopress\" \/>\n<meta name=\"twitter:label1\" content=\"\u00c9crit par\" \/>\n\t<meta name=\"twitter:data1\" content=\"redazione\" \/>\n\t<meta name=\"twitter:label2\" content=\"Dur\u00e9e de lecture estim\u00e9e\" \/>\n\t<meta name=\"twitter:data2\" content=\"3 minutes\" \/>\n<script type=\"application\/ld+json\" class=\"yoast-schema-graph\">{\"@context\":\"https:\\\/\\\/schema.org\",\"@graph\":[{\"@type\":\"Article\",\"@id\":\"https:\\\/\\\/www.bellunopress.it\\\/2012\\\/11\\\/20\\\/cerco-lavoro-117\\\/#article\",\"isPartOf\":{\"@id\":\"https:\\\/\\\/www.bellunopress.it\\\/2012\\\/11\\\/20\\\/cerco-lavoro-117\\\/\"},\"author\":{\"name\":\"redazione\",\"@id\":\"https:\\\/\\\/www.bellunopress.it\\\/#\\\/schema\\\/person\\\/79bb06722b37ece1c03d3e94beb30d73\"},\"headline\":\"Cerco lavoro\",\"datePublished\":\"2012-11-20T20:41:52+00:00\",\"mainEntityOfPage\":{\"@id\":\"https:\\\/\\\/www.bellunopress.it\\\/2012\\\/11\\\/20\\\/cerco-lavoro-117\\\/\"},\"wordCount\":604,\"publisher\":{\"@id\":\"https:\\\/\\\/www.bellunopress.it\\\/#organization\"},\"image\":{\"@id\":\"https:\\\/\\\/www.bellunopress.it\\\/2012\\\/11\\\/20\\\/cerco-lavoro-117\\\/#primaryimage\"},\"thumbnailUrl\":\"http:\\\/\\\/www.bellunopress.it\\\/wp-content\\\/uploads\\\/2010\\\/12\\\/informagiovani.gif\",\"articleSection\":[\"Lavoro, Economia, Turismo\",\"Prima Pagina\"],\"inLanguage\":\"fr-FR\"},{\"@type\":\"WebPage\",\"@id\":\"https:\\\/\\\/www.bellunopress.it\\\/2012\\\/11\\\/20\\\/cerco-lavoro-117\\\/\",\"url\":\"https:\\\/\\\/www.bellunopress.it\\\/2012\\\/11\\\/20\\\/cerco-lavoro-117\\\/\",\"name\":\"Cerco lavoro - Bellunopress - Dolomiti\",\"isPartOf\":{\"@id\":\"https:\\\/\\\/www.bellunopress.it\\\/#website\"},\"primaryImageOfPage\":{\"@id\":\"https:\\\/\\\/www.bellunopress.it\\\/2012\\\/11\\\/20\\\/cerco-lavoro-117\\\/#primaryimage\"},\"image\":{\"@id\":\"https:\\\/\\\/www.bellunopress.it\\\/2012\\\/11\\\/20\\\/cerco-lavoro-117\\\/#primaryimage\"},\"thumbnailUrl\":\"http:\\\/\\\/www.bellunopress.it\\\/wp-content\\\/uploads\\\/2010\\\/12\\\/informagiovani.gif\",\"datePublished\":\"2012-11-20T20:41:52+00:00\",\"breadcrumb\":{\"@id\":\"https:\\\/\\\/www.bellunopress.it\\\/2012\\\/11\\\/20\\\/cerco-lavoro-117\\\/#breadcrumb\"},\"inLanguage\":\"fr-FR\",\"potentialAction\":[{\"@type\":\"ReadAction\",\"target\":[\"https:\\\/\\\/www.bellunopress.it\\\/2012\\\/11\\\/20\\\/cerco-lavoro-117\\\/\"]}]},{\"@type\":\"ImageObject\",\"inLanguage\":\"fr-FR\",\"@id\":\"https:\\\/\\\/www.bellunopress.it\\\/2012\\\/11\\\/20\\\/cerco-lavoro-117\\\/#primaryimage\",\"url\":\"http:\\\/\\\/www.bellunopress.it\\\/wp-content\\\/uploads\\\/2010\\\/12\\\/informagiovani.gif\",\"contentUrl\":\"http:\\\/\\\/www.bellunopress.it\\\/wp-content\\\/uploads\\\/2010\\\/12\\\/informagiovani.gif\"},{\"@type\":\"BreadcrumbList\",\"@id\":\"https:\\\/\\\/www.bellunopress.it\\\/2012\\\/11\\\/20\\\/cerco-lavoro-117\\\/#breadcrumb\",\"itemListElement\":[{\"@type\":\"ListItem\",\"position\":1,\"name\":\"Home\",\"item\":\"https:\\\/\\\/www.bellunopress.it\\\/\"},{\"@type\":\"ListItem\",\"position\":2,\"name\":\"Cerco lavoro\"}]},{\"@type\":\"WebSite\",\"@id\":\"https:\\\/\\\/www.bellunopress.it\\\/#website\",\"url\":\"https:\\\/\\\/www.bellunopress.it\\\/\",\"name\":\"Bellunopress - Dolomiti\",\"description\":\"e-mail: redazione@bellunopress.it\",\"publisher\":{\"@id\":\"https:\\\/\\\/www.bellunopress.it\\\/#organization\"},\"potentialAction\":[{\"@type\":\"SearchAction\",\"target\":{\"@type\":\"EntryPoint\",\"urlTemplate\":\"https:\\\/\\\/www.bellunopress.it\\\/?s={search_term_string}\"},\"query-input\":{\"@type\":\"PropertyValueSpecification\",\"valueRequired\":true,\"valueName\":\"search_term_string\"}}],\"inLanguage\":\"fr-FR\"},{\"@type\":\"Organization\",\"@id\":\"https:\\\/\\\/www.bellunopress.it\\\/#organization\",\"name\":\"Bellunopress\",\"url\":\"https:\\\/\\\/www.bellunopress.it\\\/\",\"logo\":{\"@type\":\"ImageObject\",\"inLanguage\":\"fr-FR\",\"@id\":\"https:\\\/\\\/www.bellunopress.it\\\/#\\\/schema\\\/logo\\\/image\\\/\",\"url\":\"https:\\\/\\\/www.bellunopress.it\\\/wp-content\\\/uploads\\\/2011\\\/05\\\/cropped-logo-bellunopress-.jpg\",\"contentUrl\":\"https:\\\/\\\/www.bellunopress.it\\\/wp-content\\\/uploads\\\/2011\\\/05\\\/cropped-logo-bellunopress-.jpg\",\"width\":512,\"height\":512,\"caption\":\"Bellunopress\"},\"image\":{\"@id\":\"https:\\\/\\\/www.bellunopress.it\\\/#\\\/schema\\\/logo\\\/image\\\/\"},\"sameAs\":[\"https:\\\/\\\/www.facebook.com\\\/profile.php?id=100008943462799\",\"https:\\\/\\\/x.com\\\/bellunopress\",\"https:\\\/\\\/www.linkedin.com\\\/hp\\\/?dnr=JBzUWaJfMUw8vbXJJ2tVW5-I3jZKvC4wsoxE&amp;amp;amp;amp;amp;amp;trk=nav_responsive_tab_home\",\"https:\\\/\\\/www.youtube.com\\\/channel\\\/UCxL0wu1uN0_3_7hGG0306cw\"]},{\"@type\":\"Person\",\"@id\":\"https:\\\/\\\/www.bellunopress.it\\\/#\\\/schema\\\/person\\\/79bb06722b37ece1c03d3e94beb30d73\",\"name\":\"redazione\",\"image\":{\"@type\":\"ImageObject\",\"inLanguage\":\"fr-FR\",\"@id\":\"https:\\\/\\\/secure.gravatar.com\\\/avatar\\\/37d968a2e67a6fd04c169c4bdef102d0bc5d31b2546345219e348575eb80e9a0?s=96&d=mm&r=g\",\"url\":\"https:\\\/\\\/secure.gravatar.com\\\/avatar\\\/37d968a2e67a6fd04c169c4bdef102d0bc5d31b2546345219e348575eb80e9a0?s=96&d=mm&r=g\",\"contentUrl\":\"https:\\\/\\\/secure.gravatar.com\\\/avatar\\\/37d968a2e67a6fd04c169c4bdef102d0bc5d31b2546345219e348575eb80e9a0?s=96&d=mm&r=g\",\"caption\":\"redazione\"},\"sameAs\":[\"http:\\\/\\\/www.bellunopress.it\",\"https:\\\/\\\/x.com\\\/bellunopress\"],\"url\":\"https:\\\/\\\/www.bellunopress.it\\\/fr\\\/author\\\/redazione\\\/\"}]}<\/script>\n<!-- \/ Yoast SEO plugin. -->","yoast_head_json":{"title":"Cerco lavoro - Bellunopress - Dolomiti","robots":{"index":"index","follow":"follow","max-snippet":"max-snippet:-1","max-image-preview":"max-image-preview:large","max-video-preview":"max-video-preview:-1"},"canonical":"https:\/\/www.bellunopress.it\/fr\/2012\/11\/20\/cerco-lavoro-117\/","og_locale":"fr_FR","og_type":"article","og_title":"Cerco lavoro - Bellunopress - Dolomiti","og_description":"In collaborazione con l&#8217;ufficio Informagiovani del Comune di Belluno, pubblichiamo l&#8217;aggiornamento settimanale dei concorsi pubblici e dei bandi di mobilit\u00e0. COMUNIT\u00c0 MONTANA FELTRINA (COMUNE DI QUERO) Bando di concorso pubblico per la costituzione di un rapporto di lavoro a tempo indeterminato a tempo pieno, profilo: Istruttore tecnico &#8211; categoria C1 da assegnare al Servizio Tecnico [&hellip;]","og_url":"https:\/\/www.bellunopress.it\/fr\/2012\/11\/20\/cerco-lavoro-117\/","og_site_name":"Bellunopress - Dolomiti","article_publisher":"https:\/\/www.facebook.com\/profile.php?id=100008943462799","article_published_time":"2012-11-20T20:41:52+00:00","og_image":[{"url":"http:\/\/www.bellunopress.it\/wp-content\/uploads\/2010\/12\/informagiovani.gif","type":"","width":"","height":""}],"author":"redazione","twitter_card":"summary_large_image","twitter_creator":"@bellunopress","twitter_site":"@bellunopress","twitter_misc":{"\u00c9crit par":"redazione","Dur\u00e9e de lecture estim\u00e9e":"3 minutes"},"schema":{"@context":"https:\/\/schema.org","@graph":[{"@type":"Article","@id":"https:\/\/www.bellunopress.it\/2012\/11\/20\/cerco-lavoro-117\/#article","isPartOf":{"@id":"https:\/\/www.bellunopress.it\/2012\/11\/20\/cerco-lavoro-117\/"},"author":{"name":"redazione","@id":"https:\/\/www.bellunopress.it\/#\/schema\/person\/79bb06722b37ece1c03d3e94beb30d73"},"headline":"Cerco lavoro","datePublished":"2012-11-20T20:41:52+00:00","mainEntityOfPage":{"@id":"https:\/\/www.bellunopress.it\/2012\/11\/20\/cerco-lavoro-117\/"},"wordCount":604,"publisher":{"@id":"https:\/\/www.bellunopress.it\/#organization"},"image":{"@id":"https:\/\/www.bellunopress.it\/2012\/11\/20\/cerco-lavoro-117\/#primaryimage"},"thumbnailUrl":"http:\/\/www.bellunopress.it\/wp-content\/uploads\/2010\/12\/informagiovani.gif","articleSection":["Lavoro, Economia, Turismo","Prima Pagina"],"inLanguage":"fr-FR"},{"@type":"WebPage","@id":"https:\/\/www.bellunopress.it\/2012\/11\/20\/cerco-lavoro-117\/","url":"https:\/\/www.bellunopress.it\/2012\/11\/20\/cerco-lavoro-117\/","name":"Cerco lavoro - Bellunopress - Dolomiti","isPartOf":{"@id":"https:\/\/www.bellunopress.it\/#website"},"primaryImageOfPage":{"@id":"https:\/\/www.bellunopress.it\/2012\/11\/20\/cerco-lavoro-117\/#primaryimage"},"image":{"@id":"https:\/\/www.bellunopress.it\/2012\/11\/20\/cerco-lavoro-117\/#primaryimage"},"thumbnailUrl":"http:\/\/www.bellunopress.it\/wp-content\/uploads\/2010\/12\/informagiovani.gif","datePublished":"2012-11-20T20:41:52+00:00","breadcrumb":{"@id":"https:\/\/www.bellunopress.it\/2012\/11\/20\/cerco-lavoro-117\/#breadcrumb"},"inLanguage":"fr-FR","potentialAction":[{"@type":"ReadAction","target":["https:\/\/www.bellunopress.it\/2012\/11\/20\/cerco-lavoro-117\/"]}]},{"@type":"ImageObject","inLanguage":"fr-FR","@id":"https:\/\/www.bellunopress.it\/2012\/11\/20\/cerco-lavoro-117\/#primaryimage","url":"http:\/\/www.bellunopress.it\/wp-content\/uploads\/2010\/12\/informagiovani.gif","contentUrl":"http:\/\/www.bellunopress.it\/wp-content\/uploads\/2010\/12\/informagiovani.gif"},{"@type":"BreadcrumbList","@id":"https:\/\/www.bellunopress.it\/2012\/11\/20\/cerco-lavoro-117\/#breadcrumb","itemListElement":[{"@type":"ListItem","position":1,"name":"Home","item":"https:\/\/www.bellunopress.it\/"},{"@type":"ListItem","position":2,"name":"Cerco lavoro"}]},{"@type":"WebSite","@id":"https:\/\/www.bellunopress.it\/#website","url":"https:\/\/www.bellunopress.it\/","name":"Bellunopress - Dolomiti","description":"e-mail: redazione@bellunopress.it","publisher":{"@id":"https:\/\/www.bellunopress.it\/#organization"},"potentialAction":[{"@type":"SearchAction","target":{"@type":"EntryPoint","urlTemplate":"https:\/\/www.bellunopress.it\/?s={search_term_string}"},"query-input":{"@type":"PropertyValueSpecification","valueRequired":true,"valueName":"search_term_string"}}],"inLanguage":"fr-FR"},{"@type":"Organization","@id":"https:\/\/www.bellunopress.it\/#organization","name":"Bellunopress","url":"https:\/\/www.bellunopress.it\/","logo":{"@type":"ImageObject","inLanguage":"fr-FR","@id":"https:\/\/www.bellunopress.it\/#\/schema\/logo\/image\/","url":"https:\/\/www.bellunopress.it\/wp-content\/uploads\/2011\/05\/cropped-logo-bellunopress-.jpg","contentUrl":"https:\/\/www.bellunopress.it\/wp-content\/uploads\/2011\/05\/cropped-logo-bellunopress-.jpg","width":512,"height":512,"caption":"Bellunopress"},"image":{"@id":"https:\/\/www.bellunopress.it\/#\/schema\/logo\/image\/"},"sameAs":["https:\/\/www.facebook.com\/profile.php?id=100008943462799","https:\/\/x.com\/bellunopress","https:\/\/www.linkedin.com\/hp\/?dnr=JBzUWaJfMUw8vbXJJ2tVW5-I3jZKvC4wsoxE&amp;amp;amp;amp;amp;amp;trk=nav_responsive_tab_home","https:\/\/www.youtube.com\/channel\/UCxL0wu1uN0_3_7hGG0306cw"]},{"@type":"Person","@id":"https:\/\/www.bellunopress.it\/#\/schema\/person\/79bb06722b37ece1c03d3e94beb30d73","name":"r\u00e9daction","image":{"@type":"ImageObject","inLanguage":"fr-FR","@id":"https:\/\/secure.gravatar.com\/avatar\/37d968a2e67a6fd04c169c4bdef102d0bc5d31b2546345219e348575eb80e9a0?s=96&d=mm&r=g","url":"https:\/\/secure.gravatar.com\/avatar\/37d968a2e67a6fd04c169c4bdef102d0bc5d31b2546345219e348575eb80e9a0?s=96&d=mm&r=g","contentUrl":"https:\/\/secure.gravatar.com\/avatar\/37d968a2e67a6fd04c169c4bdef102d0bc5d31b2546345219e348575eb80e9a0?s=96&d=mm&r=g","caption":"redazione"},"sameAs":["http:\/\/www.bellunopress.it","https:\/\/x.com\/bellunopress"],"url":"https:\/\/www.bellunopress.it\/fr\/author\/redazione\/"}]}},"_links":{"self":[{"href":"https:\/\/www.bellunopress.it\/fr\/wp-json\/wp\/v2\/posts\/44072","targetHints":{"allow":["GET"]}}],"collection":[{"href":"https:\/\/www.bellunopress.it\/fr\/wp-json\/wp\/v2\/posts"}],"about":[{"href":"https:\/\/www.bellunopress.it\/fr\/wp-json\/wp\/v2\/types\/post"}],"author":[{"embeddable":true,"href":"https:\/\/www.bellunopress.it\/fr\/wp-json\/wp\/v2\/users\/2"}],"replies":[{"embeddable":true,"href":"https:\/\/www.bellunopress.it\/fr\/wp-json\/wp\/v2\/comments?post=44072"}],"version-history":[{"count":1,"href":"https:\/\/www.bellunopress.it\/fr\/wp-json\/wp\/v2\/posts\/44072\/revisions"}],"predecessor-version":[{"id":44073,"href":"https:\/\/www.bellunopress.it\/fr\/wp-json\/wp\/v2\/posts\/44072\/revisions\/44073"}],"wp:attachment":[{"href":"https:\/\/www.bellunopress.it\/fr\/wp-json\/wp\/v2\/media?parent=44072"}],"wp:term":[{"taxonomy":"category","embeddable":true,"href":"https:\/\/www.bellunopress.it\/fr\/wp-json\/wp\/v2\/categories?post=44072"},{"taxonomy":"post_tag","embeddable":true,"href":"https:\/\/www.bellunopress.it\/fr\/wp-json\/wp\/v2\/tags?post=44072"}],"curies":[{"name":"wp","href":"https:\/\/api.w.org\/{rel}","templated":true}]}}