{"id":4407,"date":"2009-06-04T10:29:31","date_gmt":"2009-06-04T09:29:31","guid":{"rendered":"http:\/\/www.bellunopress.it\/?p=4407"},"modified":"2009-06-04T10:31:18","modified_gmt":"2009-06-04T09:31:18","slug":"riparte-l%e2%80%99offerta-di-bikebus-sul-percorso-della-%e2%80%9clunga-via-delle-dolomiti%e2%80%9d","status":"publish","type":"post","link":"https:\/\/www.bellunopress.it\/fr\/2009\/06\/04\/riparte-l%e2%80%99offerta-di-bikebus-sul-percorso-della-%e2%80%9clunga-via-delle-dolomiti%e2%80%9d\/","title":{"rendered":"Riparte l\u2019offerta di Bike&#038;Bus sul percorso della \u201cLunga via delle Dolomiti\u201d"},"content":{"rendered":"<p><a href=\"http:\/\/www.bellunopress.it\/wp-content\/uploads\/2009\/06\/bike.jpg\"><img loading=\"lazy\" decoding=\"async\" class=\"alignleft size-medium wp-image-4408\" title=\"bike\" src=\"http:\/\/www.bellunopress.it\/wp-content\/uploads\/2009\/06\/bike-224x300.jpg\" alt=\"\" width=\"224\" height=\"300\" srcset=\"https:\/\/www.bellunopress.it\/wp-content\/uploads\/2009\/06\/bike-224x300.jpg 224w, https:\/\/www.bellunopress.it\/wp-content\/uploads\/2009\/06\/bike.jpg 336w\" sizes=\"auto, (max-width: 224px) 100vw, 224px\" \/><\/a> Riprende il servizio di trasporto di persone e biciclette sul percorso della \u201cLunga via delle Dolomiti\u201d. L\u2019iniziativa,\u00a0 inserito dalla Provincia nel servizio di trasporto pubblico locale prender\u00e0 l\u2019avvio il 29 giugno per proseguire tutta l\u2019estate, fino al 6 settembre.\u00a0 Il servizio consiste nel trasporto di persone e biciclette in autobus da Calalzo a Misurina, attraverso la Valle del Boite, Cortina e il passo Tre Croci. Con questo servizio sar\u00e0 possibile percorrere in bicicletta parte della \u201cLunga via delle Dolomiti\u201d dal lago di Misurina fino alla stazione ferroviaria di Calalzo.<br \/>\n<strong>Gli orari degli autobus <\/strong>sono in coincidenza con gli arrivi e le partenze dei treni sui quali \u00e8 disponibile il trasporto biciclette. Il tracciato della pista ciclabile, in particolare da Cortina a Calalzo, \u00e8 uno dei pi\u00f9 suggestivi delle Dolomiti. Con il prossimo completamento dell\u2019ultimo pezzo di pista ciclabile nella Valle del Boite, all\u2019altezza dell\u2019abitato di Peaio, il tracciato da Cimabanche a Calalzo sar\u00e0 quasi completamente su pista chiusa al traffico. Questo tratto della Lunga via delle Dolomiti piace ai ciclisti ma piace anche agli operatori turistici. A Cortina e lungo il percorso associazioni e privati stanno infatti sviluppando una serie di servizi connessi al cicloturismo, tra cui il noleggio e l\u2019assistenza tecnica. La prossima settimana verr\u00e0 installato, nel tratto di pista ciclabile appena dopo il municipio di San Vito di Cadore una sezione contabiciclette con pannello luminoso indicante il numero progressivo di passaggi. \u00abL\u2019installazione di questo sistema \u2013 spiega l\u2019assessore provinciale alla viabilit\u00e0 Quinto Piol &#8211; serve per verificare l\u2019utilizzo della pista da parte dei ciclisti ma anche per creare interesse e attenzione nei confronti degli stessi. Bike&amp;Bus \u00e8 un servizio molto apprezzato ed \u00e8 nostra intenzione potenziarlo verso Dobbiaco, in accordo con la Provincia autonoma di Bolzano, che ha confermato il suo interesse\u00bb.\u00a0 Il servizio Bike&amp;Bus per\u00f2 va oltre il tracciato della Lunga via delle Dolomiti e assicura il trasporto combinato anche per quanti desiderano visitare su due ruote la valle di Auronzo e le Tre Cime di Lavaredo.<br \/>\nInformazioni: presso gli uffici turistici e sui siti Internet di Provincia (www.provincia.belluno.it) e Dolomiti Bus (www.dolomitibus.it).<br \/>\nPer prenotazioni e informazioni telefonare a: 0437 217226 oppure al numero 0437 217227 dal luned\u00ec al venerd\u00ec dalle 7 alle 18 il sabato dalle 7 alle 13.<\/p>","protected":false},"excerpt":{"rendered":"<p>Riprende il servizio di trasporto di persone e biciclette sul percorso della \u201cLunga via delle Dolomiti\u201d. L\u2019iniziativa,\u00a0 inserito dalla Provincia nel servizio di trasporto pubblico locale prender\u00e0 l\u2019avvio il 29 giugno per proseguire tutta l\u2019estate, fino al 6 settembre.\u00a0 Il servizio consiste nel trasporto di persone e biciclette in autobus da Calalzo a Misurina, attraverso [&hellip;]<\/p>\n","protected":false},"author":2,"featured_media":0,"comment_status":"closed","ping_status":"open","sticky":false,"template":"","format":"standard","meta":{"footnotes":""},"categories":[38,26],"tags":[139,151,63],"class_list":["post-4407","post","type-post","status-publish","format-standard","category-natura-ambiente","category-prima-pagina","tag-belluno","tag-cadore","tag-dolomiti"],"yoast_head":"<!-- This site is optimized with the Yoast SEO plugin v28.4 - https:\/\/yoast.com\/product\/yoast-seo-wordpress\/ -->\n<title>Riparte l\u2019offerta di Bike&amp;Bus sul percorso della \u201cLunga via delle Dolomiti\u201d - Bellunopress - Dolomiti<\/title>\n<meta name=\"robots\" content=\"index, follow, max-snippet:-1, max-image-preview:large, max-video-preview:-1\" \/>\n<link rel=\"canonical\" href=\"https:\/\/www.bellunopress.it\/fr\/2009\/06\/04\/riparte-l\u2019offerta-di-bikebus-sul-percorso-della-\u201clunga-via-delle-dolomiti\u201d\/\" \/>\n<meta property=\"og:locale\" content=\"fr_FR\" \/>\n<meta property=\"og:type\" content=\"article\" \/>\n<meta property=\"og:title\" content=\"Riparte l\u2019offerta di Bike&amp;Bus sul percorso della \u201cLunga via delle Dolomiti\u201d - Bellunopress - Dolomiti\" \/>\n<meta property=\"og:description\" content=\"Riprende il servizio di trasporto di persone e biciclette sul percorso della \u201cLunga via delle Dolomiti\u201d. L\u2019iniziativa,\u00a0 inserito dalla Provincia nel servizio di trasporto pubblico locale prender\u00e0 l\u2019avvio il 29 giugno per proseguire tutta l\u2019estate, fino al 6 settembre.\u00a0 Il servizio consiste nel trasporto di persone e biciclette in autobus da Calalzo a Misurina, attraverso [&hellip;]\" \/>\n<meta property=\"og:url\" content=\"https:\/\/www.bellunopress.it\/fr\/2009\/06\/04\/riparte-l\u2019offerta-di-bikebus-sul-percorso-della-\u201clunga-via-delle-dolomiti\u201d\/\" \/>\n<meta property=\"og:site_name\" content=\"Bellunopress - Dolomiti\" \/>\n<meta property=\"article:publisher\" content=\"https:\/\/www.facebook.com\/profile.php?id=100008943462799\" \/>\n<meta property=\"article:published_time\" content=\"2009-06-04T09:29:31+00:00\" \/>\n<meta property=\"article:modified_time\" content=\"2009-06-04T09:31:18+00:00\" \/>\n<meta property=\"og:image\" content=\"http:\/\/www.bellunopress.it\/wp-content\/uploads\/2009\/06\/bike-224x300.jpg\" \/>\n<meta name=\"author\" content=\"redazione\" \/>\n<meta name=\"twitter:card\" content=\"summary_large_image\" \/>\n<meta name=\"twitter:creator\" content=\"@bellunopress\" \/>\n<meta name=\"twitter:site\" content=\"@bellunopress\" \/>\n<meta name=\"twitter:label1\" content=\"Written by\" \/>\n\t<meta name=\"twitter:data1\" content=\"redazione\" \/>\n\t<meta name=\"twitter:label2\" content=\"Est. reading time\" \/>\n\t<meta name=\"twitter:data2\" content=\"2 minutes\" \/>\n<script type=\"application\/ld+json\" class=\"yoast-schema-graph\">{\"@context\":\"https:\\\/\\\/schema.org\",\"@graph\":[{\"@type\":\"Article\",\"@id\":\"https:\\\/\\\/www.bellunopress.it\\\/2009\\\/06\\\/04\\\/riparte-l%e2%80%99offerta-di-bikebus-sul-percorso-della-%e2%80%9clunga-via-delle-dolomiti%e2%80%9d\\\/#article\",\"isPartOf\":{\"@id\":\"https:\\\/\\\/www.bellunopress.it\\\/2009\\\/06\\\/04\\\/riparte-l%e2%80%99offerta-di-bikebus-sul-percorso-della-%e2%80%9clunga-via-delle-dolomiti%e2%80%9d\\\/\"},\"author\":{\"name\":\"redazione\",\"@id\":\"https:\\\/\\\/www.bellunopress.it\\\/#\\\/schema\\\/person\\\/79bb06722b37ece1c03d3e94beb30d73\"},\"headline\":\"Riparte l\u2019offerta di Bike&#038;Bus sul percorso della \u201cLunga via delle Dolomiti\u201d\",\"datePublished\":\"2009-06-04T09:29:31+00:00\",\"dateModified\":\"2009-06-04T09:31:18+00:00\",\"mainEntityOfPage\":{\"@id\":\"https:\\\/\\\/www.bellunopress.it\\\/2009\\\/06\\\/04\\\/riparte-l%e2%80%99offerta-di-bikebus-sul-percorso-della-%e2%80%9clunga-via-delle-dolomiti%e2%80%9d\\\/\"},\"wordCount\":390,\"publisher\":{\"@id\":\"https:\\\/\\\/www.bellunopress.it\\\/#organization\"},\"image\":{\"@id\":\"https:\\\/\\\/www.bellunopress.it\\\/2009\\\/06\\\/04\\\/riparte-l%e2%80%99offerta-di-bikebus-sul-percorso-della-%e2%80%9clunga-via-delle-dolomiti%e2%80%9d\\\/#primaryimage\"},\"thumbnailUrl\":\"http:\\\/\\\/www.bellunopress.it\\\/wp-content\\\/uploads\\\/2009\\\/06\\\/bike-224x300.jpg\",\"keywords\":[\"Belluno\",\"Cadore\",\"Dolomiti\"],\"articleSection\":[\"Meteo, natura, ambiente, animali\",\"Prima Pagina\"],\"inLanguage\":\"fr-FR\"},{\"@type\":\"WebPage\",\"@id\":\"https:\\\/\\\/www.bellunopress.it\\\/2009\\\/06\\\/04\\\/riparte-l%e2%80%99offerta-di-bikebus-sul-percorso-della-%e2%80%9clunga-via-delle-dolomiti%e2%80%9d\\\/\",\"url\":\"https:\\\/\\\/www.bellunopress.it\\\/2009\\\/06\\\/04\\\/riparte-l%e2%80%99offerta-di-bikebus-sul-percorso-della-%e2%80%9clunga-via-delle-dolomiti%e2%80%9d\\\/\",\"name\":\"Riparte l\u2019offerta di Bike&Bus sul percorso della \u201cLunga via delle Dolomiti\u201d - Bellunopress - Dolomiti\",\"isPartOf\":{\"@id\":\"https:\\\/\\\/www.bellunopress.it\\\/#website\"},\"primaryImageOfPage\":{\"@id\":\"https:\\\/\\\/www.bellunopress.it\\\/2009\\\/06\\\/04\\\/riparte-l%e2%80%99offerta-di-bikebus-sul-percorso-della-%e2%80%9clunga-via-delle-dolomiti%e2%80%9d\\\/#primaryimage\"},\"image\":{\"@id\":\"https:\\\/\\\/www.bellunopress.it\\\/2009\\\/06\\\/04\\\/riparte-l%e2%80%99offerta-di-bikebus-sul-percorso-della-%e2%80%9clunga-via-delle-dolomiti%e2%80%9d\\\/#primaryimage\"},\"thumbnailUrl\":\"http:\\\/\\\/www.bellunopress.it\\\/wp-content\\\/uploads\\\/2009\\\/06\\\/bike-224x300.jpg\",\"datePublished\":\"2009-06-04T09:29:31+00:00\",\"dateModified\":\"2009-06-04T09:31:18+00:00\",\"breadcrumb\":{\"@id\":\"https:\\\/\\\/www.bellunopress.it\\\/2009\\\/06\\\/04\\\/riparte-l%e2%80%99offerta-di-bikebus-sul-percorso-della-%e2%80%9clunga-via-delle-dolomiti%e2%80%9d\\\/#breadcrumb\"},\"inLanguage\":\"fr-FR\",\"potentialAction\":[{\"@type\":\"ReadAction\",\"target\":[\"https:\\\/\\\/www.bellunopress.it\\\/2009\\\/06\\\/04\\\/riparte-l%e2%80%99offerta-di-bikebus-sul-percorso-della-%e2%80%9clunga-via-delle-dolomiti%e2%80%9d\\\/\"]}]},{\"@type\":\"ImageObject\",\"inLanguage\":\"fr-FR\",\"@id\":\"https:\\\/\\\/www.bellunopress.it\\\/2009\\\/06\\\/04\\\/riparte-l%e2%80%99offerta-di-bikebus-sul-percorso-della-%e2%80%9clunga-via-delle-dolomiti%e2%80%9d\\\/#primaryimage\",\"url\":\"http:\\\/\\\/www.bellunopress.it\\\/wp-content\\\/uploads\\\/2009\\\/06\\\/bike-224x300.jpg\",\"contentUrl\":\"http:\\\/\\\/www.bellunopress.it\\\/wp-content\\\/uploads\\\/2009\\\/06\\\/bike-224x300.jpg\"},{\"@type\":\"BreadcrumbList\",\"@id\":\"https:\\\/\\\/www.bellunopress.it\\\/2009\\\/06\\\/04\\\/riparte-l%e2%80%99offerta-di-bikebus-sul-percorso-della-%e2%80%9clunga-via-delle-dolomiti%e2%80%9d\\\/#breadcrumb\",\"itemListElement\":[{\"@type\":\"ListItem\",\"position\":1,\"name\":\"Home\",\"item\":\"https:\\\/\\\/www.bellunopress.it\\\/\"},{\"@type\":\"ListItem\",\"position\":2,\"name\":\"Riparte l\u2019offerta di Bike&#038;Bus sul percorso della \u201cLunga via delle Dolomiti\u201d\"}]},{\"@type\":\"WebSite\",\"@id\":\"https:\\\/\\\/www.bellunopress.it\\\/#website\",\"url\":\"https:\\\/\\\/www.bellunopress.it\\\/\",\"name\":\"Bellunopress - Dolomiti\",\"description\":\"e-mail: redazione@bellunopress.it\",\"publisher\":{\"@id\":\"https:\\\/\\\/www.bellunopress.it\\\/#organization\"},\"potentialAction\":[{\"@type\":\"SearchAction\",\"target\":{\"@type\":\"EntryPoint\",\"urlTemplate\":\"https:\\\/\\\/www.bellunopress.it\\\/?s={search_term_string}\"},\"query-input\":{\"@type\":\"PropertyValueSpecification\",\"valueRequired\":true,\"valueName\":\"search_term_string\"}}],\"inLanguage\":\"fr-FR\"},{\"@type\":\"Organization\",\"@id\":\"https:\\\/\\\/www.bellunopress.it\\\/#organization\",\"name\":\"Bellunopress\",\"url\":\"https:\\\/\\\/www.bellunopress.it\\\/\",\"logo\":{\"@type\":\"ImageObject\",\"inLanguage\":\"fr-FR\",\"@id\":\"https:\\\/\\\/www.bellunopress.it\\\/#\\\/schema\\\/logo\\\/image\\\/\",\"url\":\"https:\\\/\\\/www.bellunopress.it\\\/wp-content\\\/uploads\\\/2011\\\/05\\\/cropped-logo-bellunopress-.jpg\",\"contentUrl\":\"https:\\\/\\\/www.bellunopress.it\\\/wp-content\\\/uploads\\\/2011\\\/05\\\/cropped-logo-bellunopress-.jpg\",\"width\":512,\"height\":512,\"caption\":\"Bellunopress\"},\"image\":{\"@id\":\"https:\\\/\\\/www.bellunopress.it\\\/#\\\/schema\\\/logo\\\/image\\\/\"},\"sameAs\":[\"https:\\\/\\\/www.facebook.com\\\/profile.php?id=100008943462799\",\"https:\\\/\\\/x.com\\\/bellunopress\",\"https:\\\/\\\/www.linkedin.com\\\/hp\\\/?dnr=JBzUWaJfMUw8vbXJJ2tVW5-I3jZKvC4wsoxE&amp;amp;amp;amp;amp;amp;trk=nav_responsive_tab_home\",\"https:\\\/\\\/www.youtube.com\\\/channel\\\/UCxL0wu1uN0_3_7hGG0306cw\"]},{\"@type\":\"Person\",\"@id\":\"https:\\\/\\\/www.bellunopress.it\\\/#\\\/schema\\\/person\\\/79bb06722b37ece1c03d3e94beb30d73\",\"name\":\"redazione\",\"image\":{\"@type\":\"ImageObject\",\"inLanguage\":\"fr-FR\",\"@id\":\"https:\\\/\\\/secure.gravatar.com\\\/avatar\\\/37d968a2e67a6fd04c169c4bdef102d0bc5d31b2546345219e348575eb80e9a0?s=96&d=mm&r=g\",\"url\":\"https:\\\/\\\/secure.gravatar.com\\\/avatar\\\/37d968a2e67a6fd04c169c4bdef102d0bc5d31b2546345219e348575eb80e9a0?s=96&d=mm&r=g\",\"contentUrl\":\"https:\\\/\\\/secure.gravatar.com\\\/avatar\\\/37d968a2e67a6fd04c169c4bdef102d0bc5d31b2546345219e348575eb80e9a0?s=96&d=mm&r=g\",\"caption\":\"redazione\"},\"sameAs\":[\"http:\\\/\\\/www.bellunopress.it\",\"https:\\\/\\\/x.com\\\/bellunopress\"],\"url\":\"https:\\\/\\\/www.bellunopress.it\\\/fr\\\/author\\\/redazione\\\/\"}]}<\/script>\n<!-- \/ Yoast SEO plugin. -->","yoast_head_json":{"title":"Riparte l\u2019offerta di Bike&Bus sul percorso della \u201cLunga via delle Dolomiti\u201d - Bellunopress - Dolomiti","robots":{"index":"index","follow":"follow","max-snippet":"max-snippet:-1","max-image-preview":"max-image-preview:large","max-video-preview":"max-video-preview:-1"},"canonical":"https:\/\/www.bellunopress.it\/fr\/2009\/06\/04\/riparte-l\u2019offerta-di-bikebus-sul-percorso-della-\u201clunga-via-delle-dolomiti\u201d\/","og_locale":"fr_FR","og_type":"article","og_title":"Riparte l\u2019offerta di Bike&Bus sul percorso della \u201cLunga via delle Dolomiti\u201d - Bellunopress - Dolomiti","og_description":"Riprende il servizio di trasporto di persone e biciclette sul percorso della \u201cLunga via delle Dolomiti\u201d. L\u2019iniziativa,\u00a0 inserito dalla Provincia nel servizio di trasporto pubblico locale prender\u00e0 l\u2019avvio il 29 giugno per proseguire tutta l\u2019estate, fino al 6 settembre.\u00a0 Il servizio consiste nel trasporto di persone e biciclette in autobus da Calalzo a Misurina, attraverso [&hellip;]","og_url":"https:\/\/www.bellunopress.it\/fr\/2009\/06\/04\/riparte-l\u2019offerta-di-bikebus-sul-percorso-della-\u201clunga-via-delle-dolomiti\u201d\/","og_site_name":"Bellunopress - Dolomiti","article_publisher":"https:\/\/www.facebook.com\/profile.php?id=100008943462799","article_published_time":"2009-06-04T09:29:31+00:00","article_modified_time":"2009-06-04T09:31:18+00:00","og_image":[{"url":"http:\/\/www.bellunopress.it\/wp-content\/uploads\/2009\/06\/bike-224x300.jpg","type":"","width":"","height":""}],"author":"redazione","twitter_card":"summary_large_image","twitter_creator":"@bellunopress","twitter_site":"@bellunopress","twitter_misc":{"Written by":"redazione","Est. reading time":"2 minutes"},"schema":{"@context":"https:\/\/schema.org","@graph":[{"@type":"Article","@id":"https:\/\/www.bellunopress.it\/2009\/06\/04\/riparte-l%e2%80%99offerta-di-bikebus-sul-percorso-della-%e2%80%9clunga-via-delle-dolomiti%e2%80%9d\/#article","isPartOf":{"@id":"https:\/\/www.bellunopress.it\/2009\/06\/04\/riparte-l%e2%80%99offerta-di-bikebus-sul-percorso-della-%e2%80%9clunga-via-delle-dolomiti%e2%80%9d\/"},"author":{"name":"redazione","@id":"https:\/\/www.bellunopress.it\/#\/schema\/person\/79bb06722b37ece1c03d3e94beb30d73"},"headline":"Riparte l\u2019offerta di Bike&#038;Bus sul percorso della \u201cLunga via delle Dolomiti\u201d","datePublished":"2009-06-04T09:29:31+00:00","dateModified":"2009-06-04T09:31:18+00:00","mainEntityOfPage":{"@id":"https:\/\/www.bellunopress.it\/2009\/06\/04\/riparte-l%e2%80%99offerta-di-bikebus-sul-percorso-della-%e2%80%9clunga-via-delle-dolomiti%e2%80%9d\/"},"wordCount":390,"publisher":{"@id":"https:\/\/www.bellunopress.it\/#organization"},"image":{"@id":"https:\/\/www.bellunopress.it\/2009\/06\/04\/riparte-l%e2%80%99offerta-di-bikebus-sul-percorso-della-%e2%80%9clunga-via-delle-dolomiti%e2%80%9d\/#primaryimage"},"thumbnailUrl":"http:\/\/www.bellunopress.it\/wp-content\/uploads\/2009\/06\/bike-224x300.jpg","keywords":["Belluno","Cadore","Dolomiti"],"articleSection":["Meteo, natura, ambiente, animali","Prima Pagina"],"inLanguage":"fr-FR"},{"@type":"WebPage","@id":"https:\/\/www.bellunopress.it\/2009\/06\/04\/riparte-l%e2%80%99offerta-di-bikebus-sul-percorso-della-%e2%80%9clunga-via-delle-dolomiti%e2%80%9d\/","url":"https:\/\/www.bellunopress.it\/2009\/06\/04\/riparte-l%e2%80%99offerta-di-bikebus-sul-percorso-della-%e2%80%9clunga-via-delle-dolomiti%e2%80%9d\/","name":"Riparte l\u2019offerta di Bike&Bus sul percorso della \u201cLunga via delle Dolomiti\u201d - Bellunopress - Dolomiti","isPartOf":{"@id":"https:\/\/www.bellunopress.it\/#website"},"primaryImageOfPage":{"@id":"https:\/\/www.bellunopress.it\/2009\/06\/04\/riparte-l%e2%80%99offerta-di-bikebus-sul-percorso-della-%e2%80%9clunga-via-delle-dolomiti%e2%80%9d\/#primaryimage"},"image":{"@id":"https:\/\/www.bellunopress.it\/2009\/06\/04\/riparte-l%e2%80%99offerta-di-bikebus-sul-percorso-della-%e2%80%9clunga-via-delle-dolomiti%e2%80%9d\/#primaryimage"},"thumbnailUrl":"http:\/\/www.bellunopress.it\/wp-content\/uploads\/2009\/06\/bike-224x300.jpg","datePublished":"2009-06-04T09:29:31+00:00","dateModified":"2009-06-04T09:31:18+00:00","breadcrumb":{"@id":"https:\/\/www.bellunopress.it\/2009\/06\/04\/riparte-l%e2%80%99offerta-di-bikebus-sul-percorso-della-%e2%80%9clunga-via-delle-dolomiti%e2%80%9d\/#breadcrumb"},"inLanguage":"fr-FR","potentialAction":[{"@type":"ReadAction","target":["https:\/\/www.bellunopress.it\/2009\/06\/04\/riparte-l%e2%80%99offerta-di-bikebus-sul-percorso-della-%e2%80%9clunga-via-delle-dolomiti%e2%80%9d\/"]}]},{"@type":"ImageObject","inLanguage":"fr-FR","@id":"https:\/\/www.bellunopress.it\/2009\/06\/04\/riparte-l%e2%80%99offerta-di-bikebus-sul-percorso-della-%e2%80%9clunga-via-delle-dolomiti%e2%80%9d\/#primaryimage","url":"http:\/\/www.bellunopress.it\/wp-content\/uploads\/2009\/06\/bike-224x300.jpg","contentUrl":"http:\/\/www.bellunopress.it\/wp-content\/uploads\/2009\/06\/bike-224x300.jpg"},{"@type":"BreadcrumbList","@id":"https:\/\/www.bellunopress.it\/2009\/06\/04\/riparte-l%e2%80%99offerta-di-bikebus-sul-percorso-della-%e2%80%9clunga-via-delle-dolomiti%e2%80%9d\/#breadcrumb","itemListElement":[{"@type":"ListItem","position":1,"name":"Home","item":"https:\/\/www.bellunopress.it\/"},{"@type":"ListItem","position":2,"name":"Riparte l\u2019offerta di Bike&#038;Bus sul percorso della \u201cLunga via delle Dolomiti\u201d"}]},{"@type":"WebSite","@id":"https:\/\/www.bellunopress.it\/#website","url":"https:\/\/www.bellunopress.it\/","name":"Bellunopress - Dolomiti","description":"e-mail: redazione@bellunopress.it","publisher":{"@id":"https:\/\/www.bellunopress.it\/#organization"},"potentialAction":[{"@type":"SearchAction","target":{"@type":"EntryPoint","urlTemplate":"https:\/\/www.bellunopress.it\/?s={search_term_string}"},"query-input":{"@type":"PropertyValueSpecification","valueRequired":true,"valueName":"search_term_string"}}],"inLanguage":"fr-FR"},{"@type":"Organization","@id":"https:\/\/www.bellunopress.it\/#organization","name":"Bellunopress","url":"https:\/\/www.bellunopress.it\/","logo":{"@type":"ImageObject","inLanguage":"fr-FR","@id":"https:\/\/www.bellunopress.it\/#\/schema\/logo\/image\/","url":"https:\/\/www.bellunopress.it\/wp-content\/uploads\/2011\/05\/cropped-logo-bellunopress-.jpg","contentUrl":"https:\/\/www.bellunopress.it\/wp-content\/uploads\/2011\/05\/cropped-logo-bellunopress-.jpg","width":512,"height":512,"caption":"Bellunopress"},"image":{"@id":"https:\/\/www.bellunopress.it\/#\/schema\/logo\/image\/"},"sameAs":["https:\/\/www.facebook.com\/profile.php?id=100008943462799","https:\/\/x.com\/bellunopress","https:\/\/www.linkedin.com\/hp\/?dnr=JBzUWaJfMUw8vbXJJ2tVW5-I3jZKvC4wsoxE&amp;amp;amp;amp;amp;amp;trk=nav_responsive_tab_home","https:\/\/www.youtube.com\/channel\/UCxL0wu1uN0_3_7hGG0306cw"]},{"@type":"Person","@id":"https:\/\/www.bellunopress.it\/#\/schema\/person\/79bb06722b37ece1c03d3e94beb30d73","name":"r\u00e9daction","image":{"@type":"ImageObject","inLanguage":"fr-FR","@id":"https:\/\/secure.gravatar.com\/avatar\/37d968a2e67a6fd04c169c4bdef102d0bc5d31b2546345219e348575eb80e9a0?s=96&d=mm&r=g","url":"https:\/\/secure.gravatar.com\/avatar\/37d968a2e67a6fd04c169c4bdef102d0bc5d31b2546345219e348575eb80e9a0?s=96&d=mm&r=g","contentUrl":"https:\/\/secure.gravatar.com\/avatar\/37d968a2e67a6fd04c169c4bdef102d0bc5d31b2546345219e348575eb80e9a0?s=96&d=mm&r=g","caption":"redazione"},"sameAs":["http:\/\/www.bellunopress.it","https:\/\/x.com\/bellunopress"],"url":"https:\/\/www.bellunopress.it\/fr\/author\/redazione\/"}]}},"_links":{"self":[{"href":"https:\/\/www.bellunopress.it\/fr\/wp-json\/wp\/v2\/posts\/4407","targetHints":{"allow":["GET"]}}],"collection":[{"href":"https:\/\/www.bellunopress.it\/fr\/wp-json\/wp\/v2\/posts"}],"about":[{"href":"https:\/\/www.bellunopress.it\/fr\/wp-json\/wp\/v2\/types\/post"}],"author":[{"embeddable":true,"href":"https:\/\/www.bellunopress.it\/fr\/wp-json\/wp\/v2\/users\/2"}],"replies":[{"embeddable":true,"href":"https:\/\/www.bellunopress.it\/fr\/wp-json\/wp\/v2\/comments?post=4407"}],"version-history":[{"count":2,"href":"https:\/\/www.bellunopress.it\/fr\/wp-json\/wp\/v2\/posts\/4407\/revisions"}],"predecessor-version":[{"id":4412,"href":"https:\/\/www.bellunopress.it\/fr\/wp-json\/wp\/v2\/posts\/4407\/revisions\/4412"}],"wp:attachment":[{"href":"https:\/\/www.bellunopress.it\/fr\/wp-json\/wp\/v2\/media?parent=4407"}],"wp:term":[{"taxonomy":"category","embeddable":true,"href":"https:\/\/www.bellunopress.it\/fr\/wp-json\/wp\/v2\/categories?post=4407"},{"taxonomy":"post_tag","embeddable":true,"href":"https:\/\/www.bellunopress.it\/fr\/wp-json\/wp\/v2\/tags?post=4407"}],"curies":[{"name":"wp","href":"https:\/\/api.w.org\/{rel}","templated":true}]}}