{"id":44063,"date":"2012-11-20T17:44:56","date_gmt":"2012-11-20T16:44:56","guid":{"rendered":"http:\/\/www.bellunopress.it\/?p=44063"},"modified":"2012-11-20T17:44:56","modified_gmt":"2012-11-20T16:44:56","slug":"giacomo-deon-e-il-nuovo-presidente-dellunione-artigiani-e-piccola-industria-di-belluno","status":"publish","type":"post","link":"https:\/\/www.bellunopress.it\/fr\/2012\/11\/20\/giacomo-deon-e-il-nuovo-presidente-dellunione-artigiani-e-piccola-industria-di-belluno\/","title":{"rendered":"Giacomo Deon \u00e8 il nuovo presidente dell&#8217;Unione artigiani e piccola industria di Belluno"},"content":{"rendered":"<p>Sar\u00e0 Giacomo Deon, pasticcere di Belluno a presiedere per i prossimi quattro anni l&#8217;Unione Artigiani e Piccola Industria.<\/p>\n<figure id=\"attachment_8806\" aria-describedby=\"caption-attachment-8806\" style=\"width: 290px\" class=\"wp-caption alignleft\"><a href=\"http:\/\/www.bellunopress.it\/wp-content\/uploads\/2009\/10\/giacomo-deon-pasticcere.jpg\"><img loading=\"lazy\" decoding=\"async\" class=\"size-full wp-image-8806\" title=\"giacomo-deon-pasticcere\" src=\"http:\/\/www.bellunopress.it\/wp-content\/uploads\/2009\/10\/giacomo-deon-pasticcere.jpg\" alt=\"\" width=\"290\" height=\"260\" \/><\/a><figcaption id=\"caption-attachment-8806\" class=\"wp-caption-text\">Giacomo Deon<\/figcaption><\/figure>\n<p>Deon \u00e8 figura nota in provincia soprattutto per aver animato molte iniziative nel settore agro-alimentare, tra cui la pluriennale partecipazione delle imprese artigiane dell&#8217;alimentazione a Sapori Italiani di Longarone e l&#8217;ideazione della Codinza, dolce tipico bellunese che si trova solo nelle pasticcerie artigianali. Attualmente Deon \u00e8 Presidente regionale e nazionale dell&#8217;alimentazione e Vice-Presidente di Confartigianato del Veneto, carica quest&#8217;ultima che lascer\u00e0 per seguire l&#8217;Associazione bellunese.<\/p>\n<p>\u201cSono consapevole del grande impegno che mi aspetta soprattutto in un momento di cos\u00ec grande difficolt\u00e0 per le aziende \u2013 ha dichiarato Deon al momento dell&#8217;elezione- ma sono sicuro che troveremo tutti insieme la forza e le idee per dare ai piccoli imprenditori bellunesi un sostegno e una prospettiva di ripresa.\u201d<\/p>\n<p>Nella Giunta Esecutiva insieme a Deon entrano Dario Cavalet con la carica di vice presidente, Renato Caldart, Ivana Del Pizzol e Paolo Tramontin.<\/p>\n<p>\u201cUn ringraziamento va rivolto al presidente uscente Luigi Curto \u2013 conclude Deon &#8211; che ha finito il suo impegno in Associazione ma per affrontare gi\u00e0 dalle prossime settimane quello di Presidente della Camera di Commercio di Belluno, un ente che \u00e8 finanziato dalle imprese e su cui si \u00e8 aperto un dibattito che tuttavia non tiene conto di una cosa fondamentale: che spetta alle imprese, e a nessun altro, decidere se chiuderlo o, invece, riformarlo per dare servizi reali ed efficienti alle aziende.\u201d<\/p>\n<p>&nbsp;<\/p>","protected":false},"excerpt":{"rendered":"<p>Sar\u00e0 Giacomo Deon, pasticcere di Belluno a presiedere per i prossimi quattro anni l&#8217;Unione Artigiani e Piccola Industria. Deon \u00e8 figura nota in provincia soprattutto per aver animato molte iniziative nel settore agro-alimentare, tra cui la pluriennale partecipazione delle imprese artigiane dell&#8217;alimentazione a Sapori Italiani di Longarone e l&#8217;ideazione della Codinza, dolce tipico bellunese che [&hellip;]<\/p>\n","protected":false},"author":2,"featured_media":0,"comment_status":"closed","ping_status":"open","sticky":false,"template":"","format":"standard","meta":{"footnotes":""},"categories":[36,26],"tags":[],"class_list":["post-44063","post","type-post","status-publish","format-standard","category-lavoro-economia","category-prima-pagina"],"yoast_head":"<!-- This site is optimized with the Yoast SEO plugin v28.4 - https:\/\/yoast.com\/product\/yoast-seo-wordpress\/ -->\n<title>Giacomo Deon \u00e8 il nuovo presidente dell&#039;Unione artigiani e piccola industria di Belluno - Bellunopress - Dolomiti<\/title>\n<meta name=\"robots\" content=\"index, follow, max-snippet:-1, max-image-preview:large, max-video-preview:-1\" \/>\n<link rel=\"canonical\" href=\"https:\/\/www.bellunopress.it\/fr\/2012\/11\/20\/giacomo-deon-e-il-nuovo-presidente-dellunione-artigiani-e-piccola-industria-di-belluno\/\" \/>\n<meta property=\"og:locale\" content=\"fr_FR\" \/>\n<meta property=\"og:type\" content=\"article\" \/>\n<meta property=\"og:title\" content=\"Giacomo Deon \u00e8 il nuovo presidente dell&#039;Unione artigiani e piccola industria di Belluno - Bellunopress - Dolomiti\" \/>\n<meta property=\"og:description\" content=\"Sar\u00e0 Giacomo Deon, pasticcere di Belluno a presiedere per i prossimi quattro anni l&#8217;Unione Artigiani e Piccola Industria. Deon \u00e8 figura nota in provincia soprattutto per aver animato molte iniziative nel settore agro-alimentare, tra cui la pluriennale partecipazione delle imprese artigiane dell&#8217;alimentazione a Sapori Italiani di Longarone e l&#8217;ideazione della Codinza, dolce tipico bellunese che [&hellip;]\" \/>\n<meta property=\"og:url\" content=\"https:\/\/www.bellunopress.it\/fr\/2012\/11\/20\/giacomo-deon-e-il-nuovo-presidente-dellunione-artigiani-e-piccola-industria-di-belluno\/\" \/>\n<meta property=\"og:site_name\" content=\"Bellunopress - Dolomiti\" \/>\n<meta property=\"article:publisher\" content=\"https:\/\/www.facebook.com\/profile.php?id=100008943462799\" \/>\n<meta property=\"article:published_time\" content=\"2012-11-20T16:44:56+00:00\" \/>\n<meta property=\"og:image\" content=\"http:\/\/www.bellunopress.it\/wp-content\/uploads\/2009\/10\/giacomo-deon-pasticcere.jpg\" \/>\n<meta name=\"author\" content=\"redazione\" \/>\n<meta name=\"twitter:card\" content=\"summary_large_image\" \/>\n<meta name=\"twitter:creator\" content=\"@bellunopress\" \/>\n<meta name=\"twitter:site\" content=\"@bellunopress\" \/>\n<meta name=\"twitter:label1\" content=\"\u00c9crit par\" \/>\n\t<meta name=\"twitter:data1\" content=\"redazione\" \/>\n\t<meta name=\"twitter:label2\" content=\"Dur\u00e9e de lecture estim\u00e9e\" \/>\n\t<meta name=\"twitter:data2\" content=\"1 minute\" \/>\n<script type=\"application\/ld+json\" class=\"yoast-schema-graph\">{\"@context\":\"https:\\\/\\\/schema.org\",\"@graph\":[{\"@type\":\"Article\",\"@id\":\"https:\\\/\\\/www.bellunopress.it\\\/2012\\\/11\\\/20\\\/giacomo-deon-e-il-nuovo-presidente-dellunione-artigiani-e-piccola-industria-di-belluno\\\/#article\",\"isPartOf\":{\"@id\":\"https:\\\/\\\/www.bellunopress.it\\\/2012\\\/11\\\/20\\\/giacomo-deon-e-il-nuovo-presidente-dellunione-artigiani-e-piccola-industria-di-belluno\\\/\"},\"author\":{\"name\":\"redazione\",\"@id\":\"https:\\\/\\\/www.bellunopress.it\\\/#\\\/schema\\\/person\\\/79bb06722b37ece1c03d3e94beb30d73\"},\"headline\":\"Giacomo Deon \u00e8 il nuovo presidente dell&#8217;Unione artigiani e piccola industria di Belluno\",\"datePublished\":\"2012-11-20T16:44:56+00:00\",\"mainEntityOfPage\":{\"@id\":\"https:\\\/\\\/www.bellunopress.it\\\/2012\\\/11\\\/20\\\/giacomo-deon-e-il-nuovo-presidente-dellunione-artigiani-e-piccola-industria-di-belluno\\\/\"},\"wordCount\":264,\"publisher\":{\"@id\":\"https:\\\/\\\/www.bellunopress.it\\\/#organization\"},\"image\":{\"@id\":\"https:\\\/\\\/www.bellunopress.it\\\/2012\\\/11\\\/20\\\/giacomo-deon-e-il-nuovo-presidente-dellunione-artigiani-e-piccola-industria-di-belluno\\\/#primaryimage\"},\"thumbnailUrl\":\"http:\\\/\\\/www.bellunopress.it\\\/wp-content\\\/uploads\\\/2009\\\/10\\\/giacomo-deon-pasticcere.jpg\",\"articleSection\":[\"Lavoro, Economia, Turismo\",\"Prima Pagina\"],\"inLanguage\":\"fr-FR\"},{\"@type\":\"WebPage\",\"@id\":\"https:\\\/\\\/www.bellunopress.it\\\/2012\\\/11\\\/20\\\/giacomo-deon-e-il-nuovo-presidente-dellunione-artigiani-e-piccola-industria-di-belluno\\\/\",\"url\":\"https:\\\/\\\/www.bellunopress.it\\\/2012\\\/11\\\/20\\\/giacomo-deon-e-il-nuovo-presidente-dellunione-artigiani-e-piccola-industria-di-belluno\\\/\",\"name\":\"Giacomo Deon \u00e8 il nuovo presidente dell'Unione artigiani e piccola industria di Belluno - Bellunopress - Dolomiti\",\"isPartOf\":{\"@id\":\"https:\\\/\\\/www.bellunopress.it\\\/#website\"},\"primaryImageOfPage\":{\"@id\":\"https:\\\/\\\/www.bellunopress.it\\\/2012\\\/11\\\/20\\\/giacomo-deon-e-il-nuovo-presidente-dellunione-artigiani-e-piccola-industria-di-belluno\\\/#primaryimage\"},\"image\":{\"@id\":\"https:\\\/\\\/www.bellunopress.it\\\/2012\\\/11\\\/20\\\/giacomo-deon-e-il-nuovo-presidente-dellunione-artigiani-e-piccola-industria-di-belluno\\\/#primaryimage\"},\"thumbnailUrl\":\"http:\\\/\\\/www.bellunopress.it\\\/wp-content\\\/uploads\\\/2009\\\/10\\\/giacomo-deon-pasticcere.jpg\",\"datePublished\":\"2012-11-20T16:44:56+00:00\",\"breadcrumb\":{\"@id\":\"https:\\\/\\\/www.bellunopress.it\\\/2012\\\/11\\\/20\\\/giacomo-deon-e-il-nuovo-presidente-dellunione-artigiani-e-piccola-industria-di-belluno\\\/#breadcrumb\"},\"inLanguage\":\"fr-FR\",\"potentialAction\":[{\"@type\":\"ReadAction\",\"target\":[\"https:\\\/\\\/www.bellunopress.it\\\/2012\\\/11\\\/20\\\/giacomo-deon-e-il-nuovo-presidente-dellunione-artigiani-e-piccola-industria-di-belluno\\\/\"]}]},{\"@type\":\"ImageObject\",\"inLanguage\":\"fr-FR\",\"@id\":\"https:\\\/\\\/www.bellunopress.it\\\/2012\\\/11\\\/20\\\/giacomo-deon-e-il-nuovo-presidente-dellunione-artigiani-e-piccola-industria-di-belluno\\\/#primaryimage\",\"url\":\"http:\\\/\\\/www.bellunopress.it\\\/wp-content\\\/uploads\\\/2009\\\/10\\\/giacomo-deon-pasticcere.jpg\",\"contentUrl\":\"http:\\\/\\\/www.bellunopress.it\\\/wp-content\\\/uploads\\\/2009\\\/10\\\/giacomo-deon-pasticcere.jpg\"},{\"@type\":\"BreadcrumbList\",\"@id\":\"https:\\\/\\\/www.bellunopress.it\\\/2012\\\/11\\\/20\\\/giacomo-deon-e-il-nuovo-presidente-dellunione-artigiani-e-piccola-industria-di-belluno\\\/#breadcrumb\",\"itemListElement\":[{\"@type\":\"ListItem\",\"position\":1,\"name\":\"Home\",\"item\":\"https:\\\/\\\/www.bellunopress.it\\\/\"},{\"@type\":\"ListItem\",\"position\":2,\"name\":\"Giacomo Deon \u00e8 il nuovo presidente dell&#8217;Unione artigiani e piccola industria di Belluno\"}]},{\"@type\":\"WebSite\",\"@id\":\"https:\\\/\\\/www.bellunopress.it\\\/#website\",\"url\":\"https:\\\/\\\/www.bellunopress.it\\\/\",\"name\":\"Bellunopress - Dolomiti\",\"description\":\"e-mail: redazione@bellunopress.it\",\"publisher\":{\"@id\":\"https:\\\/\\\/www.bellunopress.it\\\/#organization\"},\"potentialAction\":[{\"@type\":\"SearchAction\",\"target\":{\"@type\":\"EntryPoint\",\"urlTemplate\":\"https:\\\/\\\/www.bellunopress.it\\\/?s={search_term_string}\"},\"query-input\":{\"@type\":\"PropertyValueSpecification\",\"valueRequired\":true,\"valueName\":\"search_term_string\"}}],\"inLanguage\":\"fr-FR\"},{\"@type\":\"Organization\",\"@id\":\"https:\\\/\\\/www.bellunopress.it\\\/#organization\",\"name\":\"Bellunopress\",\"url\":\"https:\\\/\\\/www.bellunopress.it\\\/\",\"logo\":{\"@type\":\"ImageObject\",\"inLanguage\":\"fr-FR\",\"@id\":\"https:\\\/\\\/www.bellunopress.it\\\/#\\\/schema\\\/logo\\\/image\\\/\",\"url\":\"https:\\\/\\\/www.bellunopress.it\\\/wp-content\\\/uploads\\\/2011\\\/05\\\/cropped-logo-bellunopress-.jpg\",\"contentUrl\":\"https:\\\/\\\/www.bellunopress.it\\\/wp-content\\\/uploads\\\/2011\\\/05\\\/cropped-logo-bellunopress-.jpg\",\"width\":512,\"height\":512,\"caption\":\"Bellunopress\"},\"image\":{\"@id\":\"https:\\\/\\\/www.bellunopress.it\\\/#\\\/schema\\\/logo\\\/image\\\/\"},\"sameAs\":[\"https:\\\/\\\/www.facebook.com\\\/profile.php?id=100008943462799\",\"https:\\\/\\\/x.com\\\/bellunopress\",\"https:\\\/\\\/www.linkedin.com\\\/hp\\\/?dnr=JBzUWaJfMUw8vbXJJ2tVW5-I3jZKvC4wsoxE&amp;amp;amp;amp;amp;amp;trk=nav_responsive_tab_home\",\"https:\\\/\\\/www.youtube.com\\\/channel\\\/UCxL0wu1uN0_3_7hGG0306cw\"]},{\"@type\":\"Person\",\"@id\":\"https:\\\/\\\/www.bellunopress.it\\\/#\\\/schema\\\/person\\\/79bb06722b37ece1c03d3e94beb30d73\",\"name\":\"redazione\",\"image\":{\"@type\":\"ImageObject\",\"inLanguage\":\"fr-FR\",\"@id\":\"https:\\\/\\\/secure.gravatar.com\\\/avatar\\\/37d968a2e67a6fd04c169c4bdef102d0bc5d31b2546345219e348575eb80e9a0?s=96&d=mm&r=g\",\"url\":\"https:\\\/\\\/secure.gravatar.com\\\/avatar\\\/37d968a2e67a6fd04c169c4bdef102d0bc5d31b2546345219e348575eb80e9a0?s=96&d=mm&r=g\",\"contentUrl\":\"https:\\\/\\\/secure.gravatar.com\\\/avatar\\\/37d968a2e67a6fd04c169c4bdef102d0bc5d31b2546345219e348575eb80e9a0?s=96&d=mm&r=g\",\"caption\":\"redazione\"},\"sameAs\":[\"http:\\\/\\\/www.bellunopress.it\",\"https:\\\/\\\/x.com\\\/bellunopress\"],\"url\":\"https:\\\/\\\/www.bellunopress.it\\\/fr\\\/author\\\/redazione\\\/\"}]}<\/script>\n<!-- \/ Yoast SEO plugin. -->","yoast_head_json":{"title":"Giacomo Deon \u00e8 il nuovo presidente dell'Unione artigiani e piccola industria di Belluno - Bellunopress - Dolomiti","robots":{"index":"index","follow":"follow","max-snippet":"max-snippet:-1","max-image-preview":"max-image-preview:large","max-video-preview":"max-video-preview:-1"},"canonical":"https:\/\/www.bellunopress.it\/fr\/2012\/11\/20\/giacomo-deon-e-il-nuovo-presidente-dellunione-artigiani-e-piccola-industria-di-belluno\/","og_locale":"fr_FR","og_type":"article","og_title":"Giacomo Deon \u00e8 il nuovo presidente dell'Unione artigiani e piccola industria di Belluno - Bellunopress - Dolomiti","og_description":"Sar\u00e0 Giacomo Deon, pasticcere di Belluno a presiedere per i prossimi quattro anni l&#8217;Unione Artigiani e Piccola Industria. Deon \u00e8 figura nota in provincia soprattutto per aver animato molte iniziative nel settore agro-alimentare, tra cui la pluriennale partecipazione delle imprese artigiane dell&#8217;alimentazione a Sapori Italiani di Longarone e l&#8217;ideazione della Codinza, dolce tipico bellunese che [&hellip;]","og_url":"https:\/\/www.bellunopress.it\/fr\/2012\/11\/20\/giacomo-deon-e-il-nuovo-presidente-dellunione-artigiani-e-piccola-industria-di-belluno\/","og_site_name":"Bellunopress - Dolomiti","article_publisher":"https:\/\/www.facebook.com\/profile.php?id=100008943462799","article_published_time":"2012-11-20T16:44:56+00:00","og_image":[{"url":"http:\/\/www.bellunopress.it\/wp-content\/uploads\/2009\/10\/giacomo-deon-pasticcere.jpg","type":"","width":"","height":""}],"author":"redazione","twitter_card":"summary_large_image","twitter_creator":"@bellunopress","twitter_site":"@bellunopress","twitter_misc":{"\u00c9crit par":"redazione","Dur\u00e9e de lecture estim\u00e9e":"1 minute"},"schema":{"@context":"https:\/\/schema.org","@graph":[{"@type":"Article","@id":"https:\/\/www.bellunopress.it\/2012\/11\/20\/giacomo-deon-e-il-nuovo-presidente-dellunione-artigiani-e-piccola-industria-di-belluno\/#article","isPartOf":{"@id":"https:\/\/www.bellunopress.it\/2012\/11\/20\/giacomo-deon-e-il-nuovo-presidente-dellunione-artigiani-e-piccola-industria-di-belluno\/"},"author":{"name":"redazione","@id":"https:\/\/www.bellunopress.it\/#\/schema\/person\/79bb06722b37ece1c03d3e94beb30d73"},"headline":"Giacomo Deon \u00e8 il nuovo presidente dell&#8217;Unione artigiani e piccola industria di Belluno","datePublished":"2012-11-20T16:44:56+00:00","mainEntityOfPage":{"@id":"https:\/\/www.bellunopress.it\/2012\/11\/20\/giacomo-deon-e-il-nuovo-presidente-dellunione-artigiani-e-piccola-industria-di-belluno\/"},"wordCount":264,"publisher":{"@id":"https:\/\/www.bellunopress.it\/#organization"},"image":{"@id":"https:\/\/www.bellunopress.it\/2012\/11\/20\/giacomo-deon-e-il-nuovo-presidente-dellunione-artigiani-e-piccola-industria-di-belluno\/#primaryimage"},"thumbnailUrl":"http:\/\/www.bellunopress.it\/wp-content\/uploads\/2009\/10\/giacomo-deon-pasticcere.jpg","articleSection":["Lavoro, Economia, Turismo","Prima Pagina"],"inLanguage":"fr-FR"},{"@type":"WebPage","@id":"https:\/\/www.bellunopress.it\/2012\/11\/20\/giacomo-deon-e-il-nuovo-presidente-dellunione-artigiani-e-piccola-industria-di-belluno\/","url":"https:\/\/www.bellunopress.it\/2012\/11\/20\/giacomo-deon-e-il-nuovo-presidente-dellunione-artigiani-e-piccola-industria-di-belluno\/","name":"Giacomo Deon \u00e8 il nuovo presidente dell'Unione artigiani e piccola industria di Belluno - Bellunopress - Dolomiti","isPartOf":{"@id":"https:\/\/www.bellunopress.it\/#website"},"primaryImageOfPage":{"@id":"https:\/\/www.bellunopress.it\/2012\/11\/20\/giacomo-deon-e-il-nuovo-presidente-dellunione-artigiani-e-piccola-industria-di-belluno\/#primaryimage"},"image":{"@id":"https:\/\/www.bellunopress.it\/2012\/11\/20\/giacomo-deon-e-il-nuovo-presidente-dellunione-artigiani-e-piccola-industria-di-belluno\/#primaryimage"},"thumbnailUrl":"http:\/\/www.bellunopress.it\/wp-content\/uploads\/2009\/10\/giacomo-deon-pasticcere.jpg","datePublished":"2012-11-20T16:44:56+00:00","breadcrumb":{"@id":"https:\/\/www.bellunopress.it\/2012\/11\/20\/giacomo-deon-e-il-nuovo-presidente-dellunione-artigiani-e-piccola-industria-di-belluno\/#breadcrumb"},"inLanguage":"fr-FR","potentialAction":[{"@type":"ReadAction","target":["https:\/\/www.bellunopress.it\/2012\/11\/20\/giacomo-deon-e-il-nuovo-presidente-dellunione-artigiani-e-piccola-industria-di-belluno\/"]}]},{"@type":"ImageObject","inLanguage":"fr-FR","@id":"https:\/\/www.bellunopress.it\/2012\/11\/20\/giacomo-deon-e-il-nuovo-presidente-dellunione-artigiani-e-piccola-industria-di-belluno\/#primaryimage","url":"http:\/\/www.bellunopress.it\/wp-content\/uploads\/2009\/10\/giacomo-deon-pasticcere.jpg","contentUrl":"http:\/\/www.bellunopress.it\/wp-content\/uploads\/2009\/10\/giacomo-deon-pasticcere.jpg"},{"@type":"BreadcrumbList","@id":"https:\/\/www.bellunopress.it\/2012\/11\/20\/giacomo-deon-e-il-nuovo-presidente-dellunione-artigiani-e-piccola-industria-di-belluno\/#breadcrumb","itemListElement":[{"@type":"ListItem","position":1,"name":"Home","item":"https:\/\/www.bellunopress.it\/"},{"@type":"ListItem","position":2,"name":"Giacomo Deon \u00e8 il nuovo presidente dell&#8217;Unione artigiani e piccola industria di Belluno"}]},{"@type":"WebSite","@id":"https:\/\/www.bellunopress.it\/#website","url":"https:\/\/www.bellunopress.it\/","name":"Bellunopress - Dolomiti","description":"e-mail: redazione@bellunopress.it","publisher":{"@id":"https:\/\/www.bellunopress.it\/#organization"},"potentialAction":[{"@type":"SearchAction","target":{"@type":"EntryPoint","urlTemplate":"https:\/\/www.bellunopress.it\/?s={search_term_string}"},"query-input":{"@type":"PropertyValueSpecification","valueRequired":true,"valueName":"search_term_string"}}],"inLanguage":"fr-FR"},{"@type":"Organization","@id":"https:\/\/www.bellunopress.it\/#organization","name":"Bellunopress","url":"https:\/\/www.bellunopress.it\/","logo":{"@type":"ImageObject","inLanguage":"fr-FR","@id":"https:\/\/www.bellunopress.it\/#\/schema\/logo\/image\/","url":"https:\/\/www.bellunopress.it\/wp-content\/uploads\/2011\/05\/cropped-logo-bellunopress-.jpg","contentUrl":"https:\/\/www.bellunopress.it\/wp-content\/uploads\/2011\/05\/cropped-logo-bellunopress-.jpg","width":512,"height":512,"caption":"Bellunopress"},"image":{"@id":"https:\/\/www.bellunopress.it\/#\/schema\/logo\/image\/"},"sameAs":["https:\/\/www.facebook.com\/profile.php?id=100008943462799","https:\/\/x.com\/bellunopress","https:\/\/www.linkedin.com\/hp\/?dnr=JBzUWaJfMUw8vbXJJ2tVW5-I3jZKvC4wsoxE&amp;amp;amp;amp;amp;amp;trk=nav_responsive_tab_home","https:\/\/www.youtube.com\/channel\/UCxL0wu1uN0_3_7hGG0306cw"]},{"@type":"Person","@id":"https:\/\/www.bellunopress.it\/#\/schema\/person\/79bb06722b37ece1c03d3e94beb30d73","name":"r\u00e9daction","image":{"@type":"ImageObject","inLanguage":"fr-FR","@id":"https:\/\/secure.gravatar.com\/avatar\/37d968a2e67a6fd04c169c4bdef102d0bc5d31b2546345219e348575eb80e9a0?s=96&d=mm&r=g","url":"https:\/\/secure.gravatar.com\/avatar\/37d968a2e67a6fd04c169c4bdef102d0bc5d31b2546345219e348575eb80e9a0?s=96&d=mm&r=g","contentUrl":"https:\/\/secure.gravatar.com\/avatar\/37d968a2e67a6fd04c169c4bdef102d0bc5d31b2546345219e348575eb80e9a0?s=96&d=mm&r=g","caption":"redazione"},"sameAs":["http:\/\/www.bellunopress.it","https:\/\/x.com\/bellunopress"],"url":"https:\/\/www.bellunopress.it\/fr\/author\/redazione\/"}]}},"_links":{"self":[{"href":"https:\/\/www.bellunopress.it\/fr\/wp-json\/wp\/v2\/posts\/44063","targetHints":{"allow":["GET"]}}],"collection":[{"href":"https:\/\/www.bellunopress.it\/fr\/wp-json\/wp\/v2\/posts"}],"about":[{"href":"https:\/\/www.bellunopress.it\/fr\/wp-json\/wp\/v2\/types\/post"}],"author":[{"embeddable":true,"href":"https:\/\/www.bellunopress.it\/fr\/wp-json\/wp\/v2\/users\/2"}],"replies":[{"embeddable":true,"href":"https:\/\/www.bellunopress.it\/fr\/wp-json\/wp\/v2\/comments?post=44063"}],"version-history":[{"count":1,"href":"https:\/\/www.bellunopress.it\/fr\/wp-json\/wp\/v2\/posts\/44063\/revisions"}],"predecessor-version":[{"id":44064,"href":"https:\/\/www.bellunopress.it\/fr\/wp-json\/wp\/v2\/posts\/44063\/revisions\/44064"}],"wp:attachment":[{"href":"https:\/\/www.bellunopress.it\/fr\/wp-json\/wp\/v2\/media?parent=44063"}],"wp:term":[{"taxonomy":"category","embeddable":true,"href":"https:\/\/www.bellunopress.it\/fr\/wp-json\/wp\/v2\/categories?post=44063"},{"taxonomy":"post_tag","embeddable":true,"href":"https:\/\/www.bellunopress.it\/fr\/wp-json\/wp\/v2\/tags?post=44063"}],"curies":[{"name":"wp","href":"https:\/\/api.w.org\/{rel}","templated":true}]}}