{"id":44058,"date":"2012-11-20T13:06:31","date_gmt":"2012-11-20T12:06:31","guid":{"rendered":"http:\/\/www.bellunopress.it\/?p=44058"},"modified":"2012-11-20T13:06:31","modified_gmt":"2012-11-20T12:06:31","slug":"la-mostra-dellartigianato-di-feltre-ritorna-nelle-mani-dellappia","status":"publish","type":"post","link":"https:\/\/www.bellunopress.it\/fr\/2012\/11\/20\/la-mostra-dellartigianato-di-feltre-ritorna-nelle-mani-dellappia\/","title":{"rendered":"La Mostra dell&#8217;Artigianato di Feltre ritorna nelle mani dell&#8217;Appia"},"content":{"rendered":"<p><a href=\"http:\/\/www.bellunopress.it\/wp-content\/uploads\/2011\/07\/Appia.png\"><img loading=\"lazy\" decoding=\"async\" class=\"alignleft size-full wp-image-28989\" title=\"Appia\" src=\"http:\/\/www.bellunopress.it\/wp-content\/uploads\/2011\/07\/Appia.png\" alt=\"\" width=\"180\" height=\"113\" \/><\/a>Si \u00e8 riunito luned\u00ec sera il Comitato Organizzatore della Mostra dell\u2019Artigianato per deliberare in merito alla nuova presidenza e all\u2019edizione 2013.<\/p>\n<p>Dopo la rinuncia, espressa da tempo, da parte dell\u2019Ascom e da parte delle altre associazioni del Comitato la questione \u00e8 ritornata nelle mani dell\u2019Appia. Durante la riunione il presidente Luciano Gesiot e il direttore Dino Cossalter hanno accettato l\u2019incarico per la 27^ Mostra dell\u2019Artigianato. Ascom, Fondaco, Fenice, Gilf e Unione Artigiani hanno ringraziato l\u2019Appia per aver deciso di portare avanti la manifestazione e si sono resi disponibili per aiutare nell\u2019organizzazione della manifestazione.<\/p>\n<p>Il direttore, Dino Cossalter, ha proposto quindi una nuova formula per coinvolgere maggiormente le associazioni che partecipano al Comitato. All\u2019interno del Comitato ristretto che si occuper\u00e0 dei lavori della Mostra ci sar\u00e0 un rappresentante per ogni associazione in modo da portare nuove idee e sfruttare al meglio le potenzialit\u00e0 di tutti i partecipanti al Comitato.<\/p>","protected":false},"excerpt":{"rendered":"<p>Si \u00e8 riunito luned\u00ec sera il Comitato Organizzatore della Mostra dell\u2019Artigianato per deliberare in merito alla nuova presidenza e all\u2019edizione 2013. Dopo la rinuncia, espressa da tempo, da parte dell\u2019Ascom e da parte delle altre associazioni del Comitato la questione \u00e8 ritornata nelle mani dell\u2019Appia. Durante la riunione il presidente Luciano Gesiot e il direttore [&hellip;]<\/p>\n","protected":false},"author":2,"featured_media":0,"comment_status":"closed","ping_status":"open","sticky":false,"template":"","format":"standard","meta":{"footnotes":""},"categories":[36,26,8],"tags":[],"class_list":["post-44058","post","type-post","status-publish","format-standard","category-lavoro-economia","category-prima-pagina","category-societa-istituzioni"],"yoast_head":"<!-- This site is optimized with the Yoast SEO plugin v28.4 - https:\/\/yoast.com\/product\/yoast-seo-wordpress\/ -->\n<title>La Mostra dell&#039;Artigianato di Feltre ritorna nelle mani dell&#039;Appia - Bellunopress - Dolomiti<\/title>\n<meta name=\"robots\" content=\"index, follow, max-snippet:-1, max-image-preview:large, max-video-preview:-1\" \/>\n<link rel=\"canonical\" href=\"https:\/\/www.bellunopress.it\/fr\/2012\/11\/20\/la-mostra-dellartigianato-di-feltre-ritorna-nelle-mani-dellappia\/\" \/>\n<meta property=\"og:locale\" content=\"fr_FR\" \/>\n<meta property=\"og:type\" content=\"article\" \/>\n<meta property=\"og:title\" content=\"La Mostra dell&#039;Artigianato di Feltre ritorna nelle mani dell&#039;Appia - Bellunopress - Dolomiti\" \/>\n<meta property=\"og:description\" content=\"Si \u00e8 riunito luned\u00ec sera il Comitato Organizzatore della Mostra dell\u2019Artigianato per deliberare in merito alla nuova presidenza e all\u2019edizione 2013. Dopo la rinuncia, espressa da tempo, da parte dell\u2019Ascom e da parte delle altre associazioni del Comitato la questione \u00e8 ritornata nelle mani dell\u2019Appia. Durante la riunione il presidente Luciano Gesiot e il direttore [&hellip;]\" \/>\n<meta property=\"og:url\" content=\"https:\/\/www.bellunopress.it\/fr\/2012\/11\/20\/la-mostra-dellartigianato-di-feltre-ritorna-nelle-mani-dellappia\/\" \/>\n<meta property=\"og:site_name\" content=\"Bellunopress - Dolomiti\" \/>\n<meta property=\"article:publisher\" content=\"https:\/\/www.facebook.com\/profile.php?id=100008943462799\" \/>\n<meta property=\"article:published_time\" content=\"2012-11-20T12:06:31+00:00\" \/>\n<meta property=\"og:image\" content=\"http:\/\/www.bellunopress.it\/wp-content\/uploads\/2011\/07\/Appia.png\" \/>\n<meta name=\"author\" content=\"redazione\" \/>\n<meta name=\"twitter:card\" content=\"summary_large_image\" \/>\n<meta name=\"twitter:creator\" content=\"@bellunopress\" \/>\n<meta name=\"twitter:site\" content=\"@bellunopress\" \/>\n<meta name=\"twitter:label1\" content=\"\u00c9crit par\" \/>\n\t<meta name=\"twitter:data1\" content=\"redazione\" \/>\n\t<meta name=\"twitter:label2\" content=\"Dur\u00e9e de lecture estim\u00e9e\" \/>\n\t<meta name=\"twitter:data2\" content=\"1 minute\" \/>\n<script type=\"application\/ld+json\" class=\"yoast-schema-graph\">{\"@context\":\"https:\\\/\\\/schema.org\",\"@graph\":[{\"@type\":\"Article\",\"@id\":\"https:\\\/\\\/www.bellunopress.it\\\/2012\\\/11\\\/20\\\/la-mostra-dellartigianato-di-feltre-ritorna-nelle-mani-dellappia\\\/#article\",\"isPartOf\":{\"@id\":\"https:\\\/\\\/www.bellunopress.it\\\/2012\\\/11\\\/20\\\/la-mostra-dellartigianato-di-feltre-ritorna-nelle-mani-dellappia\\\/\"},\"author\":{\"name\":\"redazione\",\"@id\":\"https:\\\/\\\/www.bellunopress.it\\\/#\\\/schema\\\/person\\\/79bb06722b37ece1c03d3e94beb30d73\"},\"headline\":\"La Mostra dell&#8217;Artigianato di Feltre ritorna nelle mani dell&#8217;Appia\",\"datePublished\":\"2012-11-20T12:06:31+00:00\",\"mainEntityOfPage\":{\"@id\":\"https:\\\/\\\/www.bellunopress.it\\\/2012\\\/11\\\/20\\\/la-mostra-dellartigianato-di-feltre-ritorna-nelle-mani-dellappia\\\/\"},\"wordCount\":164,\"publisher\":{\"@id\":\"https:\\\/\\\/www.bellunopress.it\\\/#organization\"},\"image\":{\"@id\":\"https:\\\/\\\/www.bellunopress.it\\\/2012\\\/11\\\/20\\\/la-mostra-dellartigianato-di-feltre-ritorna-nelle-mani-dellappia\\\/#primaryimage\"},\"thumbnailUrl\":\"http:\\\/\\\/www.bellunopress.it\\\/wp-content\\\/uploads\\\/2011\\\/07\\\/Appia.png\",\"articleSection\":[\"Lavoro, Economia, Turismo\",\"Prima Pagina\",\"Societ\u00e0, Associazioni, Istituzioni\"],\"inLanguage\":\"fr-FR\"},{\"@type\":\"WebPage\",\"@id\":\"https:\\\/\\\/www.bellunopress.it\\\/2012\\\/11\\\/20\\\/la-mostra-dellartigianato-di-feltre-ritorna-nelle-mani-dellappia\\\/\",\"url\":\"https:\\\/\\\/www.bellunopress.it\\\/2012\\\/11\\\/20\\\/la-mostra-dellartigianato-di-feltre-ritorna-nelle-mani-dellappia\\\/\",\"name\":\"La Mostra dell'Artigianato di Feltre ritorna nelle mani dell'Appia - Bellunopress - Dolomiti\",\"isPartOf\":{\"@id\":\"https:\\\/\\\/www.bellunopress.it\\\/#website\"},\"primaryImageOfPage\":{\"@id\":\"https:\\\/\\\/www.bellunopress.it\\\/2012\\\/11\\\/20\\\/la-mostra-dellartigianato-di-feltre-ritorna-nelle-mani-dellappia\\\/#primaryimage\"},\"image\":{\"@id\":\"https:\\\/\\\/www.bellunopress.it\\\/2012\\\/11\\\/20\\\/la-mostra-dellartigianato-di-feltre-ritorna-nelle-mani-dellappia\\\/#primaryimage\"},\"thumbnailUrl\":\"http:\\\/\\\/www.bellunopress.it\\\/wp-content\\\/uploads\\\/2011\\\/07\\\/Appia.png\",\"datePublished\":\"2012-11-20T12:06:31+00:00\",\"breadcrumb\":{\"@id\":\"https:\\\/\\\/www.bellunopress.it\\\/2012\\\/11\\\/20\\\/la-mostra-dellartigianato-di-feltre-ritorna-nelle-mani-dellappia\\\/#breadcrumb\"},\"inLanguage\":\"fr-FR\",\"potentialAction\":[{\"@type\":\"ReadAction\",\"target\":[\"https:\\\/\\\/www.bellunopress.it\\\/2012\\\/11\\\/20\\\/la-mostra-dellartigianato-di-feltre-ritorna-nelle-mani-dellappia\\\/\"]}]},{\"@type\":\"ImageObject\",\"inLanguage\":\"fr-FR\",\"@id\":\"https:\\\/\\\/www.bellunopress.it\\\/2012\\\/11\\\/20\\\/la-mostra-dellartigianato-di-feltre-ritorna-nelle-mani-dellappia\\\/#primaryimage\",\"url\":\"http:\\\/\\\/www.bellunopress.it\\\/wp-content\\\/uploads\\\/2011\\\/07\\\/Appia.png\",\"contentUrl\":\"http:\\\/\\\/www.bellunopress.it\\\/wp-content\\\/uploads\\\/2011\\\/07\\\/Appia.png\"},{\"@type\":\"BreadcrumbList\",\"@id\":\"https:\\\/\\\/www.bellunopress.it\\\/2012\\\/11\\\/20\\\/la-mostra-dellartigianato-di-feltre-ritorna-nelle-mani-dellappia\\\/#breadcrumb\",\"itemListElement\":[{\"@type\":\"ListItem\",\"position\":1,\"name\":\"Home\",\"item\":\"https:\\\/\\\/www.bellunopress.it\\\/\"},{\"@type\":\"ListItem\",\"position\":2,\"name\":\"La Mostra dell&#8217;Artigianato di Feltre ritorna nelle mani dell&#8217;Appia\"}]},{\"@type\":\"WebSite\",\"@id\":\"https:\\\/\\\/www.bellunopress.it\\\/#website\",\"url\":\"https:\\\/\\\/www.bellunopress.it\\\/\",\"name\":\"Bellunopress - Dolomiti\",\"description\":\"e-mail: redazione@bellunopress.it\",\"publisher\":{\"@id\":\"https:\\\/\\\/www.bellunopress.it\\\/#organization\"},\"potentialAction\":[{\"@type\":\"SearchAction\",\"target\":{\"@type\":\"EntryPoint\",\"urlTemplate\":\"https:\\\/\\\/www.bellunopress.it\\\/?s={search_term_string}\"},\"query-input\":{\"@type\":\"PropertyValueSpecification\",\"valueRequired\":true,\"valueName\":\"search_term_string\"}}],\"inLanguage\":\"fr-FR\"},{\"@type\":\"Organization\",\"@id\":\"https:\\\/\\\/www.bellunopress.it\\\/#organization\",\"name\":\"Bellunopress\",\"url\":\"https:\\\/\\\/www.bellunopress.it\\\/\",\"logo\":{\"@type\":\"ImageObject\",\"inLanguage\":\"fr-FR\",\"@id\":\"https:\\\/\\\/www.bellunopress.it\\\/#\\\/schema\\\/logo\\\/image\\\/\",\"url\":\"https:\\\/\\\/www.bellunopress.it\\\/wp-content\\\/uploads\\\/2011\\\/05\\\/cropped-logo-bellunopress-.jpg\",\"contentUrl\":\"https:\\\/\\\/www.bellunopress.it\\\/wp-content\\\/uploads\\\/2011\\\/05\\\/cropped-logo-bellunopress-.jpg\",\"width\":512,\"height\":512,\"caption\":\"Bellunopress\"},\"image\":{\"@id\":\"https:\\\/\\\/www.bellunopress.it\\\/#\\\/schema\\\/logo\\\/image\\\/\"},\"sameAs\":[\"https:\\\/\\\/www.facebook.com\\\/profile.php?id=100008943462799\",\"https:\\\/\\\/x.com\\\/bellunopress\",\"https:\\\/\\\/www.linkedin.com\\\/hp\\\/?dnr=JBzUWaJfMUw8vbXJJ2tVW5-I3jZKvC4wsoxE&amp;amp;amp;amp;amp;amp;trk=nav_responsive_tab_home\",\"https:\\\/\\\/www.youtube.com\\\/channel\\\/UCxL0wu1uN0_3_7hGG0306cw\"]},{\"@type\":\"Person\",\"@id\":\"https:\\\/\\\/www.bellunopress.it\\\/#\\\/schema\\\/person\\\/79bb06722b37ece1c03d3e94beb30d73\",\"name\":\"redazione\",\"image\":{\"@type\":\"ImageObject\",\"inLanguage\":\"fr-FR\",\"@id\":\"https:\\\/\\\/secure.gravatar.com\\\/avatar\\\/37d968a2e67a6fd04c169c4bdef102d0bc5d31b2546345219e348575eb80e9a0?s=96&d=mm&r=g\",\"url\":\"https:\\\/\\\/secure.gravatar.com\\\/avatar\\\/37d968a2e67a6fd04c169c4bdef102d0bc5d31b2546345219e348575eb80e9a0?s=96&d=mm&r=g\",\"contentUrl\":\"https:\\\/\\\/secure.gravatar.com\\\/avatar\\\/37d968a2e67a6fd04c169c4bdef102d0bc5d31b2546345219e348575eb80e9a0?s=96&d=mm&r=g\",\"caption\":\"redazione\"},\"sameAs\":[\"http:\\\/\\\/www.bellunopress.it\",\"https:\\\/\\\/x.com\\\/bellunopress\"],\"url\":\"https:\\\/\\\/www.bellunopress.it\\\/fr\\\/author\\\/redazione\\\/\"}]}<\/script>\n<!-- \/ Yoast SEO plugin. -->","yoast_head_json":{"title":"La Mostra dell'Artigianato di Feltre ritorna nelle mani dell'Appia - Bellunopress - Dolomiti","robots":{"index":"index","follow":"follow","max-snippet":"max-snippet:-1","max-image-preview":"max-image-preview:large","max-video-preview":"max-video-preview:-1"},"canonical":"https:\/\/www.bellunopress.it\/fr\/2012\/11\/20\/la-mostra-dellartigianato-di-feltre-ritorna-nelle-mani-dellappia\/","og_locale":"fr_FR","og_type":"article","og_title":"La Mostra dell'Artigianato di Feltre ritorna nelle mani dell'Appia - Bellunopress - Dolomiti","og_description":"Si \u00e8 riunito luned\u00ec sera il Comitato Organizzatore della Mostra dell\u2019Artigianato per deliberare in merito alla nuova presidenza e all\u2019edizione 2013. Dopo la rinuncia, espressa da tempo, da parte dell\u2019Ascom e da parte delle altre associazioni del Comitato la questione \u00e8 ritornata nelle mani dell\u2019Appia. Durante la riunione il presidente Luciano Gesiot e il direttore [&hellip;]","og_url":"https:\/\/www.bellunopress.it\/fr\/2012\/11\/20\/la-mostra-dellartigianato-di-feltre-ritorna-nelle-mani-dellappia\/","og_site_name":"Bellunopress - Dolomiti","article_publisher":"https:\/\/www.facebook.com\/profile.php?id=100008943462799","article_published_time":"2012-11-20T12:06:31+00:00","og_image":[{"url":"http:\/\/www.bellunopress.it\/wp-content\/uploads\/2011\/07\/Appia.png","type":"","width":"","height":""}],"author":"redazione","twitter_card":"summary_large_image","twitter_creator":"@bellunopress","twitter_site":"@bellunopress","twitter_misc":{"\u00c9crit par":"redazione","Dur\u00e9e de lecture estim\u00e9e":"1 minute"},"schema":{"@context":"https:\/\/schema.org","@graph":[{"@type":"Article","@id":"https:\/\/www.bellunopress.it\/2012\/11\/20\/la-mostra-dellartigianato-di-feltre-ritorna-nelle-mani-dellappia\/#article","isPartOf":{"@id":"https:\/\/www.bellunopress.it\/2012\/11\/20\/la-mostra-dellartigianato-di-feltre-ritorna-nelle-mani-dellappia\/"},"author":{"name":"redazione","@id":"https:\/\/www.bellunopress.it\/#\/schema\/person\/79bb06722b37ece1c03d3e94beb30d73"},"headline":"La Mostra dell&#8217;Artigianato di Feltre ritorna nelle mani dell&#8217;Appia","datePublished":"2012-11-20T12:06:31+00:00","mainEntityOfPage":{"@id":"https:\/\/www.bellunopress.it\/2012\/11\/20\/la-mostra-dellartigianato-di-feltre-ritorna-nelle-mani-dellappia\/"},"wordCount":164,"publisher":{"@id":"https:\/\/www.bellunopress.it\/#organization"},"image":{"@id":"https:\/\/www.bellunopress.it\/2012\/11\/20\/la-mostra-dellartigianato-di-feltre-ritorna-nelle-mani-dellappia\/#primaryimage"},"thumbnailUrl":"http:\/\/www.bellunopress.it\/wp-content\/uploads\/2011\/07\/Appia.png","articleSection":["Lavoro, Economia, Turismo","Prima Pagina","Societ\u00e0, Associazioni, Istituzioni"],"inLanguage":"fr-FR"},{"@type":"WebPage","@id":"https:\/\/www.bellunopress.it\/2012\/11\/20\/la-mostra-dellartigianato-di-feltre-ritorna-nelle-mani-dellappia\/","url":"https:\/\/www.bellunopress.it\/2012\/11\/20\/la-mostra-dellartigianato-di-feltre-ritorna-nelle-mani-dellappia\/","name":"La Mostra dell'Artigianato di Feltre ritorna nelle mani dell'Appia - Bellunopress - Dolomiti","isPartOf":{"@id":"https:\/\/www.bellunopress.it\/#website"},"primaryImageOfPage":{"@id":"https:\/\/www.bellunopress.it\/2012\/11\/20\/la-mostra-dellartigianato-di-feltre-ritorna-nelle-mani-dellappia\/#primaryimage"},"image":{"@id":"https:\/\/www.bellunopress.it\/2012\/11\/20\/la-mostra-dellartigianato-di-feltre-ritorna-nelle-mani-dellappia\/#primaryimage"},"thumbnailUrl":"http:\/\/www.bellunopress.it\/wp-content\/uploads\/2011\/07\/Appia.png","datePublished":"2012-11-20T12:06:31+00:00","breadcrumb":{"@id":"https:\/\/www.bellunopress.it\/2012\/11\/20\/la-mostra-dellartigianato-di-feltre-ritorna-nelle-mani-dellappia\/#breadcrumb"},"inLanguage":"fr-FR","potentialAction":[{"@type":"ReadAction","target":["https:\/\/www.bellunopress.it\/2012\/11\/20\/la-mostra-dellartigianato-di-feltre-ritorna-nelle-mani-dellappia\/"]}]},{"@type":"ImageObject","inLanguage":"fr-FR","@id":"https:\/\/www.bellunopress.it\/2012\/11\/20\/la-mostra-dellartigianato-di-feltre-ritorna-nelle-mani-dellappia\/#primaryimage","url":"http:\/\/www.bellunopress.it\/wp-content\/uploads\/2011\/07\/Appia.png","contentUrl":"http:\/\/www.bellunopress.it\/wp-content\/uploads\/2011\/07\/Appia.png"},{"@type":"BreadcrumbList","@id":"https:\/\/www.bellunopress.it\/2012\/11\/20\/la-mostra-dellartigianato-di-feltre-ritorna-nelle-mani-dellappia\/#breadcrumb","itemListElement":[{"@type":"ListItem","position":1,"name":"Home","item":"https:\/\/www.bellunopress.it\/"},{"@type":"ListItem","position":2,"name":"La Mostra dell&#8217;Artigianato di Feltre ritorna nelle mani dell&#8217;Appia"}]},{"@type":"WebSite","@id":"https:\/\/www.bellunopress.it\/#website","url":"https:\/\/www.bellunopress.it\/","name":"Bellunopress - Dolomiti","description":"e-mail: redazione@bellunopress.it","publisher":{"@id":"https:\/\/www.bellunopress.it\/#organization"},"potentialAction":[{"@type":"SearchAction","target":{"@type":"EntryPoint","urlTemplate":"https:\/\/www.bellunopress.it\/?s={search_term_string}"},"query-input":{"@type":"PropertyValueSpecification","valueRequired":true,"valueName":"search_term_string"}}],"inLanguage":"fr-FR"},{"@type":"Organization","@id":"https:\/\/www.bellunopress.it\/#organization","name":"Bellunopress","url":"https:\/\/www.bellunopress.it\/","logo":{"@type":"ImageObject","inLanguage":"fr-FR","@id":"https:\/\/www.bellunopress.it\/#\/schema\/logo\/image\/","url":"https:\/\/www.bellunopress.it\/wp-content\/uploads\/2011\/05\/cropped-logo-bellunopress-.jpg","contentUrl":"https:\/\/www.bellunopress.it\/wp-content\/uploads\/2011\/05\/cropped-logo-bellunopress-.jpg","width":512,"height":512,"caption":"Bellunopress"},"image":{"@id":"https:\/\/www.bellunopress.it\/#\/schema\/logo\/image\/"},"sameAs":["https:\/\/www.facebook.com\/profile.php?id=100008943462799","https:\/\/x.com\/bellunopress","https:\/\/www.linkedin.com\/hp\/?dnr=JBzUWaJfMUw8vbXJJ2tVW5-I3jZKvC4wsoxE&amp;amp;amp;amp;amp;amp;trk=nav_responsive_tab_home","https:\/\/www.youtube.com\/channel\/UCxL0wu1uN0_3_7hGG0306cw"]},{"@type":"Person","@id":"https:\/\/www.bellunopress.it\/#\/schema\/person\/79bb06722b37ece1c03d3e94beb30d73","name":"r\u00e9daction","image":{"@type":"ImageObject","inLanguage":"fr-FR","@id":"https:\/\/secure.gravatar.com\/avatar\/37d968a2e67a6fd04c169c4bdef102d0bc5d31b2546345219e348575eb80e9a0?s=96&d=mm&r=g","url":"https:\/\/secure.gravatar.com\/avatar\/37d968a2e67a6fd04c169c4bdef102d0bc5d31b2546345219e348575eb80e9a0?s=96&d=mm&r=g","contentUrl":"https:\/\/secure.gravatar.com\/avatar\/37d968a2e67a6fd04c169c4bdef102d0bc5d31b2546345219e348575eb80e9a0?s=96&d=mm&r=g","caption":"redazione"},"sameAs":["http:\/\/www.bellunopress.it","https:\/\/x.com\/bellunopress"],"url":"https:\/\/www.bellunopress.it\/fr\/author\/redazione\/"}]}},"_links":{"self":[{"href":"https:\/\/www.bellunopress.it\/fr\/wp-json\/wp\/v2\/posts\/44058","targetHints":{"allow":["GET"]}}],"collection":[{"href":"https:\/\/www.bellunopress.it\/fr\/wp-json\/wp\/v2\/posts"}],"about":[{"href":"https:\/\/www.bellunopress.it\/fr\/wp-json\/wp\/v2\/types\/post"}],"author":[{"embeddable":true,"href":"https:\/\/www.bellunopress.it\/fr\/wp-json\/wp\/v2\/users\/2"}],"replies":[{"embeddable":true,"href":"https:\/\/www.bellunopress.it\/fr\/wp-json\/wp\/v2\/comments?post=44058"}],"version-history":[{"count":1,"href":"https:\/\/www.bellunopress.it\/fr\/wp-json\/wp\/v2\/posts\/44058\/revisions"}],"predecessor-version":[{"id":44059,"href":"https:\/\/www.bellunopress.it\/fr\/wp-json\/wp\/v2\/posts\/44058\/revisions\/44059"}],"wp:attachment":[{"href":"https:\/\/www.bellunopress.it\/fr\/wp-json\/wp\/v2\/media?parent=44058"}],"wp:term":[{"taxonomy":"category","embeddable":true,"href":"https:\/\/www.bellunopress.it\/fr\/wp-json\/wp\/v2\/categories?post=44058"},{"taxonomy":"post_tag","embeddable":true,"href":"https:\/\/www.bellunopress.it\/fr\/wp-json\/wp\/v2\/tags?post=44058"}],"curies":[{"name":"wp","href":"https:\/\/api.w.org\/{rel}","templated":true}]}}