{"id":44056,"date":"2012-11-20T11:40:18","date_gmt":"2012-11-20T10:40:18","guid":{"rendered":"http:\/\/www.bellunopress.it\/?p=44056"},"modified":"2012-11-20T11:40:18","modified_gmt":"2012-11-20T10:40:18","slug":"corso-di-cake-design-natalizio-a-belluno-sabato-15-dicembre-da-cucina-con-rob-alla-sades-impianti","status":"publish","type":"post","link":"https:\/\/www.bellunopress.it\/fr\/2012\/11\/20\/corso-di-cake-design-natalizio-a-belluno-sabato-15-dicembre-da-cucina-con-rob-alla-sades-impianti\/","title":{"rendered":"Corso di cake design natalizio a Belluno. Sabato 15 dicembre da Cucina con Rob alla Sades Impianti"},"content":{"rendered":"<p><span style=\"font-family: Cambria;\"><span style=\"font-size: small;\">Aspiranti \u201cBoss delle torte\u201d bellunesi sono chiamati a raccolta.\u00a0\u00a0<\/span><\/span><span style=\"font-family: Cambria;\"><span style=\"font-size: small;\">Cucina con Rob, presso la\u00a0Sades Impianti di Belluno, ospita <\/span><\/span><span style=\"font-family: Cambria;\"><span style=\"font-size: small;\"><strong>sabato 15 dicembre<\/strong><\/span><\/span><span style=\"font-family: Cambria;\"><span style=\"font-size: small;\">\u00a0l\u2019associazione <\/span><\/span><span style=\"font-family: Cambria;\"><span style=\"font-size: small;\"><span style=\"text-decoration: underline;\"><a href=\"http:\/\/www.tortechepassione.it\/\">&#8220;Torte che passione&#8221;<\/a>,<\/span><\/span><\/span><span style=\"font-family: Cambria;\"><span style=\"font-size: small;\"> con un <\/span><\/span><span style=\"font-family: Cambria;\"><span style=\"font-size: small;\"><strong>corso\u00a0per imparare a decorare con la pasta di zucchero il panettone<\/strong><\/span><\/span><span style=\"font-family: Cambria;\"><span style=\"font-size: small;\">, proprio con tecniche simili a quelle del celebre reality show ambientato nella pasticceria newyorkese \u201cDa Carlo\u201d, in onda su \u201cReal Time\u201d.<\/span><\/span><\/p>\n<p align=\"justify\">\u00a0<\/p>\n<figure id=\"attachment_34181\" aria-describedby=\"caption-attachment-34181\" style=\"width: 251px\" class=\"wp-caption alignleft\"><a href=\"http:\/\/www.bellunopress.it\/wp-content\/uploads\/2012\/01\/roberta-de-salvador-002.jpg\"><img loading=\"lazy\" decoding=\"async\" class=\"size-full wp-image-34181\" title=\"roberta de salvador 002\" src=\"http:\/\/www.bellunopress.it\/wp-content\/uploads\/2012\/01\/roberta-de-salvador-002.jpg\" alt=\"\" width=\"251\" height=\"270\" \/><\/a><figcaption id=\"caption-attachment-34181\" class=\"wp-caption-text\">Roberta De Salvador<\/figcaption><\/figure>\n<p align=\"justify\"><span style=\"font-family: Cambria;\"><span style=\"font-size: small;\">La lezione durer\u00e0 <\/span><\/span><span style=\"font-family: Cambria;\"><span style=\"font-size: small;\"><strong>4 ore<\/strong><\/span><\/span><span style=\"font-family: Cambria;\"><span style=\"font-size: small;\"> e avr\u00e0 un costo di\u00a0<\/span><\/span><span style=\"font-family: Cambria;\"><span style=\"font-size: small;\"><strong>60 euro<\/strong><\/span><\/span><span style=\"font-family: Cambria;\"><span style=\"font-size: small;\">. \u00a0Il corso si svolger\u00e0 su due turni e si potr\u00e0, quindi, scegliere tra: il mattino <\/span><\/span><span style=\"font-family: Cambria;\"><span style=\"font-size: small;\"><strong>dalle 9 alle 13, oppure<\/strong><\/span><\/span><span style=\"font-family: Cambria;\"><span style=\"font-size: small;\"> il pomeriggio <\/span><\/span><span style=\"font-family: Cambria;\"><span style=\"font-size: small;\"><strong>dalle 14 alle 18<\/strong><\/span><\/span><span style=\"font-family: Cambria;\"><span style=\"font-size: small;\">.<\/span><\/span><\/p>\n<p align=\"justify\">\u00a0<span style=\"font-family: Cambria;\"><span style=\"font-size: small;\">Tutto il materiale necessario sar\u00e0 fornito in loco.\u00a0A tutti i partecipanti sar\u00e0 dato, inoltre,\u00a0i<\/span><\/span><span style=\"font-family: Cambria;\"><span style=\"font-size: small;\"><strong>n omaggio un set di stampini ad espulsione per la stella di Natale<\/strong><\/span><\/span><span style=\"font-family: Cambria;\"><span style=\"font-size: small;\">.<\/span><\/span><\/p>\n<p align=\"justify\">\u00a0<span style=\"font-family: Cambria;\"><span style=\"font-size: small;\">Il numero\u00a0<\/span><\/span><span style=\"font-family: Cambria;\"><span style=\"font-size: small;\">minimo<\/span><\/span><span style=\"font-family: Cambria;\"><span style=\"font-size: small;\">\u00a0di partecipanti per corso \u00e8 di\u00a0<\/span><\/span><span style=\"font-family: Cambria;\"><span style=\"font-size: small;\">8 persone<\/span><\/span><span style=\"font-family: Cambria;\"><span style=\"font-size: small;\">, il\u00a0massimo\u00a0di\u00a014.<\/span><\/span><\/p>\n<p align=\"justify\">\u00a0<span style=\"font-family: Cambria;\"><span style=\"font-size: small;\">Per<\/span><\/span><span style=\"font-family: Cambria;\"><span style=\"font-size: small;\"><strong> iscriversi<\/strong><\/span><\/span><span style=\"font-family: Cambria;\"><span style=\"font-size: small;\"> \u00e8 necessario compilare il <\/span><\/span><a href=\"http:\/\/www.cucinaconrob.it\/corsi\/cake-design-15-dicembre\/\"><span style=\"font-family: Cambria;\"><span style=\"font-size: small;\"><span style=\"text-decoration: underline;\"><strong>modulo online<\/strong><\/span><\/span><\/span><\/a><span style=\"font-family: Cambria;\"><span style=\"font-size: small;\"> presente su <\/span><\/span><span style=\"color: #0000ff;\"><span style=\"text-decoration: underline;\"><a href=\"http:\/\/www.cucinaconrob.it\/\"><span style=\"color: #000000;\"><span style=\"font-family: Cambria;\"><span style=\"font-size: small;\"><strong>www.cucinaconrob.it<\/strong><\/span><\/span><\/span><\/a><\/span><\/span><span style=\"font-family: Cambria;\"><span style=\"font-size: small;\"> e, dopo aver ricevuto conferma via e-mail dall&#8217;associazione \u201cTorte che passione\u201d, fare un bonifico anticipato.\u00a0<\/span><\/span><\/p>\n<p>\u00a0<span style=\"font-family: Cambria;\"><span style=\"font-size: small;\">Proseguono, sempre nella stessa sede in zona aeroporto a Belluno, anche gli ultimi corsi pratici di cucina a tema (35 euro, dalle 19.30 alle 22.30) della stagione autunno-inverno. Ci sono posti disponibili per <\/span><\/span><span style=\"color: #0000ff;\"><span style=\"text-decoration: underline;\"><a href=\"http:\/\/www.facebook.com\/events\/437746746282895\/\"><span style=\"color: #000000;\"><span style=\"font-family: Cambria;\"><span style=\"font-size: small;\">\u201cCarne rossa\u201d<\/span><\/span><\/span><\/a><\/span><\/span><span style=\"font-family: Cambria;\"><span style=\"font-size: small;\"> (23 novembre, 6 dicembre), <\/span><\/span><span style=\"color: #0000ff;\"><span style=\"text-decoration: underline;\"><a href=\"http:\/\/www.facebook.com\/events\/516178158411182\/\"><span style=\"color: #000000;\"><span style=\"font-family: Cambria;\"><span style=\"font-size: small;\">\u201cPesce bianco e azzurro\u201d<\/span><\/span><\/span><\/a><\/span><\/span><span style=\"font-family: Cambria;\"><span style=\"font-size: small;\"> (30 novembre), <\/span><\/span><span style=\"color: #0000ff;\"><span style=\"text-decoration: underline;\"><a href=\"http:\/\/www.facebook.com\/events\/321021034671840\/\"><span style=\"color: #000000;\"><span style=\"font-family: Cambria;\"><span style=\"font-size: small;\">\u201cDolci al cucchiaio 2\u201d<\/span><\/span><\/span><\/a><\/span><\/span><span style=\"font-family: Cambria;\"><span style=\"font-size: small;\"> (4 dicembre) e <\/span><\/span><span style=\"color: #0000ff;\"><span style=\"text-decoration: underline;\"><a href=\"http:\/\/www.facebook.com\/events\/415433238512828\/\"><span style=\"color: #000000;\"><span style=\"font-family: Cambria;\"><span style=\"font-size: small;\">\u201cMen\u00f9 di Natale\u201c<\/span><\/span><\/span><\/a><\/span><\/span><span style=\"font-family: Cambria;\"><span style=\"font-size: small;\"> (11 dicembre). Tutte le informazioni sono reperibili su <\/span><\/span><span style=\"color: #0000ff;\"><span style=\"text-decoration: underline;\"><a href=\"http:\/\/www.cucinaconrob.it\/\"><span style=\"color: #000000;\"><span style=\"font-family: Cambria;\"><span style=\"font-size: small;\"><strong>www.cucinaconrob.it<\/strong><\/span><\/span><\/span><\/a><\/span><\/span><span style=\"font-family: Cambria;\"><span style=\"font-size: small;\">. Nuove date e nuovi corsi saranno disponibili da febbraio 2013. <\/span><\/span><\/p>","protected":false},"excerpt":{"rendered":"<p>Aspiranti \u201cBoss delle torte\u201d bellunesi sono chiamati a raccolta.\u00a0\u00a0Cucina con Rob, presso la\u00a0Sades Impianti di Belluno, ospita sabato 15 dicembre\u00a0l\u2019associazione &#8220;Torte che passione&#8221;, con un corso\u00a0per imparare a decorare con la pasta di zucchero il panettone, proprio con tecniche simili a quelle del celebre reality show ambientato nella pasticceria newyorkese \u201cDa Carlo\u201d, in onda su [&hellip;]<\/p>\n","protected":false},"author":2,"featured_media":0,"comment_status":"closed","ping_status":"open","sticky":false,"template":"","format":"standard","meta":{"footnotes":""},"categories":[27,25,8],"tags":[],"class_list":["post-44056","post","type-post","status-publish","format-standard","category-appuntamenti","category-pausa-caffe","category-societa-istituzioni"],"yoast_head":"<!-- This site is optimized with the Yoast SEO plugin v28.4 - https:\/\/yoast.com\/product\/yoast-seo-wordpress\/ -->\n<title>Corso di cake design natalizio a Belluno. Sabato 15 dicembre da Cucina con Rob alla Sades Impianti - Bellunopress - Dolomiti<\/title>\n<meta name=\"robots\" content=\"index, follow, max-snippet:-1, max-image-preview:large, max-video-preview:-1\" \/>\n<link rel=\"canonical\" href=\"https:\/\/www.bellunopress.it\/fr\/2012\/11\/20\/corso-di-cake-design-natalizio-a-belluno-sabato-15-dicembre-da-cucina-con-rob-alla-sades-impianti\/\" \/>\n<meta property=\"og:locale\" content=\"fr_FR\" \/>\n<meta property=\"og:type\" content=\"article\" \/>\n<meta property=\"og:title\" content=\"Corso di cake design natalizio a Belluno. Sabato 15 dicembre da Cucina con Rob alla Sades Impianti - Bellunopress - Dolomiti\" \/>\n<meta property=\"og:description\" content=\"Aspiranti \u201cBoss delle torte\u201d bellunesi sono chiamati a raccolta.\u00a0\u00a0Cucina con Rob, presso la\u00a0Sades Impianti di Belluno, ospita sabato 15 dicembre\u00a0l\u2019associazione &#8220;Torte che passione&#8221;, con un corso\u00a0per imparare a decorare con la pasta di zucchero il panettone, proprio con tecniche simili a quelle del celebre reality show ambientato nella pasticceria newyorkese \u201cDa Carlo\u201d, in onda su [&hellip;]\" \/>\n<meta property=\"og:url\" content=\"https:\/\/www.bellunopress.it\/fr\/2012\/11\/20\/corso-di-cake-design-natalizio-a-belluno-sabato-15-dicembre-da-cucina-con-rob-alla-sades-impianti\/\" \/>\n<meta property=\"og:site_name\" content=\"Bellunopress - Dolomiti\" \/>\n<meta property=\"article:publisher\" content=\"https:\/\/www.facebook.com\/profile.php?id=100008943462799\" \/>\n<meta property=\"article:published_time\" content=\"2012-11-20T10:40:18+00:00\" \/>\n<meta property=\"og:image\" content=\"http:\/\/www.bellunopress.it\/wp-content\/uploads\/2012\/01\/roberta-de-salvador-002.jpg\" \/>\n<meta name=\"author\" content=\"redazione\" \/>\n<meta name=\"twitter:card\" content=\"summary_large_image\" \/>\n<meta name=\"twitter:creator\" content=\"@bellunopress\" \/>\n<meta name=\"twitter:site\" content=\"@bellunopress\" \/>\n<meta name=\"twitter:label1\" content=\"\u00c9crit par\" \/>\n\t<meta name=\"twitter:data1\" content=\"redazione\" \/>\n\t<meta name=\"twitter:label2\" content=\"Dur\u00e9e de lecture estim\u00e9e\" \/>\n\t<meta name=\"twitter:data2\" content=\"1 minute\" \/>\n<script type=\"application\/ld+json\" class=\"yoast-schema-graph\">{\"@context\":\"https:\\\/\\\/schema.org\",\"@graph\":[{\"@type\":\"Article\",\"@id\":\"https:\\\/\\\/www.bellunopress.it\\\/2012\\\/11\\\/20\\\/corso-di-cake-design-natalizio-a-belluno-sabato-15-dicembre-da-cucina-con-rob-alla-sades-impianti\\\/#article\",\"isPartOf\":{\"@id\":\"https:\\\/\\\/www.bellunopress.it\\\/2012\\\/11\\\/20\\\/corso-di-cake-design-natalizio-a-belluno-sabato-15-dicembre-da-cucina-con-rob-alla-sades-impianti\\\/\"},\"author\":{\"name\":\"redazione\",\"@id\":\"https:\\\/\\\/www.bellunopress.it\\\/#\\\/schema\\\/person\\\/79bb06722b37ece1c03d3e94beb30d73\"},\"headline\":\"Corso di cake design natalizio a Belluno. Sabato 15 dicembre da Cucina con Rob alla Sades Impianti\",\"datePublished\":\"2012-11-20T10:40:18+00:00\",\"mainEntityOfPage\":{\"@id\":\"https:\\\/\\\/www.bellunopress.it\\\/2012\\\/11\\\/20\\\/corso-di-cake-design-natalizio-a-belluno-sabato-15-dicembre-da-cucina-con-rob-alla-sades-impianti\\\/\"},\"wordCount\":254,\"publisher\":{\"@id\":\"https:\\\/\\\/www.bellunopress.it\\\/#organization\"},\"image\":{\"@id\":\"https:\\\/\\\/www.bellunopress.it\\\/2012\\\/11\\\/20\\\/corso-di-cake-design-natalizio-a-belluno-sabato-15-dicembre-da-cucina-con-rob-alla-sades-impianti\\\/#primaryimage\"},\"thumbnailUrl\":\"http:\\\/\\\/www.bellunopress.it\\\/wp-content\\\/uploads\\\/2012\\\/01\\\/roberta-de-salvador-002.jpg\",\"articleSection\":[\"Appuntamenti, Eventi\",\"Pausa Caff\u00e8\",\"Societ\u00e0, Associazioni, Istituzioni\"],\"inLanguage\":\"fr-FR\"},{\"@type\":\"WebPage\",\"@id\":\"https:\\\/\\\/www.bellunopress.it\\\/2012\\\/11\\\/20\\\/corso-di-cake-design-natalizio-a-belluno-sabato-15-dicembre-da-cucina-con-rob-alla-sades-impianti\\\/\",\"url\":\"https:\\\/\\\/www.bellunopress.it\\\/2012\\\/11\\\/20\\\/corso-di-cake-design-natalizio-a-belluno-sabato-15-dicembre-da-cucina-con-rob-alla-sades-impianti\\\/\",\"name\":\"Corso di cake design natalizio a Belluno. Sabato 15 dicembre da Cucina con Rob alla Sades Impianti - Bellunopress - Dolomiti\",\"isPartOf\":{\"@id\":\"https:\\\/\\\/www.bellunopress.it\\\/#website\"},\"primaryImageOfPage\":{\"@id\":\"https:\\\/\\\/www.bellunopress.it\\\/2012\\\/11\\\/20\\\/corso-di-cake-design-natalizio-a-belluno-sabato-15-dicembre-da-cucina-con-rob-alla-sades-impianti\\\/#primaryimage\"},\"image\":{\"@id\":\"https:\\\/\\\/www.bellunopress.it\\\/2012\\\/11\\\/20\\\/corso-di-cake-design-natalizio-a-belluno-sabato-15-dicembre-da-cucina-con-rob-alla-sades-impianti\\\/#primaryimage\"},\"thumbnailUrl\":\"http:\\\/\\\/www.bellunopress.it\\\/wp-content\\\/uploads\\\/2012\\\/01\\\/roberta-de-salvador-002.jpg\",\"datePublished\":\"2012-11-20T10:40:18+00:00\",\"breadcrumb\":{\"@id\":\"https:\\\/\\\/www.bellunopress.it\\\/2012\\\/11\\\/20\\\/corso-di-cake-design-natalizio-a-belluno-sabato-15-dicembre-da-cucina-con-rob-alla-sades-impianti\\\/#breadcrumb\"},\"inLanguage\":\"fr-FR\",\"potentialAction\":[{\"@type\":\"ReadAction\",\"target\":[\"https:\\\/\\\/www.bellunopress.it\\\/2012\\\/11\\\/20\\\/corso-di-cake-design-natalizio-a-belluno-sabato-15-dicembre-da-cucina-con-rob-alla-sades-impianti\\\/\"]}]},{\"@type\":\"ImageObject\",\"inLanguage\":\"fr-FR\",\"@id\":\"https:\\\/\\\/www.bellunopress.it\\\/2012\\\/11\\\/20\\\/corso-di-cake-design-natalizio-a-belluno-sabato-15-dicembre-da-cucina-con-rob-alla-sades-impianti\\\/#primaryimage\",\"url\":\"http:\\\/\\\/www.bellunopress.it\\\/wp-content\\\/uploads\\\/2012\\\/01\\\/roberta-de-salvador-002.jpg\",\"contentUrl\":\"http:\\\/\\\/www.bellunopress.it\\\/wp-content\\\/uploads\\\/2012\\\/01\\\/roberta-de-salvador-002.jpg\"},{\"@type\":\"BreadcrumbList\",\"@id\":\"https:\\\/\\\/www.bellunopress.it\\\/2012\\\/11\\\/20\\\/corso-di-cake-design-natalizio-a-belluno-sabato-15-dicembre-da-cucina-con-rob-alla-sades-impianti\\\/#breadcrumb\",\"itemListElement\":[{\"@type\":\"ListItem\",\"position\":1,\"name\":\"Home\",\"item\":\"https:\\\/\\\/www.bellunopress.it\\\/\"},{\"@type\":\"ListItem\",\"position\":2,\"name\":\"Corso di cake design natalizio a Belluno. Sabato 15 dicembre da Cucina con Rob alla Sades Impianti\"}]},{\"@type\":\"WebSite\",\"@id\":\"https:\\\/\\\/www.bellunopress.it\\\/#website\",\"url\":\"https:\\\/\\\/www.bellunopress.it\\\/\",\"name\":\"Bellunopress - Dolomiti\",\"description\":\"e-mail: redazione@bellunopress.it\",\"publisher\":{\"@id\":\"https:\\\/\\\/www.bellunopress.it\\\/#organization\"},\"potentialAction\":[{\"@type\":\"SearchAction\",\"target\":{\"@type\":\"EntryPoint\",\"urlTemplate\":\"https:\\\/\\\/www.bellunopress.it\\\/?s={search_term_string}\"},\"query-input\":{\"@type\":\"PropertyValueSpecification\",\"valueRequired\":true,\"valueName\":\"search_term_string\"}}],\"inLanguage\":\"fr-FR\"},{\"@type\":\"Organization\",\"@id\":\"https:\\\/\\\/www.bellunopress.it\\\/#organization\",\"name\":\"Bellunopress\",\"url\":\"https:\\\/\\\/www.bellunopress.it\\\/\",\"logo\":{\"@type\":\"ImageObject\",\"inLanguage\":\"fr-FR\",\"@id\":\"https:\\\/\\\/www.bellunopress.it\\\/#\\\/schema\\\/logo\\\/image\\\/\",\"url\":\"https:\\\/\\\/www.bellunopress.it\\\/wp-content\\\/uploads\\\/2011\\\/05\\\/cropped-logo-bellunopress-.jpg\",\"contentUrl\":\"https:\\\/\\\/www.bellunopress.it\\\/wp-content\\\/uploads\\\/2011\\\/05\\\/cropped-logo-bellunopress-.jpg\",\"width\":512,\"height\":512,\"caption\":\"Bellunopress\"},\"image\":{\"@id\":\"https:\\\/\\\/www.bellunopress.it\\\/#\\\/schema\\\/logo\\\/image\\\/\"},\"sameAs\":[\"https:\\\/\\\/www.facebook.com\\\/profile.php?id=100008943462799\",\"https:\\\/\\\/x.com\\\/bellunopress\",\"https:\\\/\\\/www.linkedin.com\\\/hp\\\/?dnr=JBzUWaJfMUw8vbXJJ2tVW5-I3jZKvC4wsoxE&amp;amp;amp;amp;amp;amp;trk=nav_responsive_tab_home\",\"https:\\\/\\\/www.youtube.com\\\/channel\\\/UCxL0wu1uN0_3_7hGG0306cw\"]},{\"@type\":\"Person\",\"@id\":\"https:\\\/\\\/www.bellunopress.it\\\/#\\\/schema\\\/person\\\/79bb06722b37ece1c03d3e94beb30d73\",\"name\":\"redazione\",\"image\":{\"@type\":\"ImageObject\",\"inLanguage\":\"fr-FR\",\"@id\":\"https:\\\/\\\/secure.gravatar.com\\\/avatar\\\/37d968a2e67a6fd04c169c4bdef102d0bc5d31b2546345219e348575eb80e9a0?s=96&d=mm&r=g\",\"url\":\"https:\\\/\\\/secure.gravatar.com\\\/avatar\\\/37d968a2e67a6fd04c169c4bdef102d0bc5d31b2546345219e348575eb80e9a0?s=96&d=mm&r=g\",\"contentUrl\":\"https:\\\/\\\/secure.gravatar.com\\\/avatar\\\/37d968a2e67a6fd04c169c4bdef102d0bc5d31b2546345219e348575eb80e9a0?s=96&d=mm&r=g\",\"caption\":\"redazione\"},\"sameAs\":[\"http:\\\/\\\/www.bellunopress.it\",\"https:\\\/\\\/x.com\\\/bellunopress\"],\"url\":\"https:\\\/\\\/www.bellunopress.it\\\/fr\\\/author\\\/redazione\\\/\"}]}<\/script>\n<!-- \/ Yoast SEO plugin. -->","yoast_head_json":{"title":"Corso di cake design natalizio a Belluno. Sabato 15 dicembre da Cucina con Rob alla Sades Impianti - Bellunopress - Dolomiti","robots":{"index":"index","follow":"follow","max-snippet":"max-snippet:-1","max-image-preview":"max-image-preview:large","max-video-preview":"max-video-preview:-1"},"canonical":"https:\/\/www.bellunopress.it\/fr\/2012\/11\/20\/corso-di-cake-design-natalizio-a-belluno-sabato-15-dicembre-da-cucina-con-rob-alla-sades-impianti\/","og_locale":"fr_FR","og_type":"article","og_title":"Corso di cake design natalizio a Belluno. Sabato 15 dicembre da Cucina con Rob alla Sades Impianti - Bellunopress - Dolomiti","og_description":"Aspiranti \u201cBoss delle torte\u201d bellunesi sono chiamati a raccolta.\u00a0\u00a0Cucina con Rob, presso la\u00a0Sades Impianti di Belluno, ospita sabato 15 dicembre\u00a0l\u2019associazione &#8220;Torte che passione&#8221;, con un corso\u00a0per imparare a decorare con la pasta di zucchero il panettone, proprio con tecniche simili a quelle del celebre reality show ambientato nella pasticceria newyorkese \u201cDa Carlo\u201d, in onda su [&hellip;]","og_url":"https:\/\/www.bellunopress.it\/fr\/2012\/11\/20\/corso-di-cake-design-natalizio-a-belluno-sabato-15-dicembre-da-cucina-con-rob-alla-sades-impianti\/","og_site_name":"Bellunopress - Dolomiti","article_publisher":"https:\/\/www.facebook.com\/profile.php?id=100008943462799","article_published_time":"2012-11-20T10:40:18+00:00","og_image":[{"url":"http:\/\/www.bellunopress.it\/wp-content\/uploads\/2012\/01\/roberta-de-salvador-002.jpg","type":"","width":"","height":""}],"author":"redazione","twitter_card":"summary_large_image","twitter_creator":"@bellunopress","twitter_site":"@bellunopress","twitter_misc":{"\u00c9crit par":"redazione","Dur\u00e9e de lecture estim\u00e9e":"1 minute"},"schema":{"@context":"https:\/\/schema.org","@graph":[{"@type":"Article","@id":"https:\/\/www.bellunopress.it\/2012\/11\/20\/corso-di-cake-design-natalizio-a-belluno-sabato-15-dicembre-da-cucina-con-rob-alla-sades-impianti\/#article","isPartOf":{"@id":"https:\/\/www.bellunopress.it\/2012\/11\/20\/corso-di-cake-design-natalizio-a-belluno-sabato-15-dicembre-da-cucina-con-rob-alla-sades-impianti\/"},"author":{"name":"redazione","@id":"https:\/\/www.bellunopress.it\/#\/schema\/person\/79bb06722b37ece1c03d3e94beb30d73"},"headline":"Corso di cake design natalizio a Belluno. Sabato 15 dicembre da Cucina con Rob alla Sades Impianti","datePublished":"2012-11-20T10:40:18+00:00","mainEntityOfPage":{"@id":"https:\/\/www.bellunopress.it\/2012\/11\/20\/corso-di-cake-design-natalizio-a-belluno-sabato-15-dicembre-da-cucina-con-rob-alla-sades-impianti\/"},"wordCount":254,"publisher":{"@id":"https:\/\/www.bellunopress.it\/#organization"},"image":{"@id":"https:\/\/www.bellunopress.it\/2012\/11\/20\/corso-di-cake-design-natalizio-a-belluno-sabato-15-dicembre-da-cucina-con-rob-alla-sades-impianti\/#primaryimage"},"thumbnailUrl":"http:\/\/www.bellunopress.it\/wp-content\/uploads\/2012\/01\/roberta-de-salvador-002.jpg","articleSection":["Appuntamenti, Eventi","Pausa Caff\u00e8","Societ\u00e0, Associazioni, Istituzioni"],"inLanguage":"fr-FR"},{"@type":"WebPage","@id":"https:\/\/www.bellunopress.it\/2012\/11\/20\/corso-di-cake-design-natalizio-a-belluno-sabato-15-dicembre-da-cucina-con-rob-alla-sades-impianti\/","url":"https:\/\/www.bellunopress.it\/2012\/11\/20\/corso-di-cake-design-natalizio-a-belluno-sabato-15-dicembre-da-cucina-con-rob-alla-sades-impianti\/","name":"Corso di cake design natalizio a Belluno. Sabato 15 dicembre da Cucina con Rob alla Sades Impianti - Bellunopress - Dolomiti","isPartOf":{"@id":"https:\/\/www.bellunopress.it\/#website"},"primaryImageOfPage":{"@id":"https:\/\/www.bellunopress.it\/2012\/11\/20\/corso-di-cake-design-natalizio-a-belluno-sabato-15-dicembre-da-cucina-con-rob-alla-sades-impianti\/#primaryimage"},"image":{"@id":"https:\/\/www.bellunopress.it\/2012\/11\/20\/corso-di-cake-design-natalizio-a-belluno-sabato-15-dicembre-da-cucina-con-rob-alla-sades-impianti\/#primaryimage"},"thumbnailUrl":"http:\/\/www.bellunopress.it\/wp-content\/uploads\/2012\/01\/roberta-de-salvador-002.jpg","datePublished":"2012-11-20T10:40:18+00:00","breadcrumb":{"@id":"https:\/\/www.bellunopress.it\/2012\/11\/20\/corso-di-cake-design-natalizio-a-belluno-sabato-15-dicembre-da-cucina-con-rob-alla-sades-impianti\/#breadcrumb"},"inLanguage":"fr-FR","potentialAction":[{"@type":"ReadAction","target":["https:\/\/www.bellunopress.it\/2012\/11\/20\/corso-di-cake-design-natalizio-a-belluno-sabato-15-dicembre-da-cucina-con-rob-alla-sades-impianti\/"]}]},{"@type":"ImageObject","inLanguage":"fr-FR","@id":"https:\/\/www.bellunopress.it\/2012\/11\/20\/corso-di-cake-design-natalizio-a-belluno-sabato-15-dicembre-da-cucina-con-rob-alla-sades-impianti\/#primaryimage","url":"http:\/\/www.bellunopress.it\/wp-content\/uploads\/2012\/01\/roberta-de-salvador-002.jpg","contentUrl":"http:\/\/www.bellunopress.it\/wp-content\/uploads\/2012\/01\/roberta-de-salvador-002.jpg"},{"@type":"BreadcrumbList","@id":"https:\/\/www.bellunopress.it\/2012\/11\/20\/corso-di-cake-design-natalizio-a-belluno-sabato-15-dicembre-da-cucina-con-rob-alla-sades-impianti\/#breadcrumb","itemListElement":[{"@type":"ListItem","position":1,"name":"Home","item":"https:\/\/www.bellunopress.it\/"},{"@type":"ListItem","position":2,"name":"Corso di cake design natalizio a Belluno. Sabato 15 dicembre da Cucina con Rob alla Sades Impianti"}]},{"@type":"WebSite","@id":"https:\/\/www.bellunopress.it\/#website","url":"https:\/\/www.bellunopress.it\/","name":"Bellunopress - Dolomiti","description":"e-mail: redazione@bellunopress.it","publisher":{"@id":"https:\/\/www.bellunopress.it\/#organization"},"potentialAction":[{"@type":"SearchAction","target":{"@type":"EntryPoint","urlTemplate":"https:\/\/www.bellunopress.it\/?s={search_term_string}"},"query-input":{"@type":"PropertyValueSpecification","valueRequired":true,"valueName":"search_term_string"}}],"inLanguage":"fr-FR"},{"@type":"Organization","@id":"https:\/\/www.bellunopress.it\/#organization","name":"Bellunopress","url":"https:\/\/www.bellunopress.it\/","logo":{"@type":"ImageObject","inLanguage":"fr-FR","@id":"https:\/\/www.bellunopress.it\/#\/schema\/logo\/image\/","url":"https:\/\/www.bellunopress.it\/wp-content\/uploads\/2011\/05\/cropped-logo-bellunopress-.jpg","contentUrl":"https:\/\/www.bellunopress.it\/wp-content\/uploads\/2011\/05\/cropped-logo-bellunopress-.jpg","width":512,"height":512,"caption":"Bellunopress"},"image":{"@id":"https:\/\/www.bellunopress.it\/#\/schema\/logo\/image\/"},"sameAs":["https:\/\/www.facebook.com\/profile.php?id=100008943462799","https:\/\/x.com\/bellunopress","https:\/\/www.linkedin.com\/hp\/?dnr=JBzUWaJfMUw8vbXJJ2tVW5-I3jZKvC4wsoxE&amp;amp;amp;amp;amp;amp;trk=nav_responsive_tab_home","https:\/\/www.youtube.com\/channel\/UCxL0wu1uN0_3_7hGG0306cw"]},{"@type":"Person","@id":"https:\/\/www.bellunopress.it\/#\/schema\/person\/79bb06722b37ece1c03d3e94beb30d73","name":"r\u00e9daction","image":{"@type":"ImageObject","inLanguage":"fr-FR","@id":"https:\/\/secure.gravatar.com\/avatar\/37d968a2e67a6fd04c169c4bdef102d0bc5d31b2546345219e348575eb80e9a0?s=96&d=mm&r=g","url":"https:\/\/secure.gravatar.com\/avatar\/37d968a2e67a6fd04c169c4bdef102d0bc5d31b2546345219e348575eb80e9a0?s=96&d=mm&r=g","contentUrl":"https:\/\/secure.gravatar.com\/avatar\/37d968a2e67a6fd04c169c4bdef102d0bc5d31b2546345219e348575eb80e9a0?s=96&d=mm&r=g","caption":"redazione"},"sameAs":["http:\/\/www.bellunopress.it","https:\/\/x.com\/bellunopress"],"url":"https:\/\/www.bellunopress.it\/fr\/author\/redazione\/"}]}},"_links":{"self":[{"href":"https:\/\/www.bellunopress.it\/fr\/wp-json\/wp\/v2\/posts\/44056","targetHints":{"allow":["GET"]}}],"collection":[{"href":"https:\/\/www.bellunopress.it\/fr\/wp-json\/wp\/v2\/posts"}],"about":[{"href":"https:\/\/www.bellunopress.it\/fr\/wp-json\/wp\/v2\/types\/post"}],"author":[{"embeddable":true,"href":"https:\/\/www.bellunopress.it\/fr\/wp-json\/wp\/v2\/users\/2"}],"replies":[{"embeddable":true,"href":"https:\/\/www.bellunopress.it\/fr\/wp-json\/wp\/v2\/comments?post=44056"}],"version-history":[{"count":1,"href":"https:\/\/www.bellunopress.it\/fr\/wp-json\/wp\/v2\/posts\/44056\/revisions"}],"predecessor-version":[{"id":44057,"href":"https:\/\/www.bellunopress.it\/fr\/wp-json\/wp\/v2\/posts\/44056\/revisions\/44057"}],"wp:attachment":[{"href":"https:\/\/www.bellunopress.it\/fr\/wp-json\/wp\/v2\/media?parent=44056"}],"wp:term":[{"taxonomy":"category","embeddable":true,"href":"https:\/\/www.bellunopress.it\/fr\/wp-json\/wp\/v2\/categories?post=44056"},{"taxonomy":"post_tag","embeddable":true,"href":"https:\/\/www.bellunopress.it\/fr\/wp-json\/wp\/v2\/tags?post=44056"}],"curies":[{"name":"wp","href":"https:\/\/api.w.org\/{rel}","templated":true}]}}