{"id":44054,"date":"2012-11-20T10:44:10","date_gmt":"2012-11-20T09:44:10","guid":{"rendered":"http:\/\/www.bellunopress.it\/?p=44054"},"modified":"2012-11-20T10:44:10","modified_gmt":"2012-11-20T09:44:10","slug":"i-sistemi-di-gestione-della-sicurezza-sul-lavoro-seminario-gratuito-aperto-a-tutte-le-imprese-venerdi-23-novembre-ore-9-00-ospedale-belluno","status":"publish","type":"post","link":"https:\/\/www.bellunopress.it\/fr\/2012\/11\/20\/i-sistemi-di-gestione-della-sicurezza-sul-lavoro-seminario-gratuito-aperto-a-tutte-le-imprese-venerdi-23-novembre-ore-9-00-ospedale-belluno\/","title":{"rendered":"I Sistemi di Gestione della Sicurezza sul Lavoro: seminario gratuito aperto a tutte le imprese venerd\u00ec 23 novembre ore 9.00 Ospedale Belluno"},"content":{"rendered":"<p><a href=\"http:\/\/www.bellunopress.it\/wp-content\/uploads\/2010\/05\/lavoro.jpg\"><img loading=\"lazy\" decoding=\"async\" class=\"alignleft size-full wp-image-15655\" title=\"lavoro\" src=\"http:\/\/www.bellunopress.it\/wp-content\/uploads\/2010\/05\/lavoro.jpg\" alt=\"\" width=\"140\" height=\"112\" \/><\/a>L&#8217;Organismo Provinciale di Coordinamento per la Prevenzione e Vigilanza sul Lavoro, in collaborazione con la Camera Penale Bellunese ed il patrocinio dell&#8217;Ordine degli Avvocati organizza per venerd\u00ec 23 novembre 2012, ore 9.00, presso la Sala Riunioni dell&#8217;Ospedale San Martino di Belluno il convegno &#8220;I Sistemi di Gestione della Sicurezza sul Lavoro.<\/p>\n<p>Da qualche anno si assiste al consolidarsi di un orientamento anche legislativo che tende a premiare le aziende che adottano sistemi di gestione sicurezza sul lavoro. Le ragioni si possono sintetizzare in due finalit\u00e0. La prima \u00e8 quella di costruire le condizioni organizzative e gestionali per tutelare giuridicamente sia le persone fisiche che lavorano in azienda, creando un ambiente di lavoro sano e sicuro, che le stesse persone giuridiche (le societ\u00e0, gli enti in generale) da eventuali responsabilit\u00e0 per inadempimento delle norme in materia di sicurezza sul lavoro. La seconda motivazione \u00e8 quella che adottando un SGSL si pu\u00f2 usufruire con continuit\u00e0 di agevolazioni e di eventuali contributi previsti dalla normativa.<\/p>\n<p>Attualmente non esiste un obbligo per le aziende di implementare un Sistema di Gestione della sicurezza certificato, (come da OHSAS 18001:1999). Infatti di fronte agli \u201cobblighi organizzativi\u201d previsti dal Titolo Primo del DLgs 81\/08, le aziende possono scegliere di procedere secondo due diversi approcci: limitarsi ad un\u2019applicazione minima degli adempimenti di legge, oppure impegnarsi anche per lo sviluppo ed il consolidamento di un\u2019organizzazione aziendale della sicurezza nella quale vengano valorizzati i soggetti e gli strumenti previsti dalla normativa.<\/p>\n<p>Gli SPISAL stanno cercando di incentivare quest\u2019ultimo tipo di approccio, perch\u00e9 \u00e8 consolidato che le aziende che favoriscono e danno impulso a un\u2019organizzazione aziendale della sicurezza oltre ad applicare in modo sostanziale la normativa, usufruiscono di vantaggi gestionali, operativi e di un sistema della sicurezza ordinato e documentato, anche in assenza di certificazioni specifiche. Purtroppo mancano indicazioni operative semplificate da parte della Commissione Consultiva e diventa quindi fondamentale che Magistratura, Enti di Vigilanza e Associazioni si confrontino per arrivare ad una visione condivisa sul tema.<\/p>\n<p>Per informazioni e adesioni: Segreteria Organizzativa ULSS 1 \u2013 SPISAL Belluno Via S. Andrea, Tel 0437516927 &#8211; Fax 0437516923 &#8211; e-mail: serv.spisal.bl@ulss.belluno.it<\/p>","protected":false},"excerpt":{"rendered":"<p>L&#8217;Organismo Provinciale di Coordinamento per la Prevenzione e Vigilanza sul Lavoro, in collaborazione con la Camera Penale Bellunese ed il patrocinio dell&#8217;Ordine degli Avvocati organizza per venerd\u00ec 23 novembre 2012, ore 9.00, presso la Sala Riunioni dell&#8217;Ospedale San Martino di Belluno il convegno &#8220;I Sistemi di Gestione della Sicurezza sul Lavoro. Da qualche anno si [&hellip;]<\/p>\n","protected":false},"author":2,"featured_media":0,"comment_status":"closed","ping_status":"open","sticky":false,"template":"","format":"standard","meta":{"footnotes":""},"categories":[27,36,26,17],"tags":[],"class_list":["post-44054","post","type-post","status-publish","format-standard","category-appuntamenti","category-lavoro-economia","category-prima-pagina","category-sanita"],"yoast_head":"<!-- This site is optimized with the Yoast SEO plugin v28.4 - https:\/\/yoast.com\/product\/yoast-seo-wordpress\/ -->\n<title>I Sistemi di Gestione della Sicurezza sul Lavoro: seminario gratuito aperto a tutte le imprese venerd\u00ec 23 novembre ore 9.00 Ospedale Belluno - Bellunopress - Dolomiti<\/title>\n<meta name=\"robots\" content=\"index, follow, max-snippet:-1, max-image-preview:large, max-video-preview:-1\" \/>\n<link rel=\"canonical\" href=\"https:\/\/www.bellunopress.it\/fr\/2012\/11\/20\/i-sistemi-di-gestione-della-sicurezza-sul-lavoro-seminario-gratuito-aperto-a-tutte-le-imprese-venerdi-23-novembre-ore-9-00-ospedale-belluno\/\" \/>\n<meta property=\"og:locale\" content=\"fr_FR\" \/>\n<meta property=\"og:type\" content=\"article\" \/>\n<meta property=\"og:title\" content=\"I Sistemi di Gestione della Sicurezza sul Lavoro: seminario gratuito aperto a tutte le imprese venerd\u00ec 23 novembre ore 9.00 Ospedale Belluno - Bellunopress - Dolomiti\" \/>\n<meta property=\"og:description\" content=\"L&#8217;Organismo Provinciale di Coordinamento per la Prevenzione e Vigilanza sul Lavoro, in collaborazione con la Camera Penale Bellunese ed il patrocinio dell&#8217;Ordine degli Avvocati organizza per venerd\u00ec 23 novembre 2012, ore 9.00, presso la Sala Riunioni dell&#8217;Ospedale San Martino di Belluno il convegno &#8220;I Sistemi di Gestione della Sicurezza sul Lavoro. Da qualche anno si [&hellip;]\" \/>\n<meta property=\"og:url\" content=\"https:\/\/www.bellunopress.it\/fr\/2012\/11\/20\/i-sistemi-di-gestione-della-sicurezza-sul-lavoro-seminario-gratuito-aperto-a-tutte-le-imprese-venerdi-23-novembre-ore-9-00-ospedale-belluno\/\" \/>\n<meta property=\"og:site_name\" content=\"Bellunopress - Dolomiti\" \/>\n<meta property=\"article:publisher\" content=\"https:\/\/www.facebook.com\/profile.php?id=100008943462799\" \/>\n<meta property=\"article:published_time\" content=\"2012-11-20T09:44:10+00:00\" \/>\n<meta property=\"og:image\" content=\"http:\/\/www.bellunopress.it\/wp-content\/uploads\/2010\/05\/lavoro.jpg\" \/>\n<meta name=\"author\" content=\"redazione\" \/>\n<meta name=\"twitter:card\" content=\"summary_large_image\" \/>\n<meta name=\"twitter:creator\" content=\"@bellunopress\" \/>\n<meta name=\"twitter:site\" content=\"@bellunopress\" \/>\n<meta name=\"twitter:label1\" content=\"Written by\" \/>\n\t<meta name=\"twitter:data1\" content=\"redazione\" \/>\n\t<meta name=\"twitter:label2\" content=\"Est. reading time\" \/>\n\t<meta name=\"twitter:data2\" content=\"2 minutes\" \/>\n<script type=\"application\/ld+json\" class=\"yoast-schema-graph\">{\"@context\":\"https:\\\/\\\/schema.org\",\"@graph\":[{\"@type\":\"Article\",\"@id\":\"https:\\\/\\\/www.bellunopress.it\\\/2012\\\/11\\\/20\\\/i-sistemi-di-gestione-della-sicurezza-sul-lavoro-seminario-gratuito-aperto-a-tutte-le-imprese-venerdi-23-novembre-ore-9-00-ospedale-belluno\\\/#article\",\"isPartOf\":{\"@id\":\"https:\\\/\\\/www.bellunopress.it\\\/2012\\\/11\\\/20\\\/i-sistemi-di-gestione-della-sicurezza-sul-lavoro-seminario-gratuito-aperto-a-tutte-le-imprese-venerdi-23-novembre-ore-9-00-ospedale-belluno\\\/\"},\"author\":{\"name\":\"redazione\",\"@id\":\"https:\\\/\\\/www.bellunopress.it\\\/#\\\/schema\\\/person\\\/79bb06722b37ece1c03d3e94beb30d73\"},\"headline\":\"I Sistemi di Gestione della Sicurezza sul Lavoro: seminario gratuito aperto a tutte le imprese venerd\u00ec 23 novembre ore 9.00 Ospedale Belluno\",\"datePublished\":\"2012-11-20T09:44:10+00:00\",\"mainEntityOfPage\":{\"@id\":\"https:\\\/\\\/www.bellunopress.it\\\/2012\\\/11\\\/20\\\/i-sistemi-di-gestione-della-sicurezza-sul-lavoro-seminario-gratuito-aperto-a-tutte-le-imprese-venerdi-23-novembre-ore-9-00-ospedale-belluno\\\/\"},\"wordCount\":367,\"publisher\":{\"@id\":\"https:\\\/\\\/www.bellunopress.it\\\/#organization\"},\"image\":{\"@id\":\"https:\\\/\\\/www.bellunopress.it\\\/2012\\\/11\\\/20\\\/i-sistemi-di-gestione-della-sicurezza-sul-lavoro-seminario-gratuito-aperto-a-tutte-le-imprese-venerdi-23-novembre-ore-9-00-ospedale-belluno\\\/#primaryimage\"},\"thumbnailUrl\":\"http:\\\/\\\/www.bellunopress.it\\\/wp-content\\\/uploads\\\/2010\\\/05\\\/lavoro.jpg\",\"articleSection\":[\"Appuntamenti, Eventi\",\"Lavoro, Economia, Turismo\",\"Prima Pagina\",\"Sanit\u00e0 Medicina\"],\"inLanguage\":\"fr-FR\"},{\"@type\":\"WebPage\",\"@id\":\"https:\\\/\\\/www.bellunopress.it\\\/2012\\\/11\\\/20\\\/i-sistemi-di-gestione-della-sicurezza-sul-lavoro-seminario-gratuito-aperto-a-tutte-le-imprese-venerdi-23-novembre-ore-9-00-ospedale-belluno\\\/\",\"url\":\"https:\\\/\\\/www.bellunopress.it\\\/2012\\\/11\\\/20\\\/i-sistemi-di-gestione-della-sicurezza-sul-lavoro-seminario-gratuito-aperto-a-tutte-le-imprese-venerdi-23-novembre-ore-9-00-ospedale-belluno\\\/\",\"name\":\"I Sistemi di Gestione della Sicurezza sul Lavoro: seminario gratuito aperto a tutte le imprese venerd\u00ec 23 novembre ore 9.00 Ospedale Belluno - Bellunopress - Dolomiti\",\"isPartOf\":{\"@id\":\"https:\\\/\\\/www.bellunopress.it\\\/#website\"},\"primaryImageOfPage\":{\"@id\":\"https:\\\/\\\/www.bellunopress.it\\\/2012\\\/11\\\/20\\\/i-sistemi-di-gestione-della-sicurezza-sul-lavoro-seminario-gratuito-aperto-a-tutte-le-imprese-venerdi-23-novembre-ore-9-00-ospedale-belluno\\\/#primaryimage\"},\"image\":{\"@id\":\"https:\\\/\\\/www.bellunopress.it\\\/2012\\\/11\\\/20\\\/i-sistemi-di-gestione-della-sicurezza-sul-lavoro-seminario-gratuito-aperto-a-tutte-le-imprese-venerdi-23-novembre-ore-9-00-ospedale-belluno\\\/#primaryimage\"},\"thumbnailUrl\":\"http:\\\/\\\/www.bellunopress.it\\\/wp-content\\\/uploads\\\/2010\\\/05\\\/lavoro.jpg\",\"datePublished\":\"2012-11-20T09:44:10+00:00\",\"breadcrumb\":{\"@id\":\"https:\\\/\\\/www.bellunopress.it\\\/2012\\\/11\\\/20\\\/i-sistemi-di-gestione-della-sicurezza-sul-lavoro-seminario-gratuito-aperto-a-tutte-le-imprese-venerdi-23-novembre-ore-9-00-ospedale-belluno\\\/#breadcrumb\"},\"inLanguage\":\"fr-FR\",\"potentialAction\":[{\"@type\":\"ReadAction\",\"target\":[\"https:\\\/\\\/www.bellunopress.it\\\/2012\\\/11\\\/20\\\/i-sistemi-di-gestione-della-sicurezza-sul-lavoro-seminario-gratuito-aperto-a-tutte-le-imprese-venerdi-23-novembre-ore-9-00-ospedale-belluno\\\/\"]}]},{\"@type\":\"ImageObject\",\"inLanguage\":\"fr-FR\",\"@id\":\"https:\\\/\\\/www.bellunopress.it\\\/2012\\\/11\\\/20\\\/i-sistemi-di-gestione-della-sicurezza-sul-lavoro-seminario-gratuito-aperto-a-tutte-le-imprese-venerdi-23-novembre-ore-9-00-ospedale-belluno\\\/#primaryimage\",\"url\":\"http:\\\/\\\/www.bellunopress.it\\\/wp-content\\\/uploads\\\/2010\\\/05\\\/lavoro.jpg\",\"contentUrl\":\"http:\\\/\\\/www.bellunopress.it\\\/wp-content\\\/uploads\\\/2010\\\/05\\\/lavoro.jpg\"},{\"@type\":\"BreadcrumbList\",\"@id\":\"https:\\\/\\\/www.bellunopress.it\\\/2012\\\/11\\\/20\\\/i-sistemi-di-gestione-della-sicurezza-sul-lavoro-seminario-gratuito-aperto-a-tutte-le-imprese-venerdi-23-novembre-ore-9-00-ospedale-belluno\\\/#breadcrumb\",\"itemListElement\":[{\"@type\":\"ListItem\",\"position\":1,\"name\":\"Home\",\"item\":\"https:\\\/\\\/www.bellunopress.it\\\/\"},{\"@type\":\"ListItem\",\"position\":2,\"name\":\"I Sistemi di Gestione della Sicurezza sul Lavoro: seminario gratuito aperto a tutte le imprese venerd\u00ec 23 novembre ore 9.00 Ospedale Belluno\"}]},{\"@type\":\"WebSite\",\"@id\":\"https:\\\/\\\/www.bellunopress.it\\\/#website\",\"url\":\"https:\\\/\\\/www.bellunopress.it\\\/\",\"name\":\"Bellunopress - Dolomiti\",\"description\":\"e-mail: redazione@bellunopress.it\",\"publisher\":{\"@id\":\"https:\\\/\\\/www.bellunopress.it\\\/#organization\"},\"potentialAction\":[{\"@type\":\"SearchAction\",\"target\":{\"@type\":\"EntryPoint\",\"urlTemplate\":\"https:\\\/\\\/www.bellunopress.it\\\/?s={search_term_string}\"},\"query-input\":{\"@type\":\"PropertyValueSpecification\",\"valueRequired\":true,\"valueName\":\"search_term_string\"}}],\"inLanguage\":\"fr-FR\"},{\"@type\":\"Organization\",\"@id\":\"https:\\\/\\\/www.bellunopress.it\\\/#organization\",\"name\":\"Bellunopress\",\"url\":\"https:\\\/\\\/www.bellunopress.it\\\/\",\"logo\":{\"@type\":\"ImageObject\",\"inLanguage\":\"fr-FR\",\"@id\":\"https:\\\/\\\/www.bellunopress.it\\\/#\\\/schema\\\/logo\\\/image\\\/\",\"url\":\"https:\\\/\\\/www.bellunopress.it\\\/wp-content\\\/uploads\\\/2011\\\/05\\\/cropped-logo-bellunopress-.jpg\",\"contentUrl\":\"https:\\\/\\\/www.bellunopress.it\\\/wp-content\\\/uploads\\\/2011\\\/05\\\/cropped-logo-bellunopress-.jpg\",\"width\":512,\"height\":512,\"caption\":\"Bellunopress\"},\"image\":{\"@id\":\"https:\\\/\\\/www.bellunopress.it\\\/#\\\/schema\\\/logo\\\/image\\\/\"},\"sameAs\":[\"https:\\\/\\\/www.facebook.com\\\/profile.php?id=100008943462799\",\"https:\\\/\\\/x.com\\\/bellunopress\",\"https:\\\/\\\/www.linkedin.com\\\/hp\\\/?dnr=JBzUWaJfMUw8vbXJJ2tVW5-I3jZKvC4wsoxE&amp;amp;amp;amp;amp;amp;trk=nav_responsive_tab_home\",\"https:\\\/\\\/www.youtube.com\\\/channel\\\/UCxL0wu1uN0_3_7hGG0306cw\"]},{\"@type\":\"Person\",\"@id\":\"https:\\\/\\\/www.bellunopress.it\\\/#\\\/schema\\\/person\\\/79bb06722b37ece1c03d3e94beb30d73\",\"name\":\"redazione\",\"image\":{\"@type\":\"ImageObject\",\"inLanguage\":\"fr-FR\",\"@id\":\"https:\\\/\\\/secure.gravatar.com\\\/avatar\\\/37d968a2e67a6fd04c169c4bdef102d0bc5d31b2546345219e348575eb80e9a0?s=96&d=mm&r=g\",\"url\":\"https:\\\/\\\/secure.gravatar.com\\\/avatar\\\/37d968a2e67a6fd04c169c4bdef102d0bc5d31b2546345219e348575eb80e9a0?s=96&d=mm&r=g\",\"contentUrl\":\"https:\\\/\\\/secure.gravatar.com\\\/avatar\\\/37d968a2e67a6fd04c169c4bdef102d0bc5d31b2546345219e348575eb80e9a0?s=96&d=mm&r=g\",\"caption\":\"redazione\"},\"sameAs\":[\"http:\\\/\\\/www.bellunopress.it\",\"https:\\\/\\\/x.com\\\/bellunopress\"],\"url\":\"https:\\\/\\\/www.bellunopress.it\\\/fr\\\/author\\\/redazione\\\/\"}]}<\/script>\n<!-- \/ Yoast SEO plugin. -->","yoast_head_json":{"title":"I Sistemi di Gestione della Sicurezza sul Lavoro: seminario gratuito aperto a tutte le imprese venerd\u00ec 23 novembre ore 9.00 Ospedale Belluno - Bellunopress - Dolomiti","robots":{"index":"index","follow":"follow","max-snippet":"max-snippet:-1","max-image-preview":"max-image-preview:large","max-video-preview":"max-video-preview:-1"},"canonical":"https:\/\/www.bellunopress.it\/fr\/2012\/11\/20\/i-sistemi-di-gestione-della-sicurezza-sul-lavoro-seminario-gratuito-aperto-a-tutte-le-imprese-venerdi-23-novembre-ore-9-00-ospedale-belluno\/","og_locale":"fr_FR","og_type":"article","og_title":"I Sistemi di Gestione della Sicurezza sul Lavoro: seminario gratuito aperto a tutte le imprese venerd\u00ec 23 novembre ore 9.00 Ospedale Belluno - Bellunopress - Dolomiti","og_description":"L&#8217;Organismo Provinciale di Coordinamento per la Prevenzione e Vigilanza sul Lavoro, in collaborazione con la Camera Penale Bellunese ed il patrocinio dell&#8217;Ordine degli Avvocati organizza per venerd\u00ec 23 novembre 2012, ore 9.00, presso la Sala Riunioni dell&#8217;Ospedale San Martino di Belluno il convegno &#8220;I Sistemi di Gestione della Sicurezza sul Lavoro. Da qualche anno si [&hellip;]","og_url":"https:\/\/www.bellunopress.it\/fr\/2012\/11\/20\/i-sistemi-di-gestione-della-sicurezza-sul-lavoro-seminario-gratuito-aperto-a-tutte-le-imprese-venerdi-23-novembre-ore-9-00-ospedale-belluno\/","og_site_name":"Bellunopress - Dolomiti","article_publisher":"https:\/\/www.facebook.com\/profile.php?id=100008943462799","article_published_time":"2012-11-20T09:44:10+00:00","og_image":[{"url":"http:\/\/www.bellunopress.it\/wp-content\/uploads\/2010\/05\/lavoro.jpg","type":"","width":"","height":""}],"author":"redazione","twitter_card":"summary_large_image","twitter_creator":"@bellunopress","twitter_site":"@bellunopress","twitter_misc":{"Written by":"redazione","Est. reading time":"2 minutes"},"schema":{"@context":"https:\/\/schema.org","@graph":[{"@type":"Article","@id":"https:\/\/www.bellunopress.it\/2012\/11\/20\/i-sistemi-di-gestione-della-sicurezza-sul-lavoro-seminario-gratuito-aperto-a-tutte-le-imprese-venerdi-23-novembre-ore-9-00-ospedale-belluno\/#article","isPartOf":{"@id":"https:\/\/www.bellunopress.it\/2012\/11\/20\/i-sistemi-di-gestione-della-sicurezza-sul-lavoro-seminario-gratuito-aperto-a-tutte-le-imprese-venerdi-23-novembre-ore-9-00-ospedale-belluno\/"},"author":{"name":"redazione","@id":"https:\/\/www.bellunopress.it\/#\/schema\/person\/79bb06722b37ece1c03d3e94beb30d73"},"headline":"I Sistemi di Gestione della Sicurezza sul Lavoro: seminario gratuito aperto a tutte le imprese venerd\u00ec 23 novembre ore 9.00 Ospedale Belluno","datePublished":"2012-11-20T09:44:10+00:00","mainEntityOfPage":{"@id":"https:\/\/www.bellunopress.it\/2012\/11\/20\/i-sistemi-di-gestione-della-sicurezza-sul-lavoro-seminario-gratuito-aperto-a-tutte-le-imprese-venerdi-23-novembre-ore-9-00-ospedale-belluno\/"},"wordCount":367,"publisher":{"@id":"https:\/\/www.bellunopress.it\/#organization"},"image":{"@id":"https:\/\/www.bellunopress.it\/2012\/11\/20\/i-sistemi-di-gestione-della-sicurezza-sul-lavoro-seminario-gratuito-aperto-a-tutte-le-imprese-venerdi-23-novembre-ore-9-00-ospedale-belluno\/#primaryimage"},"thumbnailUrl":"http:\/\/www.bellunopress.it\/wp-content\/uploads\/2010\/05\/lavoro.jpg","articleSection":["Appuntamenti, Eventi","Lavoro, Economia, Turismo","Prima Pagina","Sanit\u00e0 Medicina"],"inLanguage":"fr-FR"},{"@type":"WebPage","@id":"https:\/\/www.bellunopress.it\/2012\/11\/20\/i-sistemi-di-gestione-della-sicurezza-sul-lavoro-seminario-gratuito-aperto-a-tutte-le-imprese-venerdi-23-novembre-ore-9-00-ospedale-belluno\/","url":"https:\/\/www.bellunopress.it\/2012\/11\/20\/i-sistemi-di-gestione-della-sicurezza-sul-lavoro-seminario-gratuito-aperto-a-tutte-le-imprese-venerdi-23-novembre-ore-9-00-ospedale-belluno\/","name":"I Sistemi di Gestione della Sicurezza sul Lavoro: seminario gratuito aperto a tutte le imprese venerd\u00ec 23 novembre ore 9.00 Ospedale Belluno - Bellunopress - Dolomiti","isPartOf":{"@id":"https:\/\/www.bellunopress.it\/#website"},"primaryImageOfPage":{"@id":"https:\/\/www.bellunopress.it\/2012\/11\/20\/i-sistemi-di-gestione-della-sicurezza-sul-lavoro-seminario-gratuito-aperto-a-tutte-le-imprese-venerdi-23-novembre-ore-9-00-ospedale-belluno\/#primaryimage"},"image":{"@id":"https:\/\/www.bellunopress.it\/2012\/11\/20\/i-sistemi-di-gestione-della-sicurezza-sul-lavoro-seminario-gratuito-aperto-a-tutte-le-imprese-venerdi-23-novembre-ore-9-00-ospedale-belluno\/#primaryimage"},"thumbnailUrl":"http:\/\/www.bellunopress.it\/wp-content\/uploads\/2010\/05\/lavoro.jpg","datePublished":"2012-11-20T09:44:10+00:00","breadcrumb":{"@id":"https:\/\/www.bellunopress.it\/2012\/11\/20\/i-sistemi-di-gestione-della-sicurezza-sul-lavoro-seminario-gratuito-aperto-a-tutte-le-imprese-venerdi-23-novembre-ore-9-00-ospedale-belluno\/#breadcrumb"},"inLanguage":"fr-FR","potentialAction":[{"@type":"ReadAction","target":["https:\/\/www.bellunopress.it\/2012\/11\/20\/i-sistemi-di-gestione-della-sicurezza-sul-lavoro-seminario-gratuito-aperto-a-tutte-le-imprese-venerdi-23-novembre-ore-9-00-ospedale-belluno\/"]}]},{"@type":"ImageObject","inLanguage":"fr-FR","@id":"https:\/\/www.bellunopress.it\/2012\/11\/20\/i-sistemi-di-gestione-della-sicurezza-sul-lavoro-seminario-gratuito-aperto-a-tutte-le-imprese-venerdi-23-novembre-ore-9-00-ospedale-belluno\/#primaryimage","url":"http:\/\/www.bellunopress.it\/wp-content\/uploads\/2010\/05\/lavoro.jpg","contentUrl":"http:\/\/www.bellunopress.it\/wp-content\/uploads\/2010\/05\/lavoro.jpg"},{"@type":"BreadcrumbList","@id":"https:\/\/www.bellunopress.it\/2012\/11\/20\/i-sistemi-di-gestione-della-sicurezza-sul-lavoro-seminario-gratuito-aperto-a-tutte-le-imprese-venerdi-23-novembre-ore-9-00-ospedale-belluno\/#breadcrumb","itemListElement":[{"@type":"ListItem","position":1,"name":"Home","item":"https:\/\/www.bellunopress.it\/"},{"@type":"ListItem","position":2,"name":"I Sistemi di Gestione della Sicurezza sul Lavoro: seminario gratuito aperto a tutte le imprese venerd\u00ec 23 novembre ore 9.00 Ospedale Belluno"}]},{"@type":"WebSite","@id":"https:\/\/www.bellunopress.it\/#website","url":"https:\/\/www.bellunopress.it\/","name":"Bellunopress - Dolomiti","description":"e-mail: redazione@bellunopress.it","publisher":{"@id":"https:\/\/www.bellunopress.it\/#organization"},"potentialAction":[{"@type":"SearchAction","target":{"@type":"EntryPoint","urlTemplate":"https:\/\/www.bellunopress.it\/?s={search_term_string}"},"query-input":{"@type":"PropertyValueSpecification","valueRequired":true,"valueName":"search_term_string"}}],"inLanguage":"fr-FR"},{"@type":"Organization","@id":"https:\/\/www.bellunopress.it\/#organization","name":"Bellunopress","url":"https:\/\/www.bellunopress.it\/","logo":{"@type":"ImageObject","inLanguage":"fr-FR","@id":"https:\/\/www.bellunopress.it\/#\/schema\/logo\/image\/","url":"https:\/\/www.bellunopress.it\/wp-content\/uploads\/2011\/05\/cropped-logo-bellunopress-.jpg","contentUrl":"https:\/\/www.bellunopress.it\/wp-content\/uploads\/2011\/05\/cropped-logo-bellunopress-.jpg","width":512,"height":512,"caption":"Bellunopress"},"image":{"@id":"https:\/\/www.bellunopress.it\/#\/schema\/logo\/image\/"},"sameAs":["https:\/\/www.facebook.com\/profile.php?id=100008943462799","https:\/\/x.com\/bellunopress","https:\/\/www.linkedin.com\/hp\/?dnr=JBzUWaJfMUw8vbXJJ2tVW5-I3jZKvC4wsoxE&amp;amp;amp;amp;amp;amp;trk=nav_responsive_tab_home","https:\/\/www.youtube.com\/channel\/UCxL0wu1uN0_3_7hGG0306cw"]},{"@type":"Person","@id":"https:\/\/www.bellunopress.it\/#\/schema\/person\/79bb06722b37ece1c03d3e94beb30d73","name":"r\u00e9daction","image":{"@type":"ImageObject","inLanguage":"fr-FR","@id":"https:\/\/secure.gravatar.com\/avatar\/37d968a2e67a6fd04c169c4bdef102d0bc5d31b2546345219e348575eb80e9a0?s=96&d=mm&r=g","url":"https:\/\/secure.gravatar.com\/avatar\/37d968a2e67a6fd04c169c4bdef102d0bc5d31b2546345219e348575eb80e9a0?s=96&d=mm&r=g","contentUrl":"https:\/\/secure.gravatar.com\/avatar\/37d968a2e67a6fd04c169c4bdef102d0bc5d31b2546345219e348575eb80e9a0?s=96&d=mm&r=g","caption":"redazione"},"sameAs":["http:\/\/www.bellunopress.it","https:\/\/x.com\/bellunopress"],"url":"https:\/\/www.bellunopress.it\/fr\/author\/redazione\/"}]}},"_links":{"self":[{"href":"https:\/\/www.bellunopress.it\/fr\/wp-json\/wp\/v2\/posts\/44054","targetHints":{"allow":["GET"]}}],"collection":[{"href":"https:\/\/www.bellunopress.it\/fr\/wp-json\/wp\/v2\/posts"}],"about":[{"href":"https:\/\/www.bellunopress.it\/fr\/wp-json\/wp\/v2\/types\/post"}],"author":[{"embeddable":true,"href":"https:\/\/www.bellunopress.it\/fr\/wp-json\/wp\/v2\/users\/2"}],"replies":[{"embeddable":true,"href":"https:\/\/www.bellunopress.it\/fr\/wp-json\/wp\/v2\/comments?post=44054"}],"version-history":[{"count":1,"href":"https:\/\/www.bellunopress.it\/fr\/wp-json\/wp\/v2\/posts\/44054\/revisions"}],"predecessor-version":[{"id":44055,"href":"https:\/\/www.bellunopress.it\/fr\/wp-json\/wp\/v2\/posts\/44054\/revisions\/44055"}],"wp:attachment":[{"href":"https:\/\/www.bellunopress.it\/fr\/wp-json\/wp\/v2\/media?parent=44054"}],"wp:term":[{"taxonomy":"category","embeddable":true,"href":"https:\/\/www.bellunopress.it\/fr\/wp-json\/wp\/v2\/categories?post=44054"},{"taxonomy":"post_tag","embeddable":true,"href":"https:\/\/www.bellunopress.it\/fr\/wp-json\/wp\/v2\/tags?post=44054"}],"curies":[{"name":"wp","href":"https:\/\/api.w.org\/{rel}","templated":true}]}}