{"id":44048,"date":"2012-11-20T08:30:23","date_gmt":"2012-11-20T07:30:23","guid":{"rendered":"http:\/\/www.bellunopress.it\/?p=44048"},"modified":"2012-11-20T08:30:58","modified_gmt":"2012-11-20T07:30:58","slug":"un-forestale-per-maestro-alla-scuola-primaria-di-santa-giustina","status":"publish","type":"post","link":"https:\/\/www.bellunopress.it\/fr\/2012\/11\/20\/un-forestale-per-maestro-alla-scuola-primaria-di-santa-giustina\/","title":{"rendered":"Un forestale per maestro alla Scuola primaria di Santa Giustina"},"content":{"rendered":"<p><a href=\"http:\/\/www.bellunopress.it\/wp-content\/uploads\/2012\/11\/scuola-primaria-rodari.bmp\"><img decoding=\"async\" class=\"alignleft size-full wp-image-44049\" title=\"scuola primaria rodari\" src=\"http:\/\/www.bellunopress.it\/wp-content\/uploads\/2012\/11\/scuola-primaria-rodari.bmp\" alt=\"\" \/><\/a>\u00c8 iniziata in questi giorni la serie di incontri con il sovrintendente Turrin Francesco del Corpo Forestale dello Stato che coinvolger\u00e0 gli alunni delle classi quarte e quinte della Primaria di S. Giustina e delle classi terza, quarta e quinta della Primaria di\u00a0 Meano. Gli argomenti trattati nel corso delle varie lezioni intendono far conseguire agli alunni corrette conoscenze sul modo di affrontare la montagna durante tutto l\u2019arco dell\u2019anno.\u00a0In particolare, per quanto riguarda l\u2019inverno, le informazioni trasmesse sono volte al riconoscimento delle situazioni in cui vi sia la possibilit\u00e0 di distacco di slavine, alla conoscenza delle modalit\u00e0 di soccorso\u00a0di persone travolte da una valanga ed alla presentazione di tutta\u00a0 l\u2019attrezzatura indispensabile per affrontare un\u2019escursione invernale in sicurezza. Particolare rilievo viene dato al decalogo riguardante il comportamento da tenere sulle piste da sci.<\/p>\n<p>Molto interessante, per gli alunni delle quinte del capoluogo sia l\u2019incontro riguardante le modalit\u00e0 di sviluppo, di propagazione e di spegnimento degli incendi boschivi sia quello che li ha guidati a scoprire le tracce della presenza dell\u2019uomo nel nostro ambiente montano, dal periodo preistorico a quello del pi\u00f9 recente passato; gli alunni sono stati invitati, ogniqualvolta si recano in un qualsiasi ambiente naturale ad \u201cosservare\u201d anzich\u00e9 solo guardare,\u00a0 per ricercare e scoprire tutte quelle tracce, talvolta anche negative, che l\u2019uomo ha lasciato e continua a lasciare nello svolgimento delle sue quotidiane attivit\u00e0. Filo conduttore di tutti gli incontri e scopo imprescindibile di tutta l\u2019attivit\u00e0 educativa che il Sovr. Turrin\u00a0 svolge periodicamente nell\u2019istituto ormai da pi\u00f9 di dieci anni, resta e rimarr\u00e0 sempre la necessit\u00e0 di far acquisire quella sensibilit\u00e0 verso l\u2019ambiente indispensabile a sviluppare la consapevolezza e la necessit\u00e0 sempre pi\u00f9 pressante di un rispetto totale e incondizionato nei confronti degli spazi naturali in cui viviamo.<\/p>\n<p>Ove ce ne fosse bisogno, ci piace sottolineare come la preparazione, le competenze acquisite in campo didattico-divulgativo, la disponibilit\u00e0, la capacit\u00e0 di relazionarsi con i bambini della scuola primaria, ma soprattutto la passione con la quale l\u2019agente del CFS svolge quella che lui considera sicuramente una missione, siano state oggetto di importanti riconoscimenti, non solo a livello provinciale.<\/p>","protected":false},"excerpt":{"rendered":"<p>\u00c8 iniziata in questi giorni la serie di incontri con il sovrintendente Turrin Francesco del Corpo Forestale dello Stato che coinvolger\u00e0 gli alunni delle classi quarte e quinte della Primaria di S. Giustina e delle classi terza, quarta e quinta della Primaria di\u00a0 Meano. Gli argomenti trattati nel corso delle varie lezioni intendono far conseguire [&hellip;]<\/p>\n","protected":false},"author":2,"featured_media":0,"comment_status":"closed","ping_status":"open","sticky":false,"template":"","format":"standard","meta":{"footnotes":""},"categories":[26,15],"tags":[],"class_list":["post-44048","post","type-post","status-publish","format-standard","category-prima-pagina","category-scuola"],"yoast_head":"<!-- This site is optimized with the Yoast SEO plugin v28.4 - https:\/\/yoast.com\/product\/yoast-seo-wordpress\/ -->\n<title>Un forestale per maestro alla Scuola primaria di Santa Giustina - Bellunopress - Dolomiti<\/title>\n<meta name=\"robots\" content=\"index, follow, max-snippet:-1, max-image-preview:large, max-video-preview:-1\" \/>\n<link rel=\"canonical\" href=\"https:\/\/www.bellunopress.it\/fr\/2012\/11\/20\/un-forestale-per-maestro-alla-scuola-primaria-di-santa-giustina\/\" \/>\n<meta property=\"og:locale\" content=\"fr_FR\" \/>\n<meta property=\"og:type\" content=\"article\" \/>\n<meta property=\"og:title\" content=\"Un forestale per maestro alla Scuola primaria di Santa Giustina - Bellunopress - Dolomiti\" \/>\n<meta property=\"og:description\" content=\"\u00c8 iniziata in questi giorni la serie di incontri con il sovrintendente Turrin Francesco del Corpo Forestale dello Stato che coinvolger\u00e0 gli alunni delle classi quarte e quinte della Primaria di S. Giustina e delle classi terza, quarta e quinta della Primaria di\u00a0 Meano. Gli argomenti trattati nel corso delle varie lezioni intendono far conseguire [&hellip;]\" \/>\n<meta property=\"og:url\" content=\"https:\/\/www.bellunopress.it\/fr\/2012\/11\/20\/un-forestale-per-maestro-alla-scuola-primaria-di-santa-giustina\/\" \/>\n<meta property=\"og:site_name\" content=\"Bellunopress - Dolomiti\" \/>\n<meta property=\"article:publisher\" content=\"https:\/\/www.facebook.com\/profile.php?id=100008943462799\" \/>\n<meta property=\"article:published_time\" content=\"2012-11-20T07:30:23+00:00\" \/>\n<meta property=\"article:modified_time\" content=\"2012-11-20T07:30:58+00:00\" \/>\n<meta property=\"og:image\" content=\"http:\/\/www.bellunopress.it\/wp-content\/uploads\/2012\/11\/scuola-primaria-rodari.bmp\" \/>\n<meta name=\"author\" content=\"redazione\" \/>\n<meta name=\"twitter:card\" content=\"summary_large_image\" \/>\n<meta name=\"twitter:creator\" content=\"@bellunopress\" \/>\n<meta name=\"twitter:site\" content=\"@bellunopress\" \/>\n<meta name=\"twitter:label1\" content=\"\u00c9crit par\" \/>\n\t<meta name=\"twitter:data1\" content=\"redazione\" \/>\n\t<meta name=\"twitter:label2\" content=\"Dur\u00e9e de lecture estim\u00e9e\" \/>\n\t<meta name=\"twitter:data2\" content=\"2 minutes\" \/>\n<script type=\"application\/ld+json\" class=\"yoast-schema-graph\">{\"@context\":\"https:\\\/\\\/schema.org\",\"@graph\":[{\"@type\":\"Article\",\"@id\":\"https:\\\/\\\/www.bellunopress.it\\\/2012\\\/11\\\/20\\\/un-forestale-per-maestro-alla-scuola-primaria-di-santa-giustina\\\/#article\",\"isPartOf\":{\"@id\":\"https:\\\/\\\/www.bellunopress.it\\\/2012\\\/11\\\/20\\\/un-forestale-per-maestro-alla-scuola-primaria-di-santa-giustina\\\/\"},\"author\":{\"name\":\"redazione\",\"@id\":\"https:\\\/\\\/www.bellunopress.it\\\/#\\\/schema\\\/person\\\/79bb06722b37ece1c03d3e94beb30d73\"},\"headline\":\"Un forestale per maestro alla Scuola primaria di Santa Giustina\",\"datePublished\":\"2012-11-20T07:30:23+00:00\",\"dateModified\":\"2012-11-20T07:30:58+00:00\",\"mainEntityOfPage\":{\"@id\":\"https:\\\/\\\/www.bellunopress.it\\\/2012\\\/11\\\/20\\\/un-forestale-per-maestro-alla-scuola-primaria-di-santa-giustina\\\/\"},\"wordCount\":369,\"publisher\":{\"@id\":\"https:\\\/\\\/www.bellunopress.it\\\/#organization\"},\"image\":{\"@id\":\"https:\\\/\\\/www.bellunopress.it\\\/2012\\\/11\\\/20\\\/un-forestale-per-maestro-alla-scuola-primaria-di-santa-giustina\\\/#primaryimage\"},\"thumbnailUrl\":\"http:\\\/\\\/www.bellunopress.it\\\/wp-content\\\/uploads\\\/2012\\\/11\\\/scuola-primaria-rodari.bmp\",\"articleSection\":[\"Prima Pagina\",\"Scuola\"],\"inLanguage\":\"fr-FR\"},{\"@type\":\"WebPage\",\"@id\":\"https:\\\/\\\/www.bellunopress.it\\\/2012\\\/11\\\/20\\\/un-forestale-per-maestro-alla-scuola-primaria-di-santa-giustina\\\/\",\"url\":\"https:\\\/\\\/www.bellunopress.it\\\/2012\\\/11\\\/20\\\/un-forestale-per-maestro-alla-scuola-primaria-di-santa-giustina\\\/\",\"name\":\"Un forestale per maestro alla Scuola primaria di Santa Giustina - Bellunopress - Dolomiti\",\"isPartOf\":{\"@id\":\"https:\\\/\\\/www.bellunopress.it\\\/#website\"},\"primaryImageOfPage\":{\"@id\":\"https:\\\/\\\/www.bellunopress.it\\\/2012\\\/11\\\/20\\\/un-forestale-per-maestro-alla-scuola-primaria-di-santa-giustina\\\/#primaryimage\"},\"image\":{\"@id\":\"https:\\\/\\\/www.bellunopress.it\\\/2012\\\/11\\\/20\\\/un-forestale-per-maestro-alla-scuola-primaria-di-santa-giustina\\\/#primaryimage\"},\"thumbnailUrl\":\"http:\\\/\\\/www.bellunopress.it\\\/wp-content\\\/uploads\\\/2012\\\/11\\\/scuola-primaria-rodari.bmp\",\"datePublished\":\"2012-11-20T07:30:23+00:00\",\"dateModified\":\"2012-11-20T07:30:58+00:00\",\"breadcrumb\":{\"@id\":\"https:\\\/\\\/www.bellunopress.it\\\/2012\\\/11\\\/20\\\/un-forestale-per-maestro-alla-scuola-primaria-di-santa-giustina\\\/#breadcrumb\"},\"inLanguage\":\"fr-FR\",\"potentialAction\":[{\"@type\":\"ReadAction\",\"target\":[\"https:\\\/\\\/www.bellunopress.it\\\/2012\\\/11\\\/20\\\/un-forestale-per-maestro-alla-scuola-primaria-di-santa-giustina\\\/\"]}]},{\"@type\":\"ImageObject\",\"inLanguage\":\"fr-FR\",\"@id\":\"https:\\\/\\\/www.bellunopress.it\\\/2012\\\/11\\\/20\\\/un-forestale-per-maestro-alla-scuola-primaria-di-santa-giustina\\\/#primaryimage\",\"url\":\"http:\\\/\\\/www.bellunopress.it\\\/wp-content\\\/uploads\\\/2012\\\/11\\\/scuola-primaria-rodari.bmp\",\"contentUrl\":\"http:\\\/\\\/www.bellunopress.it\\\/wp-content\\\/uploads\\\/2012\\\/11\\\/scuola-primaria-rodari.bmp\"},{\"@type\":\"BreadcrumbList\",\"@id\":\"https:\\\/\\\/www.bellunopress.it\\\/2012\\\/11\\\/20\\\/un-forestale-per-maestro-alla-scuola-primaria-di-santa-giustina\\\/#breadcrumb\",\"itemListElement\":[{\"@type\":\"ListItem\",\"position\":1,\"name\":\"Home\",\"item\":\"https:\\\/\\\/www.bellunopress.it\\\/\"},{\"@type\":\"ListItem\",\"position\":2,\"name\":\"Un forestale per maestro alla Scuola primaria di Santa Giustina\"}]},{\"@type\":\"WebSite\",\"@id\":\"https:\\\/\\\/www.bellunopress.it\\\/#website\",\"url\":\"https:\\\/\\\/www.bellunopress.it\\\/\",\"name\":\"Bellunopress - Dolomiti\",\"description\":\"e-mail: redazione@bellunopress.it\",\"publisher\":{\"@id\":\"https:\\\/\\\/www.bellunopress.it\\\/#organization\"},\"potentialAction\":[{\"@type\":\"SearchAction\",\"target\":{\"@type\":\"EntryPoint\",\"urlTemplate\":\"https:\\\/\\\/www.bellunopress.it\\\/?s={search_term_string}\"},\"query-input\":{\"@type\":\"PropertyValueSpecification\",\"valueRequired\":true,\"valueName\":\"search_term_string\"}}],\"inLanguage\":\"fr-FR\"},{\"@type\":\"Organization\",\"@id\":\"https:\\\/\\\/www.bellunopress.it\\\/#organization\",\"name\":\"Bellunopress\",\"url\":\"https:\\\/\\\/www.bellunopress.it\\\/\",\"logo\":{\"@type\":\"ImageObject\",\"inLanguage\":\"fr-FR\",\"@id\":\"https:\\\/\\\/www.bellunopress.it\\\/#\\\/schema\\\/logo\\\/image\\\/\",\"url\":\"https:\\\/\\\/www.bellunopress.it\\\/wp-content\\\/uploads\\\/2011\\\/05\\\/cropped-logo-bellunopress-.jpg\",\"contentUrl\":\"https:\\\/\\\/www.bellunopress.it\\\/wp-content\\\/uploads\\\/2011\\\/05\\\/cropped-logo-bellunopress-.jpg\",\"width\":512,\"height\":512,\"caption\":\"Bellunopress\"},\"image\":{\"@id\":\"https:\\\/\\\/www.bellunopress.it\\\/#\\\/schema\\\/logo\\\/image\\\/\"},\"sameAs\":[\"https:\\\/\\\/www.facebook.com\\\/profile.php?id=100008943462799\",\"https:\\\/\\\/x.com\\\/bellunopress\",\"https:\\\/\\\/www.linkedin.com\\\/hp\\\/?dnr=JBzUWaJfMUw8vbXJJ2tVW5-I3jZKvC4wsoxE&amp;amp;amp;amp;amp;amp;trk=nav_responsive_tab_home\",\"https:\\\/\\\/www.youtube.com\\\/channel\\\/UCxL0wu1uN0_3_7hGG0306cw\"]},{\"@type\":\"Person\",\"@id\":\"https:\\\/\\\/www.bellunopress.it\\\/#\\\/schema\\\/person\\\/79bb06722b37ece1c03d3e94beb30d73\",\"name\":\"redazione\",\"image\":{\"@type\":\"ImageObject\",\"inLanguage\":\"fr-FR\",\"@id\":\"https:\\\/\\\/secure.gravatar.com\\\/avatar\\\/37d968a2e67a6fd04c169c4bdef102d0bc5d31b2546345219e348575eb80e9a0?s=96&d=mm&r=g\",\"url\":\"https:\\\/\\\/secure.gravatar.com\\\/avatar\\\/37d968a2e67a6fd04c169c4bdef102d0bc5d31b2546345219e348575eb80e9a0?s=96&d=mm&r=g\",\"contentUrl\":\"https:\\\/\\\/secure.gravatar.com\\\/avatar\\\/37d968a2e67a6fd04c169c4bdef102d0bc5d31b2546345219e348575eb80e9a0?s=96&d=mm&r=g\",\"caption\":\"redazione\"},\"sameAs\":[\"http:\\\/\\\/www.bellunopress.it\",\"https:\\\/\\\/x.com\\\/bellunopress\"],\"url\":\"https:\\\/\\\/www.bellunopress.it\\\/fr\\\/author\\\/redazione\\\/\"}]}<\/script>\n<!-- \/ Yoast SEO plugin. -->","yoast_head_json":{"title":"Un forestale per maestro alla Scuola primaria di Santa Giustina - Bellunopress - Dolomiti","robots":{"index":"index","follow":"follow","max-snippet":"max-snippet:-1","max-image-preview":"max-image-preview:large","max-video-preview":"max-video-preview:-1"},"canonical":"https:\/\/www.bellunopress.it\/fr\/2012\/11\/20\/un-forestale-per-maestro-alla-scuola-primaria-di-santa-giustina\/","og_locale":"fr_FR","og_type":"article","og_title":"Un forestale per maestro alla Scuola primaria di Santa Giustina - Bellunopress - Dolomiti","og_description":"\u00c8 iniziata in questi giorni la serie di incontri con il sovrintendente Turrin Francesco del Corpo Forestale dello Stato che coinvolger\u00e0 gli alunni delle classi quarte e quinte della Primaria di S. Giustina e delle classi terza, quarta e quinta della Primaria di\u00a0 Meano. Gli argomenti trattati nel corso delle varie lezioni intendono far conseguire [&hellip;]","og_url":"https:\/\/www.bellunopress.it\/fr\/2012\/11\/20\/un-forestale-per-maestro-alla-scuola-primaria-di-santa-giustina\/","og_site_name":"Bellunopress - Dolomiti","article_publisher":"https:\/\/www.facebook.com\/profile.php?id=100008943462799","article_published_time":"2012-11-20T07:30:23+00:00","article_modified_time":"2012-11-20T07:30:58+00:00","og_image":[{"url":"http:\/\/www.bellunopress.it\/wp-content\/uploads\/2012\/11\/scuola-primaria-rodari.bmp","type":"","width":"","height":""}],"author":"redazione","twitter_card":"summary_large_image","twitter_creator":"@bellunopress","twitter_site":"@bellunopress","twitter_misc":{"\u00c9crit par":"redazione","Dur\u00e9e de lecture estim\u00e9e":"2 minutes"},"schema":{"@context":"https:\/\/schema.org","@graph":[{"@type":"Article","@id":"https:\/\/www.bellunopress.it\/2012\/11\/20\/un-forestale-per-maestro-alla-scuola-primaria-di-santa-giustina\/#article","isPartOf":{"@id":"https:\/\/www.bellunopress.it\/2012\/11\/20\/un-forestale-per-maestro-alla-scuola-primaria-di-santa-giustina\/"},"author":{"name":"redazione","@id":"https:\/\/www.bellunopress.it\/#\/schema\/person\/79bb06722b37ece1c03d3e94beb30d73"},"headline":"Un forestale per maestro alla Scuola primaria di Santa Giustina","datePublished":"2012-11-20T07:30:23+00:00","dateModified":"2012-11-20T07:30:58+00:00","mainEntityOfPage":{"@id":"https:\/\/www.bellunopress.it\/2012\/11\/20\/un-forestale-per-maestro-alla-scuola-primaria-di-santa-giustina\/"},"wordCount":369,"publisher":{"@id":"https:\/\/www.bellunopress.it\/#organization"},"image":{"@id":"https:\/\/www.bellunopress.it\/2012\/11\/20\/un-forestale-per-maestro-alla-scuola-primaria-di-santa-giustina\/#primaryimage"},"thumbnailUrl":"http:\/\/www.bellunopress.it\/wp-content\/uploads\/2012\/11\/scuola-primaria-rodari.bmp","articleSection":["Prima Pagina","Scuola"],"inLanguage":"fr-FR"},{"@type":"WebPage","@id":"https:\/\/www.bellunopress.it\/2012\/11\/20\/un-forestale-per-maestro-alla-scuola-primaria-di-santa-giustina\/","url":"https:\/\/www.bellunopress.it\/2012\/11\/20\/un-forestale-per-maestro-alla-scuola-primaria-di-santa-giustina\/","name":"Un forestale per maestro alla Scuola primaria di Santa Giustina - Bellunopress - Dolomiti","isPartOf":{"@id":"https:\/\/www.bellunopress.it\/#website"},"primaryImageOfPage":{"@id":"https:\/\/www.bellunopress.it\/2012\/11\/20\/un-forestale-per-maestro-alla-scuola-primaria-di-santa-giustina\/#primaryimage"},"image":{"@id":"https:\/\/www.bellunopress.it\/2012\/11\/20\/un-forestale-per-maestro-alla-scuola-primaria-di-santa-giustina\/#primaryimage"},"thumbnailUrl":"http:\/\/www.bellunopress.it\/wp-content\/uploads\/2012\/11\/scuola-primaria-rodari.bmp","datePublished":"2012-11-20T07:30:23+00:00","dateModified":"2012-11-20T07:30:58+00:00","breadcrumb":{"@id":"https:\/\/www.bellunopress.it\/2012\/11\/20\/un-forestale-per-maestro-alla-scuola-primaria-di-santa-giustina\/#breadcrumb"},"inLanguage":"fr-FR","potentialAction":[{"@type":"ReadAction","target":["https:\/\/www.bellunopress.it\/2012\/11\/20\/un-forestale-per-maestro-alla-scuola-primaria-di-santa-giustina\/"]}]},{"@type":"ImageObject","inLanguage":"fr-FR","@id":"https:\/\/www.bellunopress.it\/2012\/11\/20\/un-forestale-per-maestro-alla-scuola-primaria-di-santa-giustina\/#primaryimage","url":"http:\/\/www.bellunopress.it\/wp-content\/uploads\/2012\/11\/scuola-primaria-rodari.bmp","contentUrl":"http:\/\/www.bellunopress.it\/wp-content\/uploads\/2012\/11\/scuola-primaria-rodari.bmp"},{"@type":"BreadcrumbList","@id":"https:\/\/www.bellunopress.it\/2012\/11\/20\/un-forestale-per-maestro-alla-scuola-primaria-di-santa-giustina\/#breadcrumb","itemListElement":[{"@type":"ListItem","position":1,"name":"Home","item":"https:\/\/www.bellunopress.it\/"},{"@type":"ListItem","position":2,"name":"Un forestale per maestro alla Scuola primaria di Santa Giustina"}]},{"@type":"WebSite","@id":"https:\/\/www.bellunopress.it\/#website","url":"https:\/\/www.bellunopress.it\/","name":"Bellunopress - Dolomiti","description":"e-mail: redazione@bellunopress.it","publisher":{"@id":"https:\/\/www.bellunopress.it\/#organization"},"potentialAction":[{"@type":"SearchAction","target":{"@type":"EntryPoint","urlTemplate":"https:\/\/www.bellunopress.it\/?s={search_term_string}"},"query-input":{"@type":"PropertyValueSpecification","valueRequired":true,"valueName":"search_term_string"}}],"inLanguage":"fr-FR"},{"@type":"Organization","@id":"https:\/\/www.bellunopress.it\/#organization","name":"Bellunopress","url":"https:\/\/www.bellunopress.it\/","logo":{"@type":"ImageObject","inLanguage":"fr-FR","@id":"https:\/\/www.bellunopress.it\/#\/schema\/logo\/image\/","url":"https:\/\/www.bellunopress.it\/wp-content\/uploads\/2011\/05\/cropped-logo-bellunopress-.jpg","contentUrl":"https:\/\/www.bellunopress.it\/wp-content\/uploads\/2011\/05\/cropped-logo-bellunopress-.jpg","width":512,"height":512,"caption":"Bellunopress"},"image":{"@id":"https:\/\/www.bellunopress.it\/#\/schema\/logo\/image\/"},"sameAs":["https:\/\/www.facebook.com\/profile.php?id=100008943462799","https:\/\/x.com\/bellunopress","https:\/\/www.linkedin.com\/hp\/?dnr=JBzUWaJfMUw8vbXJJ2tVW5-I3jZKvC4wsoxE&amp;amp;amp;amp;amp;amp;trk=nav_responsive_tab_home","https:\/\/www.youtube.com\/channel\/UCxL0wu1uN0_3_7hGG0306cw"]},{"@type":"Person","@id":"https:\/\/www.bellunopress.it\/#\/schema\/person\/79bb06722b37ece1c03d3e94beb30d73","name":"r\u00e9daction","image":{"@type":"ImageObject","inLanguage":"fr-FR","@id":"https:\/\/secure.gravatar.com\/avatar\/37d968a2e67a6fd04c169c4bdef102d0bc5d31b2546345219e348575eb80e9a0?s=96&d=mm&r=g","url":"https:\/\/secure.gravatar.com\/avatar\/37d968a2e67a6fd04c169c4bdef102d0bc5d31b2546345219e348575eb80e9a0?s=96&d=mm&r=g","contentUrl":"https:\/\/secure.gravatar.com\/avatar\/37d968a2e67a6fd04c169c4bdef102d0bc5d31b2546345219e348575eb80e9a0?s=96&d=mm&r=g","caption":"redazione"},"sameAs":["http:\/\/www.bellunopress.it","https:\/\/x.com\/bellunopress"],"url":"https:\/\/www.bellunopress.it\/fr\/author\/redazione\/"}]}},"_links":{"self":[{"href":"https:\/\/www.bellunopress.it\/fr\/wp-json\/wp\/v2\/posts\/44048","targetHints":{"allow":["GET"]}}],"collection":[{"href":"https:\/\/www.bellunopress.it\/fr\/wp-json\/wp\/v2\/posts"}],"about":[{"href":"https:\/\/www.bellunopress.it\/fr\/wp-json\/wp\/v2\/types\/post"}],"author":[{"embeddable":true,"href":"https:\/\/www.bellunopress.it\/fr\/wp-json\/wp\/v2\/users\/2"}],"replies":[{"embeddable":true,"href":"https:\/\/www.bellunopress.it\/fr\/wp-json\/wp\/v2\/comments?post=44048"}],"version-history":[{"count":2,"href":"https:\/\/www.bellunopress.it\/fr\/wp-json\/wp\/v2\/posts\/44048\/revisions"}],"predecessor-version":[{"id":44051,"href":"https:\/\/www.bellunopress.it\/fr\/wp-json\/wp\/v2\/posts\/44048\/revisions\/44051"}],"wp:attachment":[{"href":"https:\/\/www.bellunopress.it\/fr\/wp-json\/wp\/v2\/media?parent=44048"}],"wp:term":[{"taxonomy":"category","embeddable":true,"href":"https:\/\/www.bellunopress.it\/fr\/wp-json\/wp\/v2\/categories?post=44048"},{"taxonomy":"post_tag","embeddable":true,"href":"https:\/\/www.bellunopress.it\/fr\/wp-json\/wp\/v2\/tags?post=44048"}],"curies":[{"name":"wp","href":"https:\/\/api.w.org\/{rel}","templated":true}]}}