{"id":44043,"date":"2012-11-20T08:07:57","date_gmt":"2012-11-20T07:07:57","guid":{"rendered":"http:\/\/www.bellunopress.it\/?p=44043"},"modified":"2012-11-20T08:07:57","modified_gmt":"2012-11-20T07:07:57","slug":"mig-53ma-mostra-internazionale-del-gelato-artigianale-2-5-dicembre-a-longarone-fiere","status":"publish","type":"post","link":"https:\/\/www.bellunopress.it\/fr\/2012\/11\/20\/mig-53ma-mostra-internazionale-del-gelato-artigianale-2-5-dicembre-a-longarone-fiere\/","title":{"rendered":"Mig, 53ma Mostra internazionale del gelato artigianale 2-5 dicembre a Longarone fiere"},"content":{"rendered":"<p>A poco meno di due settimane dalla sua apertura, cresce l\u2019attesa a Longarone Fiere Dolomiti per la 53. edizione della MIG &#8211; Mostra Internazionale del Gelato Artigianale, in programma dal 2 al 5 dicembre 2012. La pi\u00f9 antica tra le manifestazioni di settore per quattro giorni far\u00e0 di Longarone (Belluno) la capitale mondiale del gelato artigianale, punto di riferimento per il settore. L&#8217;esposizione anche quest\u2019anno vede la presenza di 200 tra le aziende leader in campo internazionale in fatto di macchine, attrezzature, semilavorati, materie prime, arredamenti e accessori per la gelateria artigiana, con il meglio della produzione dal punto di vista qualitativo e dell\u2019innovazione. In fiera sono attesi operatori e gelatieri provenienti da tutto il mondo (nel 2012 le presenze sono state oltre 26.000 con operatori provenienti da una cinquantina di paesi esteri): gelatieri attivi in particolare in Germania, Austria, Spagna, Olanda e nei Paesi dell\u2019Est Europa.<\/p>\n<p>L\u2019edizione di quest\u2019anno dedica ampio spazio anche alla presentazione e alla promozione della 1^ Giornata Europea del Gelato Artigianale, riconosciuta ufficialmente dal Parlamento Europeo e da sempre sostenuta dalla MIG a fianco di Artglace, la Confederazione delle associazioni europee dei gelatieri. La cerimonia di apertura ufficiale della 53. MIG (domenica 2 dicembre, ore 11) vedr\u00e0 la presenza di alcuni degli Europarlamentari che hanno reso possibile questo risultato di grande prestigio e valore per tutta la filiera del gelato artigianale.<\/p>\n<figure id=\"attachment_39264\" aria-describedby=\"caption-attachment-39264\" style=\"width: 113px\" class=\"wp-caption alignleft\"><a href=\"http:\/\/www.bellunopress.it\/wp-content\/uploads\/2012\/06\/oscar-de-bona.jpg\"><img loading=\"lazy\" decoding=\"async\" class=\"size-full wp-image-39264\" title=\"oscar de bona\" src=\"http:\/\/www.bellunopress.it\/wp-content\/uploads\/2012\/06\/oscar-de-bona.jpg\" alt=\"\" width=\"113\" height=\"150\" \/><\/a><figcaption id=\"caption-attachment-39264\" class=\"wp-caption-text\">Oscar De Bona<\/figcaption><\/figure>\n<p>\u201cIn questa edizione \u2013 dice il presidente di Longarone Fiere Dolomiti Oscar De Bona \u2013 non possiamo non dare il doveroso risalto al recente riconoscimento, da parte del Parlamento europeo, della Giornata europea del gelato artigianale voluta fermamente da Artglace con il nostro supporto. Sar\u00e0 un momento di grande promozione di questo prodotto simbolo del Made in Italy\u201d.<\/p>\n<p>Non mancheranno in questa edizione di MIG anche i momenti di confronto su temi di stretta attualit\u00e0, tra i quali spicca un convegno dal titolo molto stimolante: \u201cOgni gelateria artigiana \u00e8 unica e irripetibile: ma allora, dove portano le catene?\u201d. Il programma degli eventi prevede poi incontri su argomenti molto particolari per i gelatieri, come la tavola rotonda sull\u2019etichettatura degli alimenti e quella sul valore delle gelaterie venete. Come di consueto, particolare attenzione viene riservata nel programma degli eventi di MIG al mercato della Germania: la stessa UNITEIS organizza un incontro sullo scottante problema della tassazione da parte del Governo italiano degli immobili all\u2019estero, aspetto che tocca molto da vicino le migliaia di gelatieri italiani con attivit\u00e0 nei Paesi europei. Le sale della fiera ospiteranno inoltre le assemblee annuali di Artglace e delle Associazioni dei gelatieri italiani all\u2019estero. Si parler\u00e0 anche di gelato e ciclismo nell\u2019ambito di una tavola rotonda, organizzata in collaborazione con ADI \u2013 Associazione Dietologi Italiani, in vista della tappa di Longarone del Giro d\u2019Italia 2013.<\/p>\n<p>Ci saranno poi, come sempre, i concorsi, ormai storici, che caratterizzano la MIG, come la \u201cCoppa d\u2019Oro\u201d, incentrata per la prima volta nella sua storia, al gusto di fragola, e la finale del \u201cFestival d\u2019Autore\u201d, riservato agli allievi delle scuole alberghiere qualificate dopo diverse selezioni in giro per l\u2019Italia. Confermati anche il premio \u201cGelaterie in web\u201d, riservato ai migliori siti internet delle gelaterie, e il \u201cMastri Gelatieri\u201d alla sua 17. edizione.<\/p>\n<p>Tra le novit\u00e0 di quest\u2019anno anche la premiazione di una tesi di laurea sul gelato artigianale e nelle giornate di fiera confermati anche gli appuntamenti di dimostrazione e formazione con il maestro Beppo Tonon, famoso in tutto il mondo per le sue composizioni di frutta intagliata; e poi la scelta del Gusto dell\u2019Anno da parte del G.A.-Comitato Nazionale per la Difesa e la Diffusione del Gelato Artigianale e di Produzione Propria.<\/p>\n<p>La 53. MIG verr\u00e0 presentata ufficialmente in una conferenza stampa in programma marted\u00ec 27 novembre alle ore 1 nella sede dell\u2019Amministrazione Provinciale di Udine.<\/p>","protected":false},"excerpt":{"rendered":"<p>A poco meno di due settimane dalla sua apertura, cresce l\u2019attesa a Longarone Fiere Dolomiti per la 53. edizione della MIG &#8211; Mostra Internazionale del Gelato Artigianale, in programma dal 2 al 5 dicembre 2012. La pi\u00f9 antica tra le manifestazioni di settore per quattro giorni far\u00e0 di Longarone (Belluno) la capitale mondiale del gelato [&hellip;]<\/p>\n","protected":false},"author":2,"featured_media":0,"comment_status":"closed","ping_status":"open","sticky":false,"template":"","format":"standard","meta":{"footnotes":""},"categories":[27,36,26],"tags":[],"class_list":["post-44043","post","type-post","status-publish","format-standard","category-appuntamenti","category-lavoro-economia","category-prima-pagina"],"yoast_head":"<!-- This site is optimized with the Yoast SEO plugin v28.4 - https:\/\/yoast.com\/product\/yoast-seo-wordpress\/ -->\n<title>Mig, 53ma Mostra internazionale del gelato artigianale 2-5 dicembre a Longarone fiere - Bellunopress - Dolomiti<\/title>\n<meta name=\"robots\" content=\"index, follow, max-snippet:-1, max-image-preview:large, max-video-preview:-1\" \/>\n<link rel=\"canonical\" href=\"https:\/\/www.bellunopress.it\/fr\/2012\/11\/20\/mig-53ma-mostra-internazionale-del-gelato-artigianale-2-5-dicembre-a-longarone-fiere\/\" \/>\n<meta property=\"og:locale\" content=\"fr_FR\" \/>\n<meta property=\"og:type\" content=\"article\" \/>\n<meta property=\"og:title\" content=\"Mig, 53ma Mostra internazionale del gelato artigianale 2-5 dicembre a Longarone fiere - Bellunopress - Dolomiti\" \/>\n<meta property=\"og:description\" content=\"A poco meno di due settimane dalla sua apertura, cresce l\u2019attesa a Longarone Fiere Dolomiti per la 53. edizione della MIG &#8211; Mostra Internazionale del Gelato Artigianale, in programma dal 2 al 5 dicembre 2012. La pi\u00f9 antica tra le manifestazioni di settore per quattro giorni far\u00e0 di Longarone (Belluno) la capitale mondiale del gelato [&hellip;]\" \/>\n<meta property=\"og:url\" content=\"https:\/\/www.bellunopress.it\/fr\/2012\/11\/20\/mig-53ma-mostra-internazionale-del-gelato-artigianale-2-5-dicembre-a-longarone-fiere\/\" \/>\n<meta property=\"og:site_name\" content=\"Bellunopress - Dolomiti\" \/>\n<meta property=\"article:publisher\" content=\"https:\/\/www.facebook.com\/profile.php?id=100008943462799\" \/>\n<meta property=\"article:published_time\" content=\"2012-11-20T07:07:57+00:00\" \/>\n<meta property=\"og:image\" content=\"http:\/\/www.bellunopress.it\/wp-content\/uploads\/2012\/06\/oscar-de-bona.jpg\" \/>\n<meta name=\"author\" content=\"redazione\" \/>\n<meta name=\"twitter:card\" content=\"summary_large_image\" \/>\n<meta name=\"twitter:creator\" content=\"@bellunopress\" \/>\n<meta name=\"twitter:site\" content=\"@bellunopress\" \/>\n<meta name=\"twitter:label1\" content=\"\u00c9crit par\" \/>\n\t<meta name=\"twitter:data1\" content=\"redazione\" \/>\n\t<meta name=\"twitter:label2\" content=\"Dur\u00e9e de lecture estim\u00e9e\" \/>\n\t<meta name=\"twitter:data2\" content=\"3 minutes\" \/>\n<script type=\"application\/ld+json\" class=\"yoast-schema-graph\">{\"@context\":\"https:\\\/\\\/schema.org\",\"@graph\":[{\"@type\":\"Article\",\"@id\":\"https:\\\/\\\/www.bellunopress.it\\\/2012\\\/11\\\/20\\\/mig-53ma-mostra-internazionale-del-gelato-artigianale-2-5-dicembre-a-longarone-fiere\\\/#article\",\"isPartOf\":{\"@id\":\"https:\\\/\\\/www.bellunopress.it\\\/2012\\\/11\\\/20\\\/mig-53ma-mostra-internazionale-del-gelato-artigianale-2-5-dicembre-a-longarone-fiere\\\/\"},\"author\":{\"name\":\"redazione\",\"@id\":\"https:\\\/\\\/www.bellunopress.it\\\/#\\\/schema\\\/person\\\/79bb06722b37ece1c03d3e94beb30d73\"},\"headline\":\"Mig, 53ma Mostra internazionale del gelato artigianale 2-5 dicembre a Longarone fiere\",\"datePublished\":\"2012-11-20T07:07:57+00:00\",\"mainEntityOfPage\":{\"@id\":\"https:\\\/\\\/www.bellunopress.it\\\/2012\\\/11\\\/20\\\/mig-53ma-mostra-internazionale-del-gelato-artigianale-2-5-dicembre-a-longarone-fiere\\\/\"},\"wordCount\":641,\"publisher\":{\"@id\":\"https:\\\/\\\/www.bellunopress.it\\\/#organization\"},\"image\":{\"@id\":\"https:\\\/\\\/www.bellunopress.it\\\/2012\\\/11\\\/20\\\/mig-53ma-mostra-internazionale-del-gelato-artigianale-2-5-dicembre-a-longarone-fiere\\\/#primaryimage\"},\"thumbnailUrl\":\"http:\\\/\\\/www.bellunopress.it\\\/wp-content\\\/uploads\\\/2012\\\/06\\\/oscar-de-bona.jpg\",\"articleSection\":[\"Appuntamenti, Eventi\",\"Lavoro, Economia, Turismo\",\"Prima Pagina\"],\"inLanguage\":\"fr-FR\"},{\"@type\":\"WebPage\",\"@id\":\"https:\\\/\\\/www.bellunopress.it\\\/2012\\\/11\\\/20\\\/mig-53ma-mostra-internazionale-del-gelato-artigianale-2-5-dicembre-a-longarone-fiere\\\/\",\"url\":\"https:\\\/\\\/www.bellunopress.it\\\/2012\\\/11\\\/20\\\/mig-53ma-mostra-internazionale-del-gelato-artigianale-2-5-dicembre-a-longarone-fiere\\\/\",\"name\":\"Mig, 53ma Mostra internazionale del gelato artigianale 2-5 dicembre a Longarone fiere - Bellunopress - Dolomiti\",\"isPartOf\":{\"@id\":\"https:\\\/\\\/www.bellunopress.it\\\/#website\"},\"primaryImageOfPage\":{\"@id\":\"https:\\\/\\\/www.bellunopress.it\\\/2012\\\/11\\\/20\\\/mig-53ma-mostra-internazionale-del-gelato-artigianale-2-5-dicembre-a-longarone-fiere\\\/#primaryimage\"},\"image\":{\"@id\":\"https:\\\/\\\/www.bellunopress.it\\\/2012\\\/11\\\/20\\\/mig-53ma-mostra-internazionale-del-gelato-artigianale-2-5-dicembre-a-longarone-fiere\\\/#primaryimage\"},\"thumbnailUrl\":\"http:\\\/\\\/www.bellunopress.it\\\/wp-content\\\/uploads\\\/2012\\\/06\\\/oscar-de-bona.jpg\",\"datePublished\":\"2012-11-20T07:07:57+00:00\",\"breadcrumb\":{\"@id\":\"https:\\\/\\\/www.bellunopress.it\\\/2012\\\/11\\\/20\\\/mig-53ma-mostra-internazionale-del-gelato-artigianale-2-5-dicembre-a-longarone-fiere\\\/#breadcrumb\"},\"inLanguage\":\"fr-FR\",\"potentialAction\":[{\"@type\":\"ReadAction\",\"target\":[\"https:\\\/\\\/www.bellunopress.it\\\/2012\\\/11\\\/20\\\/mig-53ma-mostra-internazionale-del-gelato-artigianale-2-5-dicembre-a-longarone-fiere\\\/\"]}]},{\"@type\":\"ImageObject\",\"inLanguage\":\"fr-FR\",\"@id\":\"https:\\\/\\\/www.bellunopress.it\\\/2012\\\/11\\\/20\\\/mig-53ma-mostra-internazionale-del-gelato-artigianale-2-5-dicembre-a-longarone-fiere\\\/#primaryimage\",\"url\":\"http:\\\/\\\/www.bellunopress.it\\\/wp-content\\\/uploads\\\/2012\\\/06\\\/oscar-de-bona.jpg\",\"contentUrl\":\"http:\\\/\\\/www.bellunopress.it\\\/wp-content\\\/uploads\\\/2012\\\/06\\\/oscar-de-bona.jpg\"},{\"@type\":\"BreadcrumbList\",\"@id\":\"https:\\\/\\\/www.bellunopress.it\\\/2012\\\/11\\\/20\\\/mig-53ma-mostra-internazionale-del-gelato-artigianale-2-5-dicembre-a-longarone-fiere\\\/#breadcrumb\",\"itemListElement\":[{\"@type\":\"ListItem\",\"position\":1,\"name\":\"Home\",\"item\":\"https:\\\/\\\/www.bellunopress.it\\\/\"},{\"@type\":\"ListItem\",\"position\":2,\"name\":\"Mig, 53ma Mostra internazionale del gelato artigianale 2-5 dicembre a Longarone fiere\"}]},{\"@type\":\"WebSite\",\"@id\":\"https:\\\/\\\/www.bellunopress.it\\\/#website\",\"url\":\"https:\\\/\\\/www.bellunopress.it\\\/\",\"name\":\"Bellunopress - Dolomiti\",\"description\":\"e-mail: redazione@bellunopress.it\",\"publisher\":{\"@id\":\"https:\\\/\\\/www.bellunopress.it\\\/#organization\"},\"potentialAction\":[{\"@type\":\"SearchAction\",\"target\":{\"@type\":\"EntryPoint\",\"urlTemplate\":\"https:\\\/\\\/www.bellunopress.it\\\/?s={search_term_string}\"},\"query-input\":{\"@type\":\"PropertyValueSpecification\",\"valueRequired\":true,\"valueName\":\"search_term_string\"}}],\"inLanguage\":\"fr-FR\"},{\"@type\":\"Organization\",\"@id\":\"https:\\\/\\\/www.bellunopress.it\\\/#organization\",\"name\":\"Bellunopress\",\"url\":\"https:\\\/\\\/www.bellunopress.it\\\/\",\"logo\":{\"@type\":\"ImageObject\",\"inLanguage\":\"fr-FR\",\"@id\":\"https:\\\/\\\/www.bellunopress.it\\\/#\\\/schema\\\/logo\\\/image\\\/\",\"url\":\"https:\\\/\\\/www.bellunopress.it\\\/wp-content\\\/uploads\\\/2011\\\/05\\\/cropped-logo-bellunopress-.jpg\",\"contentUrl\":\"https:\\\/\\\/www.bellunopress.it\\\/wp-content\\\/uploads\\\/2011\\\/05\\\/cropped-logo-bellunopress-.jpg\",\"width\":512,\"height\":512,\"caption\":\"Bellunopress\"},\"image\":{\"@id\":\"https:\\\/\\\/www.bellunopress.it\\\/#\\\/schema\\\/logo\\\/image\\\/\"},\"sameAs\":[\"https:\\\/\\\/www.facebook.com\\\/profile.php?id=100008943462799\",\"https:\\\/\\\/x.com\\\/bellunopress\",\"https:\\\/\\\/www.linkedin.com\\\/hp\\\/?dnr=JBzUWaJfMUw8vbXJJ2tVW5-I3jZKvC4wsoxE&amp;amp;amp;amp;amp;amp;trk=nav_responsive_tab_home\",\"https:\\\/\\\/www.youtube.com\\\/channel\\\/UCxL0wu1uN0_3_7hGG0306cw\"]},{\"@type\":\"Person\",\"@id\":\"https:\\\/\\\/www.bellunopress.it\\\/#\\\/schema\\\/person\\\/79bb06722b37ece1c03d3e94beb30d73\",\"name\":\"redazione\",\"image\":{\"@type\":\"ImageObject\",\"inLanguage\":\"fr-FR\",\"@id\":\"https:\\\/\\\/secure.gravatar.com\\\/avatar\\\/37d968a2e67a6fd04c169c4bdef102d0bc5d31b2546345219e348575eb80e9a0?s=96&d=mm&r=g\",\"url\":\"https:\\\/\\\/secure.gravatar.com\\\/avatar\\\/37d968a2e67a6fd04c169c4bdef102d0bc5d31b2546345219e348575eb80e9a0?s=96&d=mm&r=g\",\"contentUrl\":\"https:\\\/\\\/secure.gravatar.com\\\/avatar\\\/37d968a2e67a6fd04c169c4bdef102d0bc5d31b2546345219e348575eb80e9a0?s=96&d=mm&r=g\",\"caption\":\"redazione\"},\"sameAs\":[\"http:\\\/\\\/www.bellunopress.it\",\"https:\\\/\\\/x.com\\\/bellunopress\"],\"url\":\"https:\\\/\\\/www.bellunopress.it\\\/fr\\\/author\\\/redazione\\\/\"}]}<\/script>\n<!-- \/ Yoast SEO plugin. -->","yoast_head_json":{"title":"Mig, 53ma Mostra internazionale del gelato artigianale 2-5 dicembre a Longarone fiere - Bellunopress - Dolomiti","robots":{"index":"index","follow":"follow","max-snippet":"max-snippet:-1","max-image-preview":"max-image-preview:large","max-video-preview":"max-video-preview:-1"},"canonical":"https:\/\/www.bellunopress.it\/fr\/2012\/11\/20\/mig-53ma-mostra-internazionale-del-gelato-artigianale-2-5-dicembre-a-longarone-fiere\/","og_locale":"fr_FR","og_type":"article","og_title":"Mig, 53ma Mostra internazionale del gelato artigianale 2-5 dicembre a Longarone fiere - Bellunopress - Dolomiti","og_description":"A poco meno di due settimane dalla sua apertura, cresce l\u2019attesa a Longarone Fiere Dolomiti per la 53. edizione della MIG &#8211; Mostra Internazionale del Gelato Artigianale, in programma dal 2 al 5 dicembre 2012. La pi\u00f9 antica tra le manifestazioni di settore per quattro giorni far\u00e0 di Longarone (Belluno) la capitale mondiale del gelato [&hellip;]","og_url":"https:\/\/www.bellunopress.it\/fr\/2012\/11\/20\/mig-53ma-mostra-internazionale-del-gelato-artigianale-2-5-dicembre-a-longarone-fiere\/","og_site_name":"Bellunopress - Dolomiti","article_publisher":"https:\/\/www.facebook.com\/profile.php?id=100008943462799","article_published_time":"2012-11-20T07:07:57+00:00","og_image":[{"url":"http:\/\/www.bellunopress.it\/wp-content\/uploads\/2012\/06\/oscar-de-bona.jpg","type":"","width":"","height":""}],"author":"redazione","twitter_card":"summary_large_image","twitter_creator":"@bellunopress","twitter_site":"@bellunopress","twitter_misc":{"\u00c9crit par":"redazione","Dur\u00e9e de lecture estim\u00e9e":"3 minutes"},"schema":{"@context":"https:\/\/schema.org","@graph":[{"@type":"Article","@id":"https:\/\/www.bellunopress.it\/2012\/11\/20\/mig-53ma-mostra-internazionale-del-gelato-artigianale-2-5-dicembre-a-longarone-fiere\/#article","isPartOf":{"@id":"https:\/\/www.bellunopress.it\/2012\/11\/20\/mig-53ma-mostra-internazionale-del-gelato-artigianale-2-5-dicembre-a-longarone-fiere\/"},"author":{"name":"redazione","@id":"https:\/\/www.bellunopress.it\/#\/schema\/person\/79bb06722b37ece1c03d3e94beb30d73"},"headline":"Mig, 53ma Mostra internazionale del gelato artigianale 2-5 dicembre a Longarone fiere","datePublished":"2012-11-20T07:07:57+00:00","mainEntityOfPage":{"@id":"https:\/\/www.bellunopress.it\/2012\/11\/20\/mig-53ma-mostra-internazionale-del-gelato-artigianale-2-5-dicembre-a-longarone-fiere\/"},"wordCount":641,"publisher":{"@id":"https:\/\/www.bellunopress.it\/#organization"},"image":{"@id":"https:\/\/www.bellunopress.it\/2012\/11\/20\/mig-53ma-mostra-internazionale-del-gelato-artigianale-2-5-dicembre-a-longarone-fiere\/#primaryimage"},"thumbnailUrl":"http:\/\/www.bellunopress.it\/wp-content\/uploads\/2012\/06\/oscar-de-bona.jpg","articleSection":["Appuntamenti, Eventi","Lavoro, Economia, Turismo","Prima Pagina"],"inLanguage":"fr-FR"},{"@type":"WebPage","@id":"https:\/\/www.bellunopress.it\/2012\/11\/20\/mig-53ma-mostra-internazionale-del-gelato-artigianale-2-5-dicembre-a-longarone-fiere\/","url":"https:\/\/www.bellunopress.it\/2012\/11\/20\/mig-53ma-mostra-internazionale-del-gelato-artigianale-2-5-dicembre-a-longarone-fiere\/","name":"Mig, 53ma Mostra internazionale del gelato artigianale 2-5 dicembre a Longarone fiere - Bellunopress - Dolomiti","isPartOf":{"@id":"https:\/\/www.bellunopress.it\/#website"},"primaryImageOfPage":{"@id":"https:\/\/www.bellunopress.it\/2012\/11\/20\/mig-53ma-mostra-internazionale-del-gelato-artigianale-2-5-dicembre-a-longarone-fiere\/#primaryimage"},"image":{"@id":"https:\/\/www.bellunopress.it\/2012\/11\/20\/mig-53ma-mostra-internazionale-del-gelato-artigianale-2-5-dicembre-a-longarone-fiere\/#primaryimage"},"thumbnailUrl":"http:\/\/www.bellunopress.it\/wp-content\/uploads\/2012\/06\/oscar-de-bona.jpg","datePublished":"2012-11-20T07:07:57+00:00","breadcrumb":{"@id":"https:\/\/www.bellunopress.it\/2012\/11\/20\/mig-53ma-mostra-internazionale-del-gelato-artigianale-2-5-dicembre-a-longarone-fiere\/#breadcrumb"},"inLanguage":"fr-FR","potentialAction":[{"@type":"ReadAction","target":["https:\/\/www.bellunopress.it\/2012\/11\/20\/mig-53ma-mostra-internazionale-del-gelato-artigianale-2-5-dicembre-a-longarone-fiere\/"]}]},{"@type":"ImageObject","inLanguage":"fr-FR","@id":"https:\/\/www.bellunopress.it\/2012\/11\/20\/mig-53ma-mostra-internazionale-del-gelato-artigianale-2-5-dicembre-a-longarone-fiere\/#primaryimage","url":"http:\/\/www.bellunopress.it\/wp-content\/uploads\/2012\/06\/oscar-de-bona.jpg","contentUrl":"http:\/\/www.bellunopress.it\/wp-content\/uploads\/2012\/06\/oscar-de-bona.jpg"},{"@type":"BreadcrumbList","@id":"https:\/\/www.bellunopress.it\/2012\/11\/20\/mig-53ma-mostra-internazionale-del-gelato-artigianale-2-5-dicembre-a-longarone-fiere\/#breadcrumb","itemListElement":[{"@type":"ListItem","position":1,"name":"Home","item":"https:\/\/www.bellunopress.it\/"},{"@type":"ListItem","position":2,"name":"Mig, 53ma Mostra internazionale del gelato artigianale 2-5 dicembre a Longarone fiere"}]},{"@type":"WebSite","@id":"https:\/\/www.bellunopress.it\/#website","url":"https:\/\/www.bellunopress.it\/","name":"Bellunopress - Dolomiti","description":"e-mail: redazione@bellunopress.it","publisher":{"@id":"https:\/\/www.bellunopress.it\/#organization"},"potentialAction":[{"@type":"SearchAction","target":{"@type":"EntryPoint","urlTemplate":"https:\/\/www.bellunopress.it\/?s={search_term_string}"},"query-input":{"@type":"PropertyValueSpecification","valueRequired":true,"valueName":"search_term_string"}}],"inLanguage":"fr-FR"},{"@type":"Organization","@id":"https:\/\/www.bellunopress.it\/#organization","name":"Bellunopress","url":"https:\/\/www.bellunopress.it\/","logo":{"@type":"ImageObject","inLanguage":"fr-FR","@id":"https:\/\/www.bellunopress.it\/#\/schema\/logo\/image\/","url":"https:\/\/www.bellunopress.it\/wp-content\/uploads\/2011\/05\/cropped-logo-bellunopress-.jpg","contentUrl":"https:\/\/www.bellunopress.it\/wp-content\/uploads\/2011\/05\/cropped-logo-bellunopress-.jpg","width":512,"height":512,"caption":"Bellunopress"},"image":{"@id":"https:\/\/www.bellunopress.it\/#\/schema\/logo\/image\/"},"sameAs":["https:\/\/www.facebook.com\/profile.php?id=100008943462799","https:\/\/x.com\/bellunopress","https:\/\/www.linkedin.com\/hp\/?dnr=JBzUWaJfMUw8vbXJJ2tVW5-I3jZKvC4wsoxE&amp;amp;amp;amp;amp;amp;trk=nav_responsive_tab_home","https:\/\/www.youtube.com\/channel\/UCxL0wu1uN0_3_7hGG0306cw"]},{"@type":"Person","@id":"https:\/\/www.bellunopress.it\/#\/schema\/person\/79bb06722b37ece1c03d3e94beb30d73","name":"r\u00e9daction","image":{"@type":"ImageObject","inLanguage":"fr-FR","@id":"https:\/\/secure.gravatar.com\/avatar\/37d968a2e67a6fd04c169c4bdef102d0bc5d31b2546345219e348575eb80e9a0?s=96&d=mm&r=g","url":"https:\/\/secure.gravatar.com\/avatar\/37d968a2e67a6fd04c169c4bdef102d0bc5d31b2546345219e348575eb80e9a0?s=96&d=mm&r=g","contentUrl":"https:\/\/secure.gravatar.com\/avatar\/37d968a2e67a6fd04c169c4bdef102d0bc5d31b2546345219e348575eb80e9a0?s=96&d=mm&r=g","caption":"redazione"},"sameAs":["http:\/\/www.bellunopress.it","https:\/\/x.com\/bellunopress"],"url":"https:\/\/www.bellunopress.it\/fr\/author\/redazione\/"}]}},"_links":{"self":[{"href":"https:\/\/www.bellunopress.it\/fr\/wp-json\/wp\/v2\/posts\/44043","targetHints":{"allow":["GET"]}}],"collection":[{"href":"https:\/\/www.bellunopress.it\/fr\/wp-json\/wp\/v2\/posts"}],"about":[{"href":"https:\/\/www.bellunopress.it\/fr\/wp-json\/wp\/v2\/types\/post"}],"author":[{"embeddable":true,"href":"https:\/\/www.bellunopress.it\/fr\/wp-json\/wp\/v2\/users\/2"}],"replies":[{"embeddable":true,"href":"https:\/\/www.bellunopress.it\/fr\/wp-json\/wp\/v2\/comments?post=44043"}],"version-history":[{"count":1,"href":"https:\/\/www.bellunopress.it\/fr\/wp-json\/wp\/v2\/posts\/44043\/revisions"}],"predecessor-version":[{"id":44044,"href":"https:\/\/www.bellunopress.it\/fr\/wp-json\/wp\/v2\/posts\/44043\/revisions\/44044"}],"wp:attachment":[{"href":"https:\/\/www.bellunopress.it\/fr\/wp-json\/wp\/v2\/media?parent=44043"}],"wp:term":[{"taxonomy":"category","embeddable":true,"href":"https:\/\/www.bellunopress.it\/fr\/wp-json\/wp\/v2\/categories?post=44043"},{"taxonomy":"post_tag","embeddable":true,"href":"https:\/\/www.bellunopress.it\/fr\/wp-json\/wp\/v2\/tags?post=44043"}],"curies":[{"name":"wp","href":"https:\/\/api.w.org\/{rel}","templated":true}]}}