{"id":4404,"date":"2009-06-04T10:22:39","date_gmt":"2009-06-04T09:22:39","guid":{"rendered":"http:\/\/www.bellunopress.it\/?p=4404"},"modified":"2009-06-04T10:22:39","modified_gmt":"2009-06-04T09:22:39","slug":"ultime-notizie-dal-cai-di-agordo-sabato-6-giugno-c%e2%80%99e-la-%e2%80%9cgiornata-del-sentiero","status":"publish","type":"post","link":"https:\/\/www.bellunopress.it\/fr\/2009\/06\/04\/ultime-notizie-dal-cai-di-agordo-sabato-6-giugno-c%e2%80%99e-la-%e2%80%9cgiornata-del-sentiero\/","title":{"rendered":"Ultime notizie dal Cai di Agordo: sabato 6 giugno c\u2019\u00e8 la \u201cGiornata del sentiero&#8221;"},"content":{"rendered":"<p>Il rigido e soprattutto nevoso inverno da poco trascorso ha inevitabilmente lasciato dietro di s\u00e9 alcuni problemi. La rete\u00a0 sentieristica della nostra vallata abbisogna \u2013 ancor pi\u00f9 che nelle passate stagioni \u2013 di numerosi interventi di manutenzione. Un invito quindi, rivolto a tutti coloro che ne abbiano la possibilit\u00e0, a partecipare\u00a0 alla \u201cGiornata del sentiero\u201d \u2013 appositamente indetta dalla nostra Sezione &#8211; per collaborare al ripristino ed alla pulizia di alcuni tratti sentieristici . Chi vorr\u00e0 gentilmente rispondere al nostro appello e donare poco pi\u00f9 di mezza giornata del suo tempo libero a favore della montagna, \u00e8 pregato quindi di presentarsi (munito della basilare attrezzatura necessaria in ordine alle proprie possibilit\u00e0, es. pale,picconi,accette,roncole,motoseghe ecc.) presso la Sede della Sezione Agordina del C.A.I. \u2013 Municipio di Agordo \u2013 sabato 6 giugno 2009 alle ore 07.30.<br \/>\nGrazie fin d\u2019ora a tutti!<\/p>\n<p>SPEDIZIONE CORDILLERA BLANCA &#8211; PERU\u2019.<br \/>\nLa Nostra Sezione ha dato il proprio Patrocinio alla Spedizione che vedr\u00e0 impegnati 7 alpinisti (dei quali ben 5 Soci della Sezione Agordina) alla vetta dell\u2019Alpamayo nella Cordillera Blanca Peruviana.<\/p>\n<figure id=\"attachment_4405\" aria-describedby=\"caption-attachment-4405\" style=\"width: 270px\" class=\"wp-caption aligncenter\"><a href=\"http:\/\/www.bellunopress.it\/wp-content\/uploads\/2009\/06\/alpamayo-leggera.jpg\"><img loading=\"lazy\" decoding=\"async\" class=\"size-medium wp-image-4405\" title=\"alpamayo-leggera\" src=\"http:\/\/www.bellunopress.it\/wp-content\/uploads\/2009\/06\/alpamayo-leggera.jpg\" alt=\"Alpamayo\" width=\"270\" height=\"203\" \/><\/a><figcaption id=\"caption-attachment-4405\" class=\"wp-caption-text\">Alpamayo<\/figcaption><\/figure>\n<p>I partecipanti sono: Emanuele Pellegrini, Michele Costantini, Gianni Del Din, Alice Prete e Devis Zasso (Sezione Agordina del C.A.I.), ai quali si aggiungono Maria Cristina Fina (Sezione C.A.I. di Saluzzo \u2013 CN) e Laura Sighel della Sezione SAT di Trento. L\u2019obbiettivo della spedizione \u00e8 la Vetta dell\u2019 Alpamayo (5947 m) lungo la difficile e bellissima parete Sud, percorrendo la via diretta \u201cfrancese\u201d (pendenze su ghiaccio fino ad 80\u00b0). Per il necessario \u201cacclimatamento\u201d a questa salita sono inoltre in programma \u2013 nel corso della settimana precedente &#8211; la salita al Nevado Ishinca (5534 m) e al Toqllaraju (6032 m). La spedizione \u00e8 partita sabato scorso, 30 maggio 2009, con il volo per Lima. Il rientro ad Agordo \u00e8 previsto per il 21 giugno prossimo. Nel corso delle prossime comunicazioni Vi forniremo ulteriori notizie, man mano che a nostra volta le riceveremo dagli alpinisti impegnati in questa spedizione. In \u201cbocca al lupo\u201d ragazzi!<\/p>","protected":false},"excerpt":{"rendered":"<p>Il rigido e soprattutto nevoso inverno da poco trascorso ha inevitabilmente lasciato dietro di s\u00e9 alcuni problemi. La rete\u00a0 sentieristica della nostra vallata abbisogna \u2013 ancor pi\u00f9 che nelle passate stagioni \u2013 di numerosi interventi di manutenzione. Un invito quindi, rivolto a tutti coloro che ne abbiano la possibilit\u00e0, a partecipare\u00a0 alla \u201cGiornata del sentiero\u201d [&hellip;]<\/p>\n","protected":false},"author":2,"featured_media":0,"comment_status":"closed","ping_status":"open","sticky":false,"template":"","format":"standard","meta":{"footnotes":""},"categories":[27,38,25],"tags":[139],"class_list":["post-4404","post","type-post","status-publish","format-standard","category-appuntamenti","category-natura-ambiente","category-pausa-caffe","tag-belluno"],"yoast_head":"<!-- This site is optimized with the Yoast SEO plugin v28.4 - https:\/\/yoast.com\/product\/yoast-seo-wordpress\/ -->\n<title>Ultime notizie dal Cai di Agordo: sabato 6 giugno c\u2019\u00e8 la \u201cGiornata del sentiero&quot; - Bellunopress - Dolomiti<\/title>\n<meta name=\"robots\" content=\"index, follow, max-snippet:-1, max-image-preview:large, max-video-preview:-1\" \/>\n<link rel=\"canonical\" href=\"https:\/\/www.bellunopress.it\/fr\/2009\/06\/04\/ultime-notizie-dal-cai-di-agordo-sabato-6-giugno-c\u2019e-la-\u201cgiornata-del-sentiero\/\" \/>\n<meta property=\"og:locale\" content=\"fr_FR\" \/>\n<meta property=\"og:type\" content=\"article\" \/>\n<meta property=\"og:title\" content=\"Ultime notizie dal Cai di Agordo: sabato 6 giugno c\u2019\u00e8 la \u201cGiornata del sentiero&quot; - Bellunopress - Dolomiti\" \/>\n<meta property=\"og:description\" content=\"Il rigido e soprattutto nevoso inverno da poco trascorso ha inevitabilmente lasciato dietro di s\u00e9 alcuni problemi. La rete\u00a0 sentieristica della nostra vallata abbisogna \u2013 ancor pi\u00f9 che nelle passate stagioni \u2013 di numerosi interventi di manutenzione. Un invito quindi, rivolto a tutti coloro che ne abbiano la possibilit\u00e0, a partecipare\u00a0 alla \u201cGiornata del sentiero\u201d [&hellip;]\" \/>\n<meta property=\"og:url\" content=\"https:\/\/www.bellunopress.it\/fr\/2009\/06\/04\/ultime-notizie-dal-cai-di-agordo-sabato-6-giugno-c\u2019e-la-\u201cgiornata-del-sentiero\/\" \/>\n<meta property=\"og:site_name\" content=\"Bellunopress - Dolomiti\" \/>\n<meta property=\"article:publisher\" content=\"https:\/\/www.facebook.com\/profile.php?id=100008943462799\" \/>\n<meta property=\"article:published_time\" content=\"2009-06-04T09:22:39+00:00\" \/>\n<meta property=\"og:image\" content=\"http:\/\/www.bellunopress.it\/wp-content\/uploads\/2009\/06\/alpamayo-leggera.jpg\" \/>\n<meta name=\"author\" content=\"redazione\" \/>\n<meta name=\"twitter:card\" content=\"summary_large_image\" \/>\n<meta name=\"twitter:creator\" content=\"@bellunopress\" \/>\n<meta name=\"twitter:site\" content=\"@bellunopress\" \/>\n<meta name=\"twitter:label1\" content=\"Written by\" \/>\n\t<meta name=\"twitter:data1\" content=\"redazione\" \/>\n\t<meta name=\"twitter:label2\" content=\"Est. reading time\" \/>\n\t<meta name=\"twitter:data2\" content=\"2 minutes\" \/>\n<script type=\"application\/ld+json\" class=\"yoast-schema-graph\">{\"@context\":\"https:\\\/\\\/schema.org\",\"@graph\":[{\"@type\":\"Article\",\"@id\":\"https:\\\/\\\/www.bellunopress.it\\\/2009\\\/06\\\/04\\\/ultime-notizie-dal-cai-di-agordo-sabato-6-giugno-c%e2%80%99e-la-%e2%80%9cgiornata-del-sentiero\\\/#article\",\"isPartOf\":{\"@id\":\"https:\\\/\\\/www.bellunopress.it\\\/2009\\\/06\\\/04\\\/ultime-notizie-dal-cai-di-agordo-sabato-6-giugno-c%e2%80%99e-la-%e2%80%9cgiornata-del-sentiero\\\/\"},\"author\":{\"name\":\"redazione\",\"@id\":\"https:\\\/\\\/www.bellunopress.it\\\/#\\\/schema\\\/person\\\/79bb06722b37ece1c03d3e94beb30d73\"},\"headline\":\"Ultime notizie dal Cai di Agordo: sabato 6 giugno c\u2019\u00e8 la \u201cGiornata del sentiero&#8221;\",\"datePublished\":\"2009-06-04T09:22:39+00:00\",\"mainEntityOfPage\":{\"@id\":\"https:\\\/\\\/www.bellunopress.it\\\/2009\\\/06\\\/04\\\/ultime-notizie-dal-cai-di-agordo-sabato-6-giugno-c%e2%80%99e-la-%e2%80%9cgiornata-del-sentiero\\\/\"},\"wordCount\":336,\"publisher\":{\"@id\":\"https:\\\/\\\/www.bellunopress.it\\\/#organization\"},\"image\":{\"@id\":\"https:\\\/\\\/www.bellunopress.it\\\/2009\\\/06\\\/04\\\/ultime-notizie-dal-cai-di-agordo-sabato-6-giugno-c%e2%80%99e-la-%e2%80%9cgiornata-del-sentiero\\\/#primaryimage\"},\"thumbnailUrl\":\"http:\\\/\\\/www.bellunopress.it\\\/wp-content\\\/uploads\\\/2009\\\/06\\\/alpamayo-leggera.jpg\",\"keywords\":[\"Belluno\"],\"articleSection\":[\"Appuntamenti, Eventi\",\"Meteo, natura, ambiente, animali\",\"Pausa Caff\u00e8\"],\"inLanguage\":\"fr-FR\"},{\"@type\":\"WebPage\",\"@id\":\"https:\\\/\\\/www.bellunopress.it\\\/2009\\\/06\\\/04\\\/ultime-notizie-dal-cai-di-agordo-sabato-6-giugno-c%e2%80%99e-la-%e2%80%9cgiornata-del-sentiero\\\/\",\"url\":\"https:\\\/\\\/www.bellunopress.it\\\/2009\\\/06\\\/04\\\/ultime-notizie-dal-cai-di-agordo-sabato-6-giugno-c%e2%80%99e-la-%e2%80%9cgiornata-del-sentiero\\\/\",\"name\":\"Ultime notizie dal Cai di Agordo: sabato 6 giugno c\u2019\u00e8 la \u201cGiornata del sentiero\\\" - Bellunopress - Dolomiti\",\"isPartOf\":{\"@id\":\"https:\\\/\\\/www.bellunopress.it\\\/#website\"},\"primaryImageOfPage\":{\"@id\":\"https:\\\/\\\/www.bellunopress.it\\\/2009\\\/06\\\/04\\\/ultime-notizie-dal-cai-di-agordo-sabato-6-giugno-c%e2%80%99e-la-%e2%80%9cgiornata-del-sentiero\\\/#primaryimage\"},\"image\":{\"@id\":\"https:\\\/\\\/www.bellunopress.it\\\/2009\\\/06\\\/04\\\/ultime-notizie-dal-cai-di-agordo-sabato-6-giugno-c%e2%80%99e-la-%e2%80%9cgiornata-del-sentiero\\\/#primaryimage\"},\"thumbnailUrl\":\"http:\\\/\\\/www.bellunopress.it\\\/wp-content\\\/uploads\\\/2009\\\/06\\\/alpamayo-leggera.jpg\",\"datePublished\":\"2009-06-04T09:22:39+00:00\",\"breadcrumb\":{\"@id\":\"https:\\\/\\\/www.bellunopress.it\\\/2009\\\/06\\\/04\\\/ultime-notizie-dal-cai-di-agordo-sabato-6-giugno-c%e2%80%99e-la-%e2%80%9cgiornata-del-sentiero\\\/#breadcrumb\"},\"inLanguage\":\"fr-FR\",\"potentialAction\":[{\"@type\":\"ReadAction\",\"target\":[\"https:\\\/\\\/www.bellunopress.it\\\/2009\\\/06\\\/04\\\/ultime-notizie-dal-cai-di-agordo-sabato-6-giugno-c%e2%80%99e-la-%e2%80%9cgiornata-del-sentiero\\\/\"]}]},{\"@type\":\"ImageObject\",\"inLanguage\":\"fr-FR\",\"@id\":\"https:\\\/\\\/www.bellunopress.it\\\/2009\\\/06\\\/04\\\/ultime-notizie-dal-cai-di-agordo-sabato-6-giugno-c%e2%80%99e-la-%e2%80%9cgiornata-del-sentiero\\\/#primaryimage\",\"url\":\"http:\\\/\\\/www.bellunopress.it\\\/wp-content\\\/uploads\\\/2009\\\/06\\\/alpamayo-leggera.jpg\",\"contentUrl\":\"http:\\\/\\\/www.bellunopress.it\\\/wp-content\\\/uploads\\\/2009\\\/06\\\/alpamayo-leggera.jpg\"},{\"@type\":\"BreadcrumbList\",\"@id\":\"https:\\\/\\\/www.bellunopress.it\\\/2009\\\/06\\\/04\\\/ultime-notizie-dal-cai-di-agordo-sabato-6-giugno-c%e2%80%99e-la-%e2%80%9cgiornata-del-sentiero\\\/#breadcrumb\",\"itemListElement\":[{\"@type\":\"ListItem\",\"position\":1,\"name\":\"Home\",\"item\":\"https:\\\/\\\/www.bellunopress.it\\\/\"},{\"@type\":\"ListItem\",\"position\":2,\"name\":\"Ultime notizie dal Cai di Agordo: sabato 6 giugno c\u2019\u00e8 la \u201cGiornata del sentiero&#8221;\"}]},{\"@type\":\"WebSite\",\"@id\":\"https:\\\/\\\/www.bellunopress.it\\\/#website\",\"url\":\"https:\\\/\\\/www.bellunopress.it\\\/\",\"name\":\"Bellunopress - Dolomiti\",\"description\":\"e-mail: redazione@bellunopress.it\",\"publisher\":{\"@id\":\"https:\\\/\\\/www.bellunopress.it\\\/#organization\"},\"potentialAction\":[{\"@type\":\"SearchAction\",\"target\":{\"@type\":\"EntryPoint\",\"urlTemplate\":\"https:\\\/\\\/www.bellunopress.it\\\/?s={search_term_string}\"},\"query-input\":{\"@type\":\"PropertyValueSpecification\",\"valueRequired\":true,\"valueName\":\"search_term_string\"}}],\"inLanguage\":\"fr-FR\"},{\"@type\":\"Organization\",\"@id\":\"https:\\\/\\\/www.bellunopress.it\\\/#organization\",\"name\":\"Bellunopress\",\"url\":\"https:\\\/\\\/www.bellunopress.it\\\/\",\"logo\":{\"@type\":\"ImageObject\",\"inLanguage\":\"fr-FR\",\"@id\":\"https:\\\/\\\/www.bellunopress.it\\\/#\\\/schema\\\/logo\\\/image\\\/\",\"url\":\"https:\\\/\\\/www.bellunopress.it\\\/wp-content\\\/uploads\\\/2011\\\/05\\\/cropped-logo-bellunopress-.jpg\",\"contentUrl\":\"https:\\\/\\\/www.bellunopress.it\\\/wp-content\\\/uploads\\\/2011\\\/05\\\/cropped-logo-bellunopress-.jpg\",\"width\":512,\"height\":512,\"caption\":\"Bellunopress\"},\"image\":{\"@id\":\"https:\\\/\\\/www.bellunopress.it\\\/#\\\/schema\\\/logo\\\/image\\\/\"},\"sameAs\":[\"https:\\\/\\\/www.facebook.com\\\/profile.php?id=100008943462799\",\"https:\\\/\\\/x.com\\\/bellunopress\",\"https:\\\/\\\/www.linkedin.com\\\/hp\\\/?dnr=JBzUWaJfMUw8vbXJJ2tVW5-I3jZKvC4wsoxE&amp;amp;amp;amp;amp;amp;trk=nav_responsive_tab_home\",\"https:\\\/\\\/www.youtube.com\\\/channel\\\/UCxL0wu1uN0_3_7hGG0306cw\"]},{\"@type\":\"Person\",\"@id\":\"https:\\\/\\\/www.bellunopress.it\\\/#\\\/schema\\\/person\\\/79bb06722b37ece1c03d3e94beb30d73\",\"name\":\"redazione\",\"image\":{\"@type\":\"ImageObject\",\"inLanguage\":\"fr-FR\",\"@id\":\"https:\\\/\\\/secure.gravatar.com\\\/avatar\\\/37d968a2e67a6fd04c169c4bdef102d0bc5d31b2546345219e348575eb80e9a0?s=96&d=mm&r=g\",\"url\":\"https:\\\/\\\/secure.gravatar.com\\\/avatar\\\/37d968a2e67a6fd04c169c4bdef102d0bc5d31b2546345219e348575eb80e9a0?s=96&d=mm&r=g\",\"contentUrl\":\"https:\\\/\\\/secure.gravatar.com\\\/avatar\\\/37d968a2e67a6fd04c169c4bdef102d0bc5d31b2546345219e348575eb80e9a0?s=96&d=mm&r=g\",\"caption\":\"redazione\"},\"sameAs\":[\"http:\\\/\\\/www.bellunopress.it\",\"https:\\\/\\\/x.com\\\/bellunopress\"],\"url\":\"https:\\\/\\\/www.bellunopress.it\\\/fr\\\/author\\\/redazione\\\/\"}]}<\/script>\n<!-- \/ Yoast SEO plugin. -->","yoast_head_json":{"title":"Ultime notizie dal Cai di Agordo: sabato 6 giugno c\u2019\u00e8 la \u201cGiornata del sentiero\" - Bellunopress - Dolomiti","robots":{"index":"index","follow":"follow","max-snippet":"max-snippet:-1","max-image-preview":"max-image-preview:large","max-video-preview":"max-video-preview:-1"},"canonical":"https:\/\/www.bellunopress.it\/fr\/2009\/06\/04\/ultime-notizie-dal-cai-di-agordo-sabato-6-giugno-c\u2019e-la-\u201cgiornata-del-sentiero\/","og_locale":"fr_FR","og_type":"article","og_title":"Ultime notizie dal Cai di Agordo: sabato 6 giugno c\u2019\u00e8 la \u201cGiornata del sentiero\" - Bellunopress - Dolomiti","og_description":"Il rigido e soprattutto nevoso inverno da poco trascorso ha inevitabilmente lasciato dietro di s\u00e9 alcuni problemi. La rete\u00a0 sentieristica della nostra vallata abbisogna \u2013 ancor pi\u00f9 che nelle passate stagioni \u2013 di numerosi interventi di manutenzione. Un invito quindi, rivolto a tutti coloro che ne abbiano la possibilit\u00e0, a partecipare\u00a0 alla \u201cGiornata del sentiero\u201d [&hellip;]","og_url":"https:\/\/www.bellunopress.it\/fr\/2009\/06\/04\/ultime-notizie-dal-cai-di-agordo-sabato-6-giugno-c\u2019e-la-\u201cgiornata-del-sentiero\/","og_site_name":"Bellunopress - Dolomiti","article_publisher":"https:\/\/www.facebook.com\/profile.php?id=100008943462799","article_published_time":"2009-06-04T09:22:39+00:00","og_image":[{"url":"http:\/\/www.bellunopress.it\/wp-content\/uploads\/2009\/06\/alpamayo-leggera.jpg","type":"","width":"","height":""}],"author":"redazione","twitter_card":"summary_large_image","twitter_creator":"@bellunopress","twitter_site":"@bellunopress","twitter_misc":{"Written by":"redazione","Est. reading time":"2 minutes"},"schema":{"@context":"https:\/\/schema.org","@graph":[{"@type":"Article","@id":"https:\/\/www.bellunopress.it\/2009\/06\/04\/ultime-notizie-dal-cai-di-agordo-sabato-6-giugno-c%e2%80%99e-la-%e2%80%9cgiornata-del-sentiero\/#article","isPartOf":{"@id":"https:\/\/www.bellunopress.it\/2009\/06\/04\/ultime-notizie-dal-cai-di-agordo-sabato-6-giugno-c%e2%80%99e-la-%e2%80%9cgiornata-del-sentiero\/"},"author":{"name":"redazione","@id":"https:\/\/www.bellunopress.it\/#\/schema\/person\/79bb06722b37ece1c03d3e94beb30d73"},"headline":"Ultime notizie dal Cai di Agordo: sabato 6 giugno c\u2019\u00e8 la \u201cGiornata del sentiero&#8221;","datePublished":"2009-06-04T09:22:39+00:00","mainEntityOfPage":{"@id":"https:\/\/www.bellunopress.it\/2009\/06\/04\/ultime-notizie-dal-cai-di-agordo-sabato-6-giugno-c%e2%80%99e-la-%e2%80%9cgiornata-del-sentiero\/"},"wordCount":336,"publisher":{"@id":"https:\/\/www.bellunopress.it\/#organization"},"image":{"@id":"https:\/\/www.bellunopress.it\/2009\/06\/04\/ultime-notizie-dal-cai-di-agordo-sabato-6-giugno-c%e2%80%99e-la-%e2%80%9cgiornata-del-sentiero\/#primaryimage"},"thumbnailUrl":"http:\/\/www.bellunopress.it\/wp-content\/uploads\/2009\/06\/alpamayo-leggera.jpg","keywords":["Belluno"],"articleSection":["Appuntamenti, Eventi","Meteo, natura, ambiente, animali","Pausa Caff\u00e8"],"inLanguage":"fr-FR"},{"@type":"WebPage","@id":"https:\/\/www.bellunopress.it\/2009\/06\/04\/ultime-notizie-dal-cai-di-agordo-sabato-6-giugno-c%e2%80%99e-la-%e2%80%9cgiornata-del-sentiero\/","url":"https:\/\/www.bellunopress.it\/2009\/06\/04\/ultime-notizie-dal-cai-di-agordo-sabato-6-giugno-c%e2%80%99e-la-%e2%80%9cgiornata-del-sentiero\/","name":"Ultime notizie dal Cai di Agordo: sabato 6 giugno c\u2019\u00e8 la \u201cGiornata del sentiero\" - Bellunopress - Dolomiti","isPartOf":{"@id":"https:\/\/www.bellunopress.it\/#website"},"primaryImageOfPage":{"@id":"https:\/\/www.bellunopress.it\/2009\/06\/04\/ultime-notizie-dal-cai-di-agordo-sabato-6-giugno-c%e2%80%99e-la-%e2%80%9cgiornata-del-sentiero\/#primaryimage"},"image":{"@id":"https:\/\/www.bellunopress.it\/2009\/06\/04\/ultime-notizie-dal-cai-di-agordo-sabato-6-giugno-c%e2%80%99e-la-%e2%80%9cgiornata-del-sentiero\/#primaryimage"},"thumbnailUrl":"http:\/\/www.bellunopress.it\/wp-content\/uploads\/2009\/06\/alpamayo-leggera.jpg","datePublished":"2009-06-04T09:22:39+00:00","breadcrumb":{"@id":"https:\/\/www.bellunopress.it\/2009\/06\/04\/ultime-notizie-dal-cai-di-agordo-sabato-6-giugno-c%e2%80%99e-la-%e2%80%9cgiornata-del-sentiero\/#breadcrumb"},"inLanguage":"fr-FR","potentialAction":[{"@type":"ReadAction","target":["https:\/\/www.bellunopress.it\/2009\/06\/04\/ultime-notizie-dal-cai-di-agordo-sabato-6-giugno-c%e2%80%99e-la-%e2%80%9cgiornata-del-sentiero\/"]}]},{"@type":"ImageObject","inLanguage":"fr-FR","@id":"https:\/\/www.bellunopress.it\/2009\/06\/04\/ultime-notizie-dal-cai-di-agordo-sabato-6-giugno-c%e2%80%99e-la-%e2%80%9cgiornata-del-sentiero\/#primaryimage","url":"http:\/\/www.bellunopress.it\/wp-content\/uploads\/2009\/06\/alpamayo-leggera.jpg","contentUrl":"http:\/\/www.bellunopress.it\/wp-content\/uploads\/2009\/06\/alpamayo-leggera.jpg"},{"@type":"BreadcrumbList","@id":"https:\/\/www.bellunopress.it\/2009\/06\/04\/ultime-notizie-dal-cai-di-agordo-sabato-6-giugno-c%e2%80%99e-la-%e2%80%9cgiornata-del-sentiero\/#breadcrumb","itemListElement":[{"@type":"ListItem","position":1,"name":"Home","item":"https:\/\/www.bellunopress.it\/"},{"@type":"ListItem","position":2,"name":"Ultime notizie dal Cai di Agordo: sabato 6 giugno c\u2019\u00e8 la \u201cGiornata del sentiero&#8221;"}]},{"@type":"WebSite","@id":"https:\/\/www.bellunopress.it\/#website","url":"https:\/\/www.bellunopress.it\/","name":"Bellunopress - Dolomiti","description":"e-mail: redazione@bellunopress.it","publisher":{"@id":"https:\/\/www.bellunopress.it\/#organization"},"potentialAction":[{"@type":"SearchAction","target":{"@type":"EntryPoint","urlTemplate":"https:\/\/www.bellunopress.it\/?s={search_term_string}"},"query-input":{"@type":"PropertyValueSpecification","valueRequired":true,"valueName":"search_term_string"}}],"inLanguage":"fr-FR"},{"@type":"Organization","@id":"https:\/\/www.bellunopress.it\/#organization","name":"Bellunopress","url":"https:\/\/www.bellunopress.it\/","logo":{"@type":"ImageObject","inLanguage":"fr-FR","@id":"https:\/\/www.bellunopress.it\/#\/schema\/logo\/image\/","url":"https:\/\/www.bellunopress.it\/wp-content\/uploads\/2011\/05\/cropped-logo-bellunopress-.jpg","contentUrl":"https:\/\/www.bellunopress.it\/wp-content\/uploads\/2011\/05\/cropped-logo-bellunopress-.jpg","width":512,"height":512,"caption":"Bellunopress"},"image":{"@id":"https:\/\/www.bellunopress.it\/#\/schema\/logo\/image\/"},"sameAs":["https:\/\/www.facebook.com\/profile.php?id=100008943462799","https:\/\/x.com\/bellunopress","https:\/\/www.linkedin.com\/hp\/?dnr=JBzUWaJfMUw8vbXJJ2tVW5-I3jZKvC4wsoxE&amp;amp;amp;amp;amp;amp;trk=nav_responsive_tab_home","https:\/\/www.youtube.com\/channel\/UCxL0wu1uN0_3_7hGG0306cw"]},{"@type":"Person","@id":"https:\/\/www.bellunopress.it\/#\/schema\/person\/79bb06722b37ece1c03d3e94beb30d73","name":"r\u00e9daction","image":{"@type":"ImageObject","inLanguage":"fr-FR","@id":"https:\/\/secure.gravatar.com\/avatar\/37d968a2e67a6fd04c169c4bdef102d0bc5d31b2546345219e348575eb80e9a0?s=96&d=mm&r=g","url":"https:\/\/secure.gravatar.com\/avatar\/37d968a2e67a6fd04c169c4bdef102d0bc5d31b2546345219e348575eb80e9a0?s=96&d=mm&r=g","contentUrl":"https:\/\/secure.gravatar.com\/avatar\/37d968a2e67a6fd04c169c4bdef102d0bc5d31b2546345219e348575eb80e9a0?s=96&d=mm&r=g","caption":"redazione"},"sameAs":["http:\/\/www.bellunopress.it","https:\/\/x.com\/bellunopress"],"url":"https:\/\/www.bellunopress.it\/fr\/author\/redazione\/"}]}},"_links":{"self":[{"href":"https:\/\/www.bellunopress.it\/fr\/wp-json\/wp\/v2\/posts\/4404","targetHints":{"allow":["GET"]}}],"collection":[{"href":"https:\/\/www.bellunopress.it\/fr\/wp-json\/wp\/v2\/posts"}],"about":[{"href":"https:\/\/www.bellunopress.it\/fr\/wp-json\/wp\/v2\/types\/post"}],"author":[{"embeddable":true,"href":"https:\/\/www.bellunopress.it\/fr\/wp-json\/wp\/v2\/users\/2"}],"replies":[{"embeddable":true,"href":"https:\/\/www.bellunopress.it\/fr\/wp-json\/wp\/v2\/comments?post=4404"}],"version-history":[{"count":1,"href":"https:\/\/www.bellunopress.it\/fr\/wp-json\/wp\/v2\/posts\/4404\/revisions"}],"predecessor-version":[{"id":4406,"href":"https:\/\/www.bellunopress.it\/fr\/wp-json\/wp\/v2\/posts\/4404\/revisions\/4406"}],"wp:attachment":[{"href":"https:\/\/www.bellunopress.it\/fr\/wp-json\/wp\/v2\/media?parent=4404"}],"wp:term":[{"taxonomy":"category","embeddable":true,"href":"https:\/\/www.bellunopress.it\/fr\/wp-json\/wp\/v2\/categories?post=4404"},{"taxonomy":"post_tag","embeddable":true,"href":"https:\/\/www.bellunopress.it\/fr\/wp-json\/wp\/v2\/tags?post=4404"}],"curies":[{"name":"wp","href":"https:\/\/api.w.org\/{rel}","templated":true}]}}