{"id":44021,"date":"2012-11-19T10:14:42","date_gmt":"2012-11-19T09:14:42","guid":{"rendered":"http:\/\/www.bellunopress.it\/?p=44021"},"modified":"2012-11-19T10:14:42","modified_gmt":"2012-11-19T09:14:42","slug":"il-belluno-si-impone-2-1-sul-campo-della-sanbonifacese","status":"publish","type":"post","link":"https:\/\/www.bellunopress.it\/fr\/2012\/11\/19\/il-belluno-si-impone-2-1-sul-campo-della-sanbonifacese\/","title":{"rendered":"Il Belluno si impone 2-1 sul campo della Sanbonifacese"},"content":{"rendered":"<p><a href=\"http:\/\/www.bellunopress.it\/wp-content\/uploads\/2012\/09\/Calcio-belluno.jpg\"><img loading=\"lazy\" decoding=\"async\" class=\"alignleft size-full wp-image-41719\" title=\"Calcio belluno\" src=\"http:\/\/www.bellunopress.it\/wp-content\/uploads\/2012\/09\/Calcio-belluno.jpg\" alt=\"\" width=\"190\" height=\"54\" \/><\/a>San Bonifacio, 18\/11\/2012 \u2013 Grande prestazione per la squadra di Roberto Raschi che si impone 2-1 sul difficile campo della Sambonifacese. Nella prima frazione di gioco le squadre si studiano e non creano molte occasioni da gol. La pi\u00f9 pericolosa arriva al 20\u2019 con Migliorini con un calcio di punizione dal limite dell\u2019area che finisce fuori di pochissimo. La ripresa \u00e8 molto pi\u00f9 vibrante e al 55\u2019 Radrezza semina il panico nella difesa avversaria e si presenta davanti a Luciani infilandolo con un tiro alla sinistra del portiere di casa. Al 60\u2019 viene espulso Masoch per doppia ammonizione e la partita sembra complicarsi ma pochi minuti dopo Corbanese raddoppia con un gol in mischia su azione da calcio d\u2019angolo. Al 70\u2019 Scapini accorcia le distanze con un tiro di sinistro dove D\u2019Antimo non pu\u00f2 arrivare. Gli ultimi minuti sono concitati ma il Belluno riesce a resistere e porta a casa tre punti meritatissimi per il morale e per la classifica. I ragazzi di Raschi hanno dimostrato ancora una volta di saper soffrire nei momenti difficili e la vittoria di oggi ne \u00e8 la dimostrazione.<\/p>\n<p>&nbsp;<\/p>\n<p>&nbsp;<\/p>\n<p>Marcatori: 56\u2019 Radrezza, 68\u2019 Corbanese, 70\u2019 Scapini<\/p>\n<p>A.C Belluno 1905: 1. D\u2019Antimo, 2. Gallonetto, 3. Mosca, 4. Moretti (75\u2019st 13. Brichese), 5. Brustolon, 6. Sommacal, 7. Duravia, 8. Masoch, 9. Corbanese, 10. Radrezza, 11. Padovan (64\u2019st 16. De Filippo F.)<\/p>\n<p>A disposizione: 12. Rossetto, 14. Crose, 15. Brancher, 17. De Filippo S., 18. Ackon<\/p>\n<p>Allenatore: Roberto Raschi<\/p>\n<p>Sambonifacese: 1. Luciani, 2. Creati (85\u2019st 17. Ligarotti), 3. Pisani, 4. De Nardini, 5. Daldosso, 6. Ghidini, 7. Brancato, 8. Migliorini (45\u2019st 18. Iarrusso), 9. Scapini, 10. Dell\u2019Anna, 11. Lenzoni<\/p>\n<p>A disposizione: 12. Donetti, 13. Placchi, 14. Ebhote, 15. Dionisi,16. Caldana<\/p>\n<p>Allenatore: Stefano De Agostini<\/p>\n<p>Arbitro: Accomando di Olbia<\/p>\n<p>Ammoniti: Duravia, Moretti, Mosca, Scapini, Ghidini<\/p>\n<p>Espulsi: Masoch al 60\u2019 per doppia ammonizione<\/p>\n<p>Recupero: 2\u2019 pt, 4\u2019 st<\/p>\n<p>&nbsp;<\/p>\n<p>&nbsp;<\/p>\n<p>&nbsp;<\/p>\n<p>VOCE DAGLI SPOGLIATOI<\/p>\n<p>&nbsp;<\/p>\n<p>Raschi: \u201cOggiabbiamo fatto una partita strepitosa,\u201d spiega il mister. \u201cNel primo tempo siamo stati perfetti, non concedendo praticamente niente ai nostri avversari. Nella ripresa abbiamo spostato il nostro baricentro pi\u00f9 avanti e sono arrivati due bellissimi gol, soprattutto quello di Radrezza \u00e8 stato straordinario. Siamo rimasti anche in 10 uomini ma i ragazzi non si sono disuniti e ci siamo difesi bene. D\u2019Antimo ha compiuto poi degli interventi decisivi e ha salvato il risultato con delle parate molto importanti. Oggi la media dei titolari in campo era 21 anni contro i 25 dei nostri avversari. Nonostante questo i ragazzi hanno dimostrato una personalit\u00e0 incredibile.\u201d<\/p>\n<p>&nbsp;<\/p>\n<p>Al seguente link http:\/\/www.youtube.com\/user\/ACBelluno1905?feature=mhee, i gol di Radrezza e Corbanese.<\/p>","protected":false},"excerpt":{"rendered":"<p>San Bonifacio, 18\/11\/2012 \u2013 Grande prestazione per la squadra di Roberto Raschi che si impone 2-1 sul difficile campo della Sambonifacese. Nella prima frazione di gioco le squadre si studiano e non creano molte occasioni da gol. La pi\u00f9 pericolosa arriva al 20\u2019 con Migliorini con un calcio di punizione dal limite dell\u2019area che finisce [&hellip;]<\/p>\n","protected":false},"author":2,"featured_media":0,"comment_status":"closed","ping_status":"open","sticky":false,"template":"","format":"standard","meta":{"footnotes":""},"categories":[26,4],"tags":[],"class_list":["post-44021","post","type-post","status-publish","format-standard","category-prima-pagina","category-sport"],"yoast_head":"<!-- This site is optimized with the Yoast SEO plugin v28.4 - https:\/\/yoast.com\/product\/yoast-seo-wordpress\/ -->\n<title>Il Belluno si impone 2-1 sul campo della Sanbonifacese  - Bellunopress - Dolomiti<\/title>\n<meta name=\"robots\" content=\"index, follow, max-snippet:-1, max-image-preview:large, max-video-preview:-1\" \/>\n<link rel=\"canonical\" href=\"https:\/\/www.bellunopress.it\/fr\/2012\/11\/19\/il-belluno-si-impone-2-1-sul-campo-della-sanbonifacese\/\" \/>\n<meta property=\"og:locale\" content=\"fr_FR\" \/>\n<meta property=\"og:type\" content=\"article\" \/>\n<meta property=\"og:title\" content=\"Il Belluno si impone 2-1 sul campo della Sanbonifacese  - Bellunopress - Dolomiti\" \/>\n<meta property=\"og:description\" content=\"San Bonifacio, 18\/11\/2012 \u2013 Grande prestazione per la squadra di Roberto Raschi che si impone 2-1 sul difficile campo della Sambonifacese. Nella prima frazione di gioco le squadre si studiano e non creano molte occasioni da gol. La pi\u00f9 pericolosa arriva al 20\u2019 con Migliorini con un calcio di punizione dal limite dell\u2019area che finisce [&hellip;]\" \/>\n<meta property=\"og:url\" content=\"https:\/\/www.bellunopress.it\/fr\/2012\/11\/19\/il-belluno-si-impone-2-1-sul-campo-della-sanbonifacese\/\" \/>\n<meta property=\"og:site_name\" content=\"Bellunopress - Dolomiti\" \/>\n<meta property=\"article:publisher\" content=\"https:\/\/www.facebook.com\/profile.php?id=100008943462799\" \/>\n<meta property=\"article:published_time\" content=\"2012-11-19T09:14:42+00:00\" \/>\n<meta property=\"og:image\" content=\"http:\/\/www.bellunopress.it\/wp-content\/uploads\/2012\/09\/Calcio-belluno.jpg\" \/>\n<meta name=\"author\" content=\"redazione\" \/>\n<meta name=\"twitter:card\" content=\"summary_large_image\" \/>\n<meta name=\"twitter:creator\" content=\"@bellunopress\" \/>\n<meta name=\"twitter:site\" content=\"@bellunopress\" \/>\n<meta name=\"twitter:label1\" content=\"\u00c9crit par\" \/>\n\t<meta name=\"twitter:data1\" content=\"redazione\" \/>\n\t<meta name=\"twitter:label2\" content=\"Dur\u00e9e de lecture estim\u00e9e\" \/>\n\t<meta name=\"twitter:data2\" content=\"2 minutes\" \/>\n<script type=\"application\/ld+json\" class=\"yoast-schema-graph\">{\"@context\":\"https:\\\/\\\/schema.org\",\"@graph\":[{\"@type\":\"Article\",\"@id\":\"https:\\\/\\\/www.bellunopress.it\\\/2012\\\/11\\\/19\\\/il-belluno-si-impone-2-1-sul-campo-della-sanbonifacese\\\/#article\",\"isPartOf\":{\"@id\":\"https:\\\/\\\/www.bellunopress.it\\\/2012\\\/11\\\/19\\\/il-belluno-si-impone-2-1-sul-campo-della-sanbonifacese\\\/\"},\"author\":{\"name\":\"redazione\",\"@id\":\"https:\\\/\\\/www.bellunopress.it\\\/#\\\/schema\\\/person\\\/79bb06722b37ece1c03d3e94beb30d73\"},\"headline\":\"Il Belluno si impone 2-1 sul campo della Sanbonifacese\",\"datePublished\":\"2012-11-19T09:14:42+00:00\",\"mainEntityOfPage\":{\"@id\":\"https:\\\/\\\/www.bellunopress.it\\\/2012\\\/11\\\/19\\\/il-belluno-si-impone-2-1-sul-campo-della-sanbonifacese\\\/\"},\"wordCount\":401,\"publisher\":{\"@id\":\"https:\\\/\\\/www.bellunopress.it\\\/#organization\"},\"image\":{\"@id\":\"https:\\\/\\\/www.bellunopress.it\\\/2012\\\/11\\\/19\\\/il-belluno-si-impone-2-1-sul-campo-della-sanbonifacese\\\/#primaryimage\"},\"thumbnailUrl\":\"http:\\\/\\\/www.bellunopress.it\\\/wp-content\\\/uploads\\\/2012\\\/09\\\/Calcio-belluno.jpg\",\"articleSection\":[\"Prima Pagina\",\"Sport, tempo libero\"],\"inLanguage\":\"fr-FR\"},{\"@type\":\"WebPage\",\"@id\":\"https:\\\/\\\/www.bellunopress.it\\\/2012\\\/11\\\/19\\\/il-belluno-si-impone-2-1-sul-campo-della-sanbonifacese\\\/\",\"url\":\"https:\\\/\\\/www.bellunopress.it\\\/2012\\\/11\\\/19\\\/il-belluno-si-impone-2-1-sul-campo-della-sanbonifacese\\\/\",\"name\":\"Il Belluno si impone 2-1 sul campo della Sanbonifacese - Bellunopress - Dolomiti\",\"isPartOf\":{\"@id\":\"https:\\\/\\\/www.bellunopress.it\\\/#website\"},\"primaryImageOfPage\":{\"@id\":\"https:\\\/\\\/www.bellunopress.it\\\/2012\\\/11\\\/19\\\/il-belluno-si-impone-2-1-sul-campo-della-sanbonifacese\\\/#primaryimage\"},\"image\":{\"@id\":\"https:\\\/\\\/www.bellunopress.it\\\/2012\\\/11\\\/19\\\/il-belluno-si-impone-2-1-sul-campo-della-sanbonifacese\\\/#primaryimage\"},\"thumbnailUrl\":\"http:\\\/\\\/www.bellunopress.it\\\/wp-content\\\/uploads\\\/2012\\\/09\\\/Calcio-belluno.jpg\",\"datePublished\":\"2012-11-19T09:14:42+00:00\",\"breadcrumb\":{\"@id\":\"https:\\\/\\\/www.bellunopress.it\\\/2012\\\/11\\\/19\\\/il-belluno-si-impone-2-1-sul-campo-della-sanbonifacese\\\/#breadcrumb\"},\"inLanguage\":\"fr-FR\",\"potentialAction\":[{\"@type\":\"ReadAction\",\"target\":[\"https:\\\/\\\/www.bellunopress.it\\\/2012\\\/11\\\/19\\\/il-belluno-si-impone-2-1-sul-campo-della-sanbonifacese\\\/\"]}]},{\"@type\":\"ImageObject\",\"inLanguage\":\"fr-FR\",\"@id\":\"https:\\\/\\\/www.bellunopress.it\\\/2012\\\/11\\\/19\\\/il-belluno-si-impone-2-1-sul-campo-della-sanbonifacese\\\/#primaryimage\",\"url\":\"http:\\\/\\\/www.bellunopress.it\\\/wp-content\\\/uploads\\\/2012\\\/09\\\/Calcio-belluno.jpg\",\"contentUrl\":\"http:\\\/\\\/www.bellunopress.it\\\/wp-content\\\/uploads\\\/2012\\\/09\\\/Calcio-belluno.jpg\"},{\"@type\":\"BreadcrumbList\",\"@id\":\"https:\\\/\\\/www.bellunopress.it\\\/2012\\\/11\\\/19\\\/il-belluno-si-impone-2-1-sul-campo-della-sanbonifacese\\\/#breadcrumb\",\"itemListElement\":[{\"@type\":\"ListItem\",\"position\":1,\"name\":\"Home\",\"item\":\"https:\\\/\\\/www.bellunopress.it\\\/\"},{\"@type\":\"ListItem\",\"position\":2,\"name\":\"Il Belluno si impone 2-1 sul campo della Sanbonifacese\"}]},{\"@type\":\"WebSite\",\"@id\":\"https:\\\/\\\/www.bellunopress.it\\\/#website\",\"url\":\"https:\\\/\\\/www.bellunopress.it\\\/\",\"name\":\"Bellunopress - Dolomiti\",\"description\":\"e-mail: redazione@bellunopress.it\",\"publisher\":{\"@id\":\"https:\\\/\\\/www.bellunopress.it\\\/#organization\"},\"potentialAction\":[{\"@type\":\"SearchAction\",\"target\":{\"@type\":\"EntryPoint\",\"urlTemplate\":\"https:\\\/\\\/www.bellunopress.it\\\/?s={search_term_string}\"},\"query-input\":{\"@type\":\"PropertyValueSpecification\",\"valueRequired\":true,\"valueName\":\"search_term_string\"}}],\"inLanguage\":\"fr-FR\"},{\"@type\":\"Organization\",\"@id\":\"https:\\\/\\\/www.bellunopress.it\\\/#organization\",\"name\":\"Bellunopress\",\"url\":\"https:\\\/\\\/www.bellunopress.it\\\/\",\"logo\":{\"@type\":\"ImageObject\",\"inLanguage\":\"fr-FR\",\"@id\":\"https:\\\/\\\/www.bellunopress.it\\\/#\\\/schema\\\/logo\\\/image\\\/\",\"url\":\"https:\\\/\\\/www.bellunopress.it\\\/wp-content\\\/uploads\\\/2011\\\/05\\\/cropped-logo-bellunopress-.jpg\",\"contentUrl\":\"https:\\\/\\\/www.bellunopress.it\\\/wp-content\\\/uploads\\\/2011\\\/05\\\/cropped-logo-bellunopress-.jpg\",\"width\":512,\"height\":512,\"caption\":\"Bellunopress\"},\"image\":{\"@id\":\"https:\\\/\\\/www.bellunopress.it\\\/#\\\/schema\\\/logo\\\/image\\\/\"},\"sameAs\":[\"https:\\\/\\\/www.facebook.com\\\/profile.php?id=100008943462799\",\"https:\\\/\\\/x.com\\\/bellunopress\",\"https:\\\/\\\/www.linkedin.com\\\/hp\\\/?dnr=JBzUWaJfMUw8vbXJJ2tVW5-I3jZKvC4wsoxE&amp;amp;amp;amp;amp;amp;trk=nav_responsive_tab_home\",\"https:\\\/\\\/www.youtube.com\\\/channel\\\/UCxL0wu1uN0_3_7hGG0306cw\"]},{\"@type\":\"Person\",\"@id\":\"https:\\\/\\\/www.bellunopress.it\\\/#\\\/schema\\\/person\\\/79bb06722b37ece1c03d3e94beb30d73\",\"name\":\"redazione\",\"image\":{\"@type\":\"ImageObject\",\"inLanguage\":\"fr-FR\",\"@id\":\"https:\\\/\\\/secure.gravatar.com\\\/avatar\\\/37d968a2e67a6fd04c169c4bdef102d0bc5d31b2546345219e348575eb80e9a0?s=96&d=mm&r=g\",\"url\":\"https:\\\/\\\/secure.gravatar.com\\\/avatar\\\/37d968a2e67a6fd04c169c4bdef102d0bc5d31b2546345219e348575eb80e9a0?s=96&d=mm&r=g\",\"contentUrl\":\"https:\\\/\\\/secure.gravatar.com\\\/avatar\\\/37d968a2e67a6fd04c169c4bdef102d0bc5d31b2546345219e348575eb80e9a0?s=96&d=mm&r=g\",\"caption\":\"redazione\"},\"sameAs\":[\"http:\\\/\\\/www.bellunopress.it\",\"https:\\\/\\\/x.com\\\/bellunopress\"],\"url\":\"https:\\\/\\\/www.bellunopress.it\\\/fr\\\/author\\\/redazione\\\/\"}]}<\/script>\n<!-- \/ Yoast SEO plugin. -->","yoast_head_json":{"title":"Il Belluno si impone 2-1 sul campo della Sanbonifacese  - Bellunopress - Dolomiti","robots":{"index":"index","follow":"follow","max-snippet":"max-snippet:-1","max-image-preview":"max-image-preview:large","max-video-preview":"max-video-preview:-1"},"canonical":"https:\/\/www.bellunopress.it\/fr\/2012\/11\/19\/il-belluno-si-impone-2-1-sul-campo-della-sanbonifacese\/","og_locale":"fr_FR","og_type":"article","og_title":"Il Belluno si impone 2-1 sul campo della Sanbonifacese  - Bellunopress - Dolomiti","og_description":"San Bonifacio, 18\/11\/2012 \u2013 Grande prestazione per la squadra di Roberto Raschi che si impone 2-1 sul difficile campo della Sambonifacese. Nella prima frazione di gioco le squadre si studiano e non creano molte occasioni da gol. La pi\u00f9 pericolosa arriva al 20\u2019 con Migliorini con un calcio di punizione dal limite dell\u2019area che finisce [&hellip;]","og_url":"https:\/\/www.bellunopress.it\/fr\/2012\/11\/19\/il-belluno-si-impone-2-1-sul-campo-della-sanbonifacese\/","og_site_name":"Bellunopress - Dolomiti","article_publisher":"https:\/\/www.facebook.com\/profile.php?id=100008943462799","article_published_time":"2012-11-19T09:14:42+00:00","og_image":[{"url":"http:\/\/www.bellunopress.it\/wp-content\/uploads\/2012\/09\/Calcio-belluno.jpg","type":"","width":"","height":""}],"author":"redazione","twitter_card":"summary_large_image","twitter_creator":"@bellunopress","twitter_site":"@bellunopress","twitter_misc":{"\u00c9crit par":"redazione","Dur\u00e9e de lecture estim\u00e9e":"2 minutes"},"schema":{"@context":"https:\/\/schema.org","@graph":[{"@type":"Article","@id":"https:\/\/www.bellunopress.it\/2012\/11\/19\/il-belluno-si-impone-2-1-sul-campo-della-sanbonifacese\/#article","isPartOf":{"@id":"https:\/\/www.bellunopress.it\/2012\/11\/19\/il-belluno-si-impone-2-1-sul-campo-della-sanbonifacese\/"},"author":{"name":"redazione","@id":"https:\/\/www.bellunopress.it\/#\/schema\/person\/79bb06722b37ece1c03d3e94beb30d73"},"headline":"Il Belluno si impone 2-1 sul campo della Sanbonifacese","datePublished":"2012-11-19T09:14:42+00:00","mainEntityOfPage":{"@id":"https:\/\/www.bellunopress.it\/2012\/11\/19\/il-belluno-si-impone-2-1-sul-campo-della-sanbonifacese\/"},"wordCount":401,"publisher":{"@id":"https:\/\/www.bellunopress.it\/#organization"},"image":{"@id":"https:\/\/www.bellunopress.it\/2012\/11\/19\/il-belluno-si-impone-2-1-sul-campo-della-sanbonifacese\/#primaryimage"},"thumbnailUrl":"http:\/\/www.bellunopress.it\/wp-content\/uploads\/2012\/09\/Calcio-belluno.jpg","articleSection":["Prima Pagina","Sport, tempo libero"],"inLanguage":"fr-FR"},{"@type":"WebPage","@id":"https:\/\/www.bellunopress.it\/2012\/11\/19\/il-belluno-si-impone-2-1-sul-campo-della-sanbonifacese\/","url":"https:\/\/www.bellunopress.it\/2012\/11\/19\/il-belluno-si-impone-2-1-sul-campo-della-sanbonifacese\/","name":"Il Belluno si impone 2-1 sul campo della Sanbonifacese - Bellunopress - Dolomiti","isPartOf":{"@id":"https:\/\/www.bellunopress.it\/#website"},"primaryImageOfPage":{"@id":"https:\/\/www.bellunopress.it\/2012\/11\/19\/il-belluno-si-impone-2-1-sul-campo-della-sanbonifacese\/#primaryimage"},"image":{"@id":"https:\/\/www.bellunopress.it\/2012\/11\/19\/il-belluno-si-impone-2-1-sul-campo-della-sanbonifacese\/#primaryimage"},"thumbnailUrl":"http:\/\/www.bellunopress.it\/wp-content\/uploads\/2012\/09\/Calcio-belluno.jpg","datePublished":"2012-11-19T09:14:42+00:00","breadcrumb":{"@id":"https:\/\/www.bellunopress.it\/2012\/11\/19\/il-belluno-si-impone-2-1-sul-campo-della-sanbonifacese\/#breadcrumb"},"inLanguage":"fr-FR","potentialAction":[{"@type":"ReadAction","target":["https:\/\/www.bellunopress.it\/2012\/11\/19\/il-belluno-si-impone-2-1-sul-campo-della-sanbonifacese\/"]}]},{"@type":"ImageObject","inLanguage":"fr-FR","@id":"https:\/\/www.bellunopress.it\/2012\/11\/19\/il-belluno-si-impone-2-1-sul-campo-della-sanbonifacese\/#primaryimage","url":"http:\/\/www.bellunopress.it\/wp-content\/uploads\/2012\/09\/Calcio-belluno.jpg","contentUrl":"http:\/\/www.bellunopress.it\/wp-content\/uploads\/2012\/09\/Calcio-belluno.jpg"},{"@type":"BreadcrumbList","@id":"https:\/\/www.bellunopress.it\/2012\/11\/19\/il-belluno-si-impone-2-1-sul-campo-della-sanbonifacese\/#breadcrumb","itemListElement":[{"@type":"ListItem","position":1,"name":"Home","item":"https:\/\/www.bellunopress.it\/"},{"@type":"ListItem","position":2,"name":"Il Belluno si impone 2-1 sul campo della Sanbonifacese"}]},{"@type":"WebSite","@id":"https:\/\/www.bellunopress.it\/#website","url":"https:\/\/www.bellunopress.it\/","name":"Bellunopress - Dolomiti","description":"e-mail: redazione@bellunopress.it","publisher":{"@id":"https:\/\/www.bellunopress.it\/#organization"},"potentialAction":[{"@type":"SearchAction","target":{"@type":"EntryPoint","urlTemplate":"https:\/\/www.bellunopress.it\/?s={search_term_string}"},"query-input":{"@type":"PropertyValueSpecification","valueRequired":true,"valueName":"search_term_string"}}],"inLanguage":"fr-FR"},{"@type":"Organization","@id":"https:\/\/www.bellunopress.it\/#organization","name":"Bellunopress","url":"https:\/\/www.bellunopress.it\/","logo":{"@type":"ImageObject","inLanguage":"fr-FR","@id":"https:\/\/www.bellunopress.it\/#\/schema\/logo\/image\/","url":"https:\/\/www.bellunopress.it\/wp-content\/uploads\/2011\/05\/cropped-logo-bellunopress-.jpg","contentUrl":"https:\/\/www.bellunopress.it\/wp-content\/uploads\/2011\/05\/cropped-logo-bellunopress-.jpg","width":512,"height":512,"caption":"Bellunopress"},"image":{"@id":"https:\/\/www.bellunopress.it\/#\/schema\/logo\/image\/"},"sameAs":["https:\/\/www.facebook.com\/profile.php?id=100008943462799","https:\/\/x.com\/bellunopress","https:\/\/www.linkedin.com\/hp\/?dnr=JBzUWaJfMUw8vbXJJ2tVW5-I3jZKvC4wsoxE&amp;amp;amp;amp;amp;amp;trk=nav_responsive_tab_home","https:\/\/www.youtube.com\/channel\/UCxL0wu1uN0_3_7hGG0306cw"]},{"@type":"Person","@id":"https:\/\/www.bellunopress.it\/#\/schema\/person\/79bb06722b37ece1c03d3e94beb30d73","name":"r\u00e9daction","image":{"@type":"ImageObject","inLanguage":"fr-FR","@id":"https:\/\/secure.gravatar.com\/avatar\/37d968a2e67a6fd04c169c4bdef102d0bc5d31b2546345219e348575eb80e9a0?s=96&d=mm&r=g","url":"https:\/\/secure.gravatar.com\/avatar\/37d968a2e67a6fd04c169c4bdef102d0bc5d31b2546345219e348575eb80e9a0?s=96&d=mm&r=g","contentUrl":"https:\/\/secure.gravatar.com\/avatar\/37d968a2e67a6fd04c169c4bdef102d0bc5d31b2546345219e348575eb80e9a0?s=96&d=mm&r=g","caption":"redazione"},"sameAs":["http:\/\/www.bellunopress.it","https:\/\/x.com\/bellunopress"],"url":"https:\/\/www.bellunopress.it\/fr\/author\/redazione\/"}]}},"_links":{"self":[{"href":"https:\/\/www.bellunopress.it\/fr\/wp-json\/wp\/v2\/posts\/44021","targetHints":{"allow":["GET"]}}],"collection":[{"href":"https:\/\/www.bellunopress.it\/fr\/wp-json\/wp\/v2\/posts"}],"about":[{"href":"https:\/\/www.bellunopress.it\/fr\/wp-json\/wp\/v2\/types\/post"}],"author":[{"embeddable":true,"href":"https:\/\/www.bellunopress.it\/fr\/wp-json\/wp\/v2\/users\/2"}],"replies":[{"embeddable":true,"href":"https:\/\/www.bellunopress.it\/fr\/wp-json\/wp\/v2\/comments?post=44021"}],"version-history":[{"count":1,"href":"https:\/\/www.bellunopress.it\/fr\/wp-json\/wp\/v2\/posts\/44021\/revisions"}],"predecessor-version":[{"id":44022,"href":"https:\/\/www.bellunopress.it\/fr\/wp-json\/wp\/v2\/posts\/44021\/revisions\/44022"}],"wp:attachment":[{"href":"https:\/\/www.bellunopress.it\/fr\/wp-json\/wp\/v2\/media?parent=44021"}],"wp:term":[{"taxonomy":"category","embeddable":true,"href":"https:\/\/www.bellunopress.it\/fr\/wp-json\/wp\/v2\/categories?post=44021"},{"taxonomy":"post_tag","embeddable":true,"href":"https:\/\/www.bellunopress.it\/fr\/wp-json\/wp\/v2\/tags?post=44021"}],"curies":[{"name":"wp","href":"https:\/\/api.w.org\/{rel}","templated":true}]}}