{"id":44016,"date":"2012-11-19T09:59:44","date_gmt":"2012-11-19T08:59:44","guid":{"rendered":"http:\/\/www.bellunopress.it\/?p=44016"},"modified":"2012-11-19T09:59:44","modified_gmt":"2012-11-19T08:59:44","slug":"sabato-a-feltre-presentazione-del-libro-di-matteo-melchiorre-sulla-vita-di-fra-bernardino","status":"publish","type":"post","link":"https:\/\/www.bellunopress.it\/fr\/2012\/11\/19\/sabato-a-feltre-presentazione-del-libro-di-matteo-melchiorre-sulla-vita-di-fra-bernardino\/","title":{"rendered":"Sabato a Feltre presentazione del libro di Matteo Melchiorre sulla vita di Fra Bernardino"},"content":{"rendered":"<p>Sabato 24 novembre ore 17, Matteo Melchiorre presenta il suo libro A un cenno del suo dito. Fra Bernardino da Feltre (1439-1494) e gli ebrei &#8211; Editore Unicopli 2012 Palazzo Borgasio \u2013 Aula Magna Via Luzzo \u2013 Feltre<\/p>\n<p>Che cosa c\u2019\u00e8 di nuovo sul beato Bernardino da Feltre, una delle figure pi\u00f9 celebri e controverse del tardomedioevo italiano? Gli archivi possono raccontare qualcosa che non sia gi\u00e0 stato raccontato? La monografia storica di Matteo Melchiorre, recentissima uscita dell\u2019editore Unicopli (M. Melchiorre, A un cenno del suo dito. Fra Bernardino da Feltre (1439-1494) e gli ebrei) \u00e8 un tentativo di ripensare la biografia del grande predicatore feltrino al di l\u00e0 dello spirito polemico e\/o incensatore che per secoli hanno alimentato il dibattito storico e pubblicistico. Predicatore atteso nelle citt\u00e0 italiane con impazienza (e spesso con preoccupazione), venerato gi\u00e0 in vita come beato e dipinto dalla ora come l\u2019illuminato propagatore dei Monti di Piet\u00e0 e ora come lo spietato martello degli ebrei, il francescano osservante Bernardino da Feltre (1439-1494) fu uno dei pi\u00f9 grandi comunicatori di massa del tardo medioevo. Il volume di Melchiorre, scavando in documentazione inedita e rivedendo vecchie interpretazioni, indaga il controverso problema del rapporto tra Bernardino e gli ebrei, cercando nella biografia del frate gli ambienti e le circostanze che poterono determinarne l\u2019orientamento: la famiglia di origine, gli studi universitari, i rapporti mutevoli con la Repubblica di Venezia, l\u2019etica economica francescana. Ricostruito cos\u00ec il retroterra culturale di fra Bernardino, Matteo Melchiorre \u2013 senza posizioni preconcette di sorta \u2013 si mette sulle tracce del predicatore, seguendolo nei suoi lunghi itinerari nel centro e nel nord Italia e mostrando come in decine e decine di occasioni le pur \u201ccalibrate\u201d esortazioni contra iudeos dell\u2019Osservante passarono dal pulpito alle folle, divampando in fiammate d\u2019intolleranza ed episodi di violenza nei confronti delle minoranze ebraiche.<\/p>","protected":false},"excerpt":{"rendered":"<p>Sabato 24 novembre ore 17, Matteo Melchiorre presenta il suo libro A un cenno del suo dito. Fra Bernardino da Feltre (1439-1494) e gli ebrei &#8211; Editore Unicopli 2012 Palazzo Borgasio \u2013 Aula Magna Via Luzzo \u2013 Feltre Che cosa c\u2019\u00e8 di nuovo sul beato Bernardino da Feltre, una delle figure pi\u00f9 celebri e controverse [&hellip;]<\/p>\n","protected":false},"author":2,"featured_media":0,"comment_status":"closed","ping_status":"open","sticky":false,"template":"","format":"standard","meta":{"footnotes":""},"categories":[27,3,25],"tags":[],"class_list":["post-44016","post","type-post","status-publish","format-standard","category-appuntamenti","category-arte-cultura-spettacoli-scienza-archivi","category-pausa-caffe"],"yoast_head":"<!-- This site is optimized with the Yoast SEO plugin v28.4 - https:\/\/yoast.com\/product\/yoast-seo-wordpress\/ -->\n<title>Sabato a Feltre presentazione del libro di Matteo Melchiorre sulla vita di Fra Bernardino - Bellunopress - Dolomiti<\/title>\n<meta name=\"robots\" content=\"index, follow, max-snippet:-1, max-image-preview:large, max-video-preview:-1\" \/>\n<link rel=\"canonical\" href=\"https:\/\/www.bellunopress.it\/fr\/2012\/11\/19\/sabato-a-feltre-presentazione-del-libro-di-matteo-melchiorre-sulla-vita-di-fra-bernardino\/\" \/>\n<meta property=\"og:locale\" content=\"fr_FR\" \/>\n<meta property=\"og:type\" content=\"article\" \/>\n<meta property=\"og:title\" content=\"Sabato a Feltre presentazione del libro di Matteo Melchiorre sulla vita di Fra Bernardino - Bellunopress - Dolomiti\" \/>\n<meta property=\"og:description\" content=\"Sabato 24 novembre ore 17, Matteo Melchiorre presenta il suo libro A un cenno del suo dito. Fra Bernardino da Feltre (1439-1494) e gli ebrei &#8211; Editore Unicopli 2012 Palazzo Borgasio \u2013 Aula Magna Via Luzzo \u2013 Feltre Che cosa c\u2019\u00e8 di nuovo sul beato Bernardino da Feltre, una delle figure pi\u00f9 celebri e controverse [&hellip;]\" \/>\n<meta property=\"og:url\" content=\"https:\/\/www.bellunopress.it\/fr\/2012\/11\/19\/sabato-a-feltre-presentazione-del-libro-di-matteo-melchiorre-sulla-vita-di-fra-bernardino\/\" \/>\n<meta property=\"og:site_name\" content=\"Bellunopress - Dolomiti\" \/>\n<meta property=\"article:publisher\" content=\"https:\/\/www.facebook.com\/profile.php?id=100008943462799\" \/>\n<meta property=\"article:published_time\" content=\"2012-11-19T08:59:44+00:00\" \/>\n<meta property=\"og:image\" content=\"http:\/\/www.bellunopress.it\/wp-content\/uploads\/2012\/07\/logo-bellunopress-250x250-2012.jpg\" \/>\n<meta name=\"author\" content=\"redazione\" \/>\n<meta name=\"twitter:card\" content=\"summary_large_image\" \/>\n<meta name=\"twitter:creator\" content=\"@bellunopress\" \/>\n<meta name=\"twitter:site\" content=\"@bellunopress\" \/>\n<meta name=\"twitter:label1\" content=\"\u00c9crit par\" \/>\n\t<meta name=\"twitter:data1\" content=\"redazione\" \/>\n\t<meta name=\"twitter:label2\" content=\"Dur\u00e9e de lecture estim\u00e9e\" \/>\n\t<meta name=\"twitter:data2\" content=\"2 minutes\" \/>\n<script type=\"application\/ld+json\" class=\"yoast-schema-graph\">{\"@context\":\"https:\\\/\\\/schema.org\",\"@graph\":[{\"@type\":\"Article\",\"@id\":\"https:\\\/\\\/www.bellunopress.it\\\/2012\\\/11\\\/19\\\/sabato-a-feltre-presentazione-del-libro-di-matteo-melchiorre-sulla-vita-di-fra-bernardino\\\/#article\",\"isPartOf\":{\"@id\":\"https:\\\/\\\/www.bellunopress.it\\\/2012\\\/11\\\/19\\\/sabato-a-feltre-presentazione-del-libro-di-matteo-melchiorre-sulla-vita-di-fra-bernardino\\\/\"},\"author\":{\"name\":\"redazione\",\"@id\":\"https:\\\/\\\/www.bellunopress.it\\\/#\\\/schema\\\/person\\\/79bb06722b37ece1c03d3e94beb30d73\"},\"headline\":\"Sabato a Feltre presentazione del libro di Matteo Melchiorre sulla vita di Fra Bernardino\",\"datePublished\":\"2012-11-19T08:59:44+00:00\",\"mainEntityOfPage\":{\"@id\":\"https:\\\/\\\/www.bellunopress.it\\\/2012\\\/11\\\/19\\\/sabato-a-feltre-presentazione-del-libro-di-matteo-melchiorre-sulla-vita-di-fra-bernardino\\\/\"},\"wordCount\":314,\"publisher\":{\"@id\":\"https:\\\/\\\/www.bellunopress.it\\\/#organization\"},\"articleSection\":[\"Appuntamenti, Eventi\",\"Arte, Cultura, Spettacoli, Scienza\",\"Pausa Caff\u00e8\"],\"inLanguage\":\"fr-FR\"},{\"@type\":\"WebPage\",\"@id\":\"https:\\\/\\\/www.bellunopress.it\\\/2012\\\/11\\\/19\\\/sabato-a-feltre-presentazione-del-libro-di-matteo-melchiorre-sulla-vita-di-fra-bernardino\\\/\",\"url\":\"https:\\\/\\\/www.bellunopress.it\\\/2012\\\/11\\\/19\\\/sabato-a-feltre-presentazione-del-libro-di-matteo-melchiorre-sulla-vita-di-fra-bernardino\\\/\",\"name\":\"Sabato a Feltre presentazione del libro di Matteo Melchiorre sulla vita di Fra Bernardino - Bellunopress - Dolomiti\",\"isPartOf\":{\"@id\":\"https:\\\/\\\/www.bellunopress.it\\\/#website\"},\"datePublished\":\"2012-11-19T08:59:44+00:00\",\"breadcrumb\":{\"@id\":\"https:\\\/\\\/www.bellunopress.it\\\/2012\\\/11\\\/19\\\/sabato-a-feltre-presentazione-del-libro-di-matteo-melchiorre-sulla-vita-di-fra-bernardino\\\/#breadcrumb\"},\"inLanguage\":\"fr-FR\",\"potentialAction\":[{\"@type\":\"ReadAction\",\"target\":[\"https:\\\/\\\/www.bellunopress.it\\\/2012\\\/11\\\/19\\\/sabato-a-feltre-presentazione-del-libro-di-matteo-melchiorre-sulla-vita-di-fra-bernardino\\\/\"]}]},{\"@type\":\"BreadcrumbList\",\"@id\":\"https:\\\/\\\/www.bellunopress.it\\\/2012\\\/11\\\/19\\\/sabato-a-feltre-presentazione-del-libro-di-matteo-melchiorre-sulla-vita-di-fra-bernardino\\\/#breadcrumb\",\"itemListElement\":[{\"@type\":\"ListItem\",\"position\":1,\"name\":\"Home\",\"item\":\"https:\\\/\\\/www.bellunopress.it\\\/\"},{\"@type\":\"ListItem\",\"position\":2,\"name\":\"Sabato a Feltre presentazione del libro di Matteo Melchiorre sulla vita di Fra Bernardino\"}]},{\"@type\":\"WebSite\",\"@id\":\"https:\\\/\\\/www.bellunopress.it\\\/#website\",\"url\":\"https:\\\/\\\/www.bellunopress.it\\\/\",\"name\":\"Bellunopress - Dolomiti\",\"description\":\"e-mail: redazione@bellunopress.it\",\"publisher\":{\"@id\":\"https:\\\/\\\/www.bellunopress.it\\\/#organization\"},\"potentialAction\":[{\"@type\":\"SearchAction\",\"target\":{\"@type\":\"EntryPoint\",\"urlTemplate\":\"https:\\\/\\\/www.bellunopress.it\\\/?s={search_term_string}\"},\"query-input\":{\"@type\":\"PropertyValueSpecification\",\"valueRequired\":true,\"valueName\":\"search_term_string\"}}],\"inLanguage\":\"fr-FR\"},{\"@type\":\"Organization\",\"@id\":\"https:\\\/\\\/www.bellunopress.it\\\/#organization\",\"name\":\"Bellunopress\",\"url\":\"https:\\\/\\\/www.bellunopress.it\\\/\",\"logo\":{\"@type\":\"ImageObject\",\"inLanguage\":\"fr-FR\",\"@id\":\"https:\\\/\\\/www.bellunopress.it\\\/#\\\/schema\\\/logo\\\/image\\\/\",\"url\":\"https:\\\/\\\/www.bellunopress.it\\\/wp-content\\\/uploads\\\/2011\\\/05\\\/cropped-logo-bellunopress-.jpg\",\"contentUrl\":\"https:\\\/\\\/www.bellunopress.it\\\/wp-content\\\/uploads\\\/2011\\\/05\\\/cropped-logo-bellunopress-.jpg\",\"width\":512,\"height\":512,\"caption\":\"Bellunopress\"},\"image\":{\"@id\":\"https:\\\/\\\/www.bellunopress.it\\\/#\\\/schema\\\/logo\\\/image\\\/\"},\"sameAs\":[\"https:\\\/\\\/www.facebook.com\\\/profile.php?id=100008943462799\",\"https:\\\/\\\/x.com\\\/bellunopress\",\"https:\\\/\\\/www.linkedin.com\\\/hp\\\/?dnr=JBzUWaJfMUw8vbXJJ2tVW5-I3jZKvC4wsoxE&amp;amp;amp;amp;amp;amp;trk=nav_responsive_tab_home\",\"https:\\\/\\\/www.youtube.com\\\/channel\\\/UCxL0wu1uN0_3_7hGG0306cw\"]},{\"@type\":\"Person\",\"@id\":\"https:\\\/\\\/www.bellunopress.it\\\/#\\\/schema\\\/person\\\/79bb06722b37ece1c03d3e94beb30d73\",\"name\":\"redazione\",\"image\":{\"@type\":\"ImageObject\",\"inLanguage\":\"fr-FR\",\"@id\":\"https:\\\/\\\/secure.gravatar.com\\\/avatar\\\/37d968a2e67a6fd04c169c4bdef102d0bc5d31b2546345219e348575eb80e9a0?s=96&d=mm&r=g\",\"url\":\"https:\\\/\\\/secure.gravatar.com\\\/avatar\\\/37d968a2e67a6fd04c169c4bdef102d0bc5d31b2546345219e348575eb80e9a0?s=96&d=mm&r=g\",\"contentUrl\":\"https:\\\/\\\/secure.gravatar.com\\\/avatar\\\/37d968a2e67a6fd04c169c4bdef102d0bc5d31b2546345219e348575eb80e9a0?s=96&d=mm&r=g\",\"caption\":\"redazione\"},\"sameAs\":[\"http:\\\/\\\/www.bellunopress.it\",\"https:\\\/\\\/x.com\\\/bellunopress\"],\"url\":\"https:\\\/\\\/www.bellunopress.it\\\/fr\\\/author\\\/redazione\\\/\"}]}<\/script>\n<!-- \/ Yoast SEO plugin. -->","yoast_head_json":{"title":"Sabato a Feltre presentazione del libro di Matteo Melchiorre sulla vita di Fra Bernardino - Bellunopress - Dolomiti","robots":{"index":"index","follow":"follow","max-snippet":"max-snippet:-1","max-image-preview":"max-image-preview:large","max-video-preview":"max-video-preview:-1"},"canonical":"https:\/\/www.bellunopress.it\/fr\/2012\/11\/19\/sabato-a-feltre-presentazione-del-libro-di-matteo-melchiorre-sulla-vita-di-fra-bernardino\/","og_locale":"fr_FR","og_type":"article","og_title":"Sabato a Feltre presentazione del libro di Matteo Melchiorre sulla vita di Fra Bernardino - Bellunopress - Dolomiti","og_description":"Sabato 24 novembre ore 17, Matteo Melchiorre presenta il suo libro A un cenno del suo dito. Fra Bernardino da Feltre (1439-1494) e gli ebrei &#8211; Editore Unicopli 2012 Palazzo Borgasio \u2013 Aula Magna Via Luzzo \u2013 Feltre Che cosa c\u2019\u00e8 di nuovo sul beato Bernardino da Feltre, una delle figure pi\u00f9 celebri e controverse [&hellip;]","og_url":"https:\/\/www.bellunopress.it\/fr\/2012\/11\/19\/sabato-a-feltre-presentazione-del-libro-di-matteo-melchiorre-sulla-vita-di-fra-bernardino\/","og_site_name":"Bellunopress - Dolomiti","article_publisher":"https:\/\/www.facebook.com\/profile.php?id=100008943462799","article_published_time":"2012-11-19T08:59:44+00:00","og_image":[{"url":"http:\/\/www.bellunopress.it\/wp-content\/uploads\/2012\/07\/logo-bellunopress-250x250-2012.jpg","type":"","width":"","height":""}],"author":"redazione","twitter_card":"summary_large_image","twitter_creator":"@bellunopress","twitter_site":"@bellunopress","twitter_misc":{"\u00c9crit par":"redazione","Dur\u00e9e de lecture estim\u00e9e":"2 minutes"},"schema":{"@context":"https:\/\/schema.org","@graph":[{"@type":"Article","@id":"https:\/\/www.bellunopress.it\/2012\/11\/19\/sabato-a-feltre-presentazione-del-libro-di-matteo-melchiorre-sulla-vita-di-fra-bernardino\/#article","isPartOf":{"@id":"https:\/\/www.bellunopress.it\/2012\/11\/19\/sabato-a-feltre-presentazione-del-libro-di-matteo-melchiorre-sulla-vita-di-fra-bernardino\/"},"author":{"name":"redazione","@id":"https:\/\/www.bellunopress.it\/#\/schema\/person\/79bb06722b37ece1c03d3e94beb30d73"},"headline":"Sabato a Feltre presentazione del libro di Matteo Melchiorre sulla vita di Fra Bernardino","datePublished":"2012-11-19T08:59:44+00:00","mainEntityOfPage":{"@id":"https:\/\/www.bellunopress.it\/2012\/11\/19\/sabato-a-feltre-presentazione-del-libro-di-matteo-melchiorre-sulla-vita-di-fra-bernardino\/"},"wordCount":314,"publisher":{"@id":"https:\/\/www.bellunopress.it\/#organization"},"articleSection":["Appuntamenti, Eventi","Arte, Cultura, Spettacoli, Scienza","Pausa Caff\u00e8"],"inLanguage":"fr-FR"},{"@type":"WebPage","@id":"https:\/\/www.bellunopress.it\/2012\/11\/19\/sabato-a-feltre-presentazione-del-libro-di-matteo-melchiorre-sulla-vita-di-fra-bernardino\/","url":"https:\/\/www.bellunopress.it\/2012\/11\/19\/sabato-a-feltre-presentazione-del-libro-di-matteo-melchiorre-sulla-vita-di-fra-bernardino\/","name":"Sabato a Feltre presentazione del libro di Matteo Melchiorre sulla vita di Fra Bernardino - Bellunopress - Dolomiti","isPartOf":{"@id":"https:\/\/www.bellunopress.it\/#website"},"datePublished":"2012-11-19T08:59:44+00:00","breadcrumb":{"@id":"https:\/\/www.bellunopress.it\/2012\/11\/19\/sabato-a-feltre-presentazione-del-libro-di-matteo-melchiorre-sulla-vita-di-fra-bernardino\/#breadcrumb"},"inLanguage":"fr-FR","potentialAction":[{"@type":"ReadAction","target":["https:\/\/www.bellunopress.it\/2012\/11\/19\/sabato-a-feltre-presentazione-del-libro-di-matteo-melchiorre-sulla-vita-di-fra-bernardino\/"]}]},{"@type":"BreadcrumbList","@id":"https:\/\/www.bellunopress.it\/2012\/11\/19\/sabato-a-feltre-presentazione-del-libro-di-matteo-melchiorre-sulla-vita-di-fra-bernardino\/#breadcrumb","itemListElement":[{"@type":"ListItem","position":1,"name":"Home","item":"https:\/\/www.bellunopress.it\/"},{"@type":"ListItem","position":2,"name":"Sabato a Feltre presentazione del libro di Matteo Melchiorre sulla vita di Fra Bernardino"}]},{"@type":"WebSite","@id":"https:\/\/www.bellunopress.it\/#website","url":"https:\/\/www.bellunopress.it\/","name":"Bellunopress - Dolomiti","description":"e-mail: redazione@bellunopress.it","publisher":{"@id":"https:\/\/www.bellunopress.it\/#organization"},"potentialAction":[{"@type":"SearchAction","target":{"@type":"EntryPoint","urlTemplate":"https:\/\/www.bellunopress.it\/?s={search_term_string}"},"query-input":{"@type":"PropertyValueSpecification","valueRequired":true,"valueName":"search_term_string"}}],"inLanguage":"fr-FR"},{"@type":"Organization","@id":"https:\/\/www.bellunopress.it\/#organization","name":"Bellunopress","url":"https:\/\/www.bellunopress.it\/","logo":{"@type":"ImageObject","inLanguage":"fr-FR","@id":"https:\/\/www.bellunopress.it\/#\/schema\/logo\/image\/","url":"https:\/\/www.bellunopress.it\/wp-content\/uploads\/2011\/05\/cropped-logo-bellunopress-.jpg","contentUrl":"https:\/\/www.bellunopress.it\/wp-content\/uploads\/2011\/05\/cropped-logo-bellunopress-.jpg","width":512,"height":512,"caption":"Bellunopress"},"image":{"@id":"https:\/\/www.bellunopress.it\/#\/schema\/logo\/image\/"},"sameAs":["https:\/\/www.facebook.com\/profile.php?id=100008943462799","https:\/\/x.com\/bellunopress","https:\/\/www.linkedin.com\/hp\/?dnr=JBzUWaJfMUw8vbXJJ2tVW5-I3jZKvC4wsoxE&amp;amp;amp;amp;amp;amp;trk=nav_responsive_tab_home","https:\/\/www.youtube.com\/channel\/UCxL0wu1uN0_3_7hGG0306cw"]},{"@type":"Person","@id":"https:\/\/www.bellunopress.it\/#\/schema\/person\/79bb06722b37ece1c03d3e94beb30d73","name":"r\u00e9daction","image":{"@type":"ImageObject","inLanguage":"fr-FR","@id":"https:\/\/secure.gravatar.com\/avatar\/37d968a2e67a6fd04c169c4bdef102d0bc5d31b2546345219e348575eb80e9a0?s=96&d=mm&r=g","url":"https:\/\/secure.gravatar.com\/avatar\/37d968a2e67a6fd04c169c4bdef102d0bc5d31b2546345219e348575eb80e9a0?s=96&d=mm&r=g","contentUrl":"https:\/\/secure.gravatar.com\/avatar\/37d968a2e67a6fd04c169c4bdef102d0bc5d31b2546345219e348575eb80e9a0?s=96&d=mm&r=g","caption":"redazione"},"sameAs":["http:\/\/www.bellunopress.it","https:\/\/x.com\/bellunopress"],"url":"https:\/\/www.bellunopress.it\/fr\/author\/redazione\/"}]}},"_links":{"self":[{"href":"https:\/\/www.bellunopress.it\/fr\/wp-json\/wp\/v2\/posts\/44016","targetHints":{"allow":["GET"]}}],"collection":[{"href":"https:\/\/www.bellunopress.it\/fr\/wp-json\/wp\/v2\/posts"}],"about":[{"href":"https:\/\/www.bellunopress.it\/fr\/wp-json\/wp\/v2\/types\/post"}],"author":[{"embeddable":true,"href":"https:\/\/www.bellunopress.it\/fr\/wp-json\/wp\/v2\/users\/2"}],"replies":[{"embeddable":true,"href":"https:\/\/www.bellunopress.it\/fr\/wp-json\/wp\/v2\/comments?post=44016"}],"version-history":[{"count":1,"href":"https:\/\/www.bellunopress.it\/fr\/wp-json\/wp\/v2\/posts\/44016\/revisions"}],"predecessor-version":[{"id":44017,"href":"https:\/\/www.bellunopress.it\/fr\/wp-json\/wp\/v2\/posts\/44016\/revisions\/44017"}],"wp:attachment":[{"href":"https:\/\/www.bellunopress.it\/fr\/wp-json\/wp\/v2\/media?parent=44016"}],"wp:term":[{"taxonomy":"category","embeddable":true,"href":"https:\/\/www.bellunopress.it\/fr\/wp-json\/wp\/v2\/categories?post=44016"},{"taxonomy":"post_tag","embeddable":true,"href":"https:\/\/www.bellunopress.it\/fr\/wp-json\/wp\/v2\/tags?post=44016"}],"curies":[{"name":"wp","href":"https:\/\/api.w.org\/{rel}","templated":true}]}}