{"id":4401,"date":"2009-06-04T10:15:34","date_gmt":"2009-06-04T09:15:34","guid":{"rendered":"http:\/\/www.bellunopress.it\/?p=4401"},"modified":"2009-06-04T10:15:34","modified_gmt":"2009-06-04T09:15:34","slug":"wwwbellunoradicinet-nasce-il-portale-dei-talenti-bellunesi-nel-mondo","status":"publish","type":"post","link":"https:\/\/www.bellunopress.it\/fr\/2009\/06\/04\/wwwbellunoradicinet-nasce-il-portale-dei-talenti-bellunesi-nel-mondo\/","title":{"rendered":"www.bellunoradici.net: nasce il portale dei talenti bellunesi nel mondo"},"content":{"rendered":"<p>Il portale www.bellunoradici.net \u00e8 frutto di una \u201cpartnership\u201d fra l\u2019Associazione Bellunesi nel mondo, la Camera di Commercio e la Provincia di Belluno. \u00c8 il \u201csocial network\u201d dei talenti bellunesi attivi in Italia e nel mondo. Si propone di favorire il contatto tra persone che si sono affermate nella societ\u00e0 in cui operano, e tra loro e la terra d\u2019origine.<br \/>\nBelluno intende cos\u00ec valorizzare l\u2019intelligenza, l\u2019esperienza e il sapere di chi, fuori della \u201cpiccola patria\u201d, onora con la propria attivit\u00e0 l\u2019origine bellunese.<\/p>\n<p><strong>\u201cSOCIAL NETWORK\u201d DELLE ECCELLENZE<\/strong><br \/>\nIl portale www.bellunoradici.net, seguendo la formula del\u00a0 \u201csocial network\u201d, mette in rete i bellunesi che, in Italia e nel mondo, hanno raggiunto posizioni di responsabilit\u00e0 e di prestigio. \u00c8 un punto di incontro fra \u201cglobale\u201d e \u201clocale\u201d, fra competenze e territorio, un\u2019area riservata a chi &#8211; di radici bellunesi e una posizione professionale di prestigio &#8211; vuole allargare le sue conoscenze, le sue opportunit\u00e0, il suo talento.<br \/>\nLa comunit\u00e0 bellunese potr\u00e0 cos\u00ec arricchirsi anche di importanti contributi, dei quali fin da subito sar\u00e0 grata ed orgogliosa.<\/p>\n<p><strong>LE OPPORTUNIT\u00c0<\/strong><br \/>\nIl pi\u00f9 recente rapporto \u201cNielsen Online\u201d segnala che condividere esperienze, commentare in tempo reale eventi, dedicare attenzione alla cura di contatti sono attivit\u00e0 che interessano quasi il 70 per cento degli utenti Internet. Per le persone che hanno \u201cradici\u201d bellunesi e rivestono posti di responsabilit\u00e0 e prestigio, www.bellunoradici.net rappresenta una grande opportunit\u00e0:<br \/>\n* conoscere e farsi conoscere<br \/>\n* scambiare e valorizzare competenze<br \/>\n* contribuire allo sviluppo della provincia di Belluno<br \/>\n* favorire il ritrovarsi fra bellunesi, operanti in vari campi, in Italia e nel mondo<br \/>\n* far parte di una \u201ccommunity\u201d internazionale,\u00a0 autorevole, prestigiosa, moderna, che trova identit\u00e0 nel senso di appartenenza alla terra delle Dolomiti e del Piave<br \/>\nIl portale www.bellunoradici.net garantisce il pieno rispetto e la tutela della Privacy dei suoi utenti secondo criteri di sicurezza e trasparenza.<\/p>\n<p><strong>L\u2019ACCESSO ALL\u2019AREA RISERVATA<br \/>\n<\/strong>Il portale www.bellunoradici.net\u00a0 \u00e8 il \u201csocial network\u201d dei talenti bellunesi nel mondo.<br \/>\nAlla \u201ccommunity\u201d partecipano persone con radici bellunesi &#8211; partite cio\u00e8 dalla provincia di Belluno o discendenti da famiglie bellunesi &#8211; le quali, in Italia e nel mondo, rivestano posti di responsabilit\u00e0 e prestigio nella societ\u00e0 in cui vivono.<br \/>\nL\u2019accesso al network sar\u00e0 quindi riservato ad imprenditori, dirigenti, uomini d\u2019affari, docenti universitari, ricercatori, magistrati, ecclesiastici, professionisti, artisti, persone elette a cariche importanti in pubbliche istituzioni ed a quanti dimostrino di onorare con la loro attivit\u00e0 l\u2019origine bellunese.<\/p>\n<p><strong>L\u2019ammissione a \u201cbellunoradici.net\u201d prevede i seguenti passaggi:<\/strong><br \/>\n* L\u2019utente compila ed invia la scheda di adesione<br \/>\n* La richiesta sar\u00e0 esaminata da \u201cbellunoradici.net&#8221; (trattandosi di un network \u201cchiuso\u201d\u00a0 sar\u00e0 interesse di tutti che la partecipazione sia riservata a persone qualificate)<br \/>\n* \u201cbellunoradici.net\u201d si riserva di accettare l\u2019adesione<br \/>\n* L\u2019accettazione viene comunicata al richiedente al quale viene inviata una e-mail per accedere all\u2019area riservata del network<br \/>\n* Divenuto membro di &#8220;bellunoradici.net&#8221;, l\u2019utente potr\u00e0 utilizzare tutti i servizi di \u201cbellunoradici.net\u201d interagendo con il portale e la sua \u201ccommunity\u201d.<br \/>\n<strong><\/strong><\/p>\n<p><strong>I PRIMI PASSI <\/strong><br \/>\nOltre 100 persone, di alto profilo professionale, hanno manifestato interesse &#8211; ancor prima del rilascio on line della piattaforma &#8211; a far parte di \u201cbellunoradici.net\u201d. Un capitale umano immenso che, collegando le forze, pu\u00f2 diventare un tesoro inestimabile.<br \/>\nSono circa 31.000 i cittadini bellunesi attualmente iscritti all\u2019AIRE (Anagrafe degli italiani residenti all\u2019estero) ma molti, molti di pi\u00f9, sono le persone, nate in provincia o figlie di bellunesi, che vivono nel mondo.<br \/>\nSi tratta di almeno 400 mila persone. \u00c8 a questa \u201cprovincia di Belluno nel mondo\u201d che si rivolge \u201cbellunoradici.net\u201d<\/p>","protected":false},"excerpt":{"rendered":"<p>Il portale www.bellunoradici.net \u00e8 frutto di una \u201cpartnership\u201d fra l\u2019Associazione Bellunesi nel mondo, la Camera di Commercio e la Provincia di Belluno. \u00c8 il \u201csocial network\u201d dei talenti bellunesi attivi in Italia e nel mondo. Si propone di favorire il contatto tra persone che si sono affermate nella societ\u00e0 in cui operano, e tra loro [&hellip;]<\/p>\n","protected":false},"author":2,"featured_media":0,"comment_status":"closed","ping_status":"open","sticky":false,"template":"","format":"standard","meta":{"footnotes":""},"categories":[8],"tags":[139,63],"class_list":["post-4401","post","type-post","status-publish","format-standard","category-societa-istituzioni","tag-belluno","tag-dolomiti"],"yoast_head":"<!-- This site is optimized with the Yoast SEO plugin v28.4 - https:\/\/yoast.com\/product\/yoast-seo-wordpress\/ -->\n<title>www.bellunoradici.net: nasce il portale dei talenti bellunesi nel mondo - Bellunopress - Dolomiti<\/title>\n<meta name=\"robots\" content=\"index, follow, max-snippet:-1, max-image-preview:large, max-video-preview:-1\" \/>\n<link rel=\"canonical\" href=\"https:\/\/www.bellunopress.it\/fr\/2009\/06\/04\/wwwbellunoradicinet-nasce-il-portale-dei-talenti-bellunesi-nel-mondo\/\" \/>\n<meta property=\"og:locale\" content=\"fr_FR\" \/>\n<meta property=\"og:type\" content=\"article\" \/>\n<meta property=\"og:title\" content=\"www.bellunoradici.net: nasce il portale dei talenti bellunesi nel mondo - Bellunopress - Dolomiti\" \/>\n<meta property=\"og:description\" content=\"Il portale www.bellunoradici.net \u00e8 frutto di una \u201cpartnership\u201d fra l\u2019Associazione Bellunesi nel mondo, la Camera di Commercio e la Provincia di Belluno. \u00c8 il \u201csocial network\u201d dei talenti bellunesi attivi in Italia e nel mondo. Si propone di favorire il contatto tra persone che si sono affermate nella societ\u00e0 in cui operano, e tra loro [&hellip;]\" \/>\n<meta property=\"og:url\" content=\"https:\/\/www.bellunopress.it\/fr\/2009\/06\/04\/wwwbellunoradicinet-nasce-il-portale-dei-talenti-bellunesi-nel-mondo\/\" \/>\n<meta property=\"og:site_name\" content=\"Bellunopress - Dolomiti\" \/>\n<meta property=\"article:publisher\" content=\"https:\/\/www.facebook.com\/profile.php?id=100008943462799\" \/>\n<meta property=\"article:published_time\" content=\"2009-06-04T09:15:34+00:00\" \/>\n<meta property=\"og:image\" content=\"http:\/\/www.bellunopress.it\/wp-content\/uploads\/2012\/07\/logo-bellunopress-250x250-2012.jpg\" \/>\n<meta name=\"author\" content=\"redazione\" \/>\n<meta name=\"twitter:card\" content=\"summary_large_image\" \/>\n<meta name=\"twitter:creator\" content=\"@bellunopress\" \/>\n<meta name=\"twitter:site\" content=\"@bellunopress\" \/>\n<meta name=\"twitter:label1\" content=\"Written by\" \/>\n\t<meta name=\"twitter:data1\" content=\"redazione\" \/>\n\t<meta name=\"twitter:label2\" content=\"Est. reading time\" \/>\n\t<meta name=\"twitter:data2\" content=\"3 minutes\" \/>\n<script type=\"application\/ld+json\" class=\"yoast-schema-graph\">{\"@context\":\"https:\\\/\\\/schema.org\",\"@graph\":[{\"@type\":\"Article\",\"@id\":\"https:\\\/\\\/www.bellunopress.it\\\/2009\\\/06\\\/04\\\/wwwbellunoradicinet-nasce-il-portale-dei-talenti-bellunesi-nel-mondo\\\/#article\",\"isPartOf\":{\"@id\":\"https:\\\/\\\/www.bellunopress.it\\\/2009\\\/06\\\/04\\\/wwwbellunoradicinet-nasce-il-portale-dei-talenti-bellunesi-nel-mondo\\\/\"},\"author\":{\"name\":\"redazione\",\"@id\":\"https:\\\/\\\/www.bellunopress.it\\\/#\\\/schema\\\/person\\\/79bb06722b37ece1c03d3e94beb30d73\"},\"headline\":\"www.bellunoradici.net: nasce il portale dei talenti bellunesi nel mondo\",\"datePublished\":\"2009-06-04T09:15:34+00:00\",\"mainEntityOfPage\":{\"@id\":\"https:\\\/\\\/www.bellunopress.it\\\/2009\\\/06\\\/04\\\/wwwbellunoradicinet-nasce-il-portale-dei-talenti-bellunesi-nel-mondo\\\/\"},\"wordCount\":601,\"publisher\":{\"@id\":\"https:\\\/\\\/www.bellunopress.it\\\/#organization\"},\"keywords\":[\"Belluno\",\"Dolomiti\"],\"articleSection\":[\"Societ\u00e0, Associazioni, Istituzioni\"],\"inLanguage\":\"fr-FR\"},{\"@type\":\"WebPage\",\"@id\":\"https:\\\/\\\/www.bellunopress.it\\\/2009\\\/06\\\/04\\\/wwwbellunoradicinet-nasce-il-portale-dei-talenti-bellunesi-nel-mondo\\\/\",\"url\":\"https:\\\/\\\/www.bellunopress.it\\\/2009\\\/06\\\/04\\\/wwwbellunoradicinet-nasce-il-portale-dei-talenti-bellunesi-nel-mondo\\\/\",\"name\":\"www.bellunoradici.net: nasce il portale dei talenti bellunesi nel mondo - Bellunopress - Dolomiti\",\"isPartOf\":{\"@id\":\"https:\\\/\\\/www.bellunopress.it\\\/#website\"},\"datePublished\":\"2009-06-04T09:15:34+00:00\",\"breadcrumb\":{\"@id\":\"https:\\\/\\\/www.bellunopress.it\\\/2009\\\/06\\\/04\\\/wwwbellunoradicinet-nasce-il-portale-dei-talenti-bellunesi-nel-mondo\\\/#breadcrumb\"},\"inLanguage\":\"fr-FR\",\"potentialAction\":[{\"@type\":\"ReadAction\",\"target\":[\"https:\\\/\\\/www.bellunopress.it\\\/2009\\\/06\\\/04\\\/wwwbellunoradicinet-nasce-il-portale-dei-talenti-bellunesi-nel-mondo\\\/\"]}]},{\"@type\":\"BreadcrumbList\",\"@id\":\"https:\\\/\\\/www.bellunopress.it\\\/2009\\\/06\\\/04\\\/wwwbellunoradicinet-nasce-il-portale-dei-talenti-bellunesi-nel-mondo\\\/#breadcrumb\",\"itemListElement\":[{\"@type\":\"ListItem\",\"position\":1,\"name\":\"Home\",\"item\":\"https:\\\/\\\/www.bellunopress.it\\\/\"},{\"@type\":\"ListItem\",\"position\":2,\"name\":\"www.bellunoradici.net: nasce il portale dei talenti bellunesi nel mondo\"}]},{\"@type\":\"WebSite\",\"@id\":\"https:\\\/\\\/www.bellunopress.it\\\/#website\",\"url\":\"https:\\\/\\\/www.bellunopress.it\\\/\",\"name\":\"Bellunopress - Dolomiti\",\"description\":\"e-mail: redazione@bellunopress.it\",\"publisher\":{\"@id\":\"https:\\\/\\\/www.bellunopress.it\\\/#organization\"},\"potentialAction\":[{\"@type\":\"SearchAction\",\"target\":{\"@type\":\"EntryPoint\",\"urlTemplate\":\"https:\\\/\\\/www.bellunopress.it\\\/?s={search_term_string}\"},\"query-input\":{\"@type\":\"PropertyValueSpecification\",\"valueRequired\":true,\"valueName\":\"search_term_string\"}}],\"inLanguage\":\"fr-FR\"},{\"@type\":\"Organization\",\"@id\":\"https:\\\/\\\/www.bellunopress.it\\\/#organization\",\"name\":\"Bellunopress\",\"url\":\"https:\\\/\\\/www.bellunopress.it\\\/\",\"logo\":{\"@type\":\"ImageObject\",\"inLanguage\":\"fr-FR\",\"@id\":\"https:\\\/\\\/www.bellunopress.it\\\/#\\\/schema\\\/logo\\\/image\\\/\",\"url\":\"https:\\\/\\\/www.bellunopress.it\\\/wp-content\\\/uploads\\\/2011\\\/05\\\/cropped-logo-bellunopress-.jpg\",\"contentUrl\":\"https:\\\/\\\/www.bellunopress.it\\\/wp-content\\\/uploads\\\/2011\\\/05\\\/cropped-logo-bellunopress-.jpg\",\"width\":512,\"height\":512,\"caption\":\"Bellunopress\"},\"image\":{\"@id\":\"https:\\\/\\\/www.bellunopress.it\\\/#\\\/schema\\\/logo\\\/image\\\/\"},\"sameAs\":[\"https:\\\/\\\/www.facebook.com\\\/profile.php?id=100008943462799\",\"https:\\\/\\\/x.com\\\/bellunopress\",\"https:\\\/\\\/www.linkedin.com\\\/hp\\\/?dnr=JBzUWaJfMUw8vbXJJ2tVW5-I3jZKvC4wsoxE&amp;amp;amp;amp;amp;amp;trk=nav_responsive_tab_home\",\"https:\\\/\\\/www.youtube.com\\\/channel\\\/UCxL0wu1uN0_3_7hGG0306cw\"]},{\"@type\":\"Person\",\"@id\":\"https:\\\/\\\/www.bellunopress.it\\\/#\\\/schema\\\/person\\\/79bb06722b37ece1c03d3e94beb30d73\",\"name\":\"redazione\",\"image\":{\"@type\":\"ImageObject\",\"inLanguage\":\"fr-FR\",\"@id\":\"https:\\\/\\\/secure.gravatar.com\\\/avatar\\\/37d968a2e67a6fd04c169c4bdef102d0bc5d31b2546345219e348575eb80e9a0?s=96&d=mm&r=g\",\"url\":\"https:\\\/\\\/secure.gravatar.com\\\/avatar\\\/37d968a2e67a6fd04c169c4bdef102d0bc5d31b2546345219e348575eb80e9a0?s=96&d=mm&r=g\",\"contentUrl\":\"https:\\\/\\\/secure.gravatar.com\\\/avatar\\\/37d968a2e67a6fd04c169c4bdef102d0bc5d31b2546345219e348575eb80e9a0?s=96&d=mm&r=g\",\"caption\":\"redazione\"},\"sameAs\":[\"http:\\\/\\\/www.bellunopress.it\",\"https:\\\/\\\/x.com\\\/bellunopress\"],\"url\":\"https:\\\/\\\/www.bellunopress.it\\\/fr\\\/author\\\/redazione\\\/\"}]}<\/script>\n<!-- \/ Yoast SEO plugin. -->","yoast_head_json":{"title":"www.bellunoradici.net: nasce il portale dei talenti bellunesi nel mondo - Bellunopress - Dolomiti","robots":{"index":"index","follow":"follow","max-snippet":"max-snippet:-1","max-image-preview":"max-image-preview:large","max-video-preview":"max-video-preview:-1"},"canonical":"https:\/\/www.bellunopress.it\/fr\/2009\/06\/04\/wwwbellunoradicinet-nasce-il-portale-dei-talenti-bellunesi-nel-mondo\/","og_locale":"fr_FR","og_type":"article","og_title":"www.bellunoradici.net: nasce il portale dei talenti bellunesi nel mondo - Bellunopress - Dolomiti","og_description":"Il portale www.bellunoradici.net \u00e8 frutto di una \u201cpartnership\u201d fra l\u2019Associazione Bellunesi nel mondo, la Camera di Commercio e la Provincia di Belluno. \u00c8 il \u201csocial network\u201d dei talenti bellunesi attivi in Italia e nel mondo. Si propone di favorire il contatto tra persone che si sono affermate nella societ\u00e0 in cui operano, e tra loro [&hellip;]","og_url":"https:\/\/www.bellunopress.it\/fr\/2009\/06\/04\/wwwbellunoradicinet-nasce-il-portale-dei-talenti-bellunesi-nel-mondo\/","og_site_name":"Bellunopress - Dolomiti","article_publisher":"https:\/\/www.facebook.com\/profile.php?id=100008943462799","article_published_time":"2009-06-04T09:15:34+00:00","og_image":[{"url":"http:\/\/www.bellunopress.it\/wp-content\/uploads\/2012\/07\/logo-bellunopress-250x250-2012.jpg","type":"","width":"","height":""}],"author":"redazione","twitter_card":"summary_large_image","twitter_creator":"@bellunopress","twitter_site":"@bellunopress","twitter_misc":{"Written by":"redazione","Est. reading time":"3 minutes"},"schema":{"@context":"https:\/\/schema.org","@graph":[{"@type":"Article","@id":"https:\/\/www.bellunopress.it\/2009\/06\/04\/wwwbellunoradicinet-nasce-il-portale-dei-talenti-bellunesi-nel-mondo\/#article","isPartOf":{"@id":"https:\/\/www.bellunopress.it\/2009\/06\/04\/wwwbellunoradicinet-nasce-il-portale-dei-talenti-bellunesi-nel-mondo\/"},"author":{"name":"redazione","@id":"https:\/\/www.bellunopress.it\/#\/schema\/person\/79bb06722b37ece1c03d3e94beb30d73"},"headline":"www.bellunoradici.net: nasce il portale dei talenti bellunesi nel mondo","datePublished":"2009-06-04T09:15:34+00:00","mainEntityOfPage":{"@id":"https:\/\/www.bellunopress.it\/2009\/06\/04\/wwwbellunoradicinet-nasce-il-portale-dei-talenti-bellunesi-nel-mondo\/"},"wordCount":601,"publisher":{"@id":"https:\/\/www.bellunopress.it\/#organization"},"keywords":["Belluno","Dolomiti"],"articleSection":["Societ\u00e0, Associazioni, Istituzioni"],"inLanguage":"fr-FR"},{"@type":"WebPage","@id":"https:\/\/www.bellunopress.it\/2009\/06\/04\/wwwbellunoradicinet-nasce-il-portale-dei-talenti-bellunesi-nel-mondo\/","url":"https:\/\/www.bellunopress.it\/2009\/06\/04\/wwwbellunoradicinet-nasce-il-portale-dei-talenti-bellunesi-nel-mondo\/","name":"www.bellunoradici.net: nasce il portale dei talenti bellunesi nel mondo - Bellunopress - Dolomiti","isPartOf":{"@id":"https:\/\/www.bellunopress.it\/#website"},"datePublished":"2009-06-04T09:15:34+00:00","breadcrumb":{"@id":"https:\/\/www.bellunopress.it\/2009\/06\/04\/wwwbellunoradicinet-nasce-il-portale-dei-talenti-bellunesi-nel-mondo\/#breadcrumb"},"inLanguage":"fr-FR","potentialAction":[{"@type":"ReadAction","target":["https:\/\/www.bellunopress.it\/2009\/06\/04\/wwwbellunoradicinet-nasce-il-portale-dei-talenti-bellunesi-nel-mondo\/"]}]},{"@type":"BreadcrumbList","@id":"https:\/\/www.bellunopress.it\/2009\/06\/04\/wwwbellunoradicinet-nasce-il-portale-dei-talenti-bellunesi-nel-mondo\/#breadcrumb","itemListElement":[{"@type":"ListItem","position":1,"name":"Home","item":"https:\/\/www.bellunopress.it\/"},{"@type":"ListItem","position":2,"name":"www.bellunoradici.net: nasce il portale dei talenti bellunesi nel mondo"}]},{"@type":"WebSite","@id":"https:\/\/www.bellunopress.it\/#website","url":"https:\/\/www.bellunopress.it\/","name":"Bellunopress - Dolomiti","description":"e-mail: redazione@bellunopress.it","publisher":{"@id":"https:\/\/www.bellunopress.it\/#organization"},"potentialAction":[{"@type":"SearchAction","target":{"@type":"EntryPoint","urlTemplate":"https:\/\/www.bellunopress.it\/?s={search_term_string}"},"query-input":{"@type":"PropertyValueSpecification","valueRequired":true,"valueName":"search_term_string"}}],"inLanguage":"fr-FR"},{"@type":"Organization","@id":"https:\/\/www.bellunopress.it\/#organization","name":"Bellunopress","url":"https:\/\/www.bellunopress.it\/","logo":{"@type":"ImageObject","inLanguage":"fr-FR","@id":"https:\/\/www.bellunopress.it\/#\/schema\/logo\/image\/","url":"https:\/\/www.bellunopress.it\/wp-content\/uploads\/2011\/05\/cropped-logo-bellunopress-.jpg","contentUrl":"https:\/\/www.bellunopress.it\/wp-content\/uploads\/2011\/05\/cropped-logo-bellunopress-.jpg","width":512,"height":512,"caption":"Bellunopress"},"image":{"@id":"https:\/\/www.bellunopress.it\/#\/schema\/logo\/image\/"},"sameAs":["https:\/\/www.facebook.com\/profile.php?id=100008943462799","https:\/\/x.com\/bellunopress","https:\/\/www.linkedin.com\/hp\/?dnr=JBzUWaJfMUw8vbXJJ2tVW5-I3jZKvC4wsoxE&amp;amp;amp;amp;amp;amp;trk=nav_responsive_tab_home","https:\/\/www.youtube.com\/channel\/UCxL0wu1uN0_3_7hGG0306cw"]},{"@type":"Person","@id":"https:\/\/www.bellunopress.it\/#\/schema\/person\/79bb06722b37ece1c03d3e94beb30d73","name":"r\u00e9daction","image":{"@type":"ImageObject","inLanguage":"fr-FR","@id":"https:\/\/secure.gravatar.com\/avatar\/37d968a2e67a6fd04c169c4bdef102d0bc5d31b2546345219e348575eb80e9a0?s=96&d=mm&r=g","url":"https:\/\/secure.gravatar.com\/avatar\/37d968a2e67a6fd04c169c4bdef102d0bc5d31b2546345219e348575eb80e9a0?s=96&d=mm&r=g","contentUrl":"https:\/\/secure.gravatar.com\/avatar\/37d968a2e67a6fd04c169c4bdef102d0bc5d31b2546345219e348575eb80e9a0?s=96&d=mm&r=g","caption":"redazione"},"sameAs":["http:\/\/www.bellunopress.it","https:\/\/x.com\/bellunopress"],"url":"https:\/\/www.bellunopress.it\/fr\/author\/redazione\/"}]}},"_links":{"self":[{"href":"https:\/\/www.bellunopress.it\/fr\/wp-json\/wp\/v2\/posts\/4401","targetHints":{"allow":["GET"]}}],"collection":[{"href":"https:\/\/www.bellunopress.it\/fr\/wp-json\/wp\/v2\/posts"}],"about":[{"href":"https:\/\/www.bellunopress.it\/fr\/wp-json\/wp\/v2\/types\/post"}],"author":[{"embeddable":true,"href":"https:\/\/www.bellunopress.it\/fr\/wp-json\/wp\/v2\/users\/2"}],"replies":[{"embeddable":true,"href":"https:\/\/www.bellunopress.it\/fr\/wp-json\/wp\/v2\/comments?post=4401"}],"version-history":[{"count":1,"href":"https:\/\/www.bellunopress.it\/fr\/wp-json\/wp\/v2\/posts\/4401\/revisions"}],"predecessor-version":[{"id":4403,"href":"https:\/\/www.bellunopress.it\/fr\/wp-json\/wp\/v2\/posts\/4401\/revisions\/4403"}],"wp:attachment":[{"href":"https:\/\/www.bellunopress.it\/fr\/wp-json\/wp\/v2\/media?parent=4401"}],"wp:term":[{"taxonomy":"category","embeddable":true,"href":"https:\/\/www.bellunopress.it\/fr\/wp-json\/wp\/v2\/categories?post=4401"},{"taxonomy":"post_tag","embeddable":true,"href":"https:\/\/www.bellunopress.it\/fr\/wp-json\/wp\/v2\/tags?post=4401"}],"curies":[{"name":"wp","href":"https:\/\/api.w.org\/{rel}","templated":true}]}}