{"id":43987,"date":"2012-11-18T08:03:25","date_gmt":"2012-11-18T07:03:25","guid":{"rendered":"http:\/\/www.bellunopress.it\/?p=43987"},"modified":"2012-11-18T08:03:25","modified_gmt":"2012-11-18T07:03:25","slug":"aperti-i-termini-dalla-regione-per-le-domande-di-finanziamento-attivazione-contratto-di-mobilita","status":"publish","type":"post","link":"https:\/\/www.bellunopress.it\/fr\/2012\/11\/18\/aperti-i-termini-dalla-regione-per-le-domande-di-finanziamento-attivazione-contratto-di-mobilita\/","title":{"rendered":"Aperti i termini dalla Regione per le domande di finanziamento attivazione contratto di mobilit\u00e0"},"content":{"rendered":"<p><a href=\"http:\/\/www.bellunopress.it\/wp-content\/uploads\/2010\/11\/regione-veneto.bmp\"><img decoding=\"async\" class=\"alignleft size-full wp-image-21561\" title=\"regione-veneto\" src=\"http:\/\/www.bellunopress.it\/wp-content\/uploads\/2010\/11\/regione-veneto.bmp\" alt=\"\" \/><\/a>E\u2019 attiva la sperimentazione del \u201cContratto di mobilit\u00e0\u201d promosso dalla Regione nel quadro della strategia delineata dalla delibera della giunta veneta n. 1675\/2011 \u201cValorizzazione del Capitale Umano. Politiche per l\u2019occupazione e l\u2019occupabilit\u00e0\u201d. Il Progetto mira a sperimentare percorsi innovativi per favorire la ricollocazione dei lavoratori espulsi dai processi produttivi. Con l\u2019attuale crisi occupazionale, non sussistono pi\u00f9 le condizioni per accompagnare i lavoratori ad uscite \u201cindolori\u201ddal mercato del lavoro (pre-pensionamenti, uscite volontarie incentivate) quindi le tradizionali politiche di accompagnamento alla rioccupazione diventano meno sostenibili per la maggiore entit\u00e0 di lavoratori coinvolti, per le minori disponibilit\u00e0 di nuovi posti di lavoro a tempo indeterminato, nonch\u00e9 per le minori disponibilit\u00e0 economiche delle aziende nel favorire i processi di uscita volontari.<\/p>\n<p>La conseguenza \u00e8 che oggi molti piani di ristrutturazione diventano lo strumento per garantire la \u201dmera\u201d parte passiva della difesa del reddito del lavoratore. La Regione, invece, vuole rendersi promotrice di politiche attive che stimolino e agevolino la ricollocazione anche verso segmenti e settori produttivi diversi da quello di provenienza del lavoratore. La sperimentazione del \u201cContratto di mobilit\u00e0\u201d, che ha durata di dodici mesi, \u00e8 perci\u00f2 finalizzata allo spostamento dell\u2019impegno dalle politiche passive a sostegno del reddito, alle politiche attive che incentivino il rientro dei lavoratori disoccupati nel circuito produttivo, evitando da entrambe le parti, lavoratore e impresa, la persistenza nello stato di inoccupato sussidiato, preludio alla formazione anche nel nostro territorio di disoccupazione strutturale e di lavoro irregolare.<\/p>\n<p>Nel concreto si tratta di poter prevedere, laddove si prefigurano esuberi strutturali, in sede di accordo sindacale di gestione delle crisi aziendali e ad integrazione dei piani di reimpiego aziendali, la possibilit\u00e0 per i lavoratori in esubero di aderire su base volontaria ad un percorso di mobilit\u00e0 strutturato e gestito dai Servizi per il lavoro. In tal modo andrebbe a strutturarsi un \u201cmeccanismo di tutela e protezione\u201d del lavoratore in esubero, tale che per lo stesso lavoratore sia pi\u00f9 \u201dconveniente\u201d economicamente, optare per un percorso di mobilit\u00e0 \u201cassistita\u201d, piuttosto che per una cassa integrazione che, pur garantendo un reddito, rischia di favorire lunghe assenze dai percorsi lavorativi formativi.<\/p>\n<p>La sperimentazione del \u201cContratto di mobilit\u00e0\u201d, che pu\u00f2 contare sullo stanziamento di 500 mila euro, \u00e8 rivolta ai lavoratori residenti nel territorio del Veneto posti in cassa integrazione straordinaria per riduzione, cessazione o fallimento dell\u2019attivit\u00e0 produttiva, con ammortizzatore in scadenza nel 2012 e quelli, residenti nel medesimo territorio, posti in cassa integrazione in Deroga per esubero nel 2012.<\/p>\n<p>Il contratto di mobilit\u00e0 prevede un massimo di sei mesi di \u201cpercorso di riqualificazione aziendale\u201d nel corso del quale il lavoratore ha diritto ad una indennit\u00e0 mensile pari a 400 euro aggiuntiva alla indennit\u00e0 di mobilit\u00e0, a fronte della sua effettiva partecipazione a \u201ctirocini di riqualificazione in azienda e ad un voucher formativo per la partecipazione ad eventuali corsi di formazione riconosciuti nel limite massimo di 1.200 euro previa sottoscrizione del percorso formativo da parte dell\u2019impresa.<\/p>\n<p>&nbsp;<\/p>\n<p>&nbsp;<\/p>","protected":false},"excerpt":{"rendered":"<p>E\u2019 attiva la sperimentazione del \u201cContratto di mobilit\u00e0\u201d promosso dalla Regione nel quadro della strategia delineata dalla delibera della giunta veneta n. 1675\/2011 \u201cValorizzazione del Capitale Umano. Politiche per l\u2019occupazione e l\u2019occupabilit\u00e0\u201d. Il Progetto mira a sperimentare percorsi innovativi per favorire la ricollocazione dei lavoratori espulsi dai processi produttivi. Con l\u2019attuale crisi occupazionale, non sussistono [&hellip;]<\/p>\n","protected":false},"author":2,"featured_media":0,"comment_status":"closed","ping_status":"open","sticky":false,"template":"","format":"standard","meta":{"footnotes":""},"categories":[36,26],"tags":[],"class_list":["post-43987","post","type-post","status-publish","format-standard","category-lavoro-economia","category-prima-pagina"],"yoast_head":"<!-- This site is optimized with the Yoast SEO plugin v28.4 - https:\/\/yoast.com\/product\/yoast-seo-wordpress\/ -->\n<title>Aperti i termini dalla Regione per le domande di finanziamento attivazione contratto di mobilit\u00e0 - Bellunopress - Dolomiti<\/title>\n<meta name=\"robots\" content=\"index, follow, max-snippet:-1, max-image-preview:large, max-video-preview:-1\" \/>\n<link rel=\"canonical\" href=\"https:\/\/www.bellunopress.it\/fr\/2012\/11\/18\/aperti-i-termini-dalla-regione-per-le-domande-di-finanziamento-attivazione-contratto-di-mobilita\/\" \/>\n<meta property=\"og:locale\" content=\"fr_FR\" \/>\n<meta property=\"og:type\" content=\"article\" \/>\n<meta property=\"og:title\" content=\"Aperti i termini dalla Regione per le domande di finanziamento attivazione contratto di mobilit\u00e0 - Bellunopress - Dolomiti\" \/>\n<meta property=\"og:description\" content=\"E\u2019 attiva la sperimentazione del \u201cContratto di mobilit\u00e0\u201d promosso dalla Regione nel quadro della strategia delineata dalla delibera della giunta veneta n. 1675\/2011 \u201cValorizzazione del Capitale Umano. Politiche per l\u2019occupazione e l\u2019occupabilit\u00e0\u201d. Il Progetto mira a sperimentare percorsi innovativi per favorire la ricollocazione dei lavoratori espulsi dai processi produttivi. Con l\u2019attuale crisi occupazionale, non sussistono [&hellip;]\" \/>\n<meta property=\"og:url\" content=\"https:\/\/www.bellunopress.it\/fr\/2012\/11\/18\/aperti-i-termini-dalla-regione-per-le-domande-di-finanziamento-attivazione-contratto-di-mobilita\/\" \/>\n<meta property=\"og:site_name\" content=\"Bellunopress - Dolomiti\" \/>\n<meta property=\"article:publisher\" content=\"https:\/\/www.facebook.com\/profile.php?id=100008943462799\" \/>\n<meta property=\"article:published_time\" content=\"2012-11-18T07:03:25+00:00\" \/>\n<meta property=\"og:image\" content=\"http:\/\/www.bellunopress.it\/wp-content\/uploads\/2010\/11\/regione-veneto.bmp\" \/>\n<meta name=\"author\" content=\"redazione\" \/>\n<meta name=\"twitter:card\" content=\"summary_large_image\" \/>\n<meta name=\"twitter:creator\" content=\"@bellunopress\" \/>\n<meta name=\"twitter:site\" content=\"@bellunopress\" \/>\n<meta name=\"twitter:label1\" content=\"\u00c9crit par\" \/>\n\t<meta name=\"twitter:data1\" content=\"redazione\" \/>\n\t<meta name=\"twitter:label2\" content=\"Dur\u00e9e de lecture estim\u00e9e\" \/>\n\t<meta name=\"twitter:data2\" content=\"2 minutes\" \/>\n<script type=\"application\/ld+json\" class=\"yoast-schema-graph\">{\"@context\":\"https:\\\/\\\/schema.org\",\"@graph\":[{\"@type\":\"Article\",\"@id\":\"https:\\\/\\\/www.bellunopress.it\\\/2012\\\/11\\\/18\\\/aperti-i-termini-dalla-regione-per-le-domande-di-finanziamento-attivazione-contratto-di-mobilita\\\/#article\",\"isPartOf\":{\"@id\":\"https:\\\/\\\/www.bellunopress.it\\\/2012\\\/11\\\/18\\\/aperti-i-termini-dalla-regione-per-le-domande-di-finanziamento-attivazione-contratto-di-mobilita\\\/\"},\"author\":{\"name\":\"redazione\",\"@id\":\"https:\\\/\\\/www.bellunopress.it\\\/#\\\/schema\\\/person\\\/79bb06722b37ece1c03d3e94beb30d73\"},\"headline\":\"Aperti i termini dalla Regione per le domande di finanziamento attivazione contratto di mobilit\u00e0\",\"datePublished\":\"2012-11-18T07:03:25+00:00\",\"mainEntityOfPage\":{\"@id\":\"https:\\\/\\\/www.bellunopress.it\\\/2012\\\/11\\\/18\\\/aperti-i-termini-dalla-regione-per-le-domande-di-finanziamento-attivazione-contratto-di-mobilita\\\/\"},\"wordCount\":492,\"publisher\":{\"@id\":\"https:\\\/\\\/www.bellunopress.it\\\/#organization\"},\"image\":{\"@id\":\"https:\\\/\\\/www.bellunopress.it\\\/2012\\\/11\\\/18\\\/aperti-i-termini-dalla-regione-per-le-domande-di-finanziamento-attivazione-contratto-di-mobilita\\\/#primaryimage\"},\"thumbnailUrl\":\"http:\\\/\\\/www.bellunopress.it\\\/wp-content\\\/uploads\\\/2010\\\/11\\\/regione-veneto.bmp\",\"articleSection\":[\"Lavoro, Economia, Turismo\",\"Prima Pagina\"],\"inLanguage\":\"fr-FR\"},{\"@type\":\"WebPage\",\"@id\":\"https:\\\/\\\/www.bellunopress.it\\\/2012\\\/11\\\/18\\\/aperti-i-termini-dalla-regione-per-le-domande-di-finanziamento-attivazione-contratto-di-mobilita\\\/\",\"url\":\"https:\\\/\\\/www.bellunopress.it\\\/2012\\\/11\\\/18\\\/aperti-i-termini-dalla-regione-per-le-domande-di-finanziamento-attivazione-contratto-di-mobilita\\\/\",\"name\":\"Aperti i termini dalla Regione per le domande di finanziamento attivazione contratto di mobilit\u00e0 - Bellunopress - Dolomiti\",\"isPartOf\":{\"@id\":\"https:\\\/\\\/www.bellunopress.it\\\/#website\"},\"primaryImageOfPage\":{\"@id\":\"https:\\\/\\\/www.bellunopress.it\\\/2012\\\/11\\\/18\\\/aperti-i-termini-dalla-regione-per-le-domande-di-finanziamento-attivazione-contratto-di-mobilita\\\/#primaryimage\"},\"image\":{\"@id\":\"https:\\\/\\\/www.bellunopress.it\\\/2012\\\/11\\\/18\\\/aperti-i-termini-dalla-regione-per-le-domande-di-finanziamento-attivazione-contratto-di-mobilita\\\/#primaryimage\"},\"thumbnailUrl\":\"http:\\\/\\\/www.bellunopress.it\\\/wp-content\\\/uploads\\\/2010\\\/11\\\/regione-veneto.bmp\",\"datePublished\":\"2012-11-18T07:03:25+00:00\",\"breadcrumb\":{\"@id\":\"https:\\\/\\\/www.bellunopress.it\\\/2012\\\/11\\\/18\\\/aperti-i-termini-dalla-regione-per-le-domande-di-finanziamento-attivazione-contratto-di-mobilita\\\/#breadcrumb\"},\"inLanguage\":\"fr-FR\",\"potentialAction\":[{\"@type\":\"ReadAction\",\"target\":[\"https:\\\/\\\/www.bellunopress.it\\\/2012\\\/11\\\/18\\\/aperti-i-termini-dalla-regione-per-le-domande-di-finanziamento-attivazione-contratto-di-mobilita\\\/\"]}]},{\"@type\":\"ImageObject\",\"inLanguage\":\"fr-FR\",\"@id\":\"https:\\\/\\\/www.bellunopress.it\\\/2012\\\/11\\\/18\\\/aperti-i-termini-dalla-regione-per-le-domande-di-finanziamento-attivazione-contratto-di-mobilita\\\/#primaryimage\",\"url\":\"http:\\\/\\\/www.bellunopress.it\\\/wp-content\\\/uploads\\\/2010\\\/11\\\/regione-veneto.bmp\",\"contentUrl\":\"http:\\\/\\\/www.bellunopress.it\\\/wp-content\\\/uploads\\\/2010\\\/11\\\/regione-veneto.bmp\"},{\"@type\":\"BreadcrumbList\",\"@id\":\"https:\\\/\\\/www.bellunopress.it\\\/2012\\\/11\\\/18\\\/aperti-i-termini-dalla-regione-per-le-domande-di-finanziamento-attivazione-contratto-di-mobilita\\\/#breadcrumb\",\"itemListElement\":[{\"@type\":\"ListItem\",\"position\":1,\"name\":\"Home\",\"item\":\"https:\\\/\\\/www.bellunopress.it\\\/\"},{\"@type\":\"ListItem\",\"position\":2,\"name\":\"Aperti i termini dalla Regione per le domande di finanziamento attivazione contratto di mobilit\u00e0\"}]},{\"@type\":\"WebSite\",\"@id\":\"https:\\\/\\\/www.bellunopress.it\\\/#website\",\"url\":\"https:\\\/\\\/www.bellunopress.it\\\/\",\"name\":\"Bellunopress - Dolomiti\",\"description\":\"e-mail: redazione@bellunopress.it\",\"publisher\":{\"@id\":\"https:\\\/\\\/www.bellunopress.it\\\/#organization\"},\"potentialAction\":[{\"@type\":\"SearchAction\",\"target\":{\"@type\":\"EntryPoint\",\"urlTemplate\":\"https:\\\/\\\/www.bellunopress.it\\\/?s={search_term_string}\"},\"query-input\":{\"@type\":\"PropertyValueSpecification\",\"valueRequired\":true,\"valueName\":\"search_term_string\"}}],\"inLanguage\":\"fr-FR\"},{\"@type\":\"Organization\",\"@id\":\"https:\\\/\\\/www.bellunopress.it\\\/#organization\",\"name\":\"Bellunopress\",\"url\":\"https:\\\/\\\/www.bellunopress.it\\\/\",\"logo\":{\"@type\":\"ImageObject\",\"inLanguage\":\"fr-FR\",\"@id\":\"https:\\\/\\\/www.bellunopress.it\\\/#\\\/schema\\\/logo\\\/image\\\/\",\"url\":\"https:\\\/\\\/www.bellunopress.it\\\/wp-content\\\/uploads\\\/2011\\\/05\\\/cropped-logo-bellunopress-.jpg\",\"contentUrl\":\"https:\\\/\\\/www.bellunopress.it\\\/wp-content\\\/uploads\\\/2011\\\/05\\\/cropped-logo-bellunopress-.jpg\",\"width\":512,\"height\":512,\"caption\":\"Bellunopress\"},\"image\":{\"@id\":\"https:\\\/\\\/www.bellunopress.it\\\/#\\\/schema\\\/logo\\\/image\\\/\"},\"sameAs\":[\"https:\\\/\\\/www.facebook.com\\\/profile.php?id=100008943462799\",\"https:\\\/\\\/x.com\\\/bellunopress\",\"https:\\\/\\\/www.linkedin.com\\\/hp\\\/?dnr=JBzUWaJfMUw8vbXJJ2tVW5-I3jZKvC4wsoxE&amp;amp;amp;amp;amp;amp;trk=nav_responsive_tab_home\",\"https:\\\/\\\/www.youtube.com\\\/channel\\\/UCxL0wu1uN0_3_7hGG0306cw\"]},{\"@type\":\"Person\",\"@id\":\"https:\\\/\\\/www.bellunopress.it\\\/#\\\/schema\\\/person\\\/79bb06722b37ece1c03d3e94beb30d73\",\"name\":\"redazione\",\"image\":{\"@type\":\"ImageObject\",\"inLanguage\":\"fr-FR\",\"@id\":\"https:\\\/\\\/secure.gravatar.com\\\/avatar\\\/37d968a2e67a6fd04c169c4bdef102d0bc5d31b2546345219e348575eb80e9a0?s=96&d=mm&r=g\",\"url\":\"https:\\\/\\\/secure.gravatar.com\\\/avatar\\\/37d968a2e67a6fd04c169c4bdef102d0bc5d31b2546345219e348575eb80e9a0?s=96&d=mm&r=g\",\"contentUrl\":\"https:\\\/\\\/secure.gravatar.com\\\/avatar\\\/37d968a2e67a6fd04c169c4bdef102d0bc5d31b2546345219e348575eb80e9a0?s=96&d=mm&r=g\",\"caption\":\"redazione\"},\"sameAs\":[\"http:\\\/\\\/www.bellunopress.it\",\"https:\\\/\\\/x.com\\\/bellunopress\"],\"url\":\"https:\\\/\\\/www.bellunopress.it\\\/fr\\\/author\\\/redazione\\\/\"}]}<\/script>\n<!-- \/ Yoast SEO plugin. -->","yoast_head_json":{"title":"Aperti i termini dalla Regione per le domande di finanziamento attivazione contratto di mobilit\u00e0 - Bellunopress - Dolomiti","robots":{"index":"index","follow":"follow","max-snippet":"max-snippet:-1","max-image-preview":"max-image-preview:large","max-video-preview":"max-video-preview:-1"},"canonical":"https:\/\/www.bellunopress.it\/fr\/2012\/11\/18\/aperti-i-termini-dalla-regione-per-le-domande-di-finanziamento-attivazione-contratto-di-mobilita\/","og_locale":"fr_FR","og_type":"article","og_title":"Aperti i termini dalla Regione per le domande di finanziamento attivazione contratto di mobilit\u00e0 - Bellunopress - Dolomiti","og_description":"E\u2019 attiva la sperimentazione del \u201cContratto di mobilit\u00e0\u201d promosso dalla Regione nel quadro della strategia delineata dalla delibera della giunta veneta n. 1675\/2011 \u201cValorizzazione del Capitale Umano. Politiche per l\u2019occupazione e l\u2019occupabilit\u00e0\u201d. Il Progetto mira a sperimentare percorsi innovativi per favorire la ricollocazione dei lavoratori espulsi dai processi produttivi. Con l\u2019attuale crisi occupazionale, non sussistono [&hellip;]","og_url":"https:\/\/www.bellunopress.it\/fr\/2012\/11\/18\/aperti-i-termini-dalla-regione-per-le-domande-di-finanziamento-attivazione-contratto-di-mobilita\/","og_site_name":"Bellunopress - Dolomiti","article_publisher":"https:\/\/www.facebook.com\/profile.php?id=100008943462799","article_published_time":"2012-11-18T07:03:25+00:00","og_image":[{"url":"http:\/\/www.bellunopress.it\/wp-content\/uploads\/2010\/11\/regione-veneto.bmp","type":"","width":"","height":""}],"author":"redazione","twitter_card":"summary_large_image","twitter_creator":"@bellunopress","twitter_site":"@bellunopress","twitter_misc":{"\u00c9crit par":"redazione","Dur\u00e9e de lecture estim\u00e9e":"2 minutes"},"schema":{"@context":"https:\/\/schema.org","@graph":[{"@type":"Article","@id":"https:\/\/www.bellunopress.it\/2012\/11\/18\/aperti-i-termini-dalla-regione-per-le-domande-di-finanziamento-attivazione-contratto-di-mobilita\/#article","isPartOf":{"@id":"https:\/\/www.bellunopress.it\/2012\/11\/18\/aperti-i-termini-dalla-regione-per-le-domande-di-finanziamento-attivazione-contratto-di-mobilita\/"},"author":{"name":"redazione","@id":"https:\/\/www.bellunopress.it\/#\/schema\/person\/79bb06722b37ece1c03d3e94beb30d73"},"headline":"Aperti i termini dalla Regione per le domande di finanziamento attivazione contratto di mobilit\u00e0","datePublished":"2012-11-18T07:03:25+00:00","mainEntityOfPage":{"@id":"https:\/\/www.bellunopress.it\/2012\/11\/18\/aperti-i-termini-dalla-regione-per-le-domande-di-finanziamento-attivazione-contratto-di-mobilita\/"},"wordCount":492,"publisher":{"@id":"https:\/\/www.bellunopress.it\/#organization"},"image":{"@id":"https:\/\/www.bellunopress.it\/2012\/11\/18\/aperti-i-termini-dalla-regione-per-le-domande-di-finanziamento-attivazione-contratto-di-mobilita\/#primaryimage"},"thumbnailUrl":"http:\/\/www.bellunopress.it\/wp-content\/uploads\/2010\/11\/regione-veneto.bmp","articleSection":["Lavoro, Economia, Turismo","Prima Pagina"],"inLanguage":"fr-FR"},{"@type":"WebPage","@id":"https:\/\/www.bellunopress.it\/2012\/11\/18\/aperti-i-termini-dalla-regione-per-le-domande-di-finanziamento-attivazione-contratto-di-mobilita\/","url":"https:\/\/www.bellunopress.it\/2012\/11\/18\/aperti-i-termini-dalla-regione-per-le-domande-di-finanziamento-attivazione-contratto-di-mobilita\/","name":"Aperti i termini dalla Regione per le domande di finanziamento attivazione contratto di mobilit\u00e0 - Bellunopress - Dolomiti","isPartOf":{"@id":"https:\/\/www.bellunopress.it\/#website"},"primaryImageOfPage":{"@id":"https:\/\/www.bellunopress.it\/2012\/11\/18\/aperti-i-termini-dalla-regione-per-le-domande-di-finanziamento-attivazione-contratto-di-mobilita\/#primaryimage"},"image":{"@id":"https:\/\/www.bellunopress.it\/2012\/11\/18\/aperti-i-termini-dalla-regione-per-le-domande-di-finanziamento-attivazione-contratto-di-mobilita\/#primaryimage"},"thumbnailUrl":"http:\/\/www.bellunopress.it\/wp-content\/uploads\/2010\/11\/regione-veneto.bmp","datePublished":"2012-11-18T07:03:25+00:00","breadcrumb":{"@id":"https:\/\/www.bellunopress.it\/2012\/11\/18\/aperti-i-termini-dalla-regione-per-le-domande-di-finanziamento-attivazione-contratto-di-mobilita\/#breadcrumb"},"inLanguage":"fr-FR","potentialAction":[{"@type":"ReadAction","target":["https:\/\/www.bellunopress.it\/2012\/11\/18\/aperti-i-termini-dalla-regione-per-le-domande-di-finanziamento-attivazione-contratto-di-mobilita\/"]}]},{"@type":"ImageObject","inLanguage":"fr-FR","@id":"https:\/\/www.bellunopress.it\/2012\/11\/18\/aperti-i-termini-dalla-regione-per-le-domande-di-finanziamento-attivazione-contratto-di-mobilita\/#primaryimage","url":"http:\/\/www.bellunopress.it\/wp-content\/uploads\/2010\/11\/regione-veneto.bmp","contentUrl":"http:\/\/www.bellunopress.it\/wp-content\/uploads\/2010\/11\/regione-veneto.bmp"},{"@type":"BreadcrumbList","@id":"https:\/\/www.bellunopress.it\/2012\/11\/18\/aperti-i-termini-dalla-regione-per-le-domande-di-finanziamento-attivazione-contratto-di-mobilita\/#breadcrumb","itemListElement":[{"@type":"ListItem","position":1,"name":"Home","item":"https:\/\/www.bellunopress.it\/"},{"@type":"ListItem","position":2,"name":"Aperti i termini dalla Regione per le domande di finanziamento attivazione contratto di mobilit\u00e0"}]},{"@type":"WebSite","@id":"https:\/\/www.bellunopress.it\/#website","url":"https:\/\/www.bellunopress.it\/","name":"Bellunopress - Dolomiti","description":"e-mail: redazione@bellunopress.it","publisher":{"@id":"https:\/\/www.bellunopress.it\/#organization"},"potentialAction":[{"@type":"SearchAction","target":{"@type":"EntryPoint","urlTemplate":"https:\/\/www.bellunopress.it\/?s={search_term_string}"},"query-input":{"@type":"PropertyValueSpecification","valueRequired":true,"valueName":"search_term_string"}}],"inLanguage":"fr-FR"},{"@type":"Organization","@id":"https:\/\/www.bellunopress.it\/#organization","name":"Bellunopress","url":"https:\/\/www.bellunopress.it\/","logo":{"@type":"ImageObject","inLanguage":"fr-FR","@id":"https:\/\/www.bellunopress.it\/#\/schema\/logo\/image\/","url":"https:\/\/www.bellunopress.it\/wp-content\/uploads\/2011\/05\/cropped-logo-bellunopress-.jpg","contentUrl":"https:\/\/www.bellunopress.it\/wp-content\/uploads\/2011\/05\/cropped-logo-bellunopress-.jpg","width":512,"height":512,"caption":"Bellunopress"},"image":{"@id":"https:\/\/www.bellunopress.it\/#\/schema\/logo\/image\/"},"sameAs":["https:\/\/www.facebook.com\/profile.php?id=100008943462799","https:\/\/x.com\/bellunopress","https:\/\/www.linkedin.com\/hp\/?dnr=JBzUWaJfMUw8vbXJJ2tVW5-I3jZKvC4wsoxE&amp;amp;amp;amp;amp;amp;trk=nav_responsive_tab_home","https:\/\/www.youtube.com\/channel\/UCxL0wu1uN0_3_7hGG0306cw"]},{"@type":"Person","@id":"https:\/\/www.bellunopress.it\/#\/schema\/person\/79bb06722b37ece1c03d3e94beb30d73","name":"r\u00e9daction","image":{"@type":"ImageObject","inLanguage":"fr-FR","@id":"https:\/\/secure.gravatar.com\/avatar\/37d968a2e67a6fd04c169c4bdef102d0bc5d31b2546345219e348575eb80e9a0?s=96&d=mm&r=g","url":"https:\/\/secure.gravatar.com\/avatar\/37d968a2e67a6fd04c169c4bdef102d0bc5d31b2546345219e348575eb80e9a0?s=96&d=mm&r=g","contentUrl":"https:\/\/secure.gravatar.com\/avatar\/37d968a2e67a6fd04c169c4bdef102d0bc5d31b2546345219e348575eb80e9a0?s=96&d=mm&r=g","caption":"redazione"},"sameAs":["http:\/\/www.bellunopress.it","https:\/\/x.com\/bellunopress"],"url":"https:\/\/www.bellunopress.it\/fr\/author\/redazione\/"}]}},"_links":{"self":[{"href":"https:\/\/www.bellunopress.it\/fr\/wp-json\/wp\/v2\/posts\/43987","targetHints":{"allow":["GET"]}}],"collection":[{"href":"https:\/\/www.bellunopress.it\/fr\/wp-json\/wp\/v2\/posts"}],"about":[{"href":"https:\/\/www.bellunopress.it\/fr\/wp-json\/wp\/v2\/types\/post"}],"author":[{"embeddable":true,"href":"https:\/\/www.bellunopress.it\/fr\/wp-json\/wp\/v2\/users\/2"}],"replies":[{"embeddable":true,"href":"https:\/\/www.bellunopress.it\/fr\/wp-json\/wp\/v2\/comments?post=43987"}],"version-history":[{"count":1,"href":"https:\/\/www.bellunopress.it\/fr\/wp-json\/wp\/v2\/posts\/43987\/revisions"}],"predecessor-version":[{"id":43988,"href":"https:\/\/www.bellunopress.it\/fr\/wp-json\/wp\/v2\/posts\/43987\/revisions\/43988"}],"wp:attachment":[{"href":"https:\/\/www.bellunopress.it\/fr\/wp-json\/wp\/v2\/media?parent=43987"}],"wp:term":[{"taxonomy":"category","embeddable":true,"href":"https:\/\/www.bellunopress.it\/fr\/wp-json\/wp\/v2\/categories?post=43987"},{"taxonomy":"post_tag","embeddable":true,"href":"https:\/\/www.bellunopress.it\/fr\/wp-json\/wp\/v2\/tags?post=43987"}],"curies":[{"name":"wp","href":"https:\/\/api.w.org\/{rel}","templated":true}]}}