{"id":43981,"date":"2012-11-17T17:20:07","date_gmt":"2012-11-17T16:20:07","guid":{"rendered":"http:\/\/www.bellunopress.it\/?p=43981"},"modified":"2012-11-17T21:24:35","modified_gmt":"2012-11-17T20:24:35","slug":"si-chiude-positivamente-la-stagione-2012-di-dolomiti-contemporanee","status":"publish","type":"post","link":"https:\/\/www.bellunopress.it\/fr\/2012\/11\/17\/si-chiude-positivamente-la-stagione-2012-di-dolomiti-contemporanee\/","title":{"rendered":"Si chiude positivamente la stagione 2012 di Dolomiti contemporanee"},"content":{"rendered":"<figure id=\"attachment_29514\" aria-describedby=\"caption-attachment-29514\" style=\"width: 280px\" class=\"wp-caption alignleft\"><a href=\"http:\/\/www.bellunopress.it\/wp-content\/uploads\/2011\/08\/gianluca-dinc\u00e0-levis.jpg\"><img loading=\"lazy\" decoding=\"async\" class=\"size-full wp-image-29514\" title=\"gianluca d'inc\u00e0 levis\" src=\"http:\/\/www.bellunopress.it\/wp-content\/uploads\/2011\/08\/gianluca-dinc\u00e0-levis.jpg\" alt=\"\" width=\"280\" height=\"280\" srcset=\"https:\/\/www.bellunopress.it\/wp-content\/uploads\/2011\/08\/gianluca-dinc\u00e0-levis.jpg 280w, https:\/\/www.bellunopress.it\/wp-content\/uploads\/2011\/08\/gianluca-dinc\u00e0-levis-150x150.jpg 150w\" sizes=\"auto, (max-width: 280px) 100vw, 280px\" \/><\/a><figcaption id=\"caption-attachment-29514\" class=\"wp-caption-text\">Gianluca d&#8217;Inc\u00e0 Levis<\/figcaption><\/figure>\n<p>Con la chiusura del Blocco di Taibon (22 ottobre) e di Bilico a Casso (4 novembre), si \u00e8 conclusa la stagione estiva\/autunnale di Dolomiti Contemporanee, la rassegna d&#8217;arte moderna ideata dall&#8217;architetto Gianluca D&#8217;Inc\u00e0 Levis.<\/p>\n<p>Tra il 4 agosto e il 4 novembre, DC NEXT ha prodotto 17 eventi espositivi, coinvolgendo un centinaio di artisti, venuti da tutta Italia e dall&#8217;estero ad operare nel contesto dolomitico, all&#8217;interno dei siti attivati appositamente quest&#8217;estate.<\/p>\n<p>I due siti principali sono stati l&#8217;ex Fabbrica Visibilia, a Taibon Agordino (Bl), e l&#8217;ex Scuola elementare di Casso (Erto e Casso, Pn), chiusa dal giorno del Vajont.<\/p>\n<p>La fabbrica di Taibon, rinominata Blocco di Taibon, \u00e8 stato il fulcro della stagione: qui \u00e8 stata attivata una Residenza, che nel corso dell&#8217;estate ha ospitato quasi 100 tra artisti, giornalisti, galleristi, molti dei quali venuti appositamente da lontano, dando loro vitto e alloggio.<\/p>\n<p>Gli spazi di questa fabbrica chiusa da 10 anni sono stati rimessi in sesto, e sono divenuti, per tre mesi, spazi espositivi, nei quali curatori e artisti hanno prodotto 13 esposizioni, alle quali i media di settore (riviste come Artribune, Exibart, Espoarte, Areaarte, Kritika, ecc.), hanno dedicato molta attenzione, e che hanno portato a Taibon un pubblico eterogeneo, fatto di appassionati d&#8217;arte e di montagna, venuti dalla Provincia di Belluno e da ogni altra parte d&#8217;Italia.<\/p>\n<p>La fabbrica, chiusa e ferma, \u00e8 stata trasformata in un luogo attivo, in una stazione di scambi, nella quale l&#8217;arte si \u00e8 sposata con i luoghi, creando relazioni con la comunit\u00e0, e consentendo la creazione di decine d&#8217;opere d&#8217;arte originali, molte delle quale espressamente dedicate a temi connessi all&#8217;identit\u00e0 ed alla cultura alpina e dolomitica (come ad esempio Agner, opera realizzata grazia al supporto di Salewa).<\/p>\n<p>Le opere sono state realizzate grazie all&#8217;aiuto di centinaia di soggetti, pubblici e privati, che hanno appoggiato e sostenuto a diverso titolo (Patrocini, finanziamento pubblico, regalie e liberalit\u00e0, supporti logistici, cessione di materiali ed opere) il progetto: i sostenitoti di DC sono ormai circa 120, tra di essi molte industrie della Provincia di Belluno, ma anche importanti aziende dal profilo internazionale.<\/p>\n<p>Questa rete aperta consente di realizzare progetti teoricamente assai onerosi, rendendoli economici: i budget di DC infatti non sono adeguati alla quantit\u00e0 e qualit\u00e0 delle iniziative.<\/p>\n<p>A Taibon sono passate circa 6.000 persone, che sono molte, se si pensa alla totale delocalizzazione di questo sito, fino ieri ignoto ai pi\u00f9.<\/p>\n<p>Il grande lavoro, intellettuale, culturale, artistico, mediatico, di interazione sociale, prodotto, ha portato a due tipi di risultati: da un lato, il progetto Dolomiti Contemporanee \u00e8 cresciuto, ottenendo l&#8217;attenzione dei media nazionali, e affermandosi come uno dei progetti d&#8217;arte contemporanea legati all&#8217;ambiente pi\u00f9 originali e forti nel panorama nazionale; dall&#8217;altro, il progetto ha dimostrato di saper condurre a dei risultati ulteriori, innescando dinamiche produttive e reazioni virtuose. A meno di un mese dalla chiusura del Blocco di Taibon, seconda Cittadella dell&#8217;arte edificata da DC dopo la Sass Muss del 2011, tre attivit\u00e0 produttive si sono gi\u00e0 insediate nella fabbrica di Taibon.<\/p>\n<p>Diverse altre trattative sono tutt&#8217;ora in corso: la fabbrica di Taibon, chiusa da anni, grazie all&#8217;azione di &#8220;rivitalizzazione&#8221; compiuta dall&#8217;arte, che per tre mesi vi ha riportato la gente, viene riaffittata, e torna ora a vivere.<\/p>\n<p>L&#8217;arte ha prodotto un risultato concreto, innescando delle reazioni benefiche per il territorio, e dimostrando di poter essere uno strumento di rilancio efficace per siti e risorse dismessi e depressi.<\/p>\n<p>Altre iniziative sono state realizzate all&#8217;interno del programma DC NEXT a Belluno (giugno, Palazzo Crepadona) ed a Cortina d&#8217;Ampezzo (la mostra Giocando con le Regole, che tra il 9 agosto e il 15 settembre si \u00e8 svolta presso il Museo delle Regole). L&#8217;area di Cortina sar\u00e0 ancora luogo d&#8217;azione per DC: uno dei siti sui quali si sta ipotizzando un progetto, \u00e8 l&#8217;ex Villaggio Eni di Borca di Cadore, progettato dall&#8217;architetto Ghellner, del quale parleremo a breve.<\/p>\n<p>Gianluca D&#8217;Inc\u00e0 Levis sar\u00e0 ospite del Museo Mario Romoldi di Cortina il prossimo dicembre, in un incontro pubblico nel quale si parler\u00e0 della fabbriche gi\u00e0 riattivate dal progetto DC, e di quelle su cui si sta gi\u00e0 lavorando in prospettiva 2013, i prossimi cantieri.<\/p>\n<p>Il secondo spazio centrale dell&#8217;estate\/autunno DC NEXT, \u00e8 stato il Nuovo Spazio espositivo di Casso. La capacit\u00e0 dimostrata da DC di &#8220;riattivare tessuti necrotici&#8221;, riaprendo fabbriche chiuse e complessi industriali abbandonati, ha condotto all&#8217;assegnazione, da parte dell&#8217;Amministrazione di Erto e Casso, dell&#8217;incarico di riavviamento e gestione permanente di questo formidabile sito, in Provincia di Pordenone, appena oltre il confine con il Veneto.<\/p>\n<p>La prima mostra ivi realizzata da DC, Bilico, ha condotto a Casso, in 7 settimane, quasi 2.000 persone.<\/p>\n<p>Nel complesso, le persone movimentate dalle iniziative di DC in questi mesi, sono state oltre 10.000.<\/p>\n<p>Nei prossimi mesi, molte saranno le nuove iniziative, che condurremo dentro e fuori Provincia, in Italia e all&#8217;estero.<\/p>\n<p>Parallelamente, lavoreremo sui nuovi siti dolomitici, in cui operare nel 2013, e continueremo a proporre iniziative nel Nuovo Spazio espositivo di Casso, nel quale si avvier\u00e0 una programmazione stabile.<\/p>\n<p>Il progetto Dolomiti Contemporanee cresce, si espande: esso costituisce un modello nuovo in Italia, nel quale la cultura e l&#8217;arte riescono, in modo pragmativo e funzionale, a interagire con le altre funzioni, produttive e sociali, contribuendo a generare momenti di vitalit\u00e0 per il territorio, e operando sul &#8220;brand Dolomiti&#8221; e sulle risorse sottoutilizzate in modo creativo ed efficace.<\/p>\n<p>&nbsp;<\/p>\n<p>&nbsp;<\/p>","protected":false},"excerpt":{"rendered":"<p>Con la chiusura del Blocco di Taibon (22 ottobre) e di Bilico a Casso (4 novembre), si \u00e8 conclusa la stagione estiva\/autunnale di Dolomiti Contemporanee, la rassegna d&#8217;arte moderna ideata dall&#8217;architetto Gianluca D&#8217;Inc\u00e0 Levis. Tra il 4 agosto e il 4 novembre, DC NEXT ha prodotto 17 eventi espositivi, coinvolgendo un centinaio di artisti, venuti [&hellip;]<\/p>\n","protected":false},"author":2,"featured_media":0,"comment_status":"closed","ping_status":"open","sticky":false,"template":"","format":"standard","meta":{"footnotes":""},"categories":[3,26],"tags":[],"class_list":["post-43981","post","type-post","status-publish","format-standard","category-arte-cultura-spettacoli-scienza-archivi","category-prima-pagina"],"yoast_head":"<!-- This site is optimized with the Yoast SEO plugin v28.4 - https:\/\/yoast.com\/product\/yoast-seo-wordpress\/ -->\n<title>Si chiude positivamente la stagione 2012 di Dolomiti contemporanee - Bellunopress - Dolomiti<\/title>\n<meta name=\"robots\" content=\"index, follow, max-snippet:-1, max-image-preview:large, max-video-preview:-1\" \/>\n<link rel=\"canonical\" href=\"https:\/\/www.bellunopress.it\/fr\/2012\/11\/17\/si-chiude-positivamente-la-stagione-2012-di-dolomiti-contemporanee\/\" \/>\n<meta property=\"og:locale\" content=\"fr_FR\" \/>\n<meta property=\"og:type\" content=\"article\" \/>\n<meta property=\"og:title\" content=\"Si chiude positivamente la stagione 2012 di Dolomiti contemporanee - Bellunopress - Dolomiti\" \/>\n<meta property=\"og:description\" content=\"Con la chiusura del Blocco di Taibon (22 ottobre) e di Bilico a Casso (4 novembre), si \u00e8 conclusa la stagione estiva\/autunnale di Dolomiti Contemporanee, la rassegna d&#8217;arte moderna ideata dall&#8217;architetto Gianluca D&#8217;Inc\u00e0 Levis. Tra il 4 agosto e il 4 novembre, DC NEXT ha prodotto 17 eventi espositivi, coinvolgendo un centinaio di artisti, venuti [&hellip;]\" \/>\n<meta property=\"og:url\" content=\"https:\/\/www.bellunopress.it\/fr\/2012\/11\/17\/si-chiude-positivamente-la-stagione-2012-di-dolomiti-contemporanee\/\" \/>\n<meta property=\"og:site_name\" content=\"Bellunopress - Dolomiti\" \/>\n<meta property=\"article:publisher\" content=\"https:\/\/www.facebook.com\/profile.php?id=100008943462799\" \/>\n<meta property=\"article:published_time\" content=\"2012-11-17T16:20:07+00:00\" \/>\n<meta property=\"article:modified_time\" content=\"2012-11-17T20:24:35+00:00\" \/>\n<meta property=\"og:image\" content=\"http:\/\/www.bellunopress.it\/wp-content\/uploads\/2011\/08\/gianluca-dinc\u00e0-levis.jpg\" \/>\n<meta name=\"author\" content=\"redazione\" \/>\n<meta name=\"twitter:card\" content=\"summary_large_image\" \/>\n<meta name=\"twitter:creator\" content=\"@bellunopress\" \/>\n<meta name=\"twitter:site\" content=\"@bellunopress\" \/>\n<meta name=\"twitter:label1\" content=\"\u00c9crit par\" \/>\n\t<meta name=\"twitter:data1\" content=\"redazione\" \/>\n\t<meta name=\"twitter:label2\" content=\"Dur\u00e9e de lecture estim\u00e9e\" \/>\n\t<meta name=\"twitter:data2\" content=\"4 minutes\" \/>\n<script type=\"application\/ld+json\" class=\"yoast-schema-graph\">{\"@context\":\"https:\\\/\\\/schema.org\",\"@graph\":[{\"@type\":\"Article\",\"@id\":\"https:\\\/\\\/www.bellunopress.it\\\/2012\\\/11\\\/17\\\/si-chiude-positivamente-la-stagione-2012-di-dolomiti-contemporanee\\\/#article\",\"isPartOf\":{\"@id\":\"https:\\\/\\\/www.bellunopress.it\\\/2012\\\/11\\\/17\\\/si-chiude-positivamente-la-stagione-2012-di-dolomiti-contemporanee\\\/\"},\"author\":{\"name\":\"redazione\",\"@id\":\"https:\\\/\\\/www.bellunopress.it\\\/#\\\/schema\\\/person\\\/79bb06722b37ece1c03d3e94beb30d73\"},\"headline\":\"Si chiude positivamente la stagione 2012 di Dolomiti contemporanee\",\"datePublished\":\"2012-11-17T16:20:07+00:00\",\"dateModified\":\"2012-11-17T20:24:35+00:00\",\"mainEntityOfPage\":{\"@id\":\"https:\\\/\\\/www.bellunopress.it\\\/2012\\\/11\\\/17\\\/si-chiude-positivamente-la-stagione-2012-di-dolomiti-contemporanee\\\/\"},\"wordCount\":919,\"publisher\":{\"@id\":\"https:\\\/\\\/www.bellunopress.it\\\/#organization\"},\"articleSection\":[\"Arte, Cultura, Spettacoli, Scienza\",\"Prima Pagina\"],\"inLanguage\":\"fr-FR\"},{\"@type\":\"WebPage\",\"@id\":\"https:\\\/\\\/www.bellunopress.it\\\/2012\\\/11\\\/17\\\/si-chiude-positivamente-la-stagione-2012-di-dolomiti-contemporanee\\\/\",\"url\":\"https:\\\/\\\/www.bellunopress.it\\\/2012\\\/11\\\/17\\\/si-chiude-positivamente-la-stagione-2012-di-dolomiti-contemporanee\\\/\",\"name\":\"Si chiude positivamente la stagione 2012 di Dolomiti contemporanee - Bellunopress - Dolomiti\",\"isPartOf\":{\"@id\":\"https:\\\/\\\/www.bellunopress.it\\\/#website\"},\"datePublished\":\"2012-11-17T16:20:07+00:00\",\"dateModified\":\"2012-11-17T20:24:35+00:00\",\"breadcrumb\":{\"@id\":\"https:\\\/\\\/www.bellunopress.it\\\/2012\\\/11\\\/17\\\/si-chiude-positivamente-la-stagione-2012-di-dolomiti-contemporanee\\\/#breadcrumb\"},\"inLanguage\":\"fr-FR\",\"potentialAction\":[{\"@type\":\"ReadAction\",\"target\":[\"https:\\\/\\\/www.bellunopress.it\\\/2012\\\/11\\\/17\\\/si-chiude-positivamente-la-stagione-2012-di-dolomiti-contemporanee\\\/\"]}]},{\"@type\":\"BreadcrumbList\",\"@id\":\"https:\\\/\\\/www.bellunopress.it\\\/2012\\\/11\\\/17\\\/si-chiude-positivamente-la-stagione-2012-di-dolomiti-contemporanee\\\/#breadcrumb\",\"itemListElement\":[{\"@type\":\"ListItem\",\"position\":1,\"name\":\"Home\",\"item\":\"https:\\\/\\\/www.bellunopress.it\\\/\"},{\"@type\":\"ListItem\",\"position\":2,\"name\":\"Si chiude positivamente la stagione 2012 di Dolomiti contemporanee\"}]},{\"@type\":\"WebSite\",\"@id\":\"https:\\\/\\\/www.bellunopress.it\\\/#website\",\"url\":\"https:\\\/\\\/www.bellunopress.it\\\/\",\"name\":\"Bellunopress - Dolomiti\",\"description\":\"e-mail: redazione@bellunopress.it\",\"publisher\":{\"@id\":\"https:\\\/\\\/www.bellunopress.it\\\/#organization\"},\"potentialAction\":[{\"@type\":\"SearchAction\",\"target\":{\"@type\":\"EntryPoint\",\"urlTemplate\":\"https:\\\/\\\/www.bellunopress.it\\\/?s={search_term_string}\"},\"query-input\":{\"@type\":\"PropertyValueSpecification\",\"valueRequired\":true,\"valueName\":\"search_term_string\"}}],\"inLanguage\":\"fr-FR\"},{\"@type\":\"Organization\",\"@id\":\"https:\\\/\\\/www.bellunopress.it\\\/#organization\",\"name\":\"Bellunopress\",\"url\":\"https:\\\/\\\/www.bellunopress.it\\\/\",\"logo\":{\"@type\":\"ImageObject\",\"inLanguage\":\"fr-FR\",\"@id\":\"https:\\\/\\\/www.bellunopress.it\\\/#\\\/schema\\\/logo\\\/image\\\/\",\"url\":\"https:\\\/\\\/www.bellunopress.it\\\/wp-content\\\/uploads\\\/2011\\\/05\\\/cropped-logo-bellunopress-.jpg\",\"contentUrl\":\"https:\\\/\\\/www.bellunopress.it\\\/wp-content\\\/uploads\\\/2011\\\/05\\\/cropped-logo-bellunopress-.jpg\",\"width\":512,\"height\":512,\"caption\":\"Bellunopress\"},\"image\":{\"@id\":\"https:\\\/\\\/www.bellunopress.it\\\/#\\\/schema\\\/logo\\\/image\\\/\"},\"sameAs\":[\"https:\\\/\\\/www.facebook.com\\\/profile.php?id=100008943462799\",\"https:\\\/\\\/x.com\\\/bellunopress\",\"https:\\\/\\\/www.linkedin.com\\\/hp\\\/?dnr=JBzUWaJfMUw8vbXJJ2tVW5-I3jZKvC4wsoxE&amp;amp;amp;amp;amp;amp;trk=nav_responsive_tab_home\",\"https:\\\/\\\/www.youtube.com\\\/channel\\\/UCxL0wu1uN0_3_7hGG0306cw\"]},{\"@type\":\"Person\",\"@id\":\"https:\\\/\\\/www.bellunopress.it\\\/#\\\/schema\\\/person\\\/79bb06722b37ece1c03d3e94beb30d73\",\"name\":\"redazione\",\"image\":{\"@type\":\"ImageObject\",\"inLanguage\":\"fr-FR\",\"@id\":\"https:\\\/\\\/secure.gravatar.com\\\/avatar\\\/37d968a2e67a6fd04c169c4bdef102d0bc5d31b2546345219e348575eb80e9a0?s=96&d=mm&r=g\",\"url\":\"https:\\\/\\\/secure.gravatar.com\\\/avatar\\\/37d968a2e67a6fd04c169c4bdef102d0bc5d31b2546345219e348575eb80e9a0?s=96&d=mm&r=g\",\"contentUrl\":\"https:\\\/\\\/secure.gravatar.com\\\/avatar\\\/37d968a2e67a6fd04c169c4bdef102d0bc5d31b2546345219e348575eb80e9a0?s=96&d=mm&r=g\",\"caption\":\"redazione\"},\"sameAs\":[\"http:\\\/\\\/www.bellunopress.it\",\"https:\\\/\\\/x.com\\\/bellunopress\"],\"url\":\"https:\\\/\\\/www.bellunopress.it\\\/fr\\\/author\\\/redazione\\\/\"}]}<\/script>\n<!-- \/ Yoast SEO plugin. -->","yoast_head_json":{"title":"Si chiude positivamente la stagione 2012 di Dolomiti contemporanee - Bellunopress - Dolomiti","robots":{"index":"index","follow":"follow","max-snippet":"max-snippet:-1","max-image-preview":"max-image-preview:large","max-video-preview":"max-video-preview:-1"},"canonical":"https:\/\/www.bellunopress.it\/fr\/2012\/11\/17\/si-chiude-positivamente-la-stagione-2012-di-dolomiti-contemporanee\/","og_locale":"fr_FR","og_type":"article","og_title":"Si chiude positivamente la stagione 2012 di Dolomiti contemporanee - Bellunopress - Dolomiti","og_description":"Con la chiusura del Blocco di Taibon (22 ottobre) e di Bilico a Casso (4 novembre), si \u00e8 conclusa la stagione estiva\/autunnale di Dolomiti Contemporanee, la rassegna d&#8217;arte moderna ideata dall&#8217;architetto Gianluca D&#8217;Inc\u00e0 Levis. Tra il 4 agosto e il 4 novembre, DC NEXT ha prodotto 17 eventi espositivi, coinvolgendo un centinaio di artisti, venuti [&hellip;]","og_url":"https:\/\/www.bellunopress.it\/fr\/2012\/11\/17\/si-chiude-positivamente-la-stagione-2012-di-dolomiti-contemporanee\/","og_site_name":"Bellunopress - Dolomiti","article_publisher":"https:\/\/www.facebook.com\/profile.php?id=100008943462799","article_published_time":"2012-11-17T16:20:07+00:00","article_modified_time":"2012-11-17T20:24:35+00:00","og_image":[{"url":"http:\/\/www.bellunopress.it\/wp-content\/uploads\/2011\/08\/gianluca-dinc\u00e0-levis.jpg","type":"","width":"","height":""}],"author":"redazione","twitter_card":"summary_large_image","twitter_creator":"@bellunopress","twitter_site":"@bellunopress","twitter_misc":{"\u00c9crit par":"redazione","Dur\u00e9e de lecture estim\u00e9e":"4 minutes"},"schema":{"@context":"https:\/\/schema.org","@graph":[{"@type":"Article","@id":"https:\/\/www.bellunopress.it\/2012\/11\/17\/si-chiude-positivamente-la-stagione-2012-di-dolomiti-contemporanee\/#article","isPartOf":{"@id":"https:\/\/www.bellunopress.it\/2012\/11\/17\/si-chiude-positivamente-la-stagione-2012-di-dolomiti-contemporanee\/"},"author":{"name":"redazione","@id":"https:\/\/www.bellunopress.it\/#\/schema\/person\/79bb06722b37ece1c03d3e94beb30d73"},"headline":"Si chiude positivamente la stagione 2012 di Dolomiti contemporanee","datePublished":"2012-11-17T16:20:07+00:00","dateModified":"2012-11-17T20:24:35+00:00","mainEntityOfPage":{"@id":"https:\/\/www.bellunopress.it\/2012\/11\/17\/si-chiude-positivamente-la-stagione-2012-di-dolomiti-contemporanee\/"},"wordCount":919,"publisher":{"@id":"https:\/\/www.bellunopress.it\/#organization"},"articleSection":["Arte, Cultura, Spettacoli, Scienza","Prima Pagina"],"inLanguage":"fr-FR"},{"@type":"WebPage","@id":"https:\/\/www.bellunopress.it\/2012\/11\/17\/si-chiude-positivamente-la-stagione-2012-di-dolomiti-contemporanee\/","url":"https:\/\/www.bellunopress.it\/2012\/11\/17\/si-chiude-positivamente-la-stagione-2012-di-dolomiti-contemporanee\/","name":"Si chiude positivamente la stagione 2012 di Dolomiti contemporanee - Bellunopress - Dolomiti","isPartOf":{"@id":"https:\/\/www.bellunopress.it\/#website"},"datePublished":"2012-11-17T16:20:07+00:00","dateModified":"2012-11-17T20:24:35+00:00","breadcrumb":{"@id":"https:\/\/www.bellunopress.it\/2012\/11\/17\/si-chiude-positivamente-la-stagione-2012-di-dolomiti-contemporanee\/#breadcrumb"},"inLanguage":"fr-FR","potentialAction":[{"@type":"ReadAction","target":["https:\/\/www.bellunopress.it\/2012\/11\/17\/si-chiude-positivamente-la-stagione-2012-di-dolomiti-contemporanee\/"]}]},{"@type":"BreadcrumbList","@id":"https:\/\/www.bellunopress.it\/2012\/11\/17\/si-chiude-positivamente-la-stagione-2012-di-dolomiti-contemporanee\/#breadcrumb","itemListElement":[{"@type":"ListItem","position":1,"name":"Home","item":"https:\/\/www.bellunopress.it\/"},{"@type":"ListItem","position":2,"name":"Si chiude positivamente la stagione 2012 di Dolomiti contemporanee"}]},{"@type":"WebSite","@id":"https:\/\/www.bellunopress.it\/#website","url":"https:\/\/www.bellunopress.it\/","name":"Bellunopress - Dolomiti","description":"e-mail: redazione@bellunopress.it","publisher":{"@id":"https:\/\/www.bellunopress.it\/#organization"},"potentialAction":[{"@type":"SearchAction","target":{"@type":"EntryPoint","urlTemplate":"https:\/\/www.bellunopress.it\/?s={search_term_string}"},"query-input":{"@type":"PropertyValueSpecification","valueRequired":true,"valueName":"search_term_string"}}],"inLanguage":"fr-FR"},{"@type":"Organization","@id":"https:\/\/www.bellunopress.it\/#organization","name":"Bellunopress","url":"https:\/\/www.bellunopress.it\/","logo":{"@type":"ImageObject","inLanguage":"fr-FR","@id":"https:\/\/www.bellunopress.it\/#\/schema\/logo\/image\/","url":"https:\/\/www.bellunopress.it\/wp-content\/uploads\/2011\/05\/cropped-logo-bellunopress-.jpg","contentUrl":"https:\/\/www.bellunopress.it\/wp-content\/uploads\/2011\/05\/cropped-logo-bellunopress-.jpg","width":512,"height":512,"caption":"Bellunopress"},"image":{"@id":"https:\/\/www.bellunopress.it\/#\/schema\/logo\/image\/"},"sameAs":["https:\/\/www.facebook.com\/profile.php?id=100008943462799","https:\/\/x.com\/bellunopress","https:\/\/www.linkedin.com\/hp\/?dnr=JBzUWaJfMUw8vbXJJ2tVW5-I3jZKvC4wsoxE&amp;amp;amp;amp;amp;amp;trk=nav_responsive_tab_home","https:\/\/www.youtube.com\/channel\/UCxL0wu1uN0_3_7hGG0306cw"]},{"@type":"Person","@id":"https:\/\/www.bellunopress.it\/#\/schema\/person\/79bb06722b37ece1c03d3e94beb30d73","name":"r\u00e9daction","image":{"@type":"ImageObject","inLanguage":"fr-FR","@id":"https:\/\/secure.gravatar.com\/avatar\/37d968a2e67a6fd04c169c4bdef102d0bc5d31b2546345219e348575eb80e9a0?s=96&d=mm&r=g","url":"https:\/\/secure.gravatar.com\/avatar\/37d968a2e67a6fd04c169c4bdef102d0bc5d31b2546345219e348575eb80e9a0?s=96&d=mm&r=g","contentUrl":"https:\/\/secure.gravatar.com\/avatar\/37d968a2e67a6fd04c169c4bdef102d0bc5d31b2546345219e348575eb80e9a0?s=96&d=mm&r=g","caption":"redazione"},"sameAs":["http:\/\/www.bellunopress.it","https:\/\/x.com\/bellunopress"],"url":"https:\/\/www.bellunopress.it\/fr\/author\/redazione\/"}]}},"_links":{"self":[{"href":"https:\/\/www.bellunopress.it\/fr\/wp-json\/wp\/v2\/posts\/43981","targetHints":{"allow":["GET"]}}],"collection":[{"href":"https:\/\/www.bellunopress.it\/fr\/wp-json\/wp\/v2\/posts"}],"about":[{"href":"https:\/\/www.bellunopress.it\/fr\/wp-json\/wp\/v2\/types\/post"}],"author":[{"embeddable":true,"href":"https:\/\/www.bellunopress.it\/fr\/wp-json\/wp\/v2\/users\/2"}],"replies":[{"embeddable":true,"href":"https:\/\/www.bellunopress.it\/fr\/wp-json\/wp\/v2\/comments?post=43981"}],"version-history":[{"count":2,"href":"https:\/\/www.bellunopress.it\/fr\/wp-json\/wp\/v2\/posts\/43981\/revisions"}],"predecessor-version":[{"id":43983,"href":"https:\/\/www.bellunopress.it\/fr\/wp-json\/wp\/v2\/posts\/43981\/revisions\/43983"}],"wp:attachment":[{"href":"https:\/\/www.bellunopress.it\/fr\/wp-json\/wp\/v2\/media?parent=43981"}],"wp:term":[{"taxonomy":"category","embeddable":true,"href":"https:\/\/www.bellunopress.it\/fr\/wp-json\/wp\/v2\/categories?post=43981"},{"taxonomy":"post_tag","embeddable":true,"href":"https:\/\/www.bellunopress.it\/fr\/wp-json\/wp\/v2\/tags?post=43981"}],"curies":[{"name":"wp","href":"https:\/\/api.w.org\/{rel}","templated":true}]}}