{"id":4397,"date":"2009-06-04T09:39:28","date_gmt":"2009-06-04T08:39:28","guid":{"rendered":"http:\/\/www.bellunopress.it\/?p=4397"},"modified":"2009-06-04T09:39:28","modified_gmt":"2009-06-04T08:39:28","slug":"alleghe-soccorsa-giovane-coppia-di-ravenna-nella-notte","status":"publish","type":"post","link":"https:\/\/www.bellunopress.it\/fr\/2009\/06\/04\/alleghe-soccorsa-giovane-coppia-di-ravenna-nella-notte\/","title":{"rendered":"Alleghe: soccorsa giovane coppia di Ravenna nella notte"},"content":{"rendered":"<figure id=\"attachment_3418\" aria-describedby=\"caption-attachment-3418\" style=\"width: 100px\" class=\"wp-caption alignleft\"><a href=\"http:\/\/www.bellunopress.it\/wp-content\/uploads\/2009\/05\/lago-di-alleghe.jpg\"><img loading=\"lazy\" decoding=\"async\" class=\"size-medium wp-image-3418\" title=\"lago-di-alleghe leggerissimo \" src=\"http:\/\/www.bellunopress.it\/wp-content\/uploads\/2009\/05\/lago-di-alleghe.jpg\" alt=\"(foto: Bellunovirtuale)\" width=\"100\" height=\"75\" \/><\/a><figcaption id=\"caption-attachment-3418\" class=\"wp-caption-text\">(foto: Bellunovirtuale)<\/figcaption><\/figure>\n<p>Bloccati sopra ripidi salti di roccia, due giovani di Ravenna sono stati portati in salvo ieri notte da una squadra del Soccorso alpino di Alleghe. D.R, 23 anni, il ragazzo, E.R., 18 anni, la ragazza, entrambi di Bagnacavallo (RA) erano partiti in mattinata per un&#8217;escursione diretti al rifugio Coldai, nel gruppo del Civetta. Al momento di rientrare verso i Piani di Pezz\u00e8 e Alleghe hanno intrapreso la discesa del sentiero di Ru de Porta. Nel canale ancora abbondantemente innevato hanno smarrito la traccia, proseguendo molto pi\u00f9 in alto e finendo<br \/>\nincrodati sopra una parete verticale. La stanchezza, la paura e l&#8217;incapacit\u00e0 di tornare sui propri passi li hanno bloccati, anche perch\u00e8 non attrezzati per muoversi in sicurezza sulla<br \/>\nneve. Inevitabile la chiamata al 118 attorno alle 19. Poich\u00e8 l&#8217;eliambulanza di Pieve di Cadore era<br \/>\nimpegnata in un trasferimento, \u00e8 decollato l&#8217;elicottero di Treviso emergenza, con a bordo il<br \/>\ntecnico del Soccorso alpino di turno, mentre una decina di soccorritori di Alleghe partiva dai<br \/>\nPiani di Pezz\u00e8. Dopo averli individuati, il velivolo ha tentato di recuperarli utilizzando il<br \/>\nverricello. Purtroppo forti raffiche di vento hanno reso impossibile l&#8217;operazione. L&#8217;elicottero<br \/>\nha quindi portato in quota 8 soccorritori ed \u00e8 poi rientrato, in scadenza di effemeridi. La<br \/>\nsquadra ha raggiunto a piedi i due ragazzi. Dopo averli assicurati, i tecnici li hanno calati<br \/>\nlungo i salti di roccia, per poi scendere in corda doppia. Il gruppo \u00e8 poi proseguito nel<br \/>\ncanale fino a riprendere il sentiero dove un&#8217;altra squadra stava andando loro incontro. Dai<br \/>\nPiani di Pezz\u00e8, i due escursionisti sono stati accompagnati infine ad Alleghe con i fuoristrada.<br \/>\nL&#8217;intervento si \u00e8 concluso poco prima di mezzanotte.<\/p>","protected":false},"excerpt":{"rendered":"<p>Bloccati sopra ripidi salti di roccia, due giovani di Ravenna sono stati portati in salvo ieri notte da una squadra del Soccorso alpino di Alleghe. D.R, 23 anni, il ragazzo, E.R., 18 anni, la ragazza, entrambi di Bagnacavallo (RA) erano partiti in mattinata per un&#8217;escursione diretti al rifugio Coldai, nel gruppo del Civetta. Al momento [&hellip;]<\/p>\n","protected":false},"author":2,"featured_media":0,"comment_status":"closed","ping_status":"open","sticky":false,"template":"","format":"standard","meta":{"footnotes":""},"categories":[5,26],"tags":[23],"class_list":["post-4397","post","type-post","status-publish","format-standard","category-cronaca","category-prima-pagina","tag-salp"],"yoast_head":"<!-- This site is optimized with the Yoast SEO plugin v28.4 - https:\/\/yoast.com\/product\/yoast-seo-wordpress\/ -->\n<title>Alleghe: soccorsa giovane coppia di Ravenna nella notte - Bellunopress - Dolomiti<\/title>\n<meta name=\"robots\" content=\"index, follow, max-snippet:-1, max-image-preview:large, max-video-preview:-1\" \/>\n<link rel=\"canonical\" href=\"https:\/\/www.bellunopress.it\/fr\/2009\/06\/04\/alleghe-soccorsa-giovane-coppia-di-ravenna-nella-notte\/\" \/>\n<meta property=\"og:locale\" content=\"fr_FR\" \/>\n<meta property=\"og:type\" content=\"article\" \/>\n<meta property=\"og:title\" content=\"Alleghe: soccorsa giovane coppia di Ravenna nella notte - Bellunopress - Dolomiti\" \/>\n<meta property=\"og:description\" content=\"Bloccati sopra ripidi salti di roccia, due giovani di Ravenna sono stati portati in salvo ieri notte da una squadra del Soccorso alpino di Alleghe. D.R, 23 anni, il ragazzo, E.R., 18 anni, la ragazza, entrambi di Bagnacavallo (RA) erano partiti in mattinata per un&#8217;escursione diretti al rifugio Coldai, nel gruppo del Civetta. Al momento [&hellip;]\" \/>\n<meta property=\"og:url\" content=\"https:\/\/www.bellunopress.it\/fr\/2009\/06\/04\/alleghe-soccorsa-giovane-coppia-di-ravenna-nella-notte\/\" \/>\n<meta property=\"og:site_name\" content=\"Bellunopress - Dolomiti\" \/>\n<meta property=\"article:publisher\" content=\"https:\/\/www.facebook.com\/profile.php?id=100008943462799\" \/>\n<meta property=\"article:published_time\" content=\"2009-06-04T08:39:28+00:00\" \/>\n<meta property=\"og:image\" content=\"http:\/\/www.bellunopress.it\/wp-content\/uploads\/2009\/05\/lago-di-alleghe.jpg\" \/>\n<meta name=\"author\" content=\"redazione\" \/>\n<meta name=\"twitter:card\" content=\"summary_large_image\" \/>\n<meta name=\"twitter:creator\" content=\"@bellunopress\" \/>\n<meta name=\"twitter:site\" content=\"@bellunopress\" \/>\n<meta name=\"twitter:label1\" content=\"\u00c9crit par\" \/>\n\t<meta name=\"twitter:data1\" content=\"redazione\" \/>\n\t<meta name=\"twitter:label2\" content=\"Dur\u00e9e de lecture estim\u00e9e\" \/>\n\t<meta name=\"twitter:data2\" content=\"1 minute\" \/>\n<script type=\"application\/ld+json\" class=\"yoast-schema-graph\">{\"@context\":\"https:\\\/\\\/schema.org\",\"@graph\":[{\"@type\":\"Article\",\"@id\":\"https:\\\/\\\/www.bellunopress.it\\\/2009\\\/06\\\/04\\\/alleghe-soccorsa-giovane-coppia-di-ravenna-nella-notte\\\/#article\",\"isPartOf\":{\"@id\":\"https:\\\/\\\/www.bellunopress.it\\\/2009\\\/06\\\/04\\\/alleghe-soccorsa-giovane-coppia-di-ravenna-nella-notte\\\/\"},\"author\":{\"name\":\"redazione\",\"@id\":\"https:\\\/\\\/www.bellunopress.it\\\/#\\\/schema\\\/person\\\/79bb06722b37ece1c03d3e94beb30d73\"},\"headline\":\"Alleghe: soccorsa giovane coppia di Ravenna nella notte\",\"datePublished\":\"2009-06-04T08:39:28+00:00\",\"mainEntityOfPage\":{\"@id\":\"https:\\\/\\\/www.bellunopress.it\\\/2009\\\/06\\\/04\\\/alleghe-soccorsa-giovane-coppia-di-ravenna-nella-notte\\\/\"},\"wordCount\":293,\"publisher\":{\"@id\":\"https:\\\/\\\/www.bellunopress.it\\\/#organization\"},\"image\":{\"@id\":\"https:\\\/\\\/www.bellunopress.it\\\/2009\\\/06\\\/04\\\/alleghe-soccorsa-giovane-coppia-di-ravenna-nella-notte\\\/#primaryimage\"},\"thumbnailUrl\":\"http:\\\/\\\/www.bellunopress.it\\\/wp-content\\\/uploads\\\/2009\\\/05\\\/lago-di-alleghe.jpg\",\"keywords\":[\"Soccorso Alpino\"],\"articleSection\":[\"Cronaca\\\/Politica\",\"Prima Pagina\"],\"inLanguage\":\"fr-FR\"},{\"@type\":\"WebPage\",\"@id\":\"https:\\\/\\\/www.bellunopress.it\\\/2009\\\/06\\\/04\\\/alleghe-soccorsa-giovane-coppia-di-ravenna-nella-notte\\\/\",\"url\":\"https:\\\/\\\/www.bellunopress.it\\\/2009\\\/06\\\/04\\\/alleghe-soccorsa-giovane-coppia-di-ravenna-nella-notte\\\/\",\"name\":\"Alleghe: soccorsa giovane coppia di Ravenna nella notte - Bellunopress - Dolomiti\",\"isPartOf\":{\"@id\":\"https:\\\/\\\/www.bellunopress.it\\\/#website\"},\"primaryImageOfPage\":{\"@id\":\"https:\\\/\\\/www.bellunopress.it\\\/2009\\\/06\\\/04\\\/alleghe-soccorsa-giovane-coppia-di-ravenna-nella-notte\\\/#primaryimage\"},\"image\":{\"@id\":\"https:\\\/\\\/www.bellunopress.it\\\/2009\\\/06\\\/04\\\/alleghe-soccorsa-giovane-coppia-di-ravenna-nella-notte\\\/#primaryimage\"},\"thumbnailUrl\":\"http:\\\/\\\/www.bellunopress.it\\\/wp-content\\\/uploads\\\/2009\\\/05\\\/lago-di-alleghe.jpg\",\"datePublished\":\"2009-06-04T08:39:28+00:00\",\"breadcrumb\":{\"@id\":\"https:\\\/\\\/www.bellunopress.it\\\/2009\\\/06\\\/04\\\/alleghe-soccorsa-giovane-coppia-di-ravenna-nella-notte\\\/#breadcrumb\"},\"inLanguage\":\"fr-FR\",\"potentialAction\":[{\"@type\":\"ReadAction\",\"target\":[\"https:\\\/\\\/www.bellunopress.it\\\/2009\\\/06\\\/04\\\/alleghe-soccorsa-giovane-coppia-di-ravenna-nella-notte\\\/\"]}]},{\"@type\":\"ImageObject\",\"inLanguage\":\"fr-FR\",\"@id\":\"https:\\\/\\\/www.bellunopress.it\\\/2009\\\/06\\\/04\\\/alleghe-soccorsa-giovane-coppia-di-ravenna-nella-notte\\\/#primaryimage\",\"url\":\"http:\\\/\\\/www.bellunopress.it\\\/wp-content\\\/uploads\\\/2009\\\/05\\\/lago-di-alleghe.jpg\",\"contentUrl\":\"http:\\\/\\\/www.bellunopress.it\\\/wp-content\\\/uploads\\\/2009\\\/05\\\/lago-di-alleghe.jpg\"},{\"@type\":\"BreadcrumbList\",\"@id\":\"https:\\\/\\\/www.bellunopress.it\\\/2009\\\/06\\\/04\\\/alleghe-soccorsa-giovane-coppia-di-ravenna-nella-notte\\\/#breadcrumb\",\"itemListElement\":[{\"@type\":\"ListItem\",\"position\":1,\"name\":\"Home\",\"item\":\"https:\\\/\\\/www.bellunopress.it\\\/\"},{\"@type\":\"ListItem\",\"position\":2,\"name\":\"Alleghe: soccorsa giovane coppia di Ravenna nella notte\"}]},{\"@type\":\"WebSite\",\"@id\":\"https:\\\/\\\/www.bellunopress.it\\\/#website\",\"url\":\"https:\\\/\\\/www.bellunopress.it\\\/\",\"name\":\"Bellunopress - Dolomiti\",\"description\":\"e-mail: redazione@bellunopress.it\",\"publisher\":{\"@id\":\"https:\\\/\\\/www.bellunopress.it\\\/#organization\"},\"potentialAction\":[{\"@type\":\"SearchAction\",\"target\":{\"@type\":\"EntryPoint\",\"urlTemplate\":\"https:\\\/\\\/www.bellunopress.it\\\/?s={search_term_string}\"},\"query-input\":{\"@type\":\"PropertyValueSpecification\",\"valueRequired\":true,\"valueName\":\"search_term_string\"}}],\"inLanguage\":\"fr-FR\"},{\"@type\":\"Organization\",\"@id\":\"https:\\\/\\\/www.bellunopress.it\\\/#organization\",\"name\":\"Bellunopress\",\"url\":\"https:\\\/\\\/www.bellunopress.it\\\/\",\"logo\":{\"@type\":\"ImageObject\",\"inLanguage\":\"fr-FR\",\"@id\":\"https:\\\/\\\/www.bellunopress.it\\\/#\\\/schema\\\/logo\\\/image\\\/\",\"url\":\"https:\\\/\\\/www.bellunopress.it\\\/wp-content\\\/uploads\\\/2011\\\/05\\\/cropped-logo-bellunopress-.jpg\",\"contentUrl\":\"https:\\\/\\\/www.bellunopress.it\\\/wp-content\\\/uploads\\\/2011\\\/05\\\/cropped-logo-bellunopress-.jpg\",\"width\":512,\"height\":512,\"caption\":\"Bellunopress\"},\"image\":{\"@id\":\"https:\\\/\\\/www.bellunopress.it\\\/#\\\/schema\\\/logo\\\/image\\\/\"},\"sameAs\":[\"https:\\\/\\\/www.facebook.com\\\/profile.php?id=100008943462799\",\"https:\\\/\\\/x.com\\\/bellunopress\",\"https:\\\/\\\/www.linkedin.com\\\/hp\\\/?dnr=JBzUWaJfMUw8vbXJJ2tVW5-I3jZKvC4wsoxE&amp;amp;amp;amp;amp;amp;trk=nav_responsive_tab_home\",\"https:\\\/\\\/www.youtube.com\\\/channel\\\/UCxL0wu1uN0_3_7hGG0306cw\"]},{\"@type\":\"Person\",\"@id\":\"https:\\\/\\\/www.bellunopress.it\\\/#\\\/schema\\\/person\\\/79bb06722b37ece1c03d3e94beb30d73\",\"name\":\"redazione\",\"image\":{\"@type\":\"ImageObject\",\"inLanguage\":\"fr-FR\",\"@id\":\"https:\\\/\\\/secure.gravatar.com\\\/avatar\\\/37d968a2e67a6fd04c169c4bdef102d0bc5d31b2546345219e348575eb80e9a0?s=96&d=mm&r=g\",\"url\":\"https:\\\/\\\/secure.gravatar.com\\\/avatar\\\/37d968a2e67a6fd04c169c4bdef102d0bc5d31b2546345219e348575eb80e9a0?s=96&d=mm&r=g\",\"contentUrl\":\"https:\\\/\\\/secure.gravatar.com\\\/avatar\\\/37d968a2e67a6fd04c169c4bdef102d0bc5d31b2546345219e348575eb80e9a0?s=96&d=mm&r=g\",\"caption\":\"redazione\"},\"sameAs\":[\"http:\\\/\\\/www.bellunopress.it\",\"https:\\\/\\\/x.com\\\/bellunopress\"],\"url\":\"https:\\\/\\\/www.bellunopress.it\\\/fr\\\/author\\\/redazione\\\/\"}]}<\/script>\n<!-- \/ Yoast SEO plugin. -->","yoast_head_json":{"title":"Alleghe: soccorsa giovane coppia di Ravenna nella notte - Bellunopress - Dolomiti","robots":{"index":"index","follow":"follow","max-snippet":"max-snippet:-1","max-image-preview":"max-image-preview:large","max-video-preview":"max-video-preview:-1"},"canonical":"https:\/\/www.bellunopress.it\/fr\/2009\/06\/04\/alleghe-soccorsa-giovane-coppia-di-ravenna-nella-notte\/","og_locale":"fr_FR","og_type":"article","og_title":"Alleghe: soccorsa giovane coppia di Ravenna nella notte - Bellunopress - Dolomiti","og_description":"Bloccati sopra ripidi salti di roccia, due giovani di Ravenna sono stati portati in salvo ieri notte da una squadra del Soccorso alpino di Alleghe. D.R, 23 anni, il ragazzo, E.R., 18 anni, la ragazza, entrambi di Bagnacavallo (RA) erano partiti in mattinata per un&#8217;escursione diretti al rifugio Coldai, nel gruppo del Civetta. Al momento [&hellip;]","og_url":"https:\/\/www.bellunopress.it\/fr\/2009\/06\/04\/alleghe-soccorsa-giovane-coppia-di-ravenna-nella-notte\/","og_site_name":"Bellunopress - Dolomiti","article_publisher":"https:\/\/www.facebook.com\/profile.php?id=100008943462799","article_published_time":"2009-06-04T08:39:28+00:00","og_image":[{"url":"http:\/\/www.bellunopress.it\/wp-content\/uploads\/2009\/05\/lago-di-alleghe.jpg","type":"","width":"","height":""}],"author":"redazione","twitter_card":"summary_large_image","twitter_creator":"@bellunopress","twitter_site":"@bellunopress","twitter_misc":{"\u00c9crit par":"redazione","Dur\u00e9e de lecture estim\u00e9e":"1 minute"},"schema":{"@context":"https:\/\/schema.org","@graph":[{"@type":"Article","@id":"https:\/\/www.bellunopress.it\/2009\/06\/04\/alleghe-soccorsa-giovane-coppia-di-ravenna-nella-notte\/#article","isPartOf":{"@id":"https:\/\/www.bellunopress.it\/2009\/06\/04\/alleghe-soccorsa-giovane-coppia-di-ravenna-nella-notte\/"},"author":{"name":"redazione","@id":"https:\/\/www.bellunopress.it\/#\/schema\/person\/79bb06722b37ece1c03d3e94beb30d73"},"headline":"Alleghe: soccorsa giovane coppia di Ravenna nella notte","datePublished":"2009-06-04T08:39:28+00:00","mainEntityOfPage":{"@id":"https:\/\/www.bellunopress.it\/2009\/06\/04\/alleghe-soccorsa-giovane-coppia-di-ravenna-nella-notte\/"},"wordCount":293,"publisher":{"@id":"https:\/\/www.bellunopress.it\/#organization"},"image":{"@id":"https:\/\/www.bellunopress.it\/2009\/06\/04\/alleghe-soccorsa-giovane-coppia-di-ravenna-nella-notte\/#primaryimage"},"thumbnailUrl":"http:\/\/www.bellunopress.it\/wp-content\/uploads\/2009\/05\/lago-di-alleghe.jpg","keywords":["Soccorso Alpino"],"articleSection":["Cronaca\/Politica","Prima Pagina"],"inLanguage":"fr-FR"},{"@type":"WebPage","@id":"https:\/\/www.bellunopress.it\/2009\/06\/04\/alleghe-soccorsa-giovane-coppia-di-ravenna-nella-notte\/","url":"https:\/\/www.bellunopress.it\/2009\/06\/04\/alleghe-soccorsa-giovane-coppia-di-ravenna-nella-notte\/","name":"Alleghe: soccorsa giovane coppia di Ravenna nella notte - Bellunopress - Dolomiti","isPartOf":{"@id":"https:\/\/www.bellunopress.it\/#website"},"primaryImageOfPage":{"@id":"https:\/\/www.bellunopress.it\/2009\/06\/04\/alleghe-soccorsa-giovane-coppia-di-ravenna-nella-notte\/#primaryimage"},"image":{"@id":"https:\/\/www.bellunopress.it\/2009\/06\/04\/alleghe-soccorsa-giovane-coppia-di-ravenna-nella-notte\/#primaryimage"},"thumbnailUrl":"http:\/\/www.bellunopress.it\/wp-content\/uploads\/2009\/05\/lago-di-alleghe.jpg","datePublished":"2009-06-04T08:39:28+00:00","breadcrumb":{"@id":"https:\/\/www.bellunopress.it\/2009\/06\/04\/alleghe-soccorsa-giovane-coppia-di-ravenna-nella-notte\/#breadcrumb"},"inLanguage":"fr-FR","potentialAction":[{"@type":"ReadAction","target":["https:\/\/www.bellunopress.it\/2009\/06\/04\/alleghe-soccorsa-giovane-coppia-di-ravenna-nella-notte\/"]}]},{"@type":"ImageObject","inLanguage":"fr-FR","@id":"https:\/\/www.bellunopress.it\/2009\/06\/04\/alleghe-soccorsa-giovane-coppia-di-ravenna-nella-notte\/#primaryimage","url":"http:\/\/www.bellunopress.it\/wp-content\/uploads\/2009\/05\/lago-di-alleghe.jpg","contentUrl":"http:\/\/www.bellunopress.it\/wp-content\/uploads\/2009\/05\/lago-di-alleghe.jpg"},{"@type":"BreadcrumbList","@id":"https:\/\/www.bellunopress.it\/2009\/06\/04\/alleghe-soccorsa-giovane-coppia-di-ravenna-nella-notte\/#breadcrumb","itemListElement":[{"@type":"ListItem","position":1,"name":"Home","item":"https:\/\/www.bellunopress.it\/"},{"@type":"ListItem","position":2,"name":"Alleghe: soccorsa giovane coppia di Ravenna nella notte"}]},{"@type":"WebSite","@id":"https:\/\/www.bellunopress.it\/#website","url":"https:\/\/www.bellunopress.it\/","name":"Bellunopress - Dolomiti","description":"e-mail: redazione@bellunopress.it","publisher":{"@id":"https:\/\/www.bellunopress.it\/#organization"},"potentialAction":[{"@type":"SearchAction","target":{"@type":"EntryPoint","urlTemplate":"https:\/\/www.bellunopress.it\/?s={search_term_string}"},"query-input":{"@type":"PropertyValueSpecification","valueRequired":true,"valueName":"search_term_string"}}],"inLanguage":"fr-FR"},{"@type":"Organization","@id":"https:\/\/www.bellunopress.it\/#organization","name":"Bellunopress","url":"https:\/\/www.bellunopress.it\/","logo":{"@type":"ImageObject","inLanguage":"fr-FR","@id":"https:\/\/www.bellunopress.it\/#\/schema\/logo\/image\/","url":"https:\/\/www.bellunopress.it\/wp-content\/uploads\/2011\/05\/cropped-logo-bellunopress-.jpg","contentUrl":"https:\/\/www.bellunopress.it\/wp-content\/uploads\/2011\/05\/cropped-logo-bellunopress-.jpg","width":512,"height":512,"caption":"Bellunopress"},"image":{"@id":"https:\/\/www.bellunopress.it\/#\/schema\/logo\/image\/"},"sameAs":["https:\/\/www.facebook.com\/profile.php?id=100008943462799","https:\/\/x.com\/bellunopress","https:\/\/www.linkedin.com\/hp\/?dnr=JBzUWaJfMUw8vbXJJ2tVW5-I3jZKvC4wsoxE&amp;amp;amp;amp;amp;amp;trk=nav_responsive_tab_home","https:\/\/www.youtube.com\/channel\/UCxL0wu1uN0_3_7hGG0306cw"]},{"@type":"Person","@id":"https:\/\/www.bellunopress.it\/#\/schema\/person\/79bb06722b37ece1c03d3e94beb30d73","name":"r\u00e9daction","image":{"@type":"ImageObject","inLanguage":"fr-FR","@id":"https:\/\/secure.gravatar.com\/avatar\/37d968a2e67a6fd04c169c4bdef102d0bc5d31b2546345219e348575eb80e9a0?s=96&d=mm&r=g","url":"https:\/\/secure.gravatar.com\/avatar\/37d968a2e67a6fd04c169c4bdef102d0bc5d31b2546345219e348575eb80e9a0?s=96&d=mm&r=g","contentUrl":"https:\/\/secure.gravatar.com\/avatar\/37d968a2e67a6fd04c169c4bdef102d0bc5d31b2546345219e348575eb80e9a0?s=96&d=mm&r=g","caption":"redazione"},"sameAs":["http:\/\/www.bellunopress.it","https:\/\/x.com\/bellunopress"],"url":"https:\/\/www.bellunopress.it\/fr\/author\/redazione\/"}]}},"_links":{"self":[{"href":"https:\/\/www.bellunopress.it\/fr\/wp-json\/wp\/v2\/posts\/4397","targetHints":{"allow":["GET"]}}],"collection":[{"href":"https:\/\/www.bellunopress.it\/fr\/wp-json\/wp\/v2\/posts"}],"about":[{"href":"https:\/\/www.bellunopress.it\/fr\/wp-json\/wp\/v2\/types\/post"}],"author":[{"embeddable":true,"href":"https:\/\/www.bellunopress.it\/fr\/wp-json\/wp\/v2\/users\/2"}],"replies":[{"embeddable":true,"href":"https:\/\/www.bellunopress.it\/fr\/wp-json\/wp\/v2\/comments?post=4397"}],"version-history":[{"count":1,"href":"https:\/\/www.bellunopress.it\/fr\/wp-json\/wp\/v2\/posts\/4397\/revisions"}],"predecessor-version":[{"id":4398,"href":"https:\/\/www.bellunopress.it\/fr\/wp-json\/wp\/v2\/posts\/4397\/revisions\/4398"}],"wp:attachment":[{"href":"https:\/\/www.bellunopress.it\/fr\/wp-json\/wp\/v2\/media?parent=4397"}],"wp:term":[{"taxonomy":"category","embeddable":true,"href":"https:\/\/www.bellunopress.it\/fr\/wp-json\/wp\/v2\/categories?post=4397"},{"taxonomy":"post_tag","embeddable":true,"href":"https:\/\/www.bellunopress.it\/fr\/wp-json\/wp\/v2\/tags?post=4397"}],"curies":[{"name":"wp","href":"https:\/\/api.w.org\/{rel}","templated":true}]}}