{"id":43963,"date":"2012-11-16T18:45:35","date_gmt":"2012-11-16T17:45:35","guid":{"rendered":"http:\/\/www.bellunopress.it\/?p=43963"},"modified":"2012-11-16T21:02:08","modified_gmt":"2012-11-16T20:02:08","slug":"lite-a-fozaso-arrestato-dalla-polizia-27enne-ubriaco","status":"publish","type":"post","link":"https:\/\/www.bellunopress.it\/fr\/2012\/11\/16\/lite-a-fozaso-arrestato-dalla-polizia-27enne-ubriaco\/","title":{"rendered":"Lite a Fonzaso: arrestato dalla Polizia 27enne ubriaco"},"content":{"rendered":"<p><a href=\"http:\/\/www.bellunopress.it\/wp-content\/uploads\/2011\/08\/polizia-150x113.jpg\"><img loading=\"lazy\" decoding=\"async\" class=\"alignleft size-full wp-image-29780\" title=\"polizia 150x113\" src=\"http:\/\/www.bellunopress.it\/wp-content\/uploads\/2011\/08\/polizia-150x113.jpg\" alt=\"\" width=\"150\" height=\"113\" \/><\/a>Nella serata di gioved\u00ec 15 novembre un equipaggio del Distaccamento Polizia Stradale di Feltre \u00e8 intervenuto a seguito della segnalazione, pervenuta alla Sala Operativa di Belluno sul 113, relativa ad una violenta lite che si stava svolgendo all\u2019interno di un\u2019abitazione di Arten, nel Comune di Fonzaso (BL).<\/p>\n<p>Giunti sul posto, gli agenti rinvenivano l\u2019arredamento dell\u2019abitazione parzialmente rovesciato e distrutto, a riprova dei fatti successi all\u2019interno.<\/p>\n<p>Immediatamente veniva individuato il responsabile dei danni, O.D. di anni 27, in evidente stato di ebbrezza alcolica, ancora intento a distruggere quanto rimasto all\u2019interno dell\u2019abitazione e ad aggredire fisicamente i tre coinquilini.<\/p>\n<p>Uno di loro, in particolare, risultava ferito e dolorante, a seguito di un morso ricevuto durante il tentativo di placare l\u2019ira dell\u2019amico.<\/p>\n<p>Gli operatori tentavano di calmare il soggetto, ma venivano a loro volta aggrediti; uno dei due inoltre veniva spinto violentemente contro lo stipite di una porta, riportando una lesione giudicata guaribile in pochi giorni.<\/p>\n<p>Vista la ormai ingestibile situazione e considerate anche le pesanti minacce e ingiurie ricevute dallo stesso, gli operatori provvedevano allora a fatica ad immobilizzarlo, onde impedirgli di continuare a costituire pericolo, oltrech\u00e9 per i presenti, anche per se stesso, visti anche i tentativi di autolesionismo; questi veniva infine condotto presso il Distaccamento di Polizia Stradale di Feltre.<\/p>\n<p>Sul posto interveniva in prezioso ausilio anche una Volante della Questura, per tentare di contenere le ire del soggetto, nonch\u00e9 personale della Guardia Medica di Feltre; quest\u2019ultimo provvedeva quindi a somministrargli una dose di calmante.<\/p>\n<p>L\u2019individuo veniva dunque tratto in arresto per minaccia, resistenza ed oltraggio a pubblico ufficiale e per le lesioni procurate e infine associato alla casa Circondariale si Baldenich a disposizione dell\u2019A.G.<\/p>\n<p>&nbsp;<\/p>","protected":false},"excerpt":{"rendered":"<p>Nella serata di gioved\u00ec 15 novembre un equipaggio del Distaccamento Polizia Stradale di Feltre \u00e8 intervenuto a seguito della segnalazione, pervenuta alla Sala Operativa di Belluno sul 113, relativa ad una violenta lite che si stava svolgendo all\u2019interno di un\u2019abitazione di Arten, nel Comune di Fonzaso (BL). Giunti sul posto, gli agenti rinvenivano l\u2019arredamento dell\u2019abitazione [&hellip;]<\/p>\n","protected":false},"author":2,"featured_media":0,"comment_status":"closed","ping_status":"open","sticky":false,"template":"","format":"standard","meta":{"footnotes":""},"categories":[5,26],"tags":[],"class_list":["post-43963","post","type-post","status-publish","format-standard","category-cronaca","category-prima-pagina"],"yoast_head":"<!-- This site is optimized with the Yoast SEO plugin v28.4 - https:\/\/yoast.com\/product\/yoast-seo-wordpress\/ -->\n<title>Lite a Fonzaso: arrestato dalla Polizia 27enne ubriaco  - Bellunopress - Dolomiti<\/title>\n<meta name=\"robots\" content=\"index, follow, max-snippet:-1, max-image-preview:large, max-video-preview:-1\" \/>\n<link rel=\"canonical\" href=\"https:\/\/www.bellunopress.it\/fr\/2012\/11\/16\/lite-a-fozaso-arrestato-dalla-polizia-27enne-ubriaco\/\" \/>\n<meta property=\"og:locale\" content=\"fr_FR\" \/>\n<meta property=\"og:type\" content=\"article\" \/>\n<meta property=\"og:title\" content=\"Lite a Fonzaso: arrestato dalla Polizia 27enne ubriaco  - Bellunopress - Dolomiti\" \/>\n<meta property=\"og:description\" content=\"Nella serata di gioved\u00ec 15 novembre un equipaggio del Distaccamento Polizia Stradale di Feltre \u00e8 intervenuto a seguito della segnalazione, pervenuta alla Sala Operativa di Belluno sul 113, relativa ad una violenta lite che si stava svolgendo all\u2019interno di un\u2019abitazione di Arten, nel Comune di Fonzaso (BL). Giunti sul posto, gli agenti rinvenivano l\u2019arredamento dell\u2019abitazione [&hellip;]\" \/>\n<meta property=\"og:url\" content=\"https:\/\/www.bellunopress.it\/fr\/2012\/11\/16\/lite-a-fozaso-arrestato-dalla-polizia-27enne-ubriaco\/\" \/>\n<meta property=\"og:site_name\" content=\"Bellunopress - Dolomiti\" \/>\n<meta property=\"article:publisher\" content=\"https:\/\/www.facebook.com\/profile.php?id=100008943462799\" \/>\n<meta property=\"article:published_time\" content=\"2012-11-16T17:45:35+00:00\" \/>\n<meta property=\"article:modified_time\" content=\"2012-11-16T20:02:08+00:00\" \/>\n<meta property=\"og:image\" content=\"http:\/\/www.bellunopress.it\/wp-content\/uploads\/2011\/08\/polizia-150x113.jpg\" \/>\n<meta name=\"author\" content=\"redazione\" \/>\n<meta name=\"twitter:card\" content=\"summary_large_image\" \/>\n<meta name=\"twitter:creator\" content=\"@bellunopress\" \/>\n<meta name=\"twitter:site\" content=\"@bellunopress\" \/>\n<meta name=\"twitter:label1\" content=\"\u00c9crit par\" \/>\n\t<meta name=\"twitter:data1\" content=\"redazione\" \/>\n\t<meta name=\"twitter:label2\" content=\"Dur\u00e9e de lecture estim\u00e9e\" \/>\n\t<meta name=\"twitter:data2\" content=\"1 minute\" \/>\n<script type=\"application\/ld+json\" class=\"yoast-schema-graph\">{\"@context\":\"https:\\\/\\\/schema.org\",\"@graph\":[{\"@type\":\"Article\",\"@id\":\"https:\\\/\\\/www.bellunopress.it\\\/2012\\\/11\\\/16\\\/lite-a-fozaso-arrestato-dalla-polizia-27enne-ubriaco\\\/#article\",\"isPartOf\":{\"@id\":\"https:\\\/\\\/www.bellunopress.it\\\/2012\\\/11\\\/16\\\/lite-a-fozaso-arrestato-dalla-polizia-27enne-ubriaco\\\/\"},\"author\":{\"name\":\"redazione\",\"@id\":\"https:\\\/\\\/www.bellunopress.it\\\/#\\\/schema\\\/person\\\/79bb06722b37ece1c03d3e94beb30d73\"},\"headline\":\"Lite a Fonzaso: arrestato dalla Polizia 27enne ubriaco\",\"datePublished\":\"2012-11-16T17:45:35+00:00\",\"dateModified\":\"2012-11-16T20:02:08+00:00\",\"mainEntityOfPage\":{\"@id\":\"https:\\\/\\\/www.bellunopress.it\\\/2012\\\/11\\\/16\\\/lite-a-fozaso-arrestato-dalla-polizia-27enne-ubriaco\\\/\"},\"wordCount\":294,\"publisher\":{\"@id\":\"https:\\\/\\\/www.bellunopress.it\\\/#organization\"},\"image\":{\"@id\":\"https:\\\/\\\/www.bellunopress.it\\\/2012\\\/11\\\/16\\\/lite-a-fozaso-arrestato-dalla-polizia-27enne-ubriaco\\\/#primaryimage\"},\"thumbnailUrl\":\"http:\\\/\\\/www.bellunopress.it\\\/wp-content\\\/uploads\\\/2011\\\/08\\\/polizia-150x113.jpg\",\"articleSection\":[\"Cronaca\\\/Politica\",\"Prima Pagina\"],\"inLanguage\":\"fr-FR\"},{\"@type\":\"WebPage\",\"@id\":\"https:\\\/\\\/www.bellunopress.it\\\/2012\\\/11\\\/16\\\/lite-a-fozaso-arrestato-dalla-polizia-27enne-ubriaco\\\/\",\"url\":\"https:\\\/\\\/www.bellunopress.it\\\/2012\\\/11\\\/16\\\/lite-a-fozaso-arrestato-dalla-polizia-27enne-ubriaco\\\/\",\"name\":\"Lite a Fonzaso: arrestato dalla Polizia 27enne ubriaco - Bellunopress - Dolomiti\",\"isPartOf\":{\"@id\":\"https:\\\/\\\/www.bellunopress.it\\\/#website\"},\"primaryImageOfPage\":{\"@id\":\"https:\\\/\\\/www.bellunopress.it\\\/2012\\\/11\\\/16\\\/lite-a-fozaso-arrestato-dalla-polizia-27enne-ubriaco\\\/#primaryimage\"},\"image\":{\"@id\":\"https:\\\/\\\/www.bellunopress.it\\\/2012\\\/11\\\/16\\\/lite-a-fozaso-arrestato-dalla-polizia-27enne-ubriaco\\\/#primaryimage\"},\"thumbnailUrl\":\"http:\\\/\\\/www.bellunopress.it\\\/wp-content\\\/uploads\\\/2011\\\/08\\\/polizia-150x113.jpg\",\"datePublished\":\"2012-11-16T17:45:35+00:00\",\"dateModified\":\"2012-11-16T20:02:08+00:00\",\"breadcrumb\":{\"@id\":\"https:\\\/\\\/www.bellunopress.it\\\/2012\\\/11\\\/16\\\/lite-a-fozaso-arrestato-dalla-polizia-27enne-ubriaco\\\/#breadcrumb\"},\"inLanguage\":\"fr-FR\",\"potentialAction\":[{\"@type\":\"ReadAction\",\"target\":[\"https:\\\/\\\/www.bellunopress.it\\\/2012\\\/11\\\/16\\\/lite-a-fozaso-arrestato-dalla-polizia-27enne-ubriaco\\\/\"]}]},{\"@type\":\"ImageObject\",\"inLanguage\":\"fr-FR\",\"@id\":\"https:\\\/\\\/www.bellunopress.it\\\/2012\\\/11\\\/16\\\/lite-a-fozaso-arrestato-dalla-polizia-27enne-ubriaco\\\/#primaryimage\",\"url\":\"http:\\\/\\\/www.bellunopress.it\\\/wp-content\\\/uploads\\\/2011\\\/08\\\/polizia-150x113.jpg\",\"contentUrl\":\"http:\\\/\\\/www.bellunopress.it\\\/wp-content\\\/uploads\\\/2011\\\/08\\\/polizia-150x113.jpg\"},{\"@type\":\"BreadcrumbList\",\"@id\":\"https:\\\/\\\/www.bellunopress.it\\\/2012\\\/11\\\/16\\\/lite-a-fozaso-arrestato-dalla-polizia-27enne-ubriaco\\\/#breadcrumb\",\"itemListElement\":[{\"@type\":\"ListItem\",\"position\":1,\"name\":\"Home\",\"item\":\"https:\\\/\\\/www.bellunopress.it\\\/\"},{\"@type\":\"ListItem\",\"position\":2,\"name\":\"Lite a Fonzaso: arrestato dalla Polizia 27enne ubriaco\"}]},{\"@type\":\"WebSite\",\"@id\":\"https:\\\/\\\/www.bellunopress.it\\\/#website\",\"url\":\"https:\\\/\\\/www.bellunopress.it\\\/\",\"name\":\"Bellunopress - Dolomiti\",\"description\":\"e-mail: redazione@bellunopress.it\",\"publisher\":{\"@id\":\"https:\\\/\\\/www.bellunopress.it\\\/#organization\"},\"potentialAction\":[{\"@type\":\"SearchAction\",\"target\":{\"@type\":\"EntryPoint\",\"urlTemplate\":\"https:\\\/\\\/www.bellunopress.it\\\/?s={search_term_string}\"},\"query-input\":{\"@type\":\"PropertyValueSpecification\",\"valueRequired\":true,\"valueName\":\"search_term_string\"}}],\"inLanguage\":\"fr-FR\"},{\"@type\":\"Organization\",\"@id\":\"https:\\\/\\\/www.bellunopress.it\\\/#organization\",\"name\":\"Bellunopress\",\"url\":\"https:\\\/\\\/www.bellunopress.it\\\/\",\"logo\":{\"@type\":\"ImageObject\",\"inLanguage\":\"fr-FR\",\"@id\":\"https:\\\/\\\/www.bellunopress.it\\\/#\\\/schema\\\/logo\\\/image\\\/\",\"url\":\"https:\\\/\\\/www.bellunopress.it\\\/wp-content\\\/uploads\\\/2011\\\/05\\\/cropped-logo-bellunopress-.jpg\",\"contentUrl\":\"https:\\\/\\\/www.bellunopress.it\\\/wp-content\\\/uploads\\\/2011\\\/05\\\/cropped-logo-bellunopress-.jpg\",\"width\":512,\"height\":512,\"caption\":\"Bellunopress\"},\"image\":{\"@id\":\"https:\\\/\\\/www.bellunopress.it\\\/#\\\/schema\\\/logo\\\/image\\\/\"},\"sameAs\":[\"https:\\\/\\\/www.facebook.com\\\/profile.php?id=100008943462799\",\"https:\\\/\\\/x.com\\\/bellunopress\",\"https:\\\/\\\/www.linkedin.com\\\/hp\\\/?dnr=JBzUWaJfMUw8vbXJJ2tVW5-I3jZKvC4wsoxE&amp;amp;amp;amp;amp;amp;trk=nav_responsive_tab_home\",\"https:\\\/\\\/www.youtube.com\\\/channel\\\/UCxL0wu1uN0_3_7hGG0306cw\"]},{\"@type\":\"Person\",\"@id\":\"https:\\\/\\\/www.bellunopress.it\\\/#\\\/schema\\\/person\\\/79bb06722b37ece1c03d3e94beb30d73\",\"name\":\"redazione\",\"image\":{\"@type\":\"ImageObject\",\"inLanguage\":\"fr-FR\",\"@id\":\"https:\\\/\\\/secure.gravatar.com\\\/avatar\\\/37d968a2e67a6fd04c169c4bdef102d0bc5d31b2546345219e348575eb80e9a0?s=96&d=mm&r=g\",\"url\":\"https:\\\/\\\/secure.gravatar.com\\\/avatar\\\/37d968a2e67a6fd04c169c4bdef102d0bc5d31b2546345219e348575eb80e9a0?s=96&d=mm&r=g\",\"contentUrl\":\"https:\\\/\\\/secure.gravatar.com\\\/avatar\\\/37d968a2e67a6fd04c169c4bdef102d0bc5d31b2546345219e348575eb80e9a0?s=96&d=mm&r=g\",\"caption\":\"redazione\"},\"sameAs\":[\"http:\\\/\\\/www.bellunopress.it\",\"https:\\\/\\\/x.com\\\/bellunopress\"],\"url\":\"https:\\\/\\\/www.bellunopress.it\\\/fr\\\/author\\\/redazione\\\/\"}]}<\/script>\n<!-- \/ Yoast SEO plugin. -->","yoast_head_json":{"title":"Lite a Fonzaso: arrestato dalla Polizia 27enne ubriaco  - Bellunopress - Dolomiti","robots":{"index":"index","follow":"follow","max-snippet":"max-snippet:-1","max-image-preview":"max-image-preview:large","max-video-preview":"max-video-preview:-1"},"canonical":"https:\/\/www.bellunopress.it\/fr\/2012\/11\/16\/lite-a-fozaso-arrestato-dalla-polizia-27enne-ubriaco\/","og_locale":"fr_FR","og_type":"article","og_title":"Lite a Fonzaso: arrestato dalla Polizia 27enne ubriaco  - Bellunopress - Dolomiti","og_description":"Nella serata di gioved\u00ec 15 novembre un equipaggio del Distaccamento Polizia Stradale di Feltre \u00e8 intervenuto a seguito della segnalazione, pervenuta alla Sala Operativa di Belluno sul 113, relativa ad una violenta lite che si stava svolgendo all\u2019interno di un\u2019abitazione di Arten, nel Comune di Fonzaso (BL). Giunti sul posto, gli agenti rinvenivano l\u2019arredamento dell\u2019abitazione [&hellip;]","og_url":"https:\/\/www.bellunopress.it\/fr\/2012\/11\/16\/lite-a-fozaso-arrestato-dalla-polizia-27enne-ubriaco\/","og_site_name":"Bellunopress - Dolomiti","article_publisher":"https:\/\/www.facebook.com\/profile.php?id=100008943462799","article_published_time":"2012-11-16T17:45:35+00:00","article_modified_time":"2012-11-16T20:02:08+00:00","og_image":[{"url":"http:\/\/www.bellunopress.it\/wp-content\/uploads\/2011\/08\/polizia-150x113.jpg","type":"","width":"","height":""}],"author":"redazione","twitter_card":"summary_large_image","twitter_creator":"@bellunopress","twitter_site":"@bellunopress","twitter_misc":{"\u00c9crit par":"redazione","Dur\u00e9e de lecture estim\u00e9e":"1 minute"},"schema":{"@context":"https:\/\/schema.org","@graph":[{"@type":"Article","@id":"https:\/\/www.bellunopress.it\/2012\/11\/16\/lite-a-fozaso-arrestato-dalla-polizia-27enne-ubriaco\/#article","isPartOf":{"@id":"https:\/\/www.bellunopress.it\/2012\/11\/16\/lite-a-fozaso-arrestato-dalla-polizia-27enne-ubriaco\/"},"author":{"name":"redazione","@id":"https:\/\/www.bellunopress.it\/#\/schema\/person\/79bb06722b37ece1c03d3e94beb30d73"},"headline":"Lite a Fonzaso: arrestato dalla Polizia 27enne ubriaco","datePublished":"2012-11-16T17:45:35+00:00","dateModified":"2012-11-16T20:02:08+00:00","mainEntityOfPage":{"@id":"https:\/\/www.bellunopress.it\/2012\/11\/16\/lite-a-fozaso-arrestato-dalla-polizia-27enne-ubriaco\/"},"wordCount":294,"publisher":{"@id":"https:\/\/www.bellunopress.it\/#organization"},"image":{"@id":"https:\/\/www.bellunopress.it\/2012\/11\/16\/lite-a-fozaso-arrestato-dalla-polizia-27enne-ubriaco\/#primaryimage"},"thumbnailUrl":"http:\/\/www.bellunopress.it\/wp-content\/uploads\/2011\/08\/polizia-150x113.jpg","articleSection":["Cronaca\/Politica","Prima Pagina"],"inLanguage":"fr-FR"},{"@type":"WebPage","@id":"https:\/\/www.bellunopress.it\/2012\/11\/16\/lite-a-fozaso-arrestato-dalla-polizia-27enne-ubriaco\/","url":"https:\/\/www.bellunopress.it\/2012\/11\/16\/lite-a-fozaso-arrestato-dalla-polizia-27enne-ubriaco\/","name":"Lite a Fonzaso: arrestato dalla Polizia 27enne ubriaco - Bellunopress - Dolomiti","isPartOf":{"@id":"https:\/\/www.bellunopress.it\/#website"},"primaryImageOfPage":{"@id":"https:\/\/www.bellunopress.it\/2012\/11\/16\/lite-a-fozaso-arrestato-dalla-polizia-27enne-ubriaco\/#primaryimage"},"image":{"@id":"https:\/\/www.bellunopress.it\/2012\/11\/16\/lite-a-fozaso-arrestato-dalla-polizia-27enne-ubriaco\/#primaryimage"},"thumbnailUrl":"http:\/\/www.bellunopress.it\/wp-content\/uploads\/2011\/08\/polizia-150x113.jpg","datePublished":"2012-11-16T17:45:35+00:00","dateModified":"2012-11-16T20:02:08+00:00","breadcrumb":{"@id":"https:\/\/www.bellunopress.it\/2012\/11\/16\/lite-a-fozaso-arrestato-dalla-polizia-27enne-ubriaco\/#breadcrumb"},"inLanguage":"fr-FR","potentialAction":[{"@type":"ReadAction","target":["https:\/\/www.bellunopress.it\/2012\/11\/16\/lite-a-fozaso-arrestato-dalla-polizia-27enne-ubriaco\/"]}]},{"@type":"ImageObject","inLanguage":"fr-FR","@id":"https:\/\/www.bellunopress.it\/2012\/11\/16\/lite-a-fozaso-arrestato-dalla-polizia-27enne-ubriaco\/#primaryimage","url":"http:\/\/www.bellunopress.it\/wp-content\/uploads\/2011\/08\/polizia-150x113.jpg","contentUrl":"http:\/\/www.bellunopress.it\/wp-content\/uploads\/2011\/08\/polizia-150x113.jpg"},{"@type":"BreadcrumbList","@id":"https:\/\/www.bellunopress.it\/2012\/11\/16\/lite-a-fozaso-arrestato-dalla-polizia-27enne-ubriaco\/#breadcrumb","itemListElement":[{"@type":"ListItem","position":1,"name":"Home","item":"https:\/\/www.bellunopress.it\/"},{"@type":"ListItem","position":2,"name":"Lite a Fonzaso: arrestato dalla Polizia 27enne ubriaco"}]},{"@type":"WebSite","@id":"https:\/\/www.bellunopress.it\/#website","url":"https:\/\/www.bellunopress.it\/","name":"Bellunopress - Dolomiti","description":"e-mail: redazione@bellunopress.it","publisher":{"@id":"https:\/\/www.bellunopress.it\/#organization"},"potentialAction":[{"@type":"SearchAction","target":{"@type":"EntryPoint","urlTemplate":"https:\/\/www.bellunopress.it\/?s={search_term_string}"},"query-input":{"@type":"PropertyValueSpecification","valueRequired":true,"valueName":"search_term_string"}}],"inLanguage":"fr-FR"},{"@type":"Organization","@id":"https:\/\/www.bellunopress.it\/#organization","name":"Bellunopress","url":"https:\/\/www.bellunopress.it\/","logo":{"@type":"ImageObject","inLanguage":"fr-FR","@id":"https:\/\/www.bellunopress.it\/#\/schema\/logo\/image\/","url":"https:\/\/www.bellunopress.it\/wp-content\/uploads\/2011\/05\/cropped-logo-bellunopress-.jpg","contentUrl":"https:\/\/www.bellunopress.it\/wp-content\/uploads\/2011\/05\/cropped-logo-bellunopress-.jpg","width":512,"height":512,"caption":"Bellunopress"},"image":{"@id":"https:\/\/www.bellunopress.it\/#\/schema\/logo\/image\/"},"sameAs":["https:\/\/www.facebook.com\/profile.php?id=100008943462799","https:\/\/x.com\/bellunopress","https:\/\/www.linkedin.com\/hp\/?dnr=JBzUWaJfMUw8vbXJJ2tVW5-I3jZKvC4wsoxE&amp;amp;amp;amp;amp;amp;trk=nav_responsive_tab_home","https:\/\/www.youtube.com\/channel\/UCxL0wu1uN0_3_7hGG0306cw"]},{"@type":"Person","@id":"https:\/\/www.bellunopress.it\/#\/schema\/person\/79bb06722b37ece1c03d3e94beb30d73","name":"r\u00e9daction","image":{"@type":"ImageObject","inLanguage":"fr-FR","@id":"https:\/\/secure.gravatar.com\/avatar\/37d968a2e67a6fd04c169c4bdef102d0bc5d31b2546345219e348575eb80e9a0?s=96&d=mm&r=g","url":"https:\/\/secure.gravatar.com\/avatar\/37d968a2e67a6fd04c169c4bdef102d0bc5d31b2546345219e348575eb80e9a0?s=96&d=mm&r=g","contentUrl":"https:\/\/secure.gravatar.com\/avatar\/37d968a2e67a6fd04c169c4bdef102d0bc5d31b2546345219e348575eb80e9a0?s=96&d=mm&r=g","caption":"redazione"},"sameAs":["http:\/\/www.bellunopress.it","https:\/\/x.com\/bellunopress"],"url":"https:\/\/www.bellunopress.it\/fr\/author\/redazione\/"}]}},"_links":{"self":[{"href":"https:\/\/www.bellunopress.it\/fr\/wp-json\/wp\/v2\/posts\/43963","targetHints":{"allow":["GET"]}}],"collection":[{"href":"https:\/\/www.bellunopress.it\/fr\/wp-json\/wp\/v2\/posts"}],"about":[{"href":"https:\/\/www.bellunopress.it\/fr\/wp-json\/wp\/v2\/types\/post"}],"author":[{"embeddable":true,"href":"https:\/\/www.bellunopress.it\/fr\/wp-json\/wp\/v2\/users\/2"}],"replies":[{"embeddable":true,"href":"https:\/\/www.bellunopress.it\/fr\/wp-json\/wp\/v2\/comments?post=43963"}],"version-history":[{"count":2,"href":"https:\/\/www.bellunopress.it\/fr\/wp-json\/wp\/v2\/posts\/43963\/revisions"}],"predecessor-version":[{"id":43967,"href":"https:\/\/www.bellunopress.it\/fr\/wp-json\/wp\/v2\/posts\/43963\/revisions\/43967"}],"wp:attachment":[{"href":"https:\/\/www.bellunopress.it\/fr\/wp-json\/wp\/v2\/media?parent=43963"}],"wp:term":[{"taxonomy":"category","embeddable":true,"href":"https:\/\/www.bellunopress.it\/fr\/wp-json\/wp\/v2\/categories?post=43963"},{"taxonomy":"post_tag","embeddable":true,"href":"https:\/\/www.bellunopress.it\/fr\/wp-json\/wp\/v2\/tags?post=43963"}],"curies":[{"name":"wp","href":"https:\/\/api.w.org\/{rel}","templated":true}]}}