{"id":43961,"date":"2012-11-16T18:19:05","date_gmt":"2012-11-16T17:19:05","guid":{"rendered":"http:\/\/www.bellunopress.it\/?p=43961"},"modified":"2012-11-16T18:19:05","modified_gmt":"2012-11-16T17:19:05","slug":"60mila-euro-dalla-regione-per-le-terme-di-valgrande-bond-e-cortelazzo-concentriamoci-sul-rilancio-del-comelico","status":"publish","type":"post","link":"https:\/\/www.bellunopress.it\/fr\/2012\/11\/16\/60mila-euro-dalla-regione-per-le-terme-di-valgrande-bond-e-cortelazzo-concentriamoci-sul-rilancio-del-comelico\/","title":{"rendered":"60mila euro dalla Regione per le Terme di Valgrande. Bond e Cortelazzo: &#8220;concentriamoci sul rilancio del Comelico&#8221;"},"content":{"rendered":"<figure id=\"attachment_34070\" aria-describedby=\"caption-attachment-34070\" style=\"width: 280px\" class=\"wp-caption alignleft\"><a href=\"http:\/\/www.bellunopress.it\/wp-content\/uploads\/2012\/01\/Cortelazzo-Bond.jpg\"><img loading=\"lazy\" decoding=\"async\" class=\"size-full wp-image-34070\" title=\"Cortelazzo Bond\" src=\"http:\/\/www.bellunopress.it\/wp-content\/uploads\/2012\/01\/Cortelazzo-Bond.jpg\" alt=\"\" width=\"280\" height=\"233\" \/><\/a><figcaption id=\"caption-attachment-34070\" class=\"wp-caption-text\">Piergiorgio Cortelazzo e Dario Bond<\/figcaption><\/figure>\n<p>\u201cNon \u00e8 una cifra risolutiva ma \u00e8 un modo per ribadire che la Regione c\u2019\u00e8 e che crede nello sviluppo concreto del Comelico\u201d.<\/p>\n<p>Cos\u00ec il capogruppo del Pdl Dario Bond e il suo vice Piergiorgio Cortelazzo commentano lo stanziamento di 60 mila euro a favore del Comune di Comelico Superiore per la questione delle Terme di Valgrande. \u201cAbbiamo voluto agganciare questo finanziamento al maxi-emendamento all\u2019assestamento di bilancio approvato in Consiglio. Per il Comune si tratta di una boccata d\u2019ossigeno in un momento non facile per le Terme, che \u2013 nonostante tutto \u2013 restano una grande scommessa per la valorizzazione dell\u2019intero territorio\u201d.<\/p>\n<p>Prosegue Bond: \u201cRingrazio gli assessori Maurizio Conte e Remo Sernagiotto che si sono prodigati insieme a noi per inserire questo contributo dopo che lo stesso sindaco di Comelico Superiore Mario Zandonella Necca \u00e8 stato a Venezia per illustrare la situazione. E\u2019 importante che \u2013 nonostante il periodo di estrema difficolt\u00e0 \u2013 si riesca a tenere aperte le Terme e garantire continuit\u00e0 nel servizio\u201d.<\/p>\n<p>\u201cMi auguro che questo primo stanziamento possa essere utile per riprendere in mano la questione delle Terme di Valgrande nella sua interezza. Questa partita deve vederci uniti nel rilancio effettivo della struttura e dei suoi dintorni pur nelle difficolt\u00e0 economiche del momento\u201d, conclude Bond.<\/p>\n<p>&nbsp;<\/p>\n<p>&nbsp;<\/p>","protected":false},"excerpt":{"rendered":"<p>\u201cNon \u00e8 una cifra risolutiva ma \u00e8 un modo per ribadire che la Regione c\u2019\u00e8 e che crede nello sviluppo concreto del Comelico\u201d. Cos\u00ec il capogruppo del Pdl Dario Bond e il suo vice Piergiorgio Cortelazzo commentano lo stanziamento di 60 mila euro a favore del Comune di Comelico Superiore per la questione delle Terme [&hellip;]<\/p>\n","protected":false},"author":2,"featured_media":0,"comment_status":"closed","ping_status":"open","sticky":false,"template":"","format":"standard","meta":{"footnotes":""},"categories":[5,26],"tags":[],"class_list":["post-43961","post","type-post","status-publish","format-standard","category-cronaca","category-prima-pagina"],"yoast_head":"<!-- This site is optimized with the Yoast SEO plugin v28.4 - https:\/\/yoast.com\/product\/yoast-seo-wordpress\/ -->\n<title>60mila euro dalla Regione per le Terme di Valgrande. Bond e Cortelazzo: &quot;concentriamoci sul rilancio del Comelico&quot; - Bellunopress - Dolomiti<\/title>\n<meta name=\"robots\" content=\"index, follow, max-snippet:-1, max-image-preview:large, max-video-preview:-1\" \/>\n<link rel=\"canonical\" href=\"https:\/\/www.bellunopress.it\/fr\/2012\/11\/16\/60mila-euro-dalla-regione-per-le-terme-di-valgrande-bond-e-cortelazzo-concentriamoci-sul-rilancio-del-comelico\/\" \/>\n<meta property=\"og:locale\" content=\"fr_FR\" \/>\n<meta property=\"og:type\" content=\"article\" \/>\n<meta property=\"og:title\" content=\"60mila euro dalla Regione per le Terme di Valgrande. Bond e Cortelazzo: &quot;concentriamoci sul rilancio del Comelico&quot; - Bellunopress - Dolomiti\" \/>\n<meta property=\"og:description\" content=\"\u201cNon \u00e8 una cifra risolutiva ma \u00e8 un modo per ribadire che la Regione c\u2019\u00e8 e che crede nello sviluppo concreto del Comelico\u201d. Cos\u00ec il capogruppo del Pdl Dario Bond e il suo vice Piergiorgio Cortelazzo commentano lo stanziamento di 60 mila euro a favore del Comune di Comelico Superiore per la questione delle Terme [&hellip;]\" \/>\n<meta property=\"og:url\" content=\"https:\/\/www.bellunopress.it\/fr\/2012\/11\/16\/60mila-euro-dalla-regione-per-le-terme-di-valgrande-bond-e-cortelazzo-concentriamoci-sul-rilancio-del-comelico\/\" \/>\n<meta property=\"og:site_name\" content=\"Bellunopress - Dolomiti\" \/>\n<meta property=\"article:publisher\" content=\"https:\/\/www.facebook.com\/profile.php?id=100008943462799\" \/>\n<meta property=\"article:published_time\" content=\"2012-11-16T17:19:05+00:00\" \/>\n<meta property=\"og:image\" content=\"http:\/\/www.bellunopress.it\/wp-content\/uploads\/2012\/01\/Cortelazzo-Bond.jpg\" \/>\n<meta name=\"author\" content=\"redazione\" \/>\n<meta name=\"twitter:card\" content=\"summary_large_image\" \/>\n<meta name=\"twitter:creator\" content=\"@bellunopress\" \/>\n<meta name=\"twitter:site\" content=\"@bellunopress\" \/>\n<meta name=\"twitter:label1\" content=\"\u00c9crit par\" \/>\n\t<meta name=\"twitter:data1\" content=\"redazione\" \/>\n\t<meta name=\"twitter:label2\" content=\"Dur\u00e9e de lecture estim\u00e9e\" \/>\n\t<meta name=\"twitter:data2\" content=\"1 minute\" \/>\n<script type=\"application\/ld+json\" class=\"yoast-schema-graph\">{\"@context\":\"https:\\\/\\\/schema.org\",\"@graph\":[{\"@type\":\"Article\",\"@id\":\"https:\\\/\\\/www.bellunopress.it\\\/2012\\\/11\\\/16\\\/60mila-euro-dalla-regione-per-le-terme-di-valgrande-bond-e-cortelazzo-concentriamoci-sul-rilancio-del-comelico\\\/#article\",\"isPartOf\":{\"@id\":\"https:\\\/\\\/www.bellunopress.it\\\/2012\\\/11\\\/16\\\/60mila-euro-dalla-regione-per-le-terme-di-valgrande-bond-e-cortelazzo-concentriamoci-sul-rilancio-del-comelico\\\/\"},\"author\":{\"name\":\"redazione\",\"@id\":\"https:\\\/\\\/www.bellunopress.it\\\/#\\\/schema\\\/person\\\/79bb06722b37ece1c03d3e94beb30d73\"},\"headline\":\"60mila euro dalla Regione per le Terme di Valgrande. Bond e Cortelazzo: &#8220;concentriamoci sul rilancio del Comelico&#8221;\",\"datePublished\":\"2012-11-16T17:19:05+00:00\",\"mainEntityOfPage\":{\"@id\":\"https:\\\/\\\/www.bellunopress.it\\\/2012\\\/11\\\/16\\\/60mila-euro-dalla-regione-per-le-terme-di-valgrande-bond-e-cortelazzo-concentriamoci-sul-rilancio-del-comelico\\\/\"},\"wordCount\":234,\"publisher\":{\"@id\":\"https:\\\/\\\/www.bellunopress.it\\\/#organization\"},\"image\":{\"@id\":\"https:\\\/\\\/www.bellunopress.it\\\/2012\\\/11\\\/16\\\/60mila-euro-dalla-regione-per-le-terme-di-valgrande-bond-e-cortelazzo-concentriamoci-sul-rilancio-del-comelico\\\/#primaryimage\"},\"thumbnailUrl\":\"http:\\\/\\\/www.bellunopress.it\\\/wp-content\\\/uploads\\\/2012\\\/01\\\/Cortelazzo-Bond.jpg\",\"articleSection\":[\"Cronaca\\\/Politica\",\"Prima Pagina\"],\"inLanguage\":\"fr-FR\"},{\"@type\":\"WebPage\",\"@id\":\"https:\\\/\\\/www.bellunopress.it\\\/2012\\\/11\\\/16\\\/60mila-euro-dalla-regione-per-le-terme-di-valgrande-bond-e-cortelazzo-concentriamoci-sul-rilancio-del-comelico\\\/\",\"url\":\"https:\\\/\\\/www.bellunopress.it\\\/2012\\\/11\\\/16\\\/60mila-euro-dalla-regione-per-le-terme-di-valgrande-bond-e-cortelazzo-concentriamoci-sul-rilancio-del-comelico\\\/\",\"name\":\"60mila euro dalla Regione per le Terme di Valgrande. Bond e Cortelazzo: \\\"concentriamoci sul rilancio del Comelico\\\" - Bellunopress - Dolomiti\",\"isPartOf\":{\"@id\":\"https:\\\/\\\/www.bellunopress.it\\\/#website\"},\"primaryImageOfPage\":{\"@id\":\"https:\\\/\\\/www.bellunopress.it\\\/2012\\\/11\\\/16\\\/60mila-euro-dalla-regione-per-le-terme-di-valgrande-bond-e-cortelazzo-concentriamoci-sul-rilancio-del-comelico\\\/#primaryimage\"},\"image\":{\"@id\":\"https:\\\/\\\/www.bellunopress.it\\\/2012\\\/11\\\/16\\\/60mila-euro-dalla-regione-per-le-terme-di-valgrande-bond-e-cortelazzo-concentriamoci-sul-rilancio-del-comelico\\\/#primaryimage\"},\"thumbnailUrl\":\"http:\\\/\\\/www.bellunopress.it\\\/wp-content\\\/uploads\\\/2012\\\/01\\\/Cortelazzo-Bond.jpg\",\"datePublished\":\"2012-11-16T17:19:05+00:00\",\"breadcrumb\":{\"@id\":\"https:\\\/\\\/www.bellunopress.it\\\/2012\\\/11\\\/16\\\/60mila-euro-dalla-regione-per-le-terme-di-valgrande-bond-e-cortelazzo-concentriamoci-sul-rilancio-del-comelico\\\/#breadcrumb\"},\"inLanguage\":\"fr-FR\",\"potentialAction\":[{\"@type\":\"ReadAction\",\"target\":[\"https:\\\/\\\/www.bellunopress.it\\\/2012\\\/11\\\/16\\\/60mila-euro-dalla-regione-per-le-terme-di-valgrande-bond-e-cortelazzo-concentriamoci-sul-rilancio-del-comelico\\\/\"]}]},{\"@type\":\"ImageObject\",\"inLanguage\":\"fr-FR\",\"@id\":\"https:\\\/\\\/www.bellunopress.it\\\/2012\\\/11\\\/16\\\/60mila-euro-dalla-regione-per-le-terme-di-valgrande-bond-e-cortelazzo-concentriamoci-sul-rilancio-del-comelico\\\/#primaryimage\",\"url\":\"http:\\\/\\\/www.bellunopress.it\\\/wp-content\\\/uploads\\\/2012\\\/01\\\/Cortelazzo-Bond.jpg\",\"contentUrl\":\"http:\\\/\\\/www.bellunopress.it\\\/wp-content\\\/uploads\\\/2012\\\/01\\\/Cortelazzo-Bond.jpg\"},{\"@type\":\"BreadcrumbList\",\"@id\":\"https:\\\/\\\/www.bellunopress.it\\\/2012\\\/11\\\/16\\\/60mila-euro-dalla-regione-per-le-terme-di-valgrande-bond-e-cortelazzo-concentriamoci-sul-rilancio-del-comelico\\\/#breadcrumb\",\"itemListElement\":[{\"@type\":\"ListItem\",\"position\":1,\"name\":\"Home\",\"item\":\"https:\\\/\\\/www.bellunopress.it\\\/\"},{\"@type\":\"ListItem\",\"position\":2,\"name\":\"60mila euro dalla Regione per le Terme di Valgrande. Bond e Cortelazzo: &#8220;concentriamoci sul rilancio del Comelico&#8221;\"}]},{\"@type\":\"WebSite\",\"@id\":\"https:\\\/\\\/www.bellunopress.it\\\/#website\",\"url\":\"https:\\\/\\\/www.bellunopress.it\\\/\",\"name\":\"Bellunopress - Dolomiti\",\"description\":\"e-mail: redazione@bellunopress.it\",\"publisher\":{\"@id\":\"https:\\\/\\\/www.bellunopress.it\\\/#organization\"},\"potentialAction\":[{\"@type\":\"SearchAction\",\"target\":{\"@type\":\"EntryPoint\",\"urlTemplate\":\"https:\\\/\\\/www.bellunopress.it\\\/?s={search_term_string}\"},\"query-input\":{\"@type\":\"PropertyValueSpecification\",\"valueRequired\":true,\"valueName\":\"search_term_string\"}}],\"inLanguage\":\"fr-FR\"},{\"@type\":\"Organization\",\"@id\":\"https:\\\/\\\/www.bellunopress.it\\\/#organization\",\"name\":\"Bellunopress\",\"url\":\"https:\\\/\\\/www.bellunopress.it\\\/\",\"logo\":{\"@type\":\"ImageObject\",\"inLanguage\":\"fr-FR\",\"@id\":\"https:\\\/\\\/www.bellunopress.it\\\/#\\\/schema\\\/logo\\\/image\\\/\",\"url\":\"https:\\\/\\\/www.bellunopress.it\\\/wp-content\\\/uploads\\\/2011\\\/05\\\/cropped-logo-bellunopress-.jpg\",\"contentUrl\":\"https:\\\/\\\/www.bellunopress.it\\\/wp-content\\\/uploads\\\/2011\\\/05\\\/cropped-logo-bellunopress-.jpg\",\"width\":512,\"height\":512,\"caption\":\"Bellunopress\"},\"image\":{\"@id\":\"https:\\\/\\\/www.bellunopress.it\\\/#\\\/schema\\\/logo\\\/image\\\/\"},\"sameAs\":[\"https:\\\/\\\/www.facebook.com\\\/profile.php?id=100008943462799\",\"https:\\\/\\\/x.com\\\/bellunopress\",\"https:\\\/\\\/www.linkedin.com\\\/hp\\\/?dnr=JBzUWaJfMUw8vbXJJ2tVW5-I3jZKvC4wsoxE&amp;amp;amp;amp;amp;amp;trk=nav_responsive_tab_home\",\"https:\\\/\\\/www.youtube.com\\\/channel\\\/UCxL0wu1uN0_3_7hGG0306cw\"]},{\"@type\":\"Person\",\"@id\":\"https:\\\/\\\/www.bellunopress.it\\\/#\\\/schema\\\/person\\\/79bb06722b37ece1c03d3e94beb30d73\",\"name\":\"redazione\",\"image\":{\"@type\":\"ImageObject\",\"inLanguage\":\"fr-FR\",\"@id\":\"https:\\\/\\\/secure.gravatar.com\\\/avatar\\\/37d968a2e67a6fd04c169c4bdef102d0bc5d31b2546345219e348575eb80e9a0?s=96&d=mm&r=g\",\"url\":\"https:\\\/\\\/secure.gravatar.com\\\/avatar\\\/37d968a2e67a6fd04c169c4bdef102d0bc5d31b2546345219e348575eb80e9a0?s=96&d=mm&r=g\",\"contentUrl\":\"https:\\\/\\\/secure.gravatar.com\\\/avatar\\\/37d968a2e67a6fd04c169c4bdef102d0bc5d31b2546345219e348575eb80e9a0?s=96&d=mm&r=g\",\"caption\":\"redazione\"},\"sameAs\":[\"http:\\\/\\\/www.bellunopress.it\",\"https:\\\/\\\/x.com\\\/bellunopress\"],\"url\":\"https:\\\/\\\/www.bellunopress.it\\\/fr\\\/author\\\/redazione\\\/\"}]}<\/script>\n<!-- \/ Yoast SEO plugin. -->","yoast_head_json":{"title":"60mila euro dalla Regione per le Terme di Valgrande. Bond e Cortelazzo: \"concentriamoci sul rilancio del Comelico\" - Bellunopress - Dolomiti","robots":{"index":"index","follow":"follow","max-snippet":"max-snippet:-1","max-image-preview":"max-image-preview:large","max-video-preview":"max-video-preview:-1"},"canonical":"https:\/\/www.bellunopress.it\/fr\/2012\/11\/16\/60mila-euro-dalla-regione-per-le-terme-di-valgrande-bond-e-cortelazzo-concentriamoci-sul-rilancio-del-comelico\/","og_locale":"fr_FR","og_type":"article","og_title":"60mila euro dalla Regione per le Terme di Valgrande. Bond e Cortelazzo: \"concentriamoci sul rilancio del Comelico\" - Bellunopress - Dolomiti","og_description":"\u201cNon \u00e8 una cifra risolutiva ma \u00e8 un modo per ribadire che la Regione c\u2019\u00e8 e che crede nello sviluppo concreto del Comelico\u201d. Cos\u00ec il capogruppo del Pdl Dario Bond e il suo vice Piergiorgio Cortelazzo commentano lo stanziamento di 60 mila euro a favore del Comune di Comelico Superiore per la questione delle Terme [&hellip;]","og_url":"https:\/\/www.bellunopress.it\/fr\/2012\/11\/16\/60mila-euro-dalla-regione-per-le-terme-di-valgrande-bond-e-cortelazzo-concentriamoci-sul-rilancio-del-comelico\/","og_site_name":"Bellunopress - Dolomiti","article_publisher":"https:\/\/www.facebook.com\/profile.php?id=100008943462799","article_published_time":"2012-11-16T17:19:05+00:00","og_image":[{"url":"http:\/\/www.bellunopress.it\/wp-content\/uploads\/2012\/01\/Cortelazzo-Bond.jpg","type":"","width":"","height":""}],"author":"redazione","twitter_card":"summary_large_image","twitter_creator":"@bellunopress","twitter_site":"@bellunopress","twitter_misc":{"\u00c9crit par":"redazione","Dur\u00e9e de lecture estim\u00e9e":"1 minute"},"schema":{"@context":"https:\/\/schema.org","@graph":[{"@type":"Article","@id":"https:\/\/www.bellunopress.it\/2012\/11\/16\/60mila-euro-dalla-regione-per-le-terme-di-valgrande-bond-e-cortelazzo-concentriamoci-sul-rilancio-del-comelico\/#article","isPartOf":{"@id":"https:\/\/www.bellunopress.it\/2012\/11\/16\/60mila-euro-dalla-regione-per-le-terme-di-valgrande-bond-e-cortelazzo-concentriamoci-sul-rilancio-del-comelico\/"},"author":{"name":"redazione","@id":"https:\/\/www.bellunopress.it\/#\/schema\/person\/79bb06722b37ece1c03d3e94beb30d73"},"headline":"60mila euro dalla Regione per le Terme di Valgrande. Bond e Cortelazzo: &#8220;concentriamoci sul rilancio del Comelico&#8221;","datePublished":"2012-11-16T17:19:05+00:00","mainEntityOfPage":{"@id":"https:\/\/www.bellunopress.it\/2012\/11\/16\/60mila-euro-dalla-regione-per-le-terme-di-valgrande-bond-e-cortelazzo-concentriamoci-sul-rilancio-del-comelico\/"},"wordCount":234,"publisher":{"@id":"https:\/\/www.bellunopress.it\/#organization"},"image":{"@id":"https:\/\/www.bellunopress.it\/2012\/11\/16\/60mila-euro-dalla-regione-per-le-terme-di-valgrande-bond-e-cortelazzo-concentriamoci-sul-rilancio-del-comelico\/#primaryimage"},"thumbnailUrl":"http:\/\/www.bellunopress.it\/wp-content\/uploads\/2012\/01\/Cortelazzo-Bond.jpg","articleSection":["Cronaca\/Politica","Prima Pagina"],"inLanguage":"fr-FR"},{"@type":"WebPage","@id":"https:\/\/www.bellunopress.it\/2012\/11\/16\/60mila-euro-dalla-regione-per-le-terme-di-valgrande-bond-e-cortelazzo-concentriamoci-sul-rilancio-del-comelico\/","url":"https:\/\/www.bellunopress.it\/2012\/11\/16\/60mila-euro-dalla-regione-per-le-terme-di-valgrande-bond-e-cortelazzo-concentriamoci-sul-rilancio-del-comelico\/","name":"60mila euro dalla Regione per le Terme di Valgrande. Bond e Cortelazzo: \"concentriamoci sul rilancio del Comelico\" - Bellunopress - Dolomiti","isPartOf":{"@id":"https:\/\/www.bellunopress.it\/#website"},"primaryImageOfPage":{"@id":"https:\/\/www.bellunopress.it\/2012\/11\/16\/60mila-euro-dalla-regione-per-le-terme-di-valgrande-bond-e-cortelazzo-concentriamoci-sul-rilancio-del-comelico\/#primaryimage"},"image":{"@id":"https:\/\/www.bellunopress.it\/2012\/11\/16\/60mila-euro-dalla-regione-per-le-terme-di-valgrande-bond-e-cortelazzo-concentriamoci-sul-rilancio-del-comelico\/#primaryimage"},"thumbnailUrl":"http:\/\/www.bellunopress.it\/wp-content\/uploads\/2012\/01\/Cortelazzo-Bond.jpg","datePublished":"2012-11-16T17:19:05+00:00","breadcrumb":{"@id":"https:\/\/www.bellunopress.it\/2012\/11\/16\/60mila-euro-dalla-regione-per-le-terme-di-valgrande-bond-e-cortelazzo-concentriamoci-sul-rilancio-del-comelico\/#breadcrumb"},"inLanguage":"fr-FR","potentialAction":[{"@type":"ReadAction","target":["https:\/\/www.bellunopress.it\/2012\/11\/16\/60mila-euro-dalla-regione-per-le-terme-di-valgrande-bond-e-cortelazzo-concentriamoci-sul-rilancio-del-comelico\/"]}]},{"@type":"ImageObject","inLanguage":"fr-FR","@id":"https:\/\/www.bellunopress.it\/2012\/11\/16\/60mila-euro-dalla-regione-per-le-terme-di-valgrande-bond-e-cortelazzo-concentriamoci-sul-rilancio-del-comelico\/#primaryimage","url":"http:\/\/www.bellunopress.it\/wp-content\/uploads\/2012\/01\/Cortelazzo-Bond.jpg","contentUrl":"http:\/\/www.bellunopress.it\/wp-content\/uploads\/2012\/01\/Cortelazzo-Bond.jpg"},{"@type":"BreadcrumbList","@id":"https:\/\/www.bellunopress.it\/2012\/11\/16\/60mila-euro-dalla-regione-per-le-terme-di-valgrande-bond-e-cortelazzo-concentriamoci-sul-rilancio-del-comelico\/#breadcrumb","itemListElement":[{"@type":"ListItem","position":1,"name":"Home","item":"https:\/\/www.bellunopress.it\/"},{"@type":"ListItem","position":2,"name":"60mila euro dalla Regione per le Terme di Valgrande. Bond e Cortelazzo: &#8220;concentriamoci sul rilancio del Comelico&#8221;"}]},{"@type":"WebSite","@id":"https:\/\/www.bellunopress.it\/#website","url":"https:\/\/www.bellunopress.it\/","name":"Bellunopress - Dolomiti","description":"e-mail: redazione@bellunopress.it","publisher":{"@id":"https:\/\/www.bellunopress.it\/#organization"},"potentialAction":[{"@type":"SearchAction","target":{"@type":"EntryPoint","urlTemplate":"https:\/\/www.bellunopress.it\/?s={search_term_string}"},"query-input":{"@type":"PropertyValueSpecification","valueRequired":true,"valueName":"search_term_string"}}],"inLanguage":"fr-FR"},{"@type":"Organization","@id":"https:\/\/www.bellunopress.it\/#organization","name":"Bellunopress","url":"https:\/\/www.bellunopress.it\/","logo":{"@type":"ImageObject","inLanguage":"fr-FR","@id":"https:\/\/www.bellunopress.it\/#\/schema\/logo\/image\/","url":"https:\/\/www.bellunopress.it\/wp-content\/uploads\/2011\/05\/cropped-logo-bellunopress-.jpg","contentUrl":"https:\/\/www.bellunopress.it\/wp-content\/uploads\/2011\/05\/cropped-logo-bellunopress-.jpg","width":512,"height":512,"caption":"Bellunopress"},"image":{"@id":"https:\/\/www.bellunopress.it\/#\/schema\/logo\/image\/"},"sameAs":["https:\/\/www.facebook.com\/profile.php?id=100008943462799","https:\/\/x.com\/bellunopress","https:\/\/www.linkedin.com\/hp\/?dnr=JBzUWaJfMUw8vbXJJ2tVW5-I3jZKvC4wsoxE&amp;amp;amp;amp;amp;amp;trk=nav_responsive_tab_home","https:\/\/www.youtube.com\/channel\/UCxL0wu1uN0_3_7hGG0306cw"]},{"@type":"Person","@id":"https:\/\/www.bellunopress.it\/#\/schema\/person\/79bb06722b37ece1c03d3e94beb30d73","name":"r\u00e9daction","image":{"@type":"ImageObject","inLanguage":"fr-FR","@id":"https:\/\/secure.gravatar.com\/avatar\/37d968a2e67a6fd04c169c4bdef102d0bc5d31b2546345219e348575eb80e9a0?s=96&d=mm&r=g","url":"https:\/\/secure.gravatar.com\/avatar\/37d968a2e67a6fd04c169c4bdef102d0bc5d31b2546345219e348575eb80e9a0?s=96&d=mm&r=g","contentUrl":"https:\/\/secure.gravatar.com\/avatar\/37d968a2e67a6fd04c169c4bdef102d0bc5d31b2546345219e348575eb80e9a0?s=96&d=mm&r=g","caption":"redazione"},"sameAs":["http:\/\/www.bellunopress.it","https:\/\/x.com\/bellunopress"],"url":"https:\/\/www.bellunopress.it\/fr\/author\/redazione\/"}]}},"_links":{"self":[{"href":"https:\/\/www.bellunopress.it\/fr\/wp-json\/wp\/v2\/posts\/43961","targetHints":{"allow":["GET"]}}],"collection":[{"href":"https:\/\/www.bellunopress.it\/fr\/wp-json\/wp\/v2\/posts"}],"about":[{"href":"https:\/\/www.bellunopress.it\/fr\/wp-json\/wp\/v2\/types\/post"}],"author":[{"embeddable":true,"href":"https:\/\/www.bellunopress.it\/fr\/wp-json\/wp\/v2\/users\/2"}],"replies":[{"embeddable":true,"href":"https:\/\/www.bellunopress.it\/fr\/wp-json\/wp\/v2\/comments?post=43961"}],"version-history":[{"count":1,"href":"https:\/\/www.bellunopress.it\/fr\/wp-json\/wp\/v2\/posts\/43961\/revisions"}],"predecessor-version":[{"id":43962,"href":"https:\/\/www.bellunopress.it\/fr\/wp-json\/wp\/v2\/posts\/43961\/revisions\/43962"}],"wp:attachment":[{"href":"https:\/\/www.bellunopress.it\/fr\/wp-json\/wp\/v2\/media?parent=43961"}],"wp:term":[{"taxonomy":"category","embeddable":true,"href":"https:\/\/www.bellunopress.it\/fr\/wp-json\/wp\/v2\/categories?post=43961"},{"taxonomy":"post_tag","embeddable":true,"href":"https:\/\/www.bellunopress.it\/fr\/wp-json\/wp\/v2\/tags?post=43961"}],"curies":[{"name":"wp","href":"https:\/\/api.w.org\/{rel}","templated":true}]}}