{"id":43957,"date":"2012-11-16T18:02:55","date_gmt":"2012-11-16T17:02:55","guid":{"rendered":"http:\/\/www.bellunopress.it\/?p=43957"},"modified":"2012-11-16T18:02:55","modified_gmt":"2012-11-16T17:02:55","slug":"due-milioni-di-euro-per-lalluvione-di-san-martino-bond-priorita-a-belluno","status":"publish","type":"post","link":"https:\/\/www.bellunopress.it\/fr\/2012\/11\/16\/due-milioni-di-euro-per-lalluvione-di-san-martino-bond-priorita-a-belluno\/","title":{"rendered":"Due milioni di euro per l&#8217;alluvione di San Martino. Bond: &#8220;Priorit\u00e0 a Belluno&#8221;"},"content":{"rendered":"<figure id=\"attachment_28906\" aria-describedby=\"caption-attachment-28906\" style=\"width: 249px\" class=\"wp-caption alignleft\"><a href=\"http:\/\/www.bellunopress.it\/wp-content\/uploads\/2011\/07\/dario-bond-280x240.jpg\"><img loading=\"lazy\" decoding=\"async\" class=\"size-full wp-image-28906\" title=\"dario bond 280x240\" src=\"http:\/\/www.bellunopress.it\/wp-content\/uploads\/2011\/07\/dario-bond-280x240.jpg\" alt=\"\" width=\"249\" height=\"280\" \/><\/a><figcaption id=\"caption-attachment-28906\" class=\"wp-caption-text\">Dario Bond consigliere regionale Pdl<\/figcaption><\/figure>\n<p>\u201cDei due milioni e quaranta mila euro stanziati per coprire i primi danni del maltempo, buona parte andranno al Bellunese, che \u2013 ricordo \u2013 \u00e8 stata una delle aree pi\u00f9 colpite del Veneto accanto alla Marca\u201d.<\/p>\n<p>A dirlo \u00e8 il consigliere regionale Dario Bond, promotore dell\u2019inserimento nell\u2019assestamento di bilancio 2012 del contributo a favore dei pronti intervento azionabili sul territorio a seguito dei danni provocati dal maltempo nello scorso fine settimana.<\/p>\n<p>\u201cLe risorse saranno prelevate dal fondo di riserva per le spese impreviste, fondo che ho chiesto di implementare con un milione di euro. Una iniezione che consentir\u00e0 l\u2019avvio dei cantieri prioritari\u201d, spiega il capogruppo del Popolo della Libert\u00e0.<\/p>\n<p>\u201cI soldi andranno direttamente ai Geni Civili che potranno cos\u00ec iniziare i lavori in via di urgenza. La situazione pi\u00f9 complicata \u00e8 a Belluno e nell\u2019Alta Marca. E\u2019 inevitabile che buona parte delle risorse dovranno arrivare in questi territori\u201d.<\/p>\n<p>Altro capitolo sono le strade: \u201cIn questo caso, mi auguro che la giunta si prenda un impegno analogo con Veneto Strade e riesca a trovare le risorse per gli interventi pi\u00f9 importanti. In questo momento servono delle risposte tempestive anche perch\u00e9 alcune situazioni devono essere sanate prima della brutta stagione altrimenti il rischio \u00e8 che le cose peggiorino con un aumento di spesa\u201d.<\/p>\n<p>Lo stesso Bond, luned\u00ec scorso, era stato protagonista di una serie di incontri e sopralluoghi sul territorio accanto a Nicola Salvatore, dirigente del Genio Civile di Belluno, e a i vertici di Veneto Strade, in particolare l\u2019ad Silvano Vernizzi e il responsabile bellunese Sandro D\u2019Agostini.<\/p>\n<p>&nbsp;<\/p>\n<p>&nbsp;<\/p>\n<p>&nbsp;<\/p>\n<p>&nbsp;<\/p>","protected":false},"excerpt":{"rendered":"<p>\u201cDei due milioni e quaranta mila euro stanziati per coprire i primi danni del maltempo, buona parte andranno al Bellunese, che \u2013 ricordo \u2013 \u00e8 stata una delle aree pi\u00f9 colpite del Veneto accanto alla Marca\u201d. A dirlo \u00e8 il consigliere regionale Dario Bond, promotore dell\u2019inserimento nell\u2019assestamento di bilancio 2012 del contributo a favore dei [&hellip;]<\/p>\n","protected":false},"author":2,"featured_media":0,"comment_status":"closed","ping_status":"open","sticky":false,"template":"","format":"standard","meta":{"footnotes":""},"categories":[1],"tags":[],"class_list":["post-43957","post","type-post","status-publish","format-standard","category-leo"],"yoast_head":"<!-- This site is optimized with the Yoast SEO plugin v28.4 - https:\/\/yoast.com\/product\/yoast-seo-wordpress\/ -->\n<title>Due milioni di euro per l&#039;alluvione di San Martino. Bond: &quot;Priorit\u00e0 a Belluno&quot; - Bellunopress - Dolomiti<\/title>\n<meta name=\"robots\" content=\"index, follow, max-snippet:-1, max-image-preview:large, max-video-preview:-1\" \/>\n<link rel=\"canonical\" href=\"https:\/\/www.bellunopress.it\/fr\/2012\/11\/16\/due-milioni-di-euro-per-lalluvione-di-san-martino-bond-priorita-a-belluno\/\" \/>\n<meta property=\"og:locale\" content=\"fr_FR\" \/>\n<meta property=\"og:type\" content=\"article\" \/>\n<meta property=\"og:title\" content=\"Due milioni di euro per l&#039;alluvione di San Martino. Bond: &quot;Priorit\u00e0 a Belluno&quot; - Bellunopress - Dolomiti\" \/>\n<meta property=\"og:description\" content=\"\u201cDei due milioni e quaranta mila euro stanziati per coprire i primi danni del maltempo, buona parte andranno al Bellunese, che \u2013 ricordo \u2013 \u00e8 stata una delle aree pi\u00f9 colpite del Veneto accanto alla Marca\u201d. A dirlo \u00e8 il consigliere regionale Dario Bond, promotore dell\u2019inserimento nell\u2019assestamento di bilancio 2012 del contributo a favore dei [&hellip;]\" \/>\n<meta property=\"og:url\" content=\"https:\/\/www.bellunopress.it\/fr\/2012\/11\/16\/due-milioni-di-euro-per-lalluvione-di-san-martino-bond-priorita-a-belluno\/\" \/>\n<meta property=\"og:site_name\" content=\"Bellunopress - Dolomiti\" \/>\n<meta property=\"article:publisher\" content=\"https:\/\/www.facebook.com\/profile.php?id=100008943462799\" \/>\n<meta property=\"article:published_time\" content=\"2012-11-16T17:02:55+00:00\" \/>\n<meta property=\"og:image\" content=\"http:\/\/www.bellunopress.it\/wp-content\/uploads\/2011\/07\/dario-bond-280x240.jpg\" \/>\n<meta name=\"author\" content=\"redazione\" \/>\n<meta name=\"twitter:card\" content=\"summary_large_image\" \/>\n<meta name=\"twitter:creator\" content=\"@bellunopress\" \/>\n<meta name=\"twitter:site\" content=\"@bellunopress\" \/>\n<meta name=\"twitter:label1\" content=\"\u00c9crit par\" \/>\n\t<meta name=\"twitter:data1\" content=\"redazione\" \/>\n\t<meta name=\"twitter:label2\" content=\"Dur\u00e9e de lecture estim\u00e9e\" \/>\n\t<meta name=\"twitter:data2\" content=\"1 minute\" \/>\n<script type=\"application\/ld+json\" class=\"yoast-schema-graph\">{\"@context\":\"https:\\\/\\\/schema.org\",\"@graph\":[{\"@type\":\"Article\",\"@id\":\"https:\\\/\\\/www.bellunopress.it\\\/2012\\\/11\\\/16\\\/due-milioni-di-euro-per-lalluvione-di-san-martino-bond-priorita-a-belluno\\\/#article\",\"isPartOf\":{\"@id\":\"https:\\\/\\\/www.bellunopress.it\\\/2012\\\/11\\\/16\\\/due-milioni-di-euro-per-lalluvione-di-san-martino-bond-priorita-a-belluno\\\/\"},\"author\":{\"name\":\"redazione\",\"@id\":\"https:\\\/\\\/www.bellunopress.it\\\/#\\\/schema\\\/person\\\/79bb06722b37ece1c03d3e94beb30d73\"},\"headline\":\"Due milioni di euro per l&#8217;alluvione di San Martino. Bond: &#8220;Priorit\u00e0 a Belluno&#8221;\",\"datePublished\":\"2012-11-16T17:02:55+00:00\",\"mainEntityOfPage\":{\"@id\":\"https:\\\/\\\/www.bellunopress.it\\\/2012\\\/11\\\/16\\\/due-milioni-di-euro-per-lalluvione-di-san-martino-bond-priorita-a-belluno\\\/\"},\"wordCount\":285,\"publisher\":{\"@id\":\"https:\\\/\\\/www.bellunopress.it\\\/#organization\"},\"image\":{\"@id\":\"https:\\\/\\\/www.bellunopress.it\\\/2012\\\/11\\\/16\\\/due-milioni-di-euro-per-lalluvione-di-san-martino-bond-priorita-a-belluno\\\/#primaryimage\"},\"thumbnailUrl\":\"http:\\\/\\\/www.bellunopress.it\\\/wp-content\\\/uploads\\\/2011\\\/07\\\/dario-bond-280x240.jpg\",\"articleSection\":[\"Lettere Opinioni\"],\"inLanguage\":\"fr-FR\"},{\"@type\":\"WebPage\",\"@id\":\"https:\\\/\\\/www.bellunopress.it\\\/2012\\\/11\\\/16\\\/due-milioni-di-euro-per-lalluvione-di-san-martino-bond-priorita-a-belluno\\\/\",\"url\":\"https:\\\/\\\/www.bellunopress.it\\\/2012\\\/11\\\/16\\\/due-milioni-di-euro-per-lalluvione-di-san-martino-bond-priorita-a-belluno\\\/\",\"name\":\"Due milioni di euro per l'alluvione di San Martino. Bond: \\\"Priorit\u00e0 a Belluno\\\" - Bellunopress - Dolomiti\",\"isPartOf\":{\"@id\":\"https:\\\/\\\/www.bellunopress.it\\\/#website\"},\"primaryImageOfPage\":{\"@id\":\"https:\\\/\\\/www.bellunopress.it\\\/2012\\\/11\\\/16\\\/due-milioni-di-euro-per-lalluvione-di-san-martino-bond-priorita-a-belluno\\\/#primaryimage\"},\"image\":{\"@id\":\"https:\\\/\\\/www.bellunopress.it\\\/2012\\\/11\\\/16\\\/due-milioni-di-euro-per-lalluvione-di-san-martino-bond-priorita-a-belluno\\\/#primaryimage\"},\"thumbnailUrl\":\"http:\\\/\\\/www.bellunopress.it\\\/wp-content\\\/uploads\\\/2011\\\/07\\\/dario-bond-280x240.jpg\",\"datePublished\":\"2012-11-16T17:02:55+00:00\",\"breadcrumb\":{\"@id\":\"https:\\\/\\\/www.bellunopress.it\\\/2012\\\/11\\\/16\\\/due-milioni-di-euro-per-lalluvione-di-san-martino-bond-priorita-a-belluno\\\/#breadcrumb\"},\"inLanguage\":\"fr-FR\",\"potentialAction\":[{\"@type\":\"ReadAction\",\"target\":[\"https:\\\/\\\/www.bellunopress.it\\\/2012\\\/11\\\/16\\\/due-milioni-di-euro-per-lalluvione-di-san-martino-bond-priorita-a-belluno\\\/\"]}]},{\"@type\":\"ImageObject\",\"inLanguage\":\"fr-FR\",\"@id\":\"https:\\\/\\\/www.bellunopress.it\\\/2012\\\/11\\\/16\\\/due-milioni-di-euro-per-lalluvione-di-san-martino-bond-priorita-a-belluno\\\/#primaryimage\",\"url\":\"http:\\\/\\\/www.bellunopress.it\\\/wp-content\\\/uploads\\\/2011\\\/07\\\/dario-bond-280x240.jpg\",\"contentUrl\":\"http:\\\/\\\/www.bellunopress.it\\\/wp-content\\\/uploads\\\/2011\\\/07\\\/dario-bond-280x240.jpg\"},{\"@type\":\"BreadcrumbList\",\"@id\":\"https:\\\/\\\/www.bellunopress.it\\\/2012\\\/11\\\/16\\\/due-milioni-di-euro-per-lalluvione-di-san-martino-bond-priorita-a-belluno\\\/#breadcrumb\",\"itemListElement\":[{\"@type\":\"ListItem\",\"position\":1,\"name\":\"Home\",\"item\":\"https:\\\/\\\/www.bellunopress.it\\\/\"},{\"@type\":\"ListItem\",\"position\":2,\"name\":\"Due milioni di euro per l&#8217;alluvione di San Martino. Bond: &#8220;Priorit\u00e0 a Belluno&#8221;\"}]},{\"@type\":\"WebSite\",\"@id\":\"https:\\\/\\\/www.bellunopress.it\\\/#website\",\"url\":\"https:\\\/\\\/www.bellunopress.it\\\/\",\"name\":\"Bellunopress - Dolomiti\",\"description\":\"e-mail: redazione@bellunopress.it\",\"publisher\":{\"@id\":\"https:\\\/\\\/www.bellunopress.it\\\/#organization\"},\"potentialAction\":[{\"@type\":\"SearchAction\",\"target\":{\"@type\":\"EntryPoint\",\"urlTemplate\":\"https:\\\/\\\/www.bellunopress.it\\\/?s={search_term_string}\"},\"query-input\":{\"@type\":\"PropertyValueSpecification\",\"valueRequired\":true,\"valueName\":\"search_term_string\"}}],\"inLanguage\":\"fr-FR\"},{\"@type\":\"Organization\",\"@id\":\"https:\\\/\\\/www.bellunopress.it\\\/#organization\",\"name\":\"Bellunopress\",\"url\":\"https:\\\/\\\/www.bellunopress.it\\\/\",\"logo\":{\"@type\":\"ImageObject\",\"inLanguage\":\"fr-FR\",\"@id\":\"https:\\\/\\\/www.bellunopress.it\\\/#\\\/schema\\\/logo\\\/image\\\/\",\"url\":\"https:\\\/\\\/www.bellunopress.it\\\/wp-content\\\/uploads\\\/2011\\\/05\\\/cropped-logo-bellunopress-.jpg\",\"contentUrl\":\"https:\\\/\\\/www.bellunopress.it\\\/wp-content\\\/uploads\\\/2011\\\/05\\\/cropped-logo-bellunopress-.jpg\",\"width\":512,\"height\":512,\"caption\":\"Bellunopress\"},\"image\":{\"@id\":\"https:\\\/\\\/www.bellunopress.it\\\/#\\\/schema\\\/logo\\\/image\\\/\"},\"sameAs\":[\"https:\\\/\\\/www.facebook.com\\\/profile.php?id=100008943462799\",\"https:\\\/\\\/x.com\\\/bellunopress\",\"https:\\\/\\\/www.linkedin.com\\\/hp\\\/?dnr=JBzUWaJfMUw8vbXJJ2tVW5-I3jZKvC4wsoxE&amp;amp;amp;amp;amp;amp;trk=nav_responsive_tab_home\",\"https:\\\/\\\/www.youtube.com\\\/channel\\\/UCxL0wu1uN0_3_7hGG0306cw\"]},{\"@type\":\"Person\",\"@id\":\"https:\\\/\\\/www.bellunopress.it\\\/#\\\/schema\\\/person\\\/79bb06722b37ece1c03d3e94beb30d73\",\"name\":\"redazione\",\"image\":{\"@type\":\"ImageObject\",\"inLanguage\":\"fr-FR\",\"@id\":\"https:\\\/\\\/secure.gravatar.com\\\/avatar\\\/37d968a2e67a6fd04c169c4bdef102d0bc5d31b2546345219e348575eb80e9a0?s=96&d=mm&r=g\",\"url\":\"https:\\\/\\\/secure.gravatar.com\\\/avatar\\\/37d968a2e67a6fd04c169c4bdef102d0bc5d31b2546345219e348575eb80e9a0?s=96&d=mm&r=g\",\"contentUrl\":\"https:\\\/\\\/secure.gravatar.com\\\/avatar\\\/37d968a2e67a6fd04c169c4bdef102d0bc5d31b2546345219e348575eb80e9a0?s=96&d=mm&r=g\",\"caption\":\"redazione\"},\"sameAs\":[\"http:\\\/\\\/www.bellunopress.it\",\"https:\\\/\\\/x.com\\\/bellunopress\"],\"url\":\"https:\\\/\\\/www.bellunopress.it\\\/fr\\\/author\\\/redazione\\\/\"}]}<\/script>\n<!-- \/ Yoast SEO plugin. -->","yoast_head_json":{"title":"Due milioni di euro per l'alluvione di San Martino. Bond: \"Priorit\u00e0 a Belluno\" - Bellunopress - Dolomiti","robots":{"index":"index","follow":"follow","max-snippet":"max-snippet:-1","max-image-preview":"max-image-preview:large","max-video-preview":"max-video-preview:-1"},"canonical":"https:\/\/www.bellunopress.it\/fr\/2012\/11\/16\/due-milioni-di-euro-per-lalluvione-di-san-martino-bond-priorita-a-belluno\/","og_locale":"fr_FR","og_type":"article","og_title":"Due milioni di euro per l'alluvione di San Martino. Bond: \"Priorit\u00e0 a Belluno\" - Bellunopress - Dolomiti","og_description":"\u201cDei due milioni e quaranta mila euro stanziati per coprire i primi danni del maltempo, buona parte andranno al Bellunese, che \u2013 ricordo \u2013 \u00e8 stata una delle aree pi\u00f9 colpite del Veneto accanto alla Marca\u201d. A dirlo \u00e8 il consigliere regionale Dario Bond, promotore dell\u2019inserimento nell\u2019assestamento di bilancio 2012 del contributo a favore dei [&hellip;]","og_url":"https:\/\/www.bellunopress.it\/fr\/2012\/11\/16\/due-milioni-di-euro-per-lalluvione-di-san-martino-bond-priorita-a-belluno\/","og_site_name":"Bellunopress - Dolomiti","article_publisher":"https:\/\/www.facebook.com\/profile.php?id=100008943462799","article_published_time":"2012-11-16T17:02:55+00:00","og_image":[{"url":"http:\/\/www.bellunopress.it\/wp-content\/uploads\/2011\/07\/dario-bond-280x240.jpg","type":"","width":"","height":""}],"author":"redazione","twitter_card":"summary_large_image","twitter_creator":"@bellunopress","twitter_site":"@bellunopress","twitter_misc":{"\u00c9crit par":"redazione","Dur\u00e9e de lecture estim\u00e9e":"1 minute"},"schema":{"@context":"https:\/\/schema.org","@graph":[{"@type":"Article","@id":"https:\/\/www.bellunopress.it\/2012\/11\/16\/due-milioni-di-euro-per-lalluvione-di-san-martino-bond-priorita-a-belluno\/#article","isPartOf":{"@id":"https:\/\/www.bellunopress.it\/2012\/11\/16\/due-milioni-di-euro-per-lalluvione-di-san-martino-bond-priorita-a-belluno\/"},"author":{"name":"redazione","@id":"https:\/\/www.bellunopress.it\/#\/schema\/person\/79bb06722b37ece1c03d3e94beb30d73"},"headline":"Due milioni di euro per l&#8217;alluvione di San Martino. Bond: &#8220;Priorit\u00e0 a Belluno&#8221;","datePublished":"2012-11-16T17:02:55+00:00","mainEntityOfPage":{"@id":"https:\/\/www.bellunopress.it\/2012\/11\/16\/due-milioni-di-euro-per-lalluvione-di-san-martino-bond-priorita-a-belluno\/"},"wordCount":285,"publisher":{"@id":"https:\/\/www.bellunopress.it\/#organization"},"image":{"@id":"https:\/\/www.bellunopress.it\/2012\/11\/16\/due-milioni-di-euro-per-lalluvione-di-san-martino-bond-priorita-a-belluno\/#primaryimage"},"thumbnailUrl":"http:\/\/www.bellunopress.it\/wp-content\/uploads\/2011\/07\/dario-bond-280x240.jpg","articleSection":["Lettere Opinioni"],"inLanguage":"fr-FR"},{"@type":"WebPage","@id":"https:\/\/www.bellunopress.it\/2012\/11\/16\/due-milioni-di-euro-per-lalluvione-di-san-martino-bond-priorita-a-belluno\/","url":"https:\/\/www.bellunopress.it\/2012\/11\/16\/due-milioni-di-euro-per-lalluvione-di-san-martino-bond-priorita-a-belluno\/","name":"Due milioni di euro per l'alluvione di San Martino. Bond: \"Priorit\u00e0 a Belluno\" - Bellunopress - Dolomiti","isPartOf":{"@id":"https:\/\/www.bellunopress.it\/#website"},"primaryImageOfPage":{"@id":"https:\/\/www.bellunopress.it\/2012\/11\/16\/due-milioni-di-euro-per-lalluvione-di-san-martino-bond-priorita-a-belluno\/#primaryimage"},"image":{"@id":"https:\/\/www.bellunopress.it\/2012\/11\/16\/due-milioni-di-euro-per-lalluvione-di-san-martino-bond-priorita-a-belluno\/#primaryimage"},"thumbnailUrl":"http:\/\/www.bellunopress.it\/wp-content\/uploads\/2011\/07\/dario-bond-280x240.jpg","datePublished":"2012-11-16T17:02:55+00:00","breadcrumb":{"@id":"https:\/\/www.bellunopress.it\/2012\/11\/16\/due-milioni-di-euro-per-lalluvione-di-san-martino-bond-priorita-a-belluno\/#breadcrumb"},"inLanguage":"fr-FR","potentialAction":[{"@type":"ReadAction","target":["https:\/\/www.bellunopress.it\/2012\/11\/16\/due-milioni-di-euro-per-lalluvione-di-san-martino-bond-priorita-a-belluno\/"]}]},{"@type":"ImageObject","inLanguage":"fr-FR","@id":"https:\/\/www.bellunopress.it\/2012\/11\/16\/due-milioni-di-euro-per-lalluvione-di-san-martino-bond-priorita-a-belluno\/#primaryimage","url":"http:\/\/www.bellunopress.it\/wp-content\/uploads\/2011\/07\/dario-bond-280x240.jpg","contentUrl":"http:\/\/www.bellunopress.it\/wp-content\/uploads\/2011\/07\/dario-bond-280x240.jpg"},{"@type":"BreadcrumbList","@id":"https:\/\/www.bellunopress.it\/2012\/11\/16\/due-milioni-di-euro-per-lalluvione-di-san-martino-bond-priorita-a-belluno\/#breadcrumb","itemListElement":[{"@type":"ListItem","position":1,"name":"Home","item":"https:\/\/www.bellunopress.it\/"},{"@type":"ListItem","position":2,"name":"Due milioni di euro per l&#8217;alluvione di San Martino. Bond: &#8220;Priorit\u00e0 a Belluno&#8221;"}]},{"@type":"WebSite","@id":"https:\/\/www.bellunopress.it\/#website","url":"https:\/\/www.bellunopress.it\/","name":"Bellunopress - Dolomiti","description":"e-mail: redazione@bellunopress.it","publisher":{"@id":"https:\/\/www.bellunopress.it\/#organization"},"potentialAction":[{"@type":"SearchAction","target":{"@type":"EntryPoint","urlTemplate":"https:\/\/www.bellunopress.it\/?s={search_term_string}"},"query-input":{"@type":"PropertyValueSpecification","valueRequired":true,"valueName":"search_term_string"}}],"inLanguage":"fr-FR"},{"@type":"Organization","@id":"https:\/\/www.bellunopress.it\/#organization","name":"Bellunopress","url":"https:\/\/www.bellunopress.it\/","logo":{"@type":"ImageObject","inLanguage":"fr-FR","@id":"https:\/\/www.bellunopress.it\/#\/schema\/logo\/image\/","url":"https:\/\/www.bellunopress.it\/wp-content\/uploads\/2011\/05\/cropped-logo-bellunopress-.jpg","contentUrl":"https:\/\/www.bellunopress.it\/wp-content\/uploads\/2011\/05\/cropped-logo-bellunopress-.jpg","width":512,"height":512,"caption":"Bellunopress"},"image":{"@id":"https:\/\/www.bellunopress.it\/#\/schema\/logo\/image\/"},"sameAs":["https:\/\/www.facebook.com\/profile.php?id=100008943462799","https:\/\/x.com\/bellunopress","https:\/\/www.linkedin.com\/hp\/?dnr=JBzUWaJfMUw8vbXJJ2tVW5-I3jZKvC4wsoxE&amp;amp;amp;amp;amp;amp;trk=nav_responsive_tab_home","https:\/\/www.youtube.com\/channel\/UCxL0wu1uN0_3_7hGG0306cw"]},{"@type":"Person","@id":"https:\/\/www.bellunopress.it\/#\/schema\/person\/79bb06722b37ece1c03d3e94beb30d73","name":"r\u00e9daction","image":{"@type":"ImageObject","inLanguage":"fr-FR","@id":"https:\/\/secure.gravatar.com\/avatar\/37d968a2e67a6fd04c169c4bdef102d0bc5d31b2546345219e348575eb80e9a0?s=96&d=mm&r=g","url":"https:\/\/secure.gravatar.com\/avatar\/37d968a2e67a6fd04c169c4bdef102d0bc5d31b2546345219e348575eb80e9a0?s=96&d=mm&r=g","contentUrl":"https:\/\/secure.gravatar.com\/avatar\/37d968a2e67a6fd04c169c4bdef102d0bc5d31b2546345219e348575eb80e9a0?s=96&d=mm&r=g","caption":"redazione"},"sameAs":["http:\/\/www.bellunopress.it","https:\/\/x.com\/bellunopress"],"url":"https:\/\/www.bellunopress.it\/fr\/author\/redazione\/"}]}},"_links":{"self":[{"href":"https:\/\/www.bellunopress.it\/fr\/wp-json\/wp\/v2\/posts\/43957","targetHints":{"allow":["GET"]}}],"collection":[{"href":"https:\/\/www.bellunopress.it\/fr\/wp-json\/wp\/v2\/posts"}],"about":[{"href":"https:\/\/www.bellunopress.it\/fr\/wp-json\/wp\/v2\/types\/post"}],"author":[{"embeddable":true,"href":"https:\/\/www.bellunopress.it\/fr\/wp-json\/wp\/v2\/users\/2"}],"replies":[{"embeddable":true,"href":"https:\/\/www.bellunopress.it\/fr\/wp-json\/wp\/v2\/comments?post=43957"}],"version-history":[{"count":1,"href":"https:\/\/www.bellunopress.it\/fr\/wp-json\/wp\/v2\/posts\/43957\/revisions"}],"predecessor-version":[{"id":43958,"href":"https:\/\/www.bellunopress.it\/fr\/wp-json\/wp\/v2\/posts\/43957\/revisions\/43958"}],"wp:attachment":[{"href":"https:\/\/www.bellunopress.it\/fr\/wp-json\/wp\/v2\/media?parent=43957"}],"wp:term":[{"taxonomy":"category","embeddable":true,"href":"https:\/\/www.bellunopress.it\/fr\/wp-json\/wp\/v2\/categories?post=43957"},{"taxonomy":"post_tag","embeddable":true,"href":"https:\/\/www.bellunopress.it\/fr\/wp-json\/wp\/v2\/tags?post=43957"}],"curies":[{"name":"wp","href":"https:\/\/api.w.org\/{rel}","templated":true}]}}