{"id":43944,"date":"2012-11-15T21:09:15","date_gmt":"2012-11-15T20:09:15","guid":{"rendered":"http:\/\/www.bellunopress.it\/?p=43944"},"modified":"2012-11-15T21:09:15","modified_gmt":"2012-11-15T20:09:15","slug":"belluno-fiera-di-s-martino-2-domenica-18-novembre-si-replica","status":"publish","type":"post","link":"https:\/\/www.bellunopress.it\/fr\/2012\/11\/15\/belluno-fiera-di-s-martino-2-domenica-18-novembre-si-replica\/","title":{"rendered":"Belluno, Fiera di S.Martino 2: domenica 18 novembre si replica"},"content":{"rendered":"<p><a href=\"http:\/\/www.bellunopress.it\/wp-content\/uploads\/2009\/11\/fiera-san-martino.jpg\"><img loading=\"lazy\" decoding=\"async\" class=\"alignleft size-full wp-image-9777\" title=\"fiera-san-martino\" src=\"http:\/\/www.bellunopress.it\/wp-content\/uploads\/2009\/11\/fiera-san-martino.jpg\" alt=\"\" width=\"300\" height=\"225\" \/><\/a>Dopo il piovosissimo fine settimana scorso, la tradizionale Fiera di S.Martino sar\u00e0 riproposta domenica prossima, 18 novembre.<\/p>\n<p>Dai contatti intercorsi in questi giorni con gli operatori, sembra che quasi tutti torneranno domenica prossima e la Fiera sar\u00e0 dunque organizzata secondo tutti i crismi.<\/p>\n<p>Per tutto il giorno, il centro storico ospiter\u00e0 le bancarelle che offriranno una vasta gamma di articoli e tante curiosit\u00e0.<\/p>\n<p>In Piazza Mercato sar\u00e0 presente il mercatino dell&#8217;antiquariato, \u201cCose di Vecchie Case\u201d e in Piazza Duomo si terr\u00e0 la \u201c11\u00b0 Mostra-mercato dei prodotti agricoli e lattiero caseari del Bellunese\u201d, una vetrina dei prodotti tipici locali e tradizionali, a cura della Comunit\u00e0 Montana Bellunese Belluno-Ponte nelle Alpi.<\/p>\n<p>Faranno da cornice le tradizionali castagnate.<\/p>\n<p>Altri operatori saranno dislocati lungo via Dante, Piazza Cesare Battisti e adiacenti via Cavour e Caffi, per creare una naturale prosecuzione dell\u2019asse principale della Fiera rappresentato da via Loreto e Piazza Martiri, dove si registra il maggior afflusso di utenti.<\/p>\n<p>Non sar\u00e0 possibile, per ragioni organizzative ed economiche, mettere a disposizione il servizio di navette. Saranno disponibili i parcheggi ex Moi in via Feltre, Lambioi, Piazza Piloni, Palasport, Metropolis in stazione e il parcheggio di via Caffi.<\/p>\n<p>Le previsioni del tempo per domenica sono favorevoli e sar\u00e0 piacevole cogliere l&#8217;occasione per raggiungere il centro facendo una passeggiata.<\/p>\n<p>&nbsp;<\/p>\n<p>Disciplina della viabilit\u00e0<\/p>\n<p>\u2022 divieto di circolazione dalle ore 5.00 alle ore 21.00, e comunque fino al termine della manifestazione, per tutti i veicoli, con eventuali deroghe da valutarsi da parte degli operatori di vigilanza in servizio all\u2019interno dell&#8217;area della manifestazione, limitatamente ai casi consentiti secondo le esigenze del momento, a quelli di: Forze di Polizia, Polizia Locale, Soccorso, nonch\u00e9 autorizzati, bus, taxi e quelli al servizio delle persone invalide munite di apposito contrassegno. La manifestazione si svolge all&#8217;interno del centro storico circoscritto dalle seguenti intersezioni: ad est via Segato\/P.zzale Battisti, con direzione via Caffi-est dalla laterale del monumento Caduti per Servizio; a nord-est via Simon da Cusighe\/via Gabelli; a nord P.zzale delle Foibe\/via Dante; ad ovest P.zzale Marconi\/via Caffi-ovest\/via Cavour\/via Garibaldi; a sud P.zza Duomo\/via San Lucano\/via S. Andrea;<\/p>\n<p>\u2022 divieto di circolazione in via Zuppani eccetto residenti di via Zuppani, via Carrera e P.tta Santo Stefano, con entrata e uscita da P.zza Piloni e con obbligo di dare la precedenza prima di immettersi nella suddetta piazza.<\/p>\n<p>In via Sottocastello la circolazione degli autorizzati dovr\u00e0 avvenire esclusivamente da e per via Lambioi (con ingresso lato viale dei Dendrofori).<\/p>\n<p>\u2022 divieto di sosta con rimozione forzata di tutti i veicoli dalle ore 5.00 fino alle ore 21.00, e comunque fino al termine della manifestazione, in via Dante, Piazzale C. Battisti, via Cavour, via Segato, via Caffi \u2013 lato ovest, via Loreto, via Garibaldi, P.le Marconi \u2013 lato sud, via Matteotti, P.zza dei Martiri, P.zza Vittorio Emanuele, via Roma, P.zza S. Stefano, via Simon da Cusighe, P.zza Castello, P.zza Duomo, P.zza del Mercato, per il posizionamento dei posteggi degli operatori della Fiera e del Mercatino, per le attivit\u00e0 collaterali, nonch\u00e9 per motivi di sicurezza della circolazione veicolare e pedonale.<\/p>\n<p>\u2022 sospensione della circolazione in via Caffi-ovest per consentire l&#8217;eventuale transito dei mezzi di soccorso e di emergenza, permettendo di raggiungere in sicurezza, i punti nevralgici della Fiera.<\/p>\n<p>&nbsp;<\/p>\n<p>&nbsp;<\/p>","protected":false},"excerpt":{"rendered":"<p>Dopo il piovosissimo fine settimana scorso, la tradizionale Fiera di S.Martino sar\u00e0 riproposta domenica prossima, 18 novembre. Dai contatti intercorsi in questi giorni con gli operatori, sembra che quasi tutti torneranno domenica prossima e la Fiera sar\u00e0 dunque organizzata secondo tutti i crismi. Per tutto il giorno, il centro storico ospiter\u00e0 le bancarelle che offriranno [&hellip;]<\/p>\n","protected":false},"author":2,"featured_media":0,"comment_status":"closed","ping_status":"open","sticky":false,"template":"","format":"standard","meta":{"footnotes":""},"categories":[27,26,8],"tags":[],"class_list":["post-43944","post","type-post","status-publish","format-standard","category-appuntamenti","category-prima-pagina","category-societa-istituzioni"],"yoast_head":"<!-- This site is optimized with the Yoast SEO plugin v28.4 - https:\/\/yoast.com\/product\/yoast-seo-wordpress\/ -->\n<title>Belluno, Fiera di S.Martino 2: domenica 18 novembre si replica - Bellunopress - Dolomiti<\/title>\n<meta name=\"robots\" content=\"index, follow, max-snippet:-1, max-image-preview:large, max-video-preview:-1\" \/>\n<link rel=\"canonical\" href=\"https:\/\/www.bellunopress.it\/fr\/2012\/11\/15\/belluno-fiera-di-s-martino-2-domenica-18-novembre-si-replica\/\" \/>\n<meta property=\"og:locale\" content=\"fr_FR\" \/>\n<meta property=\"og:type\" content=\"article\" \/>\n<meta property=\"og:title\" content=\"Belluno, Fiera di S.Martino 2: domenica 18 novembre si replica - Bellunopress - Dolomiti\" \/>\n<meta property=\"og:description\" content=\"Dopo il piovosissimo fine settimana scorso, la tradizionale Fiera di S.Martino sar\u00e0 riproposta domenica prossima, 18 novembre. Dai contatti intercorsi in questi giorni con gli operatori, sembra che quasi tutti torneranno domenica prossima e la Fiera sar\u00e0 dunque organizzata secondo tutti i crismi. Per tutto il giorno, il centro storico ospiter\u00e0 le bancarelle che offriranno [&hellip;]\" \/>\n<meta property=\"og:url\" content=\"https:\/\/www.bellunopress.it\/fr\/2012\/11\/15\/belluno-fiera-di-s-martino-2-domenica-18-novembre-si-replica\/\" \/>\n<meta property=\"og:site_name\" content=\"Bellunopress - Dolomiti\" \/>\n<meta property=\"article:publisher\" content=\"https:\/\/www.facebook.com\/profile.php?id=100008943462799\" \/>\n<meta property=\"article:published_time\" content=\"2012-11-15T20:09:15+00:00\" \/>\n<meta property=\"og:image\" content=\"http:\/\/www.bellunopress.it\/wp-content\/uploads\/2009\/11\/fiera-san-martino.jpg\" \/>\n<meta name=\"author\" content=\"redazione\" \/>\n<meta name=\"twitter:card\" content=\"summary_large_image\" \/>\n<meta name=\"twitter:creator\" content=\"@bellunopress\" \/>\n<meta name=\"twitter:site\" content=\"@bellunopress\" \/>\n<meta name=\"twitter:label1\" content=\"\u00c9crit par\" \/>\n\t<meta name=\"twitter:data1\" content=\"redazione\" \/>\n\t<meta name=\"twitter:label2\" content=\"Dur\u00e9e de lecture estim\u00e9e\" \/>\n\t<meta name=\"twitter:data2\" content=\"3 minutes\" \/>\n<script type=\"application\/ld+json\" class=\"yoast-schema-graph\">{\"@context\":\"https:\\\/\\\/schema.org\",\"@graph\":[{\"@type\":\"Article\",\"@id\":\"https:\\\/\\\/www.bellunopress.it\\\/2012\\\/11\\\/15\\\/belluno-fiera-di-s-martino-2-domenica-18-novembre-si-replica\\\/#article\",\"isPartOf\":{\"@id\":\"https:\\\/\\\/www.bellunopress.it\\\/2012\\\/11\\\/15\\\/belluno-fiera-di-s-martino-2-domenica-18-novembre-si-replica\\\/\"},\"author\":{\"name\":\"redazione\",\"@id\":\"https:\\\/\\\/www.bellunopress.it\\\/#\\\/schema\\\/person\\\/79bb06722b37ece1c03d3e94beb30d73\"},\"headline\":\"Belluno, Fiera di S.Martino 2: domenica 18 novembre si replica\",\"datePublished\":\"2012-11-15T20:09:15+00:00\",\"mainEntityOfPage\":{\"@id\":\"https:\\\/\\\/www.bellunopress.it\\\/2012\\\/11\\\/15\\\/belluno-fiera-di-s-martino-2-domenica-18-novembre-si-replica\\\/\"},\"wordCount\":557,\"publisher\":{\"@id\":\"https:\\\/\\\/www.bellunopress.it\\\/#organization\"},\"image\":{\"@id\":\"https:\\\/\\\/www.bellunopress.it\\\/2012\\\/11\\\/15\\\/belluno-fiera-di-s-martino-2-domenica-18-novembre-si-replica\\\/#primaryimage\"},\"thumbnailUrl\":\"http:\\\/\\\/www.bellunopress.it\\\/wp-content\\\/uploads\\\/2009\\\/11\\\/fiera-san-martino.jpg\",\"articleSection\":[\"Appuntamenti, Eventi\",\"Prima Pagina\",\"Societ\u00e0, Associazioni, Istituzioni\"],\"inLanguage\":\"fr-FR\"},{\"@type\":\"WebPage\",\"@id\":\"https:\\\/\\\/www.bellunopress.it\\\/2012\\\/11\\\/15\\\/belluno-fiera-di-s-martino-2-domenica-18-novembre-si-replica\\\/\",\"url\":\"https:\\\/\\\/www.bellunopress.it\\\/2012\\\/11\\\/15\\\/belluno-fiera-di-s-martino-2-domenica-18-novembre-si-replica\\\/\",\"name\":\"Belluno, Fiera di S.Martino 2: domenica 18 novembre si replica - Bellunopress - Dolomiti\",\"isPartOf\":{\"@id\":\"https:\\\/\\\/www.bellunopress.it\\\/#website\"},\"primaryImageOfPage\":{\"@id\":\"https:\\\/\\\/www.bellunopress.it\\\/2012\\\/11\\\/15\\\/belluno-fiera-di-s-martino-2-domenica-18-novembre-si-replica\\\/#primaryimage\"},\"image\":{\"@id\":\"https:\\\/\\\/www.bellunopress.it\\\/2012\\\/11\\\/15\\\/belluno-fiera-di-s-martino-2-domenica-18-novembre-si-replica\\\/#primaryimage\"},\"thumbnailUrl\":\"http:\\\/\\\/www.bellunopress.it\\\/wp-content\\\/uploads\\\/2009\\\/11\\\/fiera-san-martino.jpg\",\"datePublished\":\"2012-11-15T20:09:15+00:00\",\"breadcrumb\":{\"@id\":\"https:\\\/\\\/www.bellunopress.it\\\/2012\\\/11\\\/15\\\/belluno-fiera-di-s-martino-2-domenica-18-novembre-si-replica\\\/#breadcrumb\"},\"inLanguage\":\"fr-FR\",\"potentialAction\":[{\"@type\":\"ReadAction\",\"target\":[\"https:\\\/\\\/www.bellunopress.it\\\/2012\\\/11\\\/15\\\/belluno-fiera-di-s-martino-2-domenica-18-novembre-si-replica\\\/\"]}]},{\"@type\":\"ImageObject\",\"inLanguage\":\"fr-FR\",\"@id\":\"https:\\\/\\\/www.bellunopress.it\\\/2012\\\/11\\\/15\\\/belluno-fiera-di-s-martino-2-domenica-18-novembre-si-replica\\\/#primaryimage\",\"url\":\"http:\\\/\\\/www.bellunopress.it\\\/wp-content\\\/uploads\\\/2009\\\/11\\\/fiera-san-martino.jpg\",\"contentUrl\":\"http:\\\/\\\/www.bellunopress.it\\\/wp-content\\\/uploads\\\/2009\\\/11\\\/fiera-san-martino.jpg\"},{\"@type\":\"BreadcrumbList\",\"@id\":\"https:\\\/\\\/www.bellunopress.it\\\/2012\\\/11\\\/15\\\/belluno-fiera-di-s-martino-2-domenica-18-novembre-si-replica\\\/#breadcrumb\",\"itemListElement\":[{\"@type\":\"ListItem\",\"position\":1,\"name\":\"Home\",\"item\":\"https:\\\/\\\/www.bellunopress.it\\\/\"},{\"@type\":\"ListItem\",\"position\":2,\"name\":\"Belluno, Fiera di S.Martino 2: domenica 18 novembre si replica\"}]},{\"@type\":\"WebSite\",\"@id\":\"https:\\\/\\\/www.bellunopress.it\\\/#website\",\"url\":\"https:\\\/\\\/www.bellunopress.it\\\/\",\"name\":\"Bellunopress - Dolomiti\",\"description\":\"e-mail: redazione@bellunopress.it\",\"publisher\":{\"@id\":\"https:\\\/\\\/www.bellunopress.it\\\/#organization\"},\"potentialAction\":[{\"@type\":\"SearchAction\",\"target\":{\"@type\":\"EntryPoint\",\"urlTemplate\":\"https:\\\/\\\/www.bellunopress.it\\\/?s={search_term_string}\"},\"query-input\":{\"@type\":\"PropertyValueSpecification\",\"valueRequired\":true,\"valueName\":\"search_term_string\"}}],\"inLanguage\":\"fr-FR\"},{\"@type\":\"Organization\",\"@id\":\"https:\\\/\\\/www.bellunopress.it\\\/#organization\",\"name\":\"Bellunopress\",\"url\":\"https:\\\/\\\/www.bellunopress.it\\\/\",\"logo\":{\"@type\":\"ImageObject\",\"inLanguage\":\"fr-FR\",\"@id\":\"https:\\\/\\\/www.bellunopress.it\\\/#\\\/schema\\\/logo\\\/image\\\/\",\"url\":\"https:\\\/\\\/www.bellunopress.it\\\/wp-content\\\/uploads\\\/2011\\\/05\\\/cropped-logo-bellunopress-.jpg\",\"contentUrl\":\"https:\\\/\\\/www.bellunopress.it\\\/wp-content\\\/uploads\\\/2011\\\/05\\\/cropped-logo-bellunopress-.jpg\",\"width\":512,\"height\":512,\"caption\":\"Bellunopress\"},\"image\":{\"@id\":\"https:\\\/\\\/www.bellunopress.it\\\/#\\\/schema\\\/logo\\\/image\\\/\"},\"sameAs\":[\"https:\\\/\\\/www.facebook.com\\\/profile.php?id=100008943462799\",\"https:\\\/\\\/x.com\\\/bellunopress\",\"https:\\\/\\\/www.linkedin.com\\\/hp\\\/?dnr=JBzUWaJfMUw8vbXJJ2tVW5-I3jZKvC4wsoxE&amp;amp;amp;amp;amp;amp;trk=nav_responsive_tab_home\",\"https:\\\/\\\/www.youtube.com\\\/channel\\\/UCxL0wu1uN0_3_7hGG0306cw\"]},{\"@type\":\"Person\",\"@id\":\"https:\\\/\\\/www.bellunopress.it\\\/#\\\/schema\\\/person\\\/79bb06722b37ece1c03d3e94beb30d73\",\"name\":\"redazione\",\"image\":{\"@type\":\"ImageObject\",\"inLanguage\":\"fr-FR\",\"@id\":\"https:\\\/\\\/secure.gravatar.com\\\/avatar\\\/37d968a2e67a6fd04c169c4bdef102d0bc5d31b2546345219e348575eb80e9a0?s=96&d=mm&r=g\",\"url\":\"https:\\\/\\\/secure.gravatar.com\\\/avatar\\\/37d968a2e67a6fd04c169c4bdef102d0bc5d31b2546345219e348575eb80e9a0?s=96&d=mm&r=g\",\"contentUrl\":\"https:\\\/\\\/secure.gravatar.com\\\/avatar\\\/37d968a2e67a6fd04c169c4bdef102d0bc5d31b2546345219e348575eb80e9a0?s=96&d=mm&r=g\",\"caption\":\"redazione\"},\"sameAs\":[\"http:\\\/\\\/www.bellunopress.it\",\"https:\\\/\\\/x.com\\\/bellunopress\"],\"url\":\"https:\\\/\\\/www.bellunopress.it\\\/fr\\\/author\\\/redazione\\\/\"}]}<\/script>\n<!-- \/ Yoast SEO plugin. -->","yoast_head_json":{"title":"Belluno, Fiera di S.Martino 2: domenica 18 novembre si replica - Bellunopress - Dolomiti","robots":{"index":"index","follow":"follow","max-snippet":"max-snippet:-1","max-image-preview":"max-image-preview:large","max-video-preview":"max-video-preview:-1"},"canonical":"https:\/\/www.bellunopress.it\/fr\/2012\/11\/15\/belluno-fiera-di-s-martino-2-domenica-18-novembre-si-replica\/","og_locale":"fr_FR","og_type":"article","og_title":"Belluno, Fiera di S.Martino 2: domenica 18 novembre si replica - Bellunopress - Dolomiti","og_description":"Dopo il piovosissimo fine settimana scorso, la tradizionale Fiera di S.Martino sar\u00e0 riproposta domenica prossima, 18 novembre. Dai contatti intercorsi in questi giorni con gli operatori, sembra che quasi tutti torneranno domenica prossima e la Fiera sar\u00e0 dunque organizzata secondo tutti i crismi. Per tutto il giorno, il centro storico ospiter\u00e0 le bancarelle che offriranno [&hellip;]","og_url":"https:\/\/www.bellunopress.it\/fr\/2012\/11\/15\/belluno-fiera-di-s-martino-2-domenica-18-novembre-si-replica\/","og_site_name":"Bellunopress - Dolomiti","article_publisher":"https:\/\/www.facebook.com\/profile.php?id=100008943462799","article_published_time":"2012-11-15T20:09:15+00:00","og_image":[{"url":"http:\/\/www.bellunopress.it\/wp-content\/uploads\/2009\/11\/fiera-san-martino.jpg","type":"","width":"","height":""}],"author":"redazione","twitter_card":"summary_large_image","twitter_creator":"@bellunopress","twitter_site":"@bellunopress","twitter_misc":{"\u00c9crit par":"redazione","Dur\u00e9e de lecture estim\u00e9e":"3 minutes"},"schema":{"@context":"https:\/\/schema.org","@graph":[{"@type":"Article","@id":"https:\/\/www.bellunopress.it\/2012\/11\/15\/belluno-fiera-di-s-martino-2-domenica-18-novembre-si-replica\/#article","isPartOf":{"@id":"https:\/\/www.bellunopress.it\/2012\/11\/15\/belluno-fiera-di-s-martino-2-domenica-18-novembre-si-replica\/"},"author":{"name":"redazione","@id":"https:\/\/www.bellunopress.it\/#\/schema\/person\/79bb06722b37ece1c03d3e94beb30d73"},"headline":"Belluno, Fiera di S.Martino 2: domenica 18 novembre si replica","datePublished":"2012-11-15T20:09:15+00:00","mainEntityOfPage":{"@id":"https:\/\/www.bellunopress.it\/2012\/11\/15\/belluno-fiera-di-s-martino-2-domenica-18-novembre-si-replica\/"},"wordCount":557,"publisher":{"@id":"https:\/\/www.bellunopress.it\/#organization"},"image":{"@id":"https:\/\/www.bellunopress.it\/2012\/11\/15\/belluno-fiera-di-s-martino-2-domenica-18-novembre-si-replica\/#primaryimage"},"thumbnailUrl":"http:\/\/www.bellunopress.it\/wp-content\/uploads\/2009\/11\/fiera-san-martino.jpg","articleSection":["Appuntamenti, Eventi","Prima Pagina","Societ\u00e0, Associazioni, Istituzioni"],"inLanguage":"fr-FR"},{"@type":"WebPage","@id":"https:\/\/www.bellunopress.it\/2012\/11\/15\/belluno-fiera-di-s-martino-2-domenica-18-novembre-si-replica\/","url":"https:\/\/www.bellunopress.it\/2012\/11\/15\/belluno-fiera-di-s-martino-2-domenica-18-novembre-si-replica\/","name":"Belluno, Fiera di S.Martino 2: domenica 18 novembre si replica - Bellunopress - Dolomiti","isPartOf":{"@id":"https:\/\/www.bellunopress.it\/#website"},"primaryImageOfPage":{"@id":"https:\/\/www.bellunopress.it\/2012\/11\/15\/belluno-fiera-di-s-martino-2-domenica-18-novembre-si-replica\/#primaryimage"},"image":{"@id":"https:\/\/www.bellunopress.it\/2012\/11\/15\/belluno-fiera-di-s-martino-2-domenica-18-novembre-si-replica\/#primaryimage"},"thumbnailUrl":"http:\/\/www.bellunopress.it\/wp-content\/uploads\/2009\/11\/fiera-san-martino.jpg","datePublished":"2012-11-15T20:09:15+00:00","breadcrumb":{"@id":"https:\/\/www.bellunopress.it\/2012\/11\/15\/belluno-fiera-di-s-martino-2-domenica-18-novembre-si-replica\/#breadcrumb"},"inLanguage":"fr-FR","potentialAction":[{"@type":"ReadAction","target":["https:\/\/www.bellunopress.it\/2012\/11\/15\/belluno-fiera-di-s-martino-2-domenica-18-novembre-si-replica\/"]}]},{"@type":"ImageObject","inLanguage":"fr-FR","@id":"https:\/\/www.bellunopress.it\/2012\/11\/15\/belluno-fiera-di-s-martino-2-domenica-18-novembre-si-replica\/#primaryimage","url":"http:\/\/www.bellunopress.it\/wp-content\/uploads\/2009\/11\/fiera-san-martino.jpg","contentUrl":"http:\/\/www.bellunopress.it\/wp-content\/uploads\/2009\/11\/fiera-san-martino.jpg"},{"@type":"BreadcrumbList","@id":"https:\/\/www.bellunopress.it\/2012\/11\/15\/belluno-fiera-di-s-martino-2-domenica-18-novembre-si-replica\/#breadcrumb","itemListElement":[{"@type":"ListItem","position":1,"name":"Home","item":"https:\/\/www.bellunopress.it\/"},{"@type":"ListItem","position":2,"name":"Belluno, Fiera di S.Martino 2: domenica 18 novembre si replica"}]},{"@type":"WebSite","@id":"https:\/\/www.bellunopress.it\/#website","url":"https:\/\/www.bellunopress.it\/","name":"Bellunopress - Dolomiti","description":"e-mail: redazione@bellunopress.it","publisher":{"@id":"https:\/\/www.bellunopress.it\/#organization"},"potentialAction":[{"@type":"SearchAction","target":{"@type":"EntryPoint","urlTemplate":"https:\/\/www.bellunopress.it\/?s={search_term_string}"},"query-input":{"@type":"PropertyValueSpecification","valueRequired":true,"valueName":"search_term_string"}}],"inLanguage":"fr-FR"},{"@type":"Organization","@id":"https:\/\/www.bellunopress.it\/#organization","name":"Bellunopress","url":"https:\/\/www.bellunopress.it\/","logo":{"@type":"ImageObject","inLanguage":"fr-FR","@id":"https:\/\/www.bellunopress.it\/#\/schema\/logo\/image\/","url":"https:\/\/www.bellunopress.it\/wp-content\/uploads\/2011\/05\/cropped-logo-bellunopress-.jpg","contentUrl":"https:\/\/www.bellunopress.it\/wp-content\/uploads\/2011\/05\/cropped-logo-bellunopress-.jpg","width":512,"height":512,"caption":"Bellunopress"},"image":{"@id":"https:\/\/www.bellunopress.it\/#\/schema\/logo\/image\/"},"sameAs":["https:\/\/www.facebook.com\/profile.php?id=100008943462799","https:\/\/x.com\/bellunopress","https:\/\/www.linkedin.com\/hp\/?dnr=JBzUWaJfMUw8vbXJJ2tVW5-I3jZKvC4wsoxE&amp;amp;amp;amp;amp;amp;trk=nav_responsive_tab_home","https:\/\/www.youtube.com\/channel\/UCxL0wu1uN0_3_7hGG0306cw"]},{"@type":"Person","@id":"https:\/\/www.bellunopress.it\/#\/schema\/person\/79bb06722b37ece1c03d3e94beb30d73","name":"r\u00e9daction","image":{"@type":"ImageObject","inLanguage":"fr-FR","@id":"https:\/\/secure.gravatar.com\/avatar\/37d968a2e67a6fd04c169c4bdef102d0bc5d31b2546345219e348575eb80e9a0?s=96&d=mm&r=g","url":"https:\/\/secure.gravatar.com\/avatar\/37d968a2e67a6fd04c169c4bdef102d0bc5d31b2546345219e348575eb80e9a0?s=96&d=mm&r=g","contentUrl":"https:\/\/secure.gravatar.com\/avatar\/37d968a2e67a6fd04c169c4bdef102d0bc5d31b2546345219e348575eb80e9a0?s=96&d=mm&r=g","caption":"redazione"},"sameAs":["http:\/\/www.bellunopress.it","https:\/\/x.com\/bellunopress"],"url":"https:\/\/www.bellunopress.it\/fr\/author\/redazione\/"}]}},"_links":{"self":[{"href":"https:\/\/www.bellunopress.it\/fr\/wp-json\/wp\/v2\/posts\/43944","targetHints":{"allow":["GET"]}}],"collection":[{"href":"https:\/\/www.bellunopress.it\/fr\/wp-json\/wp\/v2\/posts"}],"about":[{"href":"https:\/\/www.bellunopress.it\/fr\/wp-json\/wp\/v2\/types\/post"}],"author":[{"embeddable":true,"href":"https:\/\/www.bellunopress.it\/fr\/wp-json\/wp\/v2\/users\/2"}],"replies":[{"embeddable":true,"href":"https:\/\/www.bellunopress.it\/fr\/wp-json\/wp\/v2\/comments?post=43944"}],"version-history":[{"count":1,"href":"https:\/\/www.bellunopress.it\/fr\/wp-json\/wp\/v2\/posts\/43944\/revisions"}],"predecessor-version":[{"id":43945,"href":"https:\/\/www.bellunopress.it\/fr\/wp-json\/wp\/v2\/posts\/43944\/revisions\/43945"}],"wp:attachment":[{"href":"https:\/\/www.bellunopress.it\/fr\/wp-json\/wp\/v2\/media?parent=43944"}],"wp:term":[{"taxonomy":"category","embeddable":true,"href":"https:\/\/www.bellunopress.it\/fr\/wp-json\/wp\/v2\/categories?post=43944"},{"taxonomy":"post_tag","embeddable":true,"href":"https:\/\/www.bellunopress.it\/fr\/wp-json\/wp\/v2\/tags?post=43944"}],"curies":[{"name":"wp","href":"https:\/\/api.w.org\/{rel}","templated":true}]}}