{"id":43939,"date":"2012-11-15T19:25:15","date_gmt":"2012-11-15T18:25:15","guid":{"rendered":"http:\/\/www.bellunopress.it\/?p=43939"},"modified":"2012-11-15T19:25:15","modified_gmt":"2012-11-15T18:25:15","slug":"birreria-pedavena-i-mercatini-di-natale-piu-grandi-del-veneto","status":"publish","type":"post","link":"https:\/\/www.bellunopress.it\/fr\/2012\/11\/15\/birreria-pedavena-i-mercatini-di-natale-piu-grandi-del-veneto\/","title":{"rendered":"Birreria Pedavena: i mercatini di Natale pi\u00f9 grandi del Veneto"},"content":{"rendered":"<p><a href=\"http:\/\/www.bellunopress.it\/wp-content\/uploads\/2012\/08\/Birreria-Pedavena.jpg\"><img loading=\"lazy\" decoding=\"async\" class=\"alignleft size-full wp-image-41205\" title=\"Birreria Pedavena\" src=\"http:\/\/www.bellunopress.it\/wp-content\/uploads\/2012\/08\/Birreria-Pedavena.jpg\" alt=\"\" width=\"290\" height=\"218\" \/><\/a>Il Natale a Pedavena arriva prima! Per gli amanti dei profumi e dei colori delle Feste Natalizie da Domenica 18 Novembre infatti sar\u00e0 possibile immergersi in un atmosfera speciale tra oggetti d&#8217;artigianato, idee regalo, caldarroste e vin brul\u00e8.<\/p>\n<p>Nel suggestivo Parco della Birreria Pedavena avranno luogo anche quest&#8217;anno i tradizionali Mercatini di Natale, i pi\u00f9 grandi del Veneto, organizzati in collaborazione con la Pro Loco di Pedavena, che offriranno ai visitatori un ricco programma con animazione e tante idee per i doni e per gli addobbi delle feste. Per tutta la durata dei Mercatini ( 18 e 25 Novembre e 2-8-9 Dicembre) sar\u00e0 inoltre possibile ammirare all&#8217;opera l&#8217;Artista del legno Gianluigi Zeni che dal vivo dar\u00e0 forma alla sua creativit\u00e0 realizzando una scultura partendo dalla semplice materia prima.<\/p>\n<p>Verranno inoltre premiati attraverso il concorso &#8220;Lo stand di Natale pi\u00f9 bello del 2012&#8221; i tre migliori espositori le cui creazioni si distingueranno per originalit\u00e0,cura e fantasia.<\/p>\n<p>Un&#8217;opportunit\u00e0 davvero imperdibile per grandi e piccini per trascorrere ore serene in una cornice davvero suggestiva come quella del Parco della Birreria allestito a festa con luci e dolci melodie.<\/p>\n<p><strong>PROGRAMMA DEI MERCATINI &#8211;\u00a0Orario d&#8217;apertura: dalle 10.00 alle 19.00<\/strong><\/p>\n<p>Domenica 18 Novembre &#8211; Intrattenimento musicale con i &#8220;Siver Musich&#8221;<\/p>\n<p>Domenica 25 novembre &#8211; Animazione con un Babbo Natale &#8220;speciale&#8221;<\/p>\n<p>Domenica 2 Dicembre &#8211; 4^ Corsa di Babbo Natale<\/p>\n<p>Sabato 8 Dicembre &#8211; Intrattenimento musicale con gli zampognari del gruppo &#8221; Le Baghe della Zosagna&#8221;<\/p>\n<p>Domenica 9 Dicembre &#8211; Intrattenimento musicale con i &#8220;Siver Musich&#8221;<\/p>\n<p>&nbsp;<\/p>","protected":false},"excerpt":{"rendered":"<p>Il Natale a Pedavena arriva prima! Per gli amanti dei profumi e dei colori delle Feste Natalizie da Domenica 18 Novembre infatti sar\u00e0 possibile immergersi in un atmosfera speciale tra oggetti d&#8217;artigianato, idee regalo, caldarroste e vin brul\u00e8. Nel suggestivo Parco della Birreria Pedavena avranno luogo anche quest&#8217;anno i tradizionali Mercatini di Natale, i pi\u00f9 [&hellip;]<\/p>\n","protected":false},"author":2,"featured_media":0,"comment_status":"closed","ping_status":"open","sticky":false,"template":"","format":"standard","meta":{"footnotes":""},"categories":[27,26],"tags":[],"class_list":["post-43939","post","type-post","status-publish","format-standard","category-appuntamenti","category-prima-pagina"],"yoast_head":"<!-- This site is optimized with the Yoast SEO plugin v28.4 - https:\/\/yoast.com\/product\/yoast-seo-wordpress\/ -->\n<title>Birreria Pedavena: i mercatini di Natale pi\u00f9 grandi del Veneto  - Bellunopress - Dolomiti<\/title>\n<meta name=\"robots\" content=\"index, follow, max-snippet:-1, max-image-preview:large, max-video-preview:-1\" \/>\n<link rel=\"canonical\" href=\"https:\/\/www.bellunopress.it\/fr\/2012\/11\/15\/birreria-pedavena-i-mercatini-di-natale-piu-grandi-del-veneto\/\" \/>\n<meta property=\"og:locale\" content=\"fr_FR\" \/>\n<meta property=\"og:type\" content=\"article\" \/>\n<meta property=\"og:title\" content=\"Birreria Pedavena: i mercatini di Natale pi\u00f9 grandi del Veneto  - Bellunopress - Dolomiti\" \/>\n<meta property=\"og:description\" content=\"Il Natale a Pedavena arriva prima! Per gli amanti dei profumi e dei colori delle Feste Natalizie da Domenica 18 Novembre infatti sar\u00e0 possibile immergersi in un atmosfera speciale tra oggetti d&#8217;artigianato, idee regalo, caldarroste e vin brul\u00e8. Nel suggestivo Parco della Birreria Pedavena avranno luogo anche quest&#8217;anno i tradizionali Mercatini di Natale, i pi\u00f9 [&hellip;]\" \/>\n<meta property=\"og:url\" content=\"https:\/\/www.bellunopress.it\/fr\/2012\/11\/15\/birreria-pedavena-i-mercatini-di-natale-piu-grandi-del-veneto\/\" \/>\n<meta property=\"og:site_name\" content=\"Bellunopress - Dolomiti\" \/>\n<meta property=\"article:publisher\" content=\"https:\/\/www.facebook.com\/profile.php?id=100008943462799\" \/>\n<meta property=\"article:published_time\" content=\"2012-11-15T18:25:15+00:00\" \/>\n<meta property=\"og:image\" content=\"http:\/\/www.bellunopress.it\/wp-content\/uploads\/2012\/08\/Birreria-Pedavena.jpg\" \/>\n<meta name=\"author\" content=\"redazione\" \/>\n<meta name=\"twitter:card\" content=\"summary_large_image\" \/>\n<meta name=\"twitter:creator\" content=\"@bellunopress\" \/>\n<meta name=\"twitter:site\" content=\"@bellunopress\" \/>\n<meta name=\"twitter:label1\" content=\"\u00c9crit par\" \/>\n\t<meta name=\"twitter:data1\" content=\"redazione\" \/>\n\t<meta name=\"twitter:label2\" content=\"Dur\u00e9e de lecture estim\u00e9e\" \/>\n\t<meta name=\"twitter:data2\" content=\"1 minute\" \/>\n<script type=\"application\/ld+json\" class=\"yoast-schema-graph\">{\"@context\":\"https:\\\/\\\/schema.org\",\"@graph\":[{\"@type\":\"Article\",\"@id\":\"https:\\\/\\\/www.bellunopress.it\\\/2012\\\/11\\\/15\\\/birreria-pedavena-i-mercatini-di-natale-piu-grandi-del-veneto\\\/#article\",\"isPartOf\":{\"@id\":\"https:\\\/\\\/www.bellunopress.it\\\/2012\\\/11\\\/15\\\/birreria-pedavena-i-mercatini-di-natale-piu-grandi-del-veneto\\\/\"},\"author\":{\"name\":\"redazione\",\"@id\":\"https:\\\/\\\/www.bellunopress.it\\\/#\\\/schema\\\/person\\\/79bb06722b37ece1c03d3e94beb30d73\"},\"headline\":\"Birreria Pedavena: i mercatini di Natale pi\u00f9 grandi del Veneto\",\"datePublished\":\"2012-11-15T18:25:15+00:00\",\"mainEntityOfPage\":{\"@id\":\"https:\\\/\\\/www.bellunopress.it\\\/2012\\\/11\\\/15\\\/birreria-pedavena-i-mercatini-di-natale-piu-grandi-del-veneto\\\/\"},\"wordCount\":255,\"publisher\":{\"@id\":\"https:\\\/\\\/www.bellunopress.it\\\/#organization\"},\"image\":{\"@id\":\"https:\\\/\\\/www.bellunopress.it\\\/2012\\\/11\\\/15\\\/birreria-pedavena-i-mercatini-di-natale-piu-grandi-del-veneto\\\/#primaryimage\"},\"thumbnailUrl\":\"http:\\\/\\\/www.bellunopress.it\\\/wp-content\\\/uploads\\\/2012\\\/08\\\/Birreria-Pedavena.jpg\",\"articleSection\":[\"Appuntamenti, Eventi\",\"Prima Pagina\"],\"inLanguage\":\"fr-FR\"},{\"@type\":\"WebPage\",\"@id\":\"https:\\\/\\\/www.bellunopress.it\\\/2012\\\/11\\\/15\\\/birreria-pedavena-i-mercatini-di-natale-piu-grandi-del-veneto\\\/\",\"url\":\"https:\\\/\\\/www.bellunopress.it\\\/2012\\\/11\\\/15\\\/birreria-pedavena-i-mercatini-di-natale-piu-grandi-del-veneto\\\/\",\"name\":\"Birreria Pedavena: i mercatini di Natale pi\u00f9 grandi del Veneto - Bellunopress - Dolomiti\",\"isPartOf\":{\"@id\":\"https:\\\/\\\/www.bellunopress.it\\\/#website\"},\"primaryImageOfPage\":{\"@id\":\"https:\\\/\\\/www.bellunopress.it\\\/2012\\\/11\\\/15\\\/birreria-pedavena-i-mercatini-di-natale-piu-grandi-del-veneto\\\/#primaryimage\"},\"image\":{\"@id\":\"https:\\\/\\\/www.bellunopress.it\\\/2012\\\/11\\\/15\\\/birreria-pedavena-i-mercatini-di-natale-piu-grandi-del-veneto\\\/#primaryimage\"},\"thumbnailUrl\":\"http:\\\/\\\/www.bellunopress.it\\\/wp-content\\\/uploads\\\/2012\\\/08\\\/Birreria-Pedavena.jpg\",\"datePublished\":\"2012-11-15T18:25:15+00:00\",\"breadcrumb\":{\"@id\":\"https:\\\/\\\/www.bellunopress.it\\\/2012\\\/11\\\/15\\\/birreria-pedavena-i-mercatini-di-natale-piu-grandi-del-veneto\\\/#breadcrumb\"},\"inLanguage\":\"fr-FR\",\"potentialAction\":[{\"@type\":\"ReadAction\",\"target\":[\"https:\\\/\\\/www.bellunopress.it\\\/2012\\\/11\\\/15\\\/birreria-pedavena-i-mercatini-di-natale-piu-grandi-del-veneto\\\/\"]}]},{\"@type\":\"ImageObject\",\"inLanguage\":\"fr-FR\",\"@id\":\"https:\\\/\\\/www.bellunopress.it\\\/2012\\\/11\\\/15\\\/birreria-pedavena-i-mercatini-di-natale-piu-grandi-del-veneto\\\/#primaryimage\",\"url\":\"http:\\\/\\\/www.bellunopress.it\\\/wp-content\\\/uploads\\\/2012\\\/08\\\/Birreria-Pedavena.jpg\",\"contentUrl\":\"http:\\\/\\\/www.bellunopress.it\\\/wp-content\\\/uploads\\\/2012\\\/08\\\/Birreria-Pedavena.jpg\"},{\"@type\":\"BreadcrumbList\",\"@id\":\"https:\\\/\\\/www.bellunopress.it\\\/2012\\\/11\\\/15\\\/birreria-pedavena-i-mercatini-di-natale-piu-grandi-del-veneto\\\/#breadcrumb\",\"itemListElement\":[{\"@type\":\"ListItem\",\"position\":1,\"name\":\"Home\",\"item\":\"https:\\\/\\\/www.bellunopress.it\\\/\"},{\"@type\":\"ListItem\",\"position\":2,\"name\":\"Birreria Pedavena: i mercatini di Natale pi\u00f9 grandi del Veneto\"}]},{\"@type\":\"WebSite\",\"@id\":\"https:\\\/\\\/www.bellunopress.it\\\/#website\",\"url\":\"https:\\\/\\\/www.bellunopress.it\\\/\",\"name\":\"Bellunopress - Dolomiti\",\"description\":\"e-mail: redazione@bellunopress.it\",\"publisher\":{\"@id\":\"https:\\\/\\\/www.bellunopress.it\\\/#organization\"},\"potentialAction\":[{\"@type\":\"SearchAction\",\"target\":{\"@type\":\"EntryPoint\",\"urlTemplate\":\"https:\\\/\\\/www.bellunopress.it\\\/?s={search_term_string}\"},\"query-input\":{\"@type\":\"PropertyValueSpecification\",\"valueRequired\":true,\"valueName\":\"search_term_string\"}}],\"inLanguage\":\"fr-FR\"},{\"@type\":\"Organization\",\"@id\":\"https:\\\/\\\/www.bellunopress.it\\\/#organization\",\"name\":\"Bellunopress\",\"url\":\"https:\\\/\\\/www.bellunopress.it\\\/\",\"logo\":{\"@type\":\"ImageObject\",\"inLanguage\":\"fr-FR\",\"@id\":\"https:\\\/\\\/www.bellunopress.it\\\/#\\\/schema\\\/logo\\\/image\\\/\",\"url\":\"https:\\\/\\\/www.bellunopress.it\\\/wp-content\\\/uploads\\\/2011\\\/05\\\/cropped-logo-bellunopress-.jpg\",\"contentUrl\":\"https:\\\/\\\/www.bellunopress.it\\\/wp-content\\\/uploads\\\/2011\\\/05\\\/cropped-logo-bellunopress-.jpg\",\"width\":512,\"height\":512,\"caption\":\"Bellunopress\"},\"image\":{\"@id\":\"https:\\\/\\\/www.bellunopress.it\\\/#\\\/schema\\\/logo\\\/image\\\/\"},\"sameAs\":[\"https:\\\/\\\/www.facebook.com\\\/profile.php?id=100008943462799\",\"https:\\\/\\\/x.com\\\/bellunopress\",\"https:\\\/\\\/www.linkedin.com\\\/hp\\\/?dnr=JBzUWaJfMUw8vbXJJ2tVW5-I3jZKvC4wsoxE&amp;amp;amp;amp;amp;amp;trk=nav_responsive_tab_home\",\"https:\\\/\\\/www.youtube.com\\\/channel\\\/UCxL0wu1uN0_3_7hGG0306cw\"]},{\"@type\":\"Person\",\"@id\":\"https:\\\/\\\/www.bellunopress.it\\\/#\\\/schema\\\/person\\\/79bb06722b37ece1c03d3e94beb30d73\",\"name\":\"redazione\",\"image\":{\"@type\":\"ImageObject\",\"inLanguage\":\"fr-FR\",\"@id\":\"https:\\\/\\\/secure.gravatar.com\\\/avatar\\\/37d968a2e67a6fd04c169c4bdef102d0bc5d31b2546345219e348575eb80e9a0?s=96&d=mm&r=g\",\"url\":\"https:\\\/\\\/secure.gravatar.com\\\/avatar\\\/37d968a2e67a6fd04c169c4bdef102d0bc5d31b2546345219e348575eb80e9a0?s=96&d=mm&r=g\",\"contentUrl\":\"https:\\\/\\\/secure.gravatar.com\\\/avatar\\\/37d968a2e67a6fd04c169c4bdef102d0bc5d31b2546345219e348575eb80e9a0?s=96&d=mm&r=g\",\"caption\":\"redazione\"},\"sameAs\":[\"http:\\\/\\\/www.bellunopress.it\",\"https:\\\/\\\/x.com\\\/bellunopress\"],\"url\":\"https:\\\/\\\/www.bellunopress.it\\\/fr\\\/author\\\/redazione\\\/\"}]}<\/script>\n<!-- \/ Yoast SEO plugin. -->","yoast_head_json":{"title":"Birreria Pedavena: i mercatini di Natale pi\u00f9 grandi del Veneto  - Bellunopress - Dolomiti","robots":{"index":"index","follow":"follow","max-snippet":"max-snippet:-1","max-image-preview":"max-image-preview:large","max-video-preview":"max-video-preview:-1"},"canonical":"https:\/\/www.bellunopress.it\/fr\/2012\/11\/15\/birreria-pedavena-i-mercatini-di-natale-piu-grandi-del-veneto\/","og_locale":"fr_FR","og_type":"article","og_title":"Birreria Pedavena: i mercatini di Natale pi\u00f9 grandi del Veneto  - Bellunopress - Dolomiti","og_description":"Il Natale a Pedavena arriva prima! Per gli amanti dei profumi e dei colori delle Feste Natalizie da Domenica 18 Novembre infatti sar\u00e0 possibile immergersi in un atmosfera speciale tra oggetti d&#8217;artigianato, idee regalo, caldarroste e vin brul\u00e8. Nel suggestivo Parco della Birreria Pedavena avranno luogo anche quest&#8217;anno i tradizionali Mercatini di Natale, i pi\u00f9 [&hellip;]","og_url":"https:\/\/www.bellunopress.it\/fr\/2012\/11\/15\/birreria-pedavena-i-mercatini-di-natale-piu-grandi-del-veneto\/","og_site_name":"Bellunopress - Dolomiti","article_publisher":"https:\/\/www.facebook.com\/profile.php?id=100008943462799","article_published_time":"2012-11-15T18:25:15+00:00","og_image":[{"url":"http:\/\/www.bellunopress.it\/wp-content\/uploads\/2012\/08\/Birreria-Pedavena.jpg","type":"","width":"","height":""}],"author":"redazione","twitter_card":"summary_large_image","twitter_creator":"@bellunopress","twitter_site":"@bellunopress","twitter_misc":{"\u00c9crit par":"redazione","Dur\u00e9e de lecture estim\u00e9e":"1 minute"},"schema":{"@context":"https:\/\/schema.org","@graph":[{"@type":"Article","@id":"https:\/\/www.bellunopress.it\/2012\/11\/15\/birreria-pedavena-i-mercatini-di-natale-piu-grandi-del-veneto\/#article","isPartOf":{"@id":"https:\/\/www.bellunopress.it\/2012\/11\/15\/birreria-pedavena-i-mercatini-di-natale-piu-grandi-del-veneto\/"},"author":{"name":"redazione","@id":"https:\/\/www.bellunopress.it\/#\/schema\/person\/79bb06722b37ece1c03d3e94beb30d73"},"headline":"Birreria Pedavena: i mercatini di Natale pi\u00f9 grandi del Veneto","datePublished":"2012-11-15T18:25:15+00:00","mainEntityOfPage":{"@id":"https:\/\/www.bellunopress.it\/2012\/11\/15\/birreria-pedavena-i-mercatini-di-natale-piu-grandi-del-veneto\/"},"wordCount":255,"publisher":{"@id":"https:\/\/www.bellunopress.it\/#organization"},"image":{"@id":"https:\/\/www.bellunopress.it\/2012\/11\/15\/birreria-pedavena-i-mercatini-di-natale-piu-grandi-del-veneto\/#primaryimage"},"thumbnailUrl":"http:\/\/www.bellunopress.it\/wp-content\/uploads\/2012\/08\/Birreria-Pedavena.jpg","articleSection":["Appuntamenti, Eventi","Prima Pagina"],"inLanguage":"fr-FR"},{"@type":"WebPage","@id":"https:\/\/www.bellunopress.it\/2012\/11\/15\/birreria-pedavena-i-mercatini-di-natale-piu-grandi-del-veneto\/","url":"https:\/\/www.bellunopress.it\/2012\/11\/15\/birreria-pedavena-i-mercatini-di-natale-piu-grandi-del-veneto\/","name":"Birreria Pedavena: i mercatini di Natale pi\u00f9 grandi del Veneto - Bellunopress - Dolomiti","isPartOf":{"@id":"https:\/\/www.bellunopress.it\/#website"},"primaryImageOfPage":{"@id":"https:\/\/www.bellunopress.it\/2012\/11\/15\/birreria-pedavena-i-mercatini-di-natale-piu-grandi-del-veneto\/#primaryimage"},"image":{"@id":"https:\/\/www.bellunopress.it\/2012\/11\/15\/birreria-pedavena-i-mercatini-di-natale-piu-grandi-del-veneto\/#primaryimage"},"thumbnailUrl":"http:\/\/www.bellunopress.it\/wp-content\/uploads\/2012\/08\/Birreria-Pedavena.jpg","datePublished":"2012-11-15T18:25:15+00:00","breadcrumb":{"@id":"https:\/\/www.bellunopress.it\/2012\/11\/15\/birreria-pedavena-i-mercatini-di-natale-piu-grandi-del-veneto\/#breadcrumb"},"inLanguage":"fr-FR","potentialAction":[{"@type":"ReadAction","target":["https:\/\/www.bellunopress.it\/2012\/11\/15\/birreria-pedavena-i-mercatini-di-natale-piu-grandi-del-veneto\/"]}]},{"@type":"ImageObject","inLanguage":"fr-FR","@id":"https:\/\/www.bellunopress.it\/2012\/11\/15\/birreria-pedavena-i-mercatini-di-natale-piu-grandi-del-veneto\/#primaryimage","url":"http:\/\/www.bellunopress.it\/wp-content\/uploads\/2012\/08\/Birreria-Pedavena.jpg","contentUrl":"http:\/\/www.bellunopress.it\/wp-content\/uploads\/2012\/08\/Birreria-Pedavena.jpg"},{"@type":"BreadcrumbList","@id":"https:\/\/www.bellunopress.it\/2012\/11\/15\/birreria-pedavena-i-mercatini-di-natale-piu-grandi-del-veneto\/#breadcrumb","itemListElement":[{"@type":"ListItem","position":1,"name":"Home","item":"https:\/\/www.bellunopress.it\/"},{"@type":"ListItem","position":2,"name":"Birreria Pedavena: i mercatini di Natale pi\u00f9 grandi del Veneto"}]},{"@type":"WebSite","@id":"https:\/\/www.bellunopress.it\/#website","url":"https:\/\/www.bellunopress.it\/","name":"Bellunopress - Dolomiti","description":"e-mail: redazione@bellunopress.it","publisher":{"@id":"https:\/\/www.bellunopress.it\/#organization"},"potentialAction":[{"@type":"SearchAction","target":{"@type":"EntryPoint","urlTemplate":"https:\/\/www.bellunopress.it\/?s={search_term_string}"},"query-input":{"@type":"PropertyValueSpecification","valueRequired":true,"valueName":"search_term_string"}}],"inLanguage":"fr-FR"},{"@type":"Organization","@id":"https:\/\/www.bellunopress.it\/#organization","name":"Bellunopress","url":"https:\/\/www.bellunopress.it\/","logo":{"@type":"ImageObject","inLanguage":"fr-FR","@id":"https:\/\/www.bellunopress.it\/#\/schema\/logo\/image\/","url":"https:\/\/www.bellunopress.it\/wp-content\/uploads\/2011\/05\/cropped-logo-bellunopress-.jpg","contentUrl":"https:\/\/www.bellunopress.it\/wp-content\/uploads\/2011\/05\/cropped-logo-bellunopress-.jpg","width":512,"height":512,"caption":"Bellunopress"},"image":{"@id":"https:\/\/www.bellunopress.it\/#\/schema\/logo\/image\/"},"sameAs":["https:\/\/www.facebook.com\/profile.php?id=100008943462799","https:\/\/x.com\/bellunopress","https:\/\/www.linkedin.com\/hp\/?dnr=JBzUWaJfMUw8vbXJJ2tVW5-I3jZKvC4wsoxE&amp;amp;amp;amp;amp;amp;trk=nav_responsive_tab_home","https:\/\/www.youtube.com\/channel\/UCxL0wu1uN0_3_7hGG0306cw"]},{"@type":"Person","@id":"https:\/\/www.bellunopress.it\/#\/schema\/person\/79bb06722b37ece1c03d3e94beb30d73","name":"r\u00e9daction","image":{"@type":"ImageObject","inLanguage":"fr-FR","@id":"https:\/\/secure.gravatar.com\/avatar\/37d968a2e67a6fd04c169c4bdef102d0bc5d31b2546345219e348575eb80e9a0?s=96&d=mm&r=g","url":"https:\/\/secure.gravatar.com\/avatar\/37d968a2e67a6fd04c169c4bdef102d0bc5d31b2546345219e348575eb80e9a0?s=96&d=mm&r=g","contentUrl":"https:\/\/secure.gravatar.com\/avatar\/37d968a2e67a6fd04c169c4bdef102d0bc5d31b2546345219e348575eb80e9a0?s=96&d=mm&r=g","caption":"redazione"},"sameAs":["http:\/\/www.bellunopress.it","https:\/\/x.com\/bellunopress"],"url":"https:\/\/www.bellunopress.it\/fr\/author\/redazione\/"}]}},"_links":{"self":[{"href":"https:\/\/www.bellunopress.it\/fr\/wp-json\/wp\/v2\/posts\/43939","targetHints":{"allow":["GET"]}}],"collection":[{"href":"https:\/\/www.bellunopress.it\/fr\/wp-json\/wp\/v2\/posts"}],"about":[{"href":"https:\/\/www.bellunopress.it\/fr\/wp-json\/wp\/v2\/types\/post"}],"author":[{"embeddable":true,"href":"https:\/\/www.bellunopress.it\/fr\/wp-json\/wp\/v2\/users\/2"}],"replies":[{"embeddable":true,"href":"https:\/\/www.bellunopress.it\/fr\/wp-json\/wp\/v2\/comments?post=43939"}],"version-history":[{"count":1,"href":"https:\/\/www.bellunopress.it\/fr\/wp-json\/wp\/v2\/posts\/43939\/revisions"}],"predecessor-version":[{"id":43941,"href":"https:\/\/www.bellunopress.it\/fr\/wp-json\/wp\/v2\/posts\/43939\/revisions\/43941"}],"wp:attachment":[{"href":"https:\/\/www.bellunopress.it\/fr\/wp-json\/wp\/v2\/media?parent=43939"}],"wp:term":[{"taxonomy":"category","embeddable":true,"href":"https:\/\/www.bellunopress.it\/fr\/wp-json\/wp\/v2\/categories?post=43939"},{"taxonomy":"post_tag","embeddable":true,"href":"https:\/\/www.bellunopress.it\/fr\/wp-json\/wp\/v2\/tags?post=43939"}],"curies":[{"name":"wp","href":"https:\/\/api.w.org\/{rel}","templated":true}]}}