{"id":43916,"date":"2012-11-15T08:41:48","date_gmt":"2012-11-15T07:41:48","guid":{"rendered":"http:\/\/www.bellunopress.it\/?p=43916"},"modified":"2012-11-15T08:41:48","modified_gmt":"2012-11-15T07:41:48","slug":"piccoli-musei-accoglienza-e-web-algudnei-ad-amalfi-la-tradizione-ladina-in-rete","status":"publish","type":"post","link":"https:\/\/www.bellunopress.it\/fr\/2012\/11\/15\/piccoli-musei-accoglienza-e-web-algudnei-ad-amalfi-la-tradizione-ladina-in-rete\/","title":{"rendered":"Piccoli Musei, accoglienza e web. Algudnei ad Amalfi: la tradizione ladina in rete"},"content":{"rendered":"<p><a href=\"http:\/\/www.bellunopress.it\/wp-content\/uploads\/2012\/11\/Marta-De-Zolt.bmp\"><img decoding=\"async\" class=\"alignleft size-full wp-image-43917\" title=\"Marta De Zolt\" src=\"http:\/\/www.bellunopress.it\/wp-content\/uploads\/2012\/11\/Marta-De-Zolt.bmp\" alt=\"\" \/><\/a>L&#8217;accoglienza nei musei passa anche attraverso il web. \u00c8 stata questa una delle proposte emerse dal Terzo Convegno Nazionale dei Piccoli Musei tenutosi ad Amalfi (Sa) il 5-6 novembre.<\/p>\n<p>Significativa \u00e8 stata la la testimonianza dello Spazio Algudnei di Comelico Superiore, invitato dal presidente dell&#8217;APM Giancarlo Dall&#8217;Ara a portare la sua esperienza con un contributo dal titolo \u201cCultura Ladina: la tradizione millenaria rivive nel web 2.0\u201d . \u201cIl nostro museo ha sviluppato un rapporto nuovo fra tecnologie e cultura ladina\u201d spiega Marta De Zolt (nella foto), curatrice dei profili social Algudnei, \u201cattraverso il web 2.0 dialoghiamo non solo con gli abitanti della Val Comelico ma abbiamo creato uno spazio virtuale dove anche i ladini delle altre valli possono confrontarsi, farci conoscere le loro tradizioni e interagire con noi \u201d.<\/p>\n<p>L&#8217;accoglienza di un museo, tema del Convengo e valore condiviso dall&#8217;Associazione Nazionale dei Piccoli Musei, passa anche attraverso il web e \u201cAlgudnei ha illustrato gli aspetti fondamentali di un social accogliente\u201d continua Marta De Zolt \u201cche sono l&#8217;attenzione e l&#8217;interazione con gli utenti, proporre temi stimolando la curiosit\u00e0 per la nostra vallata e soprattutto lasciare libero spazio al dialogo e al confronto\u201d. Algudnei \u00e8 presente su facebook (www.facebook.com\/algudnei) e twitter (@Algudnei) e dialoga con i followers pubblicando immagini, proverbi e aneddoti della cultura ladina dando vita ad un Archivio Interattivo delle Tradizioni in formato 2.0 che raccoglie, e accoglie, stimoli e confronti superando i confini della vallata e della stessa ladinia.<\/p>","protected":false},"excerpt":{"rendered":"<p>L&#8217;accoglienza nei musei passa anche attraverso il web. \u00c8 stata questa una delle proposte emerse dal Terzo Convegno Nazionale dei Piccoli Musei tenutosi ad Amalfi (Sa) il 5-6 novembre. Significativa \u00e8 stata la la testimonianza dello Spazio Algudnei di Comelico Superiore, invitato dal presidente dell&#8217;APM Giancarlo Dall&#8217;Ara a portare la sua esperienza con un contributo [&hellip;]<\/p>\n","protected":false},"author":2,"featured_media":0,"comment_status":"closed","ping_status":"open","sticky":false,"template":"","format":"standard","meta":{"footnotes":""},"categories":[3,26],"tags":[],"class_list":["post-43916","post","type-post","status-publish","format-standard","category-arte-cultura-spettacoli-scienza-archivi","category-prima-pagina"],"yoast_head":"<!-- This site is optimized with the Yoast SEO plugin v28.4 - https:\/\/yoast.com\/product\/yoast-seo-wordpress\/ -->\n<title>Piccoli Musei, accoglienza e web. Algudnei ad Amalfi: la tradizione ladina in rete - Bellunopress - Dolomiti<\/title>\n<meta name=\"robots\" content=\"index, follow, max-snippet:-1, max-image-preview:large, max-video-preview:-1\" \/>\n<link rel=\"canonical\" href=\"https:\/\/www.bellunopress.it\/fr\/2012\/11\/15\/piccoli-musei-accoglienza-e-web-algudnei-ad-amalfi-la-tradizione-ladina-in-rete\/\" \/>\n<meta property=\"og:locale\" content=\"fr_FR\" \/>\n<meta property=\"og:type\" content=\"article\" \/>\n<meta property=\"og:title\" content=\"Piccoli Musei, accoglienza e web. Algudnei ad Amalfi: la tradizione ladina in rete - Bellunopress - Dolomiti\" \/>\n<meta property=\"og:description\" content=\"L&#8217;accoglienza nei musei passa anche attraverso il web. \u00c8 stata questa una delle proposte emerse dal Terzo Convegno Nazionale dei Piccoli Musei tenutosi ad Amalfi (Sa) il 5-6 novembre. Significativa \u00e8 stata la la testimonianza dello Spazio Algudnei di Comelico Superiore, invitato dal presidente dell&#8217;APM Giancarlo Dall&#8217;Ara a portare la sua esperienza con un contributo [&hellip;]\" \/>\n<meta property=\"og:url\" content=\"https:\/\/www.bellunopress.it\/fr\/2012\/11\/15\/piccoli-musei-accoglienza-e-web-algudnei-ad-amalfi-la-tradizione-ladina-in-rete\/\" \/>\n<meta property=\"og:site_name\" content=\"Bellunopress - Dolomiti\" \/>\n<meta property=\"article:publisher\" content=\"https:\/\/www.facebook.com\/profile.php?id=100008943462799\" \/>\n<meta property=\"article:published_time\" content=\"2012-11-15T07:41:48+00:00\" \/>\n<meta property=\"og:image\" content=\"http:\/\/www.bellunopress.it\/wp-content\/uploads\/2012\/11\/Marta-De-Zolt.bmp\" \/>\n<meta name=\"author\" content=\"redazione\" \/>\n<meta name=\"twitter:card\" content=\"summary_large_image\" \/>\n<meta name=\"twitter:creator\" content=\"@bellunopress\" \/>\n<meta name=\"twitter:site\" content=\"@bellunopress\" \/>\n<meta name=\"twitter:label1\" content=\"\u00c9crit par\" \/>\n\t<meta name=\"twitter:data1\" content=\"redazione\" \/>\n\t<meta name=\"twitter:label2\" content=\"Dur\u00e9e de lecture estim\u00e9e\" \/>\n\t<meta name=\"twitter:data2\" content=\"1 minute\" \/>\n<script type=\"application\/ld+json\" class=\"yoast-schema-graph\">{\"@context\":\"https:\\\/\\\/schema.org\",\"@graph\":[{\"@type\":\"Article\",\"@id\":\"https:\\\/\\\/www.bellunopress.it\\\/2012\\\/11\\\/15\\\/piccoli-musei-accoglienza-e-web-algudnei-ad-amalfi-la-tradizione-ladina-in-rete\\\/#article\",\"isPartOf\":{\"@id\":\"https:\\\/\\\/www.bellunopress.it\\\/2012\\\/11\\\/15\\\/piccoli-musei-accoglienza-e-web-algudnei-ad-amalfi-la-tradizione-ladina-in-rete\\\/\"},\"author\":{\"name\":\"redazione\",\"@id\":\"https:\\\/\\\/www.bellunopress.it\\\/#\\\/schema\\\/person\\\/79bb06722b37ece1c03d3e94beb30d73\"},\"headline\":\"Piccoli Musei, accoglienza e web. Algudnei ad Amalfi: la tradizione ladina in rete\",\"datePublished\":\"2012-11-15T07:41:48+00:00\",\"mainEntityOfPage\":{\"@id\":\"https:\\\/\\\/www.bellunopress.it\\\/2012\\\/11\\\/15\\\/piccoli-musei-accoglienza-e-web-algudnei-ad-amalfi-la-tradizione-ladina-in-rete\\\/\"},\"wordCount\":255,\"publisher\":{\"@id\":\"https:\\\/\\\/www.bellunopress.it\\\/#organization\"},\"image\":{\"@id\":\"https:\\\/\\\/www.bellunopress.it\\\/2012\\\/11\\\/15\\\/piccoli-musei-accoglienza-e-web-algudnei-ad-amalfi-la-tradizione-ladina-in-rete\\\/#primaryimage\"},\"thumbnailUrl\":\"http:\\\/\\\/www.bellunopress.it\\\/wp-content\\\/uploads\\\/2012\\\/11\\\/Marta-De-Zolt.bmp\",\"articleSection\":[\"Arte, Cultura, Spettacoli, Scienza\",\"Prima Pagina\"],\"inLanguage\":\"fr-FR\"},{\"@type\":\"WebPage\",\"@id\":\"https:\\\/\\\/www.bellunopress.it\\\/2012\\\/11\\\/15\\\/piccoli-musei-accoglienza-e-web-algudnei-ad-amalfi-la-tradizione-ladina-in-rete\\\/\",\"url\":\"https:\\\/\\\/www.bellunopress.it\\\/2012\\\/11\\\/15\\\/piccoli-musei-accoglienza-e-web-algudnei-ad-amalfi-la-tradizione-ladina-in-rete\\\/\",\"name\":\"Piccoli Musei, accoglienza e web. Algudnei ad Amalfi: la tradizione ladina in rete - Bellunopress - Dolomiti\",\"isPartOf\":{\"@id\":\"https:\\\/\\\/www.bellunopress.it\\\/#website\"},\"primaryImageOfPage\":{\"@id\":\"https:\\\/\\\/www.bellunopress.it\\\/2012\\\/11\\\/15\\\/piccoli-musei-accoglienza-e-web-algudnei-ad-amalfi-la-tradizione-ladina-in-rete\\\/#primaryimage\"},\"image\":{\"@id\":\"https:\\\/\\\/www.bellunopress.it\\\/2012\\\/11\\\/15\\\/piccoli-musei-accoglienza-e-web-algudnei-ad-amalfi-la-tradizione-ladina-in-rete\\\/#primaryimage\"},\"thumbnailUrl\":\"http:\\\/\\\/www.bellunopress.it\\\/wp-content\\\/uploads\\\/2012\\\/11\\\/Marta-De-Zolt.bmp\",\"datePublished\":\"2012-11-15T07:41:48+00:00\",\"breadcrumb\":{\"@id\":\"https:\\\/\\\/www.bellunopress.it\\\/2012\\\/11\\\/15\\\/piccoli-musei-accoglienza-e-web-algudnei-ad-amalfi-la-tradizione-ladina-in-rete\\\/#breadcrumb\"},\"inLanguage\":\"fr-FR\",\"potentialAction\":[{\"@type\":\"ReadAction\",\"target\":[\"https:\\\/\\\/www.bellunopress.it\\\/2012\\\/11\\\/15\\\/piccoli-musei-accoglienza-e-web-algudnei-ad-amalfi-la-tradizione-ladina-in-rete\\\/\"]}]},{\"@type\":\"ImageObject\",\"inLanguage\":\"fr-FR\",\"@id\":\"https:\\\/\\\/www.bellunopress.it\\\/2012\\\/11\\\/15\\\/piccoli-musei-accoglienza-e-web-algudnei-ad-amalfi-la-tradizione-ladina-in-rete\\\/#primaryimage\",\"url\":\"http:\\\/\\\/www.bellunopress.it\\\/wp-content\\\/uploads\\\/2012\\\/11\\\/Marta-De-Zolt.bmp\",\"contentUrl\":\"http:\\\/\\\/www.bellunopress.it\\\/wp-content\\\/uploads\\\/2012\\\/11\\\/Marta-De-Zolt.bmp\"},{\"@type\":\"BreadcrumbList\",\"@id\":\"https:\\\/\\\/www.bellunopress.it\\\/2012\\\/11\\\/15\\\/piccoli-musei-accoglienza-e-web-algudnei-ad-amalfi-la-tradizione-ladina-in-rete\\\/#breadcrumb\",\"itemListElement\":[{\"@type\":\"ListItem\",\"position\":1,\"name\":\"Home\",\"item\":\"https:\\\/\\\/www.bellunopress.it\\\/\"},{\"@type\":\"ListItem\",\"position\":2,\"name\":\"Piccoli Musei, accoglienza e web. Algudnei ad Amalfi: la tradizione ladina in rete\"}]},{\"@type\":\"WebSite\",\"@id\":\"https:\\\/\\\/www.bellunopress.it\\\/#website\",\"url\":\"https:\\\/\\\/www.bellunopress.it\\\/\",\"name\":\"Bellunopress - Dolomiti\",\"description\":\"e-mail: redazione@bellunopress.it\",\"publisher\":{\"@id\":\"https:\\\/\\\/www.bellunopress.it\\\/#organization\"},\"potentialAction\":[{\"@type\":\"SearchAction\",\"target\":{\"@type\":\"EntryPoint\",\"urlTemplate\":\"https:\\\/\\\/www.bellunopress.it\\\/?s={search_term_string}\"},\"query-input\":{\"@type\":\"PropertyValueSpecification\",\"valueRequired\":true,\"valueName\":\"search_term_string\"}}],\"inLanguage\":\"fr-FR\"},{\"@type\":\"Organization\",\"@id\":\"https:\\\/\\\/www.bellunopress.it\\\/#organization\",\"name\":\"Bellunopress\",\"url\":\"https:\\\/\\\/www.bellunopress.it\\\/\",\"logo\":{\"@type\":\"ImageObject\",\"inLanguage\":\"fr-FR\",\"@id\":\"https:\\\/\\\/www.bellunopress.it\\\/#\\\/schema\\\/logo\\\/image\\\/\",\"url\":\"https:\\\/\\\/www.bellunopress.it\\\/wp-content\\\/uploads\\\/2011\\\/05\\\/cropped-logo-bellunopress-.jpg\",\"contentUrl\":\"https:\\\/\\\/www.bellunopress.it\\\/wp-content\\\/uploads\\\/2011\\\/05\\\/cropped-logo-bellunopress-.jpg\",\"width\":512,\"height\":512,\"caption\":\"Bellunopress\"},\"image\":{\"@id\":\"https:\\\/\\\/www.bellunopress.it\\\/#\\\/schema\\\/logo\\\/image\\\/\"},\"sameAs\":[\"https:\\\/\\\/www.facebook.com\\\/profile.php?id=100008943462799\",\"https:\\\/\\\/x.com\\\/bellunopress\",\"https:\\\/\\\/www.linkedin.com\\\/hp\\\/?dnr=JBzUWaJfMUw8vbXJJ2tVW5-I3jZKvC4wsoxE&amp;amp;amp;amp;amp;amp;trk=nav_responsive_tab_home\",\"https:\\\/\\\/www.youtube.com\\\/channel\\\/UCxL0wu1uN0_3_7hGG0306cw\"]},{\"@type\":\"Person\",\"@id\":\"https:\\\/\\\/www.bellunopress.it\\\/#\\\/schema\\\/person\\\/79bb06722b37ece1c03d3e94beb30d73\",\"name\":\"redazione\",\"image\":{\"@type\":\"ImageObject\",\"inLanguage\":\"fr-FR\",\"@id\":\"https:\\\/\\\/secure.gravatar.com\\\/avatar\\\/37d968a2e67a6fd04c169c4bdef102d0bc5d31b2546345219e348575eb80e9a0?s=96&d=mm&r=g\",\"url\":\"https:\\\/\\\/secure.gravatar.com\\\/avatar\\\/37d968a2e67a6fd04c169c4bdef102d0bc5d31b2546345219e348575eb80e9a0?s=96&d=mm&r=g\",\"contentUrl\":\"https:\\\/\\\/secure.gravatar.com\\\/avatar\\\/37d968a2e67a6fd04c169c4bdef102d0bc5d31b2546345219e348575eb80e9a0?s=96&d=mm&r=g\",\"caption\":\"redazione\"},\"sameAs\":[\"http:\\\/\\\/www.bellunopress.it\",\"https:\\\/\\\/x.com\\\/bellunopress\"],\"url\":\"https:\\\/\\\/www.bellunopress.it\\\/fr\\\/author\\\/redazione\\\/\"}]}<\/script>\n<!-- \/ Yoast SEO plugin. -->","yoast_head_json":{"title":"Piccoli Musei, accoglienza e web. Algudnei ad Amalfi: la tradizione ladina in rete - Bellunopress - Dolomiti","robots":{"index":"index","follow":"follow","max-snippet":"max-snippet:-1","max-image-preview":"max-image-preview:large","max-video-preview":"max-video-preview:-1"},"canonical":"https:\/\/www.bellunopress.it\/fr\/2012\/11\/15\/piccoli-musei-accoglienza-e-web-algudnei-ad-amalfi-la-tradizione-ladina-in-rete\/","og_locale":"fr_FR","og_type":"article","og_title":"Piccoli Musei, accoglienza e web. Algudnei ad Amalfi: la tradizione ladina in rete - Bellunopress - Dolomiti","og_description":"L&#8217;accoglienza nei musei passa anche attraverso il web. \u00c8 stata questa una delle proposte emerse dal Terzo Convegno Nazionale dei Piccoli Musei tenutosi ad Amalfi (Sa) il 5-6 novembre. Significativa \u00e8 stata la la testimonianza dello Spazio Algudnei di Comelico Superiore, invitato dal presidente dell&#8217;APM Giancarlo Dall&#8217;Ara a portare la sua esperienza con un contributo [&hellip;]","og_url":"https:\/\/www.bellunopress.it\/fr\/2012\/11\/15\/piccoli-musei-accoglienza-e-web-algudnei-ad-amalfi-la-tradizione-ladina-in-rete\/","og_site_name":"Bellunopress - Dolomiti","article_publisher":"https:\/\/www.facebook.com\/profile.php?id=100008943462799","article_published_time":"2012-11-15T07:41:48+00:00","og_image":[{"url":"http:\/\/www.bellunopress.it\/wp-content\/uploads\/2012\/11\/Marta-De-Zolt.bmp","type":"","width":"","height":""}],"author":"redazione","twitter_card":"summary_large_image","twitter_creator":"@bellunopress","twitter_site":"@bellunopress","twitter_misc":{"\u00c9crit par":"redazione","Dur\u00e9e de lecture estim\u00e9e":"1 minute"},"schema":{"@context":"https:\/\/schema.org","@graph":[{"@type":"Article","@id":"https:\/\/www.bellunopress.it\/2012\/11\/15\/piccoli-musei-accoglienza-e-web-algudnei-ad-amalfi-la-tradizione-ladina-in-rete\/#article","isPartOf":{"@id":"https:\/\/www.bellunopress.it\/2012\/11\/15\/piccoli-musei-accoglienza-e-web-algudnei-ad-amalfi-la-tradizione-ladina-in-rete\/"},"author":{"name":"redazione","@id":"https:\/\/www.bellunopress.it\/#\/schema\/person\/79bb06722b37ece1c03d3e94beb30d73"},"headline":"Piccoli Musei, accoglienza e web. Algudnei ad Amalfi: la tradizione ladina in rete","datePublished":"2012-11-15T07:41:48+00:00","mainEntityOfPage":{"@id":"https:\/\/www.bellunopress.it\/2012\/11\/15\/piccoli-musei-accoglienza-e-web-algudnei-ad-amalfi-la-tradizione-ladina-in-rete\/"},"wordCount":255,"publisher":{"@id":"https:\/\/www.bellunopress.it\/#organization"},"image":{"@id":"https:\/\/www.bellunopress.it\/2012\/11\/15\/piccoli-musei-accoglienza-e-web-algudnei-ad-amalfi-la-tradizione-ladina-in-rete\/#primaryimage"},"thumbnailUrl":"http:\/\/www.bellunopress.it\/wp-content\/uploads\/2012\/11\/Marta-De-Zolt.bmp","articleSection":["Arte, Cultura, Spettacoli, Scienza","Prima Pagina"],"inLanguage":"fr-FR"},{"@type":"WebPage","@id":"https:\/\/www.bellunopress.it\/2012\/11\/15\/piccoli-musei-accoglienza-e-web-algudnei-ad-amalfi-la-tradizione-ladina-in-rete\/","url":"https:\/\/www.bellunopress.it\/2012\/11\/15\/piccoli-musei-accoglienza-e-web-algudnei-ad-amalfi-la-tradizione-ladina-in-rete\/","name":"Piccoli Musei, accoglienza e web. Algudnei ad Amalfi: la tradizione ladina in rete - Bellunopress - Dolomiti","isPartOf":{"@id":"https:\/\/www.bellunopress.it\/#website"},"primaryImageOfPage":{"@id":"https:\/\/www.bellunopress.it\/2012\/11\/15\/piccoli-musei-accoglienza-e-web-algudnei-ad-amalfi-la-tradizione-ladina-in-rete\/#primaryimage"},"image":{"@id":"https:\/\/www.bellunopress.it\/2012\/11\/15\/piccoli-musei-accoglienza-e-web-algudnei-ad-amalfi-la-tradizione-ladina-in-rete\/#primaryimage"},"thumbnailUrl":"http:\/\/www.bellunopress.it\/wp-content\/uploads\/2012\/11\/Marta-De-Zolt.bmp","datePublished":"2012-11-15T07:41:48+00:00","breadcrumb":{"@id":"https:\/\/www.bellunopress.it\/2012\/11\/15\/piccoli-musei-accoglienza-e-web-algudnei-ad-amalfi-la-tradizione-ladina-in-rete\/#breadcrumb"},"inLanguage":"fr-FR","potentialAction":[{"@type":"ReadAction","target":["https:\/\/www.bellunopress.it\/2012\/11\/15\/piccoli-musei-accoglienza-e-web-algudnei-ad-amalfi-la-tradizione-ladina-in-rete\/"]}]},{"@type":"ImageObject","inLanguage":"fr-FR","@id":"https:\/\/www.bellunopress.it\/2012\/11\/15\/piccoli-musei-accoglienza-e-web-algudnei-ad-amalfi-la-tradizione-ladina-in-rete\/#primaryimage","url":"http:\/\/www.bellunopress.it\/wp-content\/uploads\/2012\/11\/Marta-De-Zolt.bmp","contentUrl":"http:\/\/www.bellunopress.it\/wp-content\/uploads\/2012\/11\/Marta-De-Zolt.bmp"},{"@type":"BreadcrumbList","@id":"https:\/\/www.bellunopress.it\/2012\/11\/15\/piccoli-musei-accoglienza-e-web-algudnei-ad-amalfi-la-tradizione-ladina-in-rete\/#breadcrumb","itemListElement":[{"@type":"ListItem","position":1,"name":"Home","item":"https:\/\/www.bellunopress.it\/"},{"@type":"ListItem","position":2,"name":"Piccoli Musei, accoglienza e web. Algudnei ad Amalfi: la tradizione ladina in rete"}]},{"@type":"WebSite","@id":"https:\/\/www.bellunopress.it\/#website","url":"https:\/\/www.bellunopress.it\/","name":"Bellunopress - Dolomiti","description":"e-mail: redazione@bellunopress.it","publisher":{"@id":"https:\/\/www.bellunopress.it\/#organization"},"potentialAction":[{"@type":"SearchAction","target":{"@type":"EntryPoint","urlTemplate":"https:\/\/www.bellunopress.it\/?s={search_term_string}"},"query-input":{"@type":"PropertyValueSpecification","valueRequired":true,"valueName":"search_term_string"}}],"inLanguage":"fr-FR"},{"@type":"Organization","@id":"https:\/\/www.bellunopress.it\/#organization","name":"Bellunopress","url":"https:\/\/www.bellunopress.it\/","logo":{"@type":"ImageObject","inLanguage":"fr-FR","@id":"https:\/\/www.bellunopress.it\/#\/schema\/logo\/image\/","url":"https:\/\/www.bellunopress.it\/wp-content\/uploads\/2011\/05\/cropped-logo-bellunopress-.jpg","contentUrl":"https:\/\/www.bellunopress.it\/wp-content\/uploads\/2011\/05\/cropped-logo-bellunopress-.jpg","width":512,"height":512,"caption":"Bellunopress"},"image":{"@id":"https:\/\/www.bellunopress.it\/#\/schema\/logo\/image\/"},"sameAs":["https:\/\/www.facebook.com\/profile.php?id=100008943462799","https:\/\/x.com\/bellunopress","https:\/\/www.linkedin.com\/hp\/?dnr=JBzUWaJfMUw8vbXJJ2tVW5-I3jZKvC4wsoxE&amp;amp;amp;amp;amp;amp;trk=nav_responsive_tab_home","https:\/\/www.youtube.com\/channel\/UCxL0wu1uN0_3_7hGG0306cw"]},{"@type":"Person","@id":"https:\/\/www.bellunopress.it\/#\/schema\/person\/79bb06722b37ece1c03d3e94beb30d73","name":"r\u00e9daction","image":{"@type":"ImageObject","inLanguage":"fr-FR","@id":"https:\/\/secure.gravatar.com\/avatar\/37d968a2e67a6fd04c169c4bdef102d0bc5d31b2546345219e348575eb80e9a0?s=96&d=mm&r=g","url":"https:\/\/secure.gravatar.com\/avatar\/37d968a2e67a6fd04c169c4bdef102d0bc5d31b2546345219e348575eb80e9a0?s=96&d=mm&r=g","contentUrl":"https:\/\/secure.gravatar.com\/avatar\/37d968a2e67a6fd04c169c4bdef102d0bc5d31b2546345219e348575eb80e9a0?s=96&d=mm&r=g","caption":"redazione"},"sameAs":["http:\/\/www.bellunopress.it","https:\/\/x.com\/bellunopress"],"url":"https:\/\/www.bellunopress.it\/fr\/author\/redazione\/"}]}},"_links":{"self":[{"href":"https:\/\/www.bellunopress.it\/fr\/wp-json\/wp\/v2\/posts\/43916","targetHints":{"allow":["GET"]}}],"collection":[{"href":"https:\/\/www.bellunopress.it\/fr\/wp-json\/wp\/v2\/posts"}],"about":[{"href":"https:\/\/www.bellunopress.it\/fr\/wp-json\/wp\/v2\/types\/post"}],"author":[{"embeddable":true,"href":"https:\/\/www.bellunopress.it\/fr\/wp-json\/wp\/v2\/users\/2"}],"replies":[{"embeddable":true,"href":"https:\/\/www.bellunopress.it\/fr\/wp-json\/wp\/v2\/comments?post=43916"}],"version-history":[{"count":1,"href":"https:\/\/www.bellunopress.it\/fr\/wp-json\/wp\/v2\/posts\/43916\/revisions"}],"predecessor-version":[{"id":43918,"href":"https:\/\/www.bellunopress.it\/fr\/wp-json\/wp\/v2\/posts\/43916\/revisions\/43918"}],"wp:attachment":[{"href":"https:\/\/www.bellunopress.it\/fr\/wp-json\/wp\/v2\/media?parent=43916"}],"wp:term":[{"taxonomy":"category","embeddable":true,"href":"https:\/\/www.bellunopress.it\/fr\/wp-json\/wp\/v2\/categories?post=43916"},{"taxonomy":"post_tag","embeddable":true,"href":"https:\/\/www.bellunopress.it\/fr\/wp-json\/wp\/v2\/tags?post=43916"}],"curies":[{"name":"wp","href":"https:\/\/api.w.org\/{rel}","templated":true}]}}