{"id":43900,"date":"2012-11-14T17:44:19","date_gmt":"2012-11-14T16:44:19","guid":{"rendered":"http:\/\/www.bellunopress.it\/?p=43900"},"modified":"2012-11-14T17:47:55","modified_gmt":"2012-11-14T16:47:55","slug":"altogusto-la-rassegna-enogastronomica-della-cucina-delle-dolomiti-venerdi-fa-tappa-al-borgo","status":"publish","type":"post","link":"https:\/\/www.bellunopress.it\/fr\/2012\/11\/14\/altogusto-la-rassegna-enogastronomica-della-cucina-delle-dolomiti-venerdi-fa-tappa-al-borgo\/","title":{"rendered":"Altogusto, la rassegna enogastronomica della cucina delle Dolomiti venerd\u00ec fa tappa Al Borgo"},"content":{"rendered":"<p><a href=\"http:\/\/www.bellunopress.it\/wp-content\/uploads\/2010\/11\/ristorante-al-borgo-250x170.jpg\"><img loading=\"lazy\" decoding=\"async\" class=\"alignleft size-full wp-image-21323\" title=\"ristorante-al-borgo-250x170\" src=\"http:\/\/www.bellunopress.it\/wp-content\/uploads\/2010\/11\/ristorante-al-borgo-250x170.jpg\" alt=\"\" width=\"256\" height=\"171\" \/><\/a>L&#8217;appuntamento, in programma venerd\u00ec 16 novembre, sar\u00e0 ospitato dal ristorante Al Borgo. Verr\u00e0 proposto un menu ricco di fantasia dal tema \u0093La seduzione della cucina\u0094. In abbinamento grandi vini dell&#8217;Alto Adige.<\/p>\n<p>nella foto: &#8220;incorniciati&#8221; Giuliano Viel e la sua signora Flora, accanto i figli Luca (a sinistra) e Davide (a destra)<\/p>\n<p>&nbsp;<\/p>\n<p>Da Sappada a Belluno per il secondo appuntamento di AltoGusto, la rassegna enogastronomica dedicata alla grande cucina delle Dolomiti bellunesi. Dopo l&#8217;esordio al ristorante Mondschein, il prossimo venerd\u00ec 16 novembre, la manifestazione si sposta nel capoluogo e questa volta il compito di accogliere i gourmet toccher\u00e0 alla famiglia Viel, nella calda atmosfera del ristorante Al Borgo. L&#8217;appuntamento \u00e8 quindi nello storico locale di via Anconetta, ricavato all&#8217;interno di una autentica villa settecentesca restaurata, nei pressi di quella che fu la dimora di Dino Buzzati e della cappella dove ora il grande scrittore e pittore bellunese riposa. Tema della serata \u0093La seduzione della cucina\u0094, motivo intrigante che dar\u00e0 la possibilit\u00e0 allo staff del Borgo, da sempre grande interprete della tradizione culinaria locale, di esprimersi liberando creativit\u00e0 e fantasia. I piatti del menu, ideato per l&#8217;occasione, verranno coniugati con i vini di qualit\u00e0 del produttore di Merano Hartamann Don\u00e0. Ecco quindi la Quiche ai cuori di carciofi e il Sauvignon 2010, che daranno il via a una serata ricca di tentazioni gastronomiche. A seguire, il Filetto di maialino con seduzione di agrumi che sar\u00e0 il partner del Don\u00e0 blanc 2008 ottenuto da Pinot bianco e chardonnay. Il Don\u00e0 rouge 2008 , figlio di un intelligente connubio fra Schiava, Pinot e Lagrein, accompagner\u00e0 poi il Raviolo al radicchio \u0093 rosso passione\u0093. L&#8217;incontro di baci e spinaci su guancia di vitello sar\u00e0 coronato da un nobile Pinot nero in purezza. Concluder\u00e0 l\u0092avventura un Bacio di cioccolato con crema alla vaniglia e Promesse di nocciole. Il prezzo della serata \u00e8 di 45 euro inclusi gli abbinamenti con i vini. Info allo 0437.926755.<\/p>\n<p>Dopo la serata al ristorante Al Borgo, AltoGusto proseguir\u00e0 con altri 8 appuntamenti:<\/p>\n<p>venerd\u00ec 30 novembre 2012 \u0093Al Capriolo\u0094, Vodo di Cadore (tel. 0435.489207)<\/p>\n<p>venerd\u00ec 14 dicembre 2012 \u0093Tivoli\u0094, Cortina d&#8217;Ampezzo (tel. 0436.866400)<\/p>\n<p>venerd\u00ec 25 gennaio 2013 \u0093Da Aurelio\u0094, Passo Giau ( tel. 0437.720118)<\/p>\n<p>venerd\u00ec 8 febbraio 2013 \u0093Dolada\u0094, Plois di Pieve d\u0092Alpago (tel. 0437.479141)<\/p>\n<p>venerd\u00ec 22 marzo 2013 \u0093Baita Fraina\u0094, Cortina d&#8217;Ampezzo (tel. 0436.3634)<\/p>\n<p>venerd\u00ec 19 aprile 2013 \u0093Alle Codole\u0094, Canale d\u0092Agordo (tel. 0437.590396)<\/p>\n<p>venerd\u00ec 10 e sabato 11 maggio 2013, \u0093Laite\u0094, Sappada (tel. 0435.469070)<\/p>\n<p>venerd\u00ec 7 giugno 2013 \u0093Locanda San Lorenzo\u0094, Puos d\u0092Alpago, (tel. 0437.454048)<\/p>\n<p>AltoGusto \u00e8 un\u00b4associazione nata nel 2006 che riunisce dieci ristoranti bellunesi: Da Aurelio (Passo Giau), Al Borgo (Belluno), Al Capriolo (Vodo di Cadore), Alle Codole (Canale d\u00b4Agordo), Dolada (Pieve d\u00b4Alpago), Baita Fraina (Cortina d\u00b4Ampezzo), Laite (Sappada), Mondschein (Sappada), Tivoli (Cortina d\u00b4Ampezzo), Locanda San Lorenzo (Puos d\u00b4Alpago). Immersi nello splendido paesaggio delle Dolomiti, i locali protagonisti del sodalizio sono accomunati dall\u0092amore per la propria terra, dal rispetto per la sua cultura e per le sue tradizioni culinarie, e dalla volont\u00e0 di valorizzarne i pregiati prodotti tipici attraverso una cucina capace di richiamare alla memoria gli odori e i sapori del territorio, ma allo stesso tempo ricercata e innovativa.<\/p>","protected":false},"excerpt":{"rendered":"<p>L&#8217;appuntamento, in programma venerd\u00ec 16 novembre, sar\u00e0 ospitato dal ristorante Al Borgo. Verr\u00e0 proposto un menu ricco di fantasia dal tema \u0093La seduzione della cucina\u0094. In abbinamento grandi vini dell&#8217;Alto Adige. nella foto: &#8220;incorniciati&#8221; Giuliano Viel e la sua signora Flora, accanto i figli Luca (a sinistra) e Davide (a destra) &nbsp; Da Sappada a [&hellip;]<\/p>\n","protected":false},"author":2,"featured_media":0,"comment_status":"closed","ping_status":"open","sticky":false,"template":"","format":"standard","meta":{"footnotes":""},"categories":[27,25],"tags":[],"class_list":["post-43900","post","type-post","status-publish","format-standard","category-appuntamenti","category-pausa-caffe"],"yoast_head":"<!-- This site is optimized with the Yoast SEO plugin v28.4 - https:\/\/yoast.com\/product\/yoast-seo-wordpress\/ -->\n<title>Altogusto, la rassegna enogastronomica della cucina delle Dolomiti venerd\u00ec fa tappa Al Borgo - Bellunopress - Dolomiti<\/title>\n<meta name=\"robots\" content=\"index, follow, max-snippet:-1, max-image-preview:large, max-video-preview:-1\" \/>\n<link rel=\"canonical\" href=\"https:\/\/www.bellunopress.it\/fr\/2012\/11\/14\/altogusto-la-rassegna-enogastronomica-della-cucina-delle-dolomiti-venerdi-fa-tappa-al-borgo\/\" \/>\n<meta property=\"og:locale\" content=\"fr_FR\" \/>\n<meta property=\"og:type\" content=\"article\" \/>\n<meta property=\"og:title\" content=\"Altogusto, la rassegna enogastronomica della cucina delle Dolomiti venerd\u00ec fa tappa Al Borgo - Bellunopress - Dolomiti\" \/>\n<meta property=\"og:description\" content=\"L&#8217;appuntamento, in programma venerd\u00ec 16 novembre, sar\u00e0 ospitato dal ristorante Al Borgo. Verr\u00e0 proposto un menu ricco di fantasia dal tema \u0093La seduzione della cucina\u0094. In abbinamento grandi vini dell&#8217;Alto Adige. nella foto: &#8220;incorniciati&#8221; Giuliano Viel e la sua signora Flora, accanto i figli Luca (a sinistra) e Davide (a destra) &nbsp; Da Sappada a [&hellip;]\" \/>\n<meta property=\"og:url\" content=\"https:\/\/www.bellunopress.it\/fr\/2012\/11\/14\/altogusto-la-rassegna-enogastronomica-della-cucina-delle-dolomiti-venerdi-fa-tappa-al-borgo\/\" \/>\n<meta property=\"og:site_name\" content=\"Bellunopress - Dolomiti\" \/>\n<meta property=\"article:publisher\" content=\"https:\/\/www.facebook.com\/profile.php?id=100008943462799\" \/>\n<meta property=\"article:published_time\" content=\"2012-11-14T16:44:19+00:00\" \/>\n<meta property=\"article:modified_time\" content=\"2012-11-14T16:47:55+00:00\" \/>\n<meta property=\"og:image\" content=\"http:\/\/www.bellunopress.it\/wp-content\/uploads\/2010\/11\/ristorante-al-borgo-250x170.jpg\" \/>\n<meta name=\"author\" content=\"redazione\" \/>\n<meta name=\"twitter:card\" content=\"summary_large_image\" \/>\n<meta name=\"twitter:creator\" content=\"@bellunopress\" \/>\n<meta name=\"twitter:site\" content=\"@bellunopress\" \/>\n<meta name=\"twitter:label1\" content=\"\u00c9crit par\" \/>\n\t<meta name=\"twitter:data1\" content=\"redazione\" \/>\n\t<meta name=\"twitter:label2\" content=\"Dur\u00e9e de lecture estim\u00e9e\" \/>\n\t<meta name=\"twitter:data2\" content=\"2 minutes\" \/>\n<script type=\"application\/ld+json\" class=\"yoast-schema-graph\">{\"@context\":\"https:\\\/\\\/schema.org\",\"@graph\":[{\"@type\":\"Article\",\"@id\":\"https:\\\/\\\/www.bellunopress.it\\\/2012\\\/11\\\/14\\\/altogusto-la-rassegna-enogastronomica-della-cucina-delle-dolomiti-venerdi-fa-tappa-al-borgo\\\/#article\",\"isPartOf\":{\"@id\":\"https:\\\/\\\/www.bellunopress.it\\\/2012\\\/11\\\/14\\\/altogusto-la-rassegna-enogastronomica-della-cucina-delle-dolomiti-venerdi-fa-tappa-al-borgo\\\/\"},\"author\":{\"name\":\"redazione\",\"@id\":\"https:\\\/\\\/www.bellunopress.it\\\/#\\\/schema\\\/person\\\/79bb06722b37ece1c03d3e94beb30d73\"},\"headline\":\"Altogusto, la rassegna enogastronomica della cucina delle Dolomiti venerd\u00ec fa tappa Al Borgo\",\"datePublished\":\"2012-11-14T16:44:19+00:00\",\"dateModified\":\"2012-11-14T16:47:55+00:00\",\"mainEntityOfPage\":{\"@id\":\"https:\\\/\\\/www.bellunopress.it\\\/2012\\\/11\\\/14\\\/altogusto-la-rassegna-enogastronomica-della-cucina-delle-dolomiti-venerdi-fa-tappa-al-borgo\\\/\"},\"wordCount\":516,\"publisher\":{\"@id\":\"https:\\\/\\\/www.bellunopress.it\\\/#organization\"},\"image\":{\"@id\":\"https:\\\/\\\/www.bellunopress.it\\\/2012\\\/11\\\/14\\\/altogusto-la-rassegna-enogastronomica-della-cucina-delle-dolomiti-venerdi-fa-tappa-al-borgo\\\/#primaryimage\"},\"thumbnailUrl\":\"http:\\\/\\\/www.bellunopress.it\\\/wp-content\\\/uploads\\\/2010\\\/11\\\/ristorante-al-borgo-250x170.jpg\",\"articleSection\":[\"Appuntamenti, Eventi\",\"Pausa Caff\u00e8\"],\"inLanguage\":\"fr-FR\"},{\"@type\":\"WebPage\",\"@id\":\"https:\\\/\\\/www.bellunopress.it\\\/2012\\\/11\\\/14\\\/altogusto-la-rassegna-enogastronomica-della-cucina-delle-dolomiti-venerdi-fa-tappa-al-borgo\\\/\",\"url\":\"https:\\\/\\\/www.bellunopress.it\\\/2012\\\/11\\\/14\\\/altogusto-la-rassegna-enogastronomica-della-cucina-delle-dolomiti-venerdi-fa-tappa-al-borgo\\\/\",\"name\":\"Altogusto, la rassegna enogastronomica della cucina delle Dolomiti venerd\u00ec fa tappa Al Borgo - Bellunopress - Dolomiti\",\"isPartOf\":{\"@id\":\"https:\\\/\\\/www.bellunopress.it\\\/#website\"},\"primaryImageOfPage\":{\"@id\":\"https:\\\/\\\/www.bellunopress.it\\\/2012\\\/11\\\/14\\\/altogusto-la-rassegna-enogastronomica-della-cucina-delle-dolomiti-venerdi-fa-tappa-al-borgo\\\/#primaryimage\"},\"image\":{\"@id\":\"https:\\\/\\\/www.bellunopress.it\\\/2012\\\/11\\\/14\\\/altogusto-la-rassegna-enogastronomica-della-cucina-delle-dolomiti-venerdi-fa-tappa-al-borgo\\\/#primaryimage\"},\"thumbnailUrl\":\"http:\\\/\\\/www.bellunopress.it\\\/wp-content\\\/uploads\\\/2010\\\/11\\\/ristorante-al-borgo-250x170.jpg\",\"datePublished\":\"2012-11-14T16:44:19+00:00\",\"dateModified\":\"2012-11-14T16:47:55+00:00\",\"breadcrumb\":{\"@id\":\"https:\\\/\\\/www.bellunopress.it\\\/2012\\\/11\\\/14\\\/altogusto-la-rassegna-enogastronomica-della-cucina-delle-dolomiti-venerdi-fa-tappa-al-borgo\\\/#breadcrumb\"},\"inLanguage\":\"fr-FR\",\"potentialAction\":[{\"@type\":\"ReadAction\",\"target\":[\"https:\\\/\\\/www.bellunopress.it\\\/2012\\\/11\\\/14\\\/altogusto-la-rassegna-enogastronomica-della-cucina-delle-dolomiti-venerdi-fa-tappa-al-borgo\\\/\"]}]},{\"@type\":\"ImageObject\",\"inLanguage\":\"fr-FR\",\"@id\":\"https:\\\/\\\/www.bellunopress.it\\\/2012\\\/11\\\/14\\\/altogusto-la-rassegna-enogastronomica-della-cucina-delle-dolomiti-venerdi-fa-tappa-al-borgo\\\/#primaryimage\",\"url\":\"http:\\\/\\\/www.bellunopress.it\\\/wp-content\\\/uploads\\\/2010\\\/11\\\/ristorante-al-borgo-250x170.jpg\",\"contentUrl\":\"http:\\\/\\\/www.bellunopress.it\\\/wp-content\\\/uploads\\\/2010\\\/11\\\/ristorante-al-borgo-250x170.jpg\"},{\"@type\":\"BreadcrumbList\",\"@id\":\"https:\\\/\\\/www.bellunopress.it\\\/2012\\\/11\\\/14\\\/altogusto-la-rassegna-enogastronomica-della-cucina-delle-dolomiti-venerdi-fa-tappa-al-borgo\\\/#breadcrumb\",\"itemListElement\":[{\"@type\":\"ListItem\",\"position\":1,\"name\":\"Home\",\"item\":\"https:\\\/\\\/www.bellunopress.it\\\/\"},{\"@type\":\"ListItem\",\"position\":2,\"name\":\"Altogusto, la rassegna enogastronomica della cucina delle Dolomiti venerd\u00ec fa tappa Al Borgo\"}]},{\"@type\":\"WebSite\",\"@id\":\"https:\\\/\\\/www.bellunopress.it\\\/#website\",\"url\":\"https:\\\/\\\/www.bellunopress.it\\\/\",\"name\":\"Bellunopress - Dolomiti\",\"description\":\"e-mail: redazione@bellunopress.it\",\"publisher\":{\"@id\":\"https:\\\/\\\/www.bellunopress.it\\\/#organization\"},\"potentialAction\":[{\"@type\":\"SearchAction\",\"target\":{\"@type\":\"EntryPoint\",\"urlTemplate\":\"https:\\\/\\\/www.bellunopress.it\\\/?s={search_term_string}\"},\"query-input\":{\"@type\":\"PropertyValueSpecification\",\"valueRequired\":true,\"valueName\":\"search_term_string\"}}],\"inLanguage\":\"fr-FR\"},{\"@type\":\"Organization\",\"@id\":\"https:\\\/\\\/www.bellunopress.it\\\/#organization\",\"name\":\"Bellunopress\",\"url\":\"https:\\\/\\\/www.bellunopress.it\\\/\",\"logo\":{\"@type\":\"ImageObject\",\"inLanguage\":\"fr-FR\",\"@id\":\"https:\\\/\\\/www.bellunopress.it\\\/#\\\/schema\\\/logo\\\/image\\\/\",\"url\":\"https:\\\/\\\/www.bellunopress.it\\\/wp-content\\\/uploads\\\/2011\\\/05\\\/cropped-logo-bellunopress-.jpg\",\"contentUrl\":\"https:\\\/\\\/www.bellunopress.it\\\/wp-content\\\/uploads\\\/2011\\\/05\\\/cropped-logo-bellunopress-.jpg\",\"width\":512,\"height\":512,\"caption\":\"Bellunopress\"},\"image\":{\"@id\":\"https:\\\/\\\/www.bellunopress.it\\\/#\\\/schema\\\/logo\\\/image\\\/\"},\"sameAs\":[\"https:\\\/\\\/www.facebook.com\\\/profile.php?id=100008943462799\",\"https:\\\/\\\/x.com\\\/bellunopress\",\"https:\\\/\\\/www.linkedin.com\\\/hp\\\/?dnr=JBzUWaJfMUw8vbXJJ2tVW5-I3jZKvC4wsoxE&amp;amp;amp;amp;amp;amp;trk=nav_responsive_tab_home\",\"https:\\\/\\\/www.youtube.com\\\/channel\\\/UCxL0wu1uN0_3_7hGG0306cw\"]},{\"@type\":\"Person\",\"@id\":\"https:\\\/\\\/www.bellunopress.it\\\/#\\\/schema\\\/person\\\/79bb06722b37ece1c03d3e94beb30d73\",\"name\":\"redazione\",\"image\":{\"@type\":\"ImageObject\",\"inLanguage\":\"fr-FR\",\"@id\":\"https:\\\/\\\/secure.gravatar.com\\\/avatar\\\/37d968a2e67a6fd04c169c4bdef102d0bc5d31b2546345219e348575eb80e9a0?s=96&d=mm&r=g\",\"url\":\"https:\\\/\\\/secure.gravatar.com\\\/avatar\\\/37d968a2e67a6fd04c169c4bdef102d0bc5d31b2546345219e348575eb80e9a0?s=96&d=mm&r=g\",\"contentUrl\":\"https:\\\/\\\/secure.gravatar.com\\\/avatar\\\/37d968a2e67a6fd04c169c4bdef102d0bc5d31b2546345219e348575eb80e9a0?s=96&d=mm&r=g\",\"caption\":\"redazione\"},\"sameAs\":[\"http:\\\/\\\/www.bellunopress.it\",\"https:\\\/\\\/x.com\\\/bellunopress\"],\"url\":\"https:\\\/\\\/www.bellunopress.it\\\/fr\\\/author\\\/redazione\\\/\"}]}<\/script>\n<!-- \/ Yoast SEO plugin. -->","yoast_head_json":{"title":"Altogusto, la rassegna enogastronomica della cucina delle Dolomiti venerd\u00ec fa tappa Al Borgo - Bellunopress - Dolomiti","robots":{"index":"index","follow":"follow","max-snippet":"max-snippet:-1","max-image-preview":"max-image-preview:large","max-video-preview":"max-video-preview:-1"},"canonical":"https:\/\/www.bellunopress.it\/fr\/2012\/11\/14\/altogusto-la-rassegna-enogastronomica-della-cucina-delle-dolomiti-venerdi-fa-tappa-al-borgo\/","og_locale":"fr_FR","og_type":"article","og_title":"Altogusto, la rassegna enogastronomica della cucina delle Dolomiti venerd\u00ec fa tappa Al Borgo - Bellunopress - Dolomiti","og_description":"L&#8217;appuntamento, in programma venerd\u00ec 16 novembre, sar\u00e0 ospitato dal ristorante Al Borgo. Verr\u00e0 proposto un menu ricco di fantasia dal tema \u0093La seduzione della cucina\u0094. In abbinamento grandi vini dell&#8217;Alto Adige. nella foto: &#8220;incorniciati&#8221; Giuliano Viel e la sua signora Flora, accanto i figli Luca (a sinistra) e Davide (a destra) &nbsp; Da Sappada a [&hellip;]","og_url":"https:\/\/www.bellunopress.it\/fr\/2012\/11\/14\/altogusto-la-rassegna-enogastronomica-della-cucina-delle-dolomiti-venerdi-fa-tappa-al-borgo\/","og_site_name":"Bellunopress - Dolomiti","article_publisher":"https:\/\/www.facebook.com\/profile.php?id=100008943462799","article_published_time":"2012-11-14T16:44:19+00:00","article_modified_time":"2012-11-14T16:47:55+00:00","og_image":[{"url":"http:\/\/www.bellunopress.it\/wp-content\/uploads\/2010\/11\/ristorante-al-borgo-250x170.jpg","type":"","width":"","height":""}],"author":"redazione","twitter_card":"summary_large_image","twitter_creator":"@bellunopress","twitter_site":"@bellunopress","twitter_misc":{"\u00c9crit par":"redazione","Dur\u00e9e de lecture estim\u00e9e":"2 minutes"},"schema":{"@context":"https:\/\/schema.org","@graph":[{"@type":"Article","@id":"https:\/\/www.bellunopress.it\/2012\/11\/14\/altogusto-la-rassegna-enogastronomica-della-cucina-delle-dolomiti-venerdi-fa-tappa-al-borgo\/#article","isPartOf":{"@id":"https:\/\/www.bellunopress.it\/2012\/11\/14\/altogusto-la-rassegna-enogastronomica-della-cucina-delle-dolomiti-venerdi-fa-tappa-al-borgo\/"},"author":{"name":"redazione","@id":"https:\/\/www.bellunopress.it\/#\/schema\/person\/79bb06722b37ece1c03d3e94beb30d73"},"headline":"Altogusto, la rassegna enogastronomica della cucina delle Dolomiti venerd\u00ec fa tappa Al Borgo","datePublished":"2012-11-14T16:44:19+00:00","dateModified":"2012-11-14T16:47:55+00:00","mainEntityOfPage":{"@id":"https:\/\/www.bellunopress.it\/2012\/11\/14\/altogusto-la-rassegna-enogastronomica-della-cucina-delle-dolomiti-venerdi-fa-tappa-al-borgo\/"},"wordCount":516,"publisher":{"@id":"https:\/\/www.bellunopress.it\/#organization"},"image":{"@id":"https:\/\/www.bellunopress.it\/2012\/11\/14\/altogusto-la-rassegna-enogastronomica-della-cucina-delle-dolomiti-venerdi-fa-tappa-al-borgo\/#primaryimage"},"thumbnailUrl":"http:\/\/www.bellunopress.it\/wp-content\/uploads\/2010\/11\/ristorante-al-borgo-250x170.jpg","articleSection":["Appuntamenti, Eventi","Pausa Caff\u00e8"],"inLanguage":"fr-FR"},{"@type":"WebPage","@id":"https:\/\/www.bellunopress.it\/2012\/11\/14\/altogusto-la-rassegna-enogastronomica-della-cucina-delle-dolomiti-venerdi-fa-tappa-al-borgo\/","url":"https:\/\/www.bellunopress.it\/2012\/11\/14\/altogusto-la-rassegna-enogastronomica-della-cucina-delle-dolomiti-venerdi-fa-tappa-al-borgo\/","name":"Altogusto, la rassegna enogastronomica della cucina delle Dolomiti venerd\u00ec fa tappa Al Borgo - Bellunopress - Dolomiti","isPartOf":{"@id":"https:\/\/www.bellunopress.it\/#website"},"primaryImageOfPage":{"@id":"https:\/\/www.bellunopress.it\/2012\/11\/14\/altogusto-la-rassegna-enogastronomica-della-cucina-delle-dolomiti-venerdi-fa-tappa-al-borgo\/#primaryimage"},"image":{"@id":"https:\/\/www.bellunopress.it\/2012\/11\/14\/altogusto-la-rassegna-enogastronomica-della-cucina-delle-dolomiti-venerdi-fa-tappa-al-borgo\/#primaryimage"},"thumbnailUrl":"http:\/\/www.bellunopress.it\/wp-content\/uploads\/2010\/11\/ristorante-al-borgo-250x170.jpg","datePublished":"2012-11-14T16:44:19+00:00","dateModified":"2012-11-14T16:47:55+00:00","breadcrumb":{"@id":"https:\/\/www.bellunopress.it\/2012\/11\/14\/altogusto-la-rassegna-enogastronomica-della-cucina-delle-dolomiti-venerdi-fa-tappa-al-borgo\/#breadcrumb"},"inLanguage":"fr-FR","potentialAction":[{"@type":"ReadAction","target":["https:\/\/www.bellunopress.it\/2012\/11\/14\/altogusto-la-rassegna-enogastronomica-della-cucina-delle-dolomiti-venerdi-fa-tappa-al-borgo\/"]}]},{"@type":"ImageObject","inLanguage":"fr-FR","@id":"https:\/\/www.bellunopress.it\/2012\/11\/14\/altogusto-la-rassegna-enogastronomica-della-cucina-delle-dolomiti-venerdi-fa-tappa-al-borgo\/#primaryimage","url":"http:\/\/www.bellunopress.it\/wp-content\/uploads\/2010\/11\/ristorante-al-borgo-250x170.jpg","contentUrl":"http:\/\/www.bellunopress.it\/wp-content\/uploads\/2010\/11\/ristorante-al-borgo-250x170.jpg"},{"@type":"BreadcrumbList","@id":"https:\/\/www.bellunopress.it\/2012\/11\/14\/altogusto-la-rassegna-enogastronomica-della-cucina-delle-dolomiti-venerdi-fa-tappa-al-borgo\/#breadcrumb","itemListElement":[{"@type":"ListItem","position":1,"name":"Home","item":"https:\/\/www.bellunopress.it\/"},{"@type":"ListItem","position":2,"name":"Altogusto, la rassegna enogastronomica della cucina delle Dolomiti venerd\u00ec fa tappa Al Borgo"}]},{"@type":"WebSite","@id":"https:\/\/www.bellunopress.it\/#website","url":"https:\/\/www.bellunopress.it\/","name":"Bellunopress - Dolomiti","description":"e-mail: redazione@bellunopress.it","publisher":{"@id":"https:\/\/www.bellunopress.it\/#organization"},"potentialAction":[{"@type":"SearchAction","target":{"@type":"EntryPoint","urlTemplate":"https:\/\/www.bellunopress.it\/?s={search_term_string}"},"query-input":{"@type":"PropertyValueSpecification","valueRequired":true,"valueName":"search_term_string"}}],"inLanguage":"fr-FR"},{"@type":"Organization","@id":"https:\/\/www.bellunopress.it\/#organization","name":"Bellunopress","url":"https:\/\/www.bellunopress.it\/","logo":{"@type":"ImageObject","inLanguage":"fr-FR","@id":"https:\/\/www.bellunopress.it\/#\/schema\/logo\/image\/","url":"https:\/\/www.bellunopress.it\/wp-content\/uploads\/2011\/05\/cropped-logo-bellunopress-.jpg","contentUrl":"https:\/\/www.bellunopress.it\/wp-content\/uploads\/2011\/05\/cropped-logo-bellunopress-.jpg","width":512,"height":512,"caption":"Bellunopress"},"image":{"@id":"https:\/\/www.bellunopress.it\/#\/schema\/logo\/image\/"},"sameAs":["https:\/\/www.facebook.com\/profile.php?id=100008943462799","https:\/\/x.com\/bellunopress","https:\/\/www.linkedin.com\/hp\/?dnr=JBzUWaJfMUw8vbXJJ2tVW5-I3jZKvC4wsoxE&amp;amp;amp;amp;amp;amp;trk=nav_responsive_tab_home","https:\/\/www.youtube.com\/channel\/UCxL0wu1uN0_3_7hGG0306cw"]},{"@type":"Person","@id":"https:\/\/www.bellunopress.it\/#\/schema\/person\/79bb06722b37ece1c03d3e94beb30d73","name":"r\u00e9daction","image":{"@type":"ImageObject","inLanguage":"fr-FR","@id":"https:\/\/secure.gravatar.com\/avatar\/37d968a2e67a6fd04c169c4bdef102d0bc5d31b2546345219e348575eb80e9a0?s=96&d=mm&r=g","url":"https:\/\/secure.gravatar.com\/avatar\/37d968a2e67a6fd04c169c4bdef102d0bc5d31b2546345219e348575eb80e9a0?s=96&d=mm&r=g","contentUrl":"https:\/\/secure.gravatar.com\/avatar\/37d968a2e67a6fd04c169c4bdef102d0bc5d31b2546345219e348575eb80e9a0?s=96&d=mm&r=g","caption":"redazione"},"sameAs":["http:\/\/www.bellunopress.it","https:\/\/x.com\/bellunopress"],"url":"https:\/\/www.bellunopress.it\/fr\/author\/redazione\/"}]}},"_links":{"self":[{"href":"https:\/\/www.bellunopress.it\/fr\/wp-json\/wp\/v2\/posts\/43900","targetHints":{"allow":["GET"]}}],"collection":[{"href":"https:\/\/www.bellunopress.it\/fr\/wp-json\/wp\/v2\/posts"}],"about":[{"href":"https:\/\/www.bellunopress.it\/fr\/wp-json\/wp\/v2\/types\/post"}],"author":[{"embeddable":true,"href":"https:\/\/www.bellunopress.it\/fr\/wp-json\/wp\/v2\/users\/2"}],"replies":[{"embeddable":true,"href":"https:\/\/www.bellunopress.it\/fr\/wp-json\/wp\/v2\/comments?post=43900"}],"version-history":[{"count":2,"href":"https:\/\/www.bellunopress.it\/fr\/wp-json\/wp\/v2\/posts\/43900\/revisions"}],"predecessor-version":[{"id":43903,"href":"https:\/\/www.bellunopress.it\/fr\/wp-json\/wp\/v2\/posts\/43900\/revisions\/43903"}],"wp:attachment":[{"href":"https:\/\/www.bellunopress.it\/fr\/wp-json\/wp\/v2\/media?parent=43900"}],"wp:term":[{"taxonomy":"category","embeddable":true,"href":"https:\/\/www.bellunopress.it\/fr\/wp-json\/wp\/v2\/categories?post=43900"},{"taxonomy":"post_tag","embeddable":true,"href":"https:\/\/www.bellunopress.it\/fr\/wp-json\/wp\/v2\/tags?post=43900"}],"curies":[{"name":"wp","href":"https:\/\/api.w.org\/{rel}","templated":true}]}}