{"id":4386,"date":"2009-06-04T01:22:23","date_gmt":"2009-06-04T00:22:23","guid":{"rendered":"http:\/\/www.bellunopress.it\/?p=4386"},"modified":"2009-06-04T01:22:23","modified_gmt":"2009-06-04T00:22:23","slug":"incontri-della-conferenza-dei-sindaci-sul-tema-della-crisi-economica","status":"publish","type":"post","link":"https:\/\/www.bellunopress.it\/fr\/2009\/06\/04\/incontri-della-conferenza-dei-sindaci-sul-tema-della-crisi-economica\/","title":{"rendered":"Incontri della Conferenza dei sindaci sul tema della crisi economica"},"content":{"rendered":"<p>Tema e obiettivo degli incontri: nell\u2019ambito della Conferenza dei Sindaci, i Sindaci e gli assessori dei Comuni bellunesi hanno avuto alcuni incontri per fare il punto della situazione rispetto alle ricadute occupazionali della crisi globale, per valutare le diversit\u00e0 da territorio a territorio e per definire una strategia di azione condivisa. Gli amministratori, divisi per gruppi territoriali, (il 4 maggio a Belluno, il 6 maggio ad Agordo, l\u201911 Maggio a Lozzo di Cadore), hanno letto e analizzato i dati elaborati dall\u2019Ufficio Istat Provinciale e presentati dall\u2019Ufficio Piano di Zona. Su tale base hanno provato a delineare alcune ipotesi di azione secondo l\u2019idea che il Comune deve essere un soggetto promotore delle opportunit\u00e0 per la ripresa del sistema produttivo e occupazionale.\u00a0 In quest\u2019ottica, le politiche sociali, cos\u00ec come la Conferenza dei Sindaci oggi le riconosce, dovranno diventare politiche di promozione delle possibilit\u00e0 di sviluppo delle comunit\u00e0, oltre che di risposta ai casi di difficolt\u00e0.<\/p>\n<p>I dati presentati<br \/>\nI numeri presentati dimostrano che i Centri per l\u2019Impiego di Belluno e Feltre hanno visto aumentare in modo consistente i lavoratori entrati in disoccupazione; viceversa, Agordo resta abbastanza stabile mentre Pieve di Cadore si trova in una situazione intermedia.<br \/>\nI dati del mese di gennaio 2009 mostrano ancora tendenze contrastanti.<br \/>\nLe Comunit\u00e0 che hanno subito di pi\u00f9 l&#8217;aumento della disoccupazione sono risultate quelle di Belluno-Ponte nelle Alpi, Cadore-Longaronese-Zoldo, Valbelluna e Alpago. Le stesse aree che nel 2006 e nel 2007 avevano raggiunto la piena occupazione, tanto da avere problemi nel reperire personale. Su questi dati si basa la considerazione che sono stati i contratti a tempo determinato a non essere rinnovati, una tipologia di contratto che aveva avuto una forte crescita ne 2007.<br \/>\nIn particolare, sono stati interessati dalla mobilit\u00e0 (indennit\u00e0 per i licenziati) soprattutto i lavoratori della classe di et\u00e0 pi\u00f9 anziana, quelli che, godendo di tre anni di indennit\u00e0, di norma transitano pi\u00f9 agevolmente verso la pensione. Oggi per\u00f2 non siamo in presenza di \u201cgrossi volumi\u201d di licenziamenti, cosa che potrebbe succedere se la congiuntura negativa si protraesse per pi\u00f9 di dodici mesi.<br \/>\nPer quanto riguarda la Cassa Integrazione (intervento che riguarda lavoratori che non vengono licenziati), nel\u00a0 corso del 2008 si \u00e8 avuto un forte aumento delle ore di Cassa Integrazione. I settori interessati sono stati tutti perch\u00e9 oltre alle industrie meccaniche, che contengono il comparto dell\u2019occhialeria, anche l\u2019insieme delle altre industrie ha visto aumentare di molto il numero di ore.<\/p>\n<p>I problemi che gli enti locali si trovano ad affrontare<br \/>\nGli enti locali stanno attualmente affrontando problemi legati alla difficolt\u00e0 di dare risposta a tutte le domande di aiuto economico e di posti di lavoro. Com\u2019\u00e8 noto, comuni di piccole dimensioni hanno anche un organico molto ridotto e dunque ridotte possibilit\u00e0 occupazionali per i propri cittadini. Alcuni Comuni hanno bisogno di lavoratori per attivit\u00e0 di cura del verde, dei sentieri, delle aree boschive, ma si tratta di piccoli numeri.<br \/>\nLa crisi, com\u2019\u00e8 noto, tocca soprattutto il settore dell\u2019occhialeria e l\u2019indotto (i terzisti) e poi in misura minore l\u2019edilizia (anche se ancora funziona l\u2019edilizia delle seconde case).<br \/>\nMolti abitanti che hanno possibilit\u00e0 lavorative al di fuori del territorio risentono ovviamente meno della crisi.<br \/>\nAlcuni anziani si sono visti dimezzare i risparmi perch\u00e9 investiti in prodotti finanziari coinvolti nella crisi finanziaria e borsistica.<br \/>\nLa crisi economica ovviamente non fa che accentuare il fenomeno dello spopolamento dei paesi di alta montagna.<\/p>\n<p>Occorre per\u00f2 sottolineare una considerazione generale, e cio\u00e8 che, utto sommato, la popolazione sembra non abbia ancora manifestato serie preoccupazioni di tipo economico: la propensione al risparmio di questi luoghi \u00e8 sempre stata molto forte e questo costituisce un evidente risorsa di breve periodo. , le reti famigliari sembrano sostanzialmente tenere: se una persona si trova improvvisamente senza lavoro ha comunque redditi provenienti da altri familiari che lo possono aiutare.<br \/>\nGli ammortizzatori sociali funzionano anche se, ovviamente, non possono essere soluzioni continuative o definitive.<br \/>\nIl turismo invernale ha avuto una buona stagione, profittevole e lunga, il che sicuramente far\u00e0 ritardare il momento in cui si inizier\u00e0 veramente a risentire della crisi.<\/p>\n<p>Come vi fanno fronte<br \/>\nInnanzitutto bisogna rilevare che con gli attuali bilanci degli enti locali, \u00e8 impossibile far fronte a una diffusa situazione di difficolt\u00e0 economica.<br \/>\nL\u2019assegnazione di contributi economici non \u00e8 semplicissima anche per il fatto che l\u2019istruttoria di valutazione dei casi e la redazione di una graduatoria degli aventi bisogno sono operazioni complesse; inoltre, ovviamente, non sempre vi \u00e8 la certezza e la garanzia che i soldi erogati vengano spesi per necessit\u00e0 reali.<br \/>\nIn generale bisogna comunque rilevare che la cultura bellunese \u00e8 orgogliosa e quindi le persone fanno fatica a \u2018venire a chiedere\u2019, anche se si trovano in situazioni di difficolt\u00e0. Molti, infatti, si rivolgono agli amministratori solo nel momento del grave bisogno economico. Inoltre funzionano molto bene le reti di aiuto\u00a0 dell\u2019associazionismo come Insieme Si Pu\u00f2, Caritas, ecc.<br \/>\nAlcuni comuni, come gi\u00e0 accennato, impiegano persone con difficolt\u00e0 in lavori socialmente utili oppure danno la concessione di aree boschive per il taglio e la raccolta del legname (in un caso anche il trasporto gratuito della legna a casa della famiglia).<br \/>\nPer quanto riguarda i bonus, al contrario di quello che ci si poteva aspettare, tutti i Comuni hanno registrato pochissime domande.<br \/>\nIl Comune di ha in essere un intervento tipico, i contributi per l\u2019affitto.<br \/>\nQuali idee propongono<br \/>\nVale la premessa che il modo migliore per agire rispetto a problemi e agli effetti della crisi economica \u00e8 quello collaborativo e di condivisione delle strategie. Inoltre, i Comuni hanno condiviso e discusso di una serie di azioni e interventi utili a contrastare le difficolt\u00e0 sociali ed economiche: gli orti sociali, l&#8217;offerta ai cassintegrati di lavori utili alla comunit\u00e0, l\u2019avvio di un\u2019azione di microfinanza\u00a0 (costituzione di un fondo di garanzia e di attivazione di uno sportello itinerante per microprestiti e microfinanziamenti a tasso agevolato e con piani di rimborso concordati), borse di studio e premi per studenti meritevoli, l\u2019organizzazione di gruppi di acquisto da produttori locali. Non sono state tralasciate altre idee anche pi\u00f9 creative, come quella che, basandosi sulla constatazione dell&#8217;inarrestabile processo dell\u2019invecchiamento della popolazione, si propone di creare, sul modello americano, interi villaggi per anziani con tutti i servizi e gli intrattenimenti necessari.<\/p>\n<p>Conferenza dei Sindaci\u00a0 ULSS 1<br \/>\nComune di Belluno<\/p>","protected":false},"excerpt":{"rendered":"<p>Tema e obiettivo degli incontri: nell\u2019ambito della Conferenza dei Sindaci, i Sindaci e gli assessori dei Comuni bellunesi hanno avuto alcuni incontri per fare il punto della situazione rispetto alle ricadute occupazionali della crisi globale, per valutare le diversit\u00e0 da territorio a territorio e per definire una strategia di azione condivisa. Gli amministratori, divisi per [&hellip;]<\/p>\n","protected":false},"author":2,"featured_media":0,"comment_status":"closed","ping_status":"open","sticky":false,"template":"","format":"standard","meta":{"footnotes":""},"categories":[5,36,17],"tags":[3050],"class_list":["post-4386","post","type-post","status-publish","format-standard","category-cronaca","category-lavoro-economia","category-sanita","tag-sanita"],"yoast_head":"<!-- This site is optimized with the Yoast SEO plugin v28.4 - https:\/\/yoast.com\/product\/yoast-seo-wordpress\/ -->\n<title>Incontri della Conferenza dei sindaci sul tema della crisi economica - Bellunopress - Dolomiti<\/title>\n<meta name=\"robots\" content=\"index, follow, max-snippet:-1, max-image-preview:large, max-video-preview:-1\" \/>\n<link rel=\"canonical\" href=\"https:\/\/www.bellunopress.it\/fr\/2009\/06\/04\/incontri-della-conferenza-dei-sindaci-sul-tema-della-crisi-economica\/\" \/>\n<meta property=\"og:locale\" content=\"fr_FR\" \/>\n<meta property=\"og:type\" content=\"article\" \/>\n<meta property=\"og:title\" content=\"Incontri della Conferenza dei sindaci sul tema della crisi economica - Bellunopress - Dolomiti\" \/>\n<meta property=\"og:description\" content=\"Tema e obiettivo degli incontri: nell\u2019ambito della Conferenza dei Sindaci, i Sindaci e gli assessori dei Comuni bellunesi hanno avuto alcuni incontri per fare il punto della situazione rispetto alle ricadute occupazionali della crisi globale, per valutare le diversit\u00e0 da territorio a territorio e per definire una strategia di azione condivisa. Gli amministratori, divisi per [&hellip;]\" \/>\n<meta property=\"og:url\" content=\"https:\/\/www.bellunopress.it\/fr\/2009\/06\/04\/incontri-della-conferenza-dei-sindaci-sul-tema-della-crisi-economica\/\" \/>\n<meta property=\"og:site_name\" content=\"Bellunopress - Dolomiti\" \/>\n<meta property=\"article:publisher\" content=\"https:\/\/www.facebook.com\/profile.php?id=100008943462799\" \/>\n<meta property=\"article:published_time\" content=\"2009-06-04T00:22:23+00:00\" \/>\n<meta property=\"og:image\" content=\"http:\/\/www.bellunopress.it\/wp-content\/uploads\/2012\/07\/logo-bellunopress-250x250-2012.jpg\" \/>\n<meta name=\"author\" content=\"redazione\" \/>\n<meta name=\"twitter:card\" content=\"summary_large_image\" \/>\n<meta name=\"twitter:creator\" content=\"@bellunopress\" \/>\n<meta name=\"twitter:site\" content=\"@bellunopress\" \/>\n<meta name=\"twitter:label1\" content=\"Written by\" \/>\n\t<meta name=\"twitter:data1\" content=\"redazione\" \/>\n\t<meta name=\"twitter:label2\" content=\"Est. reading time\" \/>\n\t<meta name=\"twitter:data2\" content=\"5 minutes\" \/>\n<script type=\"application\/ld+json\" class=\"yoast-schema-graph\">{\"@context\":\"https:\\\/\\\/schema.org\",\"@graph\":[{\"@type\":\"Article\",\"@id\":\"https:\\\/\\\/www.bellunopress.it\\\/2009\\\/06\\\/04\\\/incontri-della-conferenza-dei-sindaci-sul-tema-della-crisi-economica\\\/#article\",\"isPartOf\":{\"@id\":\"https:\\\/\\\/www.bellunopress.it\\\/2009\\\/06\\\/04\\\/incontri-della-conferenza-dei-sindaci-sul-tema-della-crisi-economica\\\/\"},\"author\":{\"name\":\"redazione\",\"@id\":\"https:\\\/\\\/www.bellunopress.it\\\/#\\\/schema\\\/person\\\/79bb06722b37ece1c03d3e94beb30d73\"},\"headline\":\"Incontri della Conferenza dei sindaci sul tema della crisi economica\",\"datePublished\":\"2009-06-04T00:22:23+00:00\",\"mainEntityOfPage\":{\"@id\":\"https:\\\/\\\/www.bellunopress.it\\\/2009\\\/06\\\/04\\\/incontri-della-conferenza-dei-sindaci-sul-tema-della-crisi-economica\\\/\"},\"wordCount\":1049,\"publisher\":{\"@id\":\"https:\\\/\\\/www.bellunopress.it\\\/#organization\"},\"keywords\":[\"Sanit\u00e0\"],\"articleSection\":[\"Cronaca\\\/Politica\",\"Lavoro, Economia, Turismo\",\"Sanit\u00e0 Medicina\"],\"inLanguage\":\"fr-FR\"},{\"@type\":\"WebPage\",\"@id\":\"https:\\\/\\\/www.bellunopress.it\\\/2009\\\/06\\\/04\\\/incontri-della-conferenza-dei-sindaci-sul-tema-della-crisi-economica\\\/\",\"url\":\"https:\\\/\\\/www.bellunopress.it\\\/2009\\\/06\\\/04\\\/incontri-della-conferenza-dei-sindaci-sul-tema-della-crisi-economica\\\/\",\"name\":\"Incontri della Conferenza dei sindaci sul tema della crisi economica - Bellunopress - Dolomiti\",\"isPartOf\":{\"@id\":\"https:\\\/\\\/www.bellunopress.it\\\/#website\"},\"datePublished\":\"2009-06-04T00:22:23+00:00\",\"breadcrumb\":{\"@id\":\"https:\\\/\\\/www.bellunopress.it\\\/2009\\\/06\\\/04\\\/incontri-della-conferenza-dei-sindaci-sul-tema-della-crisi-economica\\\/#breadcrumb\"},\"inLanguage\":\"fr-FR\",\"potentialAction\":[{\"@type\":\"ReadAction\",\"target\":[\"https:\\\/\\\/www.bellunopress.it\\\/2009\\\/06\\\/04\\\/incontri-della-conferenza-dei-sindaci-sul-tema-della-crisi-economica\\\/\"]}]},{\"@type\":\"BreadcrumbList\",\"@id\":\"https:\\\/\\\/www.bellunopress.it\\\/2009\\\/06\\\/04\\\/incontri-della-conferenza-dei-sindaci-sul-tema-della-crisi-economica\\\/#breadcrumb\",\"itemListElement\":[{\"@type\":\"ListItem\",\"position\":1,\"name\":\"Home\",\"item\":\"https:\\\/\\\/www.bellunopress.it\\\/\"},{\"@type\":\"ListItem\",\"position\":2,\"name\":\"Incontri della Conferenza dei sindaci sul tema della crisi economica\"}]},{\"@type\":\"WebSite\",\"@id\":\"https:\\\/\\\/www.bellunopress.it\\\/#website\",\"url\":\"https:\\\/\\\/www.bellunopress.it\\\/\",\"name\":\"Bellunopress - Dolomiti\",\"description\":\"e-mail: redazione@bellunopress.it\",\"publisher\":{\"@id\":\"https:\\\/\\\/www.bellunopress.it\\\/#organization\"},\"potentialAction\":[{\"@type\":\"SearchAction\",\"target\":{\"@type\":\"EntryPoint\",\"urlTemplate\":\"https:\\\/\\\/www.bellunopress.it\\\/?s={search_term_string}\"},\"query-input\":{\"@type\":\"PropertyValueSpecification\",\"valueRequired\":true,\"valueName\":\"search_term_string\"}}],\"inLanguage\":\"fr-FR\"},{\"@type\":\"Organization\",\"@id\":\"https:\\\/\\\/www.bellunopress.it\\\/#organization\",\"name\":\"Bellunopress\",\"url\":\"https:\\\/\\\/www.bellunopress.it\\\/\",\"logo\":{\"@type\":\"ImageObject\",\"inLanguage\":\"fr-FR\",\"@id\":\"https:\\\/\\\/www.bellunopress.it\\\/#\\\/schema\\\/logo\\\/image\\\/\",\"url\":\"https:\\\/\\\/www.bellunopress.it\\\/wp-content\\\/uploads\\\/2011\\\/05\\\/cropped-logo-bellunopress-.jpg\",\"contentUrl\":\"https:\\\/\\\/www.bellunopress.it\\\/wp-content\\\/uploads\\\/2011\\\/05\\\/cropped-logo-bellunopress-.jpg\",\"width\":512,\"height\":512,\"caption\":\"Bellunopress\"},\"image\":{\"@id\":\"https:\\\/\\\/www.bellunopress.it\\\/#\\\/schema\\\/logo\\\/image\\\/\"},\"sameAs\":[\"https:\\\/\\\/www.facebook.com\\\/profile.php?id=100008943462799\",\"https:\\\/\\\/x.com\\\/bellunopress\",\"https:\\\/\\\/www.linkedin.com\\\/hp\\\/?dnr=JBzUWaJfMUw8vbXJJ2tVW5-I3jZKvC4wsoxE&amp;amp;amp;amp;amp;amp;trk=nav_responsive_tab_home\",\"https:\\\/\\\/www.youtube.com\\\/channel\\\/UCxL0wu1uN0_3_7hGG0306cw\"]},{\"@type\":\"Person\",\"@id\":\"https:\\\/\\\/www.bellunopress.it\\\/#\\\/schema\\\/person\\\/79bb06722b37ece1c03d3e94beb30d73\",\"name\":\"redazione\",\"image\":{\"@type\":\"ImageObject\",\"inLanguage\":\"fr-FR\",\"@id\":\"https:\\\/\\\/secure.gravatar.com\\\/avatar\\\/37d968a2e67a6fd04c169c4bdef102d0bc5d31b2546345219e348575eb80e9a0?s=96&d=mm&r=g\",\"url\":\"https:\\\/\\\/secure.gravatar.com\\\/avatar\\\/37d968a2e67a6fd04c169c4bdef102d0bc5d31b2546345219e348575eb80e9a0?s=96&d=mm&r=g\",\"contentUrl\":\"https:\\\/\\\/secure.gravatar.com\\\/avatar\\\/37d968a2e67a6fd04c169c4bdef102d0bc5d31b2546345219e348575eb80e9a0?s=96&d=mm&r=g\",\"caption\":\"redazione\"},\"sameAs\":[\"http:\\\/\\\/www.bellunopress.it\",\"https:\\\/\\\/x.com\\\/bellunopress\"],\"url\":\"https:\\\/\\\/www.bellunopress.it\\\/fr\\\/author\\\/redazione\\\/\"}]}<\/script>\n<!-- \/ Yoast SEO plugin. -->","yoast_head_json":{"title":"Incontri della Conferenza dei sindaci sul tema della crisi economica - Bellunopress - Dolomiti","robots":{"index":"index","follow":"follow","max-snippet":"max-snippet:-1","max-image-preview":"max-image-preview:large","max-video-preview":"max-video-preview:-1"},"canonical":"https:\/\/www.bellunopress.it\/fr\/2009\/06\/04\/incontri-della-conferenza-dei-sindaci-sul-tema-della-crisi-economica\/","og_locale":"fr_FR","og_type":"article","og_title":"Incontri della Conferenza dei sindaci sul tema della crisi economica - Bellunopress - Dolomiti","og_description":"Tema e obiettivo degli incontri: nell\u2019ambito della Conferenza dei Sindaci, i Sindaci e gli assessori dei Comuni bellunesi hanno avuto alcuni incontri per fare il punto della situazione rispetto alle ricadute occupazionali della crisi globale, per valutare le diversit\u00e0 da territorio a territorio e per definire una strategia di azione condivisa. Gli amministratori, divisi per [&hellip;]","og_url":"https:\/\/www.bellunopress.it\/fr\/2009\/06\/04\/incontri-della-conferenza-dei-sindaci-sul-tema-della-crisi-economica\/","og_site_name":"Bellunopress - Dolomiti","article_publisher":"https:\/\/www.facebook.com\/profile.php?id=100008943462799","article_published_time":"2009-06-04T00:22:23+00:00","og_image":[{"url":"http:\/\/www.bellunopress.it\/wp-content\/uploads\/2012\/07\/logo-bellunopress-250x250-2012.jpg","type":"","width":"","height":""}],"author":"redazione","twitter_card":"summary_large_image","twitter_creator":"@bellunopress","twitter_site":"@bellunopress","twitter_misc":{"Written by":"redazione","Est. reading time":"5 minutes"},"schema":{"@context":"https:\/\/schema.org","@graph":[{"@type":"Article","@id":"https:\/\/www.bellunopress.it\/2009\/06\/04\/incontri-della-conferenza-dei-sindaci-sul-tema-della-crisi-economica\/#article","isPartOf":{"@id":"https:\/\/www.bellunopress.it\/2009\/06\/04\/incontri-della-conferenza-dei-sindaci-sul-tema-della-crisi-economica\/"},"author":{"name":"redazione","@id":"https:\/\/www.bellunopress.it\/#\/schema\/person\/79bb06722b37ece1c03d3e94beb30d73"},"headline":"Incontri della Conferenza dei sindaci sul tema della crisi economica","datePublished":"2009-06-04T00:22:23+00:00","mainEntityOfPage":{"@id":"https:\/\/www.bellunopress.it\/2009\/06\/04\/incontri-della-conferenza-dei-sindaci-sul-tema-della-crisi-economica\/"},"wordCount":1049,"publisher":{"@id":"https:\/\/www.bellunopress.it\/#organization"},"keywords":["Sanit\u00e0"],"articleSection":["Cronaca\/Politica","Lavoro, Economia, Turismo","Sanit\u00e0 Medicina"],"inLanguage":"fr-FR"},{"@type":"WebPage","@id":"https:\/\/www.bellunopress.it\/2009\/06\/04\/incontri-della-conferenza-dei-sindaci-sul-tema-della-crisi-economica\/","url":"https:\/\/www.bellunopress.it\/2009\/06\/04\/incontri-della-conferenza-dei-sindaci-sul-tema-della-crisi-economica\/","name":"Incontri della Conferenza dei sindaci sul tema della crisi economica - Bellunopress - Dolomiti","isPartOf":{"@id":"https:\/\/www.bellunopress.it\/#website"},"datePublished":"2009-06-04T00:22:23+00:00","breadcrumb":{"@id":"https:\/\/www.bellunopress.it\/2009\/06\/04\/incontri-della-conferenza-dei-sindaci-sul-tema-della-crisi-economica\/#breadcrumb"},"inLanguage":"fr-FR","potentialAction":[{"@type":"ReadAction","target":["https:\/\/www.bellunopress.it\/2009\/06\/04\/incontri-della-conferenza-dei-sindaci-sul-tema-della-crisi-economica\/"]}]},{"@type":"BreadcrumbList","@id":"https:\/\/www.bellunopress.it\/2009\/06\/04\/incontri-della-conferenza-dei-sindaci-sul-tema-della-crisi-economica\/#breadcrumb","itemListElement":[{"@type":"ListItem","position":1,"name":"Home","item":"https:\/\/www.bellunopress.it\/"},{"@type":"ListItem","position":2,"name":"Incontri della Conferenza dei sindaci sul tema della crisi economica"}]},{"@type":"WebSite","@id":"https:\/\/www.bellunopress.it\/#website","url":"https:\/\/www.bellunopress.it\/","name":"Bellunopress - Dolomiti","description":"e-mail: redazione@bellunopress.it","publisher":{"@id":"https:\/\/www.bellunopress.it\/#organization"},"potentialAction":[{"@type":"SearchAction","target":{"@type":"EntryPoint","urlTemplate":"https:\/\/www.bellunopress.it\/?s={search_term_string}"},"query-input":{"@type":"PropertyValueSpecification","valueRequired":true,"valueName":"search_term_string"}}],"inLanguage":"fr-FR"},{"@type":"Organization","@id":"https:\/\/www.bellunopress.it\/#organization","name":"Bellunopress","url":"https:\/\/www.bellunopress.it\/","logo":{"@type":"ImageObject","inLanguage":"fr-FR","@id":"https:\/\/www.bellunopress.it\/#\/schema\/logo\/image\/","url":"https:\/\/www.bellunopress.it\/wp-content\/uploads\/2011\/05\/cropped-logo-bellunopress-.jpg","contentUrl":"https:\/\/www.bellunopress.it\/wp-content\/uploads\/2011\/05\/cropped-logo-bellunopress-.jpg","width":512,"height":512,"caption":"Bellunopress"},"image":{"@id":"https:\/\/www.bellunopress.it\/#\/schema\/logo\/image\/"},"sameAs":["https:\/\/www.facebook.com\/profile.php?id=100008943462799","https:\/\/x.com\/bellunopress","https:\/\/www.linkedin.com\/hp\/?dnr=JBzUWaJfMUw8vbXJJ2tVW5-I3jZKvC4wsoxE&amp;amp;amp;amp;amp;amp;trk=nav_responsive_tab_home","https:\/\/www.youtube.com\/channel\/UCxL0wu1uN0_3_7hGG0306cw"]},{"@type":"Person","@id":"https:\/\/www.bellunopress.it\/#\/schema\/person\/79bb06722b37ece1c03d3e94beb30d73","name":"r\u00e9daction","image":{"@type":"ImageObject","inLanguage":"fr-FR","@id":"https:\/\/secure.gravatar.com\/avatar\/37d968a2e67a6fd04c169c4bdef102d0bc5d31b2546345219e348575eb80e9a0?s=96&d=mm&r=g","url":"https:\/\/secure.gravatar.com\/avatar\/37d968a2e67a6fd04c169c4bdef102d0bc5d31b2546345219e348575eb80e9a0?s=96&d=mm&r=g","contentUrl":"https:\/\/secure.gravatar.com\/avatar\/37d968a2e67a6fd04c169c4bdef102d0bc5d31b2546345219e348575eb80e9a0?s=96&d=mm&r=g","caption":"redazione"},"sameAs":["http:\/\/www.bellunopress.it","https:\/\/x.com\/bellunopress"],"url":"https:\/\/www.bellunopress.it\/fr\/author\/redazione\/"}]}},"_links":{"self":[{"href":"https:\/\/www.bellunopress.it\/fr\/wp-json\/wp\/v2\/posts\/4386","targetHints":{"allow":["GET"]}}],"collection":[{"href":"https:\/\/www.bellunopress.it\/fr\/wp-json\/wp\/v2\/posts"}],"about":[{"href":"https:\/\/www.bellunopress.it\/fr\/wp-json\/wp\/v2\/types\/post"}],"author":[{"embeddable":true,"href":"https:\/\/www.bellunopress.it\/fr\/wp-json\/wp\/v2\/users\/2"}],"replies":[{"embeddable":true,"href":"https:\/\/www.bellunopress.it\/fr\/wp-json\/wp\/v2\/comments?post=4386"}],"version-history":[{"count":1,"href":"https:\/\/www.bellunopress.it\/fr\/wp-json\/wp\/v2\/posts\/4386\/revisions"}],"predecessor-version":[{"id":4387,"href":"https:\/\/www.bellunopress.it\/fr\/wp-json\/wp\/v2\/posts\/4386\/revisions\/4387"}],"wp:attachment":[{"href":"https:\/\/www.bellunopress.it\/fr\/wp-json\/wp\/v2\/media?parent=4386"}],"wp:term":[{"taxonomy":"category","embeddable":true,"href":"https:\/\/www.bellunopress.it\/fr\/wp-json\/wp\/v2\/categories?post=4386"},{"taxonomy":"post_tag","embeddable":true,"href":"https:\/\/www.bellunopress.it\/fr\/wp-json\/wp\/v2\/tags?post=4386"}],"curies":[{"name":"wp","href":"https:\/\/api.w.org\/{rel}","templated":true}]}}