{"id":43848,"date":"2012-11-15T08:23:39","date_gmt":"2012-11-15T07:23:39","guid":{"rendered":"http:\/\/www.bellunopress.it\/?p=43848"},"modified":"2012-11-15T16:28:10","modified_gmt":"2012-11-15T15:28:10","slug":"alla-scoperta-dellarca-di-noe-con-tito-de-luca-sabato-al-rifugio-scarpa-di-frassene","status":"publish","type":"post","link":"https:\/\/www.bellunopress.it\/fr\/2012\/11\/15\/alla-scoperta-dellarca-di-noe-con-tito-de-luca-sabato-al-rifugio-scarpa-di-frassene\/","title":{"rendered":"Alla scoperta dell&#8217;Arca di No\u00e8 con Tito De Luca, sabato al Rifugio Scarpa di Frassen\u00e8"},"content":{"rendered":"<p>Sabato 17 Novembre dalle ore 16 al Rifugio Scarpa di Frassen\u00e8 (Voltago Agordino) Tito De Luca presenter\u00e0 il suo documentario sulla storia delle civilt\u00e0 sotto il monte Ararat, con la clamorosa scoperta di alcuni resti lignei attribuibili presumibilmente all\u2019arca di No\u00e8.<\/p>\n<figure id=\"attachment_43849\" aria-describedby=\"caption-attachment-43849\" style=\"width: 279px\" class=\"wp-caption alignleft\"><a href=\"http:\/\/www.bellunopress.it\/wp-content\/uploads\/2012\/11\/rifugio-scarpa-frassen\u00e8.jpg\"><img loading=\"lazy\" decoding=\"async\" class=\"size-full wp-image-43849\" title=\"rifugio scarpa frassen\u00e8\" src=\"http:\/\/www.bellunopress.it\/wp-content\/uploads\/2012\/11\/rifugio-scarpa-frassen\u00e8.jpg\" alt=\"\" width=\"279\" height=\"187\" \/><\/a><figcaption id=\"caption-attachment-43849\" class=\"wp-caption-text\">Rifugio Scarpa &#8211; fr. Frassen\u00e8, Voltago Agordino (BL)<\/figcaption><\/figure>\n<p>L&#8217;esploratore e alpinista bellunese, che da anni \u00e8 impegnato in Anatolia nella ricerca delle tracce del diluvio biblico, dopo il\u00a0sopralluogo estivo al Rifugio, ha accolto volentieri l\u2019invito del nuovo gestore Aron Lazzaro e la sua famiglia.<\/p>\n<p>Da non molto tornato dall\u2019ennesima spedizione sulle pendici del monte Ararat, De Luca si intratterr\u00e0 con gli ospiti del Rifugio Scarpa svelando gli ultimi retroscena delle sue spedizioni che potrebbero confermare definitivamente l\u2019esistenza e l\u2019esatta collocazione di ci\u00f2 che resta della leggendaria arca di No\u00e8.<\/p>\n<p>Oltre alle difficolt\u00e0 tipiche dell\u2019alta montagna, l&#8217;esploratore bellunese, durante le sue ultime ricerche sul posto, ha dovuto affrontare i pericoli specifici della zona del Monte Ararat, in parte militarizzata dall\u2019esercito turco impegnato a contrastare la presenza dei curdi.<\/p>\n<p>Sebbene egli si ritenga gi\u00e0 soddisfatto di tutto quanto fin qui esplorato e rinvenuto, non abbandona l\u2019idea di ritornare nuovamente in Anatolia, tuttavia con il contributo delle autorit\u00e0 turche, per completare la sua grande scoperta.<\/p>\n<p>L\u2019invito per partecipare al pomeriggio di approfondimento storico \u00e8 pertanto esteso a tutti gli appassionati delle ricerche dedicate all\u2019Arca, nonch\u00e9 agli amanti della montagna che, certamente, arrivando al Rifugio Scarpa, aperto tutto l\u2019anno, troveranno un motivo in pi\u00f9 per meglio conoscere un angolo splendido delle Dolomiti, Patrimonio dell\u2019Umanit\u00e0. Per ulteriori informazioni contattare Aron 043767010, 3487391001<\/p>","protected":false},"excerpt":{"rendered":"<p>Sabato 17 Novembre dalle ore 16 al Rifugio Scarpa di Frassen\u00e8 (Voltago Agordino) Tito De Luca presenter\u00e0 il suo documentario sulla storia delle civilt\u00e0 sotto il monte Ararat, con la clamorosa scoperta di alcuni resti lignei attribuibili presumibilmente all\u2019arca di No\u00e8. L&#8217;esploratore e alpinista bellunese, che da anni \u00e8 impegnato in Anatolia nella ricerca delle [&hellip;]<\/p>\n","protected":false},"author":2,"featured_media":0,"comment_status":"closed","ping_status":"open","sticky":false,"template":"","format":"standard","meta":{"footnotes":""},"categories":[27,3,25],"tags":[],"class_list":["post-43848","post","type-post","status-publish","format-standard","category-appuntamenti","category-arte-cultura-spettacoli-scienza-archivi","category-pausa-caffe"],"yoast_head":"<!-- This site is optimized with the Yoast SEO plugin v28.4 - https:\/\/yoast.com\/product\/yoast-seo-wordpress\/ -->\n<title>Alla scoperta dell&#039;Arca di No\u00e8 con Tito De Luca, sabato al Rifugio Scarpa di Frassen\u00e8 - Bellunopress - Dolomiti<\/title>\n<meta name=\"robots\" content=\"index, follow, max-snippet:-1, max-image-preview:large, max-video-preview:-1\" \/>\n<link rel=\"canonical\" href=\"https:\/\/www.bellunopress.it\/fr\/2012\/11\/15\/alla-scoperta-dellarca-di-noe-con-tito-de-luca-sabato-al-rifugio-scarpa-di-frassene\/\" \/>\n<meta property=\"og:locale\" content=\"fr_FR\" \/>\n<meta property=\"og:type\" content=\"article\" \/>\n<meta property=\"og:title\" content=\"Alla scoperta dell&#039;Arca di No\u00e8 con Tito De Luca, sabato al Rifugio Scarpa di Frassen\u00e8 - Bellunopress - Dolomiti\" \/>\n<meta property=\"og:description\" content=\"Sabato 17 Novembre dalle ore 16 al Rifugio Scarpa di Frassen\u00e8 (Voltago Agordino) Tito De Luca presenter\u00e0 il suo documentario sulla storia delle civilt\u00e0 sotto il monte Ararat, con la clamorosa scoperta di alcuni resti lignei attribuibili presumibilmente all\u2019arca di No\u00e8. L&#8217;esploratore e alpinista bellunese, che da anni \u00e8 impegnato in Anatolia nella ricerca delle [&hellip;]\" \/>\n<meta property=\"og:url\" content=\"https:\/\/www.bellunopress.it\/fr\/2012\/11\/15\/alla-scoperta-dellarca-di-noe-con-tito-de-luca-sabato-al-rifugio-scarpa-di-frassene\/\" \/>\n<meta property=\"og:site_name\" content=\"Bellunopress - Dolomiti\" \/>\n<meta property=\"article:publisher\" content=\"https:\/\/www.facebook.com\/profile.php?id=100008943462799\" \/>\n<meta property=\"article:published_time\" content=\"2012-11-15T07:23:39+00:00\" \/>\n<meta property=\"article:modified_time\" content=\"2012-11-15T15:28:10+00:00\" \/>\n<meta property=\"og:image\" content=\"http:\/\/www.bellunopress.it\/wp-content\/uploads\/2012\/11\/rifugio-scarpa-frassen\u00e8.jpg\" \/>\n<meta name=\"author\" content=\"redazione\" \/>\n<meta name=\"twitter:card\" content=\"summary_large_image\" \/>\n<meta name=\"twitter:creator\" content=\"@bellunopress\" \/>\n<meta name=\"twitter:site\" content=\"@bellunopress\" \/>\n<meta name=\"twitter:label1\" content=\"\u00c9crit par\" \/>\n\t<meta name=\"twitter:data1\" content=\"redazione\" \/>\n\t<meta name=\"twitter:label2\" content=\"Dur\u00e9e de lecture estim\u00e9e\" \/>\n\t<meta name=\"twitter:data2\" content=\"1 minute\" \/>\n<script type=\"application\/ld+json\" class=\"yoast-schema-graph\">{\"@context\":\"https:\\\/\\\/schema.org\",\"@graph\":[{\"@type\":\"Article\",\"@id\":\"https:\\\/\\\/www.bellunopress.it\\\/2012\\\/11\\\/15\\\/alla-scoperta-dellarca-di-noe-con-tito-de-luca-sabato-al-rifugio-scarpa-di-frassene\\\/#article\",\"isPartOf\":{\"@id\":\"https:\\\/\\\/www.bellunopress.it\\\/2012\\\/11\\\/15\\\/alla-scoperta-dellarca-di-noe-con-tito-de-luca-sabato-al-rifugio-scarpa-di-frassene\\\/\"},\"author\":{\"name\":\"redazione\",\"@id\":\"https:\\\/\\\/www.bellunopress.it\\\/#\\\/schema\\\/person\\\/79bb06722b37ece1c03d3e94beb30d73\"},\"headline\":\"Alla scoperta dell&#8217;Arca di No\u00e8 con Tito De Luca, sabato al Rifugio Scarpa di Frassen\u00e8\",\"datePublished\":\"2012-11-15T07:23:39+00:00\",\"dateModified\":\"2012-11-15T15:28:10+00:00\",\"mainEntityOfPage\":{\"@id\":\"https:\\\/\\\/www.bellunopress.it\\\/2012\\\/11\\\/15\\\/alla-scoperta-dellarca-di-noe-con-tito-de-luca-sabato-al-rifugio-scarpa-di-frassene\\\/\"},\"wordCount\":290,\"publisher\":{\"@id\":\"https:\\\/\\\/www.bellunopress.it\\\/#organization\"},\"articleSection\":[\"Appuntamenti, Eventi\",\"Arte, Cultura, Spettacoli, Scienza\",\"Pausa Caff\u00e8\"],\"inLanguage\":\"fr-FR\"},{\"@type\":\"WebPage\",\"@id\":\"https:\\\/\\\/www.bellunopress.it\\\/2012\\\/11\\\/15\\\/alla-scoperta-dellarca-di-noe-con-tito-de-luca-sabato-al-rifugio-scarpa-di-frassene\\\/\",\"url\":\"https:\\\/\\\/www.bellunopress.it\\\/2012\\\/11\\\/15\\\/alla-scoperta-dellarca-di-noe-con-tito-de-luca-sabato-al-rifugio-scarpa-di-frassene\\\/\",\"name\":\"Alla scoperta dell'Arca di No\u00e8 con Tito De Luca, sabato al Rifugio Scarpa di Frassen\u00e8 - Bellunopress - Dolomiti\",\"isPartOf\":{\"@id\":\"https:\\\/\\\/www.bellunopress.it\\\/#website\"},\"datePublished\":\"2012-11-15T07:23:39+00:00\",\"dateModified\":\"2012-11-15T15:28:10+00:00\",\"breadcrumb\":{\"@id\":\"https:\\\/\\\/www.bellunopress.it\\\/2012\\\/11\\\/15\\\/alla-scoperta-dellarca-di-noe-con-tito-de-luca-sabato-al-rifugio-scarpa-di-frassene\\\/#breadcrumb\"},\"inLanguage\":\"fr-FR\",\"potentialAction\":[{\"@type\":\"ReadAction\",\"target\":[\"https:\\\/\\\/www.bellunopress.it\\\/2012\\\/11\\\/15\\\/alla-scoperta-dellarca-di-noe-con-tito-de-luca-sabato-al-rifugio-scarpa-di-frassene\\\/\"]}]},{\"@type\":\"BreadcrumbList\",\"@id\":\"https:\\\/\\\/www.bellunopress.it\\\/2012\\\/11\\\/15\\\/alla-scoperta-dellarca-di-noe-con-tito-de-luca-sabato-al-rifugio-scarpa-di-frassene\\\/#breadcrumb\",\"itemListElement\":[{\"@type\":\"ListItem\",\"position\":1,\"name\":\"Home\",\"item\":\"https:\\\/\\\/www.bellunopress.it\\\/\"},{\"@type\":\"ListItem\",\"position\":2,\"name\":\"Alla scoperta dell&#8217;Arca di No\u00e8 con Tito De Luca, sabato al Rifugio Scarpa di Frassen\u00e8\"}]},{\"@type\":\"WebSite\",\"@id\":\"https:\\\/\\\/www.bellunopress.it\\\/#website\",\"url\":\"https:\\\/\\\/www.bellunopress.it\\\/\",\"name\":\"Bellunopress - Dolomiti\",\"description\":\"e-mail: redazione@bellunopress.it\",\"publisher\":{\"@id\":\"https:\\\/\\\/www.bellunopress.it\\\/#organization\"},\"potentialAction\":[{\"@type\":\"SearchAction\",\"target\":{\"@type\":\"EntryPoint\",\"urlTemplate\":\"https:\\\/\\\/www.bellunopress.it\\\/?s={search_term_string}\"},\"query-input\":{\"@type\":\"PropertyValueSpecification\",\"valueRequired\":true,\"valueName\":\"search_term_string\"}}],\"inLanguage\":\"fr-FR\"},{\"@type\":\"Organization\",\"@id\":\"https:\\\/\\\/www.bellunopress.it\\\/#organization\",\"name\":\"Bellunopress\",\"url\":\"https:\\\/\\\/www.bellunopress.it\\\/\",\"logo\":{\"@type\":\"ImageObject\",\"inLanguage\":\"fr-FR\",\"@id\":\"https:\\\/\\\/www.bellunopress.it\\\/#\\\/schema\\\/logo\\\/image\\\/\",\"url\":\"https:\\\/\\\/www.bellunopress.it\\\/wp-content\\\/uploads\\\/2011\\\/05\\\/cropped-logo-bellunopress-.jpg\",\"contentUrl\":\"https:\\\/\\\/www.bellunopress.it\\\/wp-content\\\/uploads\\\/2011\\\/05\\\/cropped-logo-bellunopress-.jpg\",\"width\":512,\"height\":512,\"caption\":\"Bellunopress\"},\"image\":{\"@id\":\"https:\\\/\\\/www.bellunopress.it\\\/#\\\/schema\\\/logo\\\/image\\\/\"},\"sameAs\":[\"https:\\\/\\\/www.facebook.com\\\/profile.php?id=100008943462799\",\"https:\\\/\\\/x.com\\\/bellunopress\",\"https:\\\/\\\/www.linkedin.com\\\/hp\\\/?dnr=JBzUWaJfMUw8vbXJJ2tVW5-I3jZKvC4wsoxE&amp;amp;amp;amp;amp;amp;trk=nav_responsive_tab_home\",\"https:\\\/\\\/www.youtube.com\\\/channel\\\/UCxL0wu1uN0_3_7hGG0306cw\"]},{\"@type\":\"Person\",\"@id\":\"https:\\\/\\\/www.bellunopress.it\\\/#\\\/schema\\\/person\\\/79bb06722b37ece1c03d3e94beb30d73\",\"name\":\"redazione\",\"image\":{\"@type\":\"ImageObject\",\"inLanguage\":\"fr-FR\",\"@id\":\"https:\\\/\\\/secure.gravatar.com\\\/avatar\\\/37d968a2e67a6fd04c169c4bdef102d0bc5d31b2546345219e348575eb80e9a0?s=96&d=mm&r=g\",\"url\":\"https:\\\/\\\/secure.gravatar.com\\\/avatar\\\/37d968a2e67a6fd04c169c4bdef102d0bc5d31b2546345219e348575eb80e9a0?s=96&d=mm&r=g\",\"contentUrl\":\"https:\\\/\\\/secure.gravatar.com\\\/avatar\\\/37d968a2e67a6fd04c169c4bdef102d0bc5d31b2546345219e348575eb80e9a0?s=96&d=mm&r=g\",\"caption\":\"redazione\"},\"sameAs\":[\"http:\\\/\\\/www.bellunopress.it\",\"https:\\\/\\\/x.com\\\/bellunopress\"],\"url\":\"https:\\\/\\\/www.bellunopress.it\\\/fr\\\/author\\\/redazione\\\/\"}]}<\/script>\n<!-- \/ Yoast SEO plugin. -->","yoast_head_json":{"title":"Alla scoperta dell'Arca di No\u00e8 con Tito De Luca, sabato al Rifugio Scarpa di Frassen\u00e8 - Bellunopress - Dolomiti","robots":{"index":"index","follow":"follow","max-snippet":"max-snippet:-1","max-image-preview":"max-image-preview:large","max-video-preview":"max-video-preview:-1"},"canonical":"https:\/\/www.bellunopress.it\/fr\/2012\/11\/15\/alla-scoperta-dellarca-di-noe-con-tito-de-luca-sabato-al-rifugio-scarpa-di-frassene\/","og_locale":"fr_FR","og_type":"article","og_title":"Alla scoperta dell'Arca di No\u00e8 con Tito De Luca, sabato al Rifugio Scarpa di Frassen\u00e8 - Bellunopress - Dolomiti","og_description":"Sabato 17 Novembre dalle ore 16 al Rifugio Scarpa di Frassen\u00e8 (Voltago Agordino) Tito De Luca presenter\u00e0 il suo documentario sulla storia delle civilt\u00e0 sotto il monte Ararat, con la clamorosa scoperta di alcuni resti lignei attribuibili presumibilmente all\u2019arca di No\u00e8. L&#8217;esploratore e alpinista bellunese, che da anni \u00e8 impegnato in Anatolia nella ricerca delle [&hellip;]","og_url":"https:\/\/www.bellunopress.it\/fr\/2012\/11\/15\/alla-scoperta-dellarca-di-noe-con-tito-de-luca-sabato-al-rifugio-scarpa-di-frassene\/","og_site_name":"Bellunopress - Dolomiti","article_publisher":"https:\/\/www.facebook.com\/profile.php?id=100008943462799","article_published_time":"2012-11-15T07:23:39+00:00","article_modified_time":"2012-11-15T15:28:10+00:00","og_image":[{"url":"http:\/\/www.bellunopress.it\/wp-content\/uploads\/2012\/11\/rifugio-scarpa-frassen\u00e8.jpg","type":"","width":"","height":""}],"author":"redazione","twitter_card":"summary_large_image","twitter_creator":"@bellunopress","twitter_site":"@bellunopress","twitter_misc":{"\u00c9crit par":"redazione","Dur\u00e9e de lecture estim\u00e9e":"1 minute"},"schema":{"@context":"https:\/\/schema.org","@graph":[{"@type":"Article","@id":"https:\/\/www.bellunopress.it\/2012\/11\/15\/alla-scoperta-dellarca-di-noe-con-tito-de-luca-sabato-al-rifugio-scarpa-di-frassene\/#article","isPartOf":{"@id":"https:\/\/www.bellunopress.it\/2012\/11\/15\/alla-scoperta-dellarca-di-noe-con-tito-de-luca-sabato-al-rifugio-scarpa-di-frassene\/"},"author":{"name":"redazione","@id":"https:\/\/www.bellunopress.it\/#\/schema\/person\/79bb06722b37ece1c03d3e94beb30d73"},"headline":"Alla scoperta dell&#8217;Arca di No\u00e8 con Tito De Luca, sabato al Rifugio Scarpa di Frassen\u00e8","datePublished":"2012-11-15T07:23:39+00:00","dateModified":"2012-11-15T15:28:10+00:00","mainEntityOfPage":{"@id":"https:\/\/www.bellunopress.it\/2012\/11\/15\/alla-scoperta-dellarca-di-noe-con-tito-de-luca-sabato-al-rifugio-scarpa-di-frassene\/"},"wordCount":290,"publisher":{"@id":"https:\/\/www.bellunopress.it\/#organization"},"articleSection":["Appuntamenti, Eventi","Arte, Cultura, Spettacoli, Scienza","Pausa Caff\u00e8"],"inLanguage":"fr-FR"},{"@type":"WebPage","@id":"https:\/\/www.bellunopress.it\/2012\/11\/15\/alla-scoperta-dellarca-di-noe-con-tito-de-luca-sabato-al-rifugio-scarpa-di-frassene\/","url":"https:\/\/www.bellunopress.it\/2012\/11\/15\/alla-scoperta-dellarca-di-noe-con-tito-de-luca-sabato-al-rifugio-scarpa-di-frassene\/","name":"Alla scoperta dell'Arca di No\u00e8 con Tito De Luca, sabato al Rifugio Scarpa di Frassen\u00e8 - Bellunopress - Dolomiti","isPartOf":{"@id":"https:\/\/www.bellunopress.it\/#website"},"datePublished":"2012-11-15T07:23:39+00:00","dateModified":"2012-11-15T15:28:10+00:00","breadcrumb":{"@id":"https:\/\/www.bellunopress.it\/2012\/11\/15\/alla-scoperta-dellarca-di-noe-con-tito-de-luca-sabato-al-rifugio-scarpa-di-frassene\/#breadcrumb"},"inLanguage":"fr-FR","potentialAction":[{"@type":"ReadAction","target":["https:\/\/www.bellunopress.it\/2012\/11\/15\/alla-scoperta-dellarca-di-noe-con-tito-de-luca-sabato-al-rifugio-scarpa-di-frassene\/"]}]},{"@type":"BreadcrumbList","@id":"https:\/\/www.bellunopress.it\/2012\/11\/15\/alla-scoperta-dellarca-di-noe-con-tito-de-luca-sabato-al-rifugio-scarpa-di-frassene\/#breadcrumb","itemListElement":[{"@type":"ListItem","position":1,"name":"Home","item":"https:\/\/www.bellunopress.it\/"},{"@type":"ListItem","position":2,"name":"Alla scoperta dell&#8217;Arca di No\u00e8 con Tito De Luca, sabato al Rifugio Scarpa di Frassen\u00e8"}]},{"@type":"WebSite","@id":"https:\/\/www.bellunopress.it\/#website","url":"https:\/\/www.bellunopress.it\/","name":"Bellunopress - Dolomiti","description":"e-mail: redazione@bellunopress.it","publisher":{"@id":"https:\/\/www.bellunopress.it\/#organization"},"potentialAction":[{"@type":"SearchAction","target":{"@type":"EntryPoint","urlTemplate":"https:\/\/www.bellunopress.it\/?s={search_term_string}"},"query-input":{"@type":"PropertyValueSpecification","valueRequired":true,"valueName":"search_term_string"}}],"inLanguage":"fr-FR"},{"@type":"Organization","@id":"https:\/\/www.bellunopress.it\/#organization","name":"Bellunopress","url":"https:\/\/www.bellunopress.it\/","logo":{"@type":"ImageObject","inLanguage":"fr-FR","@id":"https:\/\/www.bellunopress.it\/#\/schema\/logo\/image\/","url":"https:\/\/www.bellunopress.it\/wp-content\/uploads\/2011\/05\/cropped-logo-bellunopress-.jpg","contentUrl":"https:\/\/www.bellunopress.it\/wp-content\/uploads\/2011\/05\/cropped-logo-bellunopress-.jpg","width":512,"height":512,"caption":"Bellunopress"},"image":{"@id":"https:\/\/www.bellunopress.it\/#\/schema\/logo\/image\/"},"sameAs":["https:\/\/www.facebook.com\/profile.php?id=100008943462799","https:\/\/x.com\/bellunopress","https:\/\/www.linkedin.com\/hp\/?dnr=JBzUWaJfMUw8vbXJJ2tVW5-I3jZKvC4wsoxE&amp;amp;amp;amp;amp;amp;trk=nav_responsive_tab_home","https:\/\/www.youtube.com\/channel\/UCxL0wu1uN0_3_7hGG0306cw"]},{"@type":"Person","@id":"https:\/\/www.bellunopress.it\/#\/schema\/person\/79bb06722b37ece1c03d3e94beb30d73","name":"r\u00e9daction","image":{"@type":"ImageObject","inLanguage":"fr-FR","@id":"https:\/\/secure.gravatar.com\/avatar\/37d968a2e67a6fd04c169c4bdef102d0bc5d31b2546345219e348575eb80e9a0?s=96&d=mm&r=g","url":"https:\/\/secure.gravatar.com\/avatar\/37d968a2e67a6fd04c169c4bdef102d0bc5d31b2546345219e348575eb80e9a0?s=96&d=mm&r=g","contentUrl":"https:\/\/secure.gravatar.com\/avatar\/37d968a2e67a6fd04c169c4bdef102d0bc5d31b2546345219e348575eb80e9a0?s=96&d=mm&r=g","caption":"redazione"},"sameAs":["http:\/\/www.bellunopress.it","https:\/\/x.com\/bellunopress"],"url":"https:\/\/www.bellunopress.it\/fr\/author\/redazione\/"}]}},"_links":{"self":[{"href":"https:\/\/www.bellunopress.it\/fr\/wp-json\/wp\/v2\/posts\/43848","targetHints":{"allow":["GET"]}}],"collection":[{"href":"https:\/\/www.bellunopress.it\/fr\/wp-json\/wp\/v2\/posts"}],"about":[{"href":"https:\/\/www.bellunopress.it\/fr\/wp-json\/wp\/v2\/types\/post"}],"author":[{"embeddable":true,"href":"https:\/\/www.bellunopress.it\/fr\/wp-json\/wp\/v2\/users\/2"}],"replies":[{"embeddable":true,"href":"https:\/\/www.bellunopress.it\/fr\/wp-json\/wp\/v2\/comments?post=43848"}],"version-history":[{"count":2,"href":"https:\/\/www.bellunopress.it\/fr\/wp-json\/wp\/v2\/posts\/43848\/revisions"}],"predecessor-version":[{"id":43933,"href":"https:\/\/www.bellunopress.it\/fr\/wp-json\/wp\/v2\/posts\/43848\/revisions\/43933"}],"wp:attachment":[{"href":"https:\/\/www.bellunopress.it\/fr\/wp-json\/wp\/v2\/media?parent=43848"}],"wp:term":[{"taxonomy":"category","embeddable":true,"href":"https:\/\/www.bellunopress.it\/fr\/wp-json\/wp\/v2\/categories?post=43848"},{"taxonomy":"post_tag","embeddable":true,"href":"https:\/\/www.bellunopress.it\/fr\/wp-json\/wp\/v2\/tags?post=43848"}],"curies":[{"name":"wp","href":"https:\/\/api.w.org\/{rel}","templated":true}]}}