{"id":43846,"date":"2012-11-11T22:02:33","date_gmt":"2012-11-11T21:02:33","guid":{"rendered":"http:\/\/www.bellunopress.it\/?p=43846"},"modified":"2012-11-15T10:33:51","modified_gmt":"2012-11-15T09:33:51","slug":"mercoledi-a-feltre-le-vibrazioni-delle-campane-tibetane-con-marzia-da-rold","status":"publish","type":"post","link":"https:\/\/www.bellunopress.it\/fr\/2012\/11\/11\/mercoledi-a-feltre-le-vibrazioni-delle-campane-tibetane-con-marzia-da-rold\/","title":{"rendered":"Mercoled\u00ec a Feltre le vibrazioni delle campane tibetane con Marzia Da Rold"},"content":{"rendered":"<p>Un altro appuntamento presso il Centro Olistico Soulcenter &#8211; in viale Fusinato 27 a Feltre.<\/p>\n<p>Mercoled\u00ec 14 novembre 2012 &#8211; dalle ore 20.00 alle ore 21.30 &#8211; Marzia Da Rold ci guider\u00e0 in un incontro di Meditazione sonora con i suoni vibrazionali delle Campane Tibetane e con la magica forza dei Mantra.<\/p>\n<p>Un&#8217;ulteriore occasione per vivere un&#8217;esperienza intensa di ascolto interiore, per cogliere la profonda relazione tra suono, corpo, mente e spiritualit\u00e0.<\/p>\n<p>Marzia Da Rold, diplomata in pianoforte, \u00e8 una musicoterapeuta specializzata in Mantra Healing Tibetano ed insegna presso l&#8217;Istituto di Terapia del Massaggio Sonoro e presso la Tama \u2013Do, The Academy of Sound, Color and Movement\u00a9 &#8211; California (USA).<\/p>","protected":false},"excerpt":{"rendered":"<p>Un altro appuntamento presso il Centro Olistico Soulcenter &#8211; in viale Fusinato 27 a Feltre. Mercoled\u00ec 14 novembre 2012 &#8211; dalle ore 20.00 alle ore 21.30 &#8211; Marzia Da Rold ci guider\u00e0 in un incontro di Meditazione sonora con i suoni vibrazionali delle Campane Tibetane e con la magica forza dei Mantra. Un&#8217;ulteriore occasione per [&hellip;]<\/p>\n","protected":false},"author":2,"featured_media":0,"comment_status":"closed","ping_status":"open","sticky":false,"template":"","format":"standard","meta":{"footnotes":""},"categories":[27,25],"tags":[],"class_list":["post-43846","post","type-post","status-publish","format-standard","category-appuntamenti","category-pausa-caffe"],"yoast_head":"<!-- This site is optimized with the Yoast SEO plugin v28.4 - https:\/\/yoast.com\/product\/yoast-seo-wordpress\/ -->\n<title>Mercoled\u00ec a Feltre le vibrazioni delle campane tibetane con Marzia Da Rold  - Bellunopress - Dolomiti<\/title>\n<meta name=\"robots\" content=\"index, follow, max-snippet:-1, max-image-preview:large, max-video-preview:-1\" \/>\n<link rel=\"canonical\" href=\"https:\/\/www.bellunopress.it\/fr\/2012\/11\/11\/mercoledi-a-feltre-le-vibrazioni-delle-campane-tibetane-con-marzia-da-rold\/\" \/>\n<meta property=\"og:locale\" content=\"fr_FR\" \/>\n<meta property=\"og:type\" content=\"article\" \/>\n<meta property=\"og:title\" content=\"Mercoled\u00ec a Feltre le vibrazioni delle campane tibetane con Marzia Da Rold  - Bellunopress - Dolomiti\" \/>\n<meta property=\"og:description\" content=\"Un altro appuntamento presso il Centro Olistico Soulcenter &#8211; in viale Fusinato 27 a Feltre. Mercoled\u00ec 14 novembre 2012 &#8211; dalle ore 20.00 alle ore 21.30 &#8211; Marzia Da Rold ci guider\u00e0 in un incontro di Meditazione sonora con i suoni vibrazionali delle Campane Tibetane e con la magica forza dei Mantra. Un&#8217;ulteriore occasione per [&hellip;]\" \/>\n<meta property=\"og:url\" content=\"https:\/\/www.bellunopress.it\/fr\/2012\/11\/11\/mercoledi-a-feltre-le-vibrazioni-delle-campane-tibetane-con-marzia-da-rold\/\" \/>\n<meta property=\"og:site_name\" content=\"Bellunopress - Dolomiti\" \/>\n<meta property=\"article:publisher\" content=\"https:\/\/www.facebook.com\/profile.php?id=100008943462799\" \/>\n<meta property=\"article:published_time\" content=\"2012-11-11T21:02:33+00:00\" \/>\n<meta property=\"article:modified_time\" content=\"2012-11-15T09:33:51+00:00\" \/>\n<meta property=\"og:image\" content=\"http:\/\/www.bellunopress.it\/wp-content\/uploads\/2012\/07\/logo-bellunopress-250x250-2012.jpg\" \/>\n<meta name=\"author\" content=\"redazione\" \/>\n<meta name=\"twitter:card\" content=\"summary_large_image\" \/>\n<meta name=\"twitter:creator\" content=\"@bellunopress\" \/>\n<meta name=\"twitter:site\" content=\"@bellunopress\" \/>\n<meta name=\"twitter:label1\" content=\"\u00c9crit par\" \/>\n\t<meta name=\"twitter:data1\" content=\"redazione\" \/>\n\t<meta name=\"twitter:label2\" content=\"Dur\u00e9e de lecture estim\u00e9e\" \/>\n\t<meta name=\"twitter:data2\" content=\"1 minute\" \/>\n<script type=\"application\/ld+json\" class=\"yoast-schema-graph\">{\"@context\":\"https:\\\/\\\/schema.org\",\"@graph\":[{\"@type\":\"Article\",\"@id\":\"https:\\\/\\\/www.bellunopress.it\\\/2012\\\/11\\\/11\\\/mercoledi-a-feltre-le-vibrazioni-delle-campane-tibetane-con-marzia-da-rold\\\/#article\",\"isPartOf\":{\"@id\":\"https:\\\/\\\/www.bellunopress.it\\\/2012\\\/11\\\/11\\\/mercoledi-a-feltre-le-vibrazioni-delle-campane-tibetane-con-marzia-da-rold\\\/\"},\"author\":{\"name\":\"redazione\",\"@id\":\"https:\\\/\\\/www.bellunopress.it\\\/#\\\/schema\\\/person\\\/79bb06722b37ece1c03d3e94beb30d73\"},\"headline\":\"Mercoled\u00ec a Feltre le vibrazioni delle campane tibetane con Marzia Da Rold\",\"datePublished\":\"2012-11-11T21:02:33+00:00\",\"dateModified\":\"2012-11-15T09:33:51+00:00\",\"mainEntityOfPage\":{\"@id\":\"https:\\\/\\\/www.bellunopress.it\\\/2012\\\/11\\\/11\\\/mercoledi-a-feltre-le-vibrazioni-delle-campane-tibetane-con-marzia-da-rold\\\/\"},\"wordCount\":119,\"publisher\":{\"@id\":\"https:\\\/\\\/www.bellunopress.it\\\/#organization\"},\"articleSection\":[\"Appuntamenti, Eventi\",\"Pausa Caff\u00e8\"],\"inLanguage\":\"fr-FR\"},{\"@type\":\"WebPage\",\"@id\":\"https:\\\/\\\/www.bellunopress.it\\\/2012\\\/11\\\/11\\\/mercoledi-a-feltre-le-vibrazioni-delle-campane-tibetane-con-marzia-da-rold\\\/\",\"url\":\"https:\\\/\\\/www.bellunopress.it\\\/2012\\\/11\\\/11\\\/mercoledi-a-feltre-le-vibrazioni-delle-campane-tibetane-con-marzia-da-rold\\\/\",\"name\":\"Mercoled\u00ec a Feltre le vibrazioni delle campane tibetane con Marzia Da Rold - Bellunopress - Dolomiti\",\"isPartOf\":{\"@id\":\"https:\\\/\\\/www.bellunopress.it\\\/#website\"},\"datePublished\":\"2012-11-11T21:02:33+00:00\",\"dateModified\":\"2012-11-15T09:33:51+00:00\",\"breadcrumb\":{\"@id\":\"https:\\\/\\\/www.bellunopress.it\\\/2012\\\/11\\\/11\\\/mercoledi-a-feltre-le-vibrazioni-delle-campane-tibetane-con-marzia-da-rold\\\/#breadcrumb\"},\"inLanguage\":\"fr-FR\",\"potentialAction\":[{\"@type\":\"ReadAction\",\"target\":[\"https:\\\/\\\/www.bellunopress.it\\\/2012\\\/11\\\/11\\\/mercoledi-a-feltre-le-vibrazioni-delle-campane-tibetane-con-marzia-da-rold\\\/\"]}]},{\"@type\":\"BreadcrumbList\",\"@id\":\"https:\\\/\\\/www.bellunopress.it\\\/2012\\\/11\\\/11\\\/mercoledi-a-feltre-le-vibrazioni-delle-campane-tibetane-con-marzia-da-rold\\\/#breadcrumb\",\"itemListElement\":[{\"@type\":\"ListItem\",\"position\":1,\"name\":\"Home\",\"item\":\"https:\\\/\\\/www.bellunopress.it\\\/\"},{\"@type\":\"ListItem\",\"position\":2,\"name\":\"Mercoled\u00ec a Feltre le vibrazioni delle campane tibetane con Marzia Da Rold\"}]},{\"@type\":\"WebSite\",\"@id\":\"https:\\\/\\\/www.bellunopress.it\\\/#website\",\"url\":\"https:\\\/\\\/www.bellunopress.it\\\/\",\"name\":\"Bellunopress - Dolomiti\",\"description\":\"e-mail: redazione@bellunopress.it\",\"publisher\":{\"@id\":\"https:\\\/\\\/www.bellunopress.it\\\/#organization\"},\"potentialAction\":[{\"@type\":\"SearchAction\",\"target\":{\"@type\":\"EntryPoint\",\"urlTemplate\":\"https:\\\/\\\/www.bellunopress.it\\\/?s={search_term_string}\"},\"query-input\":{\"@type\":\"PropertyValueSpecification\",\"valueRequired\":true,\"valueName\":\"search_term_string\"}}],\"inLanguage\":\"fr-FR\"},{\"@type\":\"Organization\",\"@id\":\"https:\\\/\\\/www.bellunopress.it\\\/#organization\",\"name\":\"Bellunopress\",\"url\":\"https:\\\/\\\/www.bellunopress.it\\\/\",\"logo\":{\"@type\":\"ImageObject\",\"inLanguage\":\"fr-FR\",\"@id\":\"https:\\\/\\\/www.bellunopress.it\\\/#\\\/schema\\\/logo\\\/image\\\/\",\"url\":\"https:\\\/\\\/www.bellunopress.it\\\/wp-content\\\/uploads\\\/2011\\\/05\\\/cropped-logo-bellunopress-.jpg\",\"contentUrl\":\"https:\\\/\\\/www.bellunopress.it\\\/wp-content\\\/uploads\\\/2011\\\/05\\\/cropped-logo-bellunopress-.jpg\",\"width\":512,\"height\":512,\"caption\":\"Bellunopress\"},\"image\":{\"@id\":\"https:\\\/\\\/www.bellunopress.it\\\/#\\\/schema\\\/logo\\\/image\\\/\"},\"sameAs\":[\"https:\\\/\\\/www.facebook.com\\\/profile.php?id=100008943462799\",\"https:\\\/\\\/x.com\\\/bellunopress\",\"https:\\\/\\\/www.linkedin.com\\\/hp\\\/?dnr=JBzUWaJfMUw8vbXJJ2tVW5-I3jZKvC4wsoxE&amp;amp;amp;amp;amp;amp;trk=nav_responsive_tab_home\",\"https:\\\/\\\/www.youtube.com\\\/channel\\\/UCxL0wu1uN0_3_7hGG0306cw\"]},{\"@type\":\"Person\",\"@id\":\"https:\\\/\\\/www.bellunopress.it\\\/#\\\/schema\\\/person\\\/79bb06722b37ece1c03d3e94beb30d73\",\"name\":\"redazione\",\"image\":{\"@type\":\"ImageObject\",\"inLanguage\":\"fr-FR\",\"@id\":\"https:\\\/\\\/secure.gravatar.com\\\/avatar\\\/37d968a2e67a6fd04c169c4bdef102d0bc5d31b2546345219e348575eb80e9a0?s=96&d=mm&r=g\",\"url\":\"https:\\\/\\\/secure.gravatar.com\\\/avatar\\\/37d968a2e67a6fd04c169c4bdef102d0bc5d31b2546345219e348575eb80e9a0?s=96&d=mm&r=g\",\"contentUrl\":\"https:\\\/\\\/secure.gravatar.com\\\/avatar\\\/37d968a2e67a6fd04c169c4bdef102d0bc5d31b2546345219e348575eb80e9a0?s=96&d=mm&r=g\",\"caption\":\"redazione\"},\"sameAs\":[\"http:\\\/\\\/www.bellunopress.it\",\"https:\\\/\\\/x.com\\\/bellunopress\"],\"url\":\"https:\\\/\\\/www.bellunopress.it\\\/fr\\\/author\\\/redazione\\\/\"}]}<\/script>\n<!-- \/ Yoast SEO plugin. -->","yoast_head_json":{"title":"Mercoled\u00ec a Feltre le vibrazioni delle campane tibetane con Marzia Da Rold  - Bellunopress - Dolomiti","robots":{"index":"index","follow":"follow","max-snippet":"max-snippet:-1","max-image-preview":"max-image-preview:large","max-video-preview":"max-video-preview:-1"},"canonical":"https:\/\/www.bellunopress.it\/fr\/2012\/11\/11\/mercoledi-a-feltre-le-vibrazioni-delle-campane-tibetane-con-marzia-da-rold\/","og_locale":"fr_FR","og_type":"article","og_title":"Mercoled\u00ec a Feltre le vibrazioni delle campane tibetane con Marzia Da Rold  - Bellunopress - Dolomiti","og_description":"Un altro appuntamento presso il Centro Olistico Soulcenter &#8211; in viale Fusinato 27 a Feltre. Mercoled\u00ec 14 novembre 2012 &#8211; dalle ore 20.00 alle ore 21.30 &#8211; Marzia Da Rold ci guider\u00e0 in un incontro di Meditazione sonora con i suoni vibrazionali delle Campane Tibetane e con la magica forza dei Mantra. Un&#8217;ulteriore occasione per [&hellip;]","og_url":"https:\/\/www.bellunopress.it\/fr\/2012\/11\/11\/mercoledi-a-feltre-le-vibrazioni-delle-campane-tibetane-con-marzia-da-rold\/","og_site_name":"Bellunopress - Dolomiti","article_publisher":"https:\/\/www.facebook.com\/profile.php?id=100008943462799","article_published_time":"2012-11-11T21:02:33+00:00","article_modified_time":"2012-11-15T09:33:51+00:00","og_image":[{"url":"http:\/\/www.bellunopress.it\/wp-content\/uploads\/2012\/07\/logo-bellunopress-250x250-2012.jpg","type":"","width":"","height":""}],"author":"redazione","twitter_card":"summary_large_image","twitter_creator":"@bellunopress","twitter_site":"@bellunopress","twitter_misc":{"\u00c9crit par":"redazione","Dur\u00e9e de lecture estim\u00e9e":"1 minute"},"schema":{"@context":"https:\/\/schema.org","@graph":[{"@type":"Article","@id":"https:\/\/www.bellunopress.it\/2012\/11\/11\/mercoledi-a-feltre-le-vibrazioni-delle-campane-tibetane-con-marzia-da-rold\/#article","isPartOf":{"@id":"https:\/\/www.bellunopress.it\/2012\/11\/11\/mercoledi-a-feltre-le-vibrazioni-delle-campane-tibetane-con-marzia-da-rold\/"},"author":{"name":"redazione","@id":"https:\/\/www.bellunopress.it\/#\/schema\/person\/79bb06722b37ece1c03d3e94beb30d73"},"headline":"Mercoled\u00ec a Feltre le vibrazioni delle campane tibetane con Marzia Da Rold","datePublished":"2012-11-11T21:02:33+00:00","dateModified":"2012-11-15T09:33:51+00:00","mainEntityOfPage":{"@id":"https:\/\/www.bellunopress.it\/2012\/11\/11\/mercoledi-a-feltre-le-vibrazioni-delle-campane-tibetane-con-marzia-da-rold\/"},"wordCount":119,"publisher":{"@id":"https:\/\/www.bellunopress.it\/#organization"},"articleSection":["Appuntamenti, Eventi","Pausa Caff\u00e8"],"inLanguage":"fr-FR"},{"@type":"WebPage","@id":"https:\/\/www.bellunopress.it\/2012\/11\/11\/mercoledi-a-feltre-le-vibrazioni-delle-campane-tibetane-con-marzia-da-rold\/","url":"https:\/\/www.bellunopress.it\/2012\/11\/11\/mercoledi-a-feltre-le-vibrazioni-delle-campane-tibetane-con-marzia-da-rold\/","name":"Mercoled\u00ec a Feltre le vibrazioni delle campane tibetane con Marzia Da Rold - Bellunopress - Dolomiti","isPartOf":{"@id":"https:\/\/www.bellunopress.it\/#website"},"datePublished":"2012-11-11T21:02:33+00:00","dateModified":"2012-11-15T09:33:51+00:00","breadcrumb":{"@id":"https:\/\/www.bellunopress.it\/2012\/11\/11\/mercoledi-a-feltre-le-vibrazioni-delle-campane-tibetane-con-marzia-da-rold\/#breadcrumb"},"inLanguage":"fr-FR","potentialAction":[{"@type":"ReadAction","target":["https:\/\/www.bellunopress.it\/2012\/11\/11\/mercoledi-a-feltre-le-vibrazioni-delle-campane-tibetane-con-marzia-da-rold\/"]}]},{"@type":"BreadcrumbList","@id":"https:\/\/www.bellunopress.it\/2012\/11\/11\/mercoledi-a-feltre-le-vibrazioni-delle-campane-tibetane-con-marzia-da-rold\/#breadcrumb","itemListElement":[{"@type":"ListItem","position":1,"name":"Home","item":"https:\/\/www.bellunopress.it\/"},{"@type":"ListItem","position":2,"name":"Mercoled\u00ec a Feltre le vibrazioni delle campane tibetane con Marzia Da Rold"}]},{"@type":"WebSite","@id":"https:\/\/www.bellunopress.it\/#website","url":"https:\/\/www.bellunopress.it\/","name":"Bellunopress - Dolomiti","description":"e-mail: redazione@bellunopress.it","publisher":{"@id":"https:\/\/www.bellunopress.it\/#organization"},"potentialAction":[{"@type":"SearchAction","target":{"@type":"EntryPoint","urlTemplate":"https:\/\/www.bellunopress.it\/?s={search_term_string}"},"query-input":{"@type":"PropertyValueSpecification","valueRequired":true,"valueName":"search_term_string"}}],"inLanguage":"fr-FR"},{"@type":"Organization","@id":"https:\/\/www.bellunopress.it\/#organization","name":"Bellunopress","url":"https:\/\/www.bellunopress.it\/","logo":{"@type":"ImageObject","inLanguage":"fr-FR","@id":"https:\/\/www.bellunopress.it\/#\/schema\/logo\/image\/","url":"https:\/\/www.bellunopress.it\/wp-content\/uploads\/2011\/05\/cropped-logo-bellunopress-.jpg","contentUrl":"https:\/\/www.bellunopress.it\/wp-content\/uploads\/2011\/05\/cropped-logo-bellunopress-.jpg","width":512,"height":512,"caption":"Bellunopress"},"image":{"@id":"https:\/\/www.bellunopress.it\/#\/schema\/logo\/image\/"},"sameAs":["https:\/\/www.facebook.com\/profile.php?id=100008943462799","https:\/\/x.com\/bellunopress","https:\/\/www.linkedin.com\/hp\/?dnr=JBzUWaJfMUw8vbXJJ2tVW5-I3jZKvC4wsoxE&amp;amp;amp;amp;amp;amp;trk=nav_responsive_tab_home","https:\/\/www.youtube.com\/channel\/UCxL0wu1uN0_3_7hGG0306cw"]},{"@type":"Person","@id":"https:\/\/www.bellunopress.it\/#\/schema\/person\/79bb06722b37ece1c03d3e94beb30d73","name":"r\u00e9daction","image":{"@type":"ImageObject","inLanguage":"fr-FR","@id":"https:\/\/secure.gravatar.com\/avatar\/37d968a2e67a6fd04c169c4bdef102d0bc5d31b2546345219e348575eb80e9a0?s=96&d=mm&r=g","url":"https:\/\/secure.gravatar.com\/avatar\/37d968a2e67a6fd04c169c4bdef102d0bc5d31b2546345219e348575eb80e9a0?s=96&d=mm&r=g","contentUrl":"https:\/\/secure.gravatar.com\/avatar\/37d968a2e67a6fd04c169c4bdef102d0bc5d31b2546345219e348575eb80e9a0?s=96&d=mm&r=g","caption":"redazione"},"sameAs":["http:\/\/www.bellunopress.it","https:\/\/x.com\/bellunopress"],"url":"https:\/\/www.bellunopress.it\/fr\/author\/redazione\/"}]}},"_links":{"self":[{"href":"https:\/\/www.bellunopress.it\/fr\/wp-json\/wp\/v2\/posts\/43846","targetHints":{"allow":["GET"]}}],"collection":[{"href":"https:\/\/www.bellunopress.it\/fr\/wp-json\/wp\/v2\/posts"}],"about":[{"href":"https:\/\/www.bellunopress.it\/fr\/wp-json\/wp\/v2\/types\/post"}],"author":[{"embeddable":true,"href":"https:\/\/www.bellunopress.it\/fr\/wp-json\/wp\/v2\/users\/2"}],"replies":[{"embeddable":true,"href":"https:\/\/www.bellunopress.it\/fr\/wp-json\/wp\/v2\/comments?post=43846"}],"version-history":[{"count":2,"href":"https:\/\/www.bellunopress.it\/fr\/wp-json\/wp\/v2\/posts\/43846\/revisions"}],"predecessor-version":[{"id":43921,"href":"https:\/\/www.bellunopress.it\/fr\/wp-json\/wp\/v2\/posts\/43846\/revisions\/43921"}],"wp:attachment":[{"href":"https:\/\/www.bellunopress.it\/fr\/wp-json\/wp\/v2\/media?parent=43846"}],"wp:term":[{"taxonomy":"category","embeddable":true,"href":"https:\/\/www.bellunopress.it\/fr\/wp-json\/wp\/v2\/categories?post=43846"},{"taxonomy":"post_tag","embeddable":true,"href":"https:\/\/www.bellunopress.it\/fr\/wp-json\/wp\/v2\/tags?post=43846"}],"curies":[{"name":"wp","href":"https:\/\/api.w.org\/{rel}","templated":true}]}}