{"id":43843,"date":"2012-11-12T21:50:26","date_gmt":"2012-11-12T20:50:26","guid":{"rendered":"http:\/\/www.bellunopress.it\/?p=43843"},"modified":"2012-11-12T21:50:26","modified_gmt":"2012-11-12T20:50:26","slug":"recuperati-due-giovani-escursionisti-bloccati-al-bivacco-campestrin","status":"publish","type":"post","link":"https:\/\/www.bellunopress.it\/fr\/2012\/11\/12\/recuperati-due-giovani-escursionisti-bloccati-al-bivacco-campestrin\/","title":{"rendered":"Recuperati due giovani escursionisti bloccati al bivacco Campestrin"},"content":{"rendered":"<p><a href=\"http:\/\/www.bellunopress.it\/wp-content\/uploads\/2011\/03\/soccorso-alpino-cnsas.png\"><img loading=\"lazy\" decoding=\"async\" class=\"alignleft size-full wp-image-24711\" title=\"soccorso alpino cnsas\" src=\"http:\/\/www.bellunopress.it\/wp-content\/uploads\/2011\/03\/soccorso-alpino-cnsas.png\" alt=\"\" width=\"122\" height=\"122\" \/><\/a>Ospitale di Cadore (BL), 12-11-12\u00a0Due giovani escursionisti in difficolt\u00e0 per le conseguenze del maltempo, rimasti bloccati al bivacco Campestrin, sono stati tratti in salvo dal Soccorso alpino di Longarone. I due, un ragazzo e una ragazza, A.R., 21 anni, di San Giorgio di Piano (BO), e C.R., 20 anni, di Foggia, erano partiti sabato da Ospitale di Cadore diretti al bivacco Campestrin, per la Valbona, con l&#8217;intenzione di svalicare e scendere dalla parte di Cibiana. Passata la notte di sabato in bivacco, ieri la coppia \u00e8 stata costretta a rimanere nella struttura. Stamattina quando i due hanno tentato di tornare sui propri passi verso casera Valbona sono stati fermati da un torrente in piena, impossibile da guadare. Tornati al Campestrin, gli escursionisti hanno deciso di provare l&#8217;itinerario verso Cibiana, risalendo fino a forcella Campestrin, ma lungo il tragitto si sono trovati di fronte la neve. Tornati al bivacco, hanno chiesto aiuto con il cellulare. Attorno alle 12.30 \u00e8 stato quindi allertato il Soccorso alpino di Longarone, anche perch\u00e8 le nubi impedivano l&#8217;eventuale intervento dell&#8217;elicottero del Suem di Pieve di Cadore. Una ruspa messa gentilmente a disposizione dal Comune di Ospitale di Cadore ha liberato la strada fino a Casera Valbona, altrimenti impercorribile con le jeep, e permesso alle squadre di superare il torrente. I soccorritori, una decina, hanno raggiunto il bivacco, a 1.650 metri di quota, e, presi con loro i ragazzi, li hanno riaccompagnati a valle, facendo loro superare il torrente con l&#8217;allestimento di una teleferica. L&#8217;intervento si \u00e8 concluso verso le 16.<\/p>","protected":false},"excerpt":{"rendered":"<p>Ospitale di Cadore (BL), 12-11-12\u00a0Due giovani escursionisti in difficolt\u00e0 per le conseguenze del maltempo, rimasti bloccati al bivacco Campestrin, sono stati tratti in salvo dal Soccorso alpino di Longarone. I due, un ragazzo e una ragazza, A.R., 21 anni, di San Giorgio di Piano (BO), e C.R., 20 anni, di Foggia, erano partiti sabato da [&hellip;]<\/p>\n","protected":false},"author":2,"featured_media":0,"comment_status":"closed","ping_status":"open","sticky":false,"template":"","format":"standard","meta":{"footnotes":""},"categories":[5,26],"tags":[],"class_list":["post-43843","post","type-post","status-publish","format-standard","category-cronaca","category-prima-pagina"],"yoast_head":"<!-- This site is optimized with the Yoast SEO plugin v28.4 - https:\/\/yoast.com\/product\/yoast-seo-wordpress\/ -->\n<title>Recuperati due giovani escursionisti bloccati al bivacco Campestrin - Bellunopress - Dolomiti<\/title>\n<meta name=\"robots\" content=\"index, follow, max-snippet:-1, max-image-preview:large, max-video-preview:-1\" \/>\n<link rel=\"canonical\" href=\"https:\/\/www.bellunopress.it\/fr\/2012\/11\/12\/recuperati-due-giovani-escursionisti-bloccati-al-bivacco-campestrin\/\" \/>\n<meta property=\"og:locale\" content=\"fr_FR\" \/>\n<meta property=\"og:type\" content=\"article\" \/>\n<meta property=\"og:title\" content=\"Recuperati due giovani escursionisti bloccati al bivacco Campestrin - Bellunopress - Dolomiti\" \/>\n<meta property=\"og:description\" content=\"Ospitale di Cadore (BL), 12-11-12\u00a0Due giovani escursionisti in difficolt\u00e0 per le conseguenze del maltempo, rimasti bloccati al bivacco Campestrin, sono stati tratti in salvo dal Soccorso alpino di Longarone. I due, un ragazzo e una ragazza, A.R., 21 anni, di San Giorgio di Piano (BO), e C.R., 20 anni, di Foggia, erano partiti sabato da [&hellip;]\" \/>\n<meta property=\"og:url\" content=\"https:\/\/www.bellunopress.it\/fr\/2012\/11\/12\/recuperati-due-giovani-escursionisti-bloccati-al-bivacco-campestrin\/\" \/>\n<meta property=\"og:site_name\" content=\"Bellunopress - Dolomiti\" \/>\n<meta property=\"article:publisher\" content=\"https:\/\/www.facebook.com\/profile.php?id=100008943462799\" \/>\n<meta property=\"article:published_time\" content=\"2012-11-12T20:50:26+00:00\" \/>\n<meta property=\"og:image\" content=\"http:\/\/www.bellunopress.it\/wp-content\/uploads\/2011\/03\/soccorso-alpino-cnsas.png\" \/>\n<meta name=\"author\" content=\"redazione\" \/>\n<meta name=\"twitter:card\" content=\"summary_large_image\" \/>\n<meta name=\"twitter:creator\" content=\"@bellunopress\" \/>\n<meta name=\"twitter:site\" content=\"@bellunopress\" \/>\n<meta name=\"twitter:label1\" content=\"\u00c9crit par\" \/>\n\t<meta name=\"twitter:data1\" content=\"redazione\" \/>\n\t<meta name=\"twitter:label2\" content=\"Dur\u00e9e de lecture estim\u00e9e\" \/>\n\t<meta name=\"twitter:data2\" content=\"1 minute\" \/>\n<script type=\"application\/ld+json\" class=\"yoast-schema-graph\">{\"@context\":\"https:\\\/\\\/schema.org\",\"@graph\":[{\"@type\":\"Article\",\"@id\":\"https:\\\/\\\/www.bellunopress.it\\\/2012\\\/11\\\/12\\\/recuperati-due-giovani-escursionisti-bloccati-al-bivacco-campestrin\\\/#article\",\"isPartOf\":{\"@id\":\"https:\\\/\\\/www.bellunopress.it\\\/2012\\\/11\\\/12\\\/recuperati-due-giovani-escursionisti-bloccati-al-bivacco-campestrin\\\/\"},\"author\":{\"name\":\"redazione\",\"@id\":\"https:\\\/\\\/www.bellunopress.it\\\/#\\\/schema\\\/person\\\/79bb06722b37ece1c03d3e94beb30d73\"},\"headline\":\"Recuperati due giovani escursionisti bloccati al bivacco Campestrin\",\"datePublished\":\"2012-11-12T20:50:26+00:00\",\"mainEntityOfPage\":{\"@id\":\"https:\\\/\\\/www.bellunopress.it\\\/2012\\\/11\\\/12\\\/recuperati-due-giovani-escursionisti-bloccati-al-bivacco-campestrin\\\/\"},\"wordCount\":264,\"publisher\":{\"@id\":\"https:\\\/\\\/www.bellunopress.it\\\/#organization\"},\"image\":{\"@id\":\"https:\\\/\\\/www.bellunopress.it\\\/2012\\\/11\\\/12\\\/recuperati-due-giovani-escursionisti-bloccati-al-bivacco-campestrin\\\/#primaryimage\"},\"thumbnailUrl\":\"http:\\\/\\\/www.bellunopress.it\\\/wp-content\\\/uploads\\\/2011\\\/03\\\/soccorso-alpino-cnsas.png\",\"articleSection\":[\"Cronaca\\\/Politica\",\"Prima Pagina\"],\"inLanguage\":\"fr-FR\"},{\"@type\":\"WebPage\",\"@id\":\"https:\\\/\\\/www.bellunopress.it\\\/2012\\\/11\\\/12\\\/recuperati-due-giovani-escursionisti-bloccati-al-bivacco-campestrin\\\/\",\"url\":\"https:\\\/\\\/www.bellunopress.it\\\/2012\\\/11\\\/12\\\/recuperati-due-giovani-escursionisti-bloccati-al-bivacco-campestrin\\\/\",\"name\":\"Recuperati due giovani escursionisti bloccati al bivacco Campestrin - Bellunopress - Dolomiti\",\"isPartOf\":{\"@id\":\"https:\\\/\\\/www.bellunopress.it\\\/#website\"},\"primaryImageOfPage\":{\"@id\":\"https:\\\/\\\/www.bellunopress.it\\\/2012\\\/11\\\/12\\\/recuperati-due-giovani-escursionisti-bloccati-al-bivacco-campestrin\\\/#primaryimage\"},\"image\":{\"@id\":\"https:\\\/\\\/www.bellunopress.it\\\/2012\\\/11\\\/12\\\/recuperati-due-giovani-escursionisti-bloccati-al-bivacco-campestrin\\\/#primaryimage\"},\"thumbnailUrl\":\"http:\\\/\\\/www.bellunopress.it\\\/wp-content\\\/uploads\\\/2011\\\/03\\\/soccorso-alpino-cnsas.png\",\"datePublished\":\"2012-11-12T20:50:26+00:00\",\"breadcrumb\":{\"@id\":\"https:\\\/\\\/www.bellunopress.it\\\/2012\\\/11\\\/12\\\/recuperati-due-giovani-escursionisti-bloccati-al-bivacco-campestrin\\\/#breadcrumb\"},\"inLanguage\":\"fr-FR\",\"potentialAction\":[{\"@type\":\"ReadAction\",\"target\":[\"https:\\\/\\\/www.bellunopress.it\\\/2012\\\/11\\\/12\\\/recuperati-due-giovani-escursionisti-bloccati-al-bivacco-campestrin\\\/\"]}]},{\"@type\":\"ImageObject\",\"inLanguage\":\"fr-FR\",\"@id\":\"https:\\\/\\\/www.bellunopress.it\\\/2012\\\/11\\\/12\\\/recuperati-due-giovani-escursionisti-bloccati-al-bivacco-campestrin\\\/#primaryimage\",\"url\":\"http:\\\/\\\/www.bellunopress.it\\\/wp-content\\\/uploads\\\/2011\\\/03\\\/soccorso-alpino-cnsas.png\",\"contentUrl\":\"http:\\\/\\\/www.bellunopress.it\\\/wp-content\\\/uploads\\\/2011\\\/03\\\/soccorso-alpino-cnsas.png\"},{\"@type\":\"BreadcrumbList\",\"@id\":\"https:\\\/\\\/www.bellunopress.it\\\/2012\\\/11\\\/12\\\/recuperati-due-giovani-escursionisti-bloccati-al-bivacco-campestrin\\\/#breadcrumb\",\"itemListElement\":[{\"@type\":\"ListItem\",\"position\":1,\"name\":\"Home\",\"item\":\"https:\\\/\\\/www.bellunopress.it\\\/\"},{\"@type\":\"ListItem\",\"position\":2,\"name\":\"Recuperati due giovani escursionisti bloccati al bivacco Campestrin\"}]},{\"@type\":\"WebSite\",\"@id\":\"https:\\\/\\\/www.bellunopress.it\\\/#website\",\"url\":\"https:\\\/\\\/www.bellunopress.it\\\/\",\"name\":\"Bellunopress - Dolomiti\",\"description\":\"e-mail: redazione@bellunopress.it\",\"publisher\":{\"@id\":\"https:\\\/\\\/www.bellunopress.it\\\/#organization\"},\"potentialAction\":[{\"@type\":\"SearchAction\",\"target\":{\"@type\":\"EntryPoint\",\"urlTemplate\":\"https:\\\/\\\/www.bellunopress.it\\\/?s={search_term_string}\"},\"query-input\":{\"@type\":\"PropertyValueSpecification\",\"valueRequired\":true,\"valueName\":\"search_term_string\"}}],\"inLanguage\":\"fr-FR\"},{\"@type\":\"Organization\",\"@id\":\"https:\\\/\\\/www.bellunopress.it\\\/#organization\",\"name\":\"Bellunopress\",\"url\":\"https:\\\/\\\/www.bellunopress.it\\\/\",\"logo\":{\"@type\":\"ImageObject\",\"inLanguage\":\"fr-FR\",\"@id\":\"https:\\\/\\\/www.bellunopress.it\\\/#\\\/schema\\\/logo\\\/image\\\/\",\"url\":\"https:\\\/\\\/www.bellunopress.it\\\/wp-content\\\/uploads\\\/2011\\\/05\\\/cropped-logo-bellunopress-.jpg\",\"contentUrl\":\"https:\\\/\\\/www.bellunopress.it\\\/wp-content\\\/uploads\\\/2011\\\/05\\\/cropped-logo-bellunopress-.jpg\",\"width\":512,\"height\":512,\"caption\":\"Bellunopress\"},\"image\":{\"@id\":\"https:\\\/\\\/www.bellunopress.it\\\/#\\\/schema\\\/logo\\\/image\\\/\"},\"sameAs\":[\"https:\\\/\\\/www.facebook.com\\\/profile.php?id=100008943462799\",\"https:\\\/\\\/x.com\\\/bellunopress\",\"https:\\\/\\\/www.linkedin.com\\\/hp\\\/?dnr=JBzUWaJfMUw8vbXJJ2tVW5-I3jZKvC4wsoxE&amp;amp;amp;amp;amp;amp;trk=nav_responsive_tab_home\",\"https:\\\/\\\/www.youtube.com\\\/channel\\\/UCxL0wu1uN0_3_7hGG0306cw\"]},{\"@type\":\"Person\",\"@id\":\"https:\\\/\\\/www.bellunopress.it\\\/#\\\/schema\\\/person\\\/79bb06722b37ece1c03d3e94beb30d73\",\"name\":\"redazione\",\"image\":{\"@type\":\"ImageObject\",\"inLanguage\":\"fr-FR\",\"@id\":\"https:\\\/\\\/secure.gravatar.com\\\/avatar\\\/37d968a2e67a6fd04c169c4bdef102d0bc5d31b2546345219e348575eb80e9a0?s=96&d=mm&r=g\",\"url\":\"https:\\\/\\\/secure.gravatar.com\\\/avatar\\\/37d968a2e67a6fd04c169c4bdef102d0bc5d31b2546345219e348575eb80e9a0?s=96&d=mm&r=g\",\"contentUrl\":\"https:\\\/\\\/secure.gravatar.com\\\/avatar\\\/37d968a2e67a6fd04c169c4bdef102d0bc5d31b2546345219e348575eb80e9a0?s=96&d=mm&r=g\",\"caption\":\"redazione\"},\"sameAs\":[\"http:\\\/\\\/www.bellunopress.it\",\"https:\\\/\\\/x.com\\\/bellunopress\"],\"url\":\"https:\\\/\\\/www.bellunopress.it\\\/fr\\\/author\\\/redazione\\\/\"}]}<\/script>\n<!-- \/ Yoast SEO plugin. -->","yoast_head_json":{"title":"Recuperati due giovani escursionisti bloccati al bivacco Campestrin - Bellunopress - Dolomiti","robots":{"index":"index","follow":"follow","max-snippet":"max-snippet:-1","max-image-preview":"max-image-preview:large","max-video-preview":"max-video-preview:-1"},"canonical":"https:\/\/www.bellunopress.it\/fr\/2012\/11\/12\/recuperati-due-giovani-escursionisti-bloccati-al-bivacco-campestrin\/","og_locale":"fr_FR","og_type":"article","og_title":"Recuperati due giovani escursionisti bloccati al bivacco Campestrin - Bellunopress - Dolomiti","og_description":"Ospitale di Cadore (BL), 12-11-12\u00a0Due giovani escursionisti in difficolt\u00e0 per le conseguenze del maltempo, rimasti bloccati al bivacco Campestrin, sono stati tratti in salvo dal Soccorso alpino di Longarone. I due, un ragazzo e una ragazza, A.R., 21 anni, di San Giorgio di Piano (BO), e C.R., 20 anni, di Foggia, erano partiti sabato da [&hellip;]","og_url":"https:\/\/www.bellunopress.it\/fr\/2012\/11\/12\/recuperati-due-giovani-escursionisti-bloccati-al-bivacco-campestrin\/","og_site_name":"Bellunopress - Dolomiti","article_publisher":"https:\/\/www.facebook.com\/profile.php?id=100008943462799","article_published_time":"2012-11-12T20:50:26+00:00","og_image":[{"url":"http:\/\/www.bellunopress.it\/wp-content\/uploads\/2011\/03\/soccorso-alpino-cnsas.png","type":"","width":"","height":""}],"author":"redazione","twitter_card":"summary_large_image","twitter_creator":"@bellunopress","twitter_site":"@bellunopress","twitter_misc":{"\u00c9crit par":"redazione","Dur\u00e9e de lecture estim\u00e9e":"1 minute"},"schema":{"@context":"https:\/\/schema.org","@graph":[{"@type":"Article","@id":"https:\/\/www.bellunopress.it\/2012\/11\/12\/recuperati-due-giovani-escursionisti-bloccati-al-bivacco-campestrin\/#article","isPartOf":{"@id":"https:\/\/www.bellunopress.it\/2012\/11\/12\/recuperati-due-giovani-escursionisti-bloccati-al-bivacco-campestrin\/"},"author":{"name":"redazione","@id":"https:\/\/www.bellunopress.it\/#\/schema\/person\/79bb06722b37ece1c03d3e94beb30d73"},"headline":"Recuperati due giovani escursionisti bloccati al bivacco Campestrin","datePublished":"2012-11-12T20:50:26+00:00","mainEntityOfPage":{"@id":"https:\/\/www.bellunopress.it\/2012\/11\/12\/recuperati-due-giovani-escursionisti-bloccati-al-bivacco-campestrin\/"},"wordCount":264,"publisher":{"@id":"https:\/\/www.bellunopress.it\/#organization"},"image":{"@id":"https:\/\/www.bellunopress.it\/2012\/11\/12\/recuperati-due-giovani-escursionisti-bloccati-al-bivacco-campestrin\/#primaryimage"},"thumbnailUrl":"http:\/\/www.bellunopress.it\/wp-content\/uploads\/2011\/03\/soccorso-alpino-cnsas.png","articleSection":["Cronaca\/Politica","Prima Pagina"],"inLanguage":"fr-FR"},{"@type":"WebPage","@id":"https:\/\/www.bellunopress.it\/2012\/11\/12\/recuperati-due-giovani-escursionisti-bloccati-al-bivacco-campestrin\/","url":"https:\/\/www.bellunopress.it\/2012\/11\/12\/recuperati-due-giovani-escursionisti-bloccati-al-bivacco-campestrin\/","name":"Recuperati due giovani escursionisti bloccati al bivacco Campestrin - Bellunopress - Dolomiti","isPartOf":{"@id":"https:\/\/www.bellunopress.it\/#website"},"primaryImageOfPage":{"@id":"https:\/\/www.bellunopress.it\/2012\/11\/12\/recuperati-due-giovani-escursionisti-bloccati-al-bivacco-campestrin\/#primaryimage"},"image":{"@id":"https:\/\/www.bellunopress.it\/2012\/11\/12\/recuperati-due-giovani-escursionisti-bloccati-al-bivacco-campestrin\/#primaryimage"},"thumbnailUrl":"http:\/\/www.bellunopress.it\/wp-content\/uploads\/2011\/03\/soccorso-alpino-cnsas.png","datePublished":"2012-11-12T20:50:26+00:00","breadcrumb":{"@id":"https:\/\/www.bellunopress.it\/2012\/11\/12\/recuperati-due-giovani-escursionisti-bloccati-al-bivacco-campestrin\/#breadcrumb"},"inLanguage":"fr-FR","potentialAction":[{"@type":"ReadAction","target":["https:\/\/www.bellunopress.it\/2012\/11\/12\/recuperati-due-giovani-escursionisti-bloccati-al-bivacco-campestrin\/"]}]},{"@type":"ImageObject","inLanguage":"fr-FR","@id":"https:\/\/www.bellunopress.it\/2012\/11\/12\/recuperati-due-giovani-escursionisti-bloccati-al-bivacco-campestrin\/#primaryimage","url":"http:\/\/www.bellunopress.it\/wp-content\/uploads\/2011\/03\/soccorso-alpino-cnsas.png","contentUrl":"http:\/\/www.bellunopress.it\/wp-content\/uploads\/2011\/03\/soccorso-alpino-cnsas.png"},{"@type":"BreadcrumbList","@id":"https:\/\/www.bellunopress.it\/2012\/11\/12\/recuperati-due-giovani-escursionisti-bloccati-al-bivacco-campestrin\/#breadcrumb","itemListElement":[{"@type":"ListItem","position":1,"name":"Home","item":"https:\/\/www.bellunopress.it\/"},{"@type":"ListItem","position":2,"name":"Recuperati due giovani escursionisti bloccati al bivacco Campestrin"}]},{"@type":"WebSite","@id":"https:\/\/www.bellunopress.it\/#website","url":"https:\/\/www.bellunopress.it\/","name":"Bellunopress - Dolomiti","description":"e-mail: redazione@bellunopress.it","publisher":{"@id":"https:\/\/www.bellunopress.it\/#organization"},"potentialAction":[{"@type":"SearchAction","target":{"@type":"EntryPoint","urlTemplate":"https:\/\/www.bellunopress.it\/?s={search_term_string}"},"query-input":{"@type":"PropertyValueSpecification","valueRequired":true,"valueName":"search_term_string"}}],"inLanguage":"fr-FR"},{"@type":"Organization","@id":"https:\/\/www.bellunopress.it\/#organization","name":"Bellunopress","url":"https:\/\/www.bellunopress.it\/","logo":{"@type":"ImageObject","inLanguage":"fr-FR","@id":"https:\/\/www.bellunopress.it\/#\/schema\/logo\/image\/","url":"https:\/\/www.bellunopress.it\/wp-content\/uploads\/2011\/05\/cropped-logo-bellunopress-.jpg","contentUrl":"https:\/\/www.bellunopress.it\/wp-content\/uploads\/2011\/05\/cropped-logo-bellunopress-.jpg","width":512,"height":512,"caption":"Bellunopress"},"image":{"@id":"https:\/\/www.bellunopress.it\/#\/schema\/logo\/image\/"},"sameAs":["https:\/\/www.facebook.com\/profile.php?id=100008943462799","https:\/\/x.com\/bellunopress","https:\/\/www.linkedin.com\/hp\/?dnr=JBzUWaJfMUw8vbXJJ2tVW5-I3jZKvC4wsoxE&amp;amp;amp;amp;amp;amp;trk=nav_responsive_tab_home","https:\/\/www.youtube.com\/channel\/UCxL0wu1uN0_3_7hGG0306cw"]},{"@type":"Person","@id":"https:\/\/www.bellunopress.it\/#\/schema\/person\/79bb06722b37ece1c03d3e94beb30d73","name":"r\u00e9daction","image":{"@type":"ImageObject","inLanguage":"fr-FR","@id":"https:\/\/secure.gravatar.com\/avatar\/37d968a2e67a6fd04c169c4bdef102d0bc5d31b2546345219e348575eb80e9a0?s=96&d=mm&r=g","url":"https:\/\/secure.gravatar.com\/avatar\/37d968a2e67a6fd04c169c4bdef102d0bc5d31b2546345219e348575eb80e9a0?s=96&d=mm&r=g","contentUrl":"https:\/\/secure.gravatar.com\/avatar\/37d968a2e67a6fd04c169c4bdef102d0bc5d31b2546345219e348575eb80e9a0?s=96&d=mm&r=g","caption":"redazione"},"sameAs":["http:\/\/www.bellunopress.it","https:\/\/x.com\/bellunopress"],"url":"https:\/\/www.bellunopress.it\/fr\/author\/redazione\/"}]}},"_links":{"self":[{"href":"https:\/\/www.bellunopress.it\/fr\/wp-json\/wp\/v2\/posts\/43843","targetHints":{"allow":["GET"]}}],"collection":[{"href":"https:\/\/www.bellunopress.it\/fr\/wp-json\/wp\/v2\/posts"}],"about":[{"href":"https:\/\/www.bellunopress.it\/fr\/wp-json\/wp\/v2\/types\/post"}],"author":[{"embeddable":true,"href":"https:\/\/www.bellunopress.it\/fr\/wp-json\/wp\/v2\/users\/2"}],"replies":[{"embeddable":true,"href":"https:\/\/www.bellunopress.it\/fr\/wp-json\/wp\/v2\/comments?post=43843"}],"version-history":[{"count":1,"href":"https:\/\/www.bellunopress.it\/fr\/wp-json\/wp\/v2\/posts\/43843\/revisions"}],"predecessor-version":[{"id":43844,"href":"https:\/\/www.bellunopress.it\/fr\/wp-json\/wp\/v2\/posts\/43843\/revisions\/43844"}],"wp:attachment":[{"href":"https:\/\/www.bellunopress.it\/fr\/wp-json\/wp\/v2\/media?parent=43843"}],"wp:term":[{"taxonomy":"category","embeddable":true,"href":"https:\/\/www.bellunopress.it\/fr\/wp-json\/wp\/v2\/categories?post=43843"},{"taxonomy":"post_tag","embeddable":true,"href":"https:\/\/www.bellunopress.it\/fr\/wp-json\/wp\/v2\/tags?post=43843"}],"curies":[{"name":"wp","href":"https:\/\/api.w.org\/{rel}","templated":true}]}}