{"id":43841,"date":"2012-11-12T21:06:40","date_gmt":"2012-11-12T20:06:40","guid":{"rendered":"http:\/\/www.bellunopress.it\/?p=43841"},"modified":"2012-11-12T21:06:40","modified_gmt":"2012-11-12T20:06:40","slug":"aperte-le-iscrizioni-alla-24-ore-di-skialp-di-san-vito-di-cadore","status":"publish","type":"post","link":"https:\/\/www.bellunopress.it\/fr\/2012\/11\/12\/aperte-le-iscrizioni-alla-24-ore-di-skialp-di-san-vito-di-cadore\/","title":{"rendered":"Aperte le iscrizioni alla \u201c24 ore di skialp\u201d di San Vito di Cadore"},"content":{"rendered":"<p>Un evento di sci alpinismo per un totale di 24 ore di gara, da percorrere in solitaria o a squadre di quattro componenti, che si terr\u00e0 a San Vito di Cadore come prima edizione nazionale l\u201911 e il 12 gennaio 2013.<\/p>\n<p>Un evento unico nel suo genere. Stiamo parlando della \u201cSkialp24\u201d: una gara di sci alpinismo che si svolger\u00e0 l\u201911 e il 12 gennaio 2013 presso l\u2019area impianti di Scotter a San Vito di Cadore.<\/p>\n<p>Nella vallata cadorina viene definita come \u201cuna gara di sci alpinismo estrema che vuole portare al limite pi\u00f9 assoluto la resistenza fisica di ogni concorrente\u201d e a giudicare da come \u00e8 stata organizzata, possiamo solo aspettare i primi di gennaio per presenziare alla manifestazione che vedr\u00e0 gareggiare i pi\u00f9 forti \u201cironman della neve\u201d.<\/p>\n<p>La \u201cskialp24\u201d pu\u00f2 essere portata a termine in solitaria, ma anche in squadre di quattro concorrenti che si possono alternare, sul tracciato di quasi sette chilometri, rispettando la regola dell\u2019uomo sempre in gara.\u00a0\u00a0Quindi pu\u00f2 essere una gara che mette alla prova i pi\u00f9 \u201cduri\u201d atleti ma, come ricorda Nicola, uno degli organizzatori, \u00abpu\u00f2 essere anche un divertimento per tutti quei concorrenti che la voglio fare in amicizia, senza agonismo ma solo per condividere una passione\u00bb.<\/p>\n<p>Un circuito ad anello con quasi 430 metri di dislivello e un totale di 6,8 chilometri a giro, da percorrere continuamente, dalle ore 17 di venerd\u00ec 11 gennaio 2013 fino alle ore 17 del giorno successivo.<\/p>\n<p>Da questa settimana sono aperte le iscrizioni. Basta andare sul sito internet www.skialp24.com e compilare il modulo, oppure telefonare al numero 333-1409797<\/p>\n<p>&nbsp;<\/p>","protected":false},"excerpt":{"rendered":"<p>Un evento di sci alpinismo per un totale di 24 ore di gara, da percorrere in solitaria o a squadre di quattro componenti, che si terr\u00e0 a San Vito di Cadore come prima edizione nazionale l\u201911 e il 12 gennaio 2013. Un evento unico nel suo genere. Stiamo parlando della \u201cSkialp24\u201d: una gara di sci [&hellip;]<\/p>\n","protected":false},"author":2,"featured_media":0,"comment_status":"closed","ping_status":"open","sticky":false,"template":"","format":"standard","meta":{"footnotes":""},"categories":[27,25,4],"tags":[],"class_list":["post-43841","post","type-post","status-publish","format-standard","category-appuntamenti","category-pausa-caffe","category-sport"],"yoast_head":"<!-- This site is optimized with the Yoast SEO plugin v28.4 - https:\/\/yoast.com\/product\/yoast-seo-wordpress\/ -->\n<title>Aperte le iscrizioni alla \u201c24 ore di skialp\u201d di San Vito di Cadore - Bellunopress - Dolomiti<\/title>\n<meta name=\"robots\" content=\"index, follow, max-snippet:-1, max-image-preview:large, max-video-preview:-1\" \/>\n<link rel=\"canonical\" href=\"https:\/\/www.bellunopress.it\/fr\/2012\/11\/12\/aperte-le-iscrizioni-alla-24-ore-di-skialp-di-san-vito-di-cadore\/\" \/>\n<meta property=\"og:locale\" content=\"fr_FR\" \/>\n<meta property=\"og:type\" content=\"article\" \/>\n<meta property=\"og:title\" content=\"Aperte le iscrizioni alla \u201c24 ore di skialp\u201d di San Vito di Cadore - Bellunopress - Dolomiti\" \/>\n<meta property=\"og:description\" content=\"Un evento di sci alpinismo per un totale di 24 ore di gara, da percorrere in solitaria o a squadre di quattro componenti, che si terr\u00e0 a San Vito di Cadore come prima edizione nazionale l\u201911 e il 12 gennaio 2013. Un evento unico nel suo genere. Stiamo parlando della \u201cSkialp24\u201d: una gara di sci [&hellip;]\" \/>\n<meta property=\"og:url\" content=\"https:\/\/www.bellunopress.it\/fr\/2012\/11\/12\/aperte-le-iscrizioni-alla-24-ore-di-skialp-di-san-vito-di-cadore\/\" \/>\n<meta property=\"og:site_name\" content=\"Bellunopress - Dolomiti\" \/>\n<meta property=\"article:publisher\" content=\"https:\/\/www.facebook.com\/profile.php?id=100008943462799\" \/>\n<meta property=\"article:published_time\" content=\"2012-11-12T20:06:40+00:00\" \/>\n<meta property=\"og:image\" content=\"http:\/\/www.bellunopress.it\/wp-content\/uploads\/2012\/07\/logo-bellunopress-250x250-2012.jpg\" \/>\n<meta name=\"author\" content=\"redazione\" \/>\n<meta name=\"twitter:card\" content=\"summary_large_image\" \/>\n<meta name=\"twitter:creator\" content=\"@bellunopress\" \/>\n<meta name=\"twitter:site\" content=\"@bellunopress\" \/>\n<meta name=\"twitter:label1\" content=\"\u00c9crit par\" \/>\n\t<meta name=\"twitter:data1\" content=\"redazione\" \/>\n\t<meta name=\"twitter:label2\" content=\"Dur\u00e9e de lecture estim\u00e9e\" \/>\n\t<meta name=\"twitter:data2\" content=\"1 minute\" \/>\n<script type=\"application\/ld+json\" class=\"yoast-schema-graph\">{\"@context\":\"https:\\\/\\\/schema.org\",\"@graph\":[{\"@type\":\"Article\",\"@id\":\"https:\\\/\\\/www.bellunopress.it\\\/2012\\\/11\\\/12\\\/aperte-le-iscrizioni-alla-24-ore-di-skialp-di-san-vito-di-cadore\\\/#article\",\"isPartOf\":{\"@id\":\"https:\\\/\\\/www.bellunopress.it\\\/2012\\\/11\\\/12\\\/aperte-le-iscrizioni-alla-24-ore-di-skialp-di-san-vito-di-cadore\\\/\"},\"author\":{\"name\":\"redazione\",\"@id\":\"https:\\\/\\\/www.bellunopress.it\\\/#\\\/schema\\\/person\\\/79bb06722b37ece1c03d3e94beb30d73\"},\"headline\":\"Aperte le iscrizioni alla \u201c24 ore di skialp\u201d di San Vito di Cadore\",\"datePublished\":\"2012-11-12T20:06:40+00:00\",\"mainEntityOfPage\":{\"@id\":\"https:\\\/\\\/www.bellunopress.it\\\/2012\\\/11\\\/12\\\/aperte-le-iscrizioni-alla-24-ore-di-skialp-di-san-vito-di-cadore\\\/\"},\"wordCount\":267,\"publisher\":{\"@id\":\"https:\\\/\\\/www.bellunopress.it\\\/#organization\"},\"articleSection\":[\"Appuntamenti, Eventi\",\"Pausa Caff\u00e8\",\"Sport, tempo libero\"],\"inLanguage\":\"fr-FR\"},{\"@type\":\"WebPage\",\"@id\":\"https:\\\/\\\/www.bellunopress.it\\\/2012\\\/11\\\/12\\\/aperte-le-iscrizioni-alla-24-ore-di-skialp-di-san-vito-di-cadore\\\/\",\"url\":\"https:\\\/\\\/www.bellunopress.it\\\/2012\\\/11\\\/12\\\/aperte-le-iscrizioni-alla-24-ore-di-skialp-di-san-vito-di-cadore\\\/\",\"name\":\"Aperte le iscrizioni alla \u201c24 ore di skialp\u201d di San Vito di Cadore - Bellunopress - Dolomiti\",\"isPartOf\":{\"@id\":\"https:\\\/\\\/www.bellunopress.it\\\/#website\"},\"datePublished\":\"2012-11-12T20:06:40+00:00\",\"breadcrumb\":{\"@id\":\"https:\\\/\\\/www.bellunopress.it\\\/2012\\\/11\\\/12\\\/aperte-le-iscrizioni-alla-24-ore-di-skialp-di-san-vito-di-cadore\\\/#breadcrumb\"},\"inLanguage\":\"fr-FR\",\"potentialAction\":[{\"@type\":\"ReadAction\",\"target\":[\"https:\\\/\\\/www.bellunopress.it\\\/2012\\\/11\\\/12\\\/aperte-le-iscrizioni-alla-24-ore-di-skialp-di-san-vito-di-cadore\\\/\"]}]},{\"@type\":\"BreadcrumbList\",\"@id\":\"https:\\\/\\\/www.bellunopress.it\\\/2012\\\/11\\\/12\\\/aperte-le-iscrizioni-alla-24-ore-di-skialp-di-san-vito-di-cadore\\\/#breadcrumb\",\"itemListElement\":[{\"@type\":\"ListItem\",\"position\":1,\"name\":\"Home\",\"item\":\"https:\\\/\\\/www.bellunopress.it\\\/\"},{\"@type\":\"ListItem\",\"position\":2,\"name\":\"Aperte le iscrizioni alla \u201c24 ore di skialp\u201d di San Vito di Cadore\"}]},{\"@type\":\"WebSite\",\"@id\":\"https:\\\/\\\/www.bellunopress.it\\\/#website\",\"url\":\"https:\\\/\\\/www.bellunopress.it\\\/\",\"name\":\"Bellunopress - Dolomiti\",\"description\":\"e-mail: redazione@bellunopress.it\",\"publisher\":{\"@id\":\"https:\\\/\\\/www.bellunopress.it\\\/#organization\"},\"potentialAction\":[{\"@type\":\"SearchAction\",\"target\":{\"@type\":\"EntryPoint\",\"urlTemplate\":\"https:\\\/\\\/www.bellunopress.it\\\/?s={search_term_string}\"},\"query-input\":{\"@type\":\"PropertyValueSpecification\",\"valueRequired\":true,\"valueName\":\"search_term_string\"}}],\"inLanguage\":\"fr-FR\"},{\"@type\":\"Organization\",\"@id\":\"https:\\\/\\\/www.bellunopress.it\\\/#organization\",\"name\":\"Bellunopress\",\"url\":\"https:\\\/\\\/www.bellunopress.it\\\/\",\"logo\":{\"@type\":\"ImageObject\",\"inLanguage\":\"fr-FR\",\"@id\":\"https:\\\/\\\/www.bellunopress.it\\\/#\\\/schema\\\/logo\\\/image\\\/\",\"url\":\"https:\\\/\\\/www.bellunopress.it\\\/wp-content\\\/uploads\\\/2011\\\/05\\\/cropped-logo-bellunopress-.jpg\",\"contentUrl\":\"https:\\\/\\\/www.bellunopress.it\\\/wp-content\\\/uploads\\\/2011\\\/05\\\/cropped-logo-bellunopress-.jpg\",\"width\":512,\"height\":512,\"caption\":\"Bellunopress\"},\"image\":{\"@id\":\"https:\\\/\\\/www.bellunopress.it\\\/#\\\/schema\\\/logo\\\/image\\\/\"},\"sameAs\":[\"https:\\\/\\\/www.facebook.com\\\/profile.php?id=100008943462799\",\"https:\\\/\\\/x.com\\\/bellunopress\",\"https:\\\/\\\/www.linkedin.com\\\/hp\\\/?dnr=JBzUWaJfMUw8vbXJJ2tVW5-I3jZKvC4wsoxE&amp;amp;amp;amp;amp;amp;trk=nav_responsive_tab_home\",\"https:\\\/\\\/www.youtube.com\\\/channel\\\/UCxL0wu1uN0_3_7hGG0306cw\"]},{\"@type\":\"Person\",\"@id\":\"https:\\\/\\\/www.bellunopress.it\\\/#\\\/schema\\\/person\\\/79bb06722b37ece1c03d3e94beb30d73\",\"name\":\"redazione\",\"image\":{\"@type\":\"ImageObject\",\"inLanguage\":\"fr-FR\",\"@id\":\"https:\\\/\\\/secure.gravatar.com\\\/avatar\\\/37d968a2e67a6fd04c169c4bdef102d0bc5d31b2546345219e348575eb80e9a0?s=96&d=mm&r=g\",\"url\":\"https:\\\/\\\/secure.gravatar.com\\\/avatar\\\/37d968a2e67a6fd04c169c4bdef102d0bc5d31b2546345219e348575eb80e9a0?s=96&d=mm&r=g\",\"contentUrl\":\"https:\\\/\\\/secure.gravatar.com\\\/avatar\\\/37d968a2e67a6fd04c169c4bdef102d0bc5d31b2546345219e348575eb80e9a0?s=96&d=mm&r=g\",\"caption\":\"redazione\"},\"sameAs\":[\"http:\\\/\\\/www.bellunopress.it\",\"https:\\\/\\\/x.com\\\/bellunopress\"],\"url\":\"https:\\\/\\\/www.bellunopress.it\\\/fr\\\/author\\\/redazione\\\/\"}]}<\/script>\n<!-- \/ Yoast SEO plugin. -->","yoast_head_json":{"title":"Aperte le iscrizioni alla \u201c24 ore di skialp\u201d di San Vito di Cadore - Bellunopress - Dolomiti","robots":{"index":"index","follow":"follow","max-snippet":"max-snippet:-1","max-image-preview":"max-image-preview:large","max-video-preview":"max-video-preview:-1"},"canonical":"https:\/\/www.bellunopress.it\/fr\/2012\/11\/12\/aperte-le-iscrizioni-alla-24-ore-di-skialp-di-san-vito-di-cadore\/","og_locale":"fr_FR","og_type":"article","og_title":"Aperte le iscrizioni alla \u201c24 ore di skialp\u201d di San Vito di Cadore - Bellunopress - Dolomiti","og_description":"Un evento di sci alpinismo per un totale di 24 ore di gara, da percorrere in solitaria o a squadre di quattro componenti, che si terr\u00e0 a San Vito di Cadore come prima edizione nazionale l\u201911 e il 12 gennaio 2013. Un evento unico nel suo genere. Stiamo parlando della \u201cSkialp24\u201d: una gara di sci [&hellip;]","og_url":"https:\/\/www.bellunopress.it\/fr\/2012\/11\/12\/aperte-le-iscrizioni-alla-24-ore-di-skialp-di-san-vito-di-cadore\/","og_site_name":"Bellunopress - Dolomiti","article_publisher":"https:\/\/www.facebook.com\/profile.php?id=100008943462799","article_published_time":"2012-11-12T20:06:40+00:00","og_image":[{"url":"http:\/\/www.bellunopress.it\/wp-content\/uploads\/2012\/07\/logo-bellunopress-250x250-2012.jpg","type":"","width":"","height":""}],"author":"redazione","twitter_card":"summary_large_image","twitter_creator":"@bellunopress","twitter_site":"@bellunopress","twitter_misc":{"\u00c9crit par":"redazione","Dur\u00e9e de lecture estim\u00e9e":"1 minute"},"schema":{"@context":"https:\/\/schema.org","@graph":[{"@type":"Article","@id":"https:\/\/www.bellunopress.it\/2012\/11\/12\/aperte-le-iscrizioni-alla-24-ore-di-skialp-di-san-vito-di-cadore\/#article","isPartOf":{"@id":"https:\/\/www.bellunopress.it\/2012\/11\/12\/aperte-le-iscrizioni-alla-24-ore-di-skialp-di-san-vito-di-cadore\/"},"author":{"name":"redazione","@id":"https:\/\/www.bellunopress.it\/#\/schema\/person\/79bb06722b37ece1c03d3e94beb30d73"},"headline":"Aperte le iscrizioni alla \u201c24 ore di skialp\u201d di San Vito di Cadore","datePublished":"2012-11-12T20:06:40+00:00","mainEntityOfPage":{"@id":"https:\/\/www.bellunopress.it\/2012\/11\/12\/aperte-le-iscrizioni-alla-24-ore-di-skialp-di-san-vito-di-cadore\/"},"wordCount":267,"publisher":{"@id":"https:\/\/www.bellunopress.it\/#organization"},"articleSection":["Appuntamenti, Eventi","Pausa Caff\u00e8","Sport, tempo libero"],"inLanguage":"fr-FR"},{"@type":"WebPage","@id":"https:\/\/www.bellunopress.it\/2012\/11\/12\/aperte-le-iscrizioni-alla-24-ore-di-skialp-di-san-vito-di-cadore\/","url":"https:\/\/www.bellunopress.it\/2012\/11\/12\/aperte-le-iscrizioni-alla-24-ore-di-skialp-di-san-vito-di-cadore\/","name":"Aperte le iscrizioni alla \u201c24 ore di skialp\u201d di San Vito di Cadore - Bellunopress - Dolomiti","isPartOf":{"@id":"https:\/\/www.bellunopress.it\/#website"},"datePublished":"2012-11-12T20:06:40+00:00","breadcrumb":{"@id":"https:\/\/www.bellunopress.it\/2012\/11\/12\/aperte-le-iscrizioni-alla-24-ore-di-skialp-di-san-vito-di-cadore\/#breadcrumb"},"inLanguage":"fr-FR","potentialAction":[{"@type":"ReadAction","target":["https:\/\/www.bellunopress.it\/2012\/11\/12\/aperte-le-iscrizioni-alla-24-ore-di-skialp-di-san-vito-di-cadore\/"]}]},{"@type":"BreadcrumbList","@id":"https:\/\/www.bellunopress.it\/2012\/11\/12\/aperte-le-iscrizioni-alla-24-ore-di-skialp-di-san-vito-di-cadore\/#breadcrumb","itemListElement":[{"@type":"ListItem","position":1,"name":"Home","item":"https:\/\/www.bellunopress.it\/"},{"@type":"ListItem","position":2,"name":"Aperte le iscrizioni alla \u201c24 ore di skialp\u201d di San Vito di Cadore"}]},{"@type":"WebSite","@id":"https:\/\/www.bellunopress.it\/#website","url":"https:\/\/www.bellunopress.it\/","name":"Bellunopress - Dolomiti","description":"e-mail: redazione@bellunopress.it","publisher":{"@id":"https:\/\/www.bellunopress.it\/#organization"},"potentialAction":[{"@type":"SearchAction","target":{"@type":"EntryPoint","urlTemplate":"https:\/\/www.bellunopress.it\/?s={search_term_string}"},"query-input":{"@type":"PropertyValueSpecification","valueRequired":true,"valueName":"search_term_string"}}],"inLanguage":"fr-FR"},{"@type":"Organization","@id":"https:\/\/www.bellunopress.it\/#organization","name":"Bellunopress","url":"https:\/\/www.bellunopress.it\/","logo":{"@type":"ImageObject","inLanguage":"fr-FR","@id":"https:\/\/www.bellunopress.it\/#\/schema\/logo\/image\/","url":"https:\/\/www.bellunopress.it\/wp-content\/uploads\/2011\/05\/cropped-logo-bellunopress-.jpg","contentUrl":"https:\/\/www.bellunopress.it\/wp-content\/uploads\/2011\/05\/cropped-logo-bellunopress-.jpg","width":512,"height":512,"caption":"Bellunopress"},"image":{"@id":"https:\/\/www.bellunopress.it\/#\/schema\/logo\/image\/"},"sameAs":["https:\/\/www.facebook.com\/profile.php?id=100008943462799","https:\/\/x.com\/bellunopress","https:\/\/www.linkedin.com\/hp\/?dnr=JBzUWaJfMUw8vbXJJ2tVW5-I3jZKvC4wsoxE&amp;amp;amp;amp;amp;amp;trk=nav_responsive_tab_home","https:\/\/www.youtube.com\/channel\/UCxL0wu1uN0_3_7hGG0306cw"]},{"@type":"Person","@id":"https:\/\/www.bellunopress.it\/#\/schema\/person\/79bb06722b37ece1c03d3e94beb30d73","name":"r\u00e9daction","image":{"@type":"ImageObject","inLanguage":"fr-FR","@id":"https:\/\/secure.gravatar.com\/avatar\/37d968a2e67a6fd04c169c4bdef102d0bc5d31b2546345219e348575eb80e9a0?s=96&d=mm&r=g","url":"https:\/\/secure.gravatar.com\/avatar\/37d968a2e67a6fd04c169c4bdef102d0bc5d31b2546345219e348575eb80e9a0?s=96&d=mm&r=g","contentUrl":"https:\/\/secure.gravatar.com\/avatar\/37d968a2e67a6fd04c169c4bdef102d0bc5d31b2546345219e348575eb80e9a0?s=96&d=mm&r=g","caption":"redazione"},"sameAs":["http:\/\/www.bellunopress.it","https:\/\/x.com\/bellunopress"],"url":"https:\/\/www.bellunopress.it\/fr\/author\/redazione\/"}]}},"_links":{"self":[{"href":"https:\/\/www.bellunopress.it\/fr\/wp-json\/wp\/v2\/posts\/43841","targetHints":{"allow":["GET"]}}],"collection":[{"href":"https:\/\/www.bellunopress.it\/fr\/wp-json\/wp\/v2\/posts"}],"about":[{"href":"https:\/\/www.bellunopress.it\/fr\/wp-json\/wp\/v2\/types\/post"}],"author":[{"embeddable":true,"href":"https:\/\/www.bellunopress.it\/fr\/wp-json\/wp\/v2\/users\/2"}],"replies":[{"embeddable":true,"href":"https:\/\/www.bellunopress.it\/fr\/wp-json\/wp\/v2\/comments?post=43841"}],"version-history":[{"count":1,"href":"https:\/\/www.bellunopress.it\/fr\/wp-json\/wp\/v2\/posts\/43841\/revisions"}],"predecessor-version":[{"id":43842,"href":"https:\/\/www.bellunopress.it\/fr\/wp-json\/wp\/v2\/posts\/43841\/revisions\/43842"}],"wp:attachment":[{"href":"https:\/\/www.bellunopress.it\/fr\/wp-json\/wp\/v2\/media?parent=43841"}],"wp:term":[{"taxonomy":"category","embeddable":true,"href":"https:\/\/www.bellunopress.it\/fr\/wp-json\/wp\/v2\/categories?post=43841"},{"taxonomy":"post_tag","embeddable":true,"href":"https:\/\/www.bellunopress.it\/fr\/wp-json\/wp\/v2\/tags?post=43841"}],"curies":[{"name":"wp","href":"https:\/\/api.w.org\/{rel}","templated":true}]}}