{"id":4384,"date":"2009-06-04T01:16:05","date_gmt":"2009-06-04T00:16:05","guid":{"rendered":"http:\/\/www.bellunopress.it\/?p=4384"},"modified":"2009-06-04T01:16:05","modified_gmt":"2009-06-04T00:16:05","slug":"%e2%80%9cun-federalismo-ancora-tutto-da-scrivere%e2%80%9d-lex-presidente-del-friuli-nel-bellunese-per-sostenere-la-candidatura-di-sergio-reolon","status":"publish","type":"post","link":"https:\/\/www.bellunopress.it\/fr\/2009\/06\/04\/%e2%80%9cun-federalismo-ancora-tutto-da-scrivere%e2%80%9d-lex-presidente-del-friuli-nel-bellunese-per-sostenere-la-candidatura-di-sergio-reolon\/","title":{"rendered":"\u201cUn federalismo ancora tutto da scrivere\u201d: l&#8217;ex presidente del Friuli nel Bellunese per sostenere la candidatura di Sergio Reolon"},"content":{"rendered":"<p>Un federalismo che non tiene conto della storia italiana e, soprattutto una riforma che \u00e8 ancora tutta da scrivere\u201d. Alessandra Guerra, ha descritto cos\u00ec, con lucidit\u00e0 e informazioni dettagliate la legge delega approvata dal Parlamento il 29 aprile scorso. Intervenuto a Domegge di Cadore per sostenere la candidatura di Sergio Reolon a presidente della Provincia di Belluno, l&#8217;ex governatore del Friuli Venezia Giulia ha spiegato come il provvedimento in realt\u00e0 \u201crisponda alle esigenze di un mercato politico che oggi deve piazzare un prodotto. A nessuno importa il contenuto della scatola. Secondo le logiche dominanti risultano invece fondamentali la confezione, il marchio e la relativa promozione\u201d.<br \/>\nIn questo contesto si inseriscono anche i timori di Sergio Reolon: \u201cIl federalismo indifferenziato sarebbe la tomba per la montagna e per la Provincia di Belluno. Se gli unici parametri tenuti in considerazione sono la quantit\u00e0 di abitanti e non anche il territorio e le sue specificit\u00e0 noi perderemmo competitivit\u00e0\u201d.<br \/>\n\u201cNon \u00e8 per caso che sono qui\u201d, ha affermato Alessandra Guerra alla prima uscita pubblica dopo aver lasciato la Lega Nord. \u201cIn una campagna elettorale insolita che sposta gli obiettivi dalla politica ad altri argomenti ritengo sia venuto il momento di portare la mia esperienza dalla parte di chi storicamente, se pur con anime differenti oggi confluite in un unico partito, ha compiuto le grandi riforme in senso federalista di questo Paese\u201d.<br \/>\n\u201cSe Umberto Bossi mi avesse sentito senza filtri sarebbe fiero di quanto mi ha insegnato. Perch\u00e9 ho parlato da donna libera, forte delle mie idee, fiera della mia storia che non rinnego e portatrice di un messaggio a sostegno di quello che ritengo al momento attuale l&#8217;unico grande contenitore e partito riformatore\u201d.<br \/>\nNella sua esposizione, Guerra ha ricordato che senza la riforma del titolo V della Costituzione oggi non sarebbe possibile nemmeno parlare di federalismo fiscale. Un federalismo per\u00f2 in cui il pensiero della Lega si \u00e8 disperso. \u201cSono state prese le idee cardine delle bicamerali De Mita-Iotti e D&#8217;Alema e si \u00e8 attinto a quel correntone riformista di casa centrosinistra che porta avanti le riforme dall&#8217;unit\u00e0 in poi. Per\u00f2 la Lega \u00e8 stata costretta a correggere quei presupposti cedendo su alcuni punti importanti, come Roma Capitale (presente) e il Senato delle Regioni (assente)\u201d.<br \/>\nConfrontando le proposte del Parlamento del Nord con la realt\u00e0 approvata dalla maggioranza di Centrodestra Guerra ha sottolineato i pesanti contrappesi subiti dalla Lega nell&#8217;ambito dell&#8217;alleanza con Forza Italia prima e con il Pdl oggi. Contrappesi che sbilanciano fortemente la pur forte volont\u00e0 di riforma dello Stato che la Lega in quella maggioranza ha tentato di esprimere e spingendo quel partito a utilizzare il federalismo come\u00a0 etichetta elettorale. Nata per il federalismo, la Lega oggi occupa spazi politici un tempo presidiati dal partito di Fini il quale sta portando avanti un modello di destra presidenzialista alla francese. Mentre nella legge delega approvata a fine aprile non sono scritte le materie del federalismo fiscale (dall&#8217;Iva ai fondi perequativi non \u00e8 scritto da nessuna parte dove si prendono i soldi e in che misura saranno lasciati alle Regioni) al contrario si sa perfettamente che ci sar\u00e0 Roma Capitale. La Guerra si \u00e8 chiesta cosa centri la Lega con tutto questo<\/p>","protected":false},"excerpt":{"rendered":"<p>Un federalismo che non tiene conto della storia italiana e, soprattutto una riforma che \u00e8 ancora tutta da scrivere\u201d. Alessandra Guerra, ha descritto cos\u00ec, con lucidit\u00e0 e informazioni dettagliate la legge delega approvata dal Parlamento il 29 aprile scorso. Intervenuto a Domegge di Cadore per sostenere la candidatura di Sergio Reolon a presidente della Provincia [&hellip;]<\/p>\n","protected":false},"author":2,"featured_media":0,"comment_status":"closed","ping_status":"open","sticky":false,"template":"","format":"standard","meta":{"footnotes":""},"categories":[3,5],"tags":[139,151],"class_list":["post-4384","post","type-post","status-publish","format-standard","category-arte-cultura-spettacoli-scienza-archivi","category-cronaca","tag-belluno","tag-cadore"],"yoast_head":"<!-- This site is optimized with the Yoast SEO plugin v28.4 - https:\/\/yoast.com\/product\/yoast-seo-wordpress\/ -->\n<title>\u201cUn federalismo ancora tutto da scrivere\u201d: l&#039;ex presidente del Friuli nel Bellunese per sostenere la candidatura di Sergio Reolon - Bellunopress - Dolomiti<\/title>\n<meta name=\"robots\" content=\"index, follow, max-snippet:-1, max-image-preview:large, max-video-preview:-1\" \/>\n<link rel=\"canonical\" href=\"https:\/\/www.bellunopress.it\/fr\/2009\/06\/04\/\u201cun-federalismo-ancora-tutto-da-scrivere\u201d-lex-presidente-del-friuli-nel-bellunese-per-sostenere-la-candidatura-di-sergio-reolon\/\" \/>\n<meta property=\"og:locale\" content=\"fr_FR\" \/>\n<meta property=\"og:type\" content=\"article\" \/>\n<meta property=\"og:title\" content=\"\u201cUn federalismo ancora tutto da scrivere\u201d: l&#039;ex presidente del Friuli nel Bellunese per sostenere la candidatura di Sergio Reolon - Bellunopress - Dolomiti\" \/>\n<meta property=\"og:description\" content=\"Un federalismo che non tiene conto della storia italiana e, soprattutto una riforma che \u00e8 ancora tutta da scrivere\u201d. Alessandra Guerra, ha descritto cos\u00ec, con lucidit\u00e0 e informazioni dettagliate la legge delega approvata dal Parlamento il 29 aprile scorso. Intervenuto a Domegge di Cadore per sostenere la candidatura di Sergio Reolon a presidente della Provincia [&hellip;]\" \/>\n<meta property=\"og:url\" content=\"https:\/\/www.bellunopress.it\/fr\/2009\/06\/04\/\u201cun-federalismo-ancora-tutto-da-scrivere\u201d-lex-presidente-del-friuli-nel-bellunese-per-sostenere-la-candidatura-di-sergio-reolon\/\" \/>\n<meta property=\"og:site_name\" content=\"Bellunopress - Dolomiti\" \/>\n<meta property=\"article:publisher\" content=\"https:\/\/www.facebook.com\/profile.php?id=100008943462799\" \/>\n<meta property=\"article:published_time\" content=\"2009-06-04T00:16:05+00:00\" \/>\n<meta property=\"og:image\" content=\"http:\/\/www.bellunopress.it\/wp-content\/uploads\/2012\/07\/logo-bellunopress-250x250-2012.jpg\" \/>\n<meta name=\"author\" content=\"redazione\" \/>\n<meta name=\"twitter:card\" content=\"summary_large_image\" \/>\n<meta name=\"twitter:creator\" content=\"@bellunopress\" \/>\n<meta name=\"twitter:site\" content=\"@bellunopress\" \/>\n<meta name=\"twitter:label1\" content=\"Written by\" \/>\n\t<meta name=\"twitter:data1\" content=\"redazione\" \/>\n\t<meta name=\"twitter:label2\" content=\"Est. reading time\" \/>\n\t<meta name=\"twitter:data2\" content=\"3 minutes\" \/>\n<script type=\"application\/ld+json\" class=\"yoast-schema-graph\">{\"@context\":\"https:\\\/\\\/schema.org\",\"@graph\":[{\"@type\":\"Article\",\"@id\":\"https:\\\/\\\/www.bellunopress.it\\\/2009\\\/06\\\/04\\\/%e2%80%9cun-federalismo-ancora-tutto-da-scrivere%e2%80%9d-lex-presidente-del-friuli-nel-bellunese-per-sostenere-la-candidatura-di-sergio-reolon\\\/#article\",\"isPartOf\":{\"@id\":\"https:\\\/\\\/www.bellunopress.it\\\/2009\\\/06\\\/04\\\/%e2%80%9cun-federalismo-ancora-tutto-da-scrivere%e2%80%9d-lex-presidente-del-friuli-nel-bellunese-per-sostenere-la-candidatura-di-sergio-reolon\\\/\"},\"author\":{\"name\":\"redazione\",\"@id\":\"https:\\\/\\\/www.bellunopress.it\\\/#\\\/schema\\\/person\\\/79bb06722b37ece1c03d3e94beb30d73\"},\"headline\":\"\u201cUn federalismo ancora tutto da scrivere\u201d: l&#8217;ex presidente del Friuli nel Bellunese per sostenere la candidatura di Sergio Reolon\",\"datePublished\":\"2009-06-04T00:16:05+00:00\",\"mainEntityOfPage\":{\"@id\":\"https:\\\/\\\/www.bellunopress.it\\\/2009\\\/06\\\/04\\\/%e2%80%9cun-federalismo-ancora-tutto-da-scrivere%e2%80%9d-lex-presidente-del-friuli-nel-bellunese-per-sostenere-la-candidatura-di-sergio-reolon\\\/\"},\"wordCount\":548,\"publisher\":{\"@id\":\"https:\\\/\\\/www.bellunopress.it\\\/#organization\"},\"keywords\":[\"Belluno\",\"Cadore\"],\"articleSection\":[\"Arte, Cultura, Spettacoli, Scienza\",\"Cronaca\\\/Politica\"],\"inLanguage\":\"fr-FR\"},{\"@type\":\"WebPage\",\"@id\":\"https:\\\/\\\/www.bellunopress.it\\\/2009\\\/06\\\/04\\\/%e2%80%9cun-federalismo-ancora-tutto-da-scrivere%e2%80%9d-lex-presidente-del-friuli-nel-bellunese-per-sostenere-la-candidatura-di-sergio-reolon\\\/\",\"url\":\"https:\\\/\\\/www.bellunopress.it\\\/2009\\\/06\\\/04\\\/%e2%80%9cun-federalismo-ancora-tutto-da-scrivere%e2%80%9d-lex-presidente-del-friuli-nel-bellunese-per-sostenere-la-candidatura-di-sergio-reolon\\\/\",\"name\":\"\u201cUn federalismo ancora tutto da scrivere\u201d: l'ex presidente del Friuli nel Bellunese per sostenere la candidatura di Sergio Reolon - Bellunopress - Dolomiti\",\"isPartOf\":{\"@id\":\"https:\\\/\\\/www.bellunopress.it\\\/#website\"},\"datePublished\":\"2009-06-04T00:16:05+00:00\",\"breadcrumb\":{\"@id\":\"https:\\\/\\\/www.bellunopress.it\\\/2009\\\/06\\\/04\\\/%e2%80%9cun-federalismo-ancora-tutto-da-scrivere%e2%80%9d-lex-presidente-del-friuli-nel-bellunese-per-sostenere-la-candidatura-di-sergio-reolon\\\/#breadcrumb\"},\"inLanguage\":\"fr-FR\",\"potentialAction\":[{\"@type\":\"ReadAction\",\"target\":[\"https:\\\/\\\/www.bellunopress.it\\\/2009\\\/06\\\/04\\\/%e2%80%9cun-federalismo-ancora-tutto-da-scrivere%e2%80%9d-lex-presidente-del-friuli-nel-bellunese-per-sostenere-la-candidatura-di-sergio-reolon\\\/\"]}]},{\"@type\":\"BreadcrumbList\",\"@id\":\"https:\\\/\\\/www.bellunopress.it\\\/2009\\\/06\\\/04\\\/%e2%80%9cun-federalismo-ancora-tutto-da-scrivere%e2%80%9d-lex-presidente-del-friuli-nel-bellunese-per-sostenere-la-candidatura-di-sergio-reolon\\\/#breadcrumb\",\"itemListElement\":[{\"@type\":\"ListItem\",\"position\":1,\"name\":\"Home\",\"item\":\"https:\\\/\\\/www.bellunopress.it\\\/\"},{\"@type\":\"ListItem\",\"position\":2,\"name\":\"\u201cUn federalismo ancora tutto da scrivere\u201d: l&#8217;ex presidente del Friuli nel Bellunese per sostenere la candidatura di Sergio Reolon\"}]},{\"@type\":\"WebSite\",\"@id\":\"https:\\\/\\\/www.bellunopress.it\\\/#website\",\"url\":\"https:\\\/\\\/www.bellunopress.it\\\/\",\"name\":\"Bellunopress - Dolomiti\",\"description\":\"e-mail: redazione@bellunopress.it\",\"publisher\":{\"@id\":\"https:\\\/\\\/www.bellunopress.it\\\/#organization\"},\"potentialAction\":[{\"@type\":\"SearchAction\",\"target\":{\"@type\":\"EntryPoint\",\"urlTemplate\":\"https:\\\/\\\/www.bellunopress.it\\\/?s={search_term_string}\"},\"query-input\":{\"@type\":\"PropertyValueSpecification\",\"valueRequired\":true,\"valueName\":\"search_term_string\"}}],\"inLanguage\":\"fr-FR\"},{\"@type\":\"Organization\",\"@id\":\"https:\\\/\\\/www.bellunopress.it\\\/#organization\",\"name\":\"Bellunopress\",\"url\":\"https:\\\/\\\/www.bellunopress.it\\\/\",\"logo\":{\"@type\":\"ImageObject\",\"inLanguage\":\"fr-FR\",\"@id\":\"https:\\\/\\\/www.bellunopress.it\\\/#\\\/schema\\\/logo\\\/image\\\/\",\"url\":\"https:\\\/\\\/www.bellunopress.it\\\/wp-content\\\/uploads\\\/2011\\\/05\\\/cropped-logo-bellunopress-.jpg\",\"contentUrl\":\"https:\\\/\\\/www.bellunopress.it\\\/wp-content\\\/uploads\\\/2011\\\/05\\\/cropped-logo-bellunopress-.jpg\",\"width\":512,\"height\":512,\"caption\":\"Bellunopress\"},\"image\":{\"@id\":\"https:\\\/\\\/www.bellunopress.it\\\/#\\\/schema\\\/logo\\\/image\\\/\"},\"sameAs\":[\"https:\\\/\\\/www.facebook.com\\\/profile.php?id=100008943462799\",\"https:\\\/\\\/x.com\\\/bellunopress\",\"https:\\\/\\\/www.linkedin.com\\\/hp\\\/?dnr=JBzUWaJfMUw8vbXJJ2tVW5-I3jZKvC4wsoxE&amp;amp;amp;amp;amp;amp;trk=nav_responsive_tab_home\",\"https:\\\/\\\/www.youtube.com\\\/channel\\\/UCxL0wu1uN0_3_7hGG0306cw\"]},{\"@type\":\"Person\",\"@id\":\"https:\\\/\\\/www.bellunopress.it\\\/#\\\/schema\\\/person\\\/79bb06722b37ece1c03d3e94beb30d73\",\"name\":\"redazione\",\"image\":{\"@type\":\"ImageObject\",\"inLanguage\":\"fr-FR\",\"@id\":\"https:\\\/\\\/secure.gravatar.com\\\/avatar\\\/37d968a2e67a6fd04c169c4bdef102d0bc5d31b2546345219e348575eb80e9a0?s=96&d=mm&r=g\",\"url\":\"https:\\\/\\\/secure.gravatar.com\\\/avatar\\\/37d968a2e67a6fd04c169c4bdef102d0bc5d31b2546345219e348575eb80e9a0?s=96&d=mm&r=g\",\"contentUrl\":\"https:\\\/\\\/secure.gravatar.com\\\/avatar\\\/37d968a2e67a6fd04c169c4bdef102d0bc5d31b2546345219e348575eb80e9a0?s=96&d=mm&r=g\",\"caption\":\"redazione\"},\"sameAs\":[\"http:\\\/\\\/www.bellunopress.it\",\"https:\\\/\\\/x.com\\\/bellunopress\"],\"url\":\"https:\\\/\\\/www.bellunopress.it\\\/fr\\\/author\\\/redazione\\\/\"}]}<\/script>\n<!-- \/ Yoast SEO plugin. -->","yoast_head_json":{"title":"\u201cUn federalismo ancora tutto da scrivere\u201d: l'ex presidente del Friuli nel Bellunese per sostenere la candidatura di Sergio Reolon - Bellunopress - Dolomiti","robots":{"index":"index","follow":"follow","max-snippet":"max-snippet:-1","max-image-preview":"max-image-preview:large","max-video-preview":"max-video-preview:-1"},"canonical":"https:\/\/www.bellunopress.it\/fr\/2009\/06\/04\/\u201cun-federalismo-ancora-tutto-da-scrivere\u201d-lex-presidente-del-friuli-nel-bellunese-per-sostenere-la-candidatura-di-sergio-reolon\/","og_locale":"fr_FR","og_type":"article","og_title":"\u201cUn federalismo ancora tutto da scrivere\u201d: l'ex presidente del Friuli nel Bellunese per sostenere la candidatura di Sergio Reolon - Bellunopress - Dolomiti","og_description":"Un federalismo che non tiene conto della storia italiana e, soprattutto una riforma che \u00e8 ancora tutta da scrivere\u201d. Alessandra Guerra, ha descritto cos\u00ec, con lucidit\u00e0 e informazioni dettagliate la legge delega approvata dal Parlamento il 29 aprile scorso. Intervenuto a Domegge di Cadore per sostenere la candidatura di Sergio Reolon a presidente della Provincia [&hellip;]","og_url":"https:\/\/www.bellunopress.it\/fr\/2009\/06\/04\/\u201cun-federalismo-ancora-tutto-da-scrivere\u201d-lex-presidente-del-friuli-nel-bellunese-per-sostenere-la-candidatura-di-sergio-reolon\/","og_site_name":"Bellunopress - Dolomiti","article_publisher":"https:\/\/www.facebook.com\/profile.php?id=100008943462799","article_published_time":"2009-06-04T00:16:05+00:00","og_image":[{"url":"http:\/\/www.bellunopress.it\/wp-content\/uploads\/2012\/07\/logo-bellunopress-250x250-2012.jpg","type":"","width":"","height":""}],"author":"redazione","twitter_card":"summary_large_image","twitter_creator":"@bellunopress","twitter_site":"@bellunopress","twitter_misc":{"Written by":"redazione","Est. reading time":"3 minutes"},"schema":{"@context":"https:\/\/schema.org","@graph":[{"@type":"Article","@id":"https:\/\/www.bellunopress.it\/2009\/06\/04\/%e2%80%9cun-federalismo-ancora-tutto-da-scrivere%e2%80%9d-lex-presidente-del-friuli-nel-bellunese-per-sostenere-la-candidatura-di-sergio-reolon\/#article","isPartOf":{"@id":"https:\/\/www.bellunopress.it\/2009\/06\/04\/%e2%80%9cun-federalismo-ancora-tutto-da-scrivere%e2%80%9d-lex-presidente-del-friuli-nel-bellunese-per-sostenere-la-candidatura-di-sergio-reolon\/"},"author":{"name":"redazione","@id":"https:\/\/www.bellunopress.it\/#\/schema\/person\/79bb06722b37ece1c03d3e94beb30d73"},"headline":"\u201cUn federalismo ancora tutto da scrivere\u201d: l&#8217;ex presidente del Friuli nel Bellunese per sostenere la candidatura di Sergio Reolon","datePublished":"2009-06-04T00:16:05+00:00","mainEntityOfPage":{"@id":"https:\/\/www.bellunopress.it\/2009\/06\/04\/%e2%80%9cun-federalismo-ancora-tutto-da-scrivere%e2%80%9d-lex-presidente-del-friuli-nel-bellunese-per-sostenere-la-candidatura-di-sergio-reolon\/"},"wordCount":548,"publisher":{"@id":"https:\/\/www.bellunopress.it\/#organization"},"keywords":["Belluno","Cadore"],"articleSection":["Arte, Cultura, Spettacoli, Scienza","Cronaca\/Politica"],"inLanguage":"fr-FR"},{"@type":"WebPage","@id":"https:\/\/www.bellunopress.it\/2009\/06\/04\/%e2%80%9cun-federalismo-ancora-tutto-da-scrivere%e2%80%9d-lex-presidente-del-friuli-nel-bellunese-per-sostenere-la-candidatura-di-sergio-reolon\/","url":"https:\/\/www.bellunopress.it\/2009\/06\/04\/%e2%80%9cun-federalismo-ancora-tutto-da-scrivere%e2%80%9d-lex-presidente-del-friuli-nel-bellunese-per-sostenere-la-candidatura-di-sergio-reolon\/","name":"\u201cUn federalismo ancora tutto da scrivere\u201d: l'ex presidente del Friuli nel Bellunese per sostenere la candidatura di Sergio Reolon - Bellunopress - Dolomiti","isPartOf":{"@id":"https:\/\/www.bellunopress.it\/#website"},"datePublished":"2009-06-04T00:16:05+00:00","breadcrumb":{"@id":"https:\/\/www.bellunopress.it\/2009\/06\/04\/%e2%80%9cun-federalismo-ancora-tutto-da-scrivere%e2%80%9d-lex-presidente-del-friuli-nel-bellunese-per-sostenere-la-candidatura-di-sergio-reolon\/#breadcrumb"},"inLanguage":"fr-FR","potentialAction":[{"@type":"ReadAction","target":["https:\/\/www.bellunopress.it\/2009\/06\/04\/%e2%80%9cun-federalismo-ancora-tutto-da-scrivere%e2%80%9d-lex-presidente-del-friuli-nel-bellunese-per-sostenere-la-candidatura-di-sergio-reolon\/"]}]},{"@type":"BreadcrumbList","@id":"https:\/\/www.bellunopress.it\/2009\/06\/04\/%e2%80%9cun-federalismo-ancora-tutto-da-scrivere%e2%80%9d-lex-presidente-del-friuli-nel-bellunese-per-sostenere-la-candidatura-di-sergio-reolon\/#breadcrumb","itemListElement":[{"@type":"ListItem","position":1,"name":"Home","item":"https:\/\/www.bellunopress.it\/"},{"@type":"ListItem","position":2,"name":"\u201cUn federalismo ancora tutto da scrivere\u201d: l&#8217;ex presidente del Friuli nel Bellunese per sostenere la candidatura di Sergio Reolon"}]},{"@type":"WebSite","@id":"https:\/\/www.bellunopress.it\/#website","url":"https:\/\/www.bellunopress.it\/","name":"Bellunopress - Dolomiti","description":"e-mail: redazione@bellunopress.it","publisher":{"@id":"https:\/\/www.bellunopress.it\/#organization"},"potentialAction":[{"@type":"SearchAction","target":{"@type":"EntryPoint","urlTemplate":"https:\/\/www.bellunopress.it\/?s={search_term_string}"},"query-input":{"@type":"PropertyValueSpecification","valueRequired":true,"valueName":"search_term_string"}}],"inLanguage":"fr-FR"},{"@type":"Organization","@id":"https:\/\/www.bellunopress.it\/#organization","name":"Bellunopress","url":"https:\/\/www.bellunopress.it\/","logo":{"@type":"ImageObject","inLanguage":"fr-FR","@id":"https:\/\/www.bellunopress.it\/#\/schema\/logo\/image\/","url":"https:\/\/www.bellunopress.it\/wp-content\/uploads\/2011\/05\/cropped-logo-bellunopress-.jpg","contentUrl":"https:\/\/www.bellunopress.it\/wp-content\/uploads\/2011\/05\/cropped-logo-bellunopress-.jpg","width":512,"height":512,"caption":"Bellunopress"},"image":{"@id":"https:\/\/www.bellunopress.it\/#\/schema\/logo\/image\/"},"sameAs":["https:\/\/www.facebook.com\/profile.php?id=100008943462799","https:\/\/x.com\/bellunopress","https:\/\/www.linkedin.com\/hp\/?dnr=JBzUWaJfMUw8vbXJJ2tVW5-I3jZKvC4wsoxE&amp;amp;amp;amp;amp;amp;trk=nav_responsive_tab_home","https:\/\/www.youtube.com\/channel\/UCxL0wu1uN0_3_7hGG0306cw"]},{"@type":"Person","@id":"https:\/\/www.bellunopress.it\/#\/schema\/person\/79bb06722b37ece1c03d3e94beb30d73","name":"r\u00e9daction","image":{"@type":"ImageObject","inLanguage":"fr-FR","@id":"https:\/\/secure.gravatar.com\/avatar\/37d968a2e67a6fd04c169c4bdef102d0bc5d31b2546345219e348575eb80e9a0?s=96&d=mm&r=g","url":"https:\/\/secure.gravatar.com\/avatar\/37d968a2e67a6fd04c169c4bdef102d0bc5d31b2546345219e348575eb80e9a0?s=96&d=mm&r=g","contentUrl":"https:\/\/secure.gravatar.com\/avatar\/37d968a2e67a6fd04c169c4bdef102d0bc5d31b2546345219e348575eb80e9a0?s=96&d=mm&r=g","caption":"redazione"},"sameAs":["http:\/\/www.bellunopress.it","https:\/\/x.com\/bellunopress"],"url":"https:\/\/www.bellunopress.it\/fr\/author\/redazione\/"}]}},"_links":{"self":[{"href":"https:\/\/www.bellunopress.it\/fr\/wp-json\/wp\/v2\/posts\/4384","targetHints":{"allow":["GET"]}}],"collection":[{"href":"https:\/\/www.bellunopress.it\/fr\/wp-json\/wp\/v2\/posts"}],"about":[{"href":"https:\/\/www.bellunopress.it\/fr\/wp-json\/wp\/v2\/types\/post"}],"author":[{"embeddable":true,"href":"https:\/\/www.bellunopress.it\/fr\/wp-json\/wp\/v2\/users\/2"}],"replies":[{"embeddable":true,"href":"https:\/\/www.bellunopress.it\/fr\/wp-json\/wp\/v2\/comments?post=4384"}],"version-history":[{"count":1,"href":"https:\/\/www.bellunopress.it\/fr\/wp-json\/wp\/v2\/posts\/4384\/revisions"}],"predecessor-version":[{"id":4385,"href":"https:\/\/www.bellunopress.it\/fr\/wp-json\/wp\/v2\/posts\/4384\/revisions\/4385"}],"wp:attachment":[{"href":"https:\/\/www.bellunopress.it\/fr\/wp-json\/wp\/v2\/media?parent=4384"}],"wp:term":[{"taxonomy":"category","embeddable":true,"href":"https:\/\/www.bellunopress.it\/fr\/wp-json\/wp\/v2\/categories?post=4384"},{"taxonomy":"post_tag","embeddable":true,"href":"https:\/\/www.bellunopress.it\/fr\/wp-json\/wp\/v2\/tags?post=4384"}],"curies":[{"name":"wp","href":"https:\/\/api.w.org\/{rel}","templated":true}]}}