{"id":43821,"date":"2012-11-12T15:50:22","date_gmt":"2012-11-12T14:50:22","guid":{"rendered":"http:\/\/www.bellunopress.it\/?p=43821"},"modified":"2012-11-12T13:05:49","modified_gmt":"2012-11-12T12:05:49","slug":"martedi-a-belluno-il-tir-di-circoliamo-la-campagna-informativa-itinerante-del-consorzio-obbligatorio-degli-oli-usati","status":"publish","type":"post","link":"https:\/\/www.bellunopress.it\/fr\/2012\/11\/12\/martedi-a-belluno-il-tir-di-circoliamo-la-campagna-informativa-itinerante-del-consorzio-obbligatorio-degli-oli-usati\/","title":{"rendered":"Marted\u00ec a Belluno il tir di CircOLIamo, la campagna informativa itinerante del Consorzio Obbligatorio degli Oli Usati"},"content":{"rendered":"<p><a href=\"http:\/\/www.bellunopress.it\/wp-content\/uploads\/2012\/11\/Oli-usati.jpg\"><img loading=\"lazy\" decoding=\"async\" class=\"alignleft size-full wp-image-43822\" title=\"Oli usati\" src=\"http:\/\/www.bellunopress.it\/wp-content\/uploads\/2012\/11\/Oli-usati.jpg\" alt=\"\" width=\"309\" height=\"215\" \/><\/a>Arriva a Belluno il tir di \u201cCircOLIamo\u201d. Oli lubrificanti usati, rischi per l\u2019ambiente e opportunit\u00e0 per l\u2019economia nazionale e locale: questi i temi principali della conferenza stampa che si terr\u00e0 marted\u00ec 13 novembre alle 11 in piazza dei Martiri, nella sala conferenze a bordo del tir di CircOLIamo, alla presenza Assessore all\u2019Ambiente Luca Salti e di Vincenzo Grieco Pull\u00e8, coordinatore della rete di raccolta del Consorzio Obbligatorio degli Oli Usati.<\/p>\n<p>L\u2019evento rappresenta la quinta tappa veneta della campagna educativa itinerante \u201cCircOLIamo\u201d organizzata dal Consorzio Obbligatorio degli Oli Usati, con il patrocinio del Ministero dell\u2019Ambiente e del Segretariato Sociale Rai, che nell\u2019arco di due anni toccher\u00e0 tutti i capoluoghi di provincia italiani allo scopo di sensibilizzare l\u2019opinione pubblica sul corretto smaltimento dei lubrificanti usati e ottimizzarne la raccolta.<\/p>\n<p>Dalle 9 alle 11, a bordo del grande tir promozionale che soster\u00e0 in piazza dei Martiri, \u00e8 previsto l\u2019incontro con i ragazzi delle scuole, che parteciperanno agli educational loro dedicati; i ragazzi si fermeranno al villaggio allestito dal Consorzio per giocare al \u201cGioco dell\u2019Olio\u201d imparando, divertendosi, a rispettare l\u2019ambiente e il proprio territorio.<\/p>\n<p>Il Consorzio proporr\u00e0, insieme ai relatori, le soluzioni ad eventuali difficolt\u00e0 o inadempienze. L\u2019olio lubrificante usato \u00e8 un rifiuto pericoloso che deve essere smaltito correttamente. Se utilizzato in modo improprio pu\u00f2 essere estremamente dannoso per l\u2019ambiente e per la salute umana: basti pensare che 4 kg circa di olio \u2013 il cambio di un\u2019auto \u2013 se versati in mare posso coprire una superficie grande quanto un campo di calcio.<\/p>\n<p>&nbsp;<\/p>\n<p><strong>\u201cCircOLIamo\u201d, l\u2019educazione ambientale nelle piazze d\u2019Italia<\/strong><\/p>\n<p>&nbsp;<\/p>\n<p>La campagna<\/p>\n<p>&nbsp;<\/p>\n<p>\u201cCircOLIamo\u201d \u00e8 la campagna educativa e informativa itinerante, ideata dal Consorzio Obbligatorio degli Oli Usati per sensibilizzare l\u2019opinione pubblica sulla corretta gestione dell\u2019olio lubrificante usato e promuovere, attraverso un\u2019azione capillare, il dialogo con i cittadini e le istituzioni locali. Dopo l\u2019edizione del 2007\/2008, dal 28 febbraio del 2011 si \u00e8 rimessa in moto la macchina di \u201cCircOLIamo\u201d: in 24 mesi il grande tir del COOU attraverser\u00e0 tutto il territorio nazionale, sostando nelle piazze di tutti i capoluoghi di provincia per incontrare i cittadini, i giovani delle scuole, i media e le istituzioni locali.<\/p>\n<p>&nbsp;<\/p>\n<p>Cos\u2019\u00e8 \u2019olio lubrificante usato<\/p>\n<p>&nbsp;<\/p>\n<p>L\u2019olio usato \u00e8 ci\u00f2 che si recupera alla fine del ciclo di vita dei lubrificanti nei macchinari di fabbriche e industrie, ma anche nelle automobili, nelle barche e nei mezzi agricoli di ciascun cittadino. Definito dalla legge \u201crifiuto pericoloso\u201d, l\u2019olio usato, se eliminato in modo scorretto o impiegato in modo improprio, pu\u00f2 trasformarsi in un potente agente inquinante: basti ricordare che, se versati in acqua, 4 chili di olio usato \u2013 il cambio di un\u2019auto &#8211; possono inquinare una superficie grande come un campo di calcio.<\/p>\n<p>&nbsp;<\/p>\n<p>Il Consorzio Obbligatorio degli Oli Usati<\/p>\n<p>&nbsp;<\/p>\n<p>Il COOU, nato nel 1982, \u00e8 il primo ente ambientale nazionale dedicato alla raccolta differenziata. Coordina l\u2019attivit\u00e0 di 72 aziende private di raccolta, diffuse su tutto il territorio nazionale, e di 6 impianti di rigenerazione degli oli usati. In 28 anni di attivit\u00e0 il Consorzio ha raccolto pi\u00f9 di 4,72 milioni di tonnellate di olio usato, evitandone cos\u00ec la dispersione nell\u2019ambiente. Ma l\u2019olio usato pu\u00f2 essere un\u2019importante risorsa economica per il nostro Paese, perch\u00e9 pu\u00f2 essere rigenerato e tornare a nuova vita con le stesse caratteristiche del lubrificante da cui deriva; negli ultimi anni il riutilizzo dell\u2019olio lubrificante ha consentito un risparmio di quasi 2,9 miliardi di euro sulle importazioni di petrolio del nostro Paese.<\/p>\n<p>&nbsp;<\/p>\n<p>Gli obiettivi della campagna \u201cCircOLIamo\u201d<\/p>\n<p>&nbsp;<\/p>\n<p>Nonostante i notevoli risultati raggiunti, il Consorzio vuole arrivare a raccogliere il 100% degli oli lubrificanti usati in tutto il Paese. Una piccola parte, infatti, sfugge ancora alla raccolta e si concentra non solo nel settore industriale ma anche nel \u201cfai da te\u201d su automobili, barche e mezzi agricoli. Attraverso questa campagna il COOU vuole cercare di modificare i comportamenti scorretti di chi crede erroneamente che piccole quantit\u00e0 di olio disperse nell\u2019ambiente provochino \u201cpoco inquinamento\u201d.<\/p>\n<p>&nbsp;<\/p>\n<p>Come \u00e8 strutturata la campagna<\/p>\n<p>&nbsp;<\/p>\n<p>I dati territoriali di raccolta dell\u2019olio usato sono positivi? Se esistono delle situazioni critiche, quali sono le possibili soluzioni? Sono questi gli argomenti centrali delle conferenze stampa che si terranno in tutte le citt\u00e0 raggiunte dalla campagna, nelle quali il Consorzio inviter\u00e0 le istituzioni locali a confrontarsi con i rappresentanti delle associazioni di categoria, le associazioni ambientaliste e le imprese di igiene urbana e trasporto pubblico. Allo stesso tempo, \u201cCircOLIamo\u201d si avviciner\u00e0 ai giovani delle scuole proponendo attivit\u00e0 ludiche e pedagogiche volte all\u2019educazione ambientale, dal \u201cGrande gioco dell\u2019olio\u201d in piazza allo spettacolo teatrale di Luca Pagliari, giornalista e attore di Rai Educational.<\/p>\n<p>&nbsp;<\/p>","protected":false},"excerpt":{"rendered":"<p>Arriva a Belluno il tir di \u201cCircOLIamo\u201d. Oli lubrificanti usati, rischi per l\u2019ambiente e opportunit\u00e0 per l\u2019economia nazionale e locale: questi i temi principali della conferenza stampa che si terr\u00e0 marted\u00ec 13 novembre alle 11 in piazza dei Martiri, nella sala conferenze a bordo del tir di CircOLIamo, alla presenza Assessore all\u2019Ambiente Luca Salti e [&hellip;]<\/p>\n","protected":false},"author":2,"featured_media":0,"comment_status":"closed","ping_status":"open","sticky":false,"template":"","format":"standard","meta":{"footnotes":""},"categories":[27,26,15],"tags":[],"class_list":["post-43821","post","type-post","status-publish","format-standard","category-appuntamenti","category-prima-pagina","category-scuola"],"yoast_head":"<!-- This site is optimized with the Yoast SEO plugin v28.4 - https:\/\/yoast.com\/product\/yoast-seo-wordpress\/ -->\n<title>Marted\u00ec a Belluno il tir di CircOLIamo, la campagna informativa itinerante del Consorzio Obbligatorio degli Oli Usati - Bellunopress - Dolomiti<\/title>\n<meta name=\"robots\" content=\"index, follow, max-snippet:-1, max-image-preview:large, max-video-preview:-1\" \/>\n<link rel=\"canonical\" href=\"https:\/\/www.bellunopress.it\/fr\/2012\/11\/12\/martedi-a-belluno-il-tir-di-circoliamo-la-campagna-informativa-itinerante-del-consorzio-obbligatorio-degli-oli-usati\/\" \/>\n<meta property=\"og:locale\" content=\"fr_FR\" \/>\n<meta property=\"og:type\" content=\"article\" \/>\n<meta property=\"og:title\" content=\"Marted\u00ec a Belluno il tir di CircOLIamo, la campagna informativa itinerante del Consorzio Obbligatorio degli Oli Usati - Bellunopress - Dolomiti\" \/>\n<meta property=\"og:description\" content=\"Arriva a Belluno il tir di \u201cCircOLIamo\u201d. Oli lubrificanti usati, rischi per l\u2019ambiente e opportunit\u00e0 per l\u2019economia nazionale e locale: questi i temi principali della conferenza stampa che si terr\u00e0 marted\u00ec 13 novembre alle 11 in piazza dei Martiri, nella sala conferenze a bordo del tir di CircOLIamo, alla presenza Assessore all\u2019Ambiente Luca Salti e [&hellip;]\" \/>\n<meta property=\"og:url\" content=\"https:\/\/www.bellunopress.it\/fr\/2012\/11\/12\/martedi-a-belluno-il-tir-di-circoliamo-la-campagna-informativa-itinerante-del-consorzio-obbligatorio-degli-oli-usati\/\" \/>\n<meta property=\"og:site_name\" content=\"Bellunopress - Dolomiti\" \/>\n<meta property=\"article:publisher\" content=\"https:\/\/www.facebook.com\/profile.php?id=100008943462799\" \/>\n<meta property=\"article:published_time\" content=\"2012-11-12T14:50:22+00:00\" \/>\n<meta property=\"og:image\" content=\"http:\/\/www.bellunopress.it\/wp-content\/uploads\/2012\/11\/Oli-usati.jpg\" \/>\n<meta name=\"author\" content=\"redazione\" \/>\n<meta name=\"twitter:card\" content=\"summary_large_image\" \/>\n<meta name=\"twitter:creator\" content=\"@bellunopress\" \/>\n<meta name=\"twitter:site\" content=\"@bellunopress\" \/>\n<meta name=\"twitter:label1\" content=\"\u00c9crit par\" \/>\n\t<meta name=\"twitter:data1\" content=\"redazione\" \/>\n\t<meta name=\"twitter:label2\" content=\"Dur\u00e9e de lecture estim\u00e9e\" \/>\n\t<meta name=\"twitter:data2\" content=\"4 minutes\" \/>\n<script type=\"application\/ld+json\" class=\"yoast-schema-graph\">{\"@context\":\"https:\\\/\\\/schema.org\",\"@graph\":[{\"@type\":\"Article\",\"@id\":\"https:\\\/\\\/www.bellunopress.it\\\/2012\\\/11\\\/12\\\/martedi-a-belluno-il-tir-di-circoliamo-la-campagna-informativa-itinerante-del-consorzio-obbligatorio-degli-oli-usati\\\/#article\",\"isPartOf\":{\"@id\":\"https:\\\/\\\/www.bellunopress.it\\\/2012\\\/11\\\/12\\\/martedi-a-belluno-il-tir-di-circoliamo-la-campagna-informativa-itinerante-del-consorzio-obbligatorio-degli-oli-usati\\\/\"},\"author\":{\"name\":\"redazione\",\"@id\":\"https:\\\/\\\/www.bellunopress.it\\\/#\\\/schema\\\/person\\\/79bb06722b37ece1c03d3e94beb30d73\"},\"headline\":\"Marted\u00ec a Belluno il tir di CircOLIamo, la campagna informativa itinerante del Consorzio Obbligatorio degli Oli Usati\",\"datePublished\":\"2012-11-12T14:50:22+00:00\",\"mainEntityOfPage\":{\"@id\":\"https:\\\/\\\/www.bellunopress.it\\\/2012\\\/11\\\/12\\\/martedi-a-belluno-il-tir-di-circoliamo-la-campagna-informativa-itinerante-del-consorzio-obbligatorio-degli-oli-usati\\\/\"},\"wordCount\":781,\"publisher\":{\"@id\":\"https:\\\/\\\/www.bellunopress.it\\\/#organization\"},\"image\":{\"@id\":\"https:\\\/\\\/www.bellunopress.it\\\/2012\\\/11\\\/12\\\/martedi-a-belluno-il-tir-di-circoliamo-la-campagna-informativa-itinerante-del-consorzio-obbligatorio-degli-oli-usati\\\/#primaryimage\"},\"thumbnailUrl\":\"http:\\\/\\\/www.bellunopress.it\\\/wp-content\\\/uploads\\\/2012\\\/11\\\/Oli-usati.jpg\",\"articleSection\":[\"Appuntamenti, Eventi\",\"Prima Pagina\",\"Scuola\"],\"inLanguage\":\"fr-FR\"},{\"@type\":\"WebPage\",\"@id\":\"https:\\\/\\\/www.bellunopress.it\\\/2012\\\/11\\\/12\\\/martedi-a-belluno-il-tir-di-circoliamo-la-campagna-informativa-itinerante-del-consorzio-obbligatorio-degli-oli-usati\\\/\",\"url\":\"https:\\\/\\\/www.bellunopress.it\\\/2012\\\/11\\\/12\\\/martedi-a-belluno-il-tir-di-circoliamo-la-campagna-informativa-itinerante-del-consorzio-obbligatorio-degli-oli-usati\\\/\",\"name\":\"Marted\u00ec a Belluno il tir di CircOLIamo, la campagna informativa itinerante del Consorzio Obbligatorio degli Oli Usati - Bellunopress - Dolomiti\",\"isPartOf\":{\"@id\":\"https:\\\/\\\/www.bellunopress.it\\\/#website\"},\"primaryImageOfPage\":{\"@id\":\"https:\\\/\\\/www.bellunopress.it\\\/2012\\\/11\\\/12\\\/martedi-a-belluno-il-tir-di-circoliamo-la-campagna-informativa-itinerante-del-consorzio-obbligatorio-degli-oli-usati\\\/#primaryimage\"},\"image\":{\"@id\":\"https:\\\/\\\/www.bellunopress.it\\\/2012\\\/11\\\/12\\\/martedi-a-belluno-il-tir-di-circoliamo-la-campagna-informativa-itinerante-del-consorzio-obbligatorio-degli-oli-usati\\\/#primaryimage\"},\"thumbnailUrl\":\"http:\\\/\\\/www.bellunopress.it\\\/wp-content\\\/uploads\\\/2012\\\/11\\\/Oli-usati.jpg\",\"datePublished\":\"2012-11-12T14:50:22+00:00\",\"breadcrumb\":{\"@id\":\"https:\\\/\\\/www.bellunopress.it\\\/2012\\\/11\\\/12\\\/martedi-a-belluno-il-tir-di-circoliamo-la-campagna-informativa-itinerante-del-consorzio-obbligatorio-degli-oli-usati\\\/#breadcrumb\"},\"inLanguage\":\"fr-FR\",\"potentialAction\":[{\"@type\":\"ReadAction\",\"target\":[\"https:\\\/\\\/www.bellunopress.it\\\/2012\\\/11\\\/12\\\/martedi-a-belluno-il-tir-di-circoliamo-la-campagna-informativa-itinerante-del-consorzio-obbligatorio-degli-oli-usati\\\/\"]}]},{\"@type\":\"ImageObject\",\"inLanguage\":\"fr-FR\",\"@id\":\"https:\\\/\\\/www.bellunopress.it\\\/2012\\\/11\\\/12\\\/martedi-a-belluno-il-tir-di-circoliamo-la-campagna-informativa-itinerante-del-consorzio-obbligatorio-degli-oli-usati\\\/#primaryimage\",\"url\":\"http:\\\/\\\/www.bellunopress.it\\\/wp-content\\\/uploads\\\/2012\\\/11\\\/Oli-usati.jpg\",\"contentUrl\":\"http:\\\/\\\/www.bellunopress.it\\\/wp-content\\\/uploads\\\/2012\\\/11\\\/Oli-usati.jpg\"},{\"@type\":\"BreadcrumbList\",\"@id\":\"https:\\\/\\\/www.bellunopress.it\\\/2012\\\/11\\\/12\\\/martedi-a-belluno-il-tir-di-circoliamo-la-campagna-informativa-itinerante-del-consorzio-obbligatorio-degli-oli-usati\\\/#breadcrumb\",\"itemListElement\":[{\"@type\":\"ListItem\",\"position\":1,\"name\":\"Home\",\"item\":\"https:\\\/\\\/www.bellunopress.it\\\/\"},{\"@type\":\"ListItem\",\"position\":2,\"name\":\"Marted\u00ec a Belluno il tir di CircOLIamo, la campagna informativa itinerante del Consorzio Obbligatorio degli Oli Usati\"}]},{\"@type\":\"WebSite\",\"@id\":\"https:\\\/\\\/www.bellunopress.it\\\/#website\",\"url\":\"https:\\\/\\\/www.bellunopress.it\\\/\",\"name\":\"Bellunopress - Dolomiti\",\"description\":\"e-mail: redazione@bellunopress.it\",\"publisher\":{\"@id\":\"https:\\\/\\\/www.bellunopress.it\\\/#organization\"},\"potentialAction\":[{\"@type\":\"SearchAction\",\"target\":{\"@type\":\"EntryPoint\",\"urlTemplate\":\"https:\\\/\\\/www.bellunopress.it\\\/?s={search_term_string}\"},\"query-input\":{\"@type\":\"PropertyValueSpecification\",\"valueRequired\":true,\"valueName\":\"search_term_string\"}}],\"inLanguage\":\"fr-FR\"},{\"@type\":\"Organization\",\"@id\":\"https:\\\/\\\/www.bellunopress.it\\\/#organization\",\"name\":\"Bellunopress\",\"url\":\"https:\\\/\\\/www.bellunopress.it\\\/\",\"logo\":{\"@type\":\"ImageObject\",\"inLanguage\":\"fr-FR\",\"@id\":\"https:\\\/\\\/www.bellunopress.it\\\/#\\\/schema\\\/logo\\\/image\\\/\",\"url\":\"https:\\\/\\\/www.bellunopress.it\\\/wp-content\\\/uploads\\\/2011\\\/05\\\/cropped-logo-bellunopress-.jpg\",\"contentUrl\":\"https:\\\/\\\/www.bellunopress.it\\\/wp-content\\\/uploads\\\/2011\\\/05\\\/cropped-logo-bellunopress-.jpg\",\"width\":512,\"height\":512,\"caption\":\"Bellunopress\"},\"image\":{\"@id\":\"https:\\\/\\\/www.bellunopress.it\\\/#\\\/schema\\\/logo\\\/image\\\/\"},\"sameAs\":[\"https:\\\/\\\/www.facebook.com\\\/profile.php?id=100008943462799\",\"https:\\\/\\\/x.com\\\/bellunopress\",\"https:\\\/\\\/www.linkedin.com\\\/hp\\\/?dnr=JBzUWaJfMUw8vbXJJ2tVW5-I3jZKvC4wsoxE&amp;amp;amp;amp;amp;amp;trk=nav_responsive_tab_home\",\"https:\\\/\\\/www.youtube.com\\\/channel\\\/UCxL0wu1uN0_3_7hGG0306cw\"]},{\"@type\":\"Person\",\"@id\":\"https:\\\/\\\/www.bellunopress.it\\\/#\\\/schema\\\/person\\\/79bb06722b37ece1c03d3e94beb30d73\",\"name\":\"redazione\",\"image\":{\"@type\":\"ImageObject\",\"inLanguage\":\"fr-FR\",\"@id\":\"https:\\\/\\\/secure.gravatar.com\\\/avatar\\\/37d968a2e67a6fd04c169c4bdef102d0bc5d31b2546345219e348575eb80e9a0?s=96&d=mm&r=g\",\"url\":\"https:\\\/\\\/secure.gravatar.com\\\/avatar\\\/37d968a2e67a6fd04c169c4bdef102d0bc5d31b2546345219e348575eb80e9a0?s=96&d=mm&r=g\",\"contentUrl\":\"https:\\\/\\\/secure.gravatar.com\\\/avatar\\\/37d968a2e67a6fd04c169c4bdef102d0bc5d31b2546345219e348575eb80e9a0?s=96&d=mm&r=g\",\"caption\":\"redazione\"},\"sameAs\":[\"http:\\\/\\\/www.bellunopress.it\",\"https:\\\/\\\/x.com\\\/bellunopress\"],\"url\":\"https:\\\/\\\/www.bellunopress.it\\\/fr\\\/author\\\/redazione\\\/\"}]}<\/script>\n<!-- \/ Yoast SEO plugin. -->","yoast_head_json":{"title":"Marted\u00ec a Belluno il tir di CircOLIamo, la campagna informativa itinerante del Consorzio Obbligatorio degli Oli Usati - Bellunopress - Dolomiti","robots":{"index":"index","follow":"follow","max-snippet":"max-snippet:-1","max-image-preview":"max-image-preview:large","max-video-preview":"max-video-preview:-1"},"canonical":"https:\/\/www.bellunopress.it\/fr\/2012\/11\/12\/martedi-a-belluno-il-tir-di-circoliamo-la-campagna-informativa-itinerante-del-consorzio-obbligatorio-degli-oli-usati\/","og_locale":"fr_FR","og_type":"article","og_title":"Marted\u00ec a Belluno il tir di CircOLIamo, la campagna informativa itinerante del Consorzio Obbligatorio degli Oli Usati - Bellunopress - Dolomiti","og_description":"Arriva a Belluno il tir di \u201cCircOLIamo\u201d. Oli lubrificanti usati, rischi per l\u2019ambiente e opportunit\u00e0 per l\u2019economia nazionale e locale: questi i temi principali della conferenza stampa che si terr\u00e0 marted\u00ec 13 novembre alle 11 in piazza dei Martiri, nella sala conferenze a bordo del tir di CircOLIamo, alla presenza Assessore all\u2019Ambiente Luca Salti e [&hellip;]","og_url":"https:\/\/www.bellunopress.it\/fr\/2012\/11\/12\/martedi-a-belluno-il-tir-di-circoliamo-la-campagna-informativa-itinerante-del-consorzio-obbligatorio-degli-oli-usati\/","og_site_name":"Bellunopress - Dolomiti","article_publisher":"https:\/\/www.facebook.com\/profile.php?id=100008943462799","article_published_time":"2012-11-12T14:50:22+00:00","og_image":[{"url":"http:\/\/www.bellunopress.it\/wp-content\/uploads\/2012\/11\/Oli-usati.jpg","type":"","width":"","height":""}],"author":"redazione","twitter_card":"summary_large_image","twitter_creator":"@bellunopress","twitter_site":"@bellunopress","twitter_misc":{"\u00c9crit par":"redazione","Dur\u00e9e de lecture estim\u00e9e":"4 minutes"},"schema":{"@context":"https:\/\/schema.org","@graph":[{"@type":"Article","@id":"https:\/\/www.bellunopress.it\/2012\/11\/12\/martedi-a-belluno-il-tir-di-circoliamo-la-campagna-informativa-itinerante-del-consorzio-obbligatorio-degli-oli-usati\/#article","isPartOf":{"@id":"https:\/\/www.bellunopress.it\/2012\/11\/12\/martedi-a-belluno-il-tir-di-circoliamo-la-campagna-informativa-itinerante-del-consorzio-obbligatorio-degli-oli-usati\/"},"author":{"name":"redazione","@id":"https:\/\/www.bellunopress.it\/#\/schema\/person\/79bb06722b37ece1c03d3e94beb30d73"},"headline":"Marted\u00ec a Belluno il tir di CircOLIamo, la campagna informativa itinerante del Consorzio Obbligatorio degli Oli Usati","datePublished":"2012-11-12T14:50:22+00:00","mainEntityOfPage":{"@id":"https:\/\/www.bellunopress.it\/2012\/11\/12\/martedi-a-belluno-il-tir-di-circoliamo-la-campagna-informativa-itinerante-del-consorzio-obbligatorio-degli-oli-usati\/"},"wordCount":781,"publisher":{"@id":"https:\/\/www.bellunopress.it\/#organization"},"image":{"@id":"https:\/\/www.bellunopress.it\/2012\/11\/12\/martedi-a-belluno-il-tir-di-circoliamo-la-campagna-informativa-itinerante-del-consorzio-obbligatorio-degli-oli-usati\/#primaryimage"},"thumbnailUrl":"http:\/\/www.bellunopress.it\/wp-content\/uploads\/2012\/11\/Oli-usati.jpg","articleSection":["Appuntamenti, Eventi","Prima Pagina","Scuola"],"inLanguage":"fr-FR"},{"@type":"WebPage","@id":"https:\/\/www.bellunopress.it\/2012\/11\/12\/martedi-a-belluno-il-tir-di-circoliamo-la-campagna-informativa-itinerante-del-consorzio-obbligatorio-degli-oli-usati\/","url":"https:\/\/www.bellunopress.it\/2012\/11\/12\/martedi-a-belluno-il-tir-di-circoliamo-la-campagna-informativa-itinerante-del-consorzio-obbligatorio-degli-oli-usati\/","name":"Marted\u00ec a Belluno il tir di CircOLIamo, la campagna informativa itinerante del Consorzio Obbligatorio degli Oli Usati - Bellunopress - Dolomiti","isPartOf":{"@id":"https:\/\/www.bellunopress.it\/#website"},"primaryImageOfPage":{"@id":"https:\/\/www.bellunopress.it\/2012\/11\/12\/martedi-a-belluno-il-tir-di-circoliamo-la-campagna-informativa-itinerante-del-consorzio-obbligatorio-degli-oli-usati\/#primaryimage"},"image":{"@id":"https:\/\/www.bellunopress.it\/2012\/11\/12\/martedi-a-belluno-il-tir-di-circoliamo-la-campagna-informativa-itinerante-del-consorzio-obbligatorio-degli-oli-usati\/#primaryimage"},"thumbnailUrl":"http:\/\/www.bellunopress.it\/wp-content\/uploads\/2012\/11\/Oli-usati.jpg","datePublished":"2012-11-12T14:50:22+00:00","breadcrumb":{"@id":"https:\/\/www.bellunopress.it\/2012\/11\/12\/martedi-a-belluno-il-tir-di-circoliamo-la-campagna-informativa-itinerante-del-consorzio-obbligatorio-degli-oli-usati\/#breadcrumb"},"inLanguage":"fr-FR","potentialAction":[{"@type":"ReadAction","target":["https:\/\/www.bellunopress.it\/2012\/11\/12\/martedi-a-belluno-il-tir-di-circoliamo-la-campagna-informativa-itinerante-del-consorzio-obbligatorio-degli-oli-usati\/"]}]},{"@type":"ImageObject","inLanguage":"fr-FR","@id":"https:\/\/www.bellunopress.it\/2012\/11\/12\/martedi-a-belluno-il-tir-di-circoliamo-la-campagna-informativa-itinerante-del-consorzio-obbligatorio-degli-oli-usati\/#primaryimage","url":"http:\/\/www.bellunopress.it\/wp-content\/uploads\/2012\/11\/Oli-usati.jpg","contentUrl":"http:\/\/www.bellunopress.it\/wp-content\/uploads\/2012\/11\/Oli-usati.jpg"},{"@type":"BreadcrumbList","@id":"https:\/\/www.bellunopress.it\/2012\/11\/12\/martedi-a-belluno-il-tir-di-circoliamo-la-campagna-informativa-itinerante-del-consorzio-obbligatorio-degli-oli-usati\/#breadcrumb","itemListElement":[{"@type":"ListItem","position":1,"name":"Home","item":"https:\/\/www.bellunopress.it\/"},{"@type":"ListItem","position":2,"name":"Marted\u00ec a Belluno il tir di CircOLIamo, la campagna informativa itinerante del Consorzio Obbligatorio degli Oli Usati"}]},{"@type":"WebSite","@id":"https:\/\/www.bellunopress.it\/#website","url":"https:\/\/www.bellunopress.it\/","name":"Bellunopress - Dolomiti","description":"e-mail: redazione@bellunopress.it","publisher":{"@id":"https:\/\/www.bellunopress.it\/#organization"},"potentialAction":[{"@type":"SearchAction","target":{"@type":"EntryPoint","urlTemplate":"https:\/\/www.bellunopress.it\/?s={search_term_string}"},"query-input":{"@type":"PropertyValueSpecification","valueRequired":true,"valueName":"search_term_string"}}],"inLanguage":"fr-FR"},{"@type":"Organization","@id":"https:\/\/www.bellunopress.it\/#organization","name":"Bellunopress","url":"https:\/\/www.bellunopress.it\/","logo":{"@type":"ImageObject","inLanguage":"fr-FR","@id":"https:\/\/www.bellunopress.it\/#\/schema\/logo\/image\/","url":"https:\/\/www.bellunopress.it\/wp-content\/uploads\/2011\/05\/cropped-logo-bellunopress-.jpg","contentUrl":"https:\/\/www.bellunopress.it\/wp-content\/uploads\/2011\/05\/cropped-logo-bellunopress-.jpg","width":512,"height":512,"caption":"Bellunopress"},"image":{"@id":"https:\/\/www.bellunopress.it\/#\/schema\/logo\/image\/"},"sameAs":["https:\/\/www.facebook.com\/profile.php?id=100008943462799","https:\/\/x.com\/bellunopress","https:\/\/www.linkedin.com\/hp\/?dnr=JBzUWaJfMUw8vbXJJ2tVW5-I3jZKvC4wsoxE&amp;amp;amp;amp;amp;amp;trk=nav_responsive_tab_home","https:\/\/www.youtube.com\/channel\/UCxL0wu1uN0_3_7hGG0306cw"]},{"@type":"Person","@id":"https:\/\/www.bellunopress.it\/#\/schema\/person\/79bb06722b37ece1c03d3e94beb30d73","name":"r\u00e9daction","image":{"@type":"ImageObject","inLanguage":"fr-FR","@id":"https:\/\/secure.gravatar.com\/avatar\/37d968a2e67a6fd04c169c4bdef102d0bc5d31b2546345219e348575eb80e9a0?s=96&d=mm&r=g","url":"https:\/\/secure.gravatar.com\/avatar\/37d968a2e67a6fd04c169c4bdef102d0bc5d31b2546345219e348575eb80e9a0?s=96&d=mm&r=g","contentUrl":"https:\/\/secure.gravatar.com\/avatar\/37d968a2e67a6fd04c169c4bdef102d0bc5d31b2546345219e348575eb80e9a0?s=96&d=mm&r=g","caption":"redazione"},"sameAs":["http:\/\/www.bellunopress.it","https:\/\/x.com\/bellunopress"],"url":"https:\/\/www.bellunopress.it\/fr\/author\/redazione\/"}]}},"_links":{"self":[{"href":"https:\/\/www.bellunopress.it\/fr\/wp-json\/wp\/v2\/posts\/43821","targetHints":{"allow":["GET"]}}],"collection":[{"href":"https:\/\/www.bellunopress.it\/fr\/wp-json\/wp\/v2\/posts"}],"about":[{"href":"https:\/\/www.bellunopress.it\/fr\/wp-json\/wp\/v2\/types\/post"}],"author":[{"embeddable":true,"href":"https:\/\/www.bellunopress.it\/fr\/wp-json\/wp\/v2\/users\/2"}],"replies":[{"embeddable":true,"href":"https:\/\/www.bellunopress.it\/fr\/wp-json\/wp\/v2\/comments?post=43821"}],"version-history":[{"count":1,"href":"https:\/\/www.bellunopress.it\/fr\/wp-json\/wp\/v2\/posts\/43821\/revisions"}],"predecessor-version":[{"id":43824,"href":"https:\/\/www.bellunopress.it\/fr\/wp-json\/wp\/v2\/posts\/43821\/revisions\/43824"}],"wp:attachment":[{"href":"https:\/\/www.bellunopress.it\/fr\/wp-json\/wp\/v2\/media?parent=43821"}],"wp:term":[{"taxonomy":"category","embeddable":true,"href":"https:\/\/www.bellunopress.it\/fr\/wp-json\/wp\/v2\/categories?post=43821"},{"taxonomy":"post_tag","embeddable":true,"href":"https:\/\/www.bellunopress.it\/fr\/wp-json\/wp\/v2\/tags?post=43821"}],"curies":[{"name":"wp","href":"https:\/\/api.w.org\/{rel}","templated":true}]}}