{"id":43816,"date":"2012-11-12T10:46:06","date_gmt":"2012-11-12T09:46:06","guid":{"rendered":"http:\/\/www.bellunopress.it\/?p=43816"},"modified":"2012-11-12T10:46:06","modified_gmt":"2012-11-12T09:46:06","slug":"la-nazionale-di-scialpinismo-a-falcade-dal-15-al-18-novembre","status":"publish","type":"post","link":"https:\/\/www.bellunopress.it\/fr\/2012\/11\/12\/la-nazionale-di-scialpinismo-a-falcade-dal-15-al-18-novembre\/","title":{"rendered":"La Nazionale di scialpinismo a Falcade dal 15 al 18 novembre"},"content":{"rendered":"<p>La stagione agonistica \u00e8 alle porte, gli azzurri dello scialpinismo saranno a Falcade (BL) dal 15 al 18 novembre per il primo raduno.<\/p>\n<p>Da gioved\u00ec a domenica la Nazionale Italiana di scialpinsmo sar\u00e0 in raduno a Falcade presso l&#8217;Hotel Dolomiti di Caverson. A Falcade dopo il felice gemellaggio dello scorso anno con la Polonia ci sar\u00e0 anche la nazionale Austrica.<\/p>\n<p>Tre giorni di allenamenti suddivisi in sedute a secco e sulla neve. Lo scorso anno i ragazzi guidati da Oscar Angeloni e da Nicola Invernizzi avevano svolto gli allenamenti con gli sci sulle nevi della regina delle Dolomiti, la Marmolada. Il prossimo weekend, grazie alle ultime precipitazioni nevose, gli azzurri si alleneranno nel comprensorio Tre Valli con qualche salita al Col Margherita.<\/p>\n<p>I responsabili della squadra hanno programmato anche una serie di riunioni tecniche che permetteranno di discutere dei regolamenti, dei calendari, dell&#8217;antidoping e di molti altri aspetti.<\/p>\n<p>Come vuole la tradizione sabato sera l&#8217;Hotel Dolomiti di Caverson ospiter\u00e0 la presentazione al pubblico della squadra azzurra. A fare da cornice alla presentazione, la famiglia Secchi (titolare della Dolomiti) ha voluto allestire, a pochi metri dall&#8217;albergo, una sorta di Villaggio Expo dove tutti gli appassionati, grazie alle numerose aziende presenti, potranno toccare con mano le novit\u00e0 della prossima stagione.<\/p>\n<p>Terminata la presentazione, la serata continuer\u00e0 con la festa dello scialpinismo con musica e la lotteria, un momento d&#8217;aggregazione per scambiare due chiacchiere con gli atleti.<\/p>\n<p>Il direttore tecnico Oscar Angeloni e il tecnico Nicola Invernizzi hanno convocato i seguenti atleti: Lorenzo Holzknecht, Damiano Lenzi, Manfred Reichegger, Matteo Eydallin, Pietro Lanfranchi, Alessandro Follador, Dennis Brunod, Denis Trento, Robert Antonioli, Michele Boscacci, Gloriana Pellissier, Elena Nicolini, Elisa Compagnoni, Alessandra Cazzanelli, Giulia Compagnoni, Alba De Silvestro, Omar Campestrini, Davide Magnini, Federico Nicolini, Luca Faifer, Nadir Maguet e Stefano Stradelli.<\/p>","protected":false},"excerpt":{"rendered":"<p>La stagione agonistica \u00e8 alle porte, gli azzurri dello scialpinismo saranno a Falcade (BL) dal 15 al 18 novembre per il primo raduno. Da gioved\u00ec a domenica la Nazionale Italiana di scialpinsmo sar\u00e0 in raduno a Falcade presso l&#8217;Hotel Dolomiti di Caverson. A Falcade dopo il felice gemellaggio dello scorso anno con la Polonia ci [&hellip;]<\/p>\n","protected":false},"author":2,"featured_media":0,"comment_status":"closed","ping_status":"open","sticky":false,"template":"","format":"standard","meta":{"footnotes":""},"categories":[27,25,4],"tags":[],"class_list":["post-43816","post","type-post","status-publish","format-standard","category-appuntamenti","category-pausa-caffe","category-sport"],"yoast_head":"<!-- This site is optimized with the Yoast SEO plugin v28.4 - https:\/\/yoast.com\/product\/yoast-seo-wordpress\/ -->\n<title>La Nazionale di scialpinismo a Falcade dal 15 al 18 novembre - Bellunopress - Dolomiti<\/title>\n<meta name=\"robots\" content=\"index, follow, max-snippet:-1, max-image-preview:large, max-video-preview:-1\" \/>\n<link rel=\"canonical\" href=\"https:\/\/www.bellunopress.it\/fr\/2012\/11\/12\/la-nazionale-di-scialpinismo-a-falcade-dal-15-al-18-novembre\/\" \/>\n<meta property=\"og:locale\" content=\"fr_FR\" \/>\n<meta property=\"og:type\" content=\"article\" \/>\n<meta property=\"og:title\" content=\"La Nazionale di scialpinismo a Falcade dal 15 al 18 novembre - Bellunopress - Dolomiti\" \/>\n<meta property=\"og:description\" content=\"La stagione agonistica \u00e8 alle porte, gli azzurri dello scialpinismo saranno a Falcade (BL) dal 15 al 18 novembre per il primo raduno. Da gioved\u00ec a domenica la Nazionale Italiana di scialpinsmo sar\u00e0 in raduno a Falcade presso l&#8217;Hotel Dolomiti di Caverson. A Falcade dopo il felice gemellaggio dello scorso anno con la Polonia ci [&hellip;]\" \/>\n<meta property=\"og:url\" content=\"https:\/\/www.bellunopress.it\/fr\/2012\/11\/12\/la-nazionale-di-scialpinismo-a-falcade-dal-15-al-18-novembre\/\" \/>\n<meta property=\"og:site_name\" content=\"Bellunopress - Dolomiti\" \/>\n<meta property=\"article:publisher\" content=\"https:\/\/www.facebook.com\/profile.php?id=100008943462799\" \/>\n<meta property=\"article:published_time\" content=\"2012-11-12T09:46:06+00:00\" \/>\n<meta property=\"og:image\" content=\"http:\/\/www.bellunopress.it\/wp-content\/uploads\/2012\/07\/logo-bellunopress-250x250-2012.jpg\" \/>\n<meta name=\"author\" content=\"redazione\" \/>\n<meta name=\"twitter:card\" content=\"summary_large_image\" \/>\n<meta name=\"twitter:creator\" content=\"@bellunopress\" \/>\n<meta name=\"twitter:site\" content=\"@bellunopress\" \/>\n<meta name=\"twitter:label1\" content=\"\u00c9crit par\" \/>\n\t<meta name=\"twitter:data1\" content=\"redazione\" \/>\n\t<meta name=\"twitter:label2\" content=\"Dur\u00e9e de lecture estim\u00e9e\" \/>\n\t<meta name=\"twitter:data2\" content=\"1 minute\" \/>\n<script type=\"application\/ld+json\" class=\"yoast-schema-graph\">{\"@context\":\"https:\\\/\\\/schema.org\",\"@graph\":[{\"@type\":\"Article\",\"@id\":\"https:\\\/\\\/www.bellunopress.it\\\/2012\\\/11\\\/12\\\/la-nazionale-di-scialpinismo-a-falcade-dal-15-al-18-novembre\\\/#article\",\"isPartOf\":{\"@id\":\"https:\\\/\\\/www.bellunopress.it\\\/2012\\\/11\\\/12\\\/la-nazionale-di-scialpinismo-a-falcade-dal-15-al-18-novembre\\\/\"},\"author\":{\"name\":\"redazione\",\"@id\":\"https:\\\/\\\/www.bellunopress.it\\\/#\\\/schema\\\/person\\\/79bb06722b37ece1c03d3e94beb30d73\"},\"headline\":\"La Nazionale di scialpinismo a Falcade dal 15 al 18 novembre\",\"datePublished\":\"2012-11-12T09:46:06+00:00\",\"mainEntityOfPage\":{\"@id\":\"https:\\\/\\\/www.bellunopress.it\\\/2012\\\/11\\\/12\\\/la-nazionale-di-scialpinismo-a-falcade-dal-15-al-18-novembre\\\/\"},\"wordCount\":306,\"publisher\":{\"@id\":\"https:\\\/\\\/www.bellunopress.it\\\/#organization\"},\"articleSection\":[\"Appuntamenti, Eventi\",\"Pausa Caff\u00e8\",\"Sport, tempo libero\"],\"inLanguage\":\"fr-FR\"},{\"@type\":\"WebPage\",\"@id\":\"https:\\\/\\\/www.bellunopress.it\\\/2012\\\/11\\\/12\\\/la-nazionale-di-scialpinismo-a-falcade-dal-15-al-18-novembre\\\/\",\"url\":\"https:\\\/\\\/www.bellunopress.it\\\/2012\\\/11\\\/12\\\/la-nazionale-di-scialpinismo-a-falcade-dal-15-al-18-novembre\\\/\",\"name\":\"La Nazionale di scialpinismo a Falcade dal 15 al 18 novembre - Bellunopress - Dolomiti\",\"isPartOf\":{\"@id\":\"https:\\\/\\\/www.bellunopress.it\\\/#website\"},\"datePublished\":\"2012-11-12T09:46:06+00:00\",\"breadcrumb\":{\"@id\":\"https:\\\/\\\/www.bellunopress.it\\\/2012\\\/11\\\/12\\\/la-nazionale-di-scialpinismo-a-falcade-dal-15-al-18-novembre\\\/#breadcrumb\"},\"inLanguage\":\"fr-FR\",\"potentialAction\":[{\"@type\":\"ReadAction\",\"target\":[\"https:\\\/\\\/www.bellunopress.it\\\/2012\\\/11\\\/12\\\/la-nazionale-di-scialpinismo-a-falcade-dal-15-al-18-novembre\\\/\"]}]},{\"@type\":\"BreadcrumbList\",\"@id\":\"https:\\\/\\\/www.bellunopress.it\\\/2012\\\/11\\\/12\\\/la-nazionale-di-scialpinismo-a-falcade-dal-15-al-18-novembre\\\/#breadcrumb\",\"itemListElement\":[{\"@type\":\"ListItem\",\"position\":1,\"name\":\"Home\",\"item\":\"https:\\\/\\\/www.bellunopress.it\\\/\"},{\"@type\":\"ListItem\",\"position\":2,\"name\":\"La Nazionale di scialpinismo a Falcade dal 15 al 18 novembre\"}]},{\"@type\":\"WebSite\",\"@id\":\"https:\\\/\\\/www.bellunopress.it\\\/#website\",\"url\":\"https:\\\/\\\/www.bellunopress.it\\\/\",\"name\":\"Bellunopress - Dolomiti\",\"description\":\"e-mail: redazione@bellunopress.it\",\"publisher\":{\"@id\":\"https:\\\/\\\/www.bellunopress.it\\\/#organization\"},\"potentialAction\":[{\"@type\":\"SearchAction\",\"target\":{\"@type\":\"EntryPoint\",\"urlTemplate\":\"https:\\\/\\\/www.bellunopress.it\\\/?s={search_term_string}\"},\"query-input\":{\"@type\":\"PropertyValueSpecification\",\"valueRequired\":true,\"valueName\":\"search_term_string\"}}],\"inLanguage\":\"fr-FR\"},{\"@type\":\"Organization\",\"@id\":\"https:\\\/\\\/www.bellunopress.it\\\/#organization\",\"name\":\"Bellunopress\",\"url\":\"https:\\\/\\\/www.bellunopress.it\\\/\",\"logo\":{\"@type\":\"ImageObject\",\"inLanguage\":\"fr-FR\",\"@id\":\"https:\\\/\\\/www.bellunopress.it\\\/#\\\/schema\\\/logo\\\/image\\\/\",\"url\":\"https:\\\/\\\/www.bellunopress.it\\\/wp-content\\\/uploads\\\/2011\\\/05\\\/cropped-logo-bellunopress-.jpg\",\"contentUrl\":\"https:\\\/\\\/www.bellunopress.it\\\/wp-content\\\/uploads\\\/2011\\\/05\\\/cropped-logo-bellunopress-.jpg\",\"width\":512,\"height\":512,\"caption\":\"Bellunopress\"},\"image\":{\"@id\":\"https:\\\/\\\/www.bellunopress.it\\\/#\\\/schema\\\/logo\\\/image\\\/\"},\"sameAs\":[\"https:\\\/\\\/www.facebook.com\\\/profile.php?id=100008943462799\",\"https:\\\/\\\/x.com\\\/bellunopress\",\"https:\\\/\\\/www.linkedin.com\\\/hp\\\/?dnr=JBzUWaJfMUw8vbXJJ2tVW5-I3jZKvC4wsoxE&amp;amp;amp;amp;amp;amp;trk=nav_responsive_tab_home\",\"https:\\\/\\\/www.youtube.com\\\/channel\\\/UCxL0wu1uN0_3_7hGG0306cw\"]},{\"@type\":\"Person\",\"@id\":\"https:\\\/\\\/www.bellunopress.it\\\/#\\\/schema\\\/person\\\/79bb06722b37ece1c03d3e94beb30d73\",\"name\":\"redazione\",\"image\":{\"@type\":\"ImageObject\",\"inLanguage\":\"fr-FR\",\"@id\":\"https:\\\/\\\/secure.gravatar.com\\\/avatar\\\/37d968a2e67a6fd04c169c4bdef102d0bc5d31b2546345219e348575eb80e9a0?s=96&d=mm&r=g\",\"url\":\"https:\\\/\\\/secure.gravatar.com\\\/avatar\\\/37d968a2e67a6fd04c169c4bdef102d0bc5d31b2546345219e348575eb80e9a0?s=96&d=mm&r=g\",\"contentUrl\":\"https:\\\/\\\/secure.gravatar.com\\\/avatar\\\/37d968a2e67a6fd04c169c4bdef102d0bc5d31b2546345219e348575eb80e9a0?s=96&d=mm&r=g\",\"caption\":\"redazione\"},\"sameAs\":[\"http:\\\/\\\/www.bellunopress.it\",\"https:\\\/\\\/x.com\\\/bellunopress\"],\"url\":\"https:\\\/\\\/www.bellunopress.it\\\/fr\\\/author\\\/redazione\\\/\"}]}<\/script>\n<!-- \/ Yoast SEO plugin. -->","yoast_head_json":{"title":"La Nazionale di scialpinismo a Falcade dal 15 al 18 novembre - Bellunopress - Dolomiti","robots":{"index":"index","follow":"follow","max-snippet":"max-snippet:-1","max-image-preview":"max-image-preview:large","max-video-preview":"max-video-preview:-1"},"canonical":"https:\/\/www.bellunopress.it\/fr\/2012\/11\/12\/la-nazionale-di-scialpinismo-a-falcade-dal-15-al-18-novembre\/","og_locale":"fr_FR","og_type":"article","og_title":"La Nazionale di scialpinismo a Falcade dal 15 al 18 novembre - Bellunopress - Dolomiti","og_description":"La stagione agonistica \u00e8 alle porte, gli azzurri dello scialpinismo saranno a Falcade (BL) dal 15 al 18 novembre per il primo raduno. Da gioved\u00ec a domenica la Nazionale Italiana di scialpinsmo sar\u00e0 in raduno a Falcade presso l&#8217;Hotel Dolomiti di Caverson. A Falcade dopo il felice gemellaggio dello scorso anno con la Polonia ci [&hellip;]","og_url":"https:\/\/www.bellunopress.it\/fr\/2012\/11\/12\/la-nazionale-di-scialpinismo-a-falcade-dal-15-al-18-novembre\/","og_site_name":"Bellunopress - Dolomiti","article_publisher":"https:\/\/www.facebook.com\/profile.php?id=100008943462799","article_published_time":"2012-11-12T09:46:06+00:00","og_image":[{"url":"http:\/\/www.bellunopress.it\/wp-content\/uploads\/2012\/07\/logo-bellunopress-250x250-2012.jpg","type":"","width":"","height":""}],"author":"redazione","twitter_card":"summary_large_image","twitter_creator":"@bellunopress","twitter_site":"@bellunopress","twitter_misc":{"\u00c9crit par":"redazione","Dur\u00e9e de lecture estim\u00e9e":"1 minute"},"schema":{"@context":"https:\/\/schema.org","@graph":[{"@type":"Article","@id":"https:\/\/www.bellunopress.it\/2012\/11\/12\/la-nazionale-di-scialpinismo-a-falcade-dal-15-al-18-novembre\/#article","isPartOf":{"@id":"https:\/\/www.bellunopress.it\/2012\/11\/12\/la-nazionale-di-scialpinismo-a-falcade-dal-15-al-18-novembre\/"},"author":{"name":"redazione","@id":"https:\/\/www.bellunopress.it\/#\/schema\/person\/79bb06722b37ece1c03d3e94beb30d73"},"headline":"La Nazionale di scialpinismo a Falcade dal 15 al 18 novembre","datePublished":"2012-11-12T09:46:06+00:00","mainEntityOfPage":{"@id":"https:\/\/www.bellunopress.it\/2012\/11\/12\/la-nazionale-di-scialpinismo-a-falcade-dal-15-al-18-novembre\/"},"wordCount":306,"publisher":{"@id":"https:\/\/www.bellunopress.it\/#organization"},"articleSection":["Appuntamenti, Eventi","Pausa Caff\u00e8","Sport, tempo libero"],"inLanguage":"fr-FR"},{"@type":"WebPage","@id":"https:\/\/www.bellunopress.it\/2012\/11\/12\/la-nazionale-di-scialpinismo-a-falcade-dal-15-al-18-novembre\/","url":"https:\/\/www.bellunopress.it\/2012\/11\/12\/la-nazionale-di-scialpinismo-a-falcade-dal-15-al-18-novembre\/","name":"La Nazionale di scialpinismo a Falcade dal 15 al 18 novembre - Bellunopress - Dolomiti","isPartOf":{"@id":"https:\/\/www.bellunopress.it\/#website"},"datePublished":"2012-11-12T09:46:06+00:00","breadcrumb":{"@id":"https:\/\/www.bellunopress.it\/2012\/11\/12\/la-nazionale-di-scialpinismo-a-falcade-dal-15-al-18-novembre\/#breadcrumb"},"inLanguage":"fr-FR","potentialAction":[{"@type":"ReadAction","target":["https:\/\/www.bellunopress.it\/2012\/11\/12\/la-nazionale-di-scialpinismo-a-falcade-dal-15-al-18-novembre\/"]}]},{"@type":"BreadcrumbList","@id":"https:\/\/www.bellunopress.it\/2012\/11\/12\/la-nazionale-di-scialpinismo-a-falcade-dal-15-al-18-novembre\/#breadcrumb","itemListElement":[{"@type":"ListItem","position":1,"name":"Home","item":"https:\/\/www.bellunopress.it\/"},{"@type":"ListItem","position":2,"name":"La Nazionale di scialpinismo a Falcade dal 15 al 18 novembre"}]},{"@type":"WebSite","@id":"https:\/\/www.bellunopress.it\/#website","url":"https:\/\/www.bellunopress.it\/","name":"Bellunopress - Dolomiti","description":"e-mail: redazione@bellunopress.it","publisher":{"@id":"https:\/\/www.bellunopress.it\/#organization"},"potentialAction":[{"@type":"SearchAction","target":{"@type":"EntryPoint","urlTemplate":"https:\/\/www.bellunopress.it\/?s={search_term_string}"},"query-input":{"@type":"PropertyValueSpecification","valueRequired":true,"valueName":"search_term_string"}}],"inLanguage":"fr-FR"},{"@type":"Organization","@id":"https:\/\/www.bellunopress.it\/#organization","name":"Bellunopress","url":"https:\/\/www.bellunopress.it\/","logo":{"@type":"ImageObject","inLanguage":"fr-FR","@id":"https:\/\/www.bellunopress.it\/#\/schema\/logo\/image\/","url":"https:\/\/www.bellunopress.it\/wp-content\/uploads\/2011\/05\/cropped-logo-bellunopress-.jpg","contentUrl":"https:\/\/www.bellunopress.it\/wp-content\/uploads\/2011\/05\/cropped-logo-bellunopress-.jpg","width":512,"height":512,"caption":"Bellunopress"},"image":{"@id":"https:\/\/www.bellunopress.it\/#\/schema\/logo\/image\/"},"sameAs":["https:\/\/www.facebook.com\/profile.php?id=100008943462799","https:\/\/x.com\/bellunopress","https:\/\/www.linkedin.com\/hp\/?dnr=JBzUWaJfMUw8vbXJJ2tVW5-I3jZKvC4wsoxE&amp;amp;amp;amp;amp;amp;trk=nav_responsive_tab_home","https:\/\/www.youtube.com\/channel\/UCxL0wu1uN0_3_7hGG0306cw"]},{"@type":"Person","@id":"https:\/\/www.bellunopress.it\/#\/schema\/person\/79bb06722b37ece1c03d3e94beb30d73","name":"r\u00e9daction","image":{"@type":"ImageObject","inLanguage":"fr-FR","@id":"https:\/\/secure.gravatar.com\/avatar\/37d968a2e67a6fd04c169c4bdef102d0bc5d31b2546345219e348575eb80e9a0?s=96&d=mm&r=g","url":"https:\/\/secure.gravatar.com\/avatar\/37d968a2e67a6fd04c169c4bdef102d0bc5d31b2546345219e348575eb80e9a0?s=96&d=mm&r=g","contentUrl":"https:\/\/secure.gravatar.com\/avatar\/37d968a2e67a6fd04c169c4bdef102d0bc5d31b2546345219e348575eb80e9a0?s=96&d=mm&r=g","caption":"redazione"},"sameAs":["http:\/\/www.bellunopress.it","https:\/\/x.com\/bellunopress"],"url":"https:\/\/www.bellunopress.it\/fr\/author\/redazione\/"}]}},"_links":{"self":[{"href":"https:\/\/www.bellunopress.it\/fr\/wp-json\/wp\/v2\/posts\/43816","targetHints":{"allow":["GET"]}}],"collection":[{"href":"https:\/\/www.bellunopress.it\/fr\/wp-json\/wp\/v2\/posts"}],"about":[{"href":"https:\/\/www.bellunopress.it\/fr\/wp-json\/wp\/v2\/types\/post"}],"author":[{"embeddable":true,"href":"https:\/\/www.bellunopress.it\/fr\/wp-json\/wp\/v2\/users\/2"}],"replies":[{"embeddable":true,"href":"https:\/\/www.bellunopress.it\/fr\/wp-json\/wp\/v2\/comments?post=43816"}],"version-history":[{"count":2,"href":"https:\/\/www.bellunopress.it\/fr\/wp-json\/wp\/v2\/posts\/43816\/revisions"}],"predecessor-version":[{"id":43818,"href":"https:\/\/www.bellunopress.it\/fr\/wp-json\/wp\/v2\/posts\/43816\/revisions\/43818"}],"wp:attachment":[{"href":"https:\/\/www.bellunopress.it\/fr\/wp-json\/wp\/v2\/media?parent=43816"}],"wp:term":[{"taxonomy":"category","embeddable":true,"href":"https:\/\/www.bellunopress.it\/fr\/wp-json\/wp\/v2\/categories?post=43816"},{"taxonomy":"post_tag","embeddable":true,"href":"https:\/\/www.bellunopress.it\/fr\/wp-json\/wp\/v2\/tags?post=43816"}],"curies":[{"name":"wp","href":"https:\/\/api.w.org\/{rel}","templated":true}]}}