{"id":43799,"date":"2012-11-11T21:44:21","date_gmt":"2012-11-11T20:44:21","guid":{"rendered":"http:\/\/www.bellunopress.it\/?p=43799"},"modified":"2012-11-11T21:44:21","modified_gmt":"2012-11-11T20:44:21","slug":"dal-soccorso-alpino-frana-a-selva-di-cadore-e-la-cronaca-del-recupero-nelle-acque-del-cismon","status":"publish","type":"post","link":"https:\/\/www.bellunopress.it\/fr\/2012\/11\/11\/dal-soccorso-alpino-frana-a-selva-di-cadore-e-la-cronaca-del-recupero-nelle-acque-del-cismon\/","title":{"rendered":"Dal Soccorso alpino: frana a Selva di Cadore e la cronaca del recupero nelle acque del Cismon"},"content":{"rendered":"<p><a href=\"http:\/\/www.bellunopress.it\/wp-content\/uploads\/2011\/03\/soccorso-alpino-cnsas.png\"><img loading=\"lazy\" decoding=\"async\" class=\"alignleft size-full wp-image-24711\" title=\"soccorso alpino cnsas\" src=\"http:\/\/www.bellunopress.it\/wp-content\/uploads\/2011\/03\/soccorso-alpino-cnsas.png\" alt=\"\" width=\"122\" height=\"122\" \/><\/a>FRANA A SELVA DI CADORE: MONITORAGGIO DEL SOCCORSO ALPINO<\/p>\n<p>Selva di Cadore (BL), 11-11-12\u00a0A seguito di una frana in localit\u00e0 Pescul, fermatasi una trentina di metri sopra un&#8217;abitazione, una famiglia \u00e8 stata evacuata e subito sono stati eseguiti i lavori di pulizia dal canale di bonifica interessato dal materiale. Il Soccorso alpino della Val Fiorentina, presente durante le operazioni per eventuale supporto agli operai, effettuer\u00e0 il monitoraggio dell&#8217;area tutta la notte per verificare la pioggia non origini altri smottamenti.<\/p>\n<p>&nbsp;<\/p>\n<p>SOCCORSO UOMO IN KAYAK SUL CISMON<\/p>\n<p>Sovramonte (BL), 11-11-12\u00a0Malgrado la portata del torrente Cismon, ingrossato dalla pioggia, tre amici hanno deciso di affrontare un&#8217;escursione in kayak e uno di loro si \u00e8 trovato in grosse difficolt\u00e0. Scesi in acqua a Canal San Bovo, i tre sono avanzati lungo l&#8217;asta finch\u00e8 A.M., 56 anni, residente a Selvazzano Dentro (PD), \u00e8 stato sbalzato all&#8217;esterno, rimanendo aggrappato al suo kayak. I due compagni sono riusciti a seguirlo per alcuni chilometri, cercando un punto dove aiutarlo a fermarsi, quando, all&#8217;altezza della Val Rosna sono riusciti a fargli raggiungere un terrazzino tra la vegetazione sotto una parete strapiombante. Guadagnata la riva, hanno lanciato l&#8217;allarme poco prima delle 16. Dopo aver raggiunto il punto del torrente dove si trovava l&#8217;uomo, sei tecnici del Soccorso alpino di Feltre hanno attrezzato gli ancoraggi per calare le corde. Una volta assicurato A.M., che era illeso, \u00e8 stato issato per una trentina di metri utilizzando un paranco per superare la parete verticale e riaccompagnato alla macchina assieme agli amici.<\/p>\n<p>&nbsp;<\/p>\n<p>&nbsp;<\/p>\n<p>&nbsp;<\/p>\n<p>&nbsp;<\/p>\n<p>&nbsp;<\/p>","protected":false},"excerpt":{"rendered":"<p>FRANA A SELVA DI CADORE: MONITORAGGIO DEL SOCCORSO ALPINO Selva di Cadore (BL), 11-11-12\u00a0A seguito di una frana in localit\u00e0 Pescul, fermatasi una trentina di metri sopra un&#8217;abitazione, una famiglia \u00e8 stata evacuata e subito sono stati eseguiti i lavori di pulizia dal canale di bonifica interessato dal materiale. Il Soccorso alpino della Val Fiorentina, [&hellip;]<\/p>\n","protected":false},"author":2,"featured_media":0,"comment_status":"closed","ping_status":"open","sticky":false,"template":"","format":"standard","meta":{"footnotes":""},"categories":[5,26],"tags":[],"class_list":["post-43799","post","type-post","status-publish","format-standard","category-cronaca","category-prima-pagina"],"yoast_head":"<!-- This site is optimized with the Yoast SEO plugin v28.4 - https:\/\/yoast.com\/product\/yoast-seo-wordpress\/ -->\n<title>Dal Soccorso alpino: frana a Selva di Cadore e la cronaca del recupero nelle acque del Cismon - Bellunopress - Dolomiti<\/title>\n<meta name=\"robots\" content=\"index, follow, max-snippet:-1, max-image-preview:large, max-video-preview:-1\" \/>\n<link rel=\"canonical\" href=\"https:\/\/www.bellunopress.it\/fr\/2012\/11\/11\/dal-soccorso-alpino-frana-a-selva-di-cadore-e-la-cronaca-del-recupero-nelle-acque-del-cismon\/\" \/>\n<meta property=\"og:locale\" content=\"fr_FR\" \/>\n<meta property=\"og:type\" content=\"article\" \/>\n<meta property=\"og:title\" content=\"Dal Soccorso alpino: frana a Selva di Cadore e la cronaca del recupero nelle acque del Cismon - Bellunopress - Dolomiti\" \/>\n<meta property=\"og:description\" content=\"FRANA A SELVA DI CADORE: MONITORAGGIO DEL SOCCORSO ALPINO Selva di Cadore (BL), 11-11-12\u00a0A seguito di una frana in localit\u00e0 Pescul, fermatasi una trentina di metri sopra un&#8217;abitazione, una famiglia \u00e8 stata evacuata e subito sono stati eseguiti i lavori di pulizia dal canale di bonifica interessato dal materiale. Il Soccorso alpino della Val Fiorentina, [&hellip;]\" \/>\n<meta property=\"og:url\" content=\"https:\/\/www.bellunopress.it\/fr\/2012\/11\/11\/dal-soccorso-alpino-frana-a-selva-di-cadore-e-la-cronaca-del-recupero-nelle-acque-del-cismon\/\" \/>\n<meta property=\"og:site_name\" content=\"Bellunopress - Dolomiti\" \/>\n<meta property=\"article:publisher\" content=\"https:\/\/www.facebook.com\/profile.php?id=100008943462799\" \/>\n<meta property=\"article:published_time\" content=\"2012-11-11T20:44:21+00:00\" \/>\n<meta property=\"og:image\" content=\"http:\/\/www.bellunopress.it\/wp-content\/uploads\/2011\/03\/soccorso-alpino-cnsas.png\" \/>\n<meta name=\"author\" content=\"redazione\" \/>\n<meta name=\"twitter:card\" content=\"summary_large_image\" \/>\n<meta name=\"twitter:creator\" content=\"@bellunopress\" \/>\n<meta name=\"twitter:site\" content=\"@bellunopress\" \/>\n<meta name=\"twitter:label1\" content=\"\u00c9crit par\" \/>\n\t<meta name=\"twitter:data1\" content=\"redazione\" \/>\n\t<meta name=\"twitter:label2\" content=\"Dur\u00e9e de lecture estim\u00e9e\" \/>\n\t<meta name=\"twitter:data2\" content=\"1 minute\" \/>\n<script type=\"application\/ld+json\" class=\"yoast-schema-graph\">{\"@context\":\"https:\\\/\\\/schema.org\",\"@graph\":[{\"@type\":\"Article\",\"@id\":\"https:\\\/\\\/www.bellunopress.it\\\/2012\\\/11\\\/11\\\/dal-soccorso-alpino-frana-a-selva-di-cadore-e-la-cronaca-del-recupero-nelle-acque-del-cismon\\\/#article\",\"isPartOf\":{\"@id\":\"https:\\\/\\\/www.bellunopress.it\\\/2012\\\/11\\\/11\\\/dal-soccorso-alpino-frana-a-selva-di-cadore-e-la-cronaca-del-recupero-nelle-acque-del-cismon\\\/\"},\"author\":{\"name\":\"redazione\",\"@id\":\"https:\\\/\\\/www.bellunopress.it\\\/#\\\/schema\\\/person\\\/79bb06722b37ece1c03d3e94beb30d73\"},\"headline\":\"Dal Soccorso alpino: frana a Selva di Cadore e la cronaca del recupero nelle acque del Cismon\",\"datePublished\":\"2012-11-11T20:44:21+00:00\",\"mainEntityOfPage\":{\"@id\":\"https:\\\/\\\/www.bellunopress.it\\\/2012\\\/11\\\/11\\\/dal-soccorso-alpino-frana-a-selva-di-cadore-e-la-cronaca-del-recupero-nelle-acque-del-cismon\\\/\"},\"wordCount\":279,\"publisher\":{\"@id\":\"https:\\\/\\\/www.bellunopress.it\\\/#organization\"},\"image\":{\"@id\":\"https:\\\/\\\/www.bellunopress.it\\\/2012\\\/11\\\/11\\\/dal-soccorso-alpino-frana-a-selva-di-cadore-e-la-cronaca-del-recupero-nelle-acque-del-cismon\\\/#primaryimage\"},\"thumbnailUrl\":\"http:\\\/\\\/www.bellunopress.it\\\/wp-content\\\/uploads\\\/2011\\\/03\\\/soccorso-alpino-cnsas.png\",\"articleSection\":[\"Cronaca\\\/Politica\",\"Prima Pagina\"],\"inLanguage\":\"fr-FR\"},{\"@type\":\"WebPage\",\"@id\":\"https:\\\/\\\/www.bellunopress.it\\\/2012\\\/11\\\/11\\\/dal-soccorso-alpino-frana-a-selva-di-cadore-e-la-cronaca-del-recupero-nelle-acque-del-cismon\\\/\",\"url\":\"https:\\\/\\\/www.bellunopress.it\\\/2012\\\/11\\\/11\\\/dal-soccorso-alpino-frana-a-selva-di-cadore-e-la-cronaca-del-recupero-nelle-acque-del-cismon\\\/\",\"name\":\"Dal Soccorso alpino: frana a Selva di Cadore e la cronaca del recupero nelle acque del Cismon - Bellunopress - Dolomiti\",\"isPartOf\":{\"@id\":\"https:\\\/\\\/www.bellunopress.it\\\/#website\"},\"primaryImageOfPage\":{\"@id\":\"https:\\\/\\\/www.bellunopress.it\\\/2012\\\/11\\\/11\\\/dal-soccorso-alpino-frana-a-selva-di-cadore-e-la-cronaca-del-recupero-nelle-acque-del-cismon\\\/#primaryimage\"},\"image\":{\"@id\":\"https:\\\/\\\/www.bellunopress.it\\\/2012\\\/11\\\/11\\\/dal-soccorso-alpino-frana-a-selva-di-cadore-e-la-cronaca-del-recupero-nelle-acque-del-cismon\\\/#primaryimage\"},\"thumbnailUrl\":\"http:\\\/\\\/www.bellunopress.it\\\/wp-content\\\/uploads\\\/2011\\\/03\\\/soccorso-alpino-cnsas.png\",\"datePublished\":\"2012-11-11T20:44:21+00:00\",\"breadcrumb\":{\"@id\":\"https:\\\/\\\/www.bellunopress.it\\\/2012\\\/11\\\/11\\\/dal-soccorso-alpino-frana-a-selva-di-cadore-e-la-cronaca-del-recupero-nelle-acque-del-cismon\\\/#breadcrumb\"},\"inLanguage\":\"fr-FR\",\"potentialAction\":[{\"@type\":\"ReadAction\",\"target\":[\"https:\\\/\\\/www.bellunopress.it\\\/2012\\\/11\\\/11\\\/dal-soccorso-alpino-frana-a-selva-di-cadore-e-la-cronaca-del-recupero-nelle-acque-del-cismon\\\/\"]}]},{\"@type\":\"ImageObject\",\"inLanguage\":\"fr-FR\",\"@id\":\"https:\\\/\\\/www.bellunopress.it\\\/2012\\\/11\\\/11\\\/dal-soccorso-alpino-frana-a-selva-di-cadore-e-la-cronaca-del-recupero-nelle-acque-del-cismon\\\/#primaryimage\",\"url\":\"http:\\\/\\\/www.bellunopress.it\\\/wp-content\\\/uploads\\\/2011\\\/03\\\/soccorso-alpino-cnsas.png\",\"contentUrl\":\"http:\\\/\\\/www.bellunopress.it\\\/wp-content\\\/uploads\\\/2011\\\/03\\\/soccorso-alpino-cnsas.png\"},{\"@type\":\"BreadcrumbList\",\"@id\":\"https:\\\/\\\/www.bellunopress.it\\\/2012\\\/11\\\/11\\\/dal-soccorso-alpino-frana-a-selva-di-cadore-e-la-cronaca-del-recupero-nelle-acque-del-cismon\\\/#breadcrumb\",\"itemListElement\":[{\"@type\":\"ListItem\",\"position\":1,\"name\":\"Home\",\"item\":\"https:\\\/\\\/www.bellunopress.it\\\/\"},{\"@type\":\"ListItem\",\"position\":2,\"name\":\"Dal Soccorso alpino: frana a Selva di Cadore e la cronaca del recupero nelle acque del Cismon\"}]},{\"@type\":\"WebSite\",\"@id\":\"https:\\\/\\\/www.bellunopress.it\\\/#website\",\"url\":\"https:\\\/\\\/www.bellunopress.it\\\/\",\"name\":\"Bellunopress - Dolomiti\",\"description\":\"e-mail: redazione@bellunopress.it\",\"publisher\":{\"@id\":\"https:\\\/\\\/www.bellunopress.it\\\/#organization\"},\"potentialAction\":[{\"@type\":\"SearchAction\",\"target\":{\"@type\":\"EntryPoint\",\"urlTemplate\":\"https:\\\/\\\/www.bellunopress.it\\\/?s={search_term_string}\"},\"query-input\":{\"@type\":\"PropertyValueSpecification\",\"valueRequired\":true,\"valueName\":\"search_term_string\"}}],\"inLanguage\":\"fr-FR\"},{\"@type\":\"Organization\",\"@id\":\"https:\\\/\\\/www.bellunopress.it\\\/#organization\",\"name\":\"Bellunopress\",\"url\":\"https:\\\/\\\/www.bellunopress.it\\\/\",\"logo\":{\"@type\":\"ImageObject\",\"inLanguage\":\"fr-FR\",\"@id\":\"https:\\\/\\\/www.bellunopress.it\\\/#\\\/schema\\\/logo\\\/image\\\/\",\"url\":\"https:\\\/\\\/www.bellunopress.it\\\/wp-content\\\/uploads\\\/2011\\\/05\\\/cropped-logo-bellunopress-.jpg\",\"contentUrl\":\"https:\\\/\\\/www.bellunopress.it\\\/wp-content\\\/uploads\\\/2011\\\/05\\\/cropped-logo-bellunopress-.jpg\",\"width\":512,\"height\":512,\"caption\":\"Bellunopress\"},\"image\":{\"@id\":\"https:\\\/\\\/www.bellunopress.it\\\/#\\\/schema\\\/logo\\\/image\\\/\"},\"sameAs\":[\"https:\\\/\\\/www.facebook.com\\\/profile.php?id=100008943462799\",\"https:\\\/\\\/x.com\\\/bellunopress\",\"https:\\\/\\\/www.linkedin.com\\\/hp\\\/?dnr=JBzUWaJfMUw8vbXJJ2tVW5-I3jZKvC4wsoxE&amp;amp;amp;amp;amp;amp;trk=nav_responsive_tab_home\",\"https:\\\/\\\/www.youtube.com\\\/channel\\\/UCxL0wu1uN0_3_7hGG0306cw\"]},{\"@type\":\"Person\",\"@id\":\"https:\\\/\\\/www.bellunopress.it\\\/#\\\/schema\\\/person\\\/79bb06722b37ece1c03d3e94beb30d73\",\"name\":\"redazione\",\"image\":{\"@type\":\"ImageObject\",\"inLanguage\":\"fr-FR\",\"@id\":\"https:\\\/\\\/secure.gravatar.com\\\/avatar\\\/37d968a2e67a6fd04c169c4bdef102d0bc5d31b2546345219e348575eb80e9a0?s=96&d=mm&r=g\",\"url\":\"https:\\\/\\\/secure.gravatar.com\\\/avatar\\\/37d968a2e67a6fd04c169c4bdef102d0bc5d31b2546345219e348575eb80e9a0?s=96&d=mm&r=g\",\"contentUrl\":\"https:\\\/\\\/secure.gravatar.com\\\/avatar\\\/37d968a2e67a6fd04c169c4bdef102d0bc5d31b2546345219e348575eb80e9a0?s=96&d=mm&r=g\",\"caption\":\"redazione\"},\"sameAs\":[\"http:\\\/\\\/www.bellunopress.it\",\"https:\\\/\\\/x.com\\\/bellunopress\"],\"url\":\"https:\\\/\\\/www.bellunopress.it\\\/fr\\\/author\\\/redazione\\\/\"}]}<\/script>\n<!-- \/ Yoast SEO plugin. -->","yoast_head_json":{"title":"Dal Soccorso alpino: frana a Selva di Cadore e la cronaca del recupero nelle acque del Cismon - Bellunopress - Dolomiti","robots":{"index":"index","follow":"follow","max-snippet":"max-snippet:-1","max-image-preview":"max-image-preview:large","max-video-preview":"max-video-preview:-1"},"canonical":"https:\/\/www.bellunopress.it\/fr\/2012\/11\/11\/dal-soccorso-alpino-frana-a-selva-di-cadore-e-la-cronaca-del-recupero-nelle-acque-del-cismon\/","og_locale":"fr_FR","og_type":"article","og_title":"Dal Soccorso alpino: frana a Selva di Cadore e la cronaca del recupero nelle acque del Cismon - Bellunopress - Dolomiti","og_description":"FRANA A SELVA DI CADORE: MONITORAGGIO DEL SOCCORSO ALPINO Selva di Cadore (BL), 11-11-12\u00a0A seguito di una frana in localit\u00e0 Pescul, fermatasi una trentina di metri sopra un&#8217;abitazione, una famiglia \u00e8 stata evacuata e subito sono stati eseguiti i lavori di pulizia dal canale di bonifica interessato dal materiale. Il Soccorso alpino della Val Fiorentina, [&hellip;]","og_url":"https:\/\/www.bellunopress.it\/fr\/2012\/11\/11\/dal-soccorso-alpino-frana-a-selva-di-cadore-e-la-cronaca-del-recupero-nelle-acque-del-cismon\/","og_site_name":"Bellunopress - Dolomiti","article_publisher":"https:\/\/www.facebook.com\/profile.php?id=100008943462799","article_published_time":"2012-11-11T20:44:21+00:00","og_image":[{"url":"http:\/\/www.bellunopress.it\/wp-content\/uploads\/2011\/03\/soccorso-alpino-cnsas.png","type":"","width":"","height":""}],"author":"redazione","twitter_card":"summary_large_image","twitter_creator":"@bellunopress","twitter_site":"@bellunopress","twitter_misc":{"\u00c9crit par":"redazione","Dur\u00e9e de lecture estim\u00e9e":"1 minute"},"schema":{"@context":"https:\/\/schema.org","@graph":[{"@type":"Article","@id":"https:\/\/www.bellunopress.it\/2012\/11\/11\/dal-soccorso-alpino-frana-a-selva-di-cadore-e-la-cronaca-del-recupero-nelle-acque-del-cismon\/#article","isPartOf":{"@id":"https:\/\/www.bellunopress.it\/2012\/11\/11\/dal-soccorso-alpino-frana-a-selva-di-cadore-e-la-cronaca-del-recupero-nelle-acque-del-cismon\/"},"author":{"name":"redazione","@id":"https:\/\/www.bellunopress.it\/#\/schema\/person\/79bb06722b37ece1c03d3e94beb30d73"},"headline":"Dal Soccorso alpino: frana a Selva di Cadore e la cronaca del recupero nelle acque del Cismon","datePublished":"2012-11-11T20:44:21+00:00","mainEntityOfPage":{"@id":"https:\/\/www.bellunopress.it\/2012\/11\/11\/dal-soccorso-alpino-frana-a-selva-di-cadore-e-la-cronaca-del-recupero-nelle-acque-del-cismon\/"},"wordCount":279,"publisher":{"@id":"https:\/\/www.bellunopress.it\/#organization"},"image":{"@id":"https:\/\/www.bellunopress.it\/2012\/11\/11\/dal-soccorso-alpino-frana-a-selva-di-cadore-e-la-cronaca-del-recupero-nelle-acque-del-cismon\/#primaryimage"},"thumbnailUrl":"http:\/\/www.bellunopress.it\/wp-content\/uploads\/2011\/03\/soccorso-alpino-cnsas.png","articleSection":["Cronaca\/Politica","Prima Pagina"],"inLanguage":"fr-FR"},{"@type":"WebPage","@id":"https:\/\/www.bellunopress.it\/2012\/11\/11\/dal-soccorso-alpino-frana-a-selva-di-cadore-e-la-cronaca-del-recupero-nelle-acque-del-cismon\/","url":"https:\/\/www.bellunopress.it\/2012\/11\/11\/dal-soccorso-alpino-frana-a-selva-di-cadore-e-la-cronaca-del-recupero-nelle-acque-del-cismon\/","name":"Dal Soccorso alpino: frana a Selva di Cadore e la cronaca del recupero nelle acque del Cismon - Bellunopress - Dolomiti","isPartOf":{"@id":"https:\/\/www.bellunopress.it\/#website"},"primaryImageOfPage":{"@id":"https:\/\/www.bellunopress.it\/2012\/11\/11\/dal-soccorso-alpino-frana-a-selva-di-cadore-e-la-cronaca-del-recupero-nelle-acque-del-cismon\/#primaryimage"},"image":{"@id":"https:\/\/www.bellunopress.it\/2012\/11\/11\/dal-soccorso-alpino-frana-a-selva-di-cadore-e-la-cronaca-del-recupero-nelle-acque-del-cismon\/#primaryimage"},"thumbnailUrl":"http:\/\/www.bellunopress.it\/wp-content\/uploads\/2011\/03\/soccorso-alpino-cnsas.png","datePublished":"2012-11-11T20:44:21+00:00","breadcrumb":{"@id":"https:\/\/www.bellunopress.it\/2012\/11\/11\/dal-soccorso-alpino-frana-a-selva-di-cadore-e-la-cronaca-del-recupero-nelle-acque-del-cismon\/#breadcrumb"},"inLanguage":"fr-FR","potentialAction":[{"@type":"ReadAction","target":["https:\/\/www.bellunopress.it\/2012\/11\/11\/dal-soccorso-alpino-frana-a-selva-di-cadore-e-la-cronaca-del-recupero-nelle-acque-del-cismon\/"]}]},{"@type":"ImageObject","inLanguage":"fr-FR","@id":"https:\/\/www.bellunopress.it\/2012\/11\/11\/dal-soccorso-alpino-frana-a-selva-di-cadore-e-la-cronaca-del-recupero-nelle-acque-del-cismon\/#primaryimage","url":"http:\/\/www.bellunopress.it\/wp-content\/uploads\/2011\/03\/soccorso-alpino-cnsas.png","contentUrl":"http:\/\/www.bellunopress.it\/wp-content\/uploads\/2011\/03\/soccorso-alpino-cnsas.png"},{"@type":"BreadcrumbList","@id":"https:\/\/www.bellunopress.it\/2012\/11\/11\/dal-soccorso-alpino-frana-a-selva-di-cadore-e-la-cronaca-del-recupero-nelle-acque-del-cismon\/#breadcrumb","itemListElement":[{"@type":"ListItem","position":1,"name":"Home","item":"https:\/\/www.bellunopress.it\/"},{"@type":"ListItem","position":2,"name":"Dal Soccorso alpino: frana a Selva di Cadore e la cronaca del recupero nelle acque del Cismon"}]},{"@type":"WebSite","@id":"https:\/\/www.bellunopress.it\/#website","url":"https:\/\/www.bellunopress.it\/","name":"Bellunopress - Dolomiti","description":"e-mail: redazione@bellunopress.it","publisher":{"@id":"https:\/\/www.bellunopress.it\/#organization"},"potentialAction":[{"@type":"SearchAction","target":{"@type":"EntryPoint","urlTemplate":"https:\/\/www.bellunopress.it\/?s={search_term_string}"},"query-input":{"@type":"PropertyValueSpecification","valueRequired":true,"valueName":"search_term_string"}}],"inLanguage":"fr-FR"},{"@type":"Organization","@id":"https:\/\/www.bellunopress.it\/#organization","name":"Bellunopress","url":"https:\/\/www.bellunopress.it\/","logo":{"@type":"ImageObject","inLanguage":"fr-FR","@id":"https:\/\/www.bellunopress.it\/#\/schema\/logo\/image\/","url":"https:\/\/www.bellunopress.it\/wp-content\/uploads\/2011\/05\/cropped-logo-bellunopress-.jpg","contentUrl":"https:\/\/www.bellunopress.it\/wp-content\/uploads\/2011\/05\/cropped-logo-bellunopress-.jpg","width":512,"height":512,"caption":"Bellunopress"},"image":{"@id":"https:\/\/www.bellunopress.it\/#\/schema\/logo\/image\/"},"sameAs":["https:\/\/www.facebook.com\/profile.php?id=100008943462799","https:\/\/x.com\/bellunopress","https:\/\/www.linkedin.com\/hp\/?dnr=JBzUWaJfMUw8vbXJJ2tVW5-I3jZKvC4wsoxE&amp;amp;amp;amp;amp;amp;trk=nav_responsive_tab_home","https:\/\/www.youtube.com\/channel\/UCxL0wu1uN0_3_7hGG0306cw"]},{"@type":"Person","@id":"https:\/\/www.bellunopress.it\/#\/schema\/person\/79bb06722b37ece1c03d3e94beb30d73","name":"r\u00e9daction","image":{"@type":"ImageObject","inLanguage":"fr-FR","@id":"https:\/\/secure.gravatar.com\/avatar\/37d968a2e67a6fd04c169c4bdef102d0bc5d31b2546345219e348575eb80e9a0?s=96&d=mm&r=g","url":"https:\/\/secure.gravatar.com\/avatar\/37d968a2e67a6fd04c169c4bdef102d0bc5d31b2546345219e348575eb80e9a0?s=96&d=mm&r=g","contentUrl":"https:\/\/secure.gravatar.com\/avatar\/37d968a2e67a6fd04c169c4bdef102d0bc5d31b2546345219e348575eb80e9a0?s=96&d=mm&r=g","caption":"redazione"},"sameAs":["http:\/\/www.bellunopress.it","https:\/\/x.com\/bellunopress"],"url":"https:\/\/www.bellunopress.it\/fr\/author\/redazione\/"}]}},"_links":{"self":[{"href":"https:\/\/www.bellunopress.it\/fr\/wp-json\/wp\/v2\/posts\/43799","targetHints":{"allow":["GET"]}}],"collection":[{"href":"https:\/\/www.bellunopress.it\/fr\/wp-json\/wp\/v2\/posts"}],"about":[{"href":"https:\/\/www.bellunopress.it\/fr\/wp-json\/wp\/v2\/types\/post"}],"author":[{"embeddable":true,"href":"https:\/\/www.bellunopress.it\/fr\/wp-json\/wp\/v2\/users\/2"}],"replies":[{"embeddable":true,"href":"https:\/\/www.bellunopress.it\/fr\/wp-json\/wp\/v2\/comments?post=43799"}],"version-history":[{"count":1,"href":"https:\/\/www.bellunopress.it\/fr\/wp-json\/wp\/v2\/posts\/43799\/revisions"}],"predecessor-version":[{"id":43800,"href":"https:\/\/www.bellunopress.it\/fr\/wp-json\/wp\/v2\/posts\/43799\/revisions\/43800"}],"wp:attachment":[{"href":"https:\/\/www.bellunopress.it\/fr\/wp-json\/wp\/v2\/media?parent=43799"}],"wp:term":[{"taxonomy":"category","embeddable":true,"href":"https:\/\/www.bellunopress.it\/fr\/wp-json\/wp\/v2\/categories?post=43799"},{"taxonomy":"post_tag","embeddable":true,"href":"https:\/\/www.bellunopress.it\/fr\/wp-json\/wp\/v2\/tags?post=43799"}],"curies":[{"name":"wp","href":"https:\/\/api.w.org\/{rel}","templated":true}]}}