{"id":43793,"date":"2012-11-11T16:33:40","date_gmt":"2012-11-11T15:33:40","guid":{"rendered":"http:\/\/www.bellunopress.it\/?p=43793"},"modified":"2012-11-11T16:33:40","modified_gmt":"2012-11-11T15:33:40","slug":"la-commissione-regionale-da-il-via-libera-allampliamento-della-discarica-rifiuti-non-pericolosi-di-ansogne-a-perarolo-di-cadore","status":"publish","type":"post","link":"https:\/\/www.bellunopress.it\/fr\/2012\/11\/11\/la-commissione-regionale-da-il-via-libera-allampliamento-della-discarica-rifiuti-non-pericolosi-di-ansogne-a-perarolo-di-cadore\/","title":{"rendered":"La Commissione regionale d\u00e0 il via libera all&#8217;ampliamento della discarica rifiuti non pericolosi di Ansogne a Perarolo di Cadore"},"content":{"rendered":"<p>La \u201cCommissione VIA\u201d della Regione del Veneto ha approvato l\u2019ampliamento della discarica per rifiuti \u201cnon pericolosi\u201d attiva in localit\u00e0 \u201cAnsogne\u201d di Perarolo di Cadore, riconoscendo cos\u00ec l\u2019importanza dell\u2019attivit\u00e0 e del servizio che il Consorzio Cipa svolge sul territorio, a favore delle imprese e degli associati bellunesi.<\/p>\n<p>Al termine di un percorso istruttorio, avviato ancora nel 2010 per valutare l\u2019impatto ambientale dell\u2019iniziativa, la Commissione regionale competente ha accolto positivamente la proposta presentata dal Consorzio che, in tal modo, permetter\u00e0 di dare soluzione di continuit\u00e0 alle esigenze delle imprese bellunesi nel disporre di un sito adeguato e controllato per smaltire tutti quei rifiuti \u201cnon pericolosi\u201d derivanti dalle varie attivit\u00e0 produttive bellunesi e dalla selezione, finalizzata al recupero, dei rifiuti sviluppata nel ciclo produttivo delle stesse.<\/p>\n<p>\u00abQuesto riconoscimento unanime venuto dal Commissione regionale \u00e8 per noi fonte di grande soddisfazione, perch\u00e9 \u00e8 stata perfettamente riconosciuta e ribadita l\u2019azione che il Consorzio CIPA svolge dal 1989 a favore delle aziende bellunesi per garantire loro un servizio puntuale ed apprezzato, ed a costi assolutamente competitivi\u00bb, ha dichiarato il presidente Arone Roni.<\/p>\n<p>\u00abPer quanto riguarda la discarica di Perarolo, \u00e8 stato anche positivamente valutato l\u2019impegno sviluppato dal gestore \u2013 la ISE Srl, presieduta da Romano Mezzacasa \u2013 nella puntuale attivit\u00e0 quotidianamente svolta per assicurare sempre un\u2019azione rispettosa delle forti disposizioni normative esistenti, e che ringraziamo per la passione assieme anche ai collaboratori suoi e delle altre realt\u00e0 tecniche e professionali che condividono con noi questo impegno per assicurare un livello gestionale ed operativo molto significativo e competente. Cos\u00ec come vogliamo ringraziare gli Enti ed organismi di riferimento, ad iniziare dal Comune di Perarolo di Cadore, sempre molto propositivo ed attento, ma anche la Regione del Veneto, la Provincia di Belluno, l\u2019Arpav e gli altri soggetti interessati con i quali praticamente quotidiani sono i rapporti di confronto e la piena, reciproca e concreta collaborazione, sempre nel rispetto dei rispettivi ruoli e funzioni. L\u2019ampliamento approvato \u00e8 pari a circa 140.000 m3 e permetter\u00e0 una certa tranquillit\u00e0 operativa per molti anni al territorio bellunese ed alle sue realt\u00e0 produttive. Poi, alla conclusione dell\u2019attivit\u00e0 dell\u2019impianto, sar\u00e0 pienamente ripristinata e restituita alla piena fruibilit\u00e0 del territorio di Perarolo un\u2019area a suo tempo fortemente degradata ed inutilizzabile\u00bb, ha concluso Roni.<\/p>\n<figure id=\"attachment_22959\" aria-describedby=\"caption-attachment-22959\" style=\"width: 186px\" class=\"wp-caption alignleft\"><a href=\"http:\/\/www.bellunopress.it\/wp-content\/uploads\/2011\/01\/Gian-Domenico-Cappellaro.jpg\"><img loading=\"lazy\" decoding=\"async\" class=\"size-full wp-image-22959\" title=\"Gian Domenico Cappellaro\" src=\"http:\/\/www.bellunopress.it\/wp-content\/uploads\/2011\/01\/Gian-Domenico-Cappellaro.jpg\" alt=\"\" width=\"186\" height=\"280\" \/><\/a><figcaption id=\"caption-attachment-22959\" class=\"wp-caption-text\">Gian Domenico Cappellaro presidente Confindustria Belluno<\/figcaption><\/figure>\n<p>Il presidente di Confindustria Belluno Dolomiti, Gian Domenico Capellaro: \u00abvogliamo esprimere la grande soddisfazione ed apprezzamento del mondo industriale bellunese per questo ennesimo, positivo risultato conseguito dal Consorzio CIPA che, con questa decisione della \u201cCommissione VIA\u201d regionale, gli viene ulteriormente confermata la seriet\u00e0 operativa e gestionale assicurata alle nostre imprese in ambito ambientale, permettendo cos\u00ec alle nostre imprese di poter gestire lo smaltimento dei rifiuti prodotti a \u201ckm 0\u201d, cos\u00ec come impongono le direttive europee e le norme interne, riducendo cos\u00ec le varie forme di impatto ambientale. E non \u00e8, quindi, un caso che il CIPA sia stato accreditato da Confindustria nel qualificato e prestigioso progetto nazionale a favore della sostenibilit\u00e0 ambientale dell\u2019industria italiana, proprio perch\u00e9 l\u2019attivit\u00e0 svolta dal CIPA e condivisa da Confindustria Belluno Dolomiti, rappresenta davvero un esempio virtuoso in ambito nazionale\u00bb.<\/p>\n<p>Ora il parere della Commissione dovr\u00e0 passare alla ratifica della Giunta Regionale per la sua definitiva applicazione.<\/p>\n<p>&nbsp;<\/p>","protected":false},"excerpt":{"rendered":"<p>La \u201cCommissione VIA\u201d della Regione del Veneto ha approvato l\u2019ampliamento della discarica per rifiuti \u201cnon pericolosi\u201d attiva in localit\u00e0 \u201cAnsogne\u201d di Perarolo di Cadore, riconoscendo cos\u00ec l\u2019importanza dell\u2019attivit\u00e0 e del servizio che il Consorzio Cipa svolge sul territorio, a favore delle imprese e degli associati bellunesi. Al termine di un percorso istruttorio, avviato ancora nel [&hellip;]<\/p>\n","protected":false},"author":2,"featured_media":0,"comment_status":"closed","ping_status":"open","sticky":false,"template":"","format":"standard","meta":{"footnotes":""},"categories":[36,26],"tags":[],"class_list":["post-43793","post","type-post","status-publish","format-standard","category-lavoro-economia","category-prima-pagina"],"yoast_head":"<!-- This site is optimized with the Yoast SEO plugin v28.4 - https:\/\/yoast.com\/product\/yoast-seo-wordpress\/ -->\n<title>La Commissione regionale d\u00e0 il via libera all&#039;ampliamento della discarica rifiuti non pericolosi di Ansogne a Perarolo di Cadore  - Bellunopress - Dolomiti<\/title>\n<meta name=\"robots\" content=\"index, follow, max-snippet:-1, max-image-preview:large, max-video-preview:-1\" \/>\n<link rel=\"canonical\" href=\"https:\/\/www.bellunopress.it\/fr\/2012\/11\/11\/la-commissione-regionale-da-il-via-libera-allampliamento-della-discarica-rifiuti-non-pericolosi-di-ansogne-a-perarolo-di-cadore\/\" \/>\n<meta property=\"og:locale\" content=\"fr_FR\" \/>\n<meta property=\"og:type\" content=\"article\" \/>\n<meta property=\"og:title\" content=\"La Commissione regionale d\u00e0 il via libera all&#039;ampliamento della discarica rifiuti non pericolosi di Ansogne a Perarolo di Cadore  - Bellunopress - Dolomiti\" \/>\n<meta property=\"og:description\" content=\"La \u201cCommissione VIA\u201d della Regione del Veneto ha approvato l\u2019ampliamento della discarica per rifiuti \u201cnon pericolosi\u201d attiva in localit\u00e0 \u201cAnsogne\u201d di Perarolo di Cadore, riconoscendo cos\u00ec l\u2019importanza dell\u2019attivit\u00e0 e del servizio che il Consorzio Cipa svolge sul territorio, a favore delle imprese e degli associati bellunesi. Al termine di un percorso istruttorio, avviato ancora nel [&hellip;]\" \/>\n<meta property=\"og:url\" content=\"https:\/\/www.bellunopress.it\/fr\/2012\/11\/11\/la-commissione-regionale-da-il-via-libera-allampliamento-della-discarica-rifiuti-non-pericolosi-di-ansogne-a-perarolo-di-cadore\/\" \/>\n<meta property=\"og:site_name\" content=\"Bellunopress - Dolomiti\" \/>\n<meta property=\"article:publisher\" content=\"https:\/\/www.facebook.com\/profile.php?id=100008943462799\" \/>\n<meta property=\"article:published_time\" content=\"2012-11-11T15:33:40+00:00\" \/>\n<meta property=\"og:image\" content=\"http:\/\/www.bellunopress.it\/wp-content\/uploads\/2011\/01\/Gian-Domenico-Cappellaro.jpg\" \/>\n<meta name=\"author\" content=\"redazione\" \/>\n<meta name=\"twitter:card\" content=\"summary_large_image\" \/>\n<meta name=\"twitter:creator\" content=\"@bellunopress\" \/>\n<meta name=\"twitter:site\" content=\"@bellunopress\" \/>\n<meta name=\"twitter:label1\" content=\"\u00c9crit par\" \/>\n\t<meta name=\"twitter:data1\" content=\"redazione\" \/>\n\t<meta name=\"twitter:label2\" content=\"Dur\u00e9e de lecture estim\u00e9e\" \/>\n\t<meta name=\"twitter:data2\" content=\"3 minutes\" \/>\n<script type=\"application\/ld+json\" class=\"yoast-schema-graph\">{\"@context\":\"https:\\\/\\\/schema.org\",\"@graph\":[{\"@type\":\"Article\",\"@id\":\"https:\\\/\\\/www.bellunopress.it\\\/2012\\\/11\\\/11\\\/la-commissione-regionale-da-il-via-libera-allampliamento-della-discarica-rifiuti-non-pericolosi-di-ansogne-a-perarolo-di-cadore\\\/#article\",\"isPartOf\":{\"@id\":\"https:\\\/\\\/www.bellunopress.it\\\/2012\\\/11\\\/11\\\/la-commissione-regionale-da-il-via-libera-allampliamento-della-discarica-rifiuti-non-pericolosi-di-ansogne-a-perarolo-di-cadore\\\/\"},\"author\":{\"name\":\"redazione\",\"@id\":\"https:\\\/\\\/www.bellunopress.it\\\/#\\\/schema\\\/person\\\/79bb06722b37ece1c03d3e94beb30d73\"},\"headline\":\"La Commissione regionale d\u00e0 il via libera all&#8217;ampliamento della discarica rifiuti non pericolosi di Ansogne a Perarolo di Cadore\",\"datePublished\":\"2012-11-11T15:33:40+00:00\",\"mainEntityOfPage\":{\"@id\":\"https:\\\/\\\/www.bellunopress.it\\\/2012\\\/11\\\/11\\\/la-commissione-regionale-da-il-via-libera-allampliamento-della-discarica-rifiuti-non-pericolosi-di-ansogne-a-perarolo-di-cadore\\\/\"},\"wordCount\":557,\"publisher\":{\"@id\":\"https:\\\/\\\/www.bellunopress.it\\\/#organization\"},\"image\":{\"@id\":\"https:\\\/\\\/www.bellunopress.it\\\/2012\\\/11\\\/11\\\/la-commissione-regionale-da-il-via-libera-allampliamento-della-discarica-rifiuti-non-pericolosi-di-ansogne-a-perarolo-di-cadore\\\/#primaryimage\"},\"thumbnailUrl\":\"http:\\\/\\\/www.bellunopress.it\\\/wp-content\\\/uploads\\\/2011\\\/01\\\/Gian-Domenico-Cappellaro.jpg\",\"articleSection\":[\"Lavoro, Economia, Turismo\",\"Prima Pagina\"],\"inLanguage\":\"fr-FR\"},{\"@type\":\"WebPage\",\"@id\":\"https:\\\/\\\/www.bellunopress.it\\\/2012\\\/11\\\/11\\\/la-commissione-regionale-da-il-via-libera-allampliamento-della-discarica-rifiuti-non-pericolosi-di-ansogne-a-perarolo-di-cadore\\\/\",\"url\":\"https:\\\/\\\/www.bellunopress.it\\\/2012\\\/11\\\/11\\\/la-commissione-regionale-da-il-via-libera-allampliamento-della-discarica-rifiuti-non-pericolosi-di-ansogne-a-perarolo-di-cadore\\\/\",\"name\":\"La Commissione regionale d\u00e0 il via libera all'ampliamento della discarica rifiuti non pericolosi di Ansogne a Perarolo di Cadore - Bellunopress - Dolomiti\",\"isPartOf\":{\"@id\":\"https:\\\/\\\/www.bellunopress.it\\\/#website\"},\"primaryImageOfPage\":{\"@id\":\"https:\\\/\\\/www.bellunopress.it\\\/2012\\\/11\\\/11\\\/la-commissione-regionale-da-il-via-libera-allampliamento-della-discarica-rifiuti-non-pericolosi-di-ansogne-a-perarolo-di-cadore\\\/#primaryimage\"},\"image\":{\"@id\":\"https:\\\/\\\/www.bellunopress.it\\\/2012\\\/11\\\/11\\\/la-commissione-regionale-da-il-via-libera-allampliamento-della-discarica-rifiuti-non-pericolosi-di-ansogne-a-perarolo-di-cadore\\\/#primaryimage\"},\"thumbnailUrl\":\"http:\\\/\\\/www.bellunopress.it\\\/wp-content\\\/uploads\\\/2011\\\/01\\\/Gian-Domenico-Cappellaro.jpg\",\"datePublished\":\"2012-11-11T15:33:40+00:00\",\"breadcrumb\":{\"@id\":\"https:\\\/\\\/www.bellunopress.it\\\/2012\\\/11\\\/11\\\/la-commissione-regionale-da-il-via-libera-allampliamento-della-discarica-rifiuti-non-pericolosi-di-ansogne-a-perarolo-di-cadore\\\/#breadcrumb\"},\"inLanguage\":\"fr-FR\",\"potentialAction\":[{\"@type\":\"ReadAction\",\"target\":[\"https:\\\/\\\/www.bellunopress.it\\\/2012\\\/11\\\/11\\\/la-commissione-regionale-da-il-via-libera-allampliamento-della-discarica-rifiuti-non-pericolosi-di-ansogne-a-perarolo-di-cadore\\\/\"]}]},{\"@type\":\"ImageObject\",\"inLanguage\":\"fr-FR\",\"@id\":\"https:\\\/\\\/www.bellunopress.it\\\/2012\\\/11\\\/11\\\/la-commissione-regionale-da-il-via-libera-allampliamento-della-discarica-rifiuti-non-pericolosi-di-ansogne-a-perarolo-di-cadore\\\/#primaryimage\",\"url\":\"http:\\\/\\\/www.bellunopress.it\\\/wp-content\\\/uploads\\\/2011\\\/01\\\/Gian-Domenico-Cappellaro.jpg\",\"contentUrl\":\"http:\\\/\\\/www.bellunopress.it\\\/wp-content\\\/uploads\\\/2011\\\/01\\\/Gian-Domenico-Cappellaro.jpg\"},{\"@type\":\"BreadcrumbList\",\"@id\":\"https:\\\/\\\/www.bellunopress.it\\\/2012\\\/11\\\/11\\\/la-commissione-regionale-da-il-via-libera-allampliamento-della-discarica-rifiuti-non-pericolosi-di-ansogne-a-perarolo-di-cadore\\\/#breadcrumb\",\"itemListElement\":[{\"@type\":\"ListItem\",\"position\":1,\"name\":\"Home\",\"item\":\"https:\\\/\\\/www.bellunopress.it\\\/\"},{\"@type\":\"ListItem\",\"position\":2,\"name\":\"La Commissione regionale d\u00e0 il via libera all&#8217;ampliamento della discarica rifiuti non pericolosi di Ansogne a Perarolo di Cadore\"}]},{\"@type\":\"WebSite\",\"@id\":\"https:\\\/\\\/www.bellunopress.it\\\/#website\",\"url\":\"https:\\\/\\\/www.bellunopress.it\\\/\",\"name\":\"Bellunopress - Dolomiti\",\"description\":\"e-mail: redazione@bellunopress.it\",\"publisher\":{\"@id\":\"https:\\\/\\\/www.bellunopress.it\\\/#organization\"},\"potentialAction\":[{\"@type\":\"SearchAction\",\"target\":{\"@type\":\"EntryPoint\",\"urlTemplate\":\"https:\\\/\\\/www.bellunopress.it\\\/?s={search_term_string}\"},\"query-input\":{\"@type\":\"PropertyValueSpecification\",\"valueRequired\":true,\"valueName\":\"search_term_string\"}}],\"inLanguage\":\"fr-FR\"},{\"@type\":\"Organization\",\"@id\":\"https:\\\/\\\/www.bellunopress.it\\\/#organization\",\"name\":\"Bellunopress\",\"url\":\"https:\\\/\\\/www.bellunopress.it\\\/\",\"logo\":{\"@type\":\"ImageObject\",\"inLanguage\":\"fr-FR\",\"@id\":\"https:\\\/\\\/www.bellunopress.it\\\/#\\\/schema\\\/logo\\\/image\\\/\",\"url\":\"https:\\\/\\\/www.bellunopress.it\\\/wp-content\\\/uploads\\\/2011\\\/05\\\/cropped-logo-bellunopress-.jpg\",\"contentUrl\":\"https:\\\/\\\/www.bellunopress.it\\\/wp-content\\\/uploads\\\/2011\\\/05\\\/cropped-logo-bellunopress-.jpg\",\"width\":512,\"height\":512,\"caption\":\"Bellunopress\"},\"image\":{\"@id\":\"https:\\\/\\\/www.bellunopress.it\\\/#\\\/schema\\\/logo\\\/image\\\/\"},\"sameAs\":[\"https:\\\/\\\/www.facebook.com\\\/profile.php?id=100008943462799\",\"https:\\\/\\\/x.com\\\/bellunopress\",\"https:\\\/\\\/www.linkedin.com\\\/hp\\\/?dnr=JBzUWaJfMUw8vbXJJ2tVW5-I3jZKvC4wsoxE&amp;amp;amp;amp;amp;amp;trk=nav_responsive_tab_home\",\"https:\\\/\\\/www.youtube.com\\\/channel\\\/UCxL0wu1uN0_3_7hGG0306cw\"]},{\"@type\":\"Person\",\"@id\":\"https:\\\/\\\/www.bellunopress.it\\\/#\\\/schema\\\/person\\\/79bb06722b37ece1c03d3e94beb30d73\",\"name\":\"redazione\",\"image\":{\"@type\":\"ImageObject\",\"inLanguage\":\"fr-FR\",\"@id\":\"https:\\\/\\\/secure.gravatar.com\\\/avatar\\\/37d968a2e67a6fd04c169c4bdef102d0bc5d31b2546345219e348575eb80e9a0?s=96&d=mm&r=g\",\"url\":\"https:\\\/\\\/secure.gravatar.com\\\/avatar\\\/37d968a2e67a6fd04c169c4bdef102d0bc5d31b2546345219e348575eb80e9a0?s=96&d=mm&r=g\",\"contentUrl\":\"https:\\\/\\\/secure.gravatar.com\\\/avatar\\\/37d968a2e67a6fd04c169c4bdef102d0bc5d31b2546345219e348575eb80e9a0?s=96&d=mm&r=g\",\"caption\":\"redazione\"},\"sameAs\":[\"http:\\\/\\\/www.bellunopress.it\",\"https:\\\/\\\/x.com\\\/bellunopress\"],\"url\":\"https:\\\/\\\/www.bellunopress.it\\\/fr\\\/author\\\/redazione\\\/\"}]}<\/script>\n<!-- \/ Yoast SEO plugin. -->","yoast_head_json":{"title":"La Commissione regionale d\u00e0 il via libera all'ampliamento della discarica rifiuti non pericolosi di Ansogne a Perarolo di Cadore  - Bellunopress - Dolomiti","robots":{"index":"index","follow":"follow","max-snippet":"max-snippet:-1","max-image-preview":"max-image-preview:large","max-video-preview":"max-video-preview:-1"},"canonical":"https:\/\/www.bellunopress.it\/fr\/2012\/11\/11\/la-commissione-regionale-da-il-via-libera-allampliamento-della-discarica-rifiuti-non-pericolosi-di-ansogne-a-perarolo-di-cadore\/","og_locale":"fr_FR","og_type":"article","og_title":"La Commissione regionale d\u00e0 il via libera all'ampliamento della discarica rifiuti non pericolosi di Ansogne a Perarolo di Cadore  - Bellunopress - Dolomiti","og_description":"La \u201cCommissione VIA\u201d della Regione del Veneto ha approvato l\u2019ampliamento della discarica per rifiuti \u201cnon pericolosi\u201d attiva in localit\u00e0 \u201cAnsogne\u201d di Perarolo di Cadore, riconoscendo cos\u00ec l\u2019importanza dell\u2019attivit\u00e0 e del servizio che il Consorzio Cipa svolge sul territorio, a favore delle imprese e degli associati bellunesi. Al termine di un percorso istruttorio, avviato ancora nel [&hellip;]","og_url":"https:\/\/www.bellunopress.it\/fr\/2012\/11\/11\/la-commissione-regionale-da-il-via-libera-allampliamento-della-discarica-rifiuti-non-pericolosi-di-ansogne-a-perarolo-di-cadore\/","og_site_name":"Bellunopress - Dolomiti","article_publisher":"https:\/\/www.facebook.com\/profile.php?id=100008943462799","article_published_time":"2012-11-11T15:33:40+00:00","og_image":[{"url":"http:\/\/www.bellunopress.it\/wp-content\/uploads\/2011\/01\/Gian-Domenico-Cappellaro.jpg","type":"","width":"","height":""}],"author":"redazione","twitter_card":"summary_large_image","twitter_creator":"@bellunopress","twitter_site":"@bellunopress","twitter_misc":{"\u00c9crit par":"redazione","Dur\u00e9e de lecture estim\u00e9e":"3 minutes"},"schema":{"@context":"https:\/\/schema.org","@graph":[{"@type":"Article","@id":"https:\/\/www.bellunopress.it\/2012\/11\/11\/la-commissione-regionale-da-il-via-libera-allampliamento-della-discarica-rifiuti-non-pericolosi-di-ansogne-a-perarolo-di-cadore\/#article","isPartOf":{"@id":"https:\/\/www.bellunopress.it\/2012\/11\/11\/la-commissione-regionale-da-il-via-libera-allampliamento-della-discarica-rifiuti-non-pericolosi-di-ansogne-a-perarolo-di-cadore\/"},"author":{"name":"redazione","@id":"https:\/\/www.bellunopress.it\/#\/schema\/person\/79bb06722b37ece1c03d3e94beb30d73"},"headline":"La Commissione regionale d\u00e0 il via libera all&#8217;ampliamento della discarica rifiuti non pericolosi di Ansogne a Perarolo di Cadore","datePublished":"2012-11-11T15:33:40+00:00","mainEntityOfPage":{"@id":"https:\/\/www.bellunopress.it\/2012\/11\/11\/la-commissione-regionale-da-il-via-libera-allampliamento-della-discarica-rifiuti-non-pericolosi-di-ansogne-a-perarolo-di-cadore\/"},"wordCount":557,"publisher":{"@id":"https:\/\/www.bellunopress.it\/#organization"},"image":{"@id":"https:\/\/www.bellunopress.it\/2012\/11\/11\/la-commissione-regionale-da-il-via-libera-allampliamento-della-discarica-rifiuti-non-pericolosi-di-ansogne-a-perarolo-di-cadore\/#primaryimage"},"thumbnailUrl":"http:\/\/www.bellunopress.it\/wp-content\/uploads\/2011\/01\/Gian-Domenico-Cappellaro.jpg","articleSection":["Lavoro, Economia, Turismo","Prima Pagina"],"inLanguage":"fr-FR"},{"@type":"WebPage","@id":"https:\/\/www.bellunopress.it\/2012\/11\/11\/la-commissione-regionale-da-il-via-libera-allampliamento-della-discarica-rifiuti-non-pericolosi-di-ansogne-a-perarolo-di-cadore\/","url":"https:\/\/www.bellunopress.it\/2012\/11\/11\/la-commissione-regionale-da-il-via-libera-allampliamento-della-discarica-rifiuti-non-pericolosi-di-ansogne-a-perarolo-di-cadore\/","name":"La Commissione regionale d\u00e0 il via libera all'ampliamento della discarica rifiuti non pericolosi di Ansogne a Perarolo di Cadore - Bellunopress - Dolomiti","isPartOf":{"@id":"https:\/\/www.bellunopress.it\/#website"},"primaryImageOfPage":{"@id":"https:\/\/www.bellunopress.it\/2012\/11\/11\/la-commissione-regionale-da-il-via-libera-allampliamento-della-discarica-rifiuti-non-pericolosi-di-ansogne-a-perarolo-di-cadore\/#primaryimage"},"image":{"@id":"https:\/\/www.bellunopress.it\/2012\/11\/11\/la-commissione-regionale-da-il-via-libera-allampliamento-della-discarica-rifiuti-non-pericolosi-di-ansogne-a-perarolo-di-cadore\/#primaryimage"},"thumbnailUrl":"http:\/\/www.bellunopress.it\/wp-content\/uploads\/2011\/01\/Gian-Domenico-Cappellaro.jpg","datePublished":"2012-11-11T15:33:40+00:00","breadcrumb":{"@id":"https:\/\/www.bellunopress.it\/2012\/11\/11\/la-commissione-regionale-da-il-via-libera-allampliamento-della-discarica-rifiuti-non-pericolosi-di-ansogne-a-perarolo-di-cadore\/#breadcrumb"},"inLanguage":"fr-FR","potentialAction":[{"@type":"ReadAction","target":["https:\/\/www.bellunopress.it\/2012\/11\/11\/la-commissione-regionale-da-il-via-libera-allampliamento-della-discarica-rifiuti-non-pericolosi-di-ansogne-a-perarolo-di-cadore\/"]}]},{"@type":"ImageObject","inLanguage":"fr-FR","@id":"https:\/\/www.bellunopress.it\/2012\/11\/11\/la-commissione-regionale-da-il-via-libera-allampliamento-della-discarica-rifiuti-non-pericolosi-di-ansogne-a-perarolo-di-cadore\/#primaryimage","url":"http:\/\/www.bellunopress.it\/wp-content\/uploads\/2011\/01\/Gian-Domenico-Cappellaro.jpg","contentUrl":"http:\/\/www.bellunopress.it\/wp-content\/uploads\/2011\/01\/Gian-Domenico-Cappellaro.jpg"},{"@type":"BreadcrumbList","@id":"https:\/\/www.bellunopress.it\/2012\/11\/11\/la-commissione-regionale-da-il-via-libera-allampliamento-della-discarica-rifiuti-non-pericolosi-di-ansogne-a-perarolo-di-cadore\/#breadcrumb","itemListElement":[{"@type":"ListItem","position":1,"name":"Home","item":"https:\/\/www.bellunopress.it\/"},{"@type":"ListItem","position":2,"name":"La Commissione regionale d\u00e0 il via libera all&#8217;ampliamento della discarica rifiuti non pericolosi di Ansogne a Perarolo di Cadore"}]},{"@type":"WebSite","@id":"https:\/\/www.bellunopress.it\/#website","url":"https:\/\/www.bellunopress.it\/","name":"Bellunopress - Dolomiti","description":"e-mail: redazione@bellunopress.it","publisher":{"@id":"https:\/\/www.bellunopress.it\/#organization"},"potentialAction":[{"@type":"SearchAction","target":{"@type":"EntryPoint","urlTemplate":"https:\/\/www.bellunopress.it\/?s={search_term_string}"},"query-input":{"@type":"PropertyValueSpecification","valueRequired":true,"valueName":"search_term_string"}}],"inLanguage":"fr-FR"},{"@type":"Organization","@id":"https:\/\/www.bellunopress.it\/#organization","name":"Bellunopress","url":"https:\/\/www.bellunopress.it\/","logo":{"@type":"ImageObject","inLanguage":"fr-FR","@id":"https:\/\/www.bellunopress.it\/#\/schema\/logo\/image\/","url":"https:\/\/www.bellunopress.it\/wp-content\/uploads\/2011\/05\/cropped-logo-bellunopress-.jpg","contentUrl":"https:\/\/www.bellunopress.it\/wp-content\/uploads\/2011\/05\/cropped-logo-bellunopress-.jpg","width":512,"height":512,"caption":"Bellunopress"},"image":{"@id":"https:\/\/www.bellunopress.it\/#\/schema\/logo\/image\/"},"sameAs":["https:\/\/www.facebook.com\/profile.php?id=100008943462799","https:\/\/x.com\/bellunopress","https:\/\/www.linkedin.com\/hp\/?dnr=JBzUWaJfMUw8vbXJJ2tVW5-I3jZKvC4wsoxE&amp;amp;amp;amp;amp;amp;trk=nav_responsive_tab_home","https:\/\/www.youtube.com\/channel\/UCxL0wu1uN0_3_7hGG0306cw"]},{"@type":"Person","@id":"https:\/\/www.bellunopress.it\/#\/schema\/person\/79bb06722b37ece1c03d3e94beb30d73","name":"r\u00e9daction","image":{"@type":"ImageObject","inLanguage":"fr-FR","@id":"https:\/\/secure.gravatar.com\/avatar\/37d968a2e67a6fd04c169c4bdef102d0bc5d31b2546345219e348575eb80e9a0?s=96&d=mm&r=g","url":"https:\/\/secure.gravatar.com\/avatar\/37d968a2e67a6fd04c169c4bdef102d0bc5d31b2546345219e348575eb80e9a0?s=96&d=mm&r=g","contentUrl":"https:\/\/secure.gravatar.com\/avatar\/37d968a2e67a6fd04c169c4bdef102d0bc5d31b2546345219e348575eb80e9a0?s=96&d=mm&r=g","caption":"redazione"},"sameAs":["http:\/\/www.bellunopress.it","https:\/\/x.com\/bellunopress"],"url":"https:\/\/www.bellunopress.it\/fr\/author\/redazione\/"}]}},"_links":{"self":[{"href":"https:\/\/www.bellunopress.it\/fr\/wp-json\/wp\/v2\/posts\/43793","targetHints":{"allow":["GET"]}}],"collection":[{"href":"https:\/\/www.bellunopress.it\/fr\/wp-json\/wp\/v2\/posts"}],"about":[{"href":"https:\/\/www.bellunopress.it\/fr\/wp-json\/wp\/v2\/types\/post"}],"author":[{"embeddable":true,"href":"https:\/\/www.bellunopress.it\/fr\/wp-json\/wp\/v2\/users\/2"}],"replies":[{"embeddable":true,"href":"https:\/\/www.bellunopress.it\/fr\/wp-json\/wp\/v2\/comments?post=43793"}],"version-history":[{"count":1,"href":"https:\/\/www.bellunopress.it\/fr\/wp-json\/wp\/v2\/posts\/43793\/revisions"}],"predecessor-version":[{"id":43794,"href":"https:\/\/www.bellunopress.it\/fr\/wp-json\/wp\/v2\/posts\/43793\/revisions\/43794"}],"wp:attachment":[{"href":"https:\/\/www.bellunopress.it\/fr\/wp-json\/wp\/v2\/media?parent=43793"}],"wp:term":[{"taxonomy":"category","embeddable":true,"href":"https:\/\/www.bellunopress.it\/fr\/wp-json\/wp\/v2\/categories?post=43793"},{"taxonomy":"post_tag","embeddable":true,"href":"https:\/\/www.bellunopress.it\/fr\/wp-json\/wp\/v2\/tags?post=43793"}],"curies":[{"name":"wp","href":"https:\/\/api.w.org\/{rel}","templated":true}]}}