{"id":43784,"date":"2012-11-11T12:22:14","date_gmt":"2012-11-11T11:22:14","guid":{"rendered":"http:\/\/www.bellunopress.it\/?p=43784"},"modified":"2012-11-11T12:24:04","modified_gmt":"2012-11-11T11:24:04","slug":"domenica-25-novembre-a-vittorio-veneto-il-blues-di-bob-margolin","status":"publish","type":"post","link":"https:\/\/www.bellunopress.it\/fr\/2012\/11\/11\/domenica-25-novembre-a-vittorio-veneto-il-blues-di-bob-margolin\/","title":{"rendered":"Gioved\u00ec 29 novembre a Vittorio Veneto il blues di Bob Margolin"},"content":{"rendered":"<p>Arriva a Vittorio Veneto al Teatro Da Ponte una delle vere leggende del blues mondiale, Bob Margolin, chitarrista del mitico Muddy Waters, artista premiatissimo, vera istituzione del blues bianco. Dal 1973 al 1980 Bob Margolin \u00e8 stato al fianco di Muddy, imparando direttamente da lui i segreti del blues pi\u00f9 profondo. Insieme i due hanno prodotto album divenuti storici ed importantissimi per generazioni di musicisti. La carriera a fianco di Muddy Waters \u00e8 culminata nella partecipazione al film &#8220;The Last Waltz&#8221; di Martin Scorsese nel 1976, e negli ultimi anni Bob Margolin si \u00e8 distinto per un&#8217;intensa attivit\u00e0 artistica solista che lo ha visto al fianco di icone della musica mondiale, come Bob Dylan, Eric Clapton, Allman Brothers e Rolling Stones e ad artisti blues ormai leggendari quali Pinetop Perkins e Hubert Sumlin. Nel 2011 \u00e8 iniziata una nuova collaborazione tra Bob Margolin e il bluesman italiano Mike Sponza: i due hanno dato vita ad un fortunatissimo sodalizio artistico che nel giro di un anno si \u00e8 concretizzato in 3 tour europei,con concerti &#8220;sold out&#8221; in Francia, Germania, Olanda, Belgio, Danimarca, Ungheria, Slovenia, Serbia, Croazia e Austria. Un successo ampiamente testimoniato da una copiosa rassegna stampa, tanto \u00e8 vero, che Bob ha deciso, pressoch\u00e8 su due piedi, di incidere assieme alla Mike Sponza Band &#8211; una band italiana! &#8211; l&#8217;album &#8220;Blues around the world&#8221;, pubblicato negli Stati Uniti dall&#8217;etichetta Vizztone Record, uscito a marzo 2012. Album che i magazine americani di settore, hanno recensito come &#8220;the strongest album&#8221; della carriera da solista di Margolin. Che nel giro di poche settimane, si era gi\u00e0 saldamente posizionato al 15mo posto nelle classifiche blues statunitensi. Unica data italiana il 29 novembre 2012 al Teatro Da Ponte a Vittorio Veneto alle ore 21.00. Ingresso 10 euro<\/p>","protected":false},"excerpt":{"rendered":"<p>Arriva a Vittorio Veneto al Teatro Da Ponte una delle vere leggende del blues mondiale, Bob Margolin, chitarrista del mitico Muddy Waters, artista premiatissimo, vera istituzione del blues bianco. Dal 1973 al 1980 Bob Margolin \u00e8 stato al fianco di Muddy, imparando direttamente da lui i segreti del blues pi\u00f9 profondo. Insieme i due hanno [&hellip;]<\/p>\n","protected":false},"author":2,"featured_media":0,"comment_status":"closed","ping_status":"open","sticky":false,"template":"","format":"standard","meta":{"footnotes":""},"categories":[27,3,25],"tags":[],"class_list":["post-43784","post","type-post","status-publish","format-standard","category-appuntamenti","category-arte-cultura-spettacoli-scienza-archivi","category-pausa-caffe"],"yoast_head":"<!-- This site is optimized with the Yoast SEO plugin v28.4 - https:\/\/yoast.com\/product\/yoast-seo-wordpress\/ -->\n<title>Gioved\u00ec 29 novembre a Vittorio Veneto il blues di Bob Margolin - Bellunopress - Dolomiti<\/title>\n<meta name=\"robots\" content=\"index, follow, max-snippet:-1, max-image-preview:large, max-video-preview:-1\" \/>\n<link rel=\"canonical\" href=\"https:\/\/www.bellunopress.it\/fr\/2012\/11\/11\/domenica-25-novembre-a-vittorio-veneto-il-blues-di-bob-margolin\/\" \/>\n<meta property=\"og:locale\" content=\"fr_FR\" \/>\n<meta property=\"og:type\" content=\"article\" \/>\n<meta property=\"og:title\" content=\"Gioved\u00ec 29 novembre a Vittorio Veneto il blues di Bob Margolin - Bellunopress - Dolomiti\" \/>\n<meta property=\"og:description\" content=\"Arriva a Vittorio Veneto al Teatro Da Ponte una delle vere leggende del blues mondiale, Bob Margolin, chitarrista del mitico Muddy Waters, artista premiatissimo, vera istituzione del blues bianco. Dal 1973 al 1980 Bob Margolin \u00e8 stato al fianco di Muddy, imparando direttamente da lui i segreti del blues pi\u00f9 profondo. Insieme i due hanno [&hellip;]\" \/>\n<meta property=\"og:url\" content=\"https:\/\/www.bellunopress.it\/fr\/2012\/11\/11\/domenica-25-novembre-a-vittorio-veneto-il-blues-di-bob-margolin\/\" \/>\n<meta property=\"og:site_name\" content=\"Bellunopress - Dolomiti\" \/>\n<meta property=\"article:publisher\" content=\"https:\/\/www.facebook.com\/profile.php?id=100008943462799\" \/>\n<meta property=\"article:published_time\" content=\"2012-11-11T11:22:14+00:00\" \/>\n<meta property=\"article:modified_time\" content=\"2012-11-11T11:24:04+00:00\" \/>\n<meta property=\"og:image\" content=\"http:\/\/www.bellunopress.it\/wp-content\/uploads\/2012\/07\/logo-bellunopress-250x250-2012.jpg\" \/>\n<meta name=\"author\" content=\"redazione\" \/>\n<meta name=\"twitter:card\" content=\"summary_large_image\" \/>\n<meta name=\"twitter:creator\" content=\"@bellunopress\" \/>\n<meta name=\"twitter:site\" content=\"@bellunopress\" \/>\n<meta name=\"twitter:label1\" content=\"\u00c9crit par\" \/>\n\t<meta name=\"twitter:data1\" content=\"redazione\" \/>\n\t<meta name=\"twitter:label2\" content=\"Dur\u00e9e de lecture estim\u00e9e\" \/>\n\t<meta name=\"twitter:data2\" content=\"1 minute\" \/>\n<script type=\"application\/ld+json\" class=\"yoast-schema-graph\">{\"@context\":\"https:\\\/\\\/schema.org\",\"@graph\":[{\"@type\":\"Article\",\"@id\":\"https:\\\/\\\/www.bellunopress.it\\\/2012\\\/11\\\/11\\\/domenica-25-novembre-a-vittorio-veneto-il-blues-di-bob-margolin\\\/#article\",\"isPartOf\":{\"@id\":\"https:\\\/\\\/www.bellunopress.it\\\/2012\\\/11\\\/11\\\/domenica-25-novembre-a-vittorio-veneto-il-blues-di-bob-margolin\\\/\"},\"author\":{\"name\":\"redazione\",\"@id\":\"https:\\\/\\\/www.bellunopress.it\\\/#\\\/schema\\\/person\\\/79bb06722b37ece1c03d3e94beb30d73\"},\"headline\":\"Gioved\u00ec 29 novembre a Vittorio Veneto il blues di Bob Margolin\",\"datePublished\":\"2012-11-11T11:22:14+00:00\",\"dateModified\":\"2012-11-11T11:24:04+00:00\",\"mainEntityOfPage\":{\"@id\":\"https:\\\/\\\/www.bellunopress.it\\\/2012\\\/11\\\/11\\\/domenica-25-novembre-a-vittorio-veneto-il-blues-di-bob-margolin\\\/\"},\"wordCount\":290,\"publisher\":{\"@id\":\"https:\\\/\\\/www.bellunopress.it\\\/#organization\"},\"articleSection\":[\"Appuntamenti, Eventi\",\"Arte, Cultura, Spettacoli, Scienza\",\"Pausa Caff\u00e8\"],\"inLanguage\":\"fr-FR\"},{\"@type\":\"WebPage\",\"@id\":\"https:\\\/\\\/www.bellunopress.it\\\/2012\\\/11\\\/11\\\/domenica-25-novembre-a-vittorio-veneto-il-blues-di-bob-margolin\\\/\",\"url\":\"https:\\\/\\\/www.bellunopress.it\\\/2012\\\/11\\\/11\\\/domenica-25-novembre-a-vittorio-veneto-il-blues-di-bob-margolin\\\/\",\"name\":\"Gioved\u00ec 29 novembre a Vittorio Veneto il blues di Bob Margolin - Bellunopress - Dolomiti\",\"isPartOf\":{\"@id\":\"https:\\\/\\\/www.bellunopress.it\\\/#website\"},\"datePublished\":\"2012-11-11T11:22:14+00:00\",\"dateModified\":\"2012-11-11T11:24:04+00:00\",\"breadcrumb\":{\"@id\":\"https:\\\/\\\/www.bellunopress.it\\\/2012\\\/11\\\/11\\\/domenica-25-novembre-a-vittorio-veneto-il-blues-di-bob-margolin\\\/#breadcrumb\"},\"inLanguage\":\"fr-FR\",\"potentialAction\":[{\"@type\":\"ReadAction\",\"target\":[\"https:\\\/\\\/www.bellunopress.it\\\/2012\\\/11\\\/11\\\/domenica-25-novembre-a-vittorio-veneto-il-blues-di-bob-margolin\\\/\"]}]},{\"@type\":\"BreadcrumbList\",\"@id\":\"https:\\\/\\\/www.bellunopress.it\\\/2012\\\/11\\\/11\\\/domenica-25-novembre-a-vittorio-veneto-il-blues-di-bob-margolin\\\/#breadcrumb\",\"itemListElement\":[{\"@type\":\"ListItem\",\"position\":1,\"name\":\"Home\",\"item\":\"https:\\\/\\\/www.bellunopress.it\\\/\"},{\"@type\":\"ListItem\",\"position\":2,\"name\":\"Gioved\u00ec 29 novembre a Vittorio Veneto il blues di Bob Margolin\"}]},{\"@type\":\"WebSite\",\"@id\":\"https:\\\/\\\/www.bellunopress.it\\\/#website\",\"url\":\"https:\\\/\\\/www.bellunopress.it\\\/\",\"name\":\"Bellunopress - Dolomiti\",\"description\":\"e-mail: redazione@bellunopress.it\",\"publisher\":{\"@id\":\"https:\\\/\\\/www.bellunopress.it\\\/#organization\"},\"potentialAction\":[{\"@type\":\"SearchAction\",\"target\":{\"@type\":\"EntryPoint\",\"urlTemplate\":\"https:\\\/\\\/www.bellunopress.it\\\/?s={search_term_string}\"},\"query-input\":{\"@type\":\"PropertyValueSpecification\",\"valueRequired\":true,\"valueName\":\"search_term_string\"}}],\"inLanguage\":\"fr-FR\"},{\"@type\":\"Organization\",\"@id\":\"https:\\\/\\\/www.bellunopress.it\\\/#organization\",\"name\":\"Bellunopress\",\"url\":\"https:\\\/\\\/www.bellunopress.it\\\/\",\"logo\":{\"@type\":\"ImageObject\",\"inLanguage\":\"fr-FR\",\"@id\":\"https:\\\/\\\/www.bellunopress.it\\\/#\\\/schema\\\/logo\\\/image\\\/\",\"url\":\"https:\\\/\\\/www.bellunopress.it\\\/wp-content\\\/uploads\\\/2011\\\/05\\\/cropped-logo-bellunopress-.jpg\",\"contentUrl\":\"https:\\\/\\\/www.bellunopress.it\\\/wp-content\\\/uploads\\\/2011\\\/05\\\/cropped-logo-bellunopress-.jpg\",\"width\":512,\"height\":512,\"caption\":\"Bellunopress\"},\"image\":{\"@id\":\"https:\\\/\\\/www.bellunopress.it\\\/#\\\/schema\\\/logo\\\/image\\\/\"},\"sameAs\":[\"https:\\\/\\\/www.facebook.com\\\/profile.php?id=100008943462799\",\"https:\\\/\\\/x.com\\\/bellunopress\",\"https:\\\/\\\/www.linkedin.com\\\/hp\\\/?dnr=JBzUWaJfMUw8vbXJJ2tVW5-I3jZKvC4wsoxE&amp;amp;amp;amp;amp;amp;trk=nav_responsive_tab_home\",\"https:\\\/\\\/www.youtube.com\\\/channel\\\/UCxL0wu1uN0_3_7hGG0306cw\"]},{\"@type\":\"Person\",\"@id\":\"https:\\\/\\\/www.bellunopress.it\\\/#\\\/schema\\\/person\\\/79bb06722b37ece1c03d3e94beb30d73\",\"name\":\"redazione\",\"image\":{\"@type\":\"ImageObject\",\"inLanguage\":\"fr-FR\",\"@id\":\"https:\\\/\\\/secure.gravatar.com\\\/avatar\\\/37d968a2e67a6fd04c169c4bdef102d0bc5d31b2546345219e348575eb80e9a0?s=96&d=mm&r=g\",\"url\":\"https:\\\/\\\/secure.gravatar.com\\\/avatar\\\/37d968a2e67a6fd04c169c4bdef102d0bc5d31b2546345219e348575eb80e9a0?s=96&d=mm&r=g\",\"contentUrl\":\"https:\\\/\\\/secure.gravatar.com\\\/avatar\\\/37d968a2e67a6fd04c169c4bdef102d0bc5d31b2546345219e348575eb80e9a0?s=96&d=mm&r=g\",\"caption\":\"redazione\"},\"sameAs\":[\"http:\\\/\\\/www.bellunopress.it\",\"https:\\\/\\\/x.com\\\/bellunopress\"],\"url\":\"https:\\\/\\\/www.bellunopress.it\\\/fr\\\/author\\\/redazione\\\/\"}]}<\/script>\n<!-- \/ Yoast SEO plugin. -->","yoast_head_json":{"title":"Gioved\u00ec 29 novembre a Vittorio Veneto il blues di Bob Margolin - Bellunopress - Dolomiti","robots":{"index":"index","follow":"follow","max-snippet":"max-snippet:-1","max-image-preview":"max-image-preview:large","max-video-preview":"max-video-preview:-1"},"canonical":"https:\/\/www.bellunopress.it\/fr\/2012\/11\/11\/domenica-25-novembre-a-vittorio-veneto-il-blues-di-bob-margolin\/","og_locale":"fr_FR","og_type":"article","og_title":"Gioved\u00ec 29 novembre a Vittorio Veneto il blues di Bob Margolin - Bellunopress - Dolomiti","og_description":"Arriva a Vittorio Veneto al Teatro Da Ponte una delle vere leggende del blues mondiale, Bob Margolin, chitarrista del mitico Muddy Waters, artista premiatissimo, vera istituzione del blues bianco. Dal 1973 al 1980 Bob Margolin \u00e8 stato al fianco di Muddy, imparando direttamente da lui i segreti del blues pi\u00f9 profondo. Insieme i due hanno [&hellip;]","og_url":"https:\/\/www.bellunopress.it\/fr\/2012\/11\/11\/domenica-25-novembre-a-vittorio-veneto-il-blues-di-bob-margolin\/","og_site_name":"Bellunopress - Dolomiti","article_publisher":"https:\/\/www.facebook.com\/profile.php?id=100008943462799","article_published_time":"2012-11-11T11:22:14+00:00","article_modified_time":"2012-11-11T11:24:04+00:00","og_image":[{"url":"http:\/\/www.bellunopress.it\/wp-content\/uploads\/2012\/07\/logo-bellunopress-250x250-2012.jpg","type":"","width":"","height":""}],"author":"redazione","twitter_card":"summary_large_image","twitter_creator":"@bellunopress","twitter_site":"@bellunopress","twitter_misc":{"\u00c9crit par":"redazione","Dur\u00e9e de lecture estim\u00e9e":"1 minute"},"schema":{"@context":"https:\/\/schema.org","@graph":[{"@type":"Article","@id":"https:\/\/www.bellunopress.it\/2012\/11\/11\/domenica-25-novembre-a-vittorio-veneto-il-blues-di-bob-margolin\/#article","isPartOf":{"@id":"https:\/\/www.bellunopress.it\/2012\/11\/11\/domenica-25-novembre-a-vittorio-veneto-il-blues-di-bob-margolin\/"},"author":{"name":"redazione","@id":"https:\/\/www.bellunopress.it\/#\/schema\/person\/79bb06722b37ece1c03d3e94beb30d73"},"headline":"Gioved\u00ec 29 novembre a Vittorio Veneto il blues di Bob Margolin","datePublished":"2012-11-11T11:22:14+00:00","dateModified":"2012-11-11T11:24:04+00:00","mainEntityOfPage":{"@id":"https:\/\/www.bellunopress.it\/2012\/11\/11\/domenica-25-novembre-a-vittorio-veneto-il-blues-di-bob-margolin\/"},"wordCount":290,"publisher":{"@id":"https:\/\/www.bellunopress.it\/#organization"},"articleSection":["Appuntamenti, Eventi","Arte, Cultura, Spettacoli, Scienza","Pausa Caff\u00e8"],"inLanguage":"fr-FR"},{"@type":"WebPage","@id":"https:\/\/www.bellunopress.it\/2012\/11\/11\/domenica-25-novembre-a-vittorio-veneto-il-blues-di-bob-margolin\/","url":"https:\/\/www.bellunopress.it\/2012\/11\/11\/domenica-25-novembre-a-vittorio-veneto-il-blues-di-bob-margolin\/","name":"Gioved\u00ec 29 novembre a Vittorio Veneto il blues di Bob Margolin - Bellunopress - Dolomiti","isPartOf":{"@id":"https:\/\/www.bellunopress.it\/#website"},"datePublished":"2012-11-11T11:22:14+00:00","dateModified":"2012-11-11T11:24:04+00:00","breadcrumb":{"@id":"https:\/\/www.bellunopress.it\/2012\/11\/11\/domenica-25-novembre-a-vittorio-veneto-il-blues-di-bob-margolin\/#breadcrumb"},"inLanguage":"fr-FR","potentialAction":[{"@type":"ReadAction","target":["https:\/\/www.bellunopress.it\/2012\/11\/11\/domenica-25-novembre-a-vittorio-veneto-il-blues-di-bob-margolin\/"]}]},{"@type":"BreadcrumbList","@id":"https:\/\/www.bellunopress.it\/2012\/11\/11\/domenica-25-novembre-a-vittorio-veneto-il-blues-di-bob-margolin\/#breadcrumb","itemListElement":[{"@type":"ListItem","position":1,"name":"Home","item":"https:\/\/www.bellunopress.it\/"},{"@type":"ListItem","position":2,"name":"Gioved\u00ec 29 novembre a Vittorio Veneto il blues di Bob Margolin"}]},{"@type":"WebSite","@id":"https:\/\/www.bellunopress.it\/#website","url":"https:\/\/www.bellunopress.it\/","name":"Bellunopress - Dolomiti","description":"e-mail: redazione@bellunopress.it","publisher":{"@id":"https:\/\/www.bellunopress.it\/#organization"},"potentialAction":[{"@type":"SearchAction","target":{"@type":"EntryPoint","urlTemplate":"https:\/\/www.bellunopress.it\/?s={search_term_string}"},"query-input":{"@type":"PropertyValueSpecification","valueRequired":true,"valueName":"search_term_string"}}],"inLanguage":"fr-FR"},{"@type":"Organization","@id":"https:\/\/www.bellunopress.it\/#organization","name":"Bellunopress","url":"https:\/\/www.bellunopress.it\/","logo":{"@type":"ImageObject","inLanguage":"fr-FR","@id":"https:\/\/www.bellunopress.it\/#\/schema\/logo\/image\/","url":"https:\/\/www.bellunopress.it\/wp-content\/uploads\/2011\/05\/cropped-logo-bellunopress-.jpg","contentUrl":"https:\/\/www.bellunopress.it\/wp-content\/uploads\/2011\/05\/cropped-logo-bellunopress-.jpg","width":512,"height":512,"caption":"Bellunopress"},"image":{"@id":"https:\/\/www.bellunopress.it\/#\/schema\/logo\/image\/"},"sameAs":["https:\/\/www.facebook.com\/profile.php?id=100008943462799","https:\/\/x.com\/bellunopress","https:\/\/www.linkedin.com\/hp\/?dnr=JBzUWaJfMUw8vbXJJ2tVW5-I3jZKvC4wsoxE&amp;amp;amp;amp;amp;amp;trk=nav_responsive_tab_home","https:\/\/www.youtube.com\/channel\/UCxL0wu1uN0_3_7hGG0306cw"]},{"@type":"Person","@id":"https:\/\/www.bellunopress.it\/#\/schema\/person\/79bb06722b37ece1c03d3e94beb30d73","name":"r\u00e9daction","image":{"@type":"ImageObject","inLanguage":"fr-FR","@id":"https:\/\/secure.gravatar.com\/avatar\/37d968a2e67a6fd04c169c4bdef102d0bc5d31b2546345219e348575eb80e9a0?s=96&d=mm&r=g","url":"https:\/\/secure.gravatar.com\/avatar\/37d968a2e67a6fd04c169c4bdef102d0bc5d31b2546345219e348575eb80e9a0?s=96&d=mm&r=g","contentUrl":"https:\/\/secure.gravatar.com\/avatar\/37d968a2e67a6fd04c169c4bdef102d0bc5d31b2546345219e348575eb80e9a0?s=96&d=mm&r=g","caption":"redazione"},"sameAs":["http:\/\/www.bellunopress.it","https:\/\/x.com\/bellunopress"],"url":"https:\/\/www.bellunopress.it\/fr\/author\/redazione\/"}]}},"_links":{"self":[{"href":"https:\/\/www.bellunopress.it\/fr\/wp-json\/wp\/v2\/posts\/43784","targetHints":{"allow":["GET"]}}],"collection":[{"href":"https:\/\/www.bellunopress.it\/fr\/wp-json\/wp\/v2\/posts"}],"about":[{"href":"https:\/\/www.bellunopress.it\/fr\/wp-json\/wp\/v2\/types\/post"}],"author":[{"embeddable":true,"href":"https:\/\/www.bellunopress.it\/fr\/wp-json\/wp\/v2\/users\/2"}],"replies":[{"embeddable":true,"href":"https:\/\/www.bellunopress.it\/fr\/wp-json\/wp\/v2\/comments?post=43784"}],"version-history":[{"count":2,"href":"https:\/\/www.bellunopress.it\/fr\/wp-json\/wp\/v2\/posts\/43784\/revisions"}],"predecessor-version":[{"id":43786,"href":"https:\/\/www.bellunopress.it\/fr\/wp-json\/wp\/v2\/posts\/43784\/revisions\/43786"}],"wp:attachment":[{"href":"https:\/\/www.bellunopress.it\/fr\/wp-json\/wp\/v2\/media?parent=43784"}],"wp:term":[{"taxonomy":"category","embeddable":true,"href":"https:\/\/www.bellunopress.it\/fr\/wp-json\/wp\/v2\/categories?post=43784"},{"taxonomy":"post_tag","embeddable":true,"href":"https:\/\/www.bellunopress.it\/fr\/wp-json\/wp\/v2\/tags?post=43784"}],"curies":[{"name":"wp","href":"https:\/\/api.w.org\/{rel}","templated":true}]}}