{"id":43782,"date":"2012-11-11T12:05:35","date_gmt":"2012-11-11T11:05:35","guid":{"rendered":"http:\/\/www.bellunopress.it\/?p=43782"},"modified":"2012-11-11T12:05:35","modified_gmt":"2012-11-11T11:05:35","slug":"decisa-per-il-19-maggio-la-data-della-granfondo-bellunese","status":"publish","type":"post","link":"https:\/\/www.bellunopress.it\/fr\/2012\/11\/11\/decisa-per-il-19-maggio-la-data-della-granfondo-bellunese\/","title":{"rendered":"Decisa per il 19 maggio la data della Granfondo bellunese"},"content":{"rendered":"<p>Granfondo Bellunese, l&#8217;appuntamento \u00e8 per domenica 19 maggio 2013. E&#8217; stata definita la data di svolgimento della quarta edizione dell?evento proposto dal Cycling Team Bellunese coordinato da Daniele Gusmerini, cos\u00ec come \u00e8 stato ufficializzato il cambiamento della sede di partenza e arrivo. Dopo tre edizioni, infatti, la manifestazione si sposter\u00e0 da Sedico a Belluno. Alla base della scelta ci sono motivazioni di carattere logistico: la necessit\u00e0 di spostare il baricentro del percorso e la disponibilit\u00e0 di una cornice suggestiva per il via e per il traguardo. Una cornice che sar\u00e0 rappresentato dal capoluogo della provincia dolomitica del Veneto e, nello specifico, dall&#8217;incantevole scenario di Piazza dei Martiri. \u00abIl comune capoluogo ci ha offerto massima disponibilit\u00e0 e noi ovviamente l&#8217;abbiamo accolta &#8211; spiega Daniele Gusmerini, deus ex machina del Cycling team bellunese &#8211; \u00a0Con Sedico i rapporti sono sempre stati buoni ma la manifestazione \u00e8 in crescita e portarla a Belluno crediamo ci possa offrire l&#8217; opportunit\u00e0 di un salto di qualit\u00e0 importante. Inoltre, in questi anni abbiamo avuto dei problemi con il transito lungo la stretta Valle del Mis: cercare strade alternative era un obbligo e allora ecco che Belluno diventa il centro logico di un tracciato che toccher\u00e0 il lago di Santa Croce e la suggestiva Conca dell&#8217;Alpago. Non mancheranno l&#8217;ascesa al Nevegal, gi\u00e0 sperimentata con successo quest&#8217;anno, e a quella di Valmorel. L&#8217;arrivo sar\u00e0 posto in Piazza dei Martiri, piazza da dove \u00e8 partita la spettacolare cronometro del Nevegal del Giro d&#8217;Italia 2011. Vi si arriver\u00e0 dalla salita di via Simon da Cusighe: un finale che rimanda alla vittoria di Maurizio Fondriest nella tappa del Giro d?Italia dilettanti nel 1985 e che, crediamo, dar\u00e0 un motivo di interesse e un?occasione di spettacolo in pi\u00f9 alle fasi d?arrivo\u00bb.<\/p>\n<p>Lo scorso anno i partenti furono oltre 600. \u00abL?obiettivo del 2013 \u00e8 superare quota 700 &#8211; spiega ancora Gusmerini -. Vogliamo crescere passo passo e, soprattutto, fare della Granfondo Bellunese un?occasione di ciclismo pedalato senza esasperazione, un ciclismo dove i veri vincitori siano quelli che il cronometro e piazzamento non li vivono come un?ossessione\u00bb.<\/p>\n<p>Sul sito internet della societ\u00e0, www.cyclingteambellunese.it, \u00e8 gi\u00e0 disponibile il link della tracciato di massima (tracciatura Garmin) del percorso corto che con partenza e arrivo a Belluno toccher\u00e0 Ponte nelle Alpi, Puos d?Alpago, Garna (traguardo con omaggio all?ex presidente Fci Belluno Mansueto Mares, scomparso lo scorso giugno), Chies d&#8217;Alpago, Tambre, Farra d&#8217;Alpago, di nuovo Ponte nelle Alpi prima dell?ascesa al Nevegal dal versante di Quantin. In totale i chilometri saranno 85, mentre per il percorso granfondo saranno 135.<\/p>","protected":false},"excerpt":{"rendered":"<p>Granfondo Bellunese, l&#8217;appuntamento \u00e8 per domenica 19 maggio 2013. E&#8217; stata definita la data di svolgimento della quarta edizione dell?evento proposto dal Cycling Team Bellunese coordinato da Daniele Gusmerini, cos\u00ec come \u00e8 stato ufficializzato il cambiamento della sede di partenza e arrivo. Dopo tre edizioni, infatti, la manifestazione si sposter\u00e0 da Sedico a Belluno. Alla [&hellip;]<\/p>\n","protected":false},"author":2,"featured_media":0,"comment_status":"closed","ping_status":"open","sticky":false,"template":"","format":"standard","meta":{"footnotes":""},"categories":[25,4],"tags":[],"class_list":["post-43782","post","type-post","status-publish","format-standard","category-pausa-caffe","category-sport"],"yoast_head":"<!-- This site is optimized with the Yoast SEO plugin v28.4 - https:\/\/yoast.com\/product\/yoast-seo-wordpress\/ -->\n<title>Decisa per il 19 maggio la data della Granfondo bellunese - Bellunopress - Dolomiti<\/title>\n<meta name=\"robots\" content=\"index, follow, max-snippet:-1, max-image-preview:large, max-video-preview:-1\" \/>\n<link rel=\"canonical\" href=\"https:\/\/www.bellunopress.it\/fr\/2012\/11\/11\/decisa-per-il-19-maggio-la-data-della-granfondo-bellunese\/\" \/>\n<meta property=\"og:locale\" content=\"fr_FR\" \/>\n<meta property=\"og:type\" content=\"article\" \/>\n<meta property=\"og:title\" content=\"Decisa per il 19 maggio la data della Granfondo bellunese - Bellunopress - Dolomiti\" \/>\n<meta property=\"og:description\" content=\"Granfondo Bellunese, l&#8217;appuntamento \u00e8 per domenica 19 maggio 2013. E&#8217; stata definita la data di svolgimento della quarta edizione dell?evento proposto dal Cycling Team Bellunese coordinato da Daniele Gusmerini, cos\u00ec come \u00e8 stato ufficializzato il cambiamento della sede di partenza e arrivo. Dopo tre edizioni, infatti, la manifestazione si sposter\u00e0 da Sedico a Belluno. Alla [&hellip;]\" \/>\n<meta property=\"og:url\" content=\"https:\/\/www.bellunopress.it\/fr\/2012\/11\/11\/decisa-per-il-19-maggio-la-data-della-granfondo-bellunese\/\" \/>\n<meta property=\"og:site_name\" content=\"Bellunopress - Dolomiti\" \/>\n<meta property=\"article:publisher\" content=\"https:\/\/www.facebook.com\/profile.php?id=100008943462799\" \/>\n<meta property=\"article:published_time\" content=\"2012-11-11T11:05:35+00:00\" \/>\n<meta property=\"og:image\" content=\"http:\/\/www.bellunopress.it\/wp-content\/uploads\/2012\/07\/logo-bellunopress-250x250-2012.jpg\" \/>\n<meta name=\"author\" content=\"redazione\" \/>\n<meta name=\"twitter:card\" content=\"summary_large_image\" \/>\n<meta name=\"twitter:creator\" content=\"@bellunopress\" \/>\n<meta name=\"twitter:site\" content=\"@bellunopress\" \/>\n<meta name=\"twitter:label1\" content=\"\u00c9crit par\" \/>\n\t<meta name=\"twitter:data1\" content=\"redazione\" \/>\n\t<meta name=\"twitter:label2\" content=\"Dur\u00e9e de lecture estim\u00e9e\" \/>\n\t<meta name=\"twitter:data2\" content=\"2 minutes\" \/>\n<script type=\"application\/ld+json\" class=\"yoast-schema-graph\">{\"@context\":\"https:\\\/\\\/schema.org\",\"@graph\":[{\"@type\":\"Article\",\"@id\":\"https:\\\/\\\/www.bellunopress.it\\\/2012\\\/11\\\/11\\\/decisa-per-il-19-maggio-la-data-della-granfondo-bellunese\\\/#article\",\"isPartOf\":{\"@id\":\"https:\\\/\\\/www.bellunopress.it\\\/2012\\\/11\\\/11\\\/decisa-per-il-19-maggio-la-data-della-granfondo-bellunese\\\/\"},\"author\":{\"name\":\"redazione\",\"@id\":\"https:\\\/\\\/www.bellunopress.it\\\/#\\\/schema\\\/person\\\/79bb06722b37ece1c03d3e94beb30d73\"},\"headline\":\"Decisa per il 19 maggio la data della Granfondo bellunese\",\"datePublished\":\"2012-11-11T11:05:35+00:00\",\"mainEntityOfPage\":{\"@id\":\"https:\\\/\\\/www.bellunopress.it\\\/2012\\\/11\\\/11\\\/decisa-per-il-19-maggio-la-data-della-granfondo-bellunese\\\/\"},\"wordCount\":437,\"publisher\":{\"@id\":\"https:\\\/\\\/www.bellunopress.it\\\/#organization\"},\"articleSection\":[\"Pausa Caff\u00e8\",\"Sport, tempo libero\"],\"inLanguage\":\"fr-FR\"},{\"@type\":\"WebPage\",\"@id\":\"https:\\\/\\\/www.bellunopress.it\\\/2012\\\/11\\\/11\\\/decisa-per-il-19-maggio-la-data-della-granfondo-bellunese\\\/\",\"url\":\"https:\\\/\\\/www.bellunopress.it\\\/2012\\\/11\\\/11\\\/decisa-per-il-19-maggio-la-data-della-granfondo-bellunese\\\/\",\"name\":\"Decisa per il 19 maggio la data della Granfondo bellunese - Bellunopress - Dolomiti\",\"isPartOf\":{\"@id\":\"https:\\\/\\\/www.bellunopress.it\\\/#website\"},\"datePublished\":\"2012-11-11T11:05:35+00:00\",\"breadcrumb\":{\"@id\":\"https:\\\/\\\/www.bellunopress.it\\\/2012\\\/11\\\/11\\\/decisa-per-il-19-maggio-la-data-della-granfondo-bellunese\\\/#breadcrumb\"},\"inLanguage\":\"fr-FR\",\"potentialAction\":[{\"@type\":\"ReadAction\",\"target\":[\"https:\\\/\\\/www.bellunopress.it\\\/2012\\\/11\\\/11\\\/decisa-per-il-19-maggio-la-data-della-granfondo-bellunese\\\/\"]}]},{\"@type\":\"BreadcrumbList\",\"@id\":\"https:\\\/\\\/www.bellunopress.it\\\/2012\\\/11\\\/11\\\/decisa-per-il-19-maggio-la-data-della-granfondo-bellunese\\\/#breadcrumb\",\"itemListElement\":[{\"@type\":\"ListItem\",\"position\":1,\"name\":\"Home\",\"item\":\"https:\\\/\\\/www.bellunopress.it\\\/\"},{\"@type\":\"ListItem\",\"position\":2,\"name\":\"Decisa per il 19 maggio la data della Granfondo bellunese\"}]},{\"@type\":\"WebSite\",\"@id\":\"https:\\\/\\\/www.bellunopress.it\\\/#website\",\"url\":\"https:\\\/\\\/www.bellunopress.it\\\/\",\"name\":\"Bellunopress - Dolomiti\",\"description\":\"e-mail: redazione@bellunopress.it\",\"publisher\":{\"@id\":\"https:\\\/\\\/www.bellunopress.it\\\/#organization\"},\"potentialAction\":[{\"@type\":\"SearchAction\",\"target\":{\"@type\":\"EntryPoint\",\"urlTemplate\":\"https:\\\/\\\/www.bellunopress.it\\\/?s={search_term_string}\"},\"query-input\":{\"@type\":\"PropertyValueSpecification\",\"valueRequired\":true,\"valueName\":\"search_term_string\"}}],\"inLanguage\":\"fr-FR\"},{\"@type\":\"Organization\",\"@id\":\"https:\\\/\\\/www.bellunopress.it\\\/#organization\",\"name\":\"Bellunopress\",\"url\":\"https:\\\/\\\/www.bellunopress.it\\\/\",\"logo\":{\"@type\":\"ImageObject\",\"inLanguage\":\"fr-FR\",\"@id\":\"https:\\\/\\\/www.bellunopress.it\\\/#\\\/schema\\\/logo\\\/image\\\/\",\"url\":\"https:\\\/\\\/www.bellunopress.it\\\/wp-content\\\/uploads\\\/2011\\\/05\\\/cropped-logo-bellunopress-.jpg\",\"contentUrl\":\"https:\\\/\\\/www.bellunopress.it\\\/wp-content\\\/uploads\\\/2011\\\/05\\\/cropped-logo-bellunopress-.jpg\",\"width\":512,\"height\":512,\"caption\":\"Bellunopress\"},\"image\":{\"@id\":\"https:\\\/\\\/www.bellunopress.it\\\/#\\\/schema\\\/logo\\\/image\\\/\"},\"sameAs\":[\"https:\\\/\\\/www.facebook.com\\\/profile.php?id=100008943462799\",\"https:\\\/\\\/x.com\\\/bellunopress\",\"https:\\\/\\\/www.linkedin.com\\\/hp\\\/?dnr=JBzUWaJfMUw8vbXJJ2tVW5-I3jZKvC4wsoxE&amp;amp;amp;amp;amp;amp;trk=nav_responsive_tab_home\",\"https:\\\/\\\/www.youtube.com\\\/channel\\\/UCxL0wu1uN0_3_7hGG0306cw\"]},{\"@type\":\"Person\",\"@id\":\"https:\\\/\\\/www.bellunopress.it\\\/#\\\/schema\\\/person\\\/79bb06722b37ece1c03d3e94beb30d73\",\"name\":\"redazione\",\"image\":{\"@type\":\"ImageObject\",\"inLanguage\":\"fr-FR\",\"@id\":\"https:\\\/\\\/secure.gravatar.com\\\/avatar\\\/37d968a2e67a6fd04c169c4bdef102d0bc5d31b2546345219e348575eb80e9a0?s=96&d=mm&r=g\",\"url\":\"https:\\\/\\\/secure.gravatar.com\\\/avatar\\\/37d968a2e67a6fd04c169c4bdef102d0bc5d31b2546345219e348575eb80e9a0?s=96&d=mm&r=g\",\"contentUrl\":\"https:\\\/\\\/secure.gravatar.com\\\/avatar\\\/37d968a2e67a6fd04c169c4bdef102d0bc5d31b2546345219e348575eb80e9a0?s=96&d=mm&r=g\",\"caption\":\"redazione\"},\"sameAs\":[\"http:\\\/\\\/www.bellunopress.it\",\"https:\\\/\\\/x.com\\\/bellunopress\"],\"url\":\"https:\\\/\\\/www.bellunopress.it\\\/fr\\\/author\\\/redazione\\\/\"}]}<\/script>\n<!-- \/ Yoast SEO plugin. -->","yoast_head_json":{"title":"Decisa per il 19 maggio la data della Granfondo bellunese - Bellunopress - Dolomiti","robots":{"index":"index","follow":"follow","max-snippet":"max-snippet:-1","max-image-preview":"max-image-preview:large","max-video-preview":"max-video-preview:-1"},"canonical":"https:\/\/www.bellunopress.it\/fr\/2012\/11\/11\/decisa-per-il-19-maggio-la-data-della-granfondo-bellunese\/","og_locale":"fr_FR","og_type":"article","og_title":"Decisa per il 19 maggio la data della Granfondo bellunese - Bellunopress - Dolomiti","og_description":"Granfondo Bellunese, l&#8217;appuntamento \u00e8 per domenica 19 maggio 2013. E&#8217; stata definita la data di svolgimento della quarta edizione dell?evento proposto dal Cycling Team Bellunese coordinato da Daniele Gusmerini, cos\u00ec come \u00e8 stato ufficializzato il cambiamento della sede di partenza e arrivo. Dopo tre edizioni, infatti, la manifestazione si sposter\u00e0 da Sedico a Belluno. Alla [&hellip;]","og_url":"https:\/\/www.bellunopress.it\/fr\/2012\/11\/11\/decisa-per-il-19-maggio-la-data-della-granfondo-bellunese\/","og_site_name":"Bellunopress - Dolomiti","article_publisher":"https:\/\/www.facebook.com\/profile.php?id=100008943462799","article_published_time":"2012-11-11T11:05:35+00:00","og_image":[{"url":"http:\/\/www.bellunopress.it\/wp-content\/uploads\/2012\/07\/logo-bellunopress-250x250-2012.jpg","type":"","width":"","height":""}],"author":"redazione","twitter_card":"summary_large_image","twitter_creator":"@bellunopress","twitter_site":"@bellunopress","twitter_misc":{"\u00c9crit par":"redazione","Dur\u00e9e de lecture estim\u00e9e":"2 minutes"},"schema":{"@context":"https:\/\/schema.org","@graph":[{"@type":"Article","@id":"https:\/\/www.bellunopress.it\/2012\/11\/11\/decisa-per-il-19-maggio-la-data-della-granfondo-bellunese\/#article","isPartOf":{"@id":"https:\/\/www.bellunopress.it\/2012\/11\/11\/decisa-per-il-19-maggio-la-data-della-granfondo-bellunese\/"},"author":{"name":"redazione","@id":"https:\/\/www.bellunopress.it\/#\/schema\/person\/79bb06722b37ece1c03d3e94beb30d73"},"headline":"Decisa per il 19 maggio la data della Granfondo bellunese","datePublished":"2012-11-11T11:05:35+00:00","mainEntityOfPage":{"@id":"https:\/\/www.bellunopress.it\/2012\/11\/11\/decisa-per-il-19-maggio-la-data-della-granfondo-bellunese\/"},"wordCount":437,"publisher":{"@id":"https:\/\/www.bellunopress.it\/#organization"},"articleSection":["Pausa Caff\u00e8","Sport, tempo libero"],"inLanguage":"fr-FR"},{"@type":"WebPage","@id":"https:\/\/www.bellunopress.it\/2012\/11\/11\/decisa-per-il-19-maggio-la-data-della-granfondo-bellunese\/","url":"https:\/\/www.bellunopress.it\/2012\/11\/11\/decisa-per-il-19-maggio-la-data-della-granfondo-bellunese\/","name":"Decisa per il 19 maggio la data della Granfondo bellunese - Bellunopress - Dolomiti","isPartOf":{"@id":"https:\/\/www.bellunopress.it\/#website"},"datePublished":"2012-11-11T11:05:35+00:00","breadcrumb":{"@id":"https:\/\/www.bellunopress.it\/2012\/11\/11\/decisa-per-il-19-maggio-la-data-della-granfondo-bellunese\/#breadcrumb"},"inLanguage":"fr-FR","potentialAction":[{"@type":"ReadAction","target":["https:\/\/www.bellunopress.it\/2012\/11\/11\/decisa-per-il-19-maggio-la-data-della-granfondo-bellunese\/"]}]},{"@type":"BreadcrumbList","@id":"https:\/\/www.bellunopress.it\/2012\/11\/11\/decisa-per-il-19-maggio-la-data-della-granfondo-bellunese\/#breadcrumb","itemListElement":[{"@type":"ListItem","position":1,"name":"Home","item":"https:\/\/www.bellunopress.it\/"},{"@type":"ListItem","position":2,"name":"Decisa per il 19 maggio la data della Granfondo bellunese"}]},{"@type":"WebSite","@id":"https:\/\/www.bellunopress.it\/#website","url":"https:\/\/www.bellunopress.it\/","name":"Bellunopress - Dolomiti","description":"e-mail: redazione@bellunopress.it","publisher":{"@id":"https:\/\/www.bellunopress.it\/#organization"},"potentialAction":[{"@type":"SearchAction","target":{"@type":"EntryPoint","urlTemplate":"https:\/\/www.bellunopress.it\/?s={search_term_string}"},"query-input":{"@type":"PropertyValueSpecification","valueRequired":true,"valueName":"search_term_string"}}],"inLanguage":"fr-FR"},{"@type":"Organization","@id":"https:\/\/www.bellunopress.it\/#organization","name":"Bellunopress","url":"https:\/\/www.bellunopress.it\/","logo":{"@type":"ImageObject","inLanguage":"fr-FR","@id":"https:\/\/www.bellunopress.it\/#\/schema\/logo\/image\/","url":"https:\/\/www.bellunopress.it\/wp-content\/uploads\/2011\/05\/cropped-logo-bellunopress-.jpg","contentUrl":"https:\/\/www.bellunopress.it\/wp-content\/uploads\/2011\/05\/cropped-logo-bellunopress-.jpg","width":512,"height":512,"caption":"Bellunopress"},"image":{"@id":"https:\/\/www.bellunopress.it\/#\/schema\/logo\/image\/"},"sameAs":["https:\/\/www.facebook.com\/profile.php?id=100008943462799","https:\/\/x.com\/bellunopress","https:\/\/www.linkedin.com\/hp\/?dnr=JBzUWaJfMUw8vbXJJ2tVW5-I3jZKvC4wsoxE&amp;amp;amp;amp;amp;amp;trk=nav_responsive_tab_home","https:\/\/www.youtube.com\/channel\/UCxL0wu1uN0_3_7hGG0306cw"]},{"@type":"Person","@id":"https:\/\/www.bellunopress.it\/#\/schema\/person\/79bb06722b37ece1c03d3e94beb30d73","name":"r\u00e9daction","image":{"@type":"ImageObject","inLanguage":"fr-FR","@id":"https:\/\/secure.gravatar.com\/avatar\/37d968a2e67a6fd04c169c4bdef102d0bc5d31b2546345219e348575eb80e9a0?s=96&d=mm&r=g","url":"https:\/\/secure.gravatar.com\/avatar\/37d968a2e67a6fd04c169c4bdef102d0bc5d31b2546345219e348575eb80e9a0?s=96&d=mm&r=g","contentUrl":"https:\/\/secure.gravatar.com\/avatar\/37d968a2e67a6fd04c169c4bdef102d0bc5d31b2546345219e348575eb80e9a0?s=96&d=mm&r=g","caption":"redazione"},"sameAs":["http:\/\/www.bellunopress.it","https:\/\/x.com\/bellunopress"],"url":"https:\/\/www.bellunopress.it\/fr\/author\/redazione\/"}]}},"_links":{"self":[{"href":"https:\/\/www.bellunopress.it\/fr\/wp-json\/wp\/v2\/posts\/43782","targetHints":{"allow":["GET"]}}],"collection":[{"href":"https:\/\/www.bellunopress.it\/fr\/wp-json\/wp\/v2\/posts"}],"about":[{"href":"https:\/\/www.bellunopress.it\/fr\/wp-json\/wp\/v2\/types\/post"}],"author":[{"embeddable":true,"href":"https:\/\/www.bellunopress.it\/fr\/wp-json\/wp\/v2\/users\/2"}],"replies":[{"embeddable":true,"href":"https:\/\/www.bellunopress.it\/fr\/wp-json\/wp\/v2\/comments?post=43782"}],"version-history":[{"count":1,"href":"https:\/\/www.bellunopress.it\/fr\/wp-json\/wp\/v2\/posts\/43782\/revisions"}],"predecessor-version":[{"id":43783,"href":"https:\/\/www.bellunopress.it\/fr\/wp-json\/wp\/v2\/posts\/43782\/revisions\/43783"}],"wp:attachment":[{"href":"https:\/\/www.bellunopress.it\/fr\/wp-json\/wp\/v2\/media?parent=43782"}],"wp:term":[{"taxonomy":"category","embeddable":true,"href":"https:\/\/www.bellunopress.it\/fr\/wp-json\/wp\/v2\/categories?post=43782"},{"taxonomy":"post_tag","embeddable":true,"href":"https:\/\/www.bellunopress.it\/fr\/wp-json\/wp\/v2\/tags?post=43782"}],"curies":[{"name":"wp","href":"https:\/\/api.w.org\/{rel}","templated":true}]}}