{"id":43778,"date":"2012-11-11T11:50:57","date_gmt":"2012-11-11T10:50:57","guid":{"rendered":"http:\/\/www.bellunopress.it\/?p=43778"},"modified":"2012-11-11T11:50:57","modified_gmt":"2012-11-11T10:50:57","slug":"movimento-5-stelle-giovedi-a-conegliano-conferenza-sulla-moneta-scec","status":"publish","type":"post","link":"https:\/\/www.bellunopress.it\/fr\/2012\/11\/11\/movimento-5-stelle-giovedi-a-conegliano-conferenza-sulla-moneta-scec\/","title":{"rendered":"Movimento 5 Stelle. Gioved\u00ec a Conegliano conferenza sulla moneta Scec"},"content":{"rendered":"<p>Il gruppo consigliare del Movimento 5 Stelle di Conegliano (TV) organizza un incontro d&#8217;informazione sullo SCEC gioved\u00ec prossimo 15 novembre alle ore 20.45 presso il teatro Dina Orsi di Conegliano.<\/p>\n<p>Andrea Tronchin, presidente di Arcipelago SCEC Veneto, sar\u00e0 il relatore della serata durante la quale saranno illustrati a cittadini, esercenti, artigiani, imprenditori, professionisti, giornalisti e Amministrazione Comunale le modalit\u00e0 di un&#8217;eventuale introduzione di questa moneta parallela nel circuito del commercio cittadino e le sue molteplici possibilit\u00e0 di utilizzo.<\/p>\n<p>Saranno evidenziati i molti vantaggi di questa forma di solidariet\u00e0. Il termine SCEC infatti \u00e8 l&#8217;acronimo di Solidariet\u00e0 ChE Cammina, utile soprattutto in questo periodo di profonda crisi economica.<\/p>\n<p>Sar\u00e0 spiegato come lo Scec possa permettere di incrementare il proprio potere di acquisto ed al contempo consentire a negozianti ed artigiani di non perdere il valore dello sconto elargito, dal momento che questi potranno a loro volta utilizzare gli SCEC ricevuti creando un circuito a costo zero, benefico per tutti.<\/p>\n<p>Lo Scec \u00e8 gi\u00e0 stato introdotto e sperimentato in molte citt\u00e0 italiane,ad esempio a Roma, quartiere Montesacro, Bologna, Milano.<\/p>\n<p>&nbsp;<\/p>\n<p>&nbsp;<\/p>\n<p>&nbsp;<\/p>","protected":false},"excerpt":{"rendered":"<p>Il gruppo consigliare del Movimento 5 Stelle di Conegliano (TV) organizza un incontro d&#8217;informazione sullo SCEC gioved\u00ec prossimo 15 novembre alle ore 20.45 presso il teatro Dina Orsi di Conegliano. Andrea Tronchin, presidente di Arcipelago SCEC Veneto, sar\u00e0 il relatore della serata durante la quale saranno illustrati a cittadini, esercenti, artigiani, imprenditori, professionisti, giornalisti e [&hellip;]<\/p>\n","protected":false},"author":2,"featured_media":0,"comment_status":"closed","ping_status":"open","sticky":false,"template":"","format":"standard","meta":{"footnotes":""},"categories":[27,25],"tags":[],"class_list":["post-43778","post","type-post","status-publish","format-standard","category-appuntamenti","category-pausa-caffe"],"yoast_head":"<!-- This site is optimized with the Yoast SEO plugin v28.4 - https:\/\/yoast.com\/product\/yoast-seo-wordpress\/ -->\n<title>Movimento 5 Stelle. Gioved\u00ec a Conegliano conferenza sulla moneta Scec - Bellunopress - Dolomiti<\/title>\n<meta name=\"robots\" content=\"index, follow, max-snippet:-1, max-image-preview:large, max-video-preview:-1\" \/>\n<link rel=\"canonical\" href=\"https:\/\/www.bellunopress.it\/fr\/2012\/11\/11\/movimento-5-stelle-giovedi-a-conegliano-conferenza-sulla-moneta-scec\/\" \/>\n<meta property=\"og:locale\" content=\"fr_FR\" \/>\n<meta property=\"og:type\" content=\"article\" \/>\n<meta property=\"og:title\" content=\"Movimento 5 Stelle. Gioved\u00ec a Conegliano conferenza sulla moneta Scec - Bellunopress - Dolomiti\" \/>\n<meta property=\"og:description\" content=\"Il gruppo consigliare del Movimento 5 Stelle di Conegliano (TV) organizza un incontro d&#8217;informazione sullo SCEC gioved\u00ec prossimo 15 novembre alle ore 20.45 presso il teatro Dina Orsi di Conegliano. Andrea Tronchin, presidente di Arcipelago SCEC Veneto, sar\u00e0 il relatore della serata durante la quale saranno illustrati a cittadini, esercenti, artigiani, imprenditori, professionisti, giornalisti e [&hellip;]\" \/>\n<meta property=\"og:url\" content=\"https:\/\/www.bellunopress.it\/fr\/2012\/11\/11\/movimento-5-stelle-giovedi-a-conegliano-conferenza-sulla-moneta-scec\/\" \/>\n<meta property=\"og:site_name\" content=\"Bellunopress - Dolomiti\" \/>\n<meta property=\"article:publisher\" content=\"https:\/\/www.facebook.com\/profile.php?id=100008943462799\" \/>\n<meta property=\"article:published_time\" content=\"2012-11-11T10:50:57+00:00\" \/>\n<meta property=\"og:image\" content=\"http:\/\/www.bellunopress.it\/wp-content\/uploads\/2012\/07\/logo-bellunopress-250x250-2012.jpg\" \/>\n<meta name=\"author\" content=\"redazione\" \/>\n<meta name=\"twitter:card\" content=\"summary_large_image\" \/>\n<meta name=\"twitter:creator\" content=\"@bellunopress\" \/>\n<meta name=\"twitter:site\" content=\"@bellunopress\" \/>\n<meta name=\"twitter:label1\" content=\"\u00c9crit par\" \/>\n\t<meta name=\"twitter:data1\" content=\"redazione\" \/>\n\t<meta name=\"twitter:label2\" content=\"Dur\u00e9e de lecture estim\u00e9e\" \/>\n\t<meta name=\"twitter:data2\" content=\"1 minute\" \/>\n<script type=\"application\/ld+json\" class=\"yoast-schema-graph\">{\"@context\":\"https:\\\/\\\/schema.org\",\"@graph\":[{\"@type\":\"Article\",\"@id\":\"https:\\\/\\\/www.bellunopress.it\\\/2012\\\/11\\\/11\\\/movimento-5-stelle-giovedi-a-conegliano-conferenza-sulla-moneta-scec\\\/#article\",\"isPartOf\":{\"@id\":\"https:\\\/\\\/www.bellunopress.it\\\/2012\\\/11\\\/11\\\/movimento-5-stelle-giovedi-a-conegliano-conferenza-sulla-moneta-scec\\\/\"},\"author\":{\"name\":\"redazione\",\"@id\":\"https:\\\/\\\/www.bellunopress.it\\\/#\\\/schema\\\/person\\\/79bb06722b37ece1c03d3e94beb30d73\"},\"headline\":\"Movimento 5 Stelle. Gioved\u00ec a Conegliano conferenza sulla moneta Scec\",\"datePublished\":\"2012-11-11T10:50:57+00:00\",\"mainEntityOfPage\":{\"@id\":\"https:\\\/\\\/www.bellunopress.it\\\/2012\\\/11\\\/11\\\/movimento-5-stelle-giovedi-a-conegliano-conferenza-sulla-moneta-scec\\\/\"},\"wordCount\":188,\"publisher\":{\"@id\":\"https:\\\/\\\/www.bellunopress.it\\\/#organization\"},\"articleSection\":[\"Appuntamenti, Eventi\",\"Pausa Caff\u00e8\"],\"inLanguage\":\"fr-FR\"},{\"@type\":\"WebPage\",\"@id\":\"https:\\\/\\\/www.bellunopress.it\\\/2012\\\/11\\\/11\\\/movimento-5-stelle-giovedi-a-conegliano-conferenza-sulla-moneta-scec\\\/\",\"url\":\"https:\\\/\\\/www.bellunopress.it\\\/2012\\\/11\\\/11\\\/movimento-5-stelle-giovedi-a-conegliano-conferenza-sulla-moneta-scec\\\/\",\"name\":\"Movimento 5 Stelle. Gioved\u00ec a Conegliano conferenza sulla moneta Scec - Bellunopress - Dolomiti\",\"isPartOf\":{\"@id\":\"https:\\\/\\\/www.bellunopress.it\\\/#website\"},\"datePublished\":\"2012-11-11T10:50:57+00:00\",\"breadcrumb\":{\"@id\":\"https:\\\/\\\/www.bellunopress.it\\\/2012\\\/11\\\/11\\\/movimento-5-stelle-giovedi-a-conegliano-conferenza-sulla-moneta-scec\\\/#breadcrumb\"},\"inLanguage\":\"fr-FR\",\"potentialAction\":[{\"@type\":\"ReadAction\",\"target\":[\"https:\\\/\\\/www.bellunopress.it\\\/2012\\\/11\\\/11\\\/movimento-5-stelle-giovedi-a-conegliano-conferenza-sulla-moneta-scec\\\/\"]}]},{\"@type\":\"BreadcrumbList\",\"@id\":\"https:\\\/\\\/www.bellunopress.it\\\/2012\\\/11\\\/11\\\/movimento-5-stelle-giovedi-a-conegliano-conferenza-sulla-moneta-scec\\\/#breadcrumb\",\"itemListElement\":[{\"@type\":\"ListItem\",\"position\":1,\"name\":\"Home\",\"item\":\"https:\\\/\\\/www.bellunopress.it\\\/\"},{\"@type\":\"ListItem\",\"position\":2,\"name\":\"Movimento 5 Stelle. Gioved\u00ec a Conegliano conferenza sulla moneta Scec\"}]},{\"@type\":\"WebSite\",\"@id\":\"https:\\\/\\\/www.bellunopress.it\\\/#website\",\"url\":\"https:\\\/\\\/www.bellunopress.it\\\/\",\"name\":\"Bellunopress - Dolomiti\",\"description\":\"e-mail: redazione@bellunopress.it\",\"publisher\":{\"@id\":\"https:\\\/\\\/www.bellunopress.it\\\/#organization\"},\"potentialAction\":[{\"@type\":\"SearchAction\",\"target\":{\"@type\":\"EntryPoint\",\"urlTemplate\":\"https:\\\/\\\/www.bellunopress.it\\\/?s={search_term_string}\"},\"query-input\":{\"@type\":\"PropertyValueSpecification\",\"valueRequired\":true,\"valueName\":\"search_term_string\"}}],\"inLanguage\":\"fr-FR\"},{\"@type\":\"Organization\",\"@id\":\"https:\\\/\\\/www.bellunopress.it\\\/#organization\",\"name\":\"Bellunopress\",\"url\":\"https:\\\/\\\/www.bellunopress.it\\\/\",\"logo\":{\"@type\":\"ImageObject\",\"inLanguage\":\"fr-FR\",\"@id\":\"https:\\\/\\\/www.bellunopress.it\\\/#\\\/schema\\\/logo\\\/image\\\/\",\"url\":\"https:\\\/\\\/www.bellunopress.it\\\/wp-content\\\/uploads\\\/2011\\\/05\\\/cropped-logo-bellunopress-.jpg\",\"contentUrl\":\"https:\\\/\\\/www.bellunopress.it\\\/wp-content\\\/uploads\\\/2011\\\/05\\\/cropped-logo-bellunopress-.jpg\",\"width\":512,\"height\":512,\"caption\":\"Bellunopress\"},\"image\":{\"@id\":\"https:\\\/\\\/www.bellunopress.it\\\/#\\\/schema\\\/logo\\\/image\\\/\"},\"sameAs\":[\"https:\\\/\\\/www.facebook.com\\\/profile.php?id=100008943462799\",\"https:\\\/\\\/x.com\\\/bellunopress\",\"https:\\\/\\\/www.linkedin.com\\\/hp\\\/?dnr=JBzUWaJfMUw8vbXJJ2tVW5-I3jZKvC4wsoxE&amp;amp;amp;amp;amp;amp;trk=nav_responsive_tab_home\",\"https:\\\/\\\/www.youtube.com\\\/channel\\\/UCxL0wu1uN0_3_7hGG0306cw\"]},{\"@type\":\"Person\",\"@id\":\"https:\\\/\\\/www.bellunopress.it\\\/#\\\/schema\\\/person\\\/79bb06722b37ece1c03d3e94beb30d73\",\"name\":\"redazione\",\"image\":{\"@type\":\"ImageObject\",\"inLanguage\":\"fr-FR\",\"@id\":\"https:\\\/\\\/secure.gravatar.com\\\/avatar\\\/37d968a2e67a6fd04c169c4bdef102d0bc5d31b2546345219e348575eb80e9a0?s=96&d=mm&r=g\",\"url\":\"https:\\\/\\\/secure.gravatar.com\\\/avatar\\\/37d968a2e67a6fd04c169c4bdef102d0bc5d31b2546345219e348575eb80e9a0?s=96&d=mm&r=g\",\"contentUrl\":\"https:\\\/\\\/secure.gravatar.com\\\/avatar\\\/37d968a2e67a6fd04c169c4bdef102d0bc5d31b2546345219e348575eb80e9a0?s=96&d=mm&r=g\",\"caption\":\"redazione\"},\"sameAs\":[\"http:\\\/\\\/www.bellunopress.it\",\"https:\\\/\\\/x.com\\\/bellunopress\"],\"url\":\"https:\\\/\\\/www.bellunopress.it\\\/fr\\\/author\\\/redazione\\\/\"}]}<\/script>\n<!-- \/ Yoast SEO plugin. -->","yoast_head_json":{"title":"Movimento 5 Stelle. Gioved\u00ec a Conegliano conferenza sulla moneta Scec - Bellunopress - Dolomiti","robots":{"index":"index","follow":"follow","max-snippet":"max-snippet:-1","max-image-preview":"max-image-preview:large","max-video-preview":"max-video-preview:-1"},"canonical":"https:\/\/www.bellunopress.it\/fr\/2012\/11\/11\/movimento-5-stelle-giovedi-a-conegliano-conferenza-sulla-moneta-scec\/","og_locale":"fr_FR","og_type":"article","og_title":"Movimento 5 Stelle. Gioved\u00ec a Conegliano conferenza sulla moneta Scec - Bellunopress - Dolomiti","og_description":"Il gruppo consigliare del Movimento 5 Stelle di Conegliano (TV) organizza un incontro d&#8217;informazione sullo SCEC gioved\u00ec prossimo 15 novembre alle ore 20.45 presso il teatro Dina Orsi di Conegliano. Andrea Tronchin, presidente di Arcipelago SCEC Veneto, sar\u00e0 il relatore della serata durante la quale saranno illustrati a cittadini, esercenti, artigiani, imprenditori, professionisti, giornalisti e [&hellip;]","og_url":"https:\/\/www.bellunopress.it\/fr\/2012\/11\/11\/movimento-5-stelle-giovedi-a-conegliano-conferenza-sulla-moneta-scec\/","og_site_name":"Bellunopress - Dolomiti","article_publisher":"https:\/\/www.facebook.com\/profile.php?id=100008943462799","article_published_time":"2012-11-11T10:50:57+00:00","og_image":[{"url":"http:\/\/www.bellunopress.it\/wp-content\/uploads\/2012\/07\/logo-bellunopress-250x250-2012.jpg","type":"","width":"","height":""}],"author":"redazione","twitter_card":"summary_large_image","twitter_creator":"@bellunopress","twitter_site":"@bellunopress","twitter_misc":{"\u00c9crit par":"redazione","Dur\u00e9e de lecture estim\u00e9e":"1 minute"},"schema":{"@context":"https:\/\/schema.org","@graph":[{"@type":"Article","@id":"https:\/\/www.bellunopress.it\/2012\/11\/11\/movimento-5-stelle-giovedi-a-conegliano-conferenza-sulla-moneta-scec\/#article","isPartOf":{"@id":"https:\/\/www.bellunopress.it\/2012\/11\/11\/movimento-5-stelle-giovedi-a-conegliano-conferenza-sulla-moneta-scec\/"},"author":{"name":"redazione","@id":"https:\/\/www.bellunopress.it\/#\/schema\/person\/79bb06722b37ece1c03d3e94beb30d73"},"headline":"Movimento 5 Stelle. Gioved\u00ec a Conegliano conferenza sulla moneta Scec","datePublished":"2012-11-11T10:50:57+00:00","mainEntityOfPage":{"@id":"https:\/\/www.bellunopress.it\/2012\/11\/11\/movimento-5-stelle-giovedi-a-conegliano-conferenza-sulla-moneta-scec\/"},"wordCount":188,"publisher":{"@id":"https:\/\/www.bellunopress.it\/#organization"},"articleSection":["Appuntamenti, Eventi","Pausa Caff\u00e8"],"inLanguage":"fr-FR"},{"@type":"WebPage","@id":"https:\/\/www.bellunopress.it\/2012\/11\/11\/movimento-5-stelle-giovedi-a-conegliano-conferenza-sulla-moneta-scec\/","url":"https:\/\/www.bellunopress.it\/2012\/11\/11\/movimento-5-stelle-giovedi-a-conegliano-conferenza-sulla-moneta-scec\/","name":"Movimento 5 Stelle. Gioved\u00ec a Conegliano conferenza sulla moneta Scec - Bellunopress - Dolomiti","isPartOf":{"@id":"https:\/\/www.bellunopress.it\/#website"},"datePublished":"2012-11-11T10:50:57+00:00","breadcrumb":{"@id":"https:\/\/www.bellunopress.it\/2012\/11\/11\/movimento-5-stelle-giovedi-a-conegliano-conferenza-sulla-moneta-scec\/#breadcrumb"},"inLanguage":"fr-FR","potentialAction":[{"@type":"ReadAction","target":["https:\/\/www.bellunopress.it\/2012\/11\/11\/movimento-5-stelle-giovedi-a-conegliano-conferenza-sulla-moneta-scec\/"]}]},{"@type":"BreadcrumbList","@id":"https:\/\/www.bellunopress.it\/2012\/11\/11\/movimento-5-stelle-giovedi-a-conegliano-conferenza-sulla-moneta-scec\/#breadcrumb","itemListElement":[{"@type":"ListItem","position":1,"name":"Home","item":"https:\/\/www.bellunopress.it\/"},{"@type":"ListItem","position":2,"name":"Movimento 5 Stelle. Gioved\u00ec a Conegliano conferenza sulla moneta Scec"}]},{"@type":"WebSite","@id":"https:\/\/www.bellunopress.it\/#website","url":"https:\/\/www.bellunopress.it\/","name":"Bellunopress - Dolomiti","description":"e-mail: redazione@bellunopress.it","publisher":{"@id":"https:\/\/www.bellunopress.it\/#organization"},"potentialAction":[{"@type":"SearchAction","target":{"@type":"EntryPoint","urlTemplate":"https:\/\/www.bellunopress.it\/?s={search_term_string}"},"query-input":{"@type":"PropertyValueSpecification","valueRequired":true,"valueName":"search_term_string"}}],"inLanguage":"fr-FR"},{"@type":"Organization","@id":"https:\/\/www.bellunopress.it\/#organization","name":"Bellunopress","url":"https:\/\/www.bellunopress.it\/","logo":{"@type":"ImageObject","inLanguage":"fr-FR","@id":"https:\/\/www.bellunopress.it\/#\/schema\/logo\/image\/","url":"https:\/\/www.bellunopress.it\/wp-content\/uploads\/2011\/05\/cropped-logo-bellunopress-.jpg","contentUrl":"https:\/\/www.bellunopress.it\/wp-content\/uploads\/2011\/05\/cropped-logo-bellunopress-.jpg","width":512,"height":512,"caption":"Bellunopress"},"image":{"@id":"https:\/\/www.bellunopress.it\/#\/schema\/logo\/image\/"},"sameAs":["https:\/\/www.facebook.com\/profile.php?id=100008943462799","https:\/\/x.com\/bellunopress","https:\/\/www.linkedin.com\/hp\/?dnr=JBzUWaJfMUw8vbXJJ2tVW5-I3jZKvC4wsoxE&amp;amp;amp;amp;amp;amp;trk=nav_responsive_tab_home","https:\/\/www.youtube.com\/channel\/UCxL0wu1uN0_3_7hGG0306cw"]},{"@type":"Person","@id":"https:\/\/www.bellunopress.it\/#\/schema\/person\/79bb06722b37ece1c03d3e94beb30d73","name":"r\u00e9daction","image":{"@type":"ImageObject","inLanguage":"fr-FR","@id":"https:\/\/secure.gravatar.com\/avatar\/37d968a2e67a6fd04c169c4bdef102d0bc5d31b2546345219e348575eb80e9a0?s=96&d=mm&r=g","url":"https:\/\/secure.gravatar.com\/avatar\/37d968a2e67a6fd04c169c4bdef102d0bc5d31b2546345219e348575eb80e9a0?s=96&d=mm&r=g","contentUrl":"https:\/\/secure.gravatar.com\/avatar\/37d968a2e67a6fd04c169c4bdef102d0bc5d31b2546345219e348575eb80e9a0?s=96&d=mm&r=g","caption":"redazione"},"sameAs":["http:\/\/www.bellunopress.it","https:\/\/x.com\/bellunopress"],"url":"https:\/\/www.bellunopress.it\/fr\/author\/redazione\/"}]}},"_links":{"self":[{"href":"https:\/\/www.bellunopress.it\/fr\/wp-json\/wp\/v2\/posts\/43778","targetHints":{"allow":["GET"]}}],"collection":[{"href":"https:\/\/www.bellunopress.it\/fr\/wp-json\/wp\/v2\/posts"}],"about":[{"href":"https:\/\/www.bellunopress.it\/fr\/wp-json\/wp\/v2\/types\/post"}],"author":[{"embeddable":true,"href":"https:\/\/www.bellunopress.it\/fr\/wp-json\/wp\/v2\/users\/2"}],"replies":[{"embeddable":true,"href":"https:\/\/www.bellunopress.it\/fr\/wp-json\/wp\/v2\/comments?post=43778"}],"version-history":[{"count":1,"href":"https:\/\/www.bellunopress.it\/fr\/wp-json\/wp\/v2\/posts\/43778\/revisions"}],"predecessor-version":[{"id":43779,"href":"https:\/\/www.bellunopress.it\/fr\/wp-json\/wp\/v2\/posts\/43778\/revisions\/43779"}],"wp:attachment":[{"href":"https:\/\/www.bellunopress.it\/fr\/wp-json\/wp\/v2\/media?parent=43778"}],"wp:term":[{"taxonomy":"category","embeddable":true,"href":"https:\/\/www.bellunopress.it\/fr\/wp-json\/wp\/v2\/categories?post=43778"},{"taxonomy":"post_tag","embeddable":true,"href":"https:\/\/www.bellunopress.it\/fr\/wp-json\/wp\/v2\/tags?post=43778"}],"curies":[{"name":"wp","href":"https:\/\/api.w.org\/{rel}","templated":true}]}}