{"id":43771,"date":"2012-11-11T10:55:31","date_gmt":"2012-11-11T09:55:31","guid":{"rendered":"http:\/\/www.bellunopress.it\/?p=43771"},"modified":"2012-11-11T10:55:31","modified_gmt":"2012-11-11T09:55:31","slug":"osservare-le-cose-da-unaltra-prospettiva-le-riprese-di-mele-a-mel-con-il-drone-di-apv-service","status":"publish","type":"post","link":"https:\/\/www.bellunopress.it\/fr\/2012\/11\/11\/osservare-le-cose-da-unaltra-prospettiva-le-riprese-di-mele-a-mel-con-il-drone-di-apv-service\/","title":{"rendered":"Osservare le cose da un&#8217;altra prospettiva: le riprese di Mele a Mel con il drone di APV Service"},"content":{"rendered":"<p><a href=\"http:\/\/www.bellunopress.it\/wp-content\/uploads\/2012\/05\/APV-banner.jpg\"><img loading=\"lazy\" decoding=\"async\" class=\"alignleft size-full wp-image-38509\" title=\"APV banner\" src=\"http:\/\/www.bellunopress.it\/wp-content\/uploads\/2012\/05\/APV-banner.jpg\" alt=\"\" width=\"262\" height=\"131\" \/><\/a>Manifestazioni, monitoraggio del territorio, verifiche in luoghi inaccessibili e manufatti pericolanti. Oggi \u00e8 possibile grazie ai droni realizzati dalla <a href=\"http:\/\/www.apvservices.it\/en\/ \">APV Services di Ponte nelle Alpi<\/a>. Immagini e filmati in alta risoluzione catturati da elicotteri Uav dell\u2019ultima generazione. Quattro motori a decollo verticale, con autonomia di volo fino a 30 minuti, e controllo Gps.<\/p>\n<p>Ecco il video realizzato lo scorso mese a <a href=\"http:\/\/www.youtube.com\/watch?v=QFcG3ZmCyYM&amp;feature=g-user-u  \">&#8220;Mele a Mel&#8221;<\/a><\/p>\n<p>Non \u00e8 tutto. APV Service commercializza direttamente droni ed elicotteri con pacchetti chiavi in mano comprensivi di corso di formazione per il corretto utilizzo delle apparecchiature.<\/p>\n<p>Il cliente \u00e8 seguito dall\u2019inizio alla fine, dalla pre alla post produzione dei video o delle foto, con l\u2019assistenza di professionisti. Le migliori tecnologie disponibili sul mercato, con possibilit\u00e0 di progettazione di macchine specifiche, in collaborazione diretta di ingegneri e progettisti software specializzati nel settore.<\/p>\n<p>I migliori sistemi di volo, i pi\u00f9 avanzati stabilizzatori per fotocamere e videocamere, ad un prezzo accessibile. L\u2019APV Service dispone di un team di esperti nel settore elettronico, informatico e grafico e professionisti specializzati nel pilotaggio da ripresa, in grado di intervenire celermente e a costi accessibili su tutto il territorio nazionale.<\/p>\n<p>&nbsp;<\/p>","protected":false},"excerpt":{"rendered":"<p>Manifestazioni, monitoraggio del territorio, verifiche in luoghi inaccessibili e manufatti pericolanti. Oggi \u00e8 possibile grazie ai droni realizzati dalla APV Services di Ponte nelle Alpi. Immagini e filmati in alta risoluzione catturati da elicotteri Uav dell\u2019ultima generazione. Quattro motori a decollo verticale, con autonomia di volo fino a 30 minuti, e controllo Gps. Ecco il [&hellip;]<\/p>\n","protected":false},"author":2,"featured_media":0,"comment_status":"closed","ping_status":"open","sticky":false,"template":"","format":"standard","meta":{"footnotes":""},"categories":[26,50],"tags":[],"class_list":["post-43771","post","type-post","status-publish","format-standard","category-prima-pagina","category-pubbliredazionali"],"yoast_head":"<!-- This site is optimized with the Yoast SEO plugin v28.4 - https:\/\/yoast.com\/product\/yoast-seo-wordpress\/ -->\n<title>Osservare le cose da un&#039;altra prospettiva: le riprese di Mele a Mel con il drone di APV Service - Bellunopress - Dolomiti<\/title>\n<meta name=\"robots\" content=\"index, follow, max-snippet:-1, max-image-preview:large, max-video-preview:-1\" \/>\n<link rel=\"canonical\" href=\"https:\/\/www.bellunopress.it\/fr\/2012\/11\/11\/osservare-le-cose-da-unaltra-prospettiva-le-riprese-di-mele-a-mel-con-il-drone-di-apv-service\/\" \/>\n<meta property=\"og:locale\" content=\"fr_FR\" \/>\n<meta property=\"og:type\" content=\"article\" \/>\n<meta property=\"og:title\" content=\"Osservare le cose da un&#039;altra prospettiva: le riprese di Mele a Mel con il drone di APV Service - Bellunopress - Dolomiti\" \/>\n<meta property=\"og:description\" content=\"Manifestazioni, monitoraggio del territorio, verifiche in luoghi inaccessibili e manufatti pericolanti. Oggi \u00e8 possibile grazie ai droni realizzati dalla APV Services di Ponte nelle Alpi. Immagini e filmati in alta risoluzione catturati da elicotteri Uav dell\u2019ultima generazione. Quattro motori a decollo verticale, con autonomia di volo fino a 30 minuti, e controllo Gps. Ecco il [&hellip;]\" \/>\n<meta property=\"og:url\" content=\"https:\/\/www.bellunopress.it\/fr\/2012\/11\/11\/osservare-le-cose-da-unaltra-prospettiva-le-riprese-di-mele-a-mel-con-il-drone-di-apv-service\/\" \/>\n<meta property=\"og:site_name\" content=\"Bellunopress - Dolomiti\" \/>\n<meta property=\"article:publisher\" content=\"https:\/\/www.facebook.com\/profile.php?id=100008943462799\" \/>\n<meta property=\"article:published_time\" content=\"2012-11-11T09:55:31+00:00\" \/>\n<meta property=\"og:image\" content=\"http:\/\/www.bellunopress.it\/wp-content\/uploads\/2012\/05\/APV-banner.jpg\" \/>\n<meta name=\"author\" content=\"redazione\" \/>\n<meta name=\"twitter:card\" content=\"summary_large_image\" \/>\n<meta name=\"twitter:creator\" content=\"@bellunopress\" \/>\n<meta name=\"twitter:site\" content=\"@bellunopress\" \/>\n<meta name=\"twitter:label1\" content=\"\u00c9crit par\" \/>\n\t<meta name=\"twitter:data1\" content=\"redazione\" \/>\n\t<meta name=\"twitter:label2\" content=\"Dur\u00e9e de lecture estim\u00e9e\" \/>\n\t<meta name=\"twitter:data2\" content=\"1 minute\" \/>\n<script type=\"application\/ld+json\" class=\"yoast-schema-graph\">{\"@context\":\"https:\\\/\\\/schema.org\",\"@graph\":[{\"@type\":\"Article\",\"@id\":\"https:\\\/\\\/www.bellunopress.it\\\/2012\\\/11\\\/11\\\/osservare-le-cose-da-unaltra-prospettiva-le-riprese-di-mele-a-mel-con-il-drone-di-apv-service\\\/#article\",\"isPartOf\":{\"@id\":\"https:\\\/\\\/www.bellunopress.it\\\/2012\\\/11\\\/11\\\/osservare-le-cose-da-unaltra-prospettiva-le-riprese-di-mele-a-mel-con-il-drone-di-apv-service\\\/\"},\"author\":{\"name\":\"redazione\",\"@id\":\"https:\\\/\\\/www.bellunopress.it\\\/#\\\/schema\\\/person\\\/79bb06722b37ece1c03d3e94beb30d73\"},\"headline\":\"Osservare le cose da un&#8217;altra prospettiva: le riprese di Mele a Mel con il drone di APV Service\",\"datePublished\":\"2012-11-11T09:55:31+00:00\",\"mainEntityOfPage\":{\"@id\":\"https:\\\/\\\/www.bellunopress.it\\\/2012\\\/11\\\/11\\\/osservare-le-cose-da-unaltra-prospettiva-le-riprese-di-mele-a-mel-con-il-drone-di-apv-service\\\/\"},\"wordCount\":207,\"publisher\":{\"@id\":\"https:\\\/\\\/www.bellunopress.it\\\/#organization\"},\"image\":{\"@id\":\"https:\\\/\\\/www.bellunopress.it\\\/2012\\\/11\\\/11\\\/osservare-le-cose-da-unaltra-prospettiva-le-riprese-di-mele-a-mel-con-il-drone-di-apv-service\\\/#primaryimage\"},\"thumbnailUrl\":\"http:\\\/\\\/www.bellunopress.it\\\/wp-content\\\/uploads\\\/2012\\\/05\\\/APV-banner.jpg\",\"articleSection\":[\"Prima Pagina\",\"Pubbliredazionali\"],\"inLanguage\":\"fr-FR\"},{\"@type\":\"WebPage\",\"@id\":\"https:\\\/\\\/www.bellunopress.it\\\/2012\\\/11\\\/11\\\/osservare-le-cose-da-unaltra-prospettiva-le-riprese-di-mele-a-mel-con-il-drone-di-apv-service\\\/\",\"url\":\"https:\\\/\\\/www.bellunopress.it\\\/2012\\\/11\\\/11\\\/osservare-le-cose-da-unaltra-prospettiva-le-riprese-di-mele-a-mel-con-il-drone-di-apv-service\\\/\",\"name\":\"Osservare le cose da un'altra prospettiva: le riprese di Mele a Mel con il drone di APV Service - Bellunopress - Dolomiti\",\"isPartOf\":{\"@id\":\"https:\\\/\\\/www.bellunopress.it\\\/#website\"},\"primaryImageOfPage\":{\"@id\":\"https:\\\/\\\/www.bellunopress.it\\\/2012\\\/11\\\/11\\\/osservare-le-cose-da-unaltra-prospettiva-le-riprese-di-mele-a-mel-con-il-drone-di-apv-service\\\/#primaryimage\"},\"image\":{\"@id\":\"https:\\\/\\\/www.bellunopress.it\\\/2012\\\/11\\\/11\\\/osservare-le-cose-da-unaltra-prospettiva-le-riprese-di-mele-a-mel-con-il-drone-di-apv-service\\\/#primaryimage\"},\"thumbnailUrl\":\"http:\\\/\\\/www.bellunopress.it\\\/wp-content\\\/uploads\\\/2012\\\/05\\\/APV-banner.jpg\",\"datePublished\":\"2012-11-11T09:55:31+00:00\",\"breadcrumb\":{\"@id\":\"https:\\\/\\\/www.bellunopress.it\\\/2012\\\/11\\\/11\\\/osservare-le-cose-da-unaltra-prospettiva-le-riprese-di-mele-a-mel-con-il-drone-di-apv-service\\\/#breadcrumb\"},\"inLanguage\":\"fr-FR\",\"potentialAction\":[{\"@type\":\"ReadAction\",\"target\":[\"https:\\\/\\\/www.bellunopress.it\\\/2012\\\/11\\\/11\\\/osservare-le-cose-da-unaltra-prospettiva-le-riprese-di-mele-a-mel-con-il-drone-di-apv-service\\\/\"]}]},{\"@type\":\"ImageObject\",\"inLanguage\":\"fr-FR\",\"@id\":\"https:\\\/\\\/www.bellunopress.it\\\/2012\\\/11\\\/11\\\/osservare-le-cose-da-unaltra-prospettiva-le-riprese-di-mele-a-mel-con-il-drone-di-apv-service\\\/#primaryimage\",\"url\":\"http:\\\/\\\/www.bellunopress.it\\\/wp-content\\\/uploads\\\/2012\\\/05\\\/APV-banner.jpg\",\"contentUrl\":\"http:\\\/\\\/www.bellunopress.it\\\/wp-content\\\/uploads\\\/2012\\\/05\\\/APV-banner.jpg\"},{\"@type\":\"BreadcrumbList\",\"@id\":\"https:\\\/\\\/www.bellunopress.it\\\/2012\\\/11\\\/11\\\/osservare-le-cose-da-unaltra-prospettiva-le-riprese-di-mele-a-mel-con-il-drone-di-apv-service\\\/#breadcrumb\",\"itemListElement\":[{\"@type\":\"ListItem\",\"position\":1,\"name\":\"Home\",\"item\":\"https:\\\/\\\/www.bellunopress.it\\\/\"},{\"@type\":\"ListItem\",\"position\":2,\"name\":\"Osservare le cose da un&#8217;altra prospettiva: le riprese di Mele a Mel con il drone di APV Service\"}]},{\"@type\":\"WebSite\",\"@id\":\"https:\\\/\\\/www.bellunopress.it\\\/#website\",\"url\":\"https:\\\/\\\/www.bellunopress.it\\\/\",\"name\":\"Bellunopress - Dolomiti\",\"description\":\"e-mail: redazione@bellunopress.it\",\"publisher\":{\"@id\":\"https:\\\/\\\/www.bellunopress.it\\\/#organization\"},\"potentialAction\":[{\"@type\":\"SearchAction\",\"target\":{\"@type\":\"EntryPoint\",\"urlTemplate\":\"https:\\\/\\\/www.bellunopress.it\\\/?s={search_term_string}\"},\"query-input\":{\"@type\":\"PropertyValueSpecification\",\"valueRequired\":true,\"valueName\":\"search_term_string\"}}],\"inLanguage\":\"fr-FR\"},{\"@type\":\"Organization\",\"@id\":\"https:\\\/\\\/www.bellunopress.it\\\/#organization\",\"name\":\"Bellunopress\",\"url\":\"https:\\\/\\\/www.bellunopress.it\\\/\",\"logo\":{\"@type\":\"ImageObject\",\"inLanguage\":\"fr-FR\",\"@id\":\"https:\\\/\\\/www.bellunopress.it\\\/#\\\/schema\\\/logo\\\/image\\\/\",\"url\":\"https:\\\/\\\/www.bellunopress.it\\\/wp-content\\\/uploads\\\/2011\\\/05\\\/cropped-logo-bellunopress-.jpg\",\"contentUrl\":\"https:\\\/\\\/www.bellunopress.it\\\/wp-content\\\/uploads\\\/2011\\\/05\\\/cropped-logo-bellunopress-.jpg\",\"width\":512,\"height\":512,\"caption\":\"Bellunopress\"},\"image\":{\"@id\":\"https:\\\/\\\/www.bellunopress.it\\\/#\\\/schema\\\/logo\\\/image\\\/\"},\"sameAs\":[\"https:\\\/\\\/www.facebook.com\\\/profile.php?id=100008943462799\",\"https:\\\/\\\/x.com\\\/bellunopress\",\"https:\\\/\\\/www.linkedin.com\\\/hp\\\/?dnr=JBzUWaJfMUw8vbXJJ2tVW5-I3jZKvC4wsoxE&amp;amp;amp;amp;amp;amp;trk=nav_responsive_tab_home\",\"https:\\\/\\\/www.youtube.com\\\/channel\\\/UCxL0wu1uN0_3_7hGG0306cw\"]},{\"@type\":\"Person\",\"@id\":\"https:\\\/\\\/www.bellunopress.it\\\/#\\\/schema\\\/person\\\/79bb06722b37ece1c03d3e94beb30d73\",\"name\":\"redazione\",\"image\":{\"@type\":\"ImageObject\",\"inLanguage\":\"fr-FR\",\"@id\":\"https:\\\/\\\/secure.gravatar.com\\\/avatar\\\/37d968a2e67a6fd04c169c4bdef102d0bc5d31b2546345219e348575eb80e9a0?s=96&d=mm&r=g\",\"url\":\"https:\\\/\\\/secure.gravatar.com\\\/avatar\\\/37d968a2e67a6fd04c169c4bdef102d0bc5d31b2546345219e348575eb80e9a0?s=96&d=mm&r=g\",\"contentUrl\":\"https:\\\/\\\/secure.gravatar.com\\\/avatar\\\/37d968a2e67a6fd04c169c4bdef102d0bc5d31b2546345219e348575eb80e9a0?s=96&d=mm&r=g\",\"caption\":\"redazione\"},\"sameAs\":[\"http:\\\/\\\/www.bellunopress.it\",\"https:\\\/\\\/x.com\\\/bellunopress\"],\"url\":\"https:\\\/\\\/www.bellunopress.it\\\/fr\\\/author\\\/redazione\\\/\"}]}<\/script>\n<!-- \/ Yoast SEO plugin. -->","yoast_head_json":{"title":"Osservare le cose da un'altra prospettiva: le riprese di Mele a Mel con il drone di APV Service - Bellunopress - Dolomiti","robots":{"index":"index","follow":"follow","max-snippet":"max-snippet:-1","max-image-preview":"max-image-preview:large","max-video-preview":"max-video-preview:-1"},"canonical":"https:\/\/www.bellunopress.it\/fr\/2012\/11\/11\/osservare-le-cose-da-unaltra-prospettiva-le-riprese-di-mele-a-mel-con-il-drone-di-apv-service\/","og_locale":"fr_FR","og_type":"article","og_title":"Osservare le cose da un'altra prospettiva: le riprese di Mele a Mel con il drone di APV Service - Bellunopress - Dolomiti","og_description":"Manifestazioni, monitoraggio del territorio, verifiche in luoghi inaccessibili e manufatti pericolanti. Oggi \u00e8 possibile grazie ai droni realizzati dalla APV Services di Ponte nelle Alpi. Immagini e filmati in alta risoluzione catturati da elicotteri Uav dell\u2019ultima generazione. Quattro motori a decollo verticale, con autonomia di volo fino a 30 minuti, e controllo Gps. Ecco il [&hellip;]","og_url":"https:\/\/www.bellunopress.it\/fr\/2012\/11\/11\/osservare-le-cose-da-unaltra-prospettiva-le-riprese-di-mele-a-mel-con-il-drone-di-apv-service\/","og_site_name":"Bellunopress - Dolomiti","article_publisher":"https:\/\/www.facebook.com\/profile.php?id=100008943462799","article_published_time":"2012-11-11T09:55:31+00:00","og_image":[{"url":"http:\/\/www.bellunopress.it\/wp-content\/uploads\/2012\/05\/APV-banner.jpg","type":"","width":"","height":""}],"author":"redazione","twitter_card":"summary_large_image","twitter_creator":"@bellunopress","twitter_site":"@bellunopress","twitter_misc":{"\u00c9crit par":"redazione","Dur\u00e9e de lecture estim\u00e9e":"1 minute"},"schema":{"@context":"https:\/\/schema.org","@graph":[{"@type":"Article","@id":"https:\/\/www.bellunopress.it\/2012\/11\/11\/osservare-le-cose-da-unaltra-prospettiva-le-riprese-di-mele-a-mel-con-il-drone-di-apv-service\/#article","isPartOf":{"@id":"https:\/\/www.bellunopress.it\/2012\/11\/11\/osservare-le-cose-da-unaltra-prospettiva-le-riprese-di-mele-a-mel-con-il-drone-di-apv-service\/"},"author":{"name":"redazione","@id":"https:\/\/www.bellunopress.it\/#\/schema\/person\/79bb06722b37ece1c03d3e94beb30d73"},"headline":"Osservare le cose da un&#8217;altra prospettiva: le riprese di Mele a Mel con il drone di APV Service","datePublished":"2012-11-11T09:55:31+00:00","mainEntityOfPage":{"@id":"https:\/\/www.bellunopress.it\/2012\/11\/11\/osservare-le-cose-da-unaltra-prospettiva-le-riprese-di-mele-a-mel-con-il-drone-di-apv-service\/"},"wordCount":207,"publisher":{"@id":"https:\/\/www.bellunopress.it\/#organization"},"image":{"@id":"https:\/\/www.bellunopress.it\/2012\/11\/11\/osservare-le-cose-da-unaltra-prospettiva-le-riprese-di-mele-a-mel-con-il-drone-di-apv-service\/#primaryimage"},"thumbnailUrl":"http:\/\/www.bellunopress.it\/wp-content\/uploads\/2012\/05\/APV-banner.jpg","articleSection":["Prima Pagina","Pubbliredazionali"],"inLanguage":"fr-FR"},{"@type":"WebPage","@id":"https:\/\/www.bellunopress.it\/2012\/11\/11\/osservare-le-cose-da-unaltra-prospettiva-le-riprese-di-mele-a-mel-con-il-drone-di-apv-service\/","url":"https:\/\/www.bellunopress.it\/2012\/11\/11\/osservare-le-cose-da-unaltra-prospettiva-le-riprese-di-mele-a-mel-con-il-drone-di-apv-service\/","name":"Osservare le cose da un'altra prospettiva: le riprese di Mele a Mel con il drone di APV Service - Bellunopress - Dolomiti","isPartOf":{"@id":"https:\/\/www.bellunopress.it\/#website"},"primaryImageOfPage":{"@id":"https:\/\/www.bellunopress.it\/2012\/11\/11\/osservare-le-cose-da-unaltra-prospettiva-le-riprese-di-mele-a-mel-con-il-drone-di-apv-service\/#primaryimage"},"image":{"@id":"https:\/\/www.bellunopress.it\/2012\/11\/11\/osservare-le-cose-da-unaltra-prospettiva-le-riprese-di-mele-a-mel-con-il-drone-di-apv-service\/#primaryimage"},"thumbnailUrl":"http:\/\/www.bellunopress.it\/wp-content\/uploads\/2012\/05\/APV-banner.jpg","datePublished":"2012-11-11T09:55:31+00:00","breadcrumb":{"@id":"https:\/\/www.bellunopress.it\/2012\/11\/11\/osservare-le-cose-da-unaltra-prospettiva-le-riprese-di-mele-a-mel-con-il-drone-di-apv-service\/#breadcrumb"},"inLanguage":"fr-FR","potentialAction":[{"@type":"ReadAction","target":["https:\/\/www.bellunopress.it\/2012\/11\/11\/osservare-le-cose-da-unaltra-prospettiva-le-riprese-di-mele-a-mel-con-il-drone-di-apv-service\/"]}]},{"@type":"ImageObject","inLanguage":"fr-FR","@id":"https:\/\/www.bellunopress.it\/2012\/11\/11\/osservare-le-cose-da-unaltra-prospettiva-le-riprese-di-mele-a-mel-con-il-drone-di-apv-service\/#primaryimage","url":"http:\/\/www.bellunopress.it\/wp-content\/uploads\/2012\/05\/APV-banner.jpg","contentUrl":"http:\/\/www.bellunopress.it\/wp-content\/uploads\/2012\/05\/APV-banner.jpg"},{"@type":"BreadcrumbList","@id":"https:\/\/www.bellunopress.it\/2012\/11\/11\/osservare-le-cose-da-unaltra-prospettiva-le-riprese-di-mele-a-mel-con-il-drone-di-apv-service\/#breadcrumb","itemListElement":[{"@type":"ListItem","position":1,"name":"Home","item":"https:\/\/www.bellunopress.it\/"},{"@type":"ListItem","position":2,"name":"Osservare le cose da un&#8217;altra prospettiva: le riprese di Mele a Mel con il drone di APV Service"}]},{"@type":"WebSite","@id":"https:\/\/www.bellunopress.it\/#website","url":"https:\/\/www.bellunopress.it\/","name":"Bellunopress - Dolomiti","description":"e-mail: redazione@bellunopress.it","publisher":{"@id":"https:\/\/www.bellunopress.it\/#organization"},"potentialAction":[{"@type":"SearchAction","target":{"@type":"EntryPoint","urlTemplate":"https:\/\/www.bellunopress.it\/?s={search_term_string}"},"query-input":{"@type":"PropertyValueSpecification","valueRequired":true,"valueName":"search_term_string"}}],"inLanguage":"fr-FR"},{"@type":"Organization","@id":"https:\/\/www.bellunopress.it\/#organization","name":"Bellunopress","url":"https:\/\/www.bellunopress.it\/","logo":{"@type":"ImageObject","inLanguage":"fr-FR","@id":"https:\/\/www.bellunopress.it\/#\/schema\/logo\/image\/","url":"https:\/\/www.bellunopress.it\/wp-content\/uploads\/2011\/05\/cropped-logo-bellunopress-.jpg","contentUrl":"https:\/\/www.bellunopress.it\/wp-content\/uploads\/2011\/05\/cropped-logo-bellunopress-.jpg","width":512,"height":512,"caption":"Bellunopress"},"image":{"@id":"https:\/\/www.bellunopress.it\/#\/schema\/logo\/image\/"},"sameAs":["https:\/\/www.facebook.com\/profile.php?id=100008943462799","https:\/\/x.com\/bellunopress","https:\/\/www.linkedin.com\/hp\/?dnr=JBzUWaJfMUw8vbXJJ2tVW5-I3jZKvC4wsoxE&amp;amp;amp;amp;amp;amp;trk=nav_responsive_tab_home","https:\/\/www.youtube.com\/channel\/UCxL0wu1uN0_3_7hGG0306cw"]},{"@type":"Person","@id":"https:\/\/www.bellunopress.it\/#\/schema\/person\/79bb06722b37ece1c03d3e94beb30d73","name":"r\u00e9daction","image":{"@type":"ImageObject","inLanguage":"fr-FR","@id":"https:\/\/secure.gravatar.com\/avatar\/37d968a2e67a6fd04c169c4bdef102d0bc5d31b2546345219e348575eb80e9a0?s=96&d=mm&r=g","url":"https:\/\/secure.gravatar.com\/avatar\/37d968a2e67a6fd04c169c4bdef102d0bc5d31b2546345219e348575eb80e9a0?s=96&d=mm&r=g","contentUrl":"https:\/\/secure.gravatar.com\/avatar\/37d968a2e67a6fd04c169c4bdef102d0bc5d31b2546345219e348575eb80e9a0?s=96&d=mm&r=g","caption":"redazione"},"sameAs":["http:\/\/www.bellunopress.it","https:\/\/x.com\/bellunopress"],"url":"https:\/\/www.bellunopress.it\/fr\/author\/redazione\/"}]}},"_links":{"self":[{"href":"https:\/\/www.bellunopress.it\/fr\/wp-json\/wp\/v2\/posts\/43771","targetHints":{"allow":["GET"]}}],"collection":[{"href":"https:\/\/www.bellunopress.it\/fr\/wp-json\/wp\/v2\/posts"}],"about":[{"href":"https:\/\/www.bellunopress.it\/fr\/wp-json\/wp\/v2\/types\/post"}],"author":[{"embeddable":true,"href":"https:\/\/www.bellunopress.it\/fr\/wp-json\/wp\/v2\/users\/2"}],"replies":[{"embeddable":true,"href":"https:\/\/www.bellunopress.it\/fr\/wp-json\/wp\/v2\/comments?post=43771"}],"version-history":[{"count":1,"href":"https:\/\/www.bellunopress.it\/fr\/wp-json\/wp\/v2\/posts\/43771\/revisions"}],"predecessor-version":[{"id":43773,"href":"https:\/\/www.bellunopress.it\/fr\/wp-json\/wp\/v2\/posts\/43771\/revisions\/43773"}],"wp:attachment":[{"href":"https:\/\/www.bellunopress.it\/fr\/wp-json\/wp\/v2\/media?parent=43771"}],"wp:term":[{"taxonomy":"category","embeddable":true,"href":"https:\/\/www.bellunopress.it\/fr\/wp-json\/wp\/v2\/categories?post=43771"},{"taxonomy":"post_tag","embeddable":true,"href":"https:\/\/www.bellunopress.it\/fr\/wp-json\/wp\/v2\/tags?post=43771"}],"curies":[{"name":"wp","href":"https:\/\/api.w.org\/{rel}","templated":true}]}}